{"id":238210,"date":"2025-03-10T22:55:00","date_gmt":"2025-03-11T01:55:00","guid":{"rendered":"https:\/\/www.gaveanews.com\/?p=238210"},"modified":"2025-03-10T20:01:55","modified_gmt":"2025-03-10T23:01:55","slug":"corinthians-a-declaracao-de-gustavo-henrique-direcionada-a-memphis-depay","status":"publish","type":"post","link":"https:\/\/www.gaveanews.com\/index.php\/2025\/03\/10\/corinthians-a-declaracao-de-gustavo-henrique-direcionada-a-memphis-depay\/","title":{"rendered":"Corinthians: a declara\u00e7\u00e3o de Gustavo Henrique direcionada a Memphis Depay"},"content":{"rendered":"\n<p>O Corinthians viveu momentos de tens\u00e3o no intervalo da derrota por 3 a 0 para o Barcelona de Guayaquil, pela terceira fase preliminar da Libertadores. Durante a pausa, o zagueiro Gustavo Henrique e o atacante Memphis Depay protagonizaram uma discuss\u00e3o acalorada no vesti\u00e1rio. No entanto, tanto os jogadores quanto a comiss\u00e3o t\u00e9cnica minimizaram o ocorrido, tratando-o como uma situa\u00e7\u00e3o natural dentro do futebol.<\/p>\n\n\n\n<p>Gustavo Henrique confirmou o desentendimento e explicou que a conversa foi motivada pelo desejo de melhorar o desempenho da equipe, que n\u00e3o havia feito um bom primeiro tempo. &#8220;Discuss\u00e3o normal de dois caras que queriam resolver a quest\u00e3o. A gente n\u00e3o vinha fazendo um bom primeiro tempo, na verdade foi no intervalo, come\u00e7amos a discutir, coisa normal de um time que quer melhorar&#8221;, afirmou o defensor. Ele tamb\u00e9m negou qualquer agress\u00e3o f\u00edsica e garantiu que tudo foi resolvido antes do retorno ao gramado.<\/p>\n\n\n\n<p>O auxiliar t\u00e9cnico Emiliano D\u00edaz refor\u00e7ou essa vis\u00e3o, destacando que brigas como essa s\u00e3o comuns e at\u00e9 ben\u00e9ficas para a equipe. &#8220;Sobre a briga, \u00e9 normal, eu gosto que aconte\u00e7a. Brigo todos os dias com o Ram\u00f3n (D\u00edaz). S\u00e3o coisas do futebol&#8221;, comentou. O t\u00e9cnico Ram\u00f3n D\u00edaz, por sua vez, tamb\u00e9m viu a situa\u00e7\u00e3o com bons olhos, interpretando como um sinal de comprometimento dos jogadores com o time.<\/p>\n\n\n\n<p>Outros atletas do elenco tamb\u00e9m se manifestaram sobre o epis\u00f3dio. Rodrigo Garro afirmou que desentendimentos s\u00e3o naturais quando se perde um jogo de forma contundente. &#8220;Quando acontece de perder da forma que perdemos, todo mundo com a cabe\u00e7a quente diz coisas. Mas o grupo \u00e9 incr\u00edvel e essa briga ajuda, \u00e9 a base de n\u00f3s todos, lutar pelo que queremos&#8221;, disse o meio-campista argentino. J\u00e1 o goleiro Hugo Souza garantiu que n\u00e3o houve qualquer agress\u00e3o entre os envolvidos. &#8220;A gente discute sempre, isso n\u00e3o faz a gente deixar de estar unido. Eu brigo com minha m\u00e3e e minha irm\u00e3, n\u00e3o vou brigar com meus companheiros de clube?&#8221;, argumentou.<\/p>\n\n\n\n<p>O Corinthians agora volta suas aten\u00e7\u00f5es para o jogo de volta contra o Barcelona de Guayaquil, que acontece nesta quarta-feira (12), \u00e0s 21h30 (hor\u00e1rio de Bras\u00edlia), na Neo Qu\u00edmica Arena. O time precisa vencer por pelo menos tr\u00eas gols de diferen\u00e7a para levar a decis\u00e3o para os p\u00eanaltis. Al\u00e9m disso, a equipe tamb\u00e9m aguarda a defini\u00e7\u00e3o de seu advers\u00e1rio na final do Campeonato Paulista.<\/p>\n\n\n\n<p>Mesmo com as negativas do elenco, a discuss\u00e3o entre Gustavo Henrique e Memphis gerou repercuss\u00e3o entre torcedores e na imprensa esportiva. Alguns boatos sugeriram que a situa\u00e7\u00e3o teria sido mais grave do que realmente foi, algo negado pelos pr\u00f3prios jogadores. Com o elenco focado em seus pr\u00f3ximos desafios, a diretoria do clube espera que o epis\u00f3dio fique no passado e que o time consiga dar uma resposta positiva dentro de campo.<\/p>\n","protected":false},"excerpt":{"rendered":"<p>O Corinthians viveu momentos de tens\u00e3o no intervalo da derrota por 3 a 0 para o Barcelona de Guayaquil, pela terceira fase preliminar da Libertadores. Durante a pausa, o zagueiro Gustavo Henrique e o atacante Memphis Depay protagonizaram uma discuss\u00e3o acalorada no vesti\u00e1rio. No entanto, tanto os jogadores quanto a comiss\u00e3o t\u00e9cnica minimizaram o ocorrido, [&hellip;]<\/p>\n","protected":false},"author":18,"featured_media":150214,"comment_status":"open","ping_status":"closed","sticky":false,"template":"","format":"standard","meta":{"footnotes":""},"categories":[141],"tags":[],"class_list":["post-238210","post","type-post","status-publish","format-standard","has-post-thumbnail","hentry","category-corinthians"],"yoast_head":"<!-- This site is optimized with the Yoast SEO Premium plugin v24.2 (Yoast SEO v26.9) - https:\/\/yoast.com\/product\/yoast-seo-premium-wordpress\/ -->\n<title>Corinthians: a declara\u00e7\u00e3o de Gustavo Henrique direcionada a Memphis Depay<\/title>\n<meta name=\"robots\" content=\"index, follow, max-snippet:-1, max-image-preview:large, max-video-preview:-1\" \/>\n<link rel=\"canonical\" href=\"https:\/\/www.gaveanews.com\/index.php\/2025\/03\/10\/corinthians-a-declaracao-de-gustavo-henrique-direcionada-a-memphis-depay\/\" \/>\n<meta property=\"og:locale\" content=\"pt_BR\" \/>\n<meta property=\"og:type\" content=\"article\" \/>\n<meta property=\"og:title\" content=\"Corinthians: a declara\u00e7\u00e3o de Gustavo Henrique direcionada a Memphis Depay\" \/>\n<meta property=\"og:description\" content=\"O Corinthians viveu momentos de tens\u00e3o no intervalo da derrota por 3 a 0 para o Barcelona de Guayaquil, pela terceira fase preliminar da Libertadores. Durante a pausa, o zagueiro Gustavo Henrique e o atacante Memphis Depay protagonizaram uma discuss\u00e3o acalorada no vesti\u00e1rio. No entanto, tanto os jogadores quanto a comiss\u00e3o t\u00e9cnica minimizaram o ocorrido, [&hellip;]\" \/>\n<meta property=\"og:url\" content=\"https:\/\/www.gaveanews.com\/index.php\/2025\/03\/10\/corinthians-a-declaracao-de-gustavo-henrique-direcionada-a-memphis-depay\/\" \/>\n<meta property=\"og:site_name\" content=\"G\u00e1vea News\" \/>\n<meta property=\"article:publisher\" content=\"https:\/\/facebook.com\/gaveaNews\/\" \/>\n<meta property=\"article:published_time\" content=\"2025-03-11T01:55:00+00:00\" \/>\n<meta property=\"og:image\" content=\"https:\/\/www.gaveanews.com\/wp-content\/uploads\/Gustavo-Henrique-em-acao-pelo-Corinthians.webp\" \/>\n\t<meta property=\"og:image:width\" content=\"1080\" \/>\n\t<meta property=\"og:image:height\" content=\"1174\" \/>\n\t<meta property=\"og:image:type\" content=\"image\/jpeg\" \/>\n<meta name=\"author\" content=\"Paula Silva\" \/>\n<meta name=\"twitter:card\" content=\"summary_large_image\" \/>\n<meta name=\"twitter:label1\" content=\"Escrito por\" \/>\n\t<meta name=\"twitter:data1\" content=\"Paula Silva\" \/>\n\t<meta name=\"twitter:label2\" content=\"Est. tempo de leitura\" \/>\n\t<meta name=\"twitter:data2\" content=\"3 minutos\" \/>\n<script type=\"application\/ld+json\" class=\"yoast-schema-graph\">{\"@context\":\"https:\/\/schema.org\",\"@graph\":[{\"@type\":\"NewsArticle\",\"@id\":\"https:\/\/www.gaveanews.com\/index.php\/2025\/03\/10\/corinthians-a-declaracao-de-gustavo-henrique-direcionada-a-memphis-depay\/#article\",\"isPartOf\":{\"@id\":\"https:\/\/www.gaveanews.com\/index.php\/2025\/03\/10\/corinthians-a-declaracao-de-gustavo-henrique-direcionada-a-memphis-depay\/\"},\"author\":{\"name\":\"Paula Silva\",\"@id\":\"https:\/\/www.gaveanews.com\/#\/schema\/person\/daf63eec72e1164eb13dc35096c2b8da\"},\"headline\":\"Corinthians: a declara\u00e7\u00e3o de Gustavo Henrique direcionada a Memphis Depay\",\"datePublished\":\"2025-03-11T01:55:00+00:00\",\"mainEntityOfPage\":{\"@id\":\"https:\/\/www.gaveanews.com\/index.php\/2025\/03\/10\/corinthians-a-declaracao-de-gustavo-henrique-direcionada-a-memphis-depay\/\"},\"wordCount\":520,\"commentCount\":0,\"image\":{\"@id\":\"https:\/\/www.gaveanews.com\/index.php\/2025\/03\/10\/corinthians-a-declaracao-de-gustavo-henrique-direcionada-a-memphis-depay\/#primaryimage\"},\"thumbnailUrl\":\"https:\/\/www.gaveanews.com\/wp-content\/uploads\/Gustavo-Henrique-em-acao-pelo-Corinthians.webp\",\"articleSection\":[\"Corinthians\"],\"inLanguage\":\"pt-BR\",\"potentialAction\":[{\"@type\":\"CommentAction\",\"name\":\"Comment\",\"target\":[\"https:\/\/www.gaveanews.com\/index.php\/2025\/03\/10\/corinthians-a-declaracao-de-gustavo-henrique-direcionada-a-memphis-depay\/#respond\"]}],\"copyrightYear\":\"2025\",\"copyrightHolder\":{\"@id\":\"https:\/\/www.gaveanews.com\/#organization\"}},{\"@type\":\"WebPage\",\"@id\":\"https:\/\/www.gaveanews.com\/index.php\/2025\/03\/10\/corinthians-a-declaracao-de-gustavo-henrique-direcionada-a-memphis-depay\/\",\"url\":\"https:\/\/www.gaveanews.com\/index.php\/2025\/03\/10\/corinthians-a-declaracao-de-gustavo-henrique-direcionada-a-memphis-depay\/\",\"name\":\"Corinthians: a declara\u00e7\u00e3o de Gustavo Henrique direcionada a Memphis Depay\",\"isPartOf\":{\"@id\":\"https:\/\/www.gaveanews.com\/#website\"},\"primaryImageOfPage\":{\"@id\":\"https:\/\/www.gaveanews.com\/index.php\/2025\/03\/10\/corinthians-a-declaracao-de-gustavo-henrique-direcionada-a-memphis-depay\/#primaryimage\"},\"image\":{\"@id\":\"https:\/\/www.gaveanews.com\/index.php\/2025\/03\/10\/corinthians-a-declaracao-de-gustavo-henrique-direcionada-a-memphis-depay\/#primaryimage\"},\"thumbnailUrl\":\"https:\/\/www.gaveanews.com\/wp-content\/uploads\/Gustavo-Henrique-em-acao-pelo-Corinthians.webp\",\"datePublished\":\"2025-03-11T01:55:00+00:00\",\"author\":{\"@id\":\"https:\/\/www.gaveanews.com\/#\/schema\/person\/daf63eec72e1164eb13dc35096c2b8da\"},\"breadcrumb\":{\"@id\":\"https:\/\/www.gaveanews.com\/index.php\/2025\/03\/10\/corinthians-a-declaracao-de-gustavo-henrique-direcionada-a-memphis-depay\/#breadcrumb\"},\"inLanguage\":\"pt-BR\",\"potentialAction\":[{\"@type\":\"ReadAction\",\"target\":[\"https:\/\/www.gaveanews.com\/index.php\/2025\/03\/10\/corinthians-a-declaracao-de-gustavo-henrique-direcionada-a-memphis-depay\/\"]}]},{\"@type\":\"ImageObject\",\"inLanguage\":\"pt-BR\",\"@id\":\"https:\/\/www.gaveanews.com\/index.php\/2025\/03\/10\/corinthians-a-declaracao-de-gustavo-henrique-direcionada-a-memphis-depay\/#primaryimage\",\"url\":\"https:\/\/www.gaveanews.com\/wp-content\/uploads\/Gustavo-Henrique-em-acao-pelo-Corinthians.webp\",\"contentUrl\":\"https:\/\/www.gaveanews.com\/wp-content\/uploads\/Gustavo-Henrique-em-acao-pelo-Corinthians.webp\",\"width\":1080,\"height\":1174,\"caption\":\"Gustavo Henrique em a\u00e7\u00e3o pelo Corinthians (Foto: Reprodu\u00e7\u00e3o\/Instagram)\"},{\"@type\":\"BreadcrumbList\",\"@id\":\"https:\/\/www.gaveanews.com\/index.php\/2025\/03\/10\/corinthians-a-declaracao-de-gustavo-henrique-direcionada-a-memphis-depay\/#breadcrumb\",\"itemListElement\":[{\"@type\":\"ListItem\",\"position\":1,\"name\":\"Home\",\"item\":\"https:\/\/www.gaveanews.com\/\"},{\"@type\":\"ListItem\",\"position\":2,\"name\":\"Corinthians: a declara\u00e7\u00e3o de Gustavo Henrique direcionada a Memphis Depay\"}]},{\"@type\":\"WebSite\",\"@id\":\"https:\/\/www.gaveanews.com\/#website\",\"url\":\"https:\/\/www.gaveanews.com\/\",\"name\":\"G\u00e1vea News\",\"description\":\"Veja todas as not\u00edcias sobre o Flamengo: Contrata\u00e7\u00f5es, categorias de base, resultados das partidas, tabela de classifica\u00e7\u00e3o, pr\u00f3ximos jogos!\",\"potentialAction\":[{\"@type\":\"SearchAction\",\"target\":{\"@type\":\"EntryPoint\",\"urlTemplate\":\"https:\/\/www.gaveanews.com\/?s={search_term_string}\"},\"query-input\":{\"@type\":\"PropertyValueSpecification\",\"valueRequired\":true,\"valueName\":\"search_term_string\"}}],\"inLanguage\":\"pt-BR\"},{\"@type\":\"Person\",\"@id\":\"https:\/\/www.gaveanews.com\/#\/schema\/person\/daf63eec72e1164eb13dc35096c2b8da\",\"name\":\"Paula Silva\",\"image\":{\"@type\":\"ImageObject\",\"inLanguage\":\"pt-BR\",\"@id\":\"https:\/\/www.gaveanews.com\/#\/schema\/person\/image\/\",\"url\":\"https:\/\/secure.gravatar.com\/avatar\/eda381c845527cc5d64c13b901833cda29d97500ba040d3e6461f76f51d163bb?s=96&d=mm&r=g\",\"contentUrl\":\"https:\/\/secure.gravatar.com\/avatar\/eda381c845527cc5d64c13b901833cda29d97500ba040d3e6461f76f51d163bb?s=96&d=mm&r=g\",\"caption\":\"Paula Silva\"}}]}<\/script>\n<!-- \/ Yoast SEO Premium plugin. -->","yoast_head_json":{"title":"Corinthians: a declara\u00e7\u00e3o de Gustavo Henrique direcionada a Memphis Depay","robots":{"index":"index","follow":"follow","max-snippet":"max-snippet:-1","max-image-preview":"max-image-preview:large","max-video-preview":"max-video-preview:-1"},"canonical":"https:\/\/www.gaveanews.com\/index.php\/2025\/03\/10\/corinthians-a-declaracao-de-gustavo-henrique-direcionada-a-memphis-depay\/","og_locale":"pt_BR","og_type":"article","og_title":"Corinthians: a declara\u00e7\u00e3o de Gustavo Henrique direcionada a Memphis Depay","og_description":"O Corinthians viveu momentos de tens\u00e3o no intervalo da derrota por 3 a 0 para o Barcelona de Guayaquil, pela terceira fase preliminar da Libertadores. Durante a pausa, o zagueiro Gustavo Henrique e o atacante Memphis Depay protagonizaram uma discuss\u00e3o acalorada no vesti\u00e1rio. No entanto, tanto os jogadores quanto a comiss\u00e3o t\u00e9cnica minimizaram o ocorrido, [&hellip;]","og_url":"https:\/\/www.gaveanews.com\/index.php\/2025\/03\/10\/corinthians-a-declaracao-de-gustavo-henrique-direcionada-a-memphis-depay\/","og_site_name":"G\u00e1vea News","article_publisher":"https:\/\/facebook.com\/gaveaNews\/","article_published_time":"2025-03-11T01:55:00+00:00","og_image":[{"width":1080,"height":1174,"url":"https:\/\/www.gaveanews.com\/wp-content\/uploads\/Gustavo-Henrique-em-acao-pelo-Corinthians.webp","type":"image\/jpeg"}],"author":"Paula Silva","twitter_card":"summary_large_image","twitter_misc":{"Escrito por":"Paula Silva","Est. tempo de leitura":"3 minutos"},"schema":{"@context":"https:\/\/schema.org","@graph":[{"@type":"NewsArticle","@id":"https:\/\/www.gaveanews.com\/index.php\/2025\/03\/10\/corinthians-a-declaracao-de-gustavo-henrique-direcionada-a-memphis-depay\/#article","isPartOf":{"@id":"https:\/\/www.gaveanews.com\/index.php\/2025\/03\/10\/corinthians-a-declaracao-de-gustavo-henrique-direcionada-a-memphis-depay\/"},"author":{"name":"Paula Silva","@id":"https:\/\/www.gaveanews.com\/#\/schema\/person\/daf63eec72e1164eb13dc35096c2b8da"},"headline":"Corinthians: a declara\u00e7\u00e3o de Gustavo Henrique direcionada a Memphis Depay","datePublished":"2025-03-11T01:55:00+00:00","mainEntityOfPage":{"@id":"https:\/\/www.gaveanews.com\/index.php\/2025\/03\/10\/corinthians-a-declaracao-de-gustavo-henrique-direcionada-a-memphis-depay\/"},"wordCount":520,"commentCount":0,"image":{"@id":"https:\/\/www.gaveanews.com\/index.php\/2025\/03\/10\/corinthians-a-declaracao-de-gustavo-henrique-direcionada-a-memphis-depay\/#primaryimage"},"thumbnailUrl":"https:\/\/www.gaveanews.com\/wp-content\/uploads\/Gustavo-Henrique-em-acao-pelo-Corinthians.webp","articleSection":["Corinthians"],"inLanguage":"pt-BR","potentialAction":[{"@type":"CommentAction","name":"Comment","target":["https:\/\/www.gaveanews.com\/index.php\/2025\/03\/10\/corinthians-a-declaracao-de-gustavo-henrique-direcionada-a-memphis-depay\/#respond"]}],"copyrightYear":"2025","copyrightHolder":{"@id":"https:\/\/www.gaveanews.com\/#organization"}},{"@type":"WebPage","@id":"https:\/\/www.gaveanews.com\/index.php\/2025\/03\/10\/corinthians-a-declaracao-de-gustavo-henrique-direcionada-a-memphis-depay\/","url":"https:\/\/www.gaveanews.com\/index.php\/2025\/03\/10\/corinthians-a-declaracao-de-gustavo-henrique-direcionada-a-memphis-depay\/","name":"Corinthians: a declara\u00e7\u00e3o de Gustavo Henrique direcionada a Memphis Depay","isPartOf":{"@id":"https:\/\/www.gaveanews.com\/#website"},"primaryImageOfPage":{"@id":"https:\/\/www.gaveanews.com\/index.php\/2025\/03\/10\/corinthians-a-declaracao-de-gustavo-henrique-direcionada-a-memphis-depay\/#primaryimage"},"image":{"@id":"https:\/\/www.gaveanews.com\/index.php\/2025\/03\/10\/corinthians-a-declaracao-de-gustavo-henrique-direcionada-a-memphis-depay\/#primaryimage"},"thumbnailUrl":"https:\/\/www.gaveanews.com\/wp-content\/uploads\/Gustavo-Henrique-em-acao-pelo-Corinthians.webp","datePublished":"2025-03-11T01:55:00+00:00","author":{"@id":"https:\/\/www.gaveanews.com\/#\/schema\/person\/daf63eec72e1164eb13dc35096c2b8da"},"breadcrumb":{"@id":"https:\/\/www.gaveanews.com\/index.php\/2025\/03\/10\/corinthians-a-declaracao-de-gustavo-henrique-direcionada-a-memphis-depay\/#breadcrumb"},"inLanguage":"pt-BR","potentialAction":[{"@type":"ReadAction","target":["https:\/\/www.gaveanews.com\/index.php\/2025\/03\/10\/corinthians-a-declaracao-de-gustavo-henrique-direcionada-a-memphis-depay\/"]}]},{"@type":"ImageObject","inLanguage":"pt-BR","@id":"https:\/\/www.gaveanews.com\/index.php\/2025\/03\/10\/corinthians-a-declaracao-de-gustavo-henrique-direcionada-a-memphis-depay\/#primaryimage","url":"https:\/\/www.gaveanews.com\/wp-content\/uploads\/Gustavo-Henrique-em-acao-pelo-Corinthians.webp","contentUrl":"https:\/\/www.gaveanews.com\/wp-content\/uploads\/Gustavo-Henrique-em-acao-pelo-Corinthians.webp","width":1080,"height":1174,"caption":"Gustavo Henrique em a\u00e7\u00e3o pelo Corinthians (Foto: Reprodu\u00e7\u00e3o\/Instagram)"},{"@type":"BreadcrumbList","@id":"https:\/\/www.gaveanews.com\/index.php\/2025\/03\/10\/corinthians-a-declaracao-de-gustavo-henrique-direcionada-a-memphis-depay\/#breadcrumb","itemListElement":[{"@type":"ListItem","position":1,"name":"Home","item":"https:\/\/www.gaveanews.com\/"},{"@type":"ListItem","position":2,"name":"Corinthians: a declara\u00e7\u00e3o de Gustavo Henrique direcionada a Memphis Depay"}]},{"@type":"WebSite","@id":"https:\/\/www.gaveanews.com\/#website","url":"https:\/\/www.gaveanews.com\/","name":"G\u00e1vea News","description":"Veja todas as not\u00edcias sobre o Flamengo: Contrata\u00e7\u00f5es, categorias de base, resultados das partidas, tabela de classifica\u00e7\u00e3o, pr\u00f3ximos jogos!","potentialAction":[{"@type":"SearchAction","target":{"@type":"EntryPoint","urlTemplate":"https:\/\/www.gaveanews.com\/?s={search_term_string}"},"query-input":{"@type":"PropertyValueSpecification","valueRequired":true,"valueName":"search_term_string"}}],"inLanguage":"pt-BR"},{"@type":"Person","@id":"https:\/\/www.gaveanews.com\/#\/schema\/person\/daf63eec72e1164eb13dc35096c2b8da","name":"Paula Silva","image":{"@type":"ImageObject","inLanguage":"pt-BR","@id":"https:\/\/www.gaveanews.com\/#\/schema\/person\/image\/","url":"https:\/\/secure.gravatar.com\/avatar\/eda381c845527cc5d64c13b901833cda29d97500ba040d3e6461f76f51d163bb?s=96&d=mm&r=g","contentUrl":"https:\/\/secure.gravatar.com\/avatar\/eda381c845527cc5d64c13b901833cda29d97500ba040d3e6461f76f51d163bb?s=96&d=mm&r=g","caption":"Paula Silva"}}]}},"_links":{"self":[{"href":"https:\/\/www.gaveanews.com\/index.php\/wp-json\/wp\/v2\/posts\/238210","targetHints":{"allow":["GET"]}}],"collection":[{"href":"https:\/\/www.gaveanews.com\/index.php\/wp-json\/wp\/v2\/posts"}],"about":[{"href":"https:\/\/www.gaveanews.com\/index.php\/wp-json\/wp\/v2\/types\/post"}],"author":[{"embeddable":true,"href":"https:\/\/www.gaveanews.com\/index.php\/wp-json\/wp\/v2\/users\/18"}],"replies":[{"embeddable":true,"href":"https:\/\/www.gaveanews.com\/index.php\/wp-json\/wp\/v2\/comments?post=238210"}],"version-history":[{"count":1,"href":"https:\/\/www.gaveanews.com\/index.php\/wp-json\/wp\/v2\/posts\/238210\/revisions"}],"predecessor-version":[{"id":238212,"href":"https:\/\/www.gaveanews.com\/index.php\/wp-json\/wp\/v2\/posts\/238210\/revisions\/238212"}],"wp:featuredmedia":[{"embeddable":true,"href":"https:\/\/www.gaveanews.com\/index.php\/wp-json\/wp\/v2\/media\/150214"}],"wp:attachment":[{"href":"https:\/\/www.gaveanews.com\/index.php\/wp-json\/wp\/v2\/media?parent=238210"}],"wp:term":[{"taxonomy":"category","embeddable":true,"href":"https:\/\/www.gaveanews.com\/index.php\/wp-json\/wp\/v2\/categories?post=238210"},{"taxonomy":"post_tag","embeddable":true,"href":"https:\/\/www.gaveanews.com\/index.php\/wp-json\/wp\/v2\/tags?post=238210"}],"curies":[{"name":"wp","href":"https:\/\/api.w.org\/{rel}","templated":true}]}}