{"id":238222,"date":"2025-03-10T23:05:00","date_gmt":"2025-03-11T02:05:00","guid":{"rendered":"https:\/\/www.gaveanews.com\/?p=238222"},"modified":"2025-03-10T20:30:06","modified_gmt":"2025-03-10T23:30:06","slug":"a-declaracao-de-erick-faria-direcionada-ao-atletico-mg","status":"publish","type":"post","link":"https:\/\/www.gaveanews.com\/index.php\/2025\/03\/10\/a-declaracao-de-erick-faria-direcionada-ao-atletico-mg\/","title":{"rendered":"A declara\u00e7\u00e3o de Erick Faria direcionada ao Atl\u00e9tico-MG"},"content":{"rendered":"\n<p>O Atl\u00e9tico vive um grande momento na temporada de 2025, acumulando nove vit\u00f3rias consecutivas e se destacando com um sistema defensivo s\u00f3lido. A equipe sofreu apenas dois gols em 10 partidas, um desempenho que reflete a integra\u00e7\u00e3o entre os setores do time. Segundo o goleiro Everson, esse entrosamento tem sido um diferencial importante. &#8220;O pessoal do ataque ajuda a gente a se defender, e n\u00f3s damos suporte para o ataque poder atacar&#8221;, afirmou o arqueiro.<\/p>\n\n\n\n<p>A goleada por 4 a 0 sobre o Am\u00e9rica no primeiro jogo da final do Campeonato Mineiro evidenciou a for\u00e7a da equipe comandada por Cuca. O jogo disputado no Mineir\u00e3o teve gols do zagueiro Lyanco (2), do lateral-esquerdo Guilherme Arana e do atacante Rony. A atua\u00e7\u00e3o do Atl\u00e9tico rendeu elogios do comentarista Eric Faria, que destacou a intensidade e a for\u00e7a f\u00edsica do time. &#8220;Acho que esse time do Atl\u00e9tico vai ter grandes performances nesta temporada. \u00c9 um time que tem muita for\u00e7a f\u00edsica do meio para frente&#8221;, analisou o jornalista.<\/p>\n\n\n\n<p>Al\u00e9m do entrosamento, os refor\u00e7os contratados pelo clube tamb\u00e9m t\u00eam feito a diferen\u00e7a. Eric Faria destacou que nomes como Rony, J\u00fanior Santos, Scarpa e Cuello se encaixaram bem na equipe. &#8220;O Atl\u00e9tico fez boas contrata\u00e7\u00f5es. O Natanael, vindo do Coritiba, tamb\u00e9m foi uma bela sacada&#8221;, completou o comentarista.<\/p>\n\n\n\n<p>O treinador Cuca tem sido pe\u00e7a fundamental nesse bom in\u00edcio de ano, implementando um estilo de jogo veloz e competitivo, caracter\u00edsticas comuns em suas equipes. &#8220;Os times do Cuca sempre foram assim, com muita velocidade e mudan\u00e7as de dire\u00e7\u00e3o&#8221;, pontuou Eric Faria. Esse modelo de jogo tem permitido que o Atl\u00e9tico seja eficiente tanto defensivamente quanto ofensivamente.<\/p>\n\n\n\n<p>Agora, o time se prepara para o segundo jogo da final do Campeonato Mineiro, que ser\u00e1 disputado no s\u00e1bado (15\/3), novamente no Mineir\u00e3o. O Am\u00e9rica precisa de uma vit\u00f3ria por quatro gols de diferen\u00e7a para levar a decis\u00e3o para os p\u00eanaltis ou por cinco para ficar com o t\u00edtulo no tempo regulamentar. J\u00e1 o Atl\u00e9tico busca manter o bom momento e confirmar a conquista do estadual.<\/p>\n\n\n\n<p>Com um grupo bem estruturado e refor\u00e7os que agregaram qualidade ao elenco, a expectativa \u00e9 de que o Atl\u00e9tico continue forte nas competi\u00e7\u00f5es que disputa. Para Everson, o foco deve ser manter a uni\u00e3o do elenco. &#8220;Estamos nos fortalecendo bem neste in\u00edcio de temporada. Se continuarmos assim, temos tudo para ter um bom ano&#8221;, concluiu o goleiro.<\/p>\n","protected":false},"excerpt":{"rendered":"<p>O Atl\u00e9tico vive um grande momento na temporada de 2025, acumulando nove vit\u00f3rias consecutivas e se destacando com um sistema defensivo s\u00f3lido. A equipe sofreu apenas dois gols em 10 partidas, um desempenho que reflete a integra\u00e7\u00e3o entre os setores do time. Segundo o goleiro Everson, esse entrosamento tem sido um diferencial importante. &#8220;O pessoal [&hellip;]<\/p>\n","protected":false},"author":18,"featured_media":128412,"comment_status":"open","ping_status":"closed","sticky":false,"template":"","format":"standard","meta":{"footnotes":""},"categories":[136],"tags":[],"class_list":["post-238222","post","type-post","status-publish","format-standard","has-post-thumbnail","hentry","category-atletico-mg"],"yoast_head":"<!-- This site is optimized with the Yoast SEO Premium plugin v24.2 (Yoast SEO v26.9) - https:\/\/yoast.com\/product\/yoast-seo-premium-wordpress\/ -->\n<title>A declara\u00e7\u00e3o de Erick Faria direcionada ao Atl\u00e9tico-MG<\/title>\n<meta name=\"robots\" content=\"index, follow, max-snippet:-1, max-image-preview:large, max-video-preview:-1\" \/>\n<link rel=\"canonical\" href=\"https:\/\/www.gaveanews.com\/index.php\/2025\/03\/10\/a-declaracao-de-erick-faria-direcionada-ao-atletico-mg\/\" \/>\n<meta property=\"og:locale\" content=\"pt_BR\" \/>\n<meta property=\"og:type\" content=\"article\" \/>\n<meta property=\"og:title\" content=\"A declara\u00e7\u00e3o de Erick Faria direcionada ao Atl\u00e9tico-MG\" \/>\n<meta property=\"og:description\" content=\"O Atl\u00e9tico vive um grande momento na temporada de 2025, acumulando nove vit\u00f3rias consecutivas e se destacando com um sistema defensivo s\u00f3lido. A equipe sofreu apenas dois gols em 10 partidas, um desempenho que reflete a integra\u00e7\u00e3o entre os setores do time. Segundo o goleiro Everson, esse entrosamento tem sido um diferencial importante. &#8220;O pessoal [&hellip;]\" \/>\n<meta property=\"og:url\" content=\"https:\/\/www.gaveanews.com\/index.php\/2025\/03\/10\/a-declaracao-de-erick-faria-direcionada-ao-atletico-mg\/\" \/>\n<meta property=\"og:site_name\" content=\"G\u00e1vea News\" \/>\n<meta property=\"article:publisher\" content=\"https:\/\/facebook.com\/gaveaNews\/\" \/>\n<meta property=\"article:published_time\" content=\"2025-03-11T02:05:00+00:00\" \/>\n<meta property=\"og:image\" content=\"https:\/\/www.gaveanews.com\/wp-content\/uploads\/chrome_kmzQ6iXXsX.webp\" \/>\n\t<meta property=\"og:image:width\" content=\"1542\" \/>\n\t<meta property=\"og:image:height\" content=\"959\" \/>\n\t<meta property=\"og:image:type\" content=\"image\/jpeg\" \/>\n<meta name=\"author\" content=\"Paula Silva\" \/>\n<meta name=\"twitter:card\" content=\"summary_large_image\" \/>\n<meta name=\"twitter:label1\" content=\"Escrito por\" \/>\n\t<meta name=\"twitter:data1\" content=\"Paula Silva\" \/>\n\t<meta name=\"twitter:label2\" content=\"Est. tempo de leitura\" \/>\n\t<meta name=\"twitter:data2\" content=\"3 minutos\" \/>\n<script type=\"application\/ld+json\" class=\"yoast-schema-graph\">{\"@context\":\"https:\/\/schema.org\",\"@graph\":[{\"@type\":\"NewsArticle\",\"@id\":\"https:\/\/www.gaveanews.com\/index.php\/2025\/03\/10\/a-declaracao-de-erick-faria-direcionada-ao-atletico-mg\/#article\",\"isPartOf\":{\"@id\":\"https:\/\/www.gaveanews.com\/index.php\/2025\/03\/10\/a-declaracao-de-erick-faria-direcionada-ao-atletico-mg\/\"},\"author\":{\"name\":\"Paula Silva\",\"@id\":\"https:\/\/www.gaveanews.com\/#\/schema\/person\/daf63eec72e1164eb13dc35096c2b8da\"},\"headline\":\"A declara\u00e7\u00e3o de Erick Faria direcionada ao Atl\u00e9tico-MG\",\"datePublished\":\"2025-03-11T02:05:00+00:00\",\"mainEntityOfPage\":{\"@id\":\"https:\/\/www.gaveanews.com\/index.php\/2025\/03\/10\/a-declaracao-de-erick-faria-direcionada-ao-atletico-mg\/\"},\"wordCount\":440,\"commentCount\":0,\"image\":{\"@id\":\"https:\/\/www.gaveanews.com\/index.php\/2025\/03\/10\/a-declaracao-de-erick-faria-direcionada-ao-atletico-mg\/#primaryimage\"},\"thumbnailUrl\":\"https:\/\/www.gaveanews.com\/wp-content\/uploads\/chrome_kmzQ6iXXsX.webp\",\"articleSection\":[\"Atl\u00e9tico-MG\"],\"inLanguage\":\"pt-BR\",\"potentialAction\":[{\"@type\":\"CommentAction\",\"name\":\"Comment\",\"target\":[\"https:\/\/www.gaveanews.com\/index.php\/2025\/03\/10\/a-declaracao-de-erick-faria-direcionada-ao-atletico-mg\/#respond\"]}],\"copyrightYear\":\"2025\",\"copyrightHolder\":{\"@id\":\"https:\/\/www.gaveanews.com\/#organization\"}},{\"@type\":\"WebPage\",\"@id\":\"https:\/\/www.gaveanews.com\/index.php\/2025\/03\/10\/a-declaracao-de-erick-faria-direcionada-ao-atletico-mg\/\",\"url\":\"https:\/\/www.gaveanews.com\/index.php\/2025\/03\/10\/a-declaracao-de-erick-faria-direcionada-ao-atletico-mg\/\",\"name\":\"A declara\u00e7\u00e3o de Erick Faria direcionada ao Atl\u00e9tico-MG\",\"isPartOf\":{\"@id\":\"https:\/\/www.gaveanews.com\/#website\"},\"primaryImageOfPage\":{\"@id\":\"https:\/\/www.gaveanews.com\/index.php\/2025\/03\/10\/a-declaracao-de-erick-faria-direcionada-ao-atletico-mg\/#primaryimage\"},\"image\":{\"@id\":\"https:\/\/www.gaveanews.com\/index.php\/2025\/03\/10\/a-declaracao-de-erick-faria-direcionada-ao-atletico-mg\/#primaryimage\"},\"thumbnailUrl\":\"https:\/\/www.gaveanews.com\/wp-content\/uploads\/chrome_kmzQ6iXXsX.webp\",\"datePublished\":\"2025-03-11T02:05:00+00:00\",\"author\":{\"@id\":\"https:\/\/www.gaveanews.com\/#\/schema\/person\/daf63eec72e1164eb13dc35096c2b8da\"},\"breadcrumb\":{\"@id\":\"https:\/\/www.gaveanews.com\/index.php\/2025\/03\/10\/a-declaracao-de-erick-faria-direcionada-ao-atletico-mg\/#breadcrumb\"},\"inLanguage\":\"pt-BR\",\"potentialAction\":[{\"@type\":\"ReadAction\",\"target\":[\"https:\/\/www.gaveanews.com\/index.php\/2025\/03\/10\/a-declaracao-de-erick-faria-direcionada-ao-atletico-mg\/\"]}]},{\"@type\":\"ImageObject\",\"inLanguage\":\"pt-BR\",\"@id\":\"https:\/\/www.gaveanews.com\/index.php\/2025\/03\/10\/a-declaracao-de-erick-faria-direcionada-ao-atletico-mg\/#primaryimage\",\"url\":\"https:\/\/www.gaveanews.com\/wp-content\/uploads\/chrome_kmzQ6iXXsX.webp\",\"contentUrl\":\"https:\/\/www.gaveanews.com\/wp-content\/uploads\/chrome_kmzQ6iXXsX.webp\",\"width\":1542,\"height\":959,\"caption\":\"Eric Faria no Charla Podcast - Foto: Reprodu\u00e7\u00e3o\/Youtube\"},{\"@type\":\"BreadcrumbList\",\"@id\":\"https:\/\/www.gaveanews.com\/index.php\/2025\/03\/10\/a-declaracao-de-erick-faria-direcionada-ao-atletico-mg\/#breadcrumb\",\"itemListElement\":[{\"@type\":\"ListItem\",\"position\":1,\"name\":\"Home\",\"item\":\"https:\/\/www.gaveanews.com\/\"},{\"@type\":\"ListItem\",\"position\":2,\"name\":\"A declara\u00e7\u00e3o de Erick Faria direcionada ao Atl\u00e9tico-MG\"}]},{\"@type\":\"WebSite\",\"@id\":\"https:\/\/www.gaveanews.com\/#website\",\"url\":\"https:\/\/www.gaveanews.com\/\",\"name\":\"G\u00e1vea News\",\"description\":\"Veja todas as not\u00edcias sobre o Flamengo: Contrata\u00e7\u00f5es, categorias de base, resultados das partidas, tabela de classifica\u00e7\u00e3o, pr\u00f3ximos jogos!\",\"potentialAction\":[{\"@type\":\"SearchAction\",\"target\":{\"@type\":\"EntryPoint\",\"urlTemplate\":\"https:\/\/www.gaveanews.com\/?s={search_term_string}\"},\"query-input\":{\"@type\":\"PropertyValueSpecification\",\"valueRequired\":true,\"valueName\":\"search_term_string\"}}],\"inLanguage\":\"pt-BR\"},{\"@type\":\"Person\",\"@id\":\"https:\/\/www.gaveanews.com\/#\/schema\/person\/daf63eec72e1164eb13dc35096c2b8da\",\"name\":\"Paula Silva\",\"image\":{\"@type\":\"ImageObject\",\"inLanguage\":\"pt-BR\",\"@id\":\"https:\/\/www.gaveanews.com\/#\/schema\/person\/image\/\",\"url\":\"https:\/\/secure.gravatar.com\/avatar\/eda381c845527cc5d64c13b901833cda29d97500ba040d3e6461f76f51d163bb?s=96&d=mm&r=g\",\"contentUrl\":\"https:\/\/secure.gravatar.com\/avatar\/eda381c845527cc5d64c13b901833cda29d97500ba040d3e6461f76f51d163bb?s=96&d=mm&r=g\",\"caption\":\"Paula Silva\"}}]}<\/script>\n<!-- \/ Yoast SEO Premium plugin. -->","yoast_head_json":{"title":"A declara\u00e7\u00e3o de Erick Faria direcionada ao Atl\u00e9tico-MG","robots":{"index":"index","follow":"follow","max-snippet":"max-snippet:-1","max-image-preview":"max-image-preview:large","max-video-preview":"max-video-preview:-1"},"canonical":"https:\/\/www.gaveanews.com\/index.php\/2025\/03\/10\/a-declaracao-de-erick-faria-direcionada-ao-atletico-mg\/","og_locale":"pt_BR","og_type":"article","og_title":"A declara\u00e7\u00e3o de Erick Faria direcionada ao Atl\u00e9tico-MG","og_description":"O Atl\u00e9tico vive um grande momento na temporada de 2025, acumulando nove vit\u00f3rias consecutivas e se destacando com um sistema defensivo s\u00f3lido. A equipe sofreu apenas dois gols em 10 partidas, um desempenho que reflete a integra\u00e7\u00e3o entre os setores do time. Segundo o goleiro Everson, esse entrosamento tem sido um diferencial importante. &#8220;O pessoal [&hellip;]","og_url":"https:\/\/www.gaveanews.com\/index.php\/2025\/03\/10\/a-declaracao-de-erick-faria-direcionada-ao-atletico-mg\/","og_site_name":"G\u00e1vea News","article_publisher":"https:\/\/facebook.com\/gaveaNews\/","article_published_time":"2025-03-11T02:05:00+00:00","og_image":[{"width":1542,"height":959,"url":"https:\/\/www.gaveanews.com\/wp-content\/uploads\/chrome_kmzQ6iXXsX.webp","type":"image\/jpeg"}],"author":"Paula Silva","twitter_card":"summary_large_image","twitter_misc":{"Escrito por":"Paula Silva","Est. tempo de leitura":"3 minutos"},"schema":{"@context":"https:\/\/schema.org","@graph":[{"@type":"NewsArticle","@id":"https:\/\/www.gaveanews.com\/index.php\/2025\/03\/10\/a-declaracao-de-erick-faria-direcionada-ao-atletico-mg\/#article","isPartOf":{"@id":"https:\/\/www.gaveanews.com\/index.php\/2025\/03\/10\/a-declaracao-de-erick-faria-direcionada-ao-atletico-mg\/"},"author":{"name":"Paula Silva","@id":"https:\/\/www.gaveanews.com\/#\/schema\/person\/daf63eec72e1164eb13dc35096c2b8da"},"headline":"A declara\u00e7\u00e3o de Erick Faria direcionada ao Atl\u00e9tico-MG","datePublished":"2025-03-11T02:05:00+00:00","mainEntityOfPage":{"@id":"https:\/\/www.gaveanews.com\/index.php\/2025\/03\/10\/a-declaracao-de-erick-faria-direcionada-ao-atletico-mg\/"},"wordCount":440,"commentCount":0,"image":{"@id":"https:\/\/www.gaveanews.com\/index.php\/2025\/03\/10\/a-declaracao-de-erick-faria-direcionada-ao-atletico-mg\/#primaryimage"},"thumbnailUrl":"https:\/\/www.gaveanews.com\/wp-content\/uploads\/chrome_kmzQ6iXXsX.webp","articleSection":["Atl\u00e9tico-MG"],"inLanguage":"pt-BR","potentialAction":[{"@type":"CommentAction","name":"Comment","target":["https:\/\/www.gaveanews.com\/index.php\/2025\/03\/10\/a-declaracao-de-erick-faria-direcionada-ao-atletico-mg\/#respond"]}],"copyrightYear":"2025","copyrightHolder":{"@id":"https:\/\/www.gaveanews.com\/#organization"}},{"@type":"WebPage","@id":"https:\/\/www.gaveanews.com\/index.php\/2025\/03\/10\/a-declaracao-de-erick-faria-direcionada-ao-atletico-mg\/","url":"https:\/\/www.gaveanews.com\/index.php\/2025\/03\/10\/a-declaracao-de-erick-faria-direcionada-ao-atletico-mg\/","name":"A declara\u00e7\u00e3o de Erick Faria direcionada ao Atl\u00e9tico-MG","isPartOf":{"@id":"https:\/\/www.gaveanews.com\/#website"},"primaryImageOfPage":{"@id":"https:\/\/www.gaveanews.com\/index.php\/2025\/03\/10\/a-declaracao-de-erick-faria-direcionada-ao-atletico-mg\/#primaryimage"},"image":{"@id":"https:\/\/www.gaveanews.com\/index.php\/2025\/03\/10\/a-declaracao-de-erick-faria-direcionada-ao-atletico-mg\/#primaryimage"},"thumbnailUrl":"https:\/\/www.gaveanews.com\/wp-content\/uploads\/chrome_kmzQ6iXXsX.webp","datePublished":"2025-03-11T02:05:00+00:00","author":{"@id":"https:\/\/www.gaveanews.com\/#\/schema\/person\/daf63eec72e1164eb13dc35096c2b8da"},"breadcrumb":{"@id":"https:\/\/www.gaveanews.com\/index.php\/2025\/03\/10\/a-declaracao-de-erick-faria-direcionada-ao-atletico-mg\/#breadcrumb"},"inLanguage":"pt-BR","potentialAction":[{"@type":"ReadAction","target":["https:\/\/www.gaveanews.com\/index.php\/2025\/03\/10\/a-declaracao-de-erick-faria-direcionada-ao-atletico-mg\/"]}]},{"@type":"ImageObject","inLanguage":"pt-BR","@id":"https:\/\/www.gaveanews.com\/index.php\/2025\/03\/10\/a-declaracao-de-erick-faria-direcionada-ao-atletico-mg\/#primaryimage","url":"https:\/\/www.gaveanews.com\/wp-content\/uploads\/chrome_kmzQ6iXXsX.webp","contentUrl":"https:\/\/www.gaveanews.com\/wp-content\/uploads\/chrome_kmzQ6iXXsX.webp","width":1542,"height":959,"caption":"Eric Faria no Charla Podcast - Foto: Reprodu\u00e7\u00e3o\/Youtube"},{"@type":"BreadcrumbList","@id":"https:\/\/www.gaveanews.com\/index.php\/2025\/03\/10\/a-declaracao-de-erick-faria-direcionada-ao-atletico-mg\/#breadcrumb","itemListElement":[{"@type":"ListItem","position":1,"name":"Home","item":"https:\/\/www.gaveanews.com\/"},{"@type":"ListItem","position":2,"name":"A declara\u00e7\u00e3o de Erick Faria direcionada ao Atl\u00e9tico-MG"}]},{"@type":"WebSite","@id":"https:\/\/www.gaveanews.com\/#website","url":"https:\/\/www.gaveanews.com\/","name":"G\u00e1vea News","description":"Veja todas as not\u00edcias sobre o Flamengo: Contrata\u00e7\u00f5es, categorias de base, resultados das partidas, tabela de classifica\u00e7\u00e3o, pr\u00f3ximos jogos!","potentialAction":[{"@type":"SearchAction","target":{"@type":"EntryPoint","urlTemplate":"https:\/\/www.gaveanews.com\/?s={search_term_string}"},"query-input":{"@type":"PropertyValueSpecification","valueRequired":true,"valueName":"search_term_string"}}],"inLanguage":"pt-BR"},{"@type":"Person","@id":"https:\/\/www.gaveanews.com\/#\/schema\/person\/daf63eec72e1164eb13dc35096c2b8da","name":"Paula Silva","image":{"@type":"ImageObject","inLanguage":"pt-BR","@id":"https:\/\/www.gaveanews.com\/#\/schema\/person\/image\/","url":"https:\/\/secure.gravatar.com\/avatar\/eda381c845527cc5d64c13b901833cda29d97500ba040d3e6461f76f51d163bb?s=96&d=mm&r=g","contentUrl":"https:\/\/secure.gravatar.com\/avatar\/eda381c845527cc5d64c13b901833cda29d97500ba040d3e6461f76f51d163bb?s=96&d=mm&r=g","caption":"Paula Silva"}}]}},"_links":{"self":[{"href":"https:\/\/www.gaveanews.com\/index.php\/wp-json\/wp\/v2\/posts\/238222","targetHints":{"allow":["GET"]}}],"collection":[{"href":"https:\/\/www.gaveanews.com\/index.php\/wp-json\/wp\/v2\/posts"}],"about":[{"href":"https:\/\/www.gaveanews.com\/index.php\/wp-json\/wp\/v2\/types\/post"}],"author":[{"embeddable":true,"href":"https:\/\/www.gaveanews.com\/index.php\/wp-json\/wp\/v2\/users\/18"}],"replies":[{"embeddable":true,"href":"https:\/\/www.gaveanews.com\/index.php\/wp-json\/wp\/v2\/comments?post=238222"}],"version-history":[{"count":1,"href":"https:\/\/www.gaveanews.com\/index.php\/wp-json\/wp\/v2\/posts\/238222\/revisions"}],"predecessor-version":[{"id":238226,"href":"https:\/\/www.gaveanews.com\/index.php\/wp-json\/wp\/v2\/posts\/238222\/revisions\/238226"}],"wp:featuredmedia":[{"embeddable":true,"href":"https:\/\/www.gaveanews.com\/index.php\/wp-json\/wp\/v2\/media\/128412"}],"wp:attachment":[{"href":"https:\/\/www.gaveanews.com\/index.php\/wp-json\/wp\/v2\/media?parent=238222"}],"wp:term":[{"taxonomy":"category","embeddable":true,"href":"https:\/\/www.gaveanews.com\/index.php\/wp-json\/wp\/v2\/categories?post=238222"},{"taxonomy":"post_tag","embeddable":true,"href":"https:\/\/www.gaveanews.com\/index.php\/wp-json\/wp\/v2\/tags?post=238222"}],"curies":[{"name":"wp","href":"https:\/\/api.w.org\/{rel}","templated":true}]}}