{"id":238264,"date":"2025-03-10T23:20:00","date_gmt":"2025-03-11T02:20:00","guid":{"rendered":"https:\/\/www.gaveanews.com\/?p=238264"},"modified":"2025-03-10T21:43:37","modified_gmt":"2025-03-11T00:43:37","slug":"atacante-vai-deixar-o-fluminense-para-disputar-o-brasileirao-por-outra-equipe","status":"publish","type":"post","link":"https:\/\/www.gaveanews.com\/index.php\/2025\/03\/10\/atacante-vai-deixar-o-fluminense-para-disputar-o-brasileirao-por-outra-equipe\/","title":{"rendered":"Atacante vai deixar o Fluminense para disputar o Brasileir\u00e3o por outra equipe"},"content":{"rendered":"\n<p>O atacante Lel\u00ea, de 27 anos, est\u00e1 pr\u00f3ximo de trocar o Fluminense pelo Juventude. O clube ga\u00facho demonstrou interesse no jogador e iniciou negocia\u00e7\u00f5es com a equipe carioca para viabilizar um empr\u00e9stimo at\u00e9 o fim da temporada. O Fluminense, por sua vez, n\u00e3o apresentou resist\u00eancia \u00e0 sa\u00edda do atleta, que teve poucas oportunidades na equipe neste ano.<\/p>\n\n\n\n<p>Na atual temporada, Lel\u00ea entrou em campo apenas tr\u00eas vezes, totalizando 38 minutos de jogo. Seu \u00faltimo compromisso ocorreu no empate em 0 a 0 contra o Flamengo. A pouca utiliza\u00e7\u00e3o do jogador pesou na decis\u00e3o da diretoria tricolor em aceitar uma transfer\u00eancia tempor\u00e1ria, permitindo que o atacante tenha mais chances de atuar com regularidade.<\/p>\n\n\n\n<p>Antes do Juventude, o Cear\u00e1 tamb\u00e9m demonstrou interesse em Lel\u00ea, mas acabou optando por contratar Pedro Raul, do Corinthians. Com isso, a equipe do Rio Grande do Sul avan\u00e7ou nas tratativas e conseguiu chegar a um acordo com o Fluminense. A defini\u00e7\u00e3o final, entretanto, depende da escolha do pr\u00f3prio jogador.<\/p>\n\n\n\n<p>Lel\u00ea chegou ao Fluminense em 2023 ap\u00f3s se destacar no Campeonato Carioca pelo Volta Redonda, onde marcou 13 gols. No entanto, desde sua chegada ao Tricolor, ele n\u00e3o conseguiu repetir o mesmo desempenho, somando apenas oito gols e cinco assist\u00eancias em 53 partidas pelo clube.<\/p>\n\n\n\n<p>A negocia\u00e7\u00e3o ocorre dentro do prazo da atual janela de transfer\u00eancias para negocia\u00e7\u00f5es internas, que foi aberta no dia 10 de mar\u00e7o e seguir\u00e1 at\u00e9 11 de abril. Assim, caso aceite a proposta, Lel\u00ea ter\u00e1 a chance de buscar mais espa\u00e7o e retomar o bom futebol apresentado antes de sua chegada ao Fluminense.<\/p>\n\n\n\n<p>O Juventude espera contar com o atacante para refor\u00e7ar seu setor ofensivo na sequ\u00eancia da temporada, enquanto o Fluminense busca ajustar seu elenco, priorizando jogadores que se encaixem melhor na filosofia da equipe.<\/p>\n","protected":false},"excerpt":{"rendered":"<p>O atacante Lel\u00ea, de 27 anos, est\u00e1 pr\u00f3ximo de trocar o Fluminense pelo Juventude. O clube ga\u00facho demonstrou interesse no jogador e iniciou negocia\u00e7\u00f5es com a equipe carioca para viabilizar um empr\u00e9stimo at\u00e9 o fim da temporada. O Fluminense, por sua vez, n\u00e3o apresentou resist\u00eancia \u00e0 sa\u00edda do atleta, que teve poucas oportunidades na equipe [&hellip;]<\/p>\n","protected":false},"author":18,"featured_media":152558,"comment_status":"open","ping_status":"closed","sticky":false,"template":"","format":"standard","meta":{"footnotes":""},"categories":[145],"tags":[],"class_list":["post-238264","post","type-post","status-publish","format-standard","has-post-thumbnail","hentry","category-fluminense"],"yoast_head":"<!-- This site is optimized with the Yoast SEO Premium plugin v24.2 (Yoast SEO v26.9) - https:\/\/yoast.com\/product\/yoast-seo-premium-wordpress\/ -->\n<title>Atacante vai deixar o Fluminense para disputar o Brasileir\u00e3o por outra equipe<\/title>\n<meta name=\"robots\" content=\"index, follow, max-snippet:-1, max-image-preview:large, max-video-preview:-1\" \/>\n<link rel=\"canonical\" href=\"https:\/\/www.gaveanews.com\/index.php\/2025\/03\/10\/atacante-vai-deixar-o-fluminense-para-disputar-o-brasileirao-por-outra-equipe\/\" \/>\n<meta property=\"og:locale\" content=\"pt_BR\" \/>\n<meta property=\"og:type\" content=\"article\" \/>\n<meta property=\"og:title\" content=\"Atacante vai deixar o Fluminense para disputar o Brasileir\u00e3o por outra equipe\" \/>\n<meta property=\"og:description\" content=\"O atacante Lel\u00ea, de 27 anos, est\u00e1 pr\u00f3ximo de trocar o Fluminense pelo Juventude. O clube ga\u00facho demonstrou interesse no jogador e iniciou negocia\u00e7\u00f5es com a equipe carioca para viabilizar um empr\u00e9stimo at\u00e9 o fim da temporada. O Fluminense, por sua vez, n\u00e3o apresentou resist\u00eancia \u00e0 sa\u00edda do atleta, que teve poucas oportunidades na equipe [&hellip;]\" \/>\n<meta property=\"og:url\" content=\"https:\/\/www.gaveanews.com\/index.php\/2025\/03\/10\/atacante-vai-deixar-o-fluminense-para-disputar-o-brasileirao-por-outra-equipe\/\" \/>\n<meta property=\"og:site_name\" content=\"G\u00e1vea News\" \/>\n<meta property=\"article:publisher\" content=\"https:\/\/facebook.com\/gaveaNews\/\" \/>\n<meta property=\"article:published_time\" content=\"2025-03-11T02:20:00+00:00\" \/>\n<meta property=\"og:image\" content=\"https:\/\/www.gaveanews.com\/wp-content\/uploads\/Bandeira-do-Fluminense.webp\" \/>\n\t<meta property=\"og:image:width\" content=\"1440\" \/>\n\t<meta property=\"og:image:height\" content=\"1080\" \/>\n\t<meta property=\"og:image:type\" content=\"image\/webp\" \/>\n<meta name=\"author\" content=\"Paula Silva\" \/>\n<meta name=\"twitter:card\" content=\"summary_large_image\" \/>\n<meta name=\"twitter:label1\" content=\"Escrito por\" \/>\n\t<meta name=\"twitter:data1\" content=\"Paula Silva\" \/>\n\t<meta name=\"twitter:label2\" content=\"Est. tempo de leitura\" \/>\n\t<meta name=\"twitter:data2\" content=\"2 minutos\" \/>\n<script type=\"application\/ld+json\" class=\"yoast-schema-graph\">{\"@context\":\"https:\/\/schema.org\",\"@graph\":[{\"@type\":\"NewsArticle\",\"@id\":\"https:\/\/www.gaveanews.com\/index.php\/2025\/03\/10\/atacante-vai-deixar-o-fluminense-para-disputar-o-brasileirao-por-outra-equipe\/#article\",\"isPartOf\":{\"@id\":\"https:\/\/www.gaveanews.com\/index.php\/2025\/03\/10\/atacante-vai-deixar-o-fluminense-para-disputar-o-brasileirao-por-outra-equipe\/\"},\"author\":{\"name\":\"Paula Silva\",\"@id\":\"https:\/\/www.gaveanews.com\/#\/schema\/person\/daf63eec72e1164eb13dc35096c2b8da\"},\"headline\":\"Atacante vai deixar o Fluminense para disputar o Brasileir\u00e3o por outra equipe\",\"datePublished\":\"2025-03-11T02:20:00+00:00\",\"mainEntityOfPage\":{\"@id\":\"https:\/\/www.gaveanews.com\/index.php\/2025\/03\/10\/atacante-vai-deixar-o-fluminense-para-disputar-o-brasileirao-por-outra-equipe\/\"},\"wordCount\":322,\"commentCount\":0,\"image\":{\"@id\":\"https:\/\/www.gaveanews.com\/index.php\/2025\/03\/10\/atacante-vai-deixar-o-fluminense-para-disputar-o-brasileirao-por-outra-equipe\/#primaryimage\"},\"thumbnailUrl\":\"https:\/\/www.gaveanews.com\/wp-content\/uploads\/Bandeira-do-Fluminense.webp\",\"articleSection\":[\"Fluminense\"],\"inLanguage\":\"pt-BR\",\"potentialAction\":[{\"@type\":\"CommentAction\",\"name\":\"Comment\",\"target\":[\"https:\/\/www.gaveanews.com\/index.php\/2025\/03\/10\/atacante-vai-deixar-o-fluminense-para-disputar-o-brasileirao-por-outra-equipe\/#respond\"]}],\"copyrightYear\":\"2025\",\"copyrightHolder\":{\"@id\":\"https:\/\/www.gaveanews.com\/#organization\"}},{\"@type\":\"WebPage\",\"@id\":\"https:\/\/www.gaveanews.com\/index.php\/2025\/03\/10\/atacante-vai-deixar-o-fluminense-para-disputar-o-brasileirao-por-outra-equipe\/\",\"url\":\"https:\/\/www.gaveanews.com\/index.php\/2025\/03\/10\/atacante-vai-deixar-o-fluminense-para-disputar-o-brasileirao-por-outra-equipe\/\",\"name\":\"Atacante vai deixar o Fluminense para disputar o Brasileir\u00e3o por outra equipe\",\"isPartOf\":{\"@id\":\"https:\/\/www.gaveanews.com\/#website\"},\"primaryImageOfPage\":{\"@id\":\"https:\/\/www.gaveanews.com\/index.php\/2025\/03\/10\/atacante-vai-deixar-o-fluminense-para-disputar-o-brasileirao-por-outra-equipe\/#primaryimage\"},\"image\":{\"@id\":\"https:\/\/www.gaveanews.com\/index.php\/2025\/03\/10\/atacante-vai-deixar-o-fluminense-para-disputar-o-brasileirao-por-outra-equipe\/#primaryimage\"},\"thumbnailUrl\":\"https:\/\/www.gaveanews.com\/wp-content\/uploads\/Bandeira-do-Fluminense.webp\",\"datePublished\":\"2025-03-11T02:20:00+00:00\",\"author\":{\"@id\":\"https:\/\/www.gaveanews.com\/#\/schema\/person\/daf63eec72e1164eb13dc35096c2b8da\"},\"breadcrumb\":{\"@id\":\"https:\/\/www.gaveanews.com\/index.php\/2025\/03\/10\/atacante-vai-deixar-o-fluminense-para-disputar-o-brasileirao-por-outra-equipe\/#breadcrumb\"},\"inLanguage\":\"pt-BR\",\"potentialAction\":[{\"@type\":\"ReadAction\",\"target\":[\"https:\/\/www.gaveanews.com\/index.php\/2025\/03\/10\/atacante-vai-deixar-o-fluminense-para-disputar-o-brasileirao-por-outra-equipe\/\"]}]},{\"@type\":\"ImageObject\",\"inLanguage\":\"pt-BR\",\"@id\":\"https:\/\/www.gaveanews.com\/index.php\/2025\/03\/10\/atacante-vai-deixar-o-fluminense-para-disputar-o-brasileirao-por-outra-equipe\/#primaryimage\",\"url\":\"https:\/\/www.gaveanews.com\/wp-content\/uploads\/Bandeira-do-Fluminense.webp\",\"contentUrl\":\"https:\/\/www.gaveanews.com\/wp-content\/uploads\/Bandeira-do-Fluminense.webp\",\"width\":1440,\"height\":1080,\"caption\":\"Bandeira do Fluminense (Foto: Reprodu\u00e7\u00e3o\/Fluminense)\"},{\"@type\":\"BreadcrumbList\",\"@id\":\"https:\/\/www.gaveanews.com\/index.php\/2025\/03\/10\/atacante-vai-deixar-o-fluminense-para-disputar-o-brasileirao-por-outra-equipe\/#breadcrumb\",\"itemListElement\":[{\"@type\":\"ListItem\",\"position\":1,\"name\":\"Home\",\"item\":\"https:\/\/www.gaveanews.com\/\"},{\"@type\":\"ListItem\",\"position\":2,\"name\":\"Atacante vai deixar o Fluminense para disputar o Brasileir\u00e3o por outra equipe\"}]},{\"@type\":\"WebSite\",\"@id\":\"https:\/\/www.gaveanews.com\/#website\",\"url\":\"https:\/\/www.gaveanews.com\/\",\"name\":\"G\u00e1vea News\",\"description\":\"Veja todas as not\u00edcias sobre o Flamengo: Contrata\u00e7\u00f5es, categorias de base, resultados das partidas, tabela de classifica\u00e7\u00e3o, pr\u00f3ximos jogos!\",\"potentialAction\":[{\"@type\":\"SearchAction\",\"target\":{\"@type\":\"EntryPoint\",\"urlTemplate\":\"https:\/\/www.gaveanews.com\/?s={search_term_string}\"},\"query-input\":{\"@type\":\"PropertyValueSpecification\",\"valueRequired\":true,\"valueName\":\"search_term_string\"}}],\"inLanguage\":\"pt-BR\"},{\"@type\":\"Person\",\"@id\":\"https:\/\/www.gaveanews.com\/#\/schema\/person\/daf63eec72e1164eb13dc35096c2b8da\",\"name\":\"Paula Silva\",\"image\":{\"@type\":\"ImageObject\",\"inLanguage\":\"pt-BR\",\"@id\":\"https:\/\/www.gaveanews.com\/#\/schema\/person\/image\/\",\"url\":\"https:\/\/secure.gravatar.com\/avatar\/eda381c845527cc5d64c13b901833cda29d97500ba040d3e6461f76f51d163bb?s=96&d=mm&r=g\",\"contentUrl\":\"https:\/\/secure.gravatar.com\/avatar\/eda381c845527cc5d64c13b901833cda29d97500ba040d3e6461f76f51d163bb?s=96&d=mm&r=g\",\"caption\":\"Paula Silva\"}}]}<\/script>\n<!-- \/ Yoast SEO Premium plugin. -->","yoast_head_json":{"title":"Atacante vai deixar o Fluminense para disputar o Brasileir\u00e3o por outra equipe","robots":{"index":"index","follow":"follow","max-snippet":"max-snippet:-1","max-image-preview":"max-image-preview:large","max-video-preview":"max-video-preview:-1"},"canonical":"https:\/\/www.gaveanews.com\/index.php\/2025\/03\/10\/atacante-vai-deixar-o-fluminense-para-disputar-o-brasileirao-por-outra-equipe\/","og_locale":"pt_BR","og_type":"article","og_title":"Atacante vai deixar o Fluminense para disputar o Brasileir\u00e3o por outra equipe","og_description":"O atacante Lel\u00ea, de 27 anos, est\u00e1 pr\u00f3ximo de trocar o Fluminense pelo Juventude. O clube ga\u00facho demonstrou interesse no jogador e iniciou negocia\u00e7\u00f5es com a equipe carioca para viabilizar um empr\u00e9stimo at\u00e9 o fim da temporada. O Fluminense, por sua vez, n\u00e3o apresentou resist\u00eancia \u00e0 sa\u00edda do atleta, que teve poucas oportunidades na equipe [&hellip;]","og_url":"https:\/\/www.gaveanews.com\/index.php\/2025\/03\/10\/atacante-vai-deixar-o-fluminense-para-disputar-o-brasileirao-por-outra-equipe\/","og_site_name":"G\u00e1vea News","article_publisher":"https:\/\/facebook.com\/gaveaNews\/","article_published_time":"2025-03-11T02:20:00+00:00","og_image":[{"width":1440,"height":1080,"url":"https:\/\/www.gaveanews.com\/wp-content\/uploads\/Bandeira-do-Fluminense.webp","type":"image\/webp"}],"author":"Paula Silva","twitter_card":"summary_large_image","twitter_misc":{"Escrito por":"Paula Silva","Est. tempo de leitura":"2 minutos"},"schema":{"@context":"https:\/\/schema.org","@graph":[{"@type":"NewsArticle","@id":"https:\/\/www.gaveanews.com\/index.php\/2025\/03\/10\/atacante-vai-deixar-o-fluminense-para-disputar-o-brasileirao-por-outra-equipe\/#article","isPartOf":{"@id":"https:\/\/www.gaveanews.com\/index.php\/2025\/03\/10\/atacante-vai-deixar-o-fluminense-para-disputar-o-brasileirao-por-outra-equipe\/"},"author":{"name":"Paula Silva","@id":"https:\/\/www.gaveanews.com\/#\/schema\/person\/daf63eec72e1164eb13dc35096c2b8da"},"headline":"Atacante vai deixar o Fluminense para disputar o Brasileir\u00e3o por outra equipe","datePublished":"2025-03-11T02:20:00+00:00","mainEntityOfPage":{"@id":"https:\/\/www.gaveanews.com\/index.php\/2025\/03\/10\/atacante-vai-deixar-o-fluminense-para-disputar-o-brasileirao-por-outra-equipe\/"},"wordCount":322,"commentCount":0,"image":{"@id":"https:\/\/www.gaveanews.com\/index.php\/2025\/03\/10\/atacante-vai-deixar-o-fluminense-para-disputar-o-brasileirao-por-outra-equipe\/#primaryimage"},"thumbnailUrl":"https:\/\/www.gaveanews.com\/wp-content\/uploads\/Bandeira-do-Fluminense.webp","articleSection":["Fluminense"],"inLanguage":"pt-BR","potentialAction":[{"@type":"CommentAction","name":"Comment","target":["https:\/\/www.gaveanews.com\/index.php\/2025\/03\/10\/atacante-vai-deixar-o-fluminense-para-disputar-o-brasileirao-por-outra-equipe\/#respond"]}],"copyrightYear":"2025","copyrightHolder":{"@id":"https:\/\/www.gaveanews.com\/#organization"}},{"@type":"WebPage","@id":"https:\/\/www.gaveanews.com\/index.php\/2025\/03\/10\/atacante-vai-deixar-o-fluminense-para-disputar-o-brasileirao-por-outra-equipe\/","url":"https:\/\/www.gaveanews.com\/index.php\/2025\/03\/10\/atacante-vai-deixar-o-fluminense-para-disputar-o-brasileirao-por-outra-equipe\/","name":"Atacante vai deixar o Fluminense para disputar o Brasileir\u00e3o por outra equipe","isPartOf":{"@id":"https:\/\/www.gaveanews.com\/#website"},"primaryImageOfPage":{"@id":"https:\/\/www.gaveanews.com\/index.php\/2025\/03\/10\/atacante-vai-deixar-o-fluminense-para-disputar-o-brasileirao-por-outra-equipe\/#primaryimage"},"image":{"@id":"https:\/\/www.gaveanews.com\/index.php\/2025\/03\/10\/atacante-vai-deixar-o-fluminense-para-disputar-o-brasileirao-por-outra-equipe\/#primaryimage"},"thumbnailUrl":"https:\/\/www.gaveanews.com\/wp-content\/uploads\/Bandeira-do-Fluminense.webp","datePublished":"2025-03-11T02:20:00+00:00","author":{"@id":"https:\/\/www.gaveanews.com\/#\/schema\/person\/daf63eec72e1164eb13dc35096c2b8da"},"breadcrumb":{"@id":"https:\/\/www.gaveanews.com\/index.php\/2025\/03\/10\/atacante-vai-deixar-o-fluminense-para-disputar-o-brasileirao-por-outra-equipe\/#breadcrumb"},"inLanguage":"pt-BR","potentialAction":[{"@type":"ReadAction","target":["https:\/\/www.gaveanews.com\/index.php\/2025\/03\/10\/atacante-vai-deixar-o-fluminense-para-disputar-o-brasileirao-por-outra-equipe\/"]}]},{"@type":"ImageObject","inLanguage":"pt-BR","@id":"https:\/\/www.gaveanews.com\/index.php\/2025\/03\/10\/atacante-vai-deixar-o-fluminense-para-disputar-o-brasileirao-por-outra-equipe\/#primaryimage","url":"https:\/\/www.gaveanews.com\/wp-content\/uploads\/Bandeira-do-Fluminense.webp","contentUrl":"https:\/\/www.gaveanews.com\/wp-content\/uploads\/Bandeira-do-Fluminense.webp","width":1440,"height":1080,"caption":"Bandeira do Fluminense (Foto: Reprodu\u00e7\u00e3o\/Fluminense)"},{"@type":"BreadcrumbList","@id":"https:\/\/www.gaveanews.com\/index.php\/2025\/03\/10\/atacante-vai-deixar-o-fluminense-para-disputar-o-brasileirao-por-outra-equipe\/#breadcrumb","itemListElement":[{"@type":"ListItem","position":1,"name":"Home","item":"https:\/\/www.gaveanews.com\/"},{"@type":"ListItem","position":2,"name":"Atacante vai deixar o Fluminense para disputar o Brasileir\u00e3o por outra equipe"}]},{"@type":"WebSite","@id":"https:\/\/www.gaveanews.com\/#website","url":"https:\/\/www.gaveanews.com\/","name":"G\u00e1vea News","description":"Veja todas as not\u00edcias sobre o Flamengo: Contrata\u00e7\u00f5es, categorias de base, resultados das partidas, tabela de classifica\u00e7\u00e3o, pr\u00f3ximos jogos!","potentialAction":[{"@type":"SearchAction","target":{"@type":"EntryPoint","urlTemplate":"https:\/\/www.gaveanews.com\/?s={search_term_string}"},"query-input":{"@type":"PropertyValueSpecification","valueRequired":true,"valueName":"search_term_string"}}],"inLanguage":"pt-BR"},{"@type":"Person","@id":"https:\/\/www.gaveanews.com\/#\/schema\/person\/daf63eec72e1164eb13dc35096c2b8da","name":"Paula Silva","image":{"@type":"ImageObject","inLanguage":"pt-BR","@id":"https:\/\/www.gaveanews.com\/#\/schema\/person\/image\/","url":"https:\/\/secure.gravatar.com\/avatar\/eda381c845527cc5d64c13b901833cda29d97500ba040d3e6461f76f51d163bb?s=96&d=mm&r=g","contentUrl":"https:\/\/secure.gravatar.com\/avatar\/eda381c845527cc5d64c13b901833cda29d97500ba040d3e6461f76f51d163bb?s=96&d=mm&r=g","caption":"Paula Silva"}}]}},"_links":{"self":[{"href":"https:\/\/www.gaveanews.com\/index.php\/wp-json\/wp\/v2\/posts\/238264","targetHints":{"allow":["GET"]}}],"collection":[{"href":"https:\/\/www.gaveanews.com\/index.php\/wp-json\/wp\/v2\/posts"}],"about":[{"href":"https:\/\/www.gaveanews.com\/index.php\/wp-json\/wp\/v2\/types\/post"}],"author":[{"embeddable":true,"href":"https:\/\/www.gaveanews.com\/index.php\/wp-json\/wp\/v2\/users\/18"}],"replies":[{"embeddable":true,"href":"https:\/\/www.gaveanews.com\/index.php\/wp-json\/wp\/v2\/comments?post=238264"}],"version-history":[{"count":1,"href":"https:\/\/www.gaveanews.com\/index.php\/wp-json\/wp\/v2\/posts\/238264\/revisions"}],"predecessor-version":[{"id":238265,"href":"https:\/\/www.gaveanews.com\/index.php\/wp-json\/wp\/v2\/posts\/238264\/revisions\/238265"}],"wp:featuredmedia":[{"embeddable":true,"href":"https:\/\/www.gaveanews.com\/index.php\/wp-json\/wp\/v2\/media\/152558"}],"wp:attachment":[{"href":"https:\/\/www.gaveanews.com\/index.php\/wp-json\/wp\/v2\/media?parent=238264"}],"wp:term":[{"taxonomy":"category","embeddable":true,"href":"https:\/\/www.gaveanews.com\/index.php\/wp-json\/wp\/v2\/categories?post=238264"},{"taxonomy":"post_tag","embeddable":true,"href":"https:\/\/www.gaveanews.com\/index.php\/wp-json\/wp\/v2\/tags?post=238264"}],"curies":[{"name":"wp","href":"https:\/\/api.w.org\/{rel}","templated":true}]}}