{"id":238276,"date":"2025-03-11T04:10:00","date_gmt":"2025-03-11T07:10:00","guid":{"rendered":"https:\/\/www.gaveanews.com\/?p=238276"},"modified":"2025-03-10T22:48:59","modified_gmt":"2025-03-11T01:48:59","slug":"saida-de-dois-jogadores-declaracao-de-marcelo-teixeira-e-irritacao-de-neymar-as-ultimas-noticias-do-santos","status":"publish","type":"post","link":"https:\/\/www.gaveanews.com\/index.php\/2025\/03\/11\/saida-de-dois-jogadores-declaracao-de-marcelo-teixeira-e-irritacao-de-neymar-as-ultimas-noticias-do-santos\/","title":{"rendered":"Sa\u00edda de dois jogadores, declara\u00e7\u00e3o de Marcelo Teixeira e irrita\u00e7\u00e3o de Neymar: as \u00faltimas not\u00edcias do Santos"},"content":{"rendered":"\n<p>Nas \u00faltimas horas, o foco das not\u00edcias sobre o Santos se concentram nos bastidores do clube, com destaques do dia a dia do time.<\/p>\n\n\n\n<p>Por conta deste contexto, leia abaixo um resumo preparado pela equipe do portal G\u00e1vea News para lhe manter muito bem informado!<\/p>\n\n\n\n<h2 class=\"wp-block-heading\" id=\"h-irritacao-de-neymar\">Irrita\u00e7\u00e3o de Neymar<\/h2>\n\n\n\n<p>A elimina\u00e7\u00e3o do Santos no Paulist\u00e3o diante do Corinthians gerou uma grande pol\u00eamica envolvendo Neymar. O atacante, que estava no banco de reservas, n\u00e3o entrou em campo, o que causou indigna\u00e7\u00e3o entre os torcedores. Al\u00e9m disso, sua falta de envolvimento na partida e a decis\u00e3o de viajar para o Rio de Janeiro durante o Carnaval, em vez de priorizar sua recupera\u00e7\u00e3o, foram amplamente criticadas, levantando questionamentos sobre sua postura profissional <strong><a href=\"https:\/\/www.gaveanews.com\/index.php\/2025\/03\/10\/neymar-se-irrita-apos-eliminacao-do-santos\/\">(leia a mat\u00e9ria completa).<\/a><\/strong><\/p>\n\n\n\n<figure class=\"wp-block-image size-full\"><img loading=\"lazy\" decoding=\"async\" width=\"984\" height=\"709\" src=\"http:\/\/www.gaveanews.com\/wp-content\/uploads\/image-28.webp\" alt=\"Divulga\u00e7\u00e3o: Santos\" class=\"wp-image-220190\"\/><figcaption class=\"wp-element-caption\">Neymar no Santos &#8211; Foto: Divulga\u00e7\u00e3o\/SFC<\/figcaption><\/figure>\n\n\n\n<p>A repercuss\u00e3o negativa aumentou ap\u00f3s influenciadores esportivos, incluindo C\u00e9sar Augusto, criticarem publicamente Neymar. <\/p>\n\n\n\n<p>O jogador, irritado com as cobran\u00e7as, respondeu de forma direta nas redes sociais, gerando ainda mais discuss\u00f5es entre os torcedores. Essa n\u00e3o \u00e9 a primeira vez que Neymar se envolve em pol\u00eamicas, mas, desta vez, a frustra\u00e7\u00e3o foi maior, j\u00e1 que o Santos contava com seu talento em um momento decisivo da competi\u00e7\u00e3o.<\/p>\n\n\n\n<p>Agora, o Santos volta suas aten\u00e7\u00f5es para o Campeonato Brasileiro, onde enfrentar\u00e1 o Vasco na estreia. J\u00e1 Neymar, mesmo sem atuar pelo clube, foi convocado para as Eliminat\u00f3rias da Sele\u00e7\u00e3o Brasileira, aumentando a expectativa sobre sua recupera\u00e7\u00e3o e sua participa\u00e7\u00e3o nos pr\u00f3ximos jogos. O epis\u00f3dio deixa um ponto de interroga\u00e7\u00e3o sobre seu comprometimento com o clube e como a rela\u00e7\u00e3o com a torcida ser\u00e1 impactada daqui para frente.<\/p>\n\n\n\n<h2 class=\"wp-block-heading\" id=\"h-declaracao-de-marcelo-teixeira\">Declara\u00e7\u00e3o de Marcelo Teixeira<\/h2>\n\n\n\n<p>O presidente do Santos, Marcelo Teixeira, defendeu Neymar ap\u00f3s sua aus\u00eancia na semifinal do Campeonato Paulista contra o Corinthians. Segundo o dirigente, o atacante n\u00e3o possu\u00eda condi\u00e7\u00f5es f\u00edsicas para atuar, pois sentiu um desconforto muscular detectado pela equipe m\u00e9dica. Teixeira enfatizou que a decis\u00e3o foi tomada com cautela pela comiss\u00e3o t\u00e9cnica, sem qualquer influ\u00eancia da Sele\u00e7\u00e3o Brasileira, que em breve disputar\u00e1 as Eliminat\u00f3rias da Copa do Mundo.<\/p>\n\n\n\n<figure class=\"wp-block-image size-full\"><img loading=\"lazy\" decoding=\"async\" width=\"740\" height=\"416\" src=\"http:\/\/www.gaveanews.com\/wp-content\/uploads\/image-2024-06-22T183004.202.webp\" alt=\"\" class=\"wp-image-148899\" srcset=\"https:\/\/www.gaveanews.com\/wp-content\/uploads\/image-2024-06-22T183004.202.webp 740w, https:\/\/www.gaveanews.com\/wp-content\/uploads\/image-2024-06-22T183004.202-300x169.webp 300w, https:\/\/www.gaveanews.com\/wp-content\/uploads\/image-2024-06-22T183004.202-640x360.webp 640w, https:\/\/www.gaveanews.com\/wp-content\/uploads\/image-2024-06-22T183004.202-681x383.webp 681w, https:\/\/www.gaveanews.com\/wp-content\/uploads\/image-2024-06-22T183004.202-100x56.webp 100w\" sizes=\"auto, (max-width: 740px) 100vw, 740px\" \/><figcaption class=\"wp-element-caption\">Marcelo Teixeira-  Foto: Raul Baretta\/ Santos FC<\/figcaption><\/figure>\n\n\n\n<p>Ainda em processo de recupera\u00e7\u00e3o ap\u00f3s uma grave les\u00e3o no ligamento cruzado anterior, Neymar segue sendo monitorado para evitar riscos \u00e0 sua reabilita\u00e7\u00e3o. O presidente relembrou casos anteriores, como o do meia Diego em 2002, que tentou jogar lesionado e precisou deixar o campo ap\u00f3s poucos minutos. O clube considera essencial preservar a integridade f\u00edsica do atacante, visando seu retorno gradual aos gramados sem comprometer sua condi\u00e7\u00e3o f\u00edsica.<\/p>\n\n\n\n<p>Sobre especula\u00e7\u00f5es de uma poss\u00edvel transfer\u00eancia de Neymar para o futebol europeu, Teixeira n\u00e3o forneceu detalhes, mas destacou que o Santos trabalha para mant\u00ea-lo no elenco. No momento, a prioridade \u00e9 garantir sua plena recupera\u00e7\u00e3o para que ele possa contribuir com o time ao longo da temporada. Apesar da frustra\u00e7\u00e3o pela aus\u00eancia no confronto decisivo, a diretoria acredita que a decis\u00e3o tomada foi a mais sensata para o futuro do jogador e do clube.<\/p>\n\n\n\n<h2 class=\"wp-block-heading\" id=\"h-saida-de-dois-jogadores\">Sa\u00edda de dois jogadores<\/h2>\n\n\n\n<p>A elimina\u00e7\u00e3o do Santos na semifinal do Campeonato Paulista, ap\u00f3s a derrota para o Corinthians, gerou forte insatisfa\u00e7\u00e3o entre os torcedores. A aus\u00eancia de Neymar, que sofreu uma les\u00e3o muscular, aumentou as cr\u00edticas ao desempenho da equipe. Entre os principais alvos da torcida est\u00e3o o t\u00e9cnico Pedro Caixinha, questionado por suas escolhas na partida, e os jogadores Jo\u00e3o Basso e Leonardo Godoy, que n\u00e3o corresponderam \u00e0s expectativas <strong><a href=\"https:\/\/www.gaveanews.com\/index.php\/2025\/03\/10\/acabou-o-amor-torcida-do-santos-cobra-saida-de-dois-jogadores\/\">(leia a mat\u00e9ria completa).<\/a><\/strong><\/p>\n\n\n\n<figure class=\"wp-block-image size-large\"><img loading=\"lazy\" decoding=\"async\" width=\"1024\" height=\"763\" src=\"http:\/\/www.gaveanews.com\/wp-content\/uploads\/Joao-Basso-com-a-camisa-do-Santos-1024x763.webp\" alt=\"\" class=\"wp-image-152065\" srcset=\"https:\/\/www.gaveanews.com\/wp-content\/uploads\/Joao-Basso-com-a-camisa-do-Santos-1024x763.webp 1024w, https:\/\/www.gaveanews.com\/wp-content\/uploads\/Joao-Basso-com-a-camisa-do-Santos-300x224.webp 300w, https:\/\/www.gaveanews.com\/wp-content\/uploads\/Joao-Basso-com-a-camisa-do-Santos-768x572.webp 768w, https:\/\/www.gaveanews.com\/wp-content\/uploads\/Joao-Basso-com-a-camisa-do-Santos-1536x1144.webp 1536w, https:\/\/www.gaveanews.com\/wp-content\/uploads\/Joao-Basso-com-a-camisa-do-Santos-564x420.webp 564w, https:\/\/www.gaveanews.com\/wp-content\/uploads\/Joao-Basso-com-a-camisa-do-Santos-1128x840.webp 1128w, https:\/\/www.gaveanews.com\/wp-content\/uploads\/Joao-Basso-com-a-camisa-do-Santos-80x60.webp 80w, https:\/\/www.gaveanews.com\/wp-content\/uploads\/Joao-Basso-com-a-camisa-do-Santos-160x120.webp 160w, https:\/\/www.gaveanews.com\/wp-content\/uploads\/Joao-Basso-com-a-camisa-do-Santos-100x75.webp 100w, https:\/\/www.gaveanews.com\/wp-content\/uploads\/Joao-Basso-com-a-camisa-do-Santos-200x150.webp 200w, https:\/\/www.gaveanews.com\/wp-content\/uploads\/Joao-Basso-com-a-camisa-do-Santos-180x135.webp 180w, https:\/\/www.gaveanews.com\/wp-content\/uploads\/Joao-Basso-com-a-camisa-do-Santos-238x178.webp 238w, https:\/\/www.gaveanews.com\/wp-content\/uploads\/Joao-Basso-com-a-camisa-do-Santos-476x356.webp 476w, https:\/\/www.gaveanews.com\/wp-content\/uploads\/Joao-Basso-com-a-camisa-do-Santos-640x477.webp 640w, https:\/\/www.gaveanews.com\/wp-content\/uploads\/Joao-Basso-com-a-camisa-do-Santos-1280x954.webp 1280w, https:\/\/www.gaveanews.com\/wp-content\/uploads\/Joao-Basso-com-a-camisa-do-Santos-681x507.webp 681w, https:\/\/www.gaveanews.com\/wp-content\/uploads\/Joao-Basso-com-a-camisa-do-Santos-1362x1015.webp 1362w, https:\/\/www.gaveanews.com\/wp-content\/uploads\/Joao-Basso-com-a-camisa-do-Santos.webp 1600w\" sizes=\"auto, (max-width: 1024px) 100vw, 1024px\" \/><figcaption class=\"wp-element-caption\">Jo\u00e3o Basso com a camisa do Santos (Foto: Reprodu\u00e7\u00e3o\/Santos)<\/figcaption><\/figure>\n\n\n\n<p>A press\u00e3o pela sa\u00edda de Caixinha cresceu ainda mais ap\u00f3s declara\u00e7\u00f5es do ex-jogador Neto, que afirmou que a demiss\u00e3o do treinador portugu\u00eas \u00e9 apenas quest\u00e3o de tempo e indicou Tite como um poss\u00edvel substituto. Apesar das cobran\u00e7as, a diretoria do Santos, sob comando de Marcelo Teixeira, mant\u00e9m o respaldo ao t\u00e9cnico, que tem contrato at\u00e9 2026. O CEO Pedro Martins, respons\u00e1vel pela contrata\u00e7\u00e3o de Caixinha, tamb\u00e9m n\u00e3o indicou mudan\u00e7as imediatas.<\/p>\n\n\n\n<p>Agora, o Santos foca na sequ\u00eancia da temporada, com seu pr\u00f3ximo jogo marcado para 30 de mar\u00e7o, contra o Vasco, pelo Brasileir\u00e3o. A equipe tamb\u00e9m aguarda seu advers\u00e1rio na terceira fase da Copa do Brasil. Com um per\u00edodo sem partidas oficiais, a expectativa da torcida \u00e9 por mudan\u00e7as no elenco e na comiss\u00e3o t\u00e9cnica antes da retomada das competi\u00e7\u00f5es.<\/p>\n","protected":false},"excerpt":{"rendered":"<p>Nas \u00faltimas horas, o foco das not\u00edcias sobre o Santos se concentram nos bastidores do clube, com destaques do dia a dia do time. Por conta deste contexto, leia abaixo um resumo preparado pela equipe do portal G\u00e1vea News para lhe manter muito bem informado! Irrita\u00e7\u00e3o de Neymar A elimina\u00e7\u00e3o do Santos no Paulist\u00e3o diante [&hellip;]<\/p>\n","protected":false},"author":33,"featured_media":165619,"comment_status":"open","ping_status":"closed","sticky":false,"template":"","format":"standard","meta":{"footnotes":""},"categories":[139],"tags":[],"class_list":["post-238276","post","type-post","status-publish","format-standard","has-post-thumbnail","hentry","category-santos"],"yoast_head":"<!-- This site is optimized with the Yoast SEO Premium plugin v24.2 (Yoast SEO v26.9) - https:\/\/yoast.com\/product\/yoast-seo-premium-wordpress\/ -->\n<title>Sa\u00edda de dois jogadores, declara\u00e7\u00e3o de Marcelo Teixeira e irrita\u00e7\u00e3o de Neymar: as \u00faltimas not\u00edcias do Santos<\/title>\n<meta name=\"robots\" content=\"index, follow, max-snippet:-1, max-image-preview:large, max-video-preview:-1\" \/>\n<link rel=\"canonical\" href=\"https:\/\/www.gaveanews.com\/index.php\/2025\/03\/11\/saida-de-dois-jogadores-declaracao-de-marcelo-teixeira-e-irritacao-de-neymar-as-ultimas-noticias-do-santos\/\" \/>\n<meta property=\"og:locale\" content=\"pt_BR\" \/>\n<meta property=\"og:type\" content=\"article\" \/>\n<meta property=\"og:title\" content=\"Sa\u00edda de dois jogadores, declara\u00e7\u00e3o de Marcelo Teixeira e irrita\u00e7\u00e3o de Neymar: as \u00faltimas not\u00edcias do Santos\" \/>\n<meta property=\"og:description\" content=\"Nas \u00faltimas horas, o foco das not\u00edcias sobre o Santos se concentram nos bastidores do clube, com destaques do dia a dia do time. Por conta deste contexto, leia abaixo um resumo preparado pela equipe do portal G\u00e1vea News para lhe manter muito bem informado! Irrita\u00e7\u00e3o de Neymar A elimina\u00e7\u00e3o do Santos no Paulist\u00e3o diante [&hellip;]\" \/>\n<meta property=\"og:url\" content=\"https:\/\/www.gaveanews.com\/index.php\/2025\/03\/11\/saida-de-dois-jogadores-declaracao-de-marcelo-teixeira-e-irritacao-de-neymar-as-ultimas-noticias-do-santos\/\" \/>\n<meta property=\"og:site_name\" content=\"G\u00e1vea News\" \/>\n<meta property=\"article:publisher\" content=\"https:\/\/facebook.com\/gaveaNews\/\" \/>\n<meta property=\"article:published_time\" content=\"2025-03-11T07:10:00+00:00\" \/>\n<meta property=\"og:image\" content=\"https:\/\/www.gaveanews.com\/wp-content\/uploads\/Escudo-do-Santos-2.webp\" \/>\n\t<meta property=\"og:image:width\" content=\"1424\" \/>\n\t<meta property=\"og:image:height\" content=\"949\" \/>\n\t<meta property=\"og:image:type\" content=\"image\/webp\" \/>\n<meta name=\"author\" content=\"Brenda Cezillo\" \/>\n<meta name=\"twitter:card\" content=\"summary_large_image\" \/>\n<meta name=\"twitter:label1\" content=\"Escrito por\" \/>\n\t<meta name=\"twitter:data1\" content=\"Brenda Cezillo\" \/>\n\t<meta name=\"twitter:label2\" content=\"Est. tempo de leitura\" \/>\n\t<meta name=\"twitter:data2\" content=\"5 minutos\" \/>\n<script type=\"application\/ld+json\" class=\"yoast-schema-graph\">{\"@context\":\"https:\/\/schema.org\",\"@graph\":[{\"@type\":\"NewsArticle\",\"@id\":\"https:\/\/www.gaveanews.com\/index.php\/2025\/03\/11\/saida-de-dois-jogadores-declaracao-de-marcelo-teixeira-e-irritacao-de-neymar-as-ultimas-noticias-do-santos\/#article\",\"isPartOf\":{\"@id\":\"https:\/\/www.gaveanews.com\/index.php\/2025\/03\/11\/saida-de-dois-jogadores-declaracao-de-marcelo-teixeira-e-irritacao-de-neymar-as-ultimas-noticias-do-santos\/\"},\"author\":{\"name\":\"Brenda Cezillo\",\"@id\":\"https:\/\/www.gaveanews.com\/#\/schema\/person\/c79759ca337c40791ae8d08e2923d403\"},\"headline\":\"Sa\u00edda de dois jogadores, declara\u00e7\u00e3o de Marcelo Teixeira e irrita\u00e7\u00e3o de Neymar: as \u00faltimas not\u00edcias do Santos\",\"datePublished\":\"2025-03-11T07:10:00+00:00\",\"mainEntityOfPage\":{\"@id\":\"https:\/\/www.gaveanews.com\/index.php\/2025\/03\/11\/saida-de-dois-jogadores-declaracao-de-marcelo-teixeira-e-irritacao-de-neymar-as-ultimas-noticias-do-santos\/\"},\"wordCount\":813,\"commentCount\":0,\"image\":{\"@id\":\"https:\/\/www.gaveanews.com\/index.php\/2025\/03\/11\/saida-de-dois-jogadores-declaracao-de-marcelo-teixeira-e-irritacao-de-neymar-as-ultimas-noticias-do-santos\/#primaryimage\"},\"thumbnailUrl\":\"https:\/\/www.gaveanews.com\/wp-content\/uploads\/Escudo-do-Santos-2.webp\",\"articleSection\":[\"Santos\"],\"inLanguage\":\"pt-BR\",\"potentialAction\":[{\"@type\":\"CommentAction\",\"name\":\"Comment\",\"target\":[\"https:\/\/www.gaveanews.com\/index.php\/2025\/03\/11\/saida-de-dois-jogadores-declaracao-de-marcelo-teixeira-e-irritacao-de-neymar-as-ultimas-noticias-do-santos\/#respond\"]}],\"copyrightYear\":\"2025\",\"copyrightHolder\":{\"@id\":\"https:\/\/www.gaveanews.com\/#organization\"}},{\"@type\":\"WebPage\",\"@id\":\"https:\/\/www.gaveanews.com\/index.php\/2025\/03\/11\/saida-de-dois-jogadores-declaracao-de-marcelo-teixeira-e-irritacao-de-neymar-as-ultimas-noticias-do-santos\/\",\"url\":\"https:\/\/www.gaveanews.com\/index.php\/2025\/03\/11\/saida-de-dois-jogadores-declaracao-de-marcelo-teixeira-e-irritacao-de-neymar-as-ultimas-noticias-do-santos\/\",\"name\":\"Sa\u00edda de dois jogadores, declara\u00e7\u00e3o de Marcelo Teixeira e irrita\u00e7\u00e3o de Neymar: as \u00faltimas not\u00edcias do Santos\",\"isPartOf\":{\"@id\":\"https:\/\/www.gaveanews.com\/#website\"},\"primaryImageOfPage\":{\"@id\":\"https:\/\/www.gaveanews.com\/index.php\/2025\/03\/11\/saida-de-dois-jogadores-declaracao-de-marcelo-teixeira-e-irritacao-de-neymar-as-ultimas-noticias-do-santos\/#primaryimage\"},\"image\":{\"@id\":\"https:\/\/www.gaveanews.com\/index.php\/2025\/03\/11\/saida-de-dois-jogadores-declaracao-de-marcelo-teixeira-e-irritacao-de-neymar-as-ultimas-noticias-do-santos\/#primaryimage\"},\"thumbnailUrl\":\"https:\/\/www.gaveanews.com\/wp-content\/uploads\/Escudo-do-Santos-2.webp\",\"datePublished\":\"2025-03-11T07:10:00+00:00\",\"author\":{\"@id\":\"https:\/\/www.gaveanews.com\/#\/schema\/person\/c79759ca337c40791ae8d08e2923d403\"},\"breadcrumb\":{\"@id\":\"https:\/\/www.gaveanews.com\/index.php\/2025\/03\/11\/saida-de-dois-jogadores-declaracao-de-marcelo-teixeira-e-irritacao-de-neymar-as-ultimas-noticias-do-santos\/#breadcrumb\"},\"inLanguage\":\"pt-BR\",\"potentialAction\":[{\"@type\":\"ReadAction\",\"target\":[\"https:\/\/www.gaveanews.com\/index.php\/2025\/03\/11\/saida-de-dois-jogadores-declaracao-de-marcelo-teixeira-e-irritacao-de-neymar-as-ultimas-noticias-do-santos\/\"]}]},{\"@type\":\"ImageObject\",\"inLanguage\":\"pt-BR\",\"@id\":\"https:\/\/www.gaveanews.com\/index.php\/2025\/03\/11\/saida-de-dois-jogadores-declaracao-de-marcelo-teixeira-e-irritacao-de-neymar-as-ultimas-noticias-do-santos\/#primaryimage\",\"url\":\"https:\/\/www.gaveanews.com\/wp-content\/uploads\/Escudo-do-Santos-2.webp\",\"contentUrl\":\"https:\/\/www.gaveanews.com\/wp-content\/uploads\/Escudo-do-Santos-2.webp\",\"width\":1424,\"height\":949,\"caption\":\"Escudo do Santos (Foto: Raul Baretta\/Santos FC)\"},{\"@type\":\"BreadcrumbList\",\"@id\":\"https:\/\/www.gaveanews.com\/index.php\/2025\/03\/11\/saida-de-dois-jogadores-declaracao-de-marcelo-teixeira-e-irritacao-de-neymar-as-ultimas-noticias-do-santos\/#breadcrumb\",\"itemListElement\":[{\"@type\":\"ListItem\",\"position\":1,\"name\":\"Home\",\"item\":\"https:\/\/www.gaveanews.com\/\"},{\"@type\":\"ListItem\",\"position\":2,\"name\":\"Sa\u00edda de dois jogadores, declara\u00e7\u00e3o de Marcelo Teixeira e irrita\u00e7\u00e3o de Neymar: as \u00faltimas not\u00edcias do Santos\"}]},{\"@type\":\"WebSite\",\"@id\":\"https:\/\/www.gaveanews.com\/#website\",\"url\":\"https:\/\/www.gaveanews.com\/\",\"name\":\"G\u00e1vea News\",\"description\":\"Veja todas as not\u00edcias sobre o Flamengo: Contrata\u00e7\u00f5es, categorias de base, resultados das partidas, tabela de classifica\u00e7\u00e3o, pr\u00f3ximos jogos!\",\"potentialAction\":[{\"@type\":\"SearchAction\",\"target\":{\"@type\":\"EntryPoint\",\"urlTemplate\":\"https:\/\/www.gaveanews.com\/?s={search_term_string}\"},\"query-input\":{\"@type\":\"PropertyValueSpecification\",\"valueRequired\":true,\"valueName\":\"search_term_string\"}}],\"inLanguage\":\"pt-BR\"},{\"@type\":\"Person\",\"@id\":\"https:\/\/www.gaveanews.com\/#\/schema\/person\/c79759ca337c40791ae8d08e2923d403\",\"name\":\"Brenda Cezillo\",\"image\":{\"@type\":\"ImageObject\",\"inLanguage\":\"pt-BR\",\"@id\":\"https:\/\/www.gaveanews.com\/#\/schema\/person\/image\/\",\"url\":\"https:\/\/secure.gravatar.com\/avatar\/1738d75cee7317f9c29ae61dd67620c5883d80a92e42a6fff88ae5d527af217a?s=96&d=mm&r=g\",\"contentUrl\":\"https:\/\/secure.gravatar.com\/avatar\/1738d75cee7317f9c29ae61dd67620c5883d80a92e42a6fff88ae5d527af217a?s=96&d=mm&r=g\",\"caption\":\"Brenda Cezillo\"}}]}<\/script>\n<!-- \/ Yoast SEO Premium plugin. -->","yoast_head_json":{"title":"Sa\u00edda de dois jogadores, declara\u00e7\u00e3o de Marcelo Teixeira e irrita\u00e7\u00e3o de Neymar: as \u00faltimas not\u00edcias do Santos","robots":{"index":"index","follow":"follow","max-snippet":"max-snippet:-1","max-image-preview":"max-image-preview:large","max-video-preview":"max-video-preview:-1"},"canonical":"https:\/\/www.gaveanews.com\/index.php\/2025\/03\/11\/saida-de-dois-jogadores-declaracao-de-marcelo-teixeira-e-irritacao-de-neymar-as-ultimas-noticias-do-santos\/","og_locale":"pt_BR","og_type":"article","og_title":"Sa\u00edda de dois jogadores, declara\u00e7\u00e3o de Marcelo Teixeira e irrita\u00e7\u00e3o de Neymar: as \u00faltimas not\u00edcias do Santos","og_description":"Nas \u00faltimas horas, o foco das not\u00edcias sobre o Santos se concentram nos bastidores do clube, com destaques do dia a dia do time. Por conta deste contexto, leia abaixo um resumo preparado pela equipe do portal G\u00e1vea News para lhe manter muito bem informado! Irrita\u00e7\u00e3o de Neymar A elimina\u00e7\u00e3o do Santos no Paulist\u00e3o diante [&hellip;]","og_url":"https:\/\/www.gaveanews.com\/index.php\/2025\/03\/11\/saida-de-dois-jogadores-declaracao-de-marcelo-teixeira-e-irritacao-de-neymar-as-ultimas-noticias-do-santos\/","og_site_name":"G\u00e1vea News","article_publisher":"https:\/\/facebook.com\/gaveaNews\/","article_published_time":"2025-03-11T07:10:00+00:00","og_image":[{"width":1424,"height":949,"url":"https:\/\/www.gaveanews.com\/wp-content\/uploads\/Escudo-do-Santos-2.webp","type":"image\/webp"}],"author":"Brenda Cezillo","twitter_card":"summary_large_image","twitter_misc":{"Escrito por":"Brenda Cezillo","Est. tempo de leitura":"5 minutos"},"schema":{"@context":"https:\/\/schema.org","@graph":[{"@type":"NewsArticle","@id":"https:\/\/www.gaveanews.com\/index.php\/2025\/03\/11\/saida-de-dois-jogadores-declaracao-de-marcelo-teixeira-e-irritacao-de-neymar-as-ultimas-noticias-do-santos\/#article","isPartOf":{"@id":"https:\/\/www.gaveanews.com\/index.php\/2025\/03\/11\/saida-de-dois-jogadores-declaracao-de-marcelo-teixeira-e-irritacao-de-neymar-as-ultimas-noticias-do-santos\/"},"author":{"name":"Brenda Cezillo","@id":"https:\/\/www.gaveanews.com\/#\/schema\/person\/c79759ca337c40791ae8d08e2923d403"},"headline":"Sa\u00edda de dois jogadores, declara\u00e7\u00e3o de Marcelo Teixeira e irrita\u00e7\u00e3o de Neymar: as \u00faltimas not\u00edcias do Santos","datePublished":"2025-03-11T07:10:00+00:00","mainEntityOfPage":{"@id":"https:\/\/www.gaveanews.com\/index.php\/2025\/03\/11\/saida-de-dois-jogadores-declaracao-de-marcelo-teixeira-e-irritacao-de-neymar-as-ultimas-noticias-do-santos\/"},"wordCount":813,"commentCount":0,"image":{"@id":"https:\/\/www.gaveanews.com\/index.php\/2025\/03\/11\/saida-de-dois-jogadores-declaracao-de-marcelo-teixeira-e-irritacao-de-neymar-as-ultimas-noticias-do-santos\/#primaryimage"},"thumbnailUrl":"https:\/\/www.gaveanews.com\/wp-content\/uploads\/Escudo-do-Santos-2.webp","articleSection":["Santos"],"inLanguage":"pt-BR","potentialAction":[{"@type":"CommentAction","name":"Comment","target":["https:\/\/www.gaveanews.com\/index.php\/2025\/03\/11\/saida-de-dois-jogadores-declaracao-de-marcelo-teixeira-e-irritacao-de-neymar-as-ultimas-noticias-do-santos\/#respond"]}],"copyrightYear":"2025","copyrightHolder":{"@id":"https:\/\/www.gaveanews.com\/#organization"}},{"@type":"WebPage","@id":"https:\/\/www.gaveanews.com\/index.php\/2025\/03\/11\/saida-de-dois-jogadores-declaracao-de-marcelo-teixeira-e-irritacao-de-neymar-as-ultimas-noticias-do-santos\/","url":"https:\/\/www.gaveanews.com\/index.php\/2025\/03\/11\/saida-de-dois-jogadores-declaracao-de-marcelo-teixeira-e-irritacao-de-neymar-as-ultimas-noticias-do-santos\/","name":"Sa\u00edda de dois jogadores, declara\u00e7\u00e3o de Marcelo Teixeira e irrita\u00e7\u00e3o de Neymar: as \u00faltimas not\u00edcias do Santos","isPartOf":{"@id":"https:\/\/www.gaveanews.com\/#website"},"primaryImageOfPage":{"@id":"https:\/\/www.gaveanews.com\/index.php\/2025\/03\/11\/saida-de-dois-jogadores-declaracao-de-marcelo-teixeira-e-irritacao-de-neymar-as-ultimas-noticias-do-santos\/#primaryimage"},"image":{"@id":"https:\/\/www.gaveanews.com\/index.php\/2025\/03\/11\/saida-de-dois-jogadores-declaracao-de-marcelo-teixeira-e-irritacao-de-neymar-as-ultimas-noticias-do-santos\/#primaryimage"},"thumbnailUrl":"https:\/\/www.gaveanews.com\/wp-content\/uploads\/Escudo-do-Santos-2.webp","datePublished":"2025-03-11T07:10:00+00:00","author":{"@id":"https:\/\/www.gaveanews.com\/#\/schema\/person\/c79759ca337c40791ae8d08e2923d403"},"breadcrumb":{"@id":"https:\/\/www.gaveanews.com\/index.php\/2025\/03\/11\/saida-de-dois-jogadores-declaracao-de-marcelo-teixeira-e-irritacao-de-neymar-as-ultimas-noticias-do-santos\/#breadcrumb"},"inLanguage":"pt-BR","potentialAction":[{"@type":"ReadAction","target":["https:\/\/www.gaveanews.com\/index.php\/2025\/03\/11\/saida-de-dois-jogadores-declaracao-de-marcelo-teixeira-e-irritacao-de-neymar-as-ultimas-noticias-do-santos\/"]}]},{"@type":"ImageObject","inLanguage":"pt-BR","@id":"https:\/\/www.gaveanews.com\/index.php\/2025\/03\/11\/saida-de-dois-jogadores-declaracao-de-marcelo-teixeira-e-irritacao-de-neymar-as-ultimas-noticias-do-santos\/#primaryimage","url":"https:\/\/www.gaveanews.com\/wp-content\/uploads\/Escudo-do-Santos-2.webp","contentUrl":"https:\/\/www.gaveanews.com\/wp-content\/uploads\/Escudo-do-Santos-2.webp","width":1424,"height":949,"caption":"Escudo do Santos (Foto: Raul Baretta\/Santos FC)"},{"@type":"BreadcrumbList","@id":"https:\/\/www.gaveanews.com\/index.php\/2025\/03\/11\/saida-de-dois-jogadores-declaracao-de-marcelo-teixeira-e-irritacao-de-neymar-as-ultimas-noticias-do-santos\/#breadcrumb","itemListElement":[{"@type":"ListItem","position":1,"name":"Home","item":"https:\/\/www.gaveanews.com\/"},{"@type":"ListItem","position":2,"name":"Sa\u00edda de dois jogadores, declara\u00e7\u00e3o de Marcelo Teixeira e irrita\u00e7\u00e3o de Neymar: as \u00faltimas not\u00edcias do Santos"}]},{"@type":"WebSite","@id":"https:\/\/www.gaveanews.com\/#website","url":"https:\/\/www.gaveanews.com\/","name":"G\u00e1vea News","description":"Veja todas as not\u00edcias sobre o Flamengo: Contrata\u00e7\u00f5es, categorias de base, resultados das partidas, tabela de classifica\u00e7\u00e3o, pr\u00f3ximos jogos!","potentialAction":[{"@type":"SearchAction","target":{"@type":"EntryPoint","urlTemplate":"https:\/\/www.gaveanews.com\/?s={search_term_string}"},"query-input":{"@type":"PropertyValueSpecification","valueRequired":true,"valueName":"search_term_string"}}],"inLanguage":"pt-BR"},{"@type":"Person","@id":"https:\/\/www.gaveanews.com\/#\/schema\/person\/c79759ca337c40791ae8d08e2923d403","name":"Brenda Cezillo","image":{"@type":"ImageObject","inLanguage":"pt-BR","@id":"https:\/\/www.gaveanews.com\/#\/schema\/person\/image\/","url":"https:\/\/secure.gravatar.com\/avatar\/1738d75cee7317f9c29ae61dd67620c5883d80a92e42a6fff88ae5d527af217a?s=96&d=mm&r=g","contentUrl":"https:\/\/secure.gravatar.com\/avatar\/1738d75cee7317f9c29ae61dd67620c5883d80a92e42a6fff88ae5d527af217a?s=96&d=mm&r=g","caption":"Brenda Cezillo"}}]}},"_links":{"self":[{"href":"https:\/\/www.gaveanews.com\/index.php\/wp-json\/wp\/v2\/posts\/238276","targetHints":{"allow":["GET"]}}],"collection":[{"href":"https:\/\/www.gaveanews.com\/index.php\/wp-json\/wp\/v2\/posts"}],"about":[{"href":"https:\/\/www.gaveanews.com\/index.php\/wp-json\/wp\/v2\/types\/post"}],"author":[{"embeddable":true,"href":"https:\/\/www.gaveanews.com\/index.php\/wp-json\/wp\/v2\/users\/33"}],"replies":[{"embeddable":true,"href":"https:\/\/www.gaveanews.com\/index.php\/wp-json\/wp\/v2\/comments?post=238276"}],"version-history":[{"count":1,"href":"https:\/\/www.gaveanews.com\/index.php\/wp-json\/wp\/v2\/posts\/238276\/revisions"}],"predecessor-version":[{"id":238286,"href":"https:\/\/www.gaveanews.com\/index.php\/wp-json\/wp\/v2\/posts\/238276\/revisions\/238286"}],"wp:featuredmedia":[{"embeddable":true,"href":"https:\/\/www.gaveanews.com\/index.php\/wp-json\/wp\/v2\/media\/165619"}],"wp:attachment":[{"href":"https:\/\/www.gaveanews.com\/index.php\/wp-json\/wp\/v2\/media?parent=238276"}],"wp:term":[{"taxonomy":"category","embeddable":true,"href":"https:\/\/www.gaveanews.com\/index.php\/wp-json\/wp\/v2\/categories?post=238276"},{"taxonomy":"post_tag","embeddable":true,"href":"https:\/\/www.gaveanews.com\/index.php\/wp-json\/wp\/v2\/tags?post=238276"}],"curies":[{"name":"wp","href":"https:\/\/api.w.org\/{rel}","templated":true}]}}