{"id":238277,"date":"2025-03-11T04:00:00","date_gmt":"2025-03-11T07:00:00","guid":{"rendered":"https:\/\/www.gaveanews.com\/?p=238277"},"modified":"2025-03-10T22:32:51","modified_gmt":"2025-03-11T01:32:51","slug":"mudanca-radical-no-brasileirao-gerson-da-bronca-durante-treino-ferj-emite-nota-oficial-as-ultimas-noticias-do-flamengo","status":"publish","type":"post","link":"https:\/\/www.gaveanews.com\/index.php\/2025\/03\/11\/mudanca-radical-no-brasileirao-gerson-da-bronca-durante-treino-ferj-emite-nota-oficial-as-ultimas-noticias-do-flamengo\/","title":{"rendered":"Mudan\u00e7a radical no Brasileir\u00e3o, Gerson d\u00e1 bronca durante treino, FERJ emite nota oficial: as \u00faltimas not\u00edcias do Flamengo"},"content":{"rendered":"\n<p>Nas \u00faltimas horas, o foco das not\u00edcias sobre o Flamengo se concentram nos bastidores do clube, com destaques do dia a dia do time.<\/p>\n\n\n\n<p>Por conta deste contexto, leia abaixo um resumo preparado pela equipe do portal G\u00e1vea News para lhe manter muito bem informado!<\/p>\n\n\n\n<h2 class=\"wp-block-heading\" id=\"h-ferj-emite-nota-oficial\">FERJ emite nota oficial<\/h2>\n\n\n\n<p>A final do Campeonato Carioca entre Fluminense e Flamengo est\u00e1 definida, com os dois times chegando embalados ap\u00f3s vencerem suas respectivas semifinais. O Fluminense superou o Volta Redonda com um agregado de 4 a 0, enquanto o Flamengo passou pelo Vasco com um placar de 3 a 1. O confronto promete ser intenso, j\u00e1 que a primeira fase do torneio terminou com um empate sem gols entre as equipes, aumentando a expectativa para a decis\u00e3o <strong><a href=\"https:\/\/www.gaveanews.com\/index.php\/2025\/03\/10\/ferj-define-horario-de-fluminense-x-flamengo-pelo-carioca\/\">(leia a mat\u00e9ria completa)<\/a><\/strong><\/p>\n\n\n\n<figure class=\"wp-block-image size-large\"><img loading=\"lazy\" decoding=\"async\" width=\"1024\" height=\"601\" src=\"http:\/\/www.gaveanews.com\/wp-content\/uploads\/chrome_zy2GleMuvA-1024x601.webp\" alt=\"\" class=\"wp-image-126532\" srcset=\"https:\/\/www.gaveanews.com\/wp-content\/uploads\/chrome_zy2GleMuvA-1024x601.webp 1024w, https:\/\/www.gaveanews.com\/wp-content\/uploads\/chrome_zy2GleMuvA-300x176.webp 300w, https:\/\/www.gaveanews.com\/wp-content\/uploads\/chrome_zy2GleMuvA-768x451.webp 768w, https:\/\/www.gaveanews.com\/wp-content\/uploads\/chrome_zy2GleMuvA-1536x902.webp 1536w, https:\/\/www.gaveanews.com\/wp-content\/uploads\/chrome_zy2GleMuvA-716x420.webp 716w, https:\/\/www.gaveanews.com\/wp-content\/uploads\/chrome_zy2GleMuvA-1431x840.webp 1431w, https:\/\/www.gaveanews.com\/wp-content\/uploads\/chrome_zy2GleMuvA-640x376.webp 640w, https:\/\/www.gaveanews.com\/wp-content\/uploads\/chrome_zy2GleMuvA-1280x751.webp 1280w, https:\/\/www.gaveanews.com\/wp-content\/uploads\/chrome_zy2GleMuvA-681x400.webp 681w, https:\/\/www.gaveanews.com\/wp-content\/uploads\/chrome_zy2GleMuvA-1362x800.webp 1362w, https:\/\/www.gaveanews.com\/wp-content\/uploads\/chrome_zy2GleMuvA-100x59.webp 100w, https:\/\/www.gaveanews.com\/wp-content\/uploads\/chrome_zy2GleMuvA.webp 1576w\" sizes=\"auto, (max-width: 1024px) 100vw, 1024px\" \/><figcaption class=\"wp-element-caption\">FERJ<\/figcaption><\/figure>\n\n\n\n<p>A Federa\u00e7\u00e3o de Futebol do Estado do Rio de Janeiro (Ferj) anunciou que o primeiro jogo da final ser\u00e1 na quarta-feira (12), \u00e0s 21h30, no Maracan\u00e3, com mando do Fluminense. <\/p>\n\n\n\n<p>A partida de volta, tamb\u00e9m no mesmo est\u00e1dio, ainda n\u00e3o teve o hor\u00e1rio confirmado, mas est\u00e1 prevista para os dias 15 ou 16 de mar\u00e7o. A defini\u00e7\u00e3o do cronograma depende do ajuste da agenda do Maracan\u00e3, que precisa acomodar os compromissos dos clubes.<\/p>\n\n\n\n<p>Al\u00e9m do duelo dentro de campo, um fator curioso chama aten\u00e7\u00e3o: o t\u00e9cnico do Flamengo, Filipe Lu\u00eds, nunca venceu o Fluminense desde que assumiu o comando do time. Com isso, o treinador rubro-negro busca quebrar esse jejum e conquistar um triunfo fundamental para a equipe na busca pelo t\u00edtulo estadual.<\/p>\n\n\n\n<h2 class=\"wp-block-heading\" id=\"h-gerson-da-bronca-durante-treino\">Gerson d\u00e1 bronca durante treino<\/h2>\n\n\n\n<p>O Flamengo iniciou a temporada de 2025 com mudan\u00e7as significativas fora de campo, especialmente com a nova gest\u00e3o de Luiz Eduardo Baptista (BAP), que permitiu treinos abertos \u00e0 imprensa, algo que n\u00e3o acontecia na administra\u00e7\u00e3o anterior. Durante uma dessas atividades, um momento descontra\u00eddo chamou aten\u00e7\u00e3o: Matheus Gon\u00e7alves, jovem talento do clube, fez uma brincadeira antes do treino e recebeu uma bronca do capit\u00e3o Gerson, que n\u00e3o deixou a atitude passar despercebida <strong><a href=\"https:\/\/www.gaveanews.com\/index.php\/2025\/03\/10\/video-matheus-goncalves-faz-graca-durante-treino-do-flamengo-e-leva-bronca-de-gerson\/\">(leia a mat\u00e9ria completa)<\/a><\/strong><\/p>\n\n\n\n<figure class=\"wp-block-image size-full\"><img loading=\"lazy\" decoding=\"async\" width=\"1024\" height=\"709\" src=\"http:\/\/www.gaveanews.com\/wp-content\/uploads\/gerson-everton-ribeiro-flamengo-2x1-bahia-campeonato-brasileiro-1024x709-1.webp\" alt=\"\" class=\"wp-image-161627\" srcset=\"https:\/\/www.gaveanews.com\/wp-content\/uploads\/gerson-everton-ribeiro-flamengo-2x1-bahia-campeonato-brasileiro-1024x709-1.webp 1024w, https:\/\/www.gaveanews.com\/wp-content\/uploads\/gerson-everton-ribeiro-flamengo-2x1-bahia-campeonato-brasileiro-1024x709-1-300x208.webp 300w, https:\/\/www.gaveanews.com\/wp-content\/uploads\/gerson-everton-ribeiro-flamengo-2x1-bahia-campeonato-brasileiro-1024x709-1-768x532.webp 768w, https:\/\/www.gaveanews.com\/wp-content\/uploads\/gerson-everton-ribeiro-flamengo-2x1-bahia-campeonato-brasileiro-1024x709-1-607x420.webp 607w, https:\/\/www.gaveanews.com\/wp-content\/uploads\/gerson-everton-ribeiro-flamengo-2x1-bahia-campeonato-brasileiro-1024x709-1-640x443.webp 640w, https:\/\/www.gaveanews.com\/wp-content\/uploads\/gerson-everton-ribeiro-flamengo-2x1-bahia-campeonato-brasileiro-1024x709-1-681x472.webp 681w, https:\/\/www.gaveanews.com\/wp-content\/uploads\/gerson-everton-ribeiro-flamengo-2x1-bahia-campeonato-brasileiro-1024x709-1-1022x709.webp 1022w, https:\/\/www.gaveanews.com\/wp-content\/uploads\/gerson-everton-ribeiro-flamengo-2x1-bahia-campeonato-brasileiro-1024x709-1-100x69.webp 100w\" sizes=\"auto, (max-width: 1024px) 100vw, 1024px\" \/><figcaption class=\"wp-element-caption\">Foto: Paula Reis \/ Flamengo\n<\/figcaption><\/figure>\n\n\n\n<p>O epis\u00f3dio foi registrado pela jornalista Isabelle Costa, que compartilhou o v\u00eddeo do momento nas redes sociais. Segundo a legenda da publica\u00e7\u00e3o, Matheus tentou iniciar um aquecimento com futv\u00f4lei de forma irreverente, mas Gerson rapidamente repreendeu o companheiro de equipe, em tom descontra\u00eddo. O capit\u00e3o do Flamengo tem forte proximidade com os jovens do elenco e costuma orient\u00e1-los dentro e fora de campo, mantendo uma postura de lideran\u00e7a.<\/p>\n\n\n\n<p>Al\u00e9m de Matheus Gon\u00e7alves, outros jogadores das categorias de base, como Wesley, tamb\u00e9m possuem uma rela\u00e7\u00e3o pr\u00f3xima com Gerson, a quem chamam de \u201cpaiz\u00e3o\u201d. O ambiente no Ninho do Urubu segue leve e motivado para o pr\u00f3ximo desafio do Flamengo: a final do Campeonato Carioca contra o Fluminense. O primeiro confronto acontecer\u00e1 na pr\u00f3xima quarta-feira (12), \u00e0s 21h30, no Maracan\u00e3, com expectativas altas para o desempenho da equipe rubro-negra.<\/p>\n\n\n\n<h2 class=\"wp-block-heading\" id=\"h-mudanca-radical-no-brasileirao\">Mudan\u00e7a radical no Brasileir\u00e3o<\/h2>\n\n\n\n<p>As negocia\u00e7\u00f5es entre a Libra (Liga do Futebol Brasileiro) e a Liga Forte Uni\u00e3o (LFU) avan\u00e7am para retirar a Confedera\u00e7\u00e3o Brasileira de Futebol (CBF) da organiza\u00e7\u00e3o do Campeonato Brasileiro. Caso a mudan\u00e7a se concretize, a edi\u00e7\u00e3o de 2027 ser\u00e1 a primeira sem a participa\u00e7\u00e3o da CBF, promovendo uma reestrutura\u00e7\u00e3o in\u00e9dita no torneio <strong><a href=\"https:\/\/www.gaveanews.com\/index.php\/2025\/03\/10\/campeonato-brasileiro-pode-sofrer-mudanca-radical\/\">(leia a mat\u00e9ria completa)<\/a><\/strong><\/p>\n\n\n\n<figure class=\"wp-block-image size-full\"><img loading=\"lazy\" decoding=\"async\" width=\"1000\" height=\"667\" src=\"http:\/\/www.gaveanews.com\/wp-content\/uploads\/Taca-do-Campeonato-Brasileiro.webp\" alt=\"\" class=\"wp-image-86017\" srcset=\"https:\/\/www.gaveanews.com\/wp-content\/uploads\/Taca-do-Campeonato-Brasileiro.webp 1000w, https:\/\/www.gaveanews.com\/wp-content\/uploads\/Taca-do-Campeonato-Brasileiro-300x200.webp 300w, https:\/\/www.gaveanews.com\/wp-content\/uploads\/Taca-do-Campeonato-Brasileiro-768x512.webp 768w, https:\/\/www.gaveanews.com\/wp-content\/uploads\/Taca-do-Campeonato-Brasileiro-630x420.webp 630w, https:\/\/www.gaveanews.com\/wp-content\/uploads\/Taca-do-Campeonato-Brasileiro-640x427.webp 640w, https:\/\/www.gaveanews.com\/wp-content\/uploads\/Taca-do-Campeonato-Brasileiro-681x454.webp 681w, https:\/\/www.gaveanews.com\/wp-content\/uploads\/Taca-do-Campeonato-Brasileiro-100x67.webp 100w\" sizes=\"auto, (max-width: 1000px) 100vw, 1000px\" \/><figcaption class=\"wp-element-caption\">Ta\u00e7a do Campeonato Brasileiro (Foto: Lucas Figueiredo\/CBF)<\/figcaption><\/figure>\n\n\n\n<p>A parceria entre Libra e LFU j\u00e1 demonstrou for\u00e7a ao dividir os direitos de transmiss\u00e3o da S\u00e9rie B, e agora busca garantir maior autonomia aos clubes na gest\u00e3o do campeonato. Essa independ\u00eancia pode proporcionar mais flexibilidade e melhores condi\u00e7\u00f5es financeiras \u00e0s equipes, que assumiriam o controle da competi\u00e7\u00e3o. No entanto, desafios internos, como a crise entre o Flamengo e a Libra devido \u00e0 negocia\u00e7\u00e3o de direitos de transmiss\u00e3o, mostram que a transi\u00e7\u00e3o pode enfrentar obst\u00e1culos.<\/p>\n\n\n\n<p>Enquanto essas mudan\u00e7as s\u00e3o debatidas, o Flamengo segue focado no presente, disputando o Campeonato Carioca e se preparando para a estreia no Brasileir\u00e3o 2025 contra o Internacional, no Maracan\u00e3. A torcida rubro-negra acompanha atentamente tanto o desempenho do time quanto as movimenta\u00e7\u00f5es nos bastidores do futebol nacional, que podem redefinir o futuro da principal liga do pa\u00eds.<\/p>\n","protected":false},"excerpt":{"rendered":"<p>Nas \u00faltimas horas, o foco das not\u00edcias sobre o Flamengo se concentram nos bastidores do clube, com destaques do dia a dia do time. Por conta deste contexto, leia abaixo um resumo preparado pela equipe do portal G\u00e1vea News para lhe manter muito bem informado! FERJ emite nota oficial A final do Campeonato Carioca entre [&hellip;]<\/p>\n","protected":false},"author":33,"featured_media":64001,"comment_status":"open","ping_status":"closed","sticky":false,"template":"","format":"standard","meta":{"footnotes":""},"categories":[1],"tags":[],"class_list":["post-238277","post","type-post","status-publish","format-standard","has-post-thumbnail","hentry","category-flamengo"],"yoast_head":"<!-- This site is optimized with the Yoast SEO Premium plugin v24.2 (Yoast SEO v26.9) - https:\/\/yoast.com\/product\/yoast-seo-premium-wordpress\/ -->\n<title>Mudan\u00e7a radical no Brasileir\u00e3o, Gerson d\u00e1 bronca durante treino, FERJ emite nota oficial: as \u00faltimas not\u00edcias do Flamengo<\/title>\n<meta name=\"robots\" content=\"index, follow, max-snippet:-1, max-image-preview:large, max-video-preview:-1\" \/>\n<link rel=\"canonical\" href=\"https:\/\/www.gaveanews.com\/index.php\/2025\/03\/11\/mudanca-radical-no-brasileirao-gerson-da-bronca-durante-treino-ferj-emite-nota-oficial-as-ultimas-noticias-do-flamengo\/\" \/>\n<meta property=\"og:locale\" content=\"pt_BR\" \/>\n<meta property=\"og:type\" content=\"article\" \/>\n<meta property=\"og:title\" content=\"Mudan\u00e7a radical no Brasileir\u00e3o, Gerson d\u00e1 bronca durante treino, FERJ emite nota oficial: as \u00faltimas not\u00edcias do Flamengo\" \/>\n<meta property=\"og:description\" content=\"Nas \u00faltimas horas, o foco das not\u00edcias sobre o Flamengo se concentram nos bastidores do clube, com destaques do dia a dia do time. Por conta deste contexto, leia abaixo um resumo preparado pela equipe do portal G\u00e1vea News para lhe manter muito bem informado! FERJ emite nota oficial A final do Campeonato Carioca entre [&hellip;]\" \/>\n<meta property=\"og:url\" content=\"https:\/\/www.gaveanews.com\/index.php\/2025\/03\/11\/mudanca-radical-no-brasileirao-gerson-da-bronca-durante-treino-ferj-emite-nota-oficial-as-ultimas-noticias-do-flamengo\/\" \/>\n<meta property=\"og:site_name\" content=\"G\u00e1vea News\" \/>\n<meta property=\"article:publisher\" content=\"https:\/\/facebook.com\/gaveaNews\/\" \/>\n<meta property=\"article:published_time\" content=\"2025-03-11T07:00:00+00:00\" \/>\n<meta property=\"og:image\" content=\"https:\/\/www.gaveanews.com\/wp-content\/uploads\/Bandeira-do-Flamengo-no-estadio-do-Corinthians-antes-do-jogo-contra-o-Fluminense-pelo-Campeonato-Brasileiro-de-2021.webp\" \/>\n\t<meta property=\"og:image:width\" content=\"799\" \/>\n\t<meta property=\"og:image:height\" content=\"532\" \/>\n\t<meta property=\"og:image:type\" content=\"image\/jpeg\" \/>\n<meta name=\"author\" content=\"Brenda Cezillo\" \/>\n<meta name=\"twitter:card\" content=\"summary_large_image\" \/>\n<meta name=\"twitter:label1\" content=\"Escrito por\" \/>\n\t<meta name=\"twitter:data1\" content=\"Brenda Cezillo\" \/>\n\t<meta name=\"twitter:label2\" content=\"Est. tempo de leitura\" \/>\n\t<meta name=\"twitter:data2\" content=\"5 minutos\" \/>\n<script type=\"application\/ld+json\" class=\"yoast-schema-graph\">{\"@context\":\"https:\/\/schema.org\",\"@graph\":[{\"@type\":\"NewsArticle\",\"@id\":\"https:\/\/www.gaveanews.com\/index.php\/2025\/03\/11\/mudanca-radical-no-brasileirao-gerson-da-bronca-durante-treino-ferj-emite-nota-oficial-as-ultimas-noticias-do-flamengo\/#article\",\"isPartOf\":{\"@id\":\"https:\/\/www.gaveanews.com\/index.php\/2025\/03\/11\/mudanca-radical-no-brasileirao-gerson-da-bronca-durante-treino-ferj-emite-nota-oficial-as-ultimas-noticias-do-flamengo\/\"},\"author\":{\"name\":\"Brenda Cezillo\",\"@id\":\"https:\/\/www.gaveanews.com\/#\/schema\/person\/c79759ca337c40791ae8d08e2923d403\"},\"headline\":\"Mudan\u00e7a radical no Brasileir\u00e3o, Gerson d\u00e1 bronca durante treino, FERJ emite nota oficial: as \u00faltimas not\u00edcias do Flamengo\",\"datePublished\":\"2025-03-11T07:00:00+00:00\",\"mainEntityOfPage\":{\"@id\":\"https:\/\/www.gaveanews.com\/index.php\/2025\/03\/11\/mudanca-radical-no-brasileirao-gerson-da-bronca-durante-treino-ferj-emite-nota-oficial-as-ultimas-noticias-do-flamengo\/\"},\"wordCount\":754,\"commentCount\":0,\"image\":{\"@id\":\"https:\/\/www.gaveanews.com\/index.php\/2025\/03\/11\/mudanca-radical-no-brasileirao-gerson-da-bronca-durante-treino-ferj-emite-nota-oficial-as-ultimas-noticias-do-flamengo\/#primaryimage\"},\"thumbnailUrl\":\"https:\/\/www.gaveanews.com\/wp-content\/uploads\/Bandeira-do-Flamengo-no-estadio-do-Corinthians-antes-do-jogo-contra-o-Fluminense-pelo-Campeonato-Brasileiro-de-2021.webp\",\"articleSection\":[\"Flamengo\"],\"inLanguage\":\"pt-BR\",\"potentialAction\":[{\"@type\":\"CommentAction\",\"name\":\"Comment\",\"target\":[\"https:\/\/www.gaveanews.com\/index.php\/2025\/03\/11\/mudanca-radical-no-brasileirao-gerson-da-bronca-durante-treino-ferj-emite-nota-oficial-as-ultimas-noticias-do-flamengo\/#respond\"]}],\"copyrightYear\":\"2025\",\"copyrightHolder\":{\"@id\":\"https:\/\/www.gaveanews.com\/#organization\"}},{\"@type\":\"WebPage\",\"@id\":\"https:\/\/www.gaveanews.com\/index.php\/2025\/03\/11\/mudanca-radical-no-brasileirao-gerson-da-bronca-durante-treino-ferj-emite-nota-oficial-as-ultimas-noticias-do-flamengo\/\",\"url\":\"https:\/\/www.gaveanews.com\/index.php\/2025\/03\/11\/mudanca-radical-no-brasileirao-gerson-da-bronca-durante-treino-ferj-emite-nota-oficial-as-ultimas-noticias-do-flamengo\/\",\"name\":\"Mudan\u00e7a radical no Brasileir\u00e3o, Gerson d\u00e1 bronca durante treino, FERJ emite nota oficial: as \u00faltimas not\u00edcias do Flamengo\",\"isPartOf\":{\"@id\":\"https:\/\/www.gaveanews.com\/#website\"},\"primaryImageOfPage\":{\"@id\":\"https:\/\/www.gaveanews.com\/index.php\/2025\/03\/11\/mudanca-radical-no-brasileirao-gerson-da-bronca-durante-treino-ferj-emite-nota-oficial-as-ultimas-noticias-do-flamengo\/#primaryimage\"},\"image\":{\"@id\":\"https:\/\/www.gaveanews.com\/index.php\/2025\/03\/11\/mudanca-radical-no-brasileirao-gerson-da-bronca-durante-treino-ferj-emite-nota-oficial-as-ultimas-noticias-do-flamengo\/#primaryimage\"},\"thumbnailUrl\":\"https:\/\/www.gaveanews.com\/wp-content\/uploads\/Bandeira-do-Flamengo-no-estadio-do-Corinthians-antes-do-jogo-contra-o-Fluminense-pelo-Campeonato-Brasileiro-de-2021.webp\",\"datePublished\":\"2025-03-11T07:00:00+00:00\",\"author\":{\"@id\":\"https:\/\/www.gaveanews.com\/#\/schema\/person\/c79759ca337c40791ae8d08e2923d403\"},\"breadcrumb\":{\"@id\":\"https:\/\/www.gaveanews.com\/index.php\/2025\/03\/11\/mudanca-radical-no-brasileirao-gerson-da-bronca-durante-treino-ferj-emite-nota-oficial-as-ultimas-noticias-do-flamengo\/#breadcrumb\"},\"inLanguage\":\"pt-BR\",\"potentialAction\":[{\"@type\":\"ReadAction\",\"target\":[\"https:\/\/www.gaveanews.com\/index.php\/2025\/03\/11\/mudanca-radical-no-brasileirao-gerson-da-bronca-durante-treino-ferj-emite-nota-oficial-as-ultimas-noticias-do-flamengo\/\"]}]},{\"@type\":\"ImageObject\",\"inLanguage\":\"pt-BR\",\"@id\":\"https:\/\/www.gaveanews.com\/index.php\/2025\/03\/11\/mudanca-radical-no-brasileirao-gerson-da-bronca-durante-treino-ferj-emite-nota-oficial-as-ultimas-noticias-do-flamengo\/#primaryimage\",\"url\":\"https:\/\/www.gaveanews.com\/wp-content\/uploads\/Bandeira-do-Flamengo-no-estadio-do-Corinthians-antes-do-jogo-contra-o-Fluminense-pelo-Campeonato-Brasileiro-de-2021.webp\",\"contentUrl\":\"https:\/\/www.gaveanews.com\/wp-content\/uploads\/Bandeira-do-Flamengo-no-estadio-do-Corinthians-antes-do-jogo-contra-o-Fluminense-pelo-Campeonato-Brasileiro-de-2021.webp\",\"width\":799,\"height\":532,\"caption\":\"Bandeira do Flamengo no est\u00e1dio do Corinthians antes do jogo contra o Fluminense pelo Campeonato Brasileiro de 2021 (Foto: Alexandre Vidal\/Flamengo)\"},{\"@type\":\"BreadcrumbList\",\"@id\":\"https:\/\/www.gaveanews.com\/index.php\/2025\/03\/11\/mudanca-radical-no-brasileirao-gerson-da-bronca-durante-treino-ferj-emite-nota-oficial-as-ultimas-noticias-do-flamengo\/#breadcrumb\",\"itemListElement\":[{\"@type\":\"ListItem\",\"position\":1,\"name\":\"Home\",\"item\":\"https:\/\/www.gaveanews.com\/\"},{\"@type\":\"ListItem\",\"position\":2,\"name\":\"Mudan\u00e7a radical no Brasileir\u00e3o, Gerson d\u00e1 bronca durante treino, FERJ emite nota oficial: as \u00faltimas not\u00edcias do Flamengo\"}]},{\"@type\":\"WebSite\",\"@id\":\"https:\/\/www.gaveanews.com\/#website\",\"url\":\"https:\/\/www.gaveanews.com\/\",\"name\":\"G\u00e1vea News\",\"description\":\"Veja todas as not\u00edcias sobre o Flamengo: Contrata\u00e7\u00f5es, categorias de base, resultados das partidas, tabela de classifica\u00e7\u00e3o, pr\u00f3ximos jogos!\",\"potentialAction\":[{\"@type\":\"SearchAction\",\"target\":{\"@type\":\"EntryPoint\",\"urlTemplate\":\"https:\/\/www.gaveanews.com\/?s={search_term_string}\"},\"query-input\":{\"@type\":\"PropertyValueSpecification\",\"valueRequired\":true,\"valueName\":\"search_term_string\"}}],\"inLanguage\":\"pt-BR\"},{\"@type\":\"Person\",\"@id\":\"https:\/\/www.gaveanews.com\/#\/schema\/person\/c79759ca337c40791ae8d08e2923d403\",\"name\":\"Brenda Cezillo\",\"image\":{\"@type\":\"ImageObject\",\"inLanguage\":\"pt-BR\",\"@id\":\"https:\/\/www.gaveanews.com\/#\/schema\/person\/image\/\",\"url\":\"https:\/\/secure.gravatar.com\/avatar\/1738d75cee7317f9c29ae61dd67620c5883d80a92e42a6fff88ae5d527af217a?s=96&d=mm&r=g\",\"contentUrl\":\"https:\/\/secure.gravatar.com\/avatar\/1738d75cee7317f9c29ae61dd67620c5883d80a92e42a6fff88ae5d527af217a?s=96&d=mm&r=g\",\"caption\":\"Brenda Cezillo\"}}]}<\/script>\n<!-- \/ Yoast SEO Premium plugin. -->","yoast_head_json":{"title":"Mudan\u00e7a radical no Brasileir\u00e3o, Gerson d\u00e1 bronca durante treino, FERJ emite nota oficial: as \u00faltimas not\u00edcias do Flamengo","robots":{"index":"index","follow":"follow","max-snippet":"max-snippet:-1","max-image-preview":"max-image-preview:large","max-video-preview":"max-video-preview:-1"},"canonical":"https:\/\/www.gaveanews.com\/index.php\/2025\/03\/11\/mudanca-radical-no-brasileirao-gerson-da-bronca-durante-treino-ferj-emite-nota-oficial-as-ultimas-noticias-do-flamengo\/","og_locale":"pt_BR","og_type":"article","og_title":"Mudan\u00e7a radical no Brasileir\u00e3o, Gerson d\u00e1 bronca durante treino, FERJ emite nota oficial: as \u00faltimas not\u00edcias do Flamengo","og_description":"Nas \u00faltimas horas, o foco das not\u00edcias sobre o Flamengo se concentram nos bastidores do clube, com destaques do dia a dia do time. Por conta deste contexto, leia abaixo um resumo preparado pela equipe do portal G\u00e1vea News para lhe manter muito bem informado! FERJ emite nota oficial A final do Campeonato Carioca entre [&hellip;]","og_url":"https:\/\/www.gaveanews.com\/index.php\/2025\/03\/11\/mudanca-radical-no-brasileirao-gerson-da-bronca-durante-treino-ferj-emite-nota-oficial-as-ultimas-noticias-do-flamengo\/","og_site_name":"G\u00e1vea News","article_publisher":"https:\/\/facebook.com\/gaveaNews\/","article_published_time":"2025-03-11T07:00:00+00:00","og_image":[{"width":799,"height":532,"url":"https:\/\/www.gaveanews.com\/wp-content\/uploads\/Bandeira-do-Flamengo-no-estadio-do-Corinthians-antes-do-jogo-contra-o-Fluminense-pelo-Campeonato-Brasileiro-de-2021.webp","type":"image\/jpeg"}],"author":"Brenda Cezillo","twitter_card":"summary_large_image","twitter_misc":{"Escrito por":"Brenda Cezillo","Est. tempo de leitura":"5 minutos"},"schema":{"@context":"https:\/\/schema.org","@graph":[{"@type":"NewsArticle","@id":"https:\/\/www.gaveanews.com\/index.php\/2025\/03\/11\/mudanca-radical-no-brasileirao-gerson-da-bronca-durante-treino-ferj-emite-nota-oficial-as-ultimas-noticias-do-flamengo\/#article","isPartOf":{"@id":"https:\/\/www.gaveanews.com\/index.php\/2025\/03\/11\/mudanca-radical-no-brasileirao-gerson-da-bronca-durante-treino-ferj-emite-nota-oficial-as-ultimas-noticias-do-flamengo\/"},"author":{"name":"Brenda Cezillo","@id":"https:\/\/www.gaveanews.com\/#\/schema\/person\/c79759ca337c40791ae8d08e2923d403"},"headline":"Mudan\u00e7a radical no Brasileir\u00e3o, Gerson d\u00e1 bronca durante treino, FERJ emite nota oficial: as \u00faltimas not\u00edcias do Flamengo","datePublished":"2025-03-11T07:00:00+00:00","mainEntityOfPage":{"@id":"https:\/\/www.gaveanews.com\/index.php\/2025\/03\/11\/mudanca-radical-no-brasileirao-gerson-da-bronca-durante-treino-ferj-emite-nota-oficial-as-ultimas-noticias-do-flamengo\/"},"wordCount":754,"commentCount":0,"image":{"@id":"https:\/\/www.gaveanews.com\/index.php\/2025\/03\/11\/mudanca-radical-no-brasileirao-gerson-da-bronca-durante-treino-ferj-emite-nota-oficial-as-ultimas-noticias-do-flamengo\/#primaryimage"},"thumbnailUrl":"https:\/\/www.gaveanews.com\/wp-content\/uploads\/Bandeira-do-Flamengo-no-estadio-do-Corinthians-antes-do-jogo-contra-o-Fluminense-pelo-Campeonato-Brasileiro-de-2021.webp","articleSection":["Flamengo"],"inLanguage":"pt-BR","potentialAction":[{"@type":"CommentAction","name":"Comment","target":["https:\/\/www.gaveanews.com\/index.php\/2025\/03\/11\/mudanca-radical-no-brasileirao-gerson-da-bronca-durante-treino-ferj-emite-nota-oficial-as-ultimas-noticias-do-flamengo\/#respond"]}],"copyrightYear":"2025","copyrightHolder":{"@id":"https:\/\/www.gaveanews.com\/#organization"}},{"@type":"WebPage","@id":"https:\/\/www.gaveanews.com\/index.php\/2025\/03\/11\/mudanca-radical-no-brasileirao-gerson-da-bronca-durante-treino-ferj-emite-nota-oficial-as-ultimas-noticias-do-flamengo\/","url":"https:\/\/www.gaveanews.com\/index.php\/2025\/03\/11\/mudanca-radical-no-brasileirao-gerson-da-bronca-durante-treino-ferj-emite-nota-oficial-as-ultimas-noticias-do-flamengo\/","name":"Mudan\u00e7a radical no Brasileir\u00e3o, Gerson d\u00e1 bronca durante treino, FERJ emite nota oficial: as \u00faltimas not\u00edcias do Flamengo","isPartOf":{"@id":"https:\/\/www.gaveanews.com\/#website"},"primaryImageOfPage":{"@id":"https:\/\/www.gaveanews.com\/index.php\/2025\/03\/11\/mudanca-radical-no-brasileirao-gerson-da-bronca-durante-treino-ferj-emite-nota-oficial-as-ultimas-noticias-do-flamengo\/#primaryimage"},"image":{"@id":"https:\/\/www.gaveanews.com\/index.php\/2025\/03\/11\/mudanca-radical-no-brasileirao-gerson-da-bronca-durante-treino-ferj-emite-nota-oficial-as-ultimas-noticias-do-flamengo\/#primaryimage"},"thumbnailUrl":"https:\/\/www.gaveanews.com\/wp-content\/uploads\/Bandeira-do-Flamengo-no-estadio-do-Corinthians-antes-do-jogo-contra-o-Fluminense-pelo-Campeonato-Brasileiro-de-2021.webp","datePublished":"2025-03-11T07:00:00+00:00","author":{"@id":"https:\/\/www.gaveanews.com\/#\/schema\/person\/c79759ca337c40791ae8d08e2923d403"},"breadcrumb":{"@id":"https:\/\/www.gaveanews.com\/index.php\/2025\/03\/11\/mudanca-radical-no-brasileirao-gerson-da-bronca-durante-treino-ferj-emite-nota-oficial-as-ultimas-noticias-do-flamengo\/#breadcrumb"},"inLanguage":"pt-BR","potentialAction":[{"@type":"ReadAction","target":["https:\/\/www.gaveanews.com\/index.php\/2025\/03\/11\/mudanca-radical-no-brasileirao-gerson-da-bronca-durante-treino-ferj-emite-nota-oficial-as-ultimas-noticias-do-flamengo\/"]}]},{"@type":"ImageObject","inLanguage":"pt-BR","@id":"https:\/\/www.gaveanews.com\/index.php\/2025\/03\/11\/mudanca-radical-no-brasileirao-gerson-da-bronca-durante-treino-ferj-emite-nota-oficial-as-ultimas-noticias-do-flamengo\/#primaryimage","url":"https:\/\/www.gaveanews.com\/wp-content\/uploads\/Bandeira-do-Flamengo-no-estadio-do-Corinthians-antes-do-jogo-contra-o-Fluminense-pelo-Campeonato-Brasileiro-de-2021.webp","contentUrl":"https:\/\/www.gaveanews.com\/wp-content\/uploads\/Bandeira-do-Flamengo-no-estadio-do-Corinthians-antes-do-jogo-contra-o-Fluminense-pelo-Campeonato-Brasileiro-de-2021.webp","width":799,"height":532,"caption":"Bandeira do Flamengo no est\u00e1dio do Corinthians antes do jogo contra o Fluminense pelo Campeonato Brasileiro de 2021 (Foto: Alexandre Vidal\/Flamengo)"},{"@type":"BreadcrumbList","@id":"https:\/\/www.gaveanews.com\/index.php\/2025\/03\/11\/mudanca-radical-no-brasileirao-gerson-da-bronca-durante-treino-ferj-emite-nota-oficial-as-ultimas-noticias-do-flamengo\/#breadcrumb","itemListElement":[{"@type":"ListItem","position":1,"name":"Home","item":"https:\/\/www.gaveanews.com\/"},{"@type":"ListItem","position":2,"name":"Mudan\u00e7a radical no Brasileir\u00e3o, Gerson d\u00e1 bronca durante treino, FERJ emite nota oficial: as \u00faltimas not\u00edcias do Flamengo"}]},{"@type":"WebSite","@id":"https:\/\/www.gaveanews.com\/#website","url":"https:\/\/www.gaveanews.com\/","name":"G\u00e1vea News","description":"Veja todas as not\u00edcias sobre o Flamengo: Contrata\u00e7\u00f5es, categorias de base, resultados das partidas, tabela de classifica\u00e7\u00e3o, pr\u00f3ximos jogos!","potentialAction":[{"@type":"SearchAction","target":{"@type":"EntryPoint","urlTemplate":"https:\/\/www.gaveanews.com\/?s={search_term_string}"},"query-input":{"@type":"PropertyValueSpecification","valueRequired":true,"valueName":"search_term_string"}}],"inLanguage":"pt-BR"},{"@type":"Person","@id":"https:\/\/www.gaveanews.com\/#\/schema\/person\/c79759ca337c40791ae8d08e2923d403","name":"Brenda Cezillo","image":{"@type":"ImageObject","inLanguage":"pt-BR","@id":"https:\/\/www.gaveanews.com\/#\/schema\/person\/image\/","url":"https:\/\/secure.gravatar.com\/avatar\/1738d75cee7317f9c29ae61dd67620c5883d80a92e42a6fff88ae5d527af217a?s=96&d=mm&r=g","contentUrl":"https:\/\/secure.gravatar.com\/avatar\/1738d75cee7317f9c29ae61dd67620c5883d80a92e42a6fff88ae5d527af217a?s=96&d=mm&r=g","caption":"Brenda Cezillo"}}]}},"_links":{"self":[{"href":"https:\/\/www.gaveanews.com\/index.php\/wp-json\/wp\/v2\/posts\/238277","targetHints":{"allow":["GET"]}}],"collection":[{"href":"https:\/\/www.gaveanews.com\/index.php\/wp-json\/wp\/v2\/posts"}],"about":[{"href":"https:\/\/www.gaveanews.com\/index.php\/wp-json\/wp\/v2\/types\/post"}],"author":[{"embeddable":true,"href":"https:\/\/www.gaveanews.com\/index.php\/wp-json\/wp\/v2\/users\/33"}],"replies":[{"embeddable":true,"href":"https:\/\/www.gaveanews.com\/index.php\/wp-json\/wp\/v2\/comments?post=238277"}],"version-history":[{"count":1,"href":"https:\/\/www.gaveanews.com\/index.php\/wp-json\/wp\/v2\/posts\/238277\/revisions"}],"predecessor-version":[{"id":238279,"href":"https:\/\/www.gaveanews.com\/index.php\/wp-json\/wp\/v2\/posts\/238277\/revisions\/238279"}],"wp:featuredmedia":[{"embeddable":true,"href":"https:\/\/www.gaveanews.com\/index.php\/wp-json\/wp\/v2\/media\/64001"}],"wp:attachment":[{"href":"https:\/\/www.gaveanews.com\/index.php\/wp-json\/wp\/v2\/media?parent=238277"}],"wp:term":[{"taxonomy":"category","embeddable":true,"href":"https:\/\/www.gaveanews.com\/index.php\/wp-json\/wp\/v2\/categories?post=238277"},{"taxonomy":"post_tag","embeddable":true,"href":"https:\/\/www.gaveanews.com\/index.php\/wp-json\/wp\/v2\/tags?post=238277"}],"curies":[{"name":"wp","href":"https:\/\/api.w.org\/{rel}","templated":true}]}}