{"id":238285,"date":"2025-03-11T00:00:00","date_gmt":"2025-03-11T03:00:00","guid":{"rendered":"https:\/\/www.gaveanews.com\/?p=238285"},"modified":"2025-03-10T22:50:10","modified_gmt":"2025-03-11T01:50:10","slug":"flamengo-leo-ortiz-revela-problemas-apos-o-jogo-contra-o-vasco","status":"publish","type":"post","link":"https:\/\/www.gaveanews.com\/index.php\/2025\/03\/11\/flamengo-leo-ortiz-revela-problemas-apos-o-jogo-contra-o-vasco\/","title":{"rendered":"Flamengo: L\u00e9o Ortiz revela problemas ap\u00f3s o jogo contra o Vasco"},"content":{"rendered":"\n<p>O Flamengo garantiu sua vaga na final do Campeonato Carioca ao vencer o Vasco nos dois jogos da semifinal. A primeira partida aconteceu no est\u00e1dio Nilton Santos, onde o gramado sint\u00e9tico gerou cr\u00edticas de jogadores rubro-negros devido ao impacto f\u00edsico causado.<\/p>\n\n\n\n<p>O zagueiro L\u00e9o Ortiz foi um dos atletas que sentiram os efeitos do gramado artificial. Ele revelou ter sofrido dores nas articula\u00e7\u00f5es, costas e p\u00e9s por dois dias ap\u00f3s o confronto. Outros jogadores do Flamengo, como Arrascaeta, Gerson, Philippe Coutinho e Wesley, tamb\u00e9m relataram desconforto f\u00edsico depois do jogo no Nilton Santos.<\/p>\n\n\n\n<p>&#8220;Acho que o principal do campo sint\u00e9tico \u00e9 que \u00e9 muito duro, muito mais complicado. Acho que passei dois dias depois com dor nas articula\u00e7\u00f5es, nas costas, no p\u00e9, por causa do sint\u00e9tico. Mas foi a op\u00e7\u00e3o deles, talvez para criar dificuldade. Em parte, conseguiram, mas a gente acabou vencendo&#8221;\u00a0\u2014 disse, antes de finalizar&#8221;, iniciou<\/p>\n\n\n\n<p>&#8220;Eu j\u00e1 falei minha prefer\u00eancia pelo gramado natural, e o gramado do Maracan\u00e3 estava numa qualidade boa. Isso facilita o nosso jogo. No gramado sint\u00e9tico, no primeiro tempo, principalmente, sofremos um pouco. Acho que um pouco pelo gramado e um pouco tamb\u00e9m por culpa da gente. N\u00e3o foi nem de perto uma boa partida e de um n\u00edvel que eu vinha tendo aqui no\u00a0Flamengo&#8221;, pontuou.<\/p>\n\n\n\n<p>Ortiz criticou a escolha do gramado sint\u00e9tico, mencionando que a equipe encontrou dificuldades no primeiro tempo da partida de ida contra o Vasco. Segundo ele, o campo era muito duro e dificultou a atua\u00e7\u00e3o do time. No entanto, destacou que, apesar das adversidades, o Flamengo conseguiu sair com a vit\u00f3ria.<\/p>\n\n\n\n<p>O defensor ressaltou sua prefer\u00eancia pelo gramado natural e elogiou as condi\u00e7\u00f5es do Maracan\u00e3, onde ocorreu o jogo de volta. Para Ortiz, a qualidade do campo no est\u00e1dio facilitou o desempenho da equipe e ajudou na classifica\u00e7\u00e3o para a decis\u00e3o do torneio.<\/p>\n\n\n\n<p>Al\u00e9m dos atletas do Flamengo, outros jogadores brasileiros t\u00eam se manifestado contra o uso de gramados sint\u00e9ticos. Nomes como Neymar, Gabigol, Lucas Moura e Thiago Silva aderiram a uma campanha que defende a utiliza\u00e7\u00e3o exclusiva de gramado natural no futebol profissional.<\/p>\n\n\n\n<p>Com a classifica\u00e7\u00e3o assegurada, o Flamengo se prepara para enfrentar o Fluminense na final do Campeonato Carioca. Os jogos decisivos ser\u00e3o disputados no Maracan\u00e3, o que, segundo L\u00e9o Ortiz, representa um al\u00edvio para os jogadores que preferem atuar em gramados naturais.<\/p>\n","protected":false},"excerpt":{"rendered":"<p>O Flamengo garantiu sua vaga na final do Campeonato Carioca ao vencer o Vasco nos dois jogos da semifinal. A primeira partida aconteceu no est\u00e1dio Nilton Santos, onde o gramado sint\u00e9tico gerou cr\u00edticas de jogadores rubro-negros devido ao impacto f\u00edsico causado. O zagueiro L\u00e9o Ortiz foi um dos atletas que sentiram os efeitos do gramado [&hellip;]<\/p>\n","protected":false},"author":18,"featured_media":171098,"comment_status":"open","ping_status":"closed","sticky":false,"template":"","format":"standard","meta":{"footnotes":""},"categories":[1],"tags":[],"class_list":["post-238285","post","type-post","status-publish","format-standard","has-post-thumbnail","hentry","category-flamengo"],"yoast_head":"<!-- This site is optimized with the Yoast SEO Premium plugin v24.2 (Yoast SEO v26.9) - https:\/\/yoast.com\/product\/yoast-seo-premium-wordpress\/ -->\n<title>Flamengo: L\u00e9o Ortiz revela problemas ap\u00f3s o jogo contra o Vasco<\/title>\n<meta name=\"robots\" content=\"index, follow, max-snippet:-1, max-image-preview:large, max-video-preview:-1\" \/>\n<link rel=\"canonical\" href=\"https:\/\/www.gaveanews.com\/index.php\/2025\/03\/11\/flamengo-leo-ortiz-revela-problemas-apos-o-jogo-contra-o-vasco\/\" \/>\n<meta property=\"og:locale\" content=\"pt_BR\" \/>\n<meta property=\"og:type\" content=\"article\" \/>\n<meta property=\"og:title\" content=\"Flamengo: L\u00e9o Ortiz revela problemas ap\u00f3s o jogo contra o Vasco\" \/>\n<meta property=\"og:description\" content=\"O Flamengo garantiu sua vaga na final do Campeonato Carioca ao vencer o Vasco nos dois jogos da semifinal. A primeira partida aconteceu no est\u00e1dio Nilton Santos, onde o gramado sint\u00e9tico gerou cr\u00edticas de jogadores rubro-negros devido ao impacto f\u00edsico causado. O zagueiro L\u00e9o Ortiz foi um dos atletas que sentiram os efeitos do gramado [&hellip;]\" \/>\n<meta property=\"og:url\" content=\"https:\/\/www.gaveanews.com\/index.php\/2025\/03\/11\/flamengo-leo-ortiz-revela-problemas-apos-o-jogo-contra-o-vasco\/\" \/>\n<meta property=\"og:site_name\" content=\"G\u00e1vea News\" \/>\n<meta property=\"article:publisher\" content=\"https:\/\/facebook.com\/gaveaNews\/\" \/>\n<meta property=\"article:published_time\" content=\"2025-03-11T03:00:00+00:00\" \/>\n<meta property=\"og:image\" content=\"https:\/\/www.gaveanews.com\/wp-content\/uploads\/Leo-Ortiz-durante-jogo-contra-o-Corinthians-no-Maracana-pela-semifinal-da-Copa-do-Brasil.webp\" \/>\n\t<meta property=\"og:image:width\" content=\"750\" \/>\n\t<meta property=\"og:image:height\" content=\"499\" \/>\n\t<meta property=\"og:image:type\" content=\"image\/jpeg\" \/>\n<meta name=\"author\" content=\"Paula Silva\" \/>\n<meta name=\"twitter:card\" content=\"summary_large_image\" \/>\n<meta name=\"twitter:label1\" content=\"Escrito por\" \/>\n\t<meta name=\"twitter:data1\" content=\"Paula Silva\" \/>\n\t<meta name=\"twitter:label2\" content=\"Est. tempo de leitura\" \/>\n\t<meta name=\"twitter:data2\" content=\"3 minutos\" \/>\n<script type=\"application\/ld+json\" class=\"yoast-schema-graph\">{\"@context\":\"https:\/\/schema.org\",\"@graph\":[{\"@type\":\"NewsArticle\",\"@id\":\"https:\/\/www.gaveanews.com\/index.php\/2025\/03\/11\/flamengo-leo-ortiz-revela-problemas-apos-o-jogo-contra-o-vasco\/#article\",\"isPartOf\":{\"@id\":\"https:\/\/www.gaveanews.com\/index.php\/2025\/03\/11\/flamengo-leo-ortiz-revela-problemas-apos-o-jogo-contra-o-vasco\/\"},\"author\":{\"name\":\"Paula Silva\",\"@id\":\"https:\/\/www.gaveanews.com\/#\/schema\/person\/daf63eec72e1164eb13dc35096c2b8da\"},\"headline\":\"Flamengo: L\u00e9o Ortiz revela problemas ap\u00f3s o jogo contra o Vasco\",\"datePublished\":\"2025-03-11T03:00:00+00:00\",\"mainEntityOfPage\":{\"@id\":\"https:\/\/www.gaveanews.com\/index.php\/2025\/03\/11\/flamengo-leo-ortiz-revela-problemas-apos-o-jogo-contra-o-vasco\/\"},\"wordCount\":434,\"commentCount\":0,\"image\":{\"@id\":\"https:\/\/www.gaveanews.com\/index.php\/2025\/03\/11\/flamengo-leo-ortiz-revela-problemas-apos-o-jogo-contra-o-vasco\/#primaryimage\"},\"thumbnailUrl\":\"https:\/\/www.gaveanews.com\/wp-content\/uploads\/Leo-Ortiz-durante-jogo-contra-o-Corinthians-no-Maracana-pela-semifinal-da-Copa-do-Brasil.webp\",\"articleSection\":[\"Flamengo\"],\"inLanguage\":\"pt-BR\",\"potentialAction\":[{\"@type\":\"CommentAction\",\"name\":\"Comment\",\"target\":[\"https:\/\/www.gaveanews.com\/index.php\/2025\/03\/11\/flamengo-leo-ortiz-revela-problemas-apos-o-jogo-contra-o-vasco\/#respond\"]}],\"copyrightYear\":\"2025\",\"copyrightHolder\":{\"@id\":\"https:\/\/www.gaveanews.com\/#organization\"}},{\"@type\":\"WebPage\",\"@id\":\"https:\/\/www.gaveanews.com\/index.php\/2025\/03\/11\/flamengo-leo-ortiz-revela-problemas-apos-o-jogo-contra-o-vasco\/\",\"url\":\"https:\/\/www.gaveanews.com\/index.php\/2025\/03\/11\/flamengo-leo-ortiz-revela-problemas-apos-o-jogo-contra-o-vasco\/\",\"name\":\"Flamengo: L\u00e9o Ortiz revela problemas ap\u00f3s o jogo contra o Vasco\",\"isPartOf\":{\"@id\":\"https:\/\/www.gaveanews.com\/#website\"},\"primaryImageOfPage\":{\"@id\":\"https:\/\/www.gaveanews.com\/index.php\/2025\/03\/11\/flamengo-leo-ortiz-revela-problemas-apos-o-jogo-contra-o-vasco\/#primaryimage\"},\"image\":{\"@id\":\"https:\/\/www.gaveanews.com\/index.php\/2025\/03\/11\/flamengo-leo-ortiz-revela-problemas-apos-o-jogo-contra-o-vasco\/#primaryimage\"},\"thumbnailUrl\":\"https:\/\/www.gaveanews.com\/wp-content\/uploads\/Leo-Ortiz-durante-jogo-contra-o-Corinthians-no-Maracana-pela-semifinal-da-Copa-do-Brasil.webp\",\"datePublished\":\"2025-03-11T03:00:00+00:00\",\"author\":{\"@id\":\"https:\/\/www.gaveanews.com\/#\/schema\/person\/daf63eec72e1164eb13dc35096c2b8da\"},\"breadcrumb\":{\"@id\":\"https:\/\/www.gaveanews.com\/index.php\/2025\/03\/11\/flamengo-leo-ortiz-revela-problemas-apos-o-jogo-contra-o-vasco\/#breadcrumb\"},\"inLanguage\":\"pt-BR\",\"potentialAction\":[{\"@type\":\"ReadAction\",\"target\":[\"https:\/\/www.gaveanews.com\/index.php\/2025\/03\/11\/flamengo-leo-ortiz-revela-problemas-apos-o-jogo-contra-o-vasco\/\"]}]},{\"@type\":\"ImageObject\",\"inLanguage\":\"pt-BR\",\"@id\":\"https:\/\/www.gaveanews.com\/index.php\/2025\/03\/11\/flamengo-leo-ortiz-revela-problemas-apos-o-jogo-contra-o-vasco\/#primaryimage\",\"url\":\"https:\/\/www.gaveanews.com\/wp-content\/uploads\/Leo-Ortiz-durante-jogo-contra-o-Corinthians-no-Maracana-pela-semifinal-da-Copa-do-Brasil.webp\",\"contentUrl\":\"https:\/\/www.gaveanews.com\/wp-content\/uploads\/Leo-Ortiz-durante-jogo-contra-o-Corinthians-no-Maracana-pela-semifinal-da-Copa-do-Brasil.webp\",\"width\":750,\"height\":499,\"caption\":\"L\u00e9o Ortiz durante jogo contra o Corinthians, no Maracan\u00e3, pela semifinal da Copa do Brasil (Foto: Gilvan de Souza\/Flamengo)\"},{\"@type\":\"BreadcrumbList\",\"@id\":\"https:\/\/www.gaveanews.com\/index.php\/2025\/03\/11\/flamengo-leo-ortiz-revela-problemas-apos-o-jogo-contra-o-vasco\/#breadcrumb\",\"itemListElement\":[{\"@type\":\"ListItem\",\"position\":1,\"name\":\"Home\",\"item\":\"https:\/\/www.gaveanews.com\/\"},{\"@type\":\"ListItem\",\"position\":2,\"name\":\"Flamengo: L\u00e9o Ortiz revela problemas ap\u00f3s o jogo contra o Vasco\"}]},{\"@type\":\"WebSite\",\"@id\":\"https:\/\/www.gaveanews.com\/#website\",\"url\":\"https:\/\/www.gaveanews.com\/\",\"name\":\"G\u00e1vea News\",\"description\":\"Veja todas as not\u00edcias sobre o Flamengo: Contrata\u00e7\u00f5es, categorias de base, resultados das partidas, tabela de classifica\u00e7\u00e3o, pr\u00f3ximos jogos!\",\"potentialAction\":[{\"@type\":\"SearchAction\",\"target\":{\"@type\":\"EntryPoint\",\"urlTemplate\":\"https:\/\/www.gaveanews.com\/?s={search_term_string}\"},\"query-input\":{\"@type\":\"PropertyValueSpecification\",\"valueRequired\":true,\"valueName\":\"search_term_string\"}}],\"inLanguage\":\"pt-BR\"},{\"@type\":\"Person\",\"@id\":\"https:\/\/www.gaveanews.com\/#\/schema\/person\/daf63eec72e1164eb13dc35096c2b8da\",\"name\":\"Paula Silva\",\"image\":{\"@type\":\"ImageObject\",\"inLanguage\":\"pt-BR\",\"@id\":\"https:\/\/www.gaveanews.com\/#\/schema\/person\/image\/\",\"url\":\"https:\/\/secure.gravatar.com\/avatar\/eda381c845527cc5d64c13b901833cda29d97500ba040d3e6461f76f51d163bb?s=96&d=mm&r=g\",\"contentUrl\":\"https:\/\/secure.gravatar.com\/avatar\/eda381c845527cc5d64c13b901833cda29d97500ba040d3e6461f76f51d163bb?s=96&d=mm&r=g\",\"caption\":\"Paula Silva\"}}]}<\/script>\n<!-- \/ Yoast SEO Premium plugin. -->","yoast_head_json":{"title":"Flamengo: L\u00e9o Ortiz revela problemas ap\u00f3s o jogo contra o Vasco","robots":{"index":"index","follow":"follow","max-snippet":"max-snippet:-1","max-image-preview":"max-image-preview:large","max-video-preview":"max-video-preview:-1"},"canonical":"https:\/\/www.gaveanews.com\/index.php\/2025\/03\/11\/flamengo-leo-ortiz-revela-problemas-apos-o-jogo-contra-o-vasco\/","og_locale":"pt_BR","og_type":"article","og_title":"Flamengo: L\u00e9o Ortiz revela problemas ap\u00f3s o jogo contra o Vasco","og_description":"O Flamengo garantiu sua vaga na final do Campeonato Carioca ao vencer o Vasco nos dois jogos da semifinal. A primeira partida aconteceu no est\u00e1dio Nilton Santos, onde o gramado sint\u00e9tico gerou cr\u00edticas de jogadores rubro-negros devido ao impacto f\u00edsico causado. O zagueiro L\u00e9o Ortiz foi um dos atletas que sentiram os efeitos do gramado [&hellip;]","og_url":"https:\/\/www.gaveanews.com\/index.php\/2025\/03\/11\/flamengo-leo-ortiz-revela-problemas-apos-o-jogo-contra-o-vasco\/","og_site_name":"G\u00e1vea News","article_publisher":"https:\/\/facebook.com\/gaveaNews\/","article_published_time":"2025-03-11T03:00:00+00:00","og_image":[{"width":750,"height":499,"url":"https:\/\/www.gaveanews.com\/wp-content\/uploads\/Leo-Ortiz-durante-jogo-contra-o-Corinthians-no-Maracana-pela-semifinal-da-Copa-do-Brasil.webp","type":"image\/jpeg"}],"author":"Paula Silva","twitter_card":"summary_large_image","twitter_misc":{"Escrito por":"Paula Silva","Est. tempo de leitura":"3 minutos"},"schema":{"@context":"https:\/\/schema.org","@graph":[{"@type":"NewsArticle","@id":"https:\/\/www.gaveanews.com\/index.php\/2025\/03\/11\/flamengo-leo-ortiz-revela-problemas-apos-o-jogo-contra-o-vasco\/#article","isPartOf":{"@id":"https:\/\/www.gaveanews.com\/index.php\/2025\/03\/11\/flamengo-leo-ortiz-revela-problemas-apos-o-jogo-contra-o-vasco\/"},"author":{"name":"Paula Silva","@id":"https:\/\/www.gaveanews.com\/#\/schema\/person\/daf63eec72e1164eb13dc35096c2b8da"},"headline":"Flamengo: L\u00e9o Ortiz revela problemas ap\u00f3s o jogo contra o Vasco","datePublished":"2025-03-11T03:00:00+00:00","mainEntityOfPage":{"@id":"https:\/\/www.gaveanews.com\/index.php\/2025\/03\/11\/flamengo-leo-ortiz-revela-problemas-apos-o-jogo-contra-o-vasco\/"},"wordCount":434,"commentCount":0,"image":{"@id":"https:\/\/www.gaveanews.com\/index.php\/2025\/03\/11\/flamengo-leo-ortiz-revela-problemas-apos-o-jogo-contra-o-vasco\/#primaryimage"},"thumbnailUrl":"https:\/\/www.gaveanews.com\/wp-content\/uploads\/Leo-Ortiz-durante-jogo-contra-o-Corinthians-no-Maracana-pela-semifinal-da-Copa-do-Brasil.webp","articleSection":["Flamengo"],"inLanguage":"pt-BR","potentialAction":[{"@type":"CommentAction","name":"Comment","target":["https:\/\/www.gaveanews.com\/index.php\/2025\/03\/11\/flamengo-leo-ortiz-revela-problemas-apos-o-jogo-contra-o-vasco\/#respond"]}],"copyrightYear":"2025","copyrightHolder":{"@id":"https:\/\/www.gaveanews.com\/#organization"}},{"@type":"WebPage","@id":"https:\/\/www.gaveanews.com\/index.php\/2025\/03\/11\/flamengo-leo-ortiz-revela-problemas-apos-o-jogo-contra-o-vasco\/","url":"https:\/\/www.gaveanews.com\/index.php\/2025\/03\/11\/flamengo-leo-ortiz-revela-problemas-apos-o-jogo-contra-o-vasco\/","name":"Flamengo: L\u00e9o Ortiz revela problemas ap\u00f3s o jogo contra o Vasco","isPartOf":{"@id":"https:\/\/www.gaveanews.com\/#website"},"primaryImageOfPage":{"@id":"https:\/\/www.gaveanews.com\/index.php\/2025\/03\/11\/flamengo-leo-ortiz-revela-problemas-apos-o-jogo-contra-o-vasco\/#primaryimage"},"image":{"@id":"https:\/\/www.gaveanews.com\/index.php\/2025\/03\/11\/flamengo-leo-ortiz-revela-problemas-apos-o-jogo-contra-o-vasco\/#primaryimage"},"thumbnailUrl":"https:\/\/www.gaveanews.com\/wp-content\/uploads\/Leo-Ortiz-durante-jogo-contra-o-Corinthians-no-Maracana-pela-semifinal-da-Copa-do-Brasil.webp","datePublished":"2025-03-11T03:00:00+00:00","author":{"@id":"https:\/\/www.gaveanews.com\/#\/schema\/person\/daf63eec72e1164eb13dc35096c2b8da"},"breadcrumb":{"@id":"https:\/\/www.gaveanews.com\/index.php\/2025\/03\/11\/flamengo-leo-ortiz-revela-problemas-apos-o-jogo-contra-o-vasco\/#breadcrumb"},"inLanguage":"pt-BR","potentialAction":[{"@type":"ReadAction","target":["https:\/\/www.gaveanews.com\/index.php\/2025\/03\/11\/flamengo-leo-ortiz-revela-problemas-apos-o-jogo-contra-o-vasco\/"]}]},{"@type":"ImageObject","inLanguage":"pt-BR","@id":"https:\/\/www.gaveanews.com\/index.php\/2025\/03\/11\/flamengo-leo-ortiz-revela-problemas-apos-o-jogo-contra-o-vasco\/#primaryimage","url":"https:\/\/www.gaveanews.com\/wp-content\/uploads\/Leo-Ortiz-durante-jogo-contra-o-Corinthians-no-Maracana-pela-semifinal-da-Copa-do-Brasil.webp","contentUrl":"https:\/\/www.gaveanews.com\/wp-content\/uploads\/Leo-Ortiz-durante-jogo-contra-o-Corinthians-no-Maracana-pela-semifinal-da-Copa-do-Brasil.webp","width":750,"height":499,"caption":"L\u00e9o Ortiz durante jogo contra o Corinthians, no Maracan\u00e3, pela semifinal da Copa do Brasil (Foto: Gilvan de Souza\/Flamengo)"},{"@type":"BreadcrumbList","@id":"https:\/\/www.gaveanews.com\/index.php\/2025\/03\/11\/flamengo-leo-ortiz-revela-problemas-apos-o-jogo-contra-o-vasco\/#breadcrumb","itemListElement":[{"@type":"ListItem","position":1,"name":"Home","item":"https:\/\/www.gaveanews.com\/"},{"@type":"ListItem","position":2,"name":"Flamengo: L\u00e9o Ortiz revela problemas ap\u00f3s o jogo contra o Vasco"}]},{"@type":"WebSite","@id":"https:\/\/www.gaveanews.com\/#website","url":"https:\/\/www.gaveanews.com\/","name":"G\u00e1vea News","description":"Veja todas as not\u00edcias sobre o Flamengo: Contrata\u00e7\u00f5es, categorias de base, resultados das partidas, tabela de classifica\u00e7\u00e3o, pr\u00f3ximos jogos!","potentialAction":[{"@type":"SearchAction","target":{"@type":"EntryPoint","urlTemplate":"https:\/\/www.gaveanews.com\/?s={search_term_string}"},"query-input":{"@type":"PropertyValueSpecification","valueRequired":true,"valueName":"search_term_string"}}],"inLanguage":"pt-BR"},{"@type":"Person","@id":"https:\/\/www.gaveanews.com\/#\/schema\/person\/daf63eec72e1164eb13dc35096c2b8da","name":"Paula Silva","image":{"@type":"ImageObject","inLanguage":"pt-BR","@id":"https:\/\/www.gaveanews.com\/#\/schema\/person\/image\/","url":"https:\/\/secure.gravatar.com\/avatar\/eda381c845527cc5d64c13b901833cda29d97500ba040d3e6461f76f51d163bb?s=96&d=mm&r=g","contentUrl":"https:\/\/secure.gravatar.com\/avatar\/eda381c845527cc5d64c13b901833cda29d97500ba040d3e6461f76f51d163bb?s=96&d=mm&r=g","caption":"Paula Silva"}}]}},"_links":{"self":[{"href":"https:\/\/www.gaveanews.com\/index.php\/wp-json\/wp\/v2\/posts\/238285","targetHints":{"allow":["GET"]}}],"collection":[{"href":"https:\/\/www.gaveanews.com\/index.php\/wp-json\/wp\/v2\/posts"}],"about":[{"href":"https:\/\/www.gaveanews.com\/index.php\/wp-json\/wp\/v2\/types\/post"}],"author":[{"embeddable":true,"href":"https:\/\/www.gaveanews.com\/index.php\/wp-json\/wp\/v2\/users\/18"}],"replies":[{"embeddable":true,"href":"https:\/\/www.gaveanews.com\/index.php\/wp-json\/wp\/v2\/comments?post=238285"}],"version-history":[{"count":1,"href":"https:\/\/www.gaveanews.com\/index.php\/wp-json\/wp\/v2\/posts\/238285\/revisions"}],"predecessor-version":[{"id":238288,"href":"https:\/\/www.gaveanews.com\/index.php\/wp-json\/wp\/v2\/posts\/238285\/revisions\/238288"}],"wp:featuredmedia":[{"embeddable":true,"href":"https:\/\/www.gaveanews.com\/index.php\/wp-json\/wp\/v2\/media\/171098"}],"wp:attachment":[{"href":"https:\/\/www.gaveanews.com\/index.php\/wp-json\/wp\/v2\/media?parent=238285"}],"wp:term":[{"taxonomy":"category","embeddable":true,"href":"https:\/\/www.gaveanews.com\/index.php\/wp-json\/wp\/v2\/categories?post=238285"},{"taxonomy":"post_tag","embeddable":true,"href":"https:\/\/www.gaveanews.com\/index.php\/wp-json\/wp\/v2\/tags?post=238285"}],"curies":[{"name":"wp","href":"https:\/\/api.w.org\/{rel}","templated":true}]}}