{"id":238301,"date":"2025-03-10T23:55:00","date_gmt":"2025-03-11T02:55:00","guid":{"rendered":"https:\/\/www.gaveanews.com\/?p=238301"},"modified":"2025-03-10T23:10:18","modified_gmt":"2025-03-11T02:10:18","slug":"fluminense-x-flamengo-de-olho-na-final-do-carioca-mano-menezes-fala-sobre-o-var","status":"publish","type":"post","link":"https:\/\/www.gaveanews.com\/index.php\/2025\/03\/10\/fluminense-x-flamengo-de-olho-na-final-do-carioca-mano-menezes-fala-sobre-o-var\/","title":{"rendered":"Fluminense x Flamengo: de olho na final do Carioca, Mano Menezes fala sobre o VAR"},"content":{"rendered":"\n<p>A arbitragem do Campeonato Carioca voltou a ser um dos principais temas de debate ap\u00f3s a semifinal entre Flamengo e Vasco. O presidente do Vasco, Pedrinho, criticou a decis\u00e3o do VAR que validou o gol de Bruno Henrique, marcado no primeiro tempo do cl\u00e1ssico realizado no Maracan\u00e3. Segundo ele, a rapidez na revis\u00e3o do lance gerou estranheza, levantando questionamentos sobre a consist\u00eancia das decis\u00f5es ao longo da competi\u00e7\u00e3o.<\/p>\n\n\n\n<p>A Federa\u00e7\u00e3o de Futebol do Estado do Rio de Janeiro (FERJ) rebateu as cr\u00edticas e divulgou um v\u00eddeo explicativo sobre a valida\u00e7\u00e3o do gol. A entidade afirmou que Pedrinho se disse &#8220;convencido&#8221; do acerto ap\u00f3s participar de uma reuni\u00e3o com representantes da arbitragem. Al\u00e9m disso, a FERJ ressaltou que o Vasco esteve presente nas discuss\u00f5es pr\u00e9vias ao torneio e aprovou o aumento da espessura da linha do VAR de 6cm para 12cm, mudan\u00e7a que beneficiaria os atacantes em lances ajustados.<\/p>\n\n\n\n<p>A resposta da FERJ tamb\u00e9m ironizou as declara\u00e7\u00f5es do dirigente vasca\u00edno, mencionando que ele &#8220;provavelmente n\u00e3o foi informado&#8221; de que outros sete gols j\u00e1 haviam sido validados com o mesmo crit\u00e9rio durante o campeonato. O lance em quest\u00e3o foi analisado e confirmado pelo VAR em 1 minuto e 16 segundos, o que gerou indigna\u00e7\u00e3o por parte dos vasca\u00ednos. Com a vit\u00f3ria por 2 a 1, o Flamengo garantiu vaga na decis\u00e3o do estadual.<\/p>\n\n\n\n<h2 class=\"wp-block-heading\" id=\"h-de-olho-no-fla-x-flu-mano-menezes-se-manifesta-sobre-o-assunto\">De olho no Fla x Flu, Mano Menezes se manifesta sobre o assunto<\/h2>\n\n\n\n<p>Enquanto isso, o t\u00e9cnico do Fluminense, Mano Menezes, se manifestou antes da final contra o Flamengo, cobrando transpar\u00eancia e coer\u00eancia da arbitragem. Ele evitou falar especificamente sobre o cl\u00e1ssico entre Flamengo e Vasco, mas destacou a necessidade de padroniza\u00e7\u00e3o nas decis\u00f5es. <\/p>\n\n\n\n<p>&#8220;Eu n\u00e3o vou falar especificamente dos jogos do nosso advers\u00e1rio. O que a gente quer sempre \u00e9 que as coisas sejam coerentes, padronizadas e igual para todo mundo. Mais larga, menos larga, n\u00e3o muda nada a d\u00favida que pode causar cada lance. A quest\u00e3o n\u00e3o \u00e9 essa. A quest\u00e3o \u00e9 que n\u00f3s dissemos que n\u00f3s ir\u00edamos melhorar os lances duvidosos, que as coisas seriam mais transparentes, mais corretas e n\u00e3o \u00e9 o que estamos vendo&#8221;.<\/p>\n\n\n\n<p>Mano Menezes tamb\u00e9m ressaltou que a credibilidade do futebol depende de um crit\u00e9rio claro e justo para todos os clubes. Para ele, a forma como algumas decis\u00f5es s\u00e3o tomadas pode comprometer a confian\u00e7a dos torcedores no campeonato. O treinador ainda lembrou que todas as equipes aceitaram a nova regra do VAR antes do in\u00edcio da competi\u00e7\u00e3o, reconhecendo que o tra\u00e7o mais espesso das linhas de impedimento aumentaria a margem de erro favor\u00e1vel ao ataque.<\/p>\n\n\n\n<p>A final entre Flamengo e Fluminense ser\u00e1 disputada em dois jogos, com o primeiro confronto marcado para quarta-feira (12), \u00e0s 21h30 (hor\u00e1rio de Bras\u00edlia), no Maracan\u00e3. A expectativa \u00e9 de mais um cl\u00e1ssico acirrado, agora com a arbitragem sob ainda mais aten\u00e7\u00e3o.<\/p>\n","protected":false},"excerpt":{"rendered":"<p>A arbitragem do Campeonato Carioca voltou a ser um dos principais temas de debate ap\u00f3s a semifinal entre Flamengo e Vasco. O presidente do Vasco, Pedrinho, criticou a decis\u00e3o do VAR que validou o gol de Bruno Henrique, marcado no primeiro tempo do cl\u00e1ssico realizado no Maracan\u00e3. Segundo ele, a rapidez na revis\u00e3o do lance [&hellip;]<\/p>\n","protected":false},"author":18,"featured_media":150636,"comment_status":"open","ping_status":"closed","sticky":false,"template":"","format":"standard","meta":{"footnotes":""},"categories":[1,145],"tags":[],"class_list":["post-238301","post","type-post","status-publish","format-standard","has-post-thumbnail","hentry","category-flamengo","category-fluminense"],"yoast_head":"<!-- This site is optimized with the Yoast SEO Premium plugin v24.2 (Yoast SEO v26.9) - https:\/\/yoast.com\/product\/yoast-seo-premium-wordpress\/ -->\n<title>Fluminense x Flamengo: de olho na final do Carioca, Mano Menezes fala sobre o VAR<\/title>\n<meta name=\"robots\" content=\"index, follow, max-snippet:-1, max-image-preview:large, max-video-preview:-1\" \/>\n<link rel=\"canonical\" href=\"https:\/\/www.gaveanews.com\/index.php\/2025\/03\/10\/fluminense-x-flamengo-de-olho-na-final-do-carioca-mano-menezes-fala-sobre-o-var\/\" \/>\n<meta property=\"og:locale\" content=\"pt_BR\" \/>\n<meta property=\"og:type\" content=\"article\" \/>\n<meta property=\"og:title\" content=\"Fluminense x Flamengo: de olho na final do Carioca, Mano Menezes fala sobre o VAR\" \/>\n<meta property=\"og:description\" content=\"A arbitragem do Campeonato Carioca voltou a ser um dos principais temas de debate ap\u00f3s a semifinal entre Flamengo e Vasco. O presidente do Vasco, Pedrinho, criticou a decis\u00e3o do VAR que validou o gol de Bruno Henrique, marcado no primeiro tempo do cl\u00e1ssico realizado no Maracan\u00e3. Segundo ele, a rapidez na revis\u00e3o do lance [&hellip;]\" \/>\n<meta property=\"og:url\" content=\"https:\/\/www.gaveanews.com\/index.php\/2025\/03\/10\/fluminense-x-flamengo-de-olho-na-final-do-carioca-mano-menezes-fala-sobre-o-var\/\" \/>\n<meta property=\"og:site_name\" content=\"G\u00e1vea News\" \/>\n<meta property=\"article:publisher\" content=\"https:\/\/facebook.com\/gaveaNews\/\" \/>\n<meta property=\"article:published_time\" content=\"2025-03-11T02:55:00+00:00\" \/>\n<meta property=\"og:image\" content=\"https:\/\/www.gaveanews.com\/wp-content\/uploads\/image-2024-07-03T203303.359.webp\" \/>\n\t<meta property=\"og:image:width\" content=\"740\" \/>\n\t<meta property=\"og:image:height\" content=\"416\" \/>\n\t<meta property=\"og:image:type\" content=\"image\/webp\" \/>\n<meta name=\"author\" content=\"Paula Silva\" \/>\n<meta name=\"twitter:card\" content=\"summary_large_image\" \/>\n<meta name=\"twitter:label1\" content=\"Escrito por\" \/>\n\t<meta name=\"twitter:data1\" content=\"Paula Silva\" \/>\n\t<meta name=\"twitter:label2\" content=\"Est. tempo de leitura\" \/>\n\t<meta name=\"twitter:data2\" content=\"3 minutos\" \/>\n<script type=\"application\/ld+json\" class=\"yoast-schema-graph\">{\"@context\":\"https:\/\/schema.org\",\"@graph\":[{\"@type\":\"NewsArticle\",\"@id\":\"https:\/\/www.gaveanews.com\/index.php\/2025\/03\/10\/fluminense-x-flamengo-de-olho-na-final-do-carioca-mano-menezes-fala-sobre-o-var\/#article\",\"isPartOf\":{\"@id\":\"https:\/\/www.gaveanews.com\/index.php\/2025\/03\/10\/fluminense-x-flamengo-de-olho-na-final-do-carioca-mano-menezes-fala-sobre-o-var\/\"},\"author\":{\"name\":\"Paula Silva\",\"@id\":\"https:\/\/www.gaveanews.com\/#\/schema\/person\/daf63eec72e1164eb13dc35096c2b8da\"},\"headline\":\"Fluminense x Flamengo: de olho na final do Carioca, Mano Menezes fala sobre o VAR\",\"datePublished\":\"2025-03-11T02:55:00+00:00\",\"mainEntityOfPage\":{\"@id\":\"https:\/\/www.gaveanews.com\/index.php\/2025\/03\/10\/fluminense-x-flamengo-de-olho-na-final-do-carioca-mano-menezes-fala-sobre-o-var\/\"},\"wordCount\":528,\"commentCount\":0,\"image\":{\"@id\":\"https:\/\/www.gaveanews.com\/index.php\/2025\/03\/10\/fluminense-x-flamengo-de-olho-na-final-do-carioca-mano-menezes-fala-sobre-o-var\/#primaryimage\"},\"thumbnailUrl\":\"https:\/\/www.gaveanews.com\/wp-content\/uploads\/image-2024-07-03T203303.359.webp\",\"articleSection\":[\"Flamengo\",\"Fluminense\"],\"inLanguage\":\"pt-BR\",\"potentialAction\":[{\"@type\":\"CommentAction\",\"name\":\"Comment\",\"target\":[\"https:\/\/www.gaveanews.com\/index.php\/2025\/03\/10\/fluminense-x-flamengo-de-olho-na-final-do-carioca-mano-menezes-fala-sobre-o-var\/#respond\"]}],\"copyrightYear\":\"2025\",\"copyrightHolder\":{\"@id\":\"https:\/\/www.gaveanews.com\/#organization\"}},{\"@type\":\"WebPage\",\"@id\":\"https:\/\/www.gaveanews.com\/index.php\/2025\/03\/10\/fluminense-x-flamengo-de-olho-na-final-do-carioca-mano-menezes-fala-sobre-o-var\/\",\"url\":\"https:\/\/www.gaveanews.com\/index.php\/2025\/03\/10\/fluminense-x-flamengo-de-olho-na-final-do-carioca-mano-menezes-fala-sobre-o-var\/\",\"name\":\"Fluminense x Flamengo: de olho na final do Carioca, Mano Menezes fala sobre o VAR\",\"isPartOf\":{\"@id\":\"https:\/\/www.gaveanews.com\/#website\"},\"primaryImageOfPage\":{\"@id\":\"https:\/\/www.gaveanews.com\/index.php\/2025\/03\/10\/fluminense-x-flamengo-de-olho-na-final-do-carioca-mano-menezes-fala-sobre-o-var\/#primaryimage\"},\"image\":{\"@id\":\"https:\/\/www.gaveanews.com\/index.php\/2025\/03\/10\/fluminense-x-flamengo-de-olho-na-final-do-carioca-mano-menezes-fala-sobre-o-var\/#primaryimage\"},\"thumbnailUrl\":\"https:\/\/www.gaveanews.com\/wp-content\/uploads\/image-2024-07-03T203303.359.webp\",\"datePublished\":\"2025-03-11T02:55:00+00:00\",\"author\":{\"@id\":\"https:\/\/www.gaveanews.com\/#\/schema\/person\/daf63eec72e1164eb13dc35096c2b8da\"},\"breadcrumb\":{\"@id\":\"https:\/\/www.gaveanews.com\/index.php\/2025\/03\/10\/fluminense-x-flamengo-de-olho-na-final-do-carioca-mano-menezes-fala-sobre-o-var\/#breadcrumb\"},\"inLanguage\":\"pt-BR\",\"potentialAction\":[{\"@type\":\"ReadAction\",\"target\":[\"https:\/\/www.gaveanews.com\/index.php\/2025\/03\/10\/fluminense-x-flamengo-de-olho-na-final-do-carioca-mano-menezes-fala-sobre-o-var\/\"]}]},{\"@type\":\"ImageObject\",\"inLanguage\":\"pt-BR\",\"@id\":\"https:\/\/www.gaveanews.com\/index.php\/2025\/03\/10\/fluminense-x-flamengo-de-olho-na-final-do-carioca-mano-menezes-fala-sobre-o-var\/#primaryimage\",\"url\":\"https:\/\/www.gaveanews.com\/wp-content\/uploads\/image-2024-07-03T203303.359.webp\",\"contentUrl\":\"https:\/\/www.gaveanews.com\/wp-content\/uploads\/image-2024-07-03T203303.359.webp\",\"width\":740,\"height\":416,\"caption\":\"Mano Menezes, t\u00e9cnico do Fluminense. Foto: Marcelo Gon\u00e7alves\/Fluminense\"},{\"@type\":\"BreadcrumbList\",\"@id\":\"https:\/\/www.gaveanews.com\/index.php\/2025\/03\/10\/fluminense-x-flamengo-de-olho-na-final-do-carioca-mano-menezes-fala-sobre-o-var\/#breadcrumb\",\"itemListElement\":[{\"@type\":\"ListItem\",\"position\":1,\"name\":\"Home\",\"item\":\"https:\/\/www.gaveanews.com\/\"},{\"@type\":\"ListItem\",\"position\":2,\"name\":\"Fluminense x Flamengo: de olho na final do Carioca, Mano Menezes fala sobre o VAR\"}]},{\"@type\":\"WebSite\",\"@id\":\"https:\/\/www.gaveanews.com\/#website\",\"url\":\"https:\/\/www.gaveanews.com\/\",\"name\":\"G\u00e1vea News\",\"description\":\"Veja todas as not\u00edcias sobre o Flamengo: Contrata\u00e7\u00f5es, categorias de base, resultados das partidas, tabela de classifica\u00e7\u00e3o, pr\u00f3ximos jogos!\",\"potentialAction\":[{\"@type\":\"SearchAction\",\"target\":{\"@type\":\"EntryPoint\",\"urlTemplate\":\"https:\/\/www.gaveanews.com\/?s={search_term_string}\"},\"query-input\":{\"@type\":\"PropertyValueSpecification\",\"valueRequired\":true,\"valueName\":\"search_term_string\"}}],\"inLanguage\":\"pt-BR\"},{\"@type\":\"Person\",\"@id\":\"https:\/\/www.gaveanews.com\/#\/schema\/person\/daf63eec72e1164eb13dc35096c2b8da\",\"name\":\"Paula Silva\",\"image\":{\"@type\":\"ImageObject\",\"inLanguage\":\"pt-BR\",\"@id\":\"https:\/\/www.gaveanews.com\/#\/schema\/person\/image\/\",\"url\":\"https:\/\/secure.gravatar.com\/avatar\/eda381c845527cc5d64c13b901833cda29d97500ba040d3e6461f76f51d163bb?s=96&d=mm&r=g\",\"contentUrl\":\"https:\/\/secure.gravatar.com\/avatar\/eda381c845527cc5d64c13b901833cda29d97500ba040d3e6461f76f51d163bb?s=96&d=mm&r=g\",\"caption\":\"Paula Silva\"}}]}<\/script>\n<!-- \/ Yoast SEO Premium plugin. -->","yoast_head_json":{"title":"Fluminense x Flamengo: de olho na final do Carioca, Mano Menezes fala sobre o VAR","robots":{"index":"index","follow":"follow","max-snippet":"max-snippet:-1","max-image-preview":"max-image-preview:large","max-video-preview":"max-video-preview:-1"},"canonical":"https:\/\/www.gaveanews.com\/index.php\/2025\/03\/10\/fluminense-x-flamengo-de-olho-na-final-do-carioca-mano-menezes-fala-sobre-o-var\/","og_locale":"pt_BR","og_type":"article","og_title":"Fluminense x Flamengo: de olho na final do Carioca, Mano Menezes fala sobre o VAR","og_description":"A arbitragem do Campeonato Carioca voltou a ser um dos principais temas de debate ap\u00f3s a semifinal entre Flamengo e Vasco. O presidente do Vasco, Pedrinho, criticou a decis\u00e3o do VAR que validou o gol de Bruno Henrique, marcado no primeiro tempo do cl\u00e1ssico realizado no Maracan\u00e3. Segundo ele, a rapidez na revis\u00e3o do lance [&hellip;]","og_url":"https:\/\/www.gaveanews.com\/index.php\/2025\/03\/10\/fluminense-x-flamengo-de-olho-na-final-do-carioca-mano-menezes-fala-sobre-o-var\/","og_site_name":"G\u00e1vea News","article_publisher":"https:\/\/facebook.com\/gaveaNews\/","article_published_time":"2025-03-11T02:55:00+00:00","og_image":[{"width":740,"height":416,"url":"https:\/\/www.gaveanews.com\/wp-content\/uploads\/image-2024-07-03T203303.359.webp","type":"image\/webp"}],"author":"Paula Silva","twitter_card":"summary_large_image","twitter_misc":{"Escrito por":"Paula Silva","Est. tempo de leitura":"3 minutos"},"schema":{"@context":"https:\/\/schema.org","@graph":[{"@type":"NewsArticle","@id":"https:\/\/www.gaveanews.com\/index.php\/2025\/03\/10\/fluminense-x-flamengo-de-olho-na-final-do-carioca-mano-menezes-fala-sobre-o-var\/#article","isPartOf":{"@id":"https:\/\/www.gaveanews.com\/index.php\/2025\/03\/10\/fluminense-x-flamengo-de-olho-na-final-do-carioca-mano-menezes-fala-sobre-o-var\/"},"author":{"name":"Paula Silva","@id":"https:\/\/www.gaveanews.com\/#\/schema\/person\/daf63eec72e1164eb13dc35096c2b8da"},"headline":"Fluminense x Flamengo: de olho na final do Carioca, Mano Menezes fala sobre o VAR","datePublished":"2025-03-11T02:55:00+00:00","mainEntityOfPage":{"@id":"https:\/\/www.gaveanews.com\/index.php\/2025\/03\/10\/fluminense-x-flamengo-de-olho-na-final-do-carioca-mano-menezes-fala-sobre-o-var\/"},"wordCount":528,"commentCount":0,"image":{"@id":"https:\/\/www.gaveanews.com\/index.php\/2025\/03\/10\/fluminense-x-flamengo-de-olho-na-final-do-carioca-mano-menezes-fala-sobre-o-var\/#primaryimage"},"thumbnailUrl":"https:\/\/www.gaveanews.com\/wp-content\/uploads\/image-2024-07-03T203303.359.webp","articleSection":["Flamengo","Fluminense"],"inLanguage":"pt-BR","potentialAction":[{"@type":"CommentAction","name":"Comment","target":["https:\/\/www.gaveanews.com\/index.php\/2025\/03\/10\/fluminense-x-flamengo-de-olho-na-final-do-carioca-mano-menezes-fala-sobre-o-var\/#respond"]}],"copyrightYear":"2025","copyrightHolder":{"@id":"https:\/\/www.gaveanews.com\/#organization"}},{"@type":"WebPage","@id":"https:\/\/www.gaveanews.com\/index.php\/2025\/03\/10\/fluminense-x-flamengo-de-olho-na-final-do-carioca-mano-menezes-fala-sobre-o-var\/","url":"https:\/\/www.gaveanews.com\/index.php\/2025\/03\/10\/fluminense-x-flamengo-de-olho-na-final-do-carioca-mano-menezes-fala-sobre-o-var\/","name":"Fluminense x Flamengo: de olho na final do Carioca, Mano Menezes fala sobre o VAR","isPartOf":{"@id":"https:\/\/www.gaveanews.com\/#website"},"primaryImageOfPage":{"@id":"https:\/\/www.gaveanews.com\/index.php\/2025\/03\/10\/fluminense-x-flamengo-de-olho-na-final-do-carioca-mano-menezes-fala-sobre-o-var\/#primaryimage"},"image":{"@id":"https:\/\/www.gaveanews.com\/index.php\/2025\/03\/10\/fluminense-x-flamengo-de-olho-na-final-do-carioca-mano-menezes-fala-sobre-o-var\/#primaryimage"},"thumbnailUrl":"https:\/\/www.gaveanews.com\/wp-content\/uploads\/image-2024-07-03T203303.359.webp","datePublished":"2025-03-11T02:55:00+00:00","author":{"@id":"https:\/\/www.gaveanews.com\/#\/schema\/person\/daf63eec72e1164eb13dc35096c2b8da"},"breadcrumb":{"@id":"https:\/\/www.gaveanews.com\/index.php\/2025\/03\/10\/fluminense-x-flamengo-de-olho-na-final-do-carioca-mano-menezes-fala-sobre-o-var\/#breadcrumb"},"inLanguage":"pt-BR","potentialAction":[{"@type":"ReadAction","target":["https:\/\/www.gaveanews.com\/index.php\/2025\/03\/10\/fluminense-x-flamengo-de-olho-na-final-do-carioca-mano-menezes-fala-sobre-o-var\/"]}]},{"@type":"ImageObject","inLanguage":"pt-BR","@id":"https:\/\/www.gaveanews.com\/index.php\/2025\/03\/10\/fluminense-x-flamengo-de-olho-na-final-do-carioca-mano-menezes-fala-sobre-o-var\/#primaryimage","url":"https:\/\/www.gaveanews.com\/wp-content\/uploads\/image-2024-07-03T203303.359.webp","contentUrl":"https:\/\/www.gaveanews.com\/wp-content\/uploads\/image-2024-07-03T203303.359.webp","width":740,"height":416,"caption":"Mano Menezes, t\u00e9cnico do Fluminense. Foto: Marcelo Gon\u00e7alves\/Fluminense"},{"@type":"BreadcrumbList","@id":"https:\/\/www.gaveanews.com\/index.php\/2025\/03\/10\/fluminense-x-flamengo-de-olho-na-final-do-carioca-mano-menezes-fala-sobre-o-var\/#breadcrumb","itemListElement":[{"@type":"ListItem","position":1,"name":"Home","item":"https:\/\/www.gaveanews.com\/"},{"@type":"ListItem","position":2,"name":"Fluminense x Flamengo: de olho na final do Carioca, Mano Menezes fala sobre o VAR"}]},{"@type":"WebSite","@id":"https:\/\/www.gaveanews.com\/#website","url":"https:\/\/www.gaveanews.com\/","name":"G\u00e1vea News","description":"Veja todas as not\u00edcias sobre o Flamengo: Contrata\u00e7\u00f5es, categorias de base, resultados das partidas, tabela de classifica\u00e7\u00e3o, pr\u00f3ximos jogos!","potentialAction":[{"@type":"SearchAction","target":{"@type":"EntryPoint","urlTemplate":"https:\/\/www.gaveanews.com\/?s={search_term_string}"},"query-input":{"@type":"PropertyValueSpecification","valueRequired":true,"valueName":"search_term_string"}}],"inLanguage":"pt-BR"},{"@type":"Person","@id":"https:\/\/www.gaveanews.com\/#\/schema\/person\/daf63eec72e1164eb13dc35096c2b8da","name":"Paula Silva","image":{"@type":"ImageObject","inLanguage":"pt-BR","@id":"https:\/\/www.gaveanews.com\/#\/schema\/person\/image\/","url":"https:\/\/secure.gravatar.com\/avatar\/eda381c845527cc5d64c13b901833cda29d97500ba040d3e6461f76f51d163bb?s=96&d=mm&r=g","contentUrl":"https:\/\/secure.gravatar.com\/avatar\/eda381c845527cc5d64c13b901833cda29d97500ba040d3e6461f76f51d163bb?s=96&d=mm&r=g","caption":"Paula Silva"}}]}},"_links":{"self":[{"href":"https:\/\/www.gaveanews.com\/index.php\/wp-json\/wp\/v2\/posts\/238301","targetHints":{"allow":["GET"]}}],"collection":[{"href":"https:\/\/www.gaveanews.com\/index.php\/wp-json\/wp\/v2\/posts"}],"about":[{"href":"https:\/\/www.gaveanews.com\/index.php\/wp-json\/wp\/v2\/types\/post"}],"author":[{"embeddable":true,"href":"https:\/\/www.gaveanews.com\/index.php\/wp-json\/wp\/v2\/users\/18"}],"replies":[{"embeddable":true,"href":"https:\/\/www.gaveanews.com\/index.php\/wp-json\/wp\/v2\/comments?post=238301"}],"version-history":[{"count":1,"href":"https:\/\/www.gaveanews.com\/index.php\/wp-json\/wp\/v2\/posts\/238301\/revisions"}],"predecessor-version":[{"id":238302,"href":"https:\/\/www.gaveanews.com\/index.php\/wp-json\/wp\/v2\/posts\/238301\/revisions\/238302"}],"wp:featuredmedia":[{"embeddable":true,"href":"https:\/\/www.gaveanews.com\/index.php\/wp-json\/wp\/v2\/media\/150636"}],"wp:attachment":[{"href":"https:\/\/www.gaveanews.com\/index.php\/wp-json\/wp\/v2\/media?parent=238301"}],"wp:term":[{"taxonomy":"category","embeddable":true,"href":"https:\/\/www.gaveanews.com\/index.php\/wp-json\/wp\/v2\/categories?post=238301"},{"taxonomy":"post_tag","embeddable":true,"href":"https:\/\/www.gaveanews.com\/index.php\/wp-json\/wp\/v2\/tags?post=238301"}],"curies":[{"name":"wp","href":"https:\/\/api.w.org\/{rel}","templated":true}]}}