{"id":238343,"date":"2025-03-11T11:45:28","date_gmt":"2025-03-11T14:45:28","guid":{"rendered":"https:\/\/www.gaveanews.com\/?p=238343"},"modified":"2025-03-11T11:40:37","modified_gmt":"2025-03-11T14:40:37","slug":"bernard-paulinho-alisson-emerson-royal-jemerson-as-maiores-vendas-da-historia-do-atletico-mg","status":"publish","type":"post","link":"https:\/\/www.gaveanews.com\/index.php\/2025\/03\/11\/bernard-paulinho-alisson-emerson-royal-jemerson-as-maiores-vendas-da-historia-do-atletico-mg\/","title":{"rendered":"Bernard, Paulinho, Alisson, Emerson Royal, Jemerson: as maiores vendas da hist\u00f3ria do Atl\u00e9tico-MG"},"content":{"rendered":"\n<h2 class=\"wp-block-heading\" id=\"h-veja-valores-das-maiores-vendas-do-galo-na-historia\">Veja valores das maiores vendas do Galo na hist\u00f3ria <\/h2>\n\n\n\n<p>Na \u00faltima segunda-feira (10), o Atl\u00e9tico-MG enfim oficializou a venda do atacante Alisson, formado nas categorias de base do clube. O jogador foi vendido por 14 milh\u00f5es de euros (cerca de R$ 88 milh\u00f5es na cota\u00e7\u00e3o atual) ao&nbsp;Shakhtar Donetsk, da Ucr\u00e2nia,&nbsp;e assim se tornou a terceira maior venda da hist\u00f3ria do Galo. <\/p>\n\n\n\n<p>O Atl\u00e9tico tinha 80% dos direitos econ\u00f4micos do jogador, assim ficando com cerca de R$ 69 milh\u00f5es no neg\u00f3cio. Caso Alisson atinja metas estabelecidas no contrato, a negocia\u00e7\u00e3o pode chegar ainda a 16 milh\u00f5es de euros, assim fazendo o Galo lucrar um pouco mais com o atleta. <\/p>\n\n\n\n<p>A negocia\u00e7\u00e3o de Alisson fica atr\u00e1s apenas de Bernard, quando foi transferido justamente para o Shakhtar Donetsk l\u00e1 em 2013, e de Paulinho, que acertou com o Palmeiras no final do ano passado. Bernard continua sendo a transfer\u00eancia mais cara da hist\u00f3ria do clube, levando em conta os valores em euros na \u00e9poca da negocia\u00e7\u00e3o.<\/p>\n\n\n\n<p>Em 2013, o jogador foi vendido ao Shakhtar Donetsk por 25 milh\u00f5es de euros (equivalente a 76 milh\u00f5es de reais na cota\u00e7\u00e3o da \u00e9poca). Na cota\u00e7\u00e3o de hoje, o valor seria de R$ 157 milh\u00f5es.<\/p>\n\n\n\n<p>Paulinho deixou o Atl\u00e9tico para ir para o Palmeiras no final do ano passado em uma negocia\u00e7\u00e3o que girou 18 milh\u00f5es de euros (88 milh\u00f5es na \u00e9poca). Se o neg\u00f3cio acontecesse hoje, o valor seria de R$ 113 milh\u00f5es. Al\u00e9m disso, a transfer\u00eancia de Paulinho foi a maior entre clubes do futebol brasileiro. <\/p>\n\n\n\n<p>Alisson desbancou o lateral-direito Emerson Royal e o zagueiro Jemerson, assim ocupando a terceira posi\u00e7\u00e3o do ranking. Na ocasi\u00e3o, Royal deixou o clube em 2019 para ir para o Barcelona, enquanto o zagueiro saiu do Galo em 2016 rumo ao M\u00f4naco. <\/p>\n\n\n\n<h2 class=\"wp-block-heading\" id=\"h-veja-as-cinco-maiores-vendas-do-atletico-na-historia\">Veja as cinco maiores vendas do Atl\u00e9tico na hist\u00f3ria:<\/h2>\n\n\n\n<ol class=\"wp-block-list\">\n<li>Bernard &#8211; Shakhtar Donetsk (2013): 25 milh\u00f5es de euros (76 milh\u00f5es na cota\u00e7\u00e3o da \u00e9poca)<\/li>\n\n\n\n<li>Paulinho &#8211; Palmeiras (2024): 18 milh\u00f5es de euros (R$ 115 milh\u00f5es na cota\u00e7\u00e3o atual)<\/li>\n\n\n\n<li>Alisson &#8211; Shakhtar Donetsk (2025): 14 milh\u00f5es de euros (R$ 88 milh\u00f5es na cota\u00e7\u00e3o atual)<\/li>\n\n\n\n<li>Emerson Royal &#8211; Barcelona (2019) 12 milh\u00f5es de euros (50,8 milh\u00f5es na cota\u00e7\u00e3o da \u00e9poca)<\/li>\n\n\n\n<li>Jemerson &#8211; M\u00f4naco (2016) 11 milh\u00f5es de euros (26,5 milh\u00f5es na cota\u00e7\u00e3o da \u00e9poca)<\/li>\n<\/ol>\n","protected":false},"excerpt":{"rendered":"<p>Veja valores das maiores vendas do Galo na hist\u00f3ria Na \u00faltima segunda-feira (10), o Atl\u00e9tico-MG enfim oficializou a venda do atacante Alisson, formado nas categorias de base do clube. O jogador foi vendido por 14 milh\u00f5es de euros (cerca de R$ 88 milh\u00f5es na cota\u00e7\u00e3o atual) ao&nbsp;Shakhtar Donetsk, da Ucr\u00e2nia,&nbsp;e assim se tornou a terceira [&hellip;]<\/p>\n","protected":false},"author":21,"featured_media":168218,"comment_status":"open","ping_status":"closed","sticky":false,"template":"","format":"standard","meta":{"footnotes":""},"categories":[136],"tags":[],"class_list":["post-238343","post","type-post","status-publish","format-standard","has-post-thumbnail","hentry","category-atletico-mg"],"yoast_head":"<!-- This site is optimized with the Yoast SEO Premium plugin v24.2 (Yoast SEO v26.9) - https:\/\/yoast.com\/product\/yoast-seo-premium-wordpress\/ -->\n<title>Bernard, Paulinho, Alisson, Emerson Royal, Jemerson: as maiores vendas da hist\u00f3ria do Atl\u00e9tico-MG<\/title>\n<meta name=\"robots\" content=\"index, follow, max-snippet:-1, max-image-preview:large, max-video-preview:-1\" \/>\n<link rel=\"canonical\" href=\"https:\/\/www.gaveanews.com\/index.php\/2025\/03\/11\/bernard-paulinho-alisson-emerson-royal-jemerson-as-maiores-vendas-da-historia-do-atletico-mg\/\" \/>\n<meta property=\"og:locale\" content=\"pt_BR\" \/>\n<meta property=\"og:type\" content=\"article\" \/>\n<meta property=\"og:title\" content=\"Bernard, Paulinho, Alisson, Emerson Royal, Jemerson: as maiores vendas da hist\u00f3ria do Atl\u00e9tico-MG\" \/>\n<meta property=\"og:description\" content=\"Veja valores das maiores vendas do Galo na hist\u00f3ria Na \u00faltima segunda-feira (10), o Atl\u00e9tico-MG enfim oficializou a venda do atacante Alisson, formado nas categorias de base do clube. O jogador foi vendido por 14 milh\u00f5es de euros (cerca de R$ 88 milh\u00f5es na cota\u00e7\u00e3o atual) ao&nbsp;Shakhtar Donetsk, da Ucr\u00e2nia,&nbsp;e assim se tornou a terceira [&hellip;]\" \/>\n<meta property=\"og:url\" content=\"https:\/\/www.gaveanews.com\/index.php\/2025\/03\/11\/bernard-paulinho-alisson-emerson-royal-jemerson-as-maiores-vendas-da-historia-do-atletico-mg\/\" \/>\n<meta property=\"og:site_name\" content=\"G\u00e1vea News\" \/>\n<meta property=\"article:publisher\" content=\"https:\/\/facebook.com\/gaveaNews\/\" \/>\n<meta property=\"article:published_time\" content=\"2025-03-11T14:45:28+00:00\" \/>\n<meta property=\"og:image\" content=\"https:\/\/www.gaveanews.com\/wp-content\/uploads\/Alisson-pelo-Atletico-MG.webp\" \/>\n\t<meta property=\"og:image:width\" content=\"721\" \/>\n\t<meta property=\"og:image:height\" content=\"535\" \/>\n\t<meta property=\"og:image:type\" content=\"image\/jpeg\" \/>\n<meta name=\"author\" content=\"Andr\u00e9 Serra\" \/>\n<meta name=\"twitter:card\" content=\"summary_large_image\" \/>\n<meta name=\"twitter:label1\" content=\"Escrito por\" \/>\n\t<meta name=\"twitter:data1\" content=\"Andr\u00e9 Serra\" \/>\n\t<meta name=\"twitter:label2\" content=\"Est. tempo de leitura\" \/>\n\t<meta name=\"twitter:data2\" content=\"3 minutos\" \/>\n<script type=\"application\/ld+json\" class=\"yoast-schema-graph\">{\"@context\":\"https:\/\/schema.org\",\"@graph\":[{\"@type\":\"NewsArticle\",\"@id\":\"https:\/\/www.gaveanews.com\/index.php\/2025\/03\/11\/bernard-paulinho-alisson-emerson-royal-jemerson-as-maiores-vendas-da-historia-do-atletico-mg\/#article\",\"isPartOf\":{\"@id\":\"https:\/\/www.gaveanews.com\/index.php\/2025\/03\/11\/bernard-paulinho-alisson-emerson-royal-jemerson-as-maiores-vendas-da-historia-do-atletico-mg\/\"},\"author\":{\"name\":\"Andr\u00e9 Serra\",\"@id\":\"https:\/\/www.gaveanews.com\/#\/schema\/person\/0277a79a1289c451c281ec0411d84f0c\"},\"headline\":\"Bernard, Paulinho, Alisson, Emerson Royal, Jemerson: as maiores vendas da hist\u00f3ria do Atl\u00e9tico-MG\",\"datePublished\":\"2025-03-11T14:45:28+00:00\",\"mainEntityOfPage\":{\"@id\":\"https:\/\/www.gaveanews.com\/index.php\/2025\/03\/11\/bernard-paulinho-alisson-emerson-royal-jemerson-as-maiores-vendas-da-historia-do-atletico-mg\/\"},\"wordCount\":414,\"commentCount\":0,\"image\":{\"@id\":\"https:\/\/www.gaveanews.com\/index.php\/2025\/03\/11\/bernard-paulinho-alisson-emerson-royal-jemerson-as-maiores-vendas-da-historia-do-atletico-mg\/#primaryimage\"},\"thumbnailUrl\":\"https:\/\/www.gaveanews.com\/wp-content\/uploads\/Alisson-pelo-Atletico-MG.webp\",\"articleSection\":[\"Atl\u00e9tico-MG\"],\"inLanguage\":\"pt-BR\",\"potentialAction\":[{\"@type\":\"CommentAction\",\"name\":\"Comment\",\"target\":[\"https:\/\/www.gaveanews.com\/index.php\/2025\/03\/11\/bernard-paulinho-alisson-emerson-royal-jemerson-as-maiores-vendas-da-historia-do-atletico-mg\/#respond\"]}],\"copyrightYear\":\"2025\",\"copyrightHolder\":{\"@id\":\"https:\/\/www.gaveanews.com\/#organization\"}},{\"@type\":\"WebPage\",\"@id\":\"https:\/\/www.gaveanews.com\/index.php\/2025\/03\/11\/bernard-paulinho-alisson-emerson-royal-jemerson-as-maiores-vendas-da-historia-do-atletico-mg\/\",\"url\":\"https:\/\/www.gaveanews.com\/index.php\/2025\/03\/11\/bernard-paulinho-alisson-emerson-royal-jemerson-as-maiores-vendas-da-historia-do-atletico-mg\/\",\"name\":\"Bernard, Paulinho, Alisson, Emerson Royal, Jemerson: as maiores vendas da hist\u00f3ria do Atl\u00e9tico-MG\",\"isPartOf\":{\"@id\":\"https:\/\/www.gaveanews.com\/#website\"},\"primaryImageOfPage\":{\"@id\":\"https:\/\/www.gaveanews.com\/index.php\/2025\/03\/11\/bernard-paulinho-alisson-emerson-royal-jemerson-as-maiores-vendas-da-historia-do-atletico-mg\/#primaryimage\"},\"image\":{\"@id\":\"https:\/\/www.gaveanews.com\/index.php\/2025\/03\/11\/bernard-paulinho-alisson-emerson-royal-jemerson-as-maiores-vendas-da-historia-do-atletico-mg\/#primaryimage\"},\"thumbnailUrl\":\"https:\/\/www.gaveanews.com\/wp-content\/uploads\/Alisson-pelo-Atletico-MG.webp\",\"datePublished\":\"2025-03-11T14:45:28+00:00\",\"author\":{\"@id\":\"https:\/\/www.gaveanews.com\/#\/schema\/person\/0277a79a1289c451c281ec0411d84f0c\"},\"breadcrumb\":{\"@id\":\"https:\/\/www.gaveanews.com\/index.php\/2025\/03\/11\/bernard-paulinho-alisson-emerson-royal-jemerson-as-maiores-vendas-da-historia-do-atletico-mg\/#breadcrumb\"},\"inLanguage\":\"pt-BR\",\"potentialAction\":[{\"@type\":\"ReadAction\",\"target\":[\"https:\/\/www.gaveanews.com\/index.php\/2025\/03\/11\/bernard-paulinho-alisson-emerson-royal-jemerson-as-maiores-vendas-da-historia-do-atletico-mg\/\"]}]},{\"@type\":\"ImageObject\",\"inLanguage\":\"pt-BR\",\"@id\":\"https:\/\/www.gaveanews.com\/index.php\/2025\/03\/11\/bernard-paulinho-alisson-emerson-royal-jemerson-as-maiores-vendas-da-historia-do-atletico-mg\/#primaryimage\",\"url\":\"https:\/\/www.gaveanews.com\/wp-content\/uploads\/Alisson-pelo-Atletico-MG.webp\",\"contentUrl\":\"https:\/\/www.gaveanews.com\/wp-content\/uploads\/Alisson-pelo-Atletico-MG.webp\",\"width\":721,\"height\":535,\"caption\":\"Alisson pelo Atl\u00e9tico-MG (Foto: Divulga\u00e7\u00e3o\/Atl\u00e9tico-MG)\"},{\"@type\":\"BreadcrumbList\",\"@id\":\"https:\/\/www.gaveanews.com\/index.php\/2025\/03\/11\/bernard-paulinho-alisson-emerson-royal-jemerson-as-maiores-vendas-da-historia-do-atletico-mg\/#breadcrumb\",\"itemListElement\":[{\"@type\":\"ListItem\",\"position\":1,\"name\":\"Home\",\"item\":\"https:\/\/www.gaveanews.com\/\"},{\"@type\":\"ListItem\",\"position\":2,\"name\":\"Bernard, Paulinho, Alisson, Emerson Royal, Jemerson: as maiores vendas da hist\u00f3ria do Atl\u00e9tico-MG\"}]},{\"@type\":\"WebSite\",\"@id\":\"https:\/\/www.gaveanews.com\/#website\",\"url\":\"https:\/\/www.gaveanews.com\/\",\"name\":\"G\u00e1vea News\",\"description\":\"Veja todas as not\u00edcias sobre o Flamengo: Contrata\u00e7\u00f5es, categorias de base, resultados das partidas, tabela de classifica\u00e7\u00e3o, pr\u00f3ximos jogos!\",\"potentialAction\":[{\"@type\":\"SearchAction\",\"target\":{\"@type\":\"EntryPoint\",\"urlTemplate\":\"https:\/\/www.gaveanews.com\/?s={search_term_string}\"},\"query-input\":{\"@type\":\"PropertyValueSpecification\",\"valueRequired\":true,\"valueName\":\"search_term_string\"}}],\"inLanguage\":\"pt-BR\"},{\"@type\":\"Person\",\"@id\":\"https:\/\/www.gaveanews.com\/#\/schema\/person\/0277a79a1289c451c281ec0411d84f0c\",\"name\":\"Andr\u00e9 Serra\",\"image\":{\"@type\":\"ImageObject\",\"inLanguage\":\"pt-BR\",\"@id\":\"https:\/\/www.gaveanews.com\/#\/schema\/person\/image\/\",\"url\":\"https:\/\/secure.gravatar.com\/avatar\/d7231369fe48db93292b3e88eb2162dbd9a34a47a8437d9ef3bcaca2a86a83d7?s=96&d=mm&r=g\",\"contentUrl\":\"https:\/\/secure.gravatar.com\/avatar\/d7231369fe48db93292b3e88eb2162dbd9a34a47a8437d9ef3bcaca2a86a83d7?s=96&d=mm&r=g\",\"caption\":\"Andr\u00e9 Serra\"}}]}<\/script>\n<!-- \/ Yoast SEO Premium plugin. -->","yoast_head_json":{"title":"Bernard, Paulinho, Alisson, Emerson Royal, Jemerson: as maiores vendas da hist\u00f3ria do Atl\u00e9tico-MG","robots":{"index":"index","follow":"follow","max-snippet":"max-snippet:-1","max-image-preview":"max-image-preview:large","max-video-preview":"max-video-preview:-1"},"canonical":"https:\/\/www.gaveanews.com\/index.php\/2025\/03\/11\/bernard-paulinho-alisson-emerson-royal-jemerson-as-maiores-vendas-da-historia-do-atletico-mg\/","og_locale":"pt_BR","og_type":"article","og_title":"Bernard, Paulinho, Alisson, Emerson Royal, Jemerson: as maiores vendas da hist\u00f3ria do Atl\u00e9tico-MG","og_description":"Veja valores das maiores vendas do Galo na hist\u00f3ria Na \u00faltima segunda-feira (10), o Atl\u00e9tico-MG enfim oficializou a venda do atacante Alisson, formado nas categorias de base do clube. O jogador foi vendido por 14 milh\u00f5es de euros (cerca de R$ 88 milh\u00f5es na cota\u00e7\u00e3o atual) ao&nbsp;Shakhtar Donetsk, da Ucr\u00e2nia,&nbsp;e assim se tornou a terceira [&hellip;]","og_url":"https:\/\/www.gaveanews.com\/index.php\/2025\/03\/11\/bernard-paulinho-alisson-emerson-royal-jemerson-as-maiores-vendas-da-historia-do-atletico-mg\/","og_site_name":"G\u00e1vea News","article_publisher":"https:\/\/facebook.com\/gaveaNews\/","article_published_time":"2025-03-11T14:45:28+00:00","og_image":[{"width":721,"height":535,"url":"https:\/\/www.gaveanews.com\/wp-content\/uploads\/Alisson-pelo-Atletico-MG.webp","type":"image\/jpeg"}],"author":"Andr\u00e9 Serra","twitter_card":"summary_large_image","twitter_misc":{"Escrito por":"Andr\u00e9 Serra","Est. tempo de leitura":"3 minutos"},"schema":{"@context":"https:\/\/schema.org","@graph":[{"@type":"NewsArticle","@id":"https:\/\/www.gaveanews.com\/index.php\/2025\/03\/11\/bernard-paulinho-alisson-emerson-royal-jemerson-as-maiores-vendas-da-historia-do-atletico-mg\/#article","isPartOf":{"@id":"https:\/\/www.gaveanews.com\/index.php\/2025\/03\/11\/bernard-paulinho-alisson-emerson-royal-jemerson-as-maiores-vendas-da-historia-do-atletico-mg\/"},"author":{"name":"Andr\u00e9 Serra","@id":"https:\/\/www.gaveanews.com\/#\/schema\/person\/0277a79a1289c451c281ec0411d84f0c"},"headline":"Bernard, Paulinho, Alisson, Emerson Royal, Jemerson: as maiores vendas da hist\u00f3ria do Atl\u00e9tico-MG","datePublished":"2025-03-11T14:45:28+00:00","mainEntityOfPage":{"@id":"https:\/\/www.gaveanews.com\/index.php\/2025\/03\/11\/bernard-paulinho-alisson-emerson-royal-jemerson-as-maiores-vendas-da-historia-do-atletico-mg\/"},"wordCount":414,"commentCount":0,"image":{"@id":"https:\/\/www.gaveanews.com\/index.php\/2025\/03\/11\/bernard-paulinho-alisson-emerson-royal-jemerson-as-maiores-vendas-da-historia-do-atletico-mg\/#primaryimage"},"thumbnailUrl":"https:\/\/www.gaveanews.com\/wp-content\/uploads\/Alisson-pelo-Atletico-MG.webp","articleSection":["Atl\u00e9tico-MG"],"inLanguage":"pt-BR","potentialAction":[{"@type":"CommentAction","name":"Comment","target":["https:\/\/www.gaveanews.com\/index.php\/2025\/03\/11\/bernard-paulinho-alisson-emerson-royal-jemerson-as-maiores-vendas-da-historia-do-atletico-mg\/#respond"]}],"copyrightYear":"2025","copyrightHolder":{"@id":"https:\/\/www.gaveanews.com\/#organization"}},{"@type":"WebPage","@id":"https:\/\/www.gaveanews.com\/index.php\/2025\/03\/11\/bernard-paulinho-alisson-emerson-royal-jemerson-as-maiores-vendas-da-historia-do-atletico-mg\/","url":"https:\/\/www.gaveanews.com\/index.php\/2025\/03\/11\/bernard-paulinho-alisson-emerson-royal-jemerson-as-maiores-vendas-da-historia-do-atletico-mg\/","name":"Bernard, Paulinho, Alisson, Emerson Royal, Jemerson: as maiores vendas da hist\u00f3ria do Atl\u00e9tico-MG","isPartOf":{"@id":"https:\/\/www.gaveanews.com\/#website"},"primaryImageOfPage":{"@id":"https:\/\/www.gaveanews.com\/index.php\/2025\/03\/11\/bernard-paulinho-alisson-emerson-royal-jemerson-as-maiores-vendas-da-historia-do-atletico-mg\/#primaryimage"},"image":{"@id":"https:\/\/www.gaveanews.com\/index.php\/2025\/03\/11\/bernard-paulinho-alisson-emerson-royal-jemerson-as-maiores-vendas-da-historia-do-atletico-mg\/#primaryimage"},"thumbnailUrl":"https:\/\/www.gaveanews.com\/wp-content\/uploads\/Alisson-pelo-Atletico-MG.webp","datePublished":"2025-03-11T14:45:28+00:00","author":{"@id":"https:\/\/www.gaveanews.com\/#\/schema\/person\/0277a79a1289c451c281ec0411d84f0c"},"breadcrumb":{"@id":"https:\/\/www.gaveanews.com\/index.php\/2025\/03\/11\/bernard-paulinho-alisson-emerson-royal-jemerson-as-maiores-vendas-da-historia-do-atletico-mg\/#breadcrumb"},"inLanguage":"pt-BR","potentialAction":[{"@type":"ReadAction","target":["https:\/\/www.gaveanews.com\/index.php\/2025\/03\/11\/bernard-paulinho-alisson-emerson-royal-jemerson-as-maiores-vendas-da-historia-do-atletico-mg\/"]}]},{"@type":"ImageObject","inLanguage":"pt-BR","@id":"https:\/\/www.gaveanews.com\/index.php\/2025\/03\/11\/bernard-paulinho-alisson-emerson-royal-jemerson-as-maiores-vendas-da-historia-do-atletico-mg\/#primaryimage","url":"https:\/\/www.gaveanews.com\/wp-content\/uploads\/Alisson-pelo-Atletico-MG.webp","contentUrl":"https:\/\/www.gaveanews.com\/wp-content\/uploads\/Alisson-pelo-Atletico-MG.webp","width":721,"height":535,"caption":"Alisson pelo Atl\u00e9tico-MG (Foto: Divulga\u00e7\u00e3o\/Atl\u00e9tico-MG)"},{"@type":"BreadcrumbList","@id":"https:\/\/www.gaveanews.com\/index.php\/2025\/03\/11\/bernard-paulinho-alisson-emerson-royal-jemerson-as-maiores-vendas-da-historia-do-atletico-mg\/#breadcrumb","itemListElement":[{"@type":"ListItem","position":1,"name":"Home","item":"https:\/\/www.gaveanews.com\/"},{"@type":"ListItem","position":2,"name":"Bernard, Paulinho, Alisson, Emerson Royal, Jemerson: as maiores vendas da hist\u00f3ria do Atl\u00e9tico-MG"}]},{"@type":"WebSite","@id":"https:\/\/www.gaveanews.com\/#website","url":"https:\/\/www.gaveanews.com\/","name":"G\u00e1vea News","description":"Veja todas as not\u00edcias sobre o Flamengo: Contrata\u00e7\u00f5es, categorias de base, resultados das partidas, tabela de classifica\u00e7\u00e3o, pr\u00f3ximos jogos!","potentialAction":[{"@type":"SearchAction","target":{"@type":"EntryPoint","urlTemplate":"https:\/\/www.gaveanews.com\/?s={search_term_string}"},"query-input":{"@type":"PropertyValueSpecification","valueRequired":true,"valueName":"search_term_string"}}],"inLanguage":"pt-BR"},{"@type":"Person","@id":"https:\/\/www.gaveanews.com\/#\/schema\/person\/0277a79a1289c451c281ec0411d84f0c","name":"Andr\u00e9 Serra","image":{"@type":"ImageObject","inLanguage":"pt-BR","@id":"https:\/\/www.gaveanews.com\/#\/schema\/person\/image\/","url":"https:\/\/secure.gravatar.com\/avatar\/d7231369fe48db93292b3e88eb2162dbd9a34a47a8437d9ef3bcaca2a86a83d7?s=96&d=mm&r=g","contentUrl":"https:\/\/secure.gravatar.com\/avatar\/d7231369fe48db93292b3e88eb2162dbd9a34a47a8437d9ef3bcaca2a86a83d7?s=96&d=mm&r=g","caption":"Andr\u00e9 Serra"}}]}},"_links":{"self":[{"href":"https:\/\/www.gaveanews.com\/index.php\/wp-json\/wp\/v2\/posts\/238343","targetHints":{"allow":["GET"]}}],"collection":[{"href":"https:\/\/www.gaveanews.com\/index.php\/wp-json\/wp\/v2\/posts"}],"about":[{"href":"https:\/\/www.gaveanews.com\/index.php\/wp-json\/wp\/v2\/types\/post"}],"author":[{"embeddable":true,"href":"https:\/\/www.gaveanews.com\/index.php\/wp-json\/wp\/v2\/users\/21"}],"replies":[{"embeddable":true,"href":"https:\/\/www.gaveanews.com\/index.php\/wp-json\/wp\/v2\/comments?post=238343"}],"version-history":[{"count":2,"href":"https:\/\/www.gaveanews.com\/index.php\/wp-json\/wp\/v2\/posts\/238343\/revisions"}],"predecessor-version":[{"id":238382,"href":"https:\/\/www.gaveanews.com\/index.php\/wp-json\/wp\/v2\/posts\/238343\/revisions\/238382"}],"wp:featuredmedia":[{"embeddable":true,"href":"https:\/\/www.gaveanews.com\/index.php\/wp-json\/wp\/v2\/media\/168218"}],"wp:attachment":[{"href":"https:\/\/www.gaveanews.com\/index.php\/wp-json\/wp\/v2\/media?parent=238343"}],"wp:term":[{"taxonomy":"category","embeddable":true,"href":"https:\/\/www.gaveanews.com\/index.php\/wp-json\/wp\/v2\/categories?post=238343"},{"taxonomy":"post_tag","embeddable":true,"href":"https:\/\/www.gaveanews.com\/index.php\/wp-json\/wp\/v2\/tags?post=238343"}],"curies":[{"name":"wp","href":"https:\/\/api.w.org\/{rel}","templated":true}]}}