{"id":238420,"date":"2025-03-11T15:45:00","date_gmt":"2025-03-11T18:45:00","guid":{"rendered":"https:\/\/www.gaveanews.com\/?p=238420"},"modified":"2025-03-11T13:50:20","modified_gmt":"2025-03-11T16:50:20","slug":"craque-neto-aponta-tecnico-que-deve-substituir-pedro-caixinha-no-santos","status":"publish","type":"post","link":"https:\/\/www.gaveanews.com\/index.php\/2025\/03\/11\/craque-neto-aponta-tecnico-que-deve-substituir-pedro-caixinha-no-santos\/","title":{"rendered":"Craque Neto aponta t\u00e9cnico que deve substituir Pedro Caixinha no Santos"},"content":{"rendered":"\n<p>A elimina\u00e7\u00e3o precoce do Santos no Campeonato Paulista causou grande frustra\u00e7\u00e3o entre a torcida, principalmente pela aus\u00eancia de Neymar. O craque sentiu uma les\u00e3o muscular na posterior da coxa e, mesmo sabendo que n\u00e3o jogaria, foi ao banco de reservas por uma estrat\u00e9gia do t\u00e9cnico Pedro Caixinha.&nbsp;<\/p>\n\n\n\n<p>A ideia era mant\u00ea-lo dispon\u00edvel para uma poss\u00edvel disputa de p\u00eanaltis. No entanto, a manobra n\u00e3o teve o efeito desejado, e a decis\u00e3o gerou revolta na torcida santista.<\/p>\n\n\n\n<h2 class=\"wp-block-heading\" id=\"h-a-demissao-de-pedro-caixinha\">A demiss\u00e3o de Pedro Caixinha<\/h2>\n\n\n\n<figure class=\"wp-block-image size-full\"><img loading=\"lazy\" decoding=\"async\" width=\"725\" height=\"526\" src=\"http:\/\/www.gaveanews.com\/wp-content\/uploads\/Pedro-Caixinha-tecnico-do-Santos.webp\" alt=\"\" class=\"wp-image-227144\"\/><figcaption class=\"wp-element-caption\">Pedro Caixinha, t\u00e9cnico do Santos (Foto: Divulga\u00e7\u00e3o\/Santos)<\/figcaption><\/figure>\n\n\n\n<p>A elimina\u00e7\u00e3o se refletiu diretamente na continuidade do trabalho de Pedro Caixinha \u00e0 frente do Santos. O apresentador Craque Neto foi enf\u00e1tico ao afirmar que o t\u00e9cnico portugu\u00eas n\u00e3o sobreviver\u00e1 \u00e0 press\u00e3o interna e que a demiss\u00e3o \u00e9 iminente.&nbsp;<\/p>\n\n\n\n<p>&#8220;\u00d4, Caixinha, voc\u00ea est\u00e1 fora, irm\u00e3o! \u00d4, Marcelo Teixeira, voc\u00ea disse l\u00e1 atr\u00e1s que est\u00e1 descontente com o Caixinha. E como o Neymar foi obrigado a treinar, ou botaram ele para treinar, vai sobrar para voc\u00ea. E a\u00ed o Tite \u00e9 a bola da vez no Santos. O Caixinha n\u00e3o aguenta esses 30 dias de f\u00e9rias. Esquece&#8221;, declarou Neto em um programa de televis\u00e3o.<\/p>\n\n\n\n<p>Cabe ressaltar que, apesar da press\u00e3o p\u00fablica, o presidente do Santos, Marcelo Teixeira, ainda mant\u00e9m respaldo a Caixinha, que possui contrato at\u00e9 dezembro de 2026. No entanto, o cen\u00e1rio de instabilidade e a insatisfa\u00e7\u00e3o com o trabalho do treinador tornam a situa\u00e7\u00e3o cada vez mais insustent\u00e1vel.<\/p>\n\n\n\n<h2 class=\"wp-block-heading\" id=\"h-tite-o-nome-cotado-para-assumir-o-peixe\">Tite, o nome cotado para assumir o Peixe<\/h2>\n\n\n\n<figure class=\"wp-block-image size-full\"><img loading=\"lazy\" decoding=\"async\" width=\"633\" height=\"312\" src=\"http:\/\/www.gaveanews.com\/wp-content\/uploads\/Tite-durante-jogo-contra-o-Palmeiras-pelo-Brasileirao-no-Maracana.webp\" alt=\"\" class=\"wp-image-158166\" srcset=\"https:\/\/www.gaveanews.com\/wp-content\/uploads\/Tite-durante-jogo-contra-o-Palmeiras-pelo-Brasileirao-no-Maracana.webp 633w, https:\/\/www.gaveanews.com\/wp-content\/uploads\/Tite-durante-jogo-contra-o-Palmeiras-pelo-Brasileirao-no-Maracana-300x148.webp 300w, https:\/\/www.gaveanews.com\/wp-content\/uploads\/Tite-durante-jogo-contra-o-Palmeiras-pelo-Brasileirao-no-Maracana-100x49.webp 100w\" sizes=\"auto, (max-width: 633px) 100vw, 633px\" \/><figcaption class=\"wp-element-caption\">Tite durante jogo contra o Palmeiras, pelo Brasileir\u00e3o, no Maracan\u00e3 (Foto: Divulga\u00e7\u00e3o\/Flamengo)<\/figcaption><\/figure>\n\n\n\n<p>Dessa maneira, Tite, t\u00e9cnico experiente e desempregado desde sua sa\u00edda do Flamengo em setembro de 2024, surge como o grande favorito para assumir o comando do Santos.&nbsp;<\/p>\n\n\n\n<p>Neto n\u00e3o s\u00f3 colocou o ex-treinador da Sele\u00e7\u00e3o Brasileira como principal nome da poss\u00edvel mudan\u00e7a, como tamb\u00e9m lembrou de sua experi\u00eancia e capacidade para assumir um time com grandes ambi\u00e7\u00f5es, como o Peixe.<\/p>\n\n\n\n<p>Com isso, o Santos se prepara para recome\u00e7ar sua trajet\u00f3ria no Campeonato Paulista no dia 30 de mar\u00e7o, quando enfrentar\u00e1 o Vasco em S\u00e3o Janu\u00e1rio. Al\u00e9m disso, a equipe j\u00e1 aguarda a estreia na Copa do Brasil, marcada para o fim de abril, ap\u00f3s ter conquistado a S\u00e9rie B em 2024.<\/p>\n","protected":false},"excerpt":{"rendered":"<p>A elimina\u00e7\u00e3o precoce do Santos no Campeonato Paulista causou grande frustra\u00e7\u00e3o entre a torcida, principalmente pela aus\u00eancia de Neymar. O craque sentiu uma les\u00e3o muscular na posterior da coxa e, mesmo sabendo que n\u00e3o jogaria, foi ao banco de reservas por uma estrat\u00e9gia do t\u00e9cnico Pedro Caixinha.&nbsp; A ideia era mant\u00ea-lo dispon\u00edvel para uma poss\u00edvel [&hellip;]<\/p>\n","protected":false},"author":25,"featured_media":71983,"comment_status":"open","ping_status":"closed","sticky":false,"template":"","format":"standard","meta":{"footnotes":""},"categories":[139],"tags":[],"class_list":["post-238420","post","type-post","status-publish","format-standard","has-post-thumbnail","hentry","category-santos"],"yoast_head":"<!-- This site is optimized with the Yoast SEO Premium plugin v24.2 (Yoast SEO v26.9) - https:\/\/yoast.com\/product\/yoast-seo-premium-wordpress\/ -->\n<title>Craque Neto aponta t\u00e9cnico que deve substituir Pedro Caixinha no Santos<\/title>\n<meta name=\"robots\" content=\"index, follow, max-snippet:-1, max-image-preview:large, max-video-preview:-1\" \/>\n<link rel=\"canonical\" href=\"https:\/\/www.gaveanews.com\/index.php\/2025\/03\/11\/craque-neto-aponta-tecnico-que-deve-substituir-pedro-caixinha-no-santos\/\" \/>\n<meta property=\"og:locale\" content=\"pt_BR\" \/>\n<meta property=\"og:type\" content=\"article\" \/>\n<meta property=\"og:title\" content=\"Craque Neto aponta t\u00e9cnico que deve substituir Pedro Caixinha no Santos\" \/>\n<meta property=\"og:description\" content=\"A elimina\u00e7\u00e3o precoce do Santos no Campeonato Paulista causou grande frustra\u00e7\u00e3o entre a torcida, principalmente pela aus\u00eancia de Neymar. O craque sentiu uma les\u00e3o muscular na posterior da coxa e, mesmo sabendo que n\u00e3o jogaria, foi ao banco de reservas por uma estrat\u00e9gia do t\u00e9cnico Pedro Caixinha.&nbsp; A ideia era mant\u00ea-lo dispon\u00edvel para uma poss\u00edvel [&hellip;]\" \/>\n<meta property=\"og:url\" content=\"https:\/\/www.gaveanews.com\/index.php\/2025\/03\/11\/craque-neto-aponta-tecnico-que-deve-substituir-pedro-caixinha-no-santos\/\" \/>\n<meta property=\"og:site_name\" content=\"G\u00e1vea News\" \/>\n<meta property=\"article:publisher\" content=\"https:\/\/facebook.com\/gaveaNews\/\" \/>\n<meta property=\"article:published_time\" content=\"2025-03-11T18:45:00+00:00\" \/>\n<meta property=\"og:image\" content=\"https:\/\/www.gaveanews.com\/wp-content\/uploads\/Comentarista-Neto-em-programa-da-Band.webp\" \/>\n\t<meta property=\"og:image:width\" content=\"846\" \/>\n\t<meta property=\"og:image:height\" content=\"476\" \/>\n\t<meta property=\"og:image:type\" content=\"image\/jpeg\" \/>\n<meta name=\"author\" content=\"Rafaela Ladeira\" \/>\n<meta name=\"twitter:card\" content=\"summary_large_image\" \/>\n<meta name=\"twitter:label1\" content=\"Escrito por\" \/>\n\t<meta name=\"twitter:data1\" content=\"Rafaela Ladeira\" \/>\n\t<meta name=\"twitter:label2\" content=\"Est. tempo de leitura\" \/>\n\t<meta name=\"twitter:data2\" content=\"3 minutos\" \/>\n<script type=\"application\/ld+json\" class=\"yoast-schema-graph\">{\"@context\":\"https:\/\/schema.org\",\"@graph\":[{\"@type\":\"NewsArticle\",\"@id\":\"https:\/\/www.gaveanews.com\/index.php\/2025\/03\/11\/craque-neto-aponta-tecnico-que-deve-substituir-pedro-caixinha-no-santos\/#article\",\"isPartOf\":{\"@id\":\"https:\/\/www.gaveanews.com\/index.php\/2025\/03\/11\/craque-neto-aponta-tecnico-que-deve-substituir-pedro-caixinha-no-santos\/\"},\"author\":{\"name\":\"Rafaela Ladeira\",\"@id\":\"https:\/\/www.gaveanews.com\/#\/schema\/person\/0eb3e3fe1754f0205218538adbe8f5ed\"},\"headline\":\"Craque Neto aponta t\u00e9cnico que deve substituir Pedro Caixinha no Santos\",\"datePublished\":\"2025-03-11T18:45:00+00:00\",\"mainEntityOfPage\":{\"@id\":\"https:\/\/www.gaveanews.com\/index.php\/2025\/03\/11\/craque-neto-aponta-tecnico-que-deve-substituir-pedro-caixinha-no-santos\/\"},\"wordCount\":427,\"commentCount\":0,\"image\":{\"@id\":\"https:\/\/www.gaveanews.com\/index.php\/2025\/03\/11\/craque-neto-aponta-tecnico-que-deve-substituir-pedro-caixinha-no-santos\/#primaryimage\"},\"thumbnailUrl\":\"https:\/\/www.gaveanews.com\/wp-content\/uploads\/Comentarista-Neto-em-programa-da-Band.webp\",\"articleSection\":[\"Santos\"],\"inLanguage\":\"pt-BR\",\"potentialAction\":[{\"@type\":\"CommentAction\",\"name\":\"Comment\",\"target\":[\"https:\/\/www.gaveanews.com\/index.php\/2025\/03\/11\/craque-neto-aponta-tecnico-que-deve-substituir-pedro-caixinha-no-santos\/#respond\"]}],\"copyrightYear\":\"2025\",\"copyrightHolder\":{\"@id\":\"https:\/\/www.gaveanews.com\/#organization\"}},{\"@type\":\"WebPage\",\"@id\":\"https:\/\/www.gaveanews.com\/index.php\/2025\/03\/11\/craque-neto-aponta-tecnico-que-deve-substituir-pedro-caixinha-no-santos\/\",\"url\":\"https:\/\/www.gaveanews.com\/index.php\/2025\/03\/11\/craque-neto-aponta-tecnico-que-deve-substituir-pedro-caixinha-no-santos\/\",\"name\":\"Craque Neto aponta t\u00e9cnico que deve substituir Pedro Caixinha no Santos\",\"isPartOf\":{\"@id\":\"https:\/\/www.gaveanews.com\/#website\"},\"primaryImageOfPage\":{\"@id\":\"https:\/\/www.gaveanews.com\/index.php\/2025\/03\/11\/craque-neto-aponta-tecnico-que-deve-substituir-pedro-caixinha-no-santos\/#primaryimage\"},\"image\":{\"@id\":\"https:\/\/www.gaveanews.com\/index.php\/2025\/03\/11\/craque-neto-aponta-tecnico-que-deve-substituir-pedro-caixinha-no-santos\/#primaryimage\"},\"thumbnailUrl\":\"https:\/\/www.gaveanews.com\/wp-content\/uploads\/Comentarista-Neto-em-programa-da-Band.webp\",\"datePublished\":\"2025-03-11T18:45:00+00:00\",\"author\":{\"@id\":\"https:\/\/www.gaveanews.com\/#\/schema\/person\/0eb3e3fe1754f0205218538adbe8f5ed\"},\"breadcrumb\":{\"@id\":\"https:\/\/www.gaveanews.com\/index.php\/2025\/03\/11\/craque-neto-aponta-tecnico-que-deve-substituir-pedro-caixinha-no-santos\/#breadcrumb\"},\"inLanguage\":\"pt-BR\",\"potentialAction\":[{\"@type\":\"ReadAction\",\"target\":[\"https:\/\/www.gaveanews.com\/index.php\/2025\/03\/11\/craque-neto-aponta-tecnico-que-deve-substituir-pedro-caixinha-no-santos\/\"]}]},{\"@type\":\"ImageObject\",\"inLanguage\":\"pt-BR\",\"@id\":\"https:\/\/www.gaveanews.com\/index.php\/2025\/03\/11\/craque-neto-aponta-tecnico-que-deve-substituir-pedro-caixinha-no-santos\/#primaryimage\",\"url\":\"https:\/\/www.gaveanews.com\/wp-content\/uploads\/Comentarista-Neto-em-programa-da-Band.webp\",\"contentUrl\":\"https:\/\/www.gaveanews.com\/wp-content\/uploads\/Comentarista-Neto-em-programa-da-Band.webp\",\"width\":846,\"height\":476,\"caption\":\"Comentarista Neto em programa da Band (Foto: Reprodu\u00e7\u00e3o\/Band)\"},{\"@type\":\"BreadcrumbList\",\"@id\":\"https:\/\/www.gaveanews.com\/index.php\/2025\/03\/11\/craque-neto-aponta-tecnico-que-deve-substituir-pedro-caixinha-no-santos\/#breadcrumb\",\"itemListElement\":[{\"@type\":\"ListItem\",\"position\":1,\"name\":\"Home\",\"item\":\"https:\/\/www.gaveanews.com\/\"},{\"@type\":\"ListItem\",\"position\":2,\"name\":\"Craque Neto aponta t\u00e9cnico que deve substituir Pedro Caixinha no Santos\"}]},{\"@type\":\"WebSite\",\"@id\":\"https:\/\/www.gaveanews.com\/#website\",\"url\":\"https:\/\/www.gaveanews.com\/\",\"name\":\"G\u00e1vea News\",\"description\":\"Veja todas as not\u00edcias sobre o Flamengo: Contrata\u00e7\u00f5es, categorias de base, resultados das partidas, tabela de classifica\u00e7\u00e3o, pr\u00f3ximos jogos!\",\"potentialAction\":[{\"@type\":\"SearchAction\",\"target\":{\"@type\":\"EntryPoint\",\"urlTemplate\":\"https:\/\/www.gaveanews.com\/?s={search_term_string}\"},\"query-input\":{\"@type\":\"PropertyValueSpecification\",\"valueRequired\":true,\"valueName\":\"search_term_string\"}}],\"inLanguage\":\"pt-BR\"},{\"@type\":\"Person\",\"@id\":\"https:\/\/www.gaveanews.com\/#\/schema\/person\/0eb3e3fe1754f0205218538adbe8f5ed\",\"name\":\"Rafaela Ladeira\",\"image\":{\"@type\":\"ImageObject\",\"inLanguage\":\"pt-BR\",\"@id\":\"https:\/\/www.gaveanews.com\/#\/schema\/person\/image\/\",\"url\":\"https:\/\/secure.gravatar.com\/avatar\/c31f513acffd85eacab5730cbdfdbbf59f21ba5aeada8cd890acea879fbb2455?s=96&d=mm&r=g\",\"contentUrl\":\"https:\/\/secure.gravatar.com\/avatar\/c31f513acffd85eacab5730cbdfdbbf59f21ba5aeada8cd890acea879fbb2455?s=96&d=mm&r=g\",\"caption\":\"Rafaela Ladeira\"}}]}<\/script>\n<!-- \/ Yoast SEO Premium plugin. -->","yoast_head_json":{"title":"Craque Neto aponta t\u00e9cnico que deve substituir Pedro Caixinha no Santos","robots":{"index":"index","follow":"follow","max-snippet":"max-snippet:-1","max-image-preview":"max-image-preview:large","max-video-preview":"max-video-preview:-1"},"canonical":"https:\/\/www.gaveanews.com\/index.php\/2025\/03\/11\/craque-neto-aponta-tecnico-que-deve-substituir-pedro-caixinha-no-santos\/","og_locale":"pt_BR","og_type":"article","og_title":"Craque Neto aponta t\u00e9cnico que deve substituir Pedro Caixinha no Santos","og_description":"A elimina\u00e7\u00e3o precoce do Santos no Campeonato Paulista causou grande frustra\u00e7\u00e3o entre a torcida, principalmente pela aus\u00eancia de Neymar. O craque sentiu uma les\u00e3o muscular na posterior da coxa e, mesmo sabendo que n\u00e3o jogaria, foi ao banco de reservas por uma estrat\u00e9gia do t\u00e9cnico Pedro Caixinha.&nbsp; A ideia era mant\u00ea-lo dispon\u00edvel para uma poss\u00edvel [&hellip;]","og_url":"https:\/\/www.gaveanews.com\/index.php\/2025\/03\/11\/craque-neto-aponta-tecnico-que-deve-substituir-pedro-caixinha-no-santos\/","og_site_name":"G\u00e1vea News","article_publisher":"https:\/\/facebook.com\/gaveaNews\/","article_published_time":"2025-03-11T18:45:00+00:00","og_image":[{"width":846,"height":476,"url":"https:\/\/www.gaveanews.com\/wp-content\/uploads\/Comentarista-Neto-em-programa-da-Band.webp","type":"image\/jpeg"}],"author":"Rafaela Ladeira","twitter_card":"summary_large_image","twitter_misc":{"Escrito por":"Rafaela Ladeira","Est. tempo de leitura":"3 minutos"},"schema":{"@context":"https:\/\/schema.org","@graph":[{"@type":"NewsArticle","@id":"https:\/\/www.gaveanews.com\/index.php\/2025\/03\/11\/craque-neto-aponta-tecnico-que-deve-substituir-pedro-caixinha-no-santos\/#article","isPartOf":{"@id":"https:\/\/www.gaveanews.com\/index.php\/2025\/03\/11\/craque-neto-aponta-tecnico-que-deve-substituir-pedro-caixinha-no-santos\/"},"author":{"name":"Rafaela Ladeira","@id":"https:\/\/www.gaveanews.com\/#\/schema\/person\/0eb3e3fe1754f0205218538adbe8f5ed"},"headline":"Craque Neto aponta t\u00e9cnico que deve substituir Pedro Caixinha no Santos","datePublished":"2025-03-11T18:45:00+00:00","mainEntityOfPage":{"@id":"https:\/\/www.gaveanews.com\/index.php\/2025\/03\/11\/craque-neto-aponta-tecnico-que-deve-substituir-pedro-caixinha-no-santos\/"},"wordCount":427,"commentCount":0,"image":{"@id":"https:\/\/www.gaveanews.com\/index.php\/2025\/03\/11\/craque-neto-aponta-tecnico-que-deve-substituir-pedro-caixinha-no-santos\/#primaryimage"},"thumbnailUrl":"https:\/\/www.gaveanews.com\/wp-content\/uploads\/Comentarista-Neto-em-programa-da-Band.webp","articleSection":["Santos"],"inLanguage":"pt-BR","potentialAction":[{"@type":"CommentAction","name":"Comment","target":["https:\/\/www.gaveanews.com\/index.php\/2025\/03\/11\/craque-neto-aponta-tecnico-que-deve-substituir-pedro-caixinha-no-santos\/#respond"]}],"copyrightYear":"2025","copyrightHolder":{"@id":"https:\/\/www.gaveanews.com\/#organization"}},{"@type":"WebPage","@id":"https:\/\/www.gaveanews.com\/index.php\/2025\/03\/11\/craque-neto-aponta-tecnico-que-deve-substituir-pedro-caixinha-no-santos\/","url":"https:\/\/www.gaveanews.com\/index.php\/2025\/03\/11\/craque-neto-aponta-tecnico-que-deve-substituir-pedro-caixinha-no-santos\/","name":"Craque Neto aponta t\u00e9cnico que deve substituir Pedro Caixinha no Santos","isPartOf":{"@id":"https:\/\/www.gaveanews.com\/#website"},"primaryImageOfPage":{"@id":"https:\/\/www.gaveanews.com\/index.php\/2025\/03\/11\/craque-neto-aponta-tecnico-que-deve-substituir-pedro-caixinha-no-santos\/#primaryimage"},"image":{"@id":"https:\/\/www.gaveanews.com\/index.php\/2025\/03\/11\/craque-neto-aponta-tecnico-que-deve-substituir-pedro-caixinha-no-santos\/#primaryimage"},"thumbnailUrl":"https:\/\/www.gaveanews.com\/wp-content\/uploads\/Comentarista-Neto-em-programa-da-Band.webp","datePublished":"2025-03-11T18:45:00+00:00","author":{"@id":"https:\/\/www.gaveanews.com\/#\/schema\/person\/0eb3e3fe1754f0205218538adbe8f5ed"},"breadcrumb":{"@id":"https:\/\/www.gaveanews.com\/index.php\/2025\/03\/11\/craque-neto-aponta-tecnico-que-deve-substituir-pedro-caixinha-no-santos\/#breadcrumb"},"inLanguage":"pt-BR","potentialAction":[{"@type":"ReadAction","target":["https:\/\/www.gaveanews.com\/index.php\/2025\/03\/11\/craque-neto-aponta-tecnico-que-deve-substituir-pedro-caixinha-no-santos\/"]}]},{"@type":"ImageObject","inLanguage":"pt-BR","@id":"https:\/\/www.gaveanews.com\/index.php\/2025\/03\/11\/craque-neto-aponta-tecnico-que-deve-substituir-pedro-caixinha-no-santos\/#primaryimage","url":"https:\/\/www.gaveanews.com\/wp-content\/uploads\/Comentarista-Neto-em-programa-da-Band.webp","contentUrl":"https:\/\/www.gaveanews.com\/wp-content\/uploads\/Comentarista-Neto-em-programa-da-Band.webp","width":846,"height":476,"caption":"Comentarista Neto em programa da Band (Foto: Reprodu\u00e7\u00e3o\/Band)"},{"@type":"BreadcrumbList","@id":"https:\/\/www.gaveanews.com\/index.php\/2025\/03\/11\/craque-neto-aponta-tecnico-que-deve-substituir-pedro-caixinha-no-santos\/#breadcrumb","itemListElement":[{"@type":"ListItem","position":1,"name":"Home","item":"https:\/\/www.gaveanews.com\/"},{"@type":"ListItem","position":2,"name":"Craque Neto aponta t\u00e9cnico que deve substituir Pedro Caixinha no Santos"}]},{"@type":"WebSite","@id":"https:\/\/www.gaveanews.com\/#website","url":"https:\/\/www.gaveanews.com\/","name":"G\u00e1vea News","description":"Veja todas as not\u00edcias sobre o Flamengo: Contrata\u00e7\u00f5es, categorias de base, resultados das partidas, tabela de classifica\u00e7\u00e3o, pr\u00f3ximos jogos!","potentialAction":[{"@type":"SearchAction","target":{"@type":"EntryPoint","urlTemplate":"https:\/\/www.gaveanews.com\/?s={search_term_string}"},"query-input":{"@type":"PropertyValueSpecification","valueRequired":true,"valueName":"search_term_string"}}],"inLanguage":"pt-BR"},{"@type":"Person","@id":"https:\/\/www.gaveanews.com\/#\/schema\/person\/0eb3e3fe1754f0205218538adbe8f5ed","name":"Rafaela Ladeira","image":{"@type":"ImageObject","inLanguage":"pt-BR","@id":"https:\/\/www.gaveanews.com\/#\/schema\/person\/image\/","url":"https:\/\/secure.gravatar.com\/avatar\/c31f513acffd85eacab5730cbdfdbbf59f21ba5aeada8cd890acea879fbb2455?s=96&d=mm&r=g","contentUrl":"https:\/\/secure.gravatar.com\/avatar\/c31f513acffd85eacab5730cbdfdbbf59f21ba5aeada8cd890acea879fbb2455?s=96&d=mm&r=g","caption":"Rafaela Ladeira"}}]}},"_links":{"self":[{"href":"https:\/\/www.gaveanews.com\/index.php\/wp-json\/wp\/v2\/posts\/238420","targetHints":{"allow":["GET"]}}],"collection":[{"href":"https:\/\/www.gaveanews.com\/index.php\/wp-json\/wp\/v2\/posts"}],"about":[{"href":"https:\/\/www.gaveanews.com\/index.php\/wp-json\/wp\/v2\/types\/post"}],"author":[{"embeddable":true,"href":"https:\/\/www.gaveanews.com\/index.php\/wp-json\/wp\/v2\/users\/25"}],"replies":[{"embeddable":true,"href":"https:\/\/www.gaveanews.com\/index.php\/wp-json\/wp\/v2\/comments?post=238420"}],"version-history":[{"count":1,"href":"https:\/\/www.gaveanews.com\/index.php\/wp-json\/wp\/v2\/posts\/238420\/revisions"}],"predecessor-version":[{"id":238423,"href":"https:\/\/www.gaveanews.com\/index.php\/wp-json\/wp\/v2\/posts\/238420\/revisions\/238423"}],"wp:featuredmedia":[{"embeddable":true,"href":"https:\/\/www.gaveanews.com\/index.php\/wp-json\/wp\/v2\/media\/71983"}],"wp:attachment":[{"href":"https:\/\/www.gaveanews.com\/index.php\/wp-json\/wp\/v2\/media?parent=238420"}],"wp:term":[{"taxonomy":"category","embeddable":true,"href":"https:\/\/www.gaveanews.com\/index.php\/wp-json\/wp\/v2\/categories?post=238420"},{"taxonomy":"post_tag","embeddable":true,"href":"https:\/\/www.gaveanews.com\/index.php\/wp-json\/wp\/v2\/tags?post=238420"}],"curies":[{"name":"wp","href":"https:\/\/api.w.org\/{rel}","templated":true}]}}