{"id":238432,"date":"2025-03-11T15:20:00","date_gmt":"2025-03-11T18:20:00","guid":{"rendered":"https:\/\/www.gaveanews.com\/?p=238432"},"modified":"2025-03-11T13:48:52","modified_gmt":"2025-03-11T16:48:52","slug":"corinthians-ele-vai-jogar-a-final-do-paulistao-na-sacrificio","status":"publish","type":"post","link":"https:\/\/www.gaveanews.com\/index.php\/2025\/03\/11\/corinthians-ele-vai-jogar-a-final-do-paulistao-na-sacrificio\/","title":{"rendered":"Corinthians: ele vai jogar a final do Paulist\u00e3o na sacrif\u00edcio"},"content":{"rendered":"\n<p>O Corinthians se prepara para enfrentar o Palmeiras na decis\u00e3o do Campeonato Paulista de 2025. O primeiro jogo da final est\u00e1 marcado para o pr\u00f3ximo domingo (16), no Allianz Parque, mas a vantagem do Tim\u00e3o \u00e9 que poder\u00e1 decidir o t\u00edtulo em casa, no est\u00e1dio da sua torcida, j\u00e1 que fez a melhor campanha na fase de grupos.<\/p>\n\n\n\n<h2 class=\"wp-block-heading\" id=\"h-garro-enfrenta-dores-e-sacrificio-para-estar-em-campo\">Garro enfrenta dores e sacrif\u00edcio para estar em campo<\/h2>\n\n\n\n<p>Apesar da boa not\u00edcia de uma final \u00e0 vista, o Corinthians enfrenta um dilema nos bastidores: a situa\u00e7\u00e3o de um dos seus principais jogadores, Rodrigo Garro. O meia argentino, que j\u00e1 vinha lidando com dores no joelho direito devido a uma tendinopatia patelar, teve que se submeter a uma infiltra\u00e7\u00e3o para atuar na semifinal.&nbsp;<\/p>\n\n\n\n<p>Mesmo com o desconforto, Garro foi o autor do gol da vit\u00f3ria por 2 a 1 contra o Santos, que garantiu a classifica\u00e7\u00e3o para a final do Paulist\u00e3o.<\/p>\n\n\n\n<h2 class=\"wp-block-heading\" id=\"h-sem-tempo-para-recuperacao\">Sem tempo para recupera\u00e7\u00e3o<\/h2>\n\n\n\n<p>Com os compromissos decisivos pela frente, incluindo a final do Paulist\u00e3o e jogos da Libertadores, o meia ter\u00e1 que seguir jogando no sacrif\u00edcio.&nbsp;<\/p>\n\n\n\n<p>N\u00e3o h\u00e1 tempo para recupera\u00e7\u00e3o completa entre as partidas, o que significa que Garro ter\u00e1 que administrar as dores e seguir ajudando o Corinthians nas decis\u00f5es que se aproximam.<\/p>\n\n\n\n<p>\u201cNa verdade, n\u00e3o quero pensar na dor. Sim, em [certas] situa\u00e7\u00f5es, a dor piora, mas estou disposto para estar no campo, para lutar, para ajudar o time. Estamos fazendo tudo o que est\u00e1 a nosso alcance para tirar essa dor e n\u00e3o tenho d\u00favida de que assim vai ser\u201d, afirmou Garro, com determina\u00e7\u00e3o.<\/p>\n\n\n\n<p>Vale destacar que, embora a dor tenha sido um desafio constante para Garro, o jogador segue focado em contribuir para o sucesso do time, independentemente do sofrimento f\u00edsico. Isso porque o momento \u00e9 decisivo para o Corinthians, e o meia est\u00e1 pronto para deixar o desconforto de lado em nome dos t\u00edtulos.<\/p>\n\n\n\n<h2 class=\"wp-block-heading\" id=\"h-garro-continua-a-lutar-pelo-corinthians\">Garro continua a lutar pelo Corinthians<\/h2>\n\n\n\n<p>Com isso, a expectativa \u00e9 que o meia argentino continue jogando em condi\u00e7\u00f5es adversas, fazendo de tudo para estar em campo e ajudar o Corinthians a conquistar os t\u00edtulos almejados nesta temporada.&nbsp;<\/p>\n\n\n\n<p>Como ele mesmo ressaltou, n\u00e3o h\u00e1 tempo para descansar: &#8220;Agora, vir\u00e3o partidas decisivas, come\u00e7ando por hoje, que nos colocou em uma final muito importante para o que o clube pretende este ano.&#8221;<\/p>\n","protected":false},"excerpt":{"rendered":"<p>O Corinthians se prepara para enfrentar o Palmeiras na decis\u00e3o do Campeonato Paulista de 2025. O primeiro jogo da final est\u00e1 marcado para o pr\u00f3ximo domingo (16), no Allianz Parque, mas a vantagem do Tim\u00e3o \u00e9 que poder\u00e1 decidir o t\u00edtulo em casa, no est\u00e1dio da sua torcida, j\u00e1 que fez a melhor campanha na [&hellip;]<\/p>\n","protected":false},"author":25,"featured_media":161268,"comment_status":"open","ping_status":"closed","sticky":false,"template":"","format":"standard","meta":{"footnotes":""},"categories":[141],"tags":[],"class_list":["post-238432","post","type-post","status-publish","format-standard","has-post-thumbnail","hentry","category-corinthians"],"yoast_head":"<!-- This site is optimized with the Yoast SEO Premium plugin v24.2 (Yoast SEO v26.9) - https:\/\/yoast.com\/product\/yoast-seo-premium-wordpress\/ -->\n<title>Corinthians: ele vai jogar a final do Paulist\u00e3o na sacrif\u00edcio<\/title>\n<meta name=\"robots\" content=\"index, follow, max-snippet:-1, max-image-preview:large, max-video-preview:-1\" \/>\n<link rel=\"canonical\" href=\"https:\/\/www.gaveanews.com\/index.php\/2025\/03\/11\/corinthians-ele-vai-jogar-a-final-do-paulistao-na-sacrificio\/\" \/>\n<meta property=\"og:locale\" content=\"pt_BR\" \/>\n<meta property=\"og:type\" content=\"article\" \/>\n<meta property=\"og:title\" content=\"Corinthians: ele vai jogar a final do Paulist\u00e3o na sacrif\u00edcio\" \/>\n<meta property=\"og:description\" content=\"O Corinthians se prepara para enfrentar o Palmeiras na decis\u00e3o do Campeonato Paulista de 2025. O primeiro jogo da final est\u00e1 marcado para o pr\u00f3ximo domingo (16), no Allianz Parque, mas a vantagem do Tim\u00e3o \u00e9 que poder\u00e1 decidir o t\u00edtulo em casa, no est\u00e1dio da sua torcida, j\u00e1 que fez a melhor campanha na [&hellip;]\" \/>\n<meta property=\"og:url\" content=\"https:\/\/www.gaveanews.com\/index.php\/2025\/03\/11\/corinthians-ele-vai-jogar-a-final-do-paulistao-na-sacrificio\/\" \/>\n<meta property=\"og:site_name\" content=\"G\u00e1vea News\" \/>\n<meta property=\"article:publisher\" content=\"https:\/\/facebook.com\/gaveaNews\/\" \/>\n<meta property=\"article:published_time\" content=\"2025-03-11T18:20:00+00:00\" \/>\n<meta property=\"og:image\" content=\"https:\/\/www.gaveanews.com\/wp-content\/uploads\/Rodrigo-Garro-com-a-camisa-do-Corinthians-em-2024.webp\" \/>\n\t<meta property=\"og:image:width\" content=\"1440\" \/>\n\t<meta property=\"og:image:height\" content=\"1085\" \/>\n\t<meta property=\"og:image:type\" content=\"image\/jpeg\" \/>\n<meta name=\"author\" content=\"Rafaela Ladeira\" \/>\n<meta name=\"twitter:card\" content=\"summary_large_image\" \/>\n<meta name=\"twitter:label1\" content=\"Escrito por\" \/>\n\t<meta name=\"twitter:data1\" content=\"Rafaela Ladeira\" \/>\n\t<meta name=\"twitter:label2\" content=\"Est. tempo de leitura\" \/>\n\t<meta name=\"twitter:data2\" content=\"3 minutos\" \/>\n<script type=\"application\/ld+json\" class=\"yoast-schema-graph\">{\"@context\":\"https:\/\/schema.org\",\"@graph\":[{\"@type\":\"NewsArticle\",\"@id\":\"https:\/\/www.gaveanews.com\/index.php\/2025\/03\/11\/corinthians-ele-vai-jogar-a-final-do-paulistao-na-sacrificio\/#article\",\"isPartOf\":{\"@id\":\"https:\/\/www.gaveanews.com\/index.php\/2025\/03\/11\/corinthians-ele-vai-jogar-a-final-do-paulistao-na-sacrificio\/\"},\"author\":{\"name\":\"Rafaela Ladeira\",\"@id\":\"https:\/\/www.gaveanews.com\/#\/schema\/person\/0eb3e3fe1754f0205218538adbe8f5ed\"},\"headline\":\"Corinthians: ele vai jogar a final do Paulist\u00e3o na sacrif\u00edcio\",\"datePublished\":\"2025-03-11T18:20:00+00:00\",\"mainEntityOfPage\":{\"@id\":\"https:\/\/www.gaveanews.com\/index.php\/2025\/03\/11\/corinthians-ele-vai-jogar-a-final-do-paulistao-na-sacrificio\/\"},\"wordCount\":417,\"commentCount\":0,\"image\":{\"@id\":\"https:\/\/www.gaveanews.com\/index.php\/2025\/03\/11\/corinthians-ele-vai-jogar-a-final-do-paulistao-na-sacrificio\/#primaryimage\"},\"thumbnailUrl\":\"https:\/\/www.gaveanews.com\/wp-content\/uploads\/Rodrigo-Garro-com-a-camisa-do-Corinthians-em-2024.webp\",\"articleSection\":[\"Corinthians\"],\"inLanguage\":\"pt-BR\",\"potentialAction\":[{\"@type\":\"CommentAction\",\"name\":\"Comment\",\"target\":[\"https:\/\/www.gaveanews.com\/index.php\/2025\/03\/11\/corinthians-ele-vai-jogar-a-final-do-paulistao-na-sacrificio\/#respond\"]}],\"copyrightYear\":\"2025\",\"copyrightHolder\":{\"@id\":\"https:\/\/www.gaveanews.com\/#organization\"}},{\"@type\":\"WebPage\",\"@id\":\"https:\/\/www.gaveanews.com\/index.php\/2025\/03\/11\/corinthians-ele-vai-jogar-a-final-do-paulistao-na-sacrificio\/\",\"url\":\"https:\/\/www.gaveanews.com\/index.php\/2025\/03\/11\/corinthians-ele-vai-jogar-a-final-do-paulistao-na-sacrificio\/\",\"name\":\"Corinthians: ele vai jogar a final do Paulist\u00e3o na sacrif\u00edcio\",\"isPartOf\":{\"@id\":\"https:\/\/www.gaveanews.com\/#website\"},\"primaryImageOfPage\":{\"@id\":\"https:\/\/www.gaveanews.com\/index.php\/2025\/03\/11\/corinthians-ele-vai-jogar-a-final-do-paulistao-na-sacrificio\/#primaryimage\"},\"image\":{\"@id\":\"https:\/\/www.gaveanews.com\/index.php\/2025\/03\/11\/corinthians-ele-vai-jogar-a-final-do-paulistao-na-sacrificio\/#primaryimage\"},\"thumbnailUrl\":\"https:\/\/www.gaveanews.com\/wp-content\/uploads\/Rodrigo-Garro-com-a-camisa-do-Corinthians-em-2024.webp\",\"datePublished\":\"2025-03-11T18:20:00+00:00\",\"author\":{\"@id\":\"https:\/\/www.gaveanews.com\/#\/schema\/person\/0eb3e3fe1754f0205218538adbe8f5ed\"},\"breadcrumb\":{\"@id\":\"https:\/\/www.gaveanews.com\/index.php\/2025\/03\/11\/corinthians-ele-vai-jogar-a-final-do-paulistao-na-sacrificio\/#breadcrumb\"},\"inLanguage\":\"pt-BR\",\"potentialAction\":[{\"@type\":\"ReadAction\",\"target\":[\"https:\/\/www.gaveanews.com\/index.php\/2025\/03\/11\/corinthians-ele-vai-jogar-a-final-do-paulistao-na-sacrificio\/\"]}]},{\"@type\":\"ImageObject\",\"inLanguage\":\"pt-BR\",\"@id\":\"https:\/\/www.gaveanews.com\/index.php\/2025\/03\/11\/corinthians-ele-vai-jogar-a-final-do-paulistao-na-sacrificio\/#primaryimage\",\"url\":\"https:\/\/www.gaveanews.com\/wp-content\/uploads\/Rodrigo-Garro-com-a-camisa-do-Corinthians-em-2024.webp\",\"contentUrl\":\"https:\/\/www.gaveanews.com\/wp-content\/uploads\/Rodrigo-Garro-com-a-camisa-do-Corinthians-em-2024.webp\",\"width\":1440,\"height\":1085,\"caption\":\"Rodrigo Garro com a camisa do Corinthians em 2024 (Foto: Reprodu\u00e7\u00e3o\/Instagram)\"},{\"@type\":\"BreadcrumbList\",\"@id\":\"https:\/\/www.gaveanews.com\/index.php\/2025\/03\/11\/corinthians-ele-vai-jogar-a-final-do-paulistao-na-sacrificio\/#breadcrumb\",\"itemListElement\":[{\"@type\":\"ListItem\",\"position\":1,\"name\":\"Home\",\"item\":\"https:\/\/www.gaveanews.com\/\"},{\"@type\":\"ListItem\",\"position\":2,\"name\":\"Corinthians: ele vai jogar a final do Paulist\u00e3o na sacrif\u00edcio\"}]},{\"@type\":\"WebSite\",\"@id\":\"https:\/\/www.gaveanews.com\/#website\",\"url\":\"https:\/\/www.gaveanews.com\/\",\"name\":\"G\u00e1vea News\",\"description\":\"Veja todas as not\u00edcias sobre o Flamengo: Contrata\u00e7\u00f5es, categorias de base, resultados das partidas, tabela de classifica\u00e7\u00e3o, pr\u00f3ximos jogos!\",\"potentialAction\":[{\"@type\":\"SearchAction\",\"target\":{\"@type\":\"EntryPoint\",\"urlTemplate\":\"https:\/\/www.gaveanews.com\/?s={search_term_string}\"},\"query-input\":{\"@type\":\"PropertyValueSpecification\",\"valueRequired\":true,\"valueName\":\"search_term_string\"}}],\"inLanguage\":\"pt-BR\"},{\"@type\":\"Person\",\"@id\":\"https:\/\/www.gaveanews.com\/#\/schema\/person\/0eb3e3fe1754f0205218538adbe8f5ed\",\"name\":\"Rafaela Ladeira\",\"image\":{\"@type\":\"ImageObject\",\"inLanguage\":\"pt-BR\",\"@id\":\"https:\/\/www.gaveanews.com\/#\/schema\/person\/image\/\",\"url\":\"https:\/\/secure.gravatar.com\/avatar\/c31f513acffd85eacab5730cbdfdbbf59f21ba5aeada8cd890acea879fbb2455?s=96&d=mm&r=g\",\"contentUrl\":\"https:\/\/secure.gravatar.com\/avatar\/c31f513acffd85eacab5730cbdfdbbf59f21ba5aeada8cd890acea879fbb2455?s=96&d=mm&r=g\",\"caption\":\"Rafaela Ladeira\"}}]}<\/script>\n<!-- \/ Yoast SEO Premium plugin. -->","yoast_head_json":{"title":"Corinthians: ele vai jogar a final do Paulist\u00e3o na sacrif\u00edcio","robots":{"index":"index","follow":"follow","max-snippet":"max-snippet:-1","max-image-preview":"max-image-preview:large","max-video-preview":"max-video-preview:-1"},"canonical":"https:\/\/www.gaveanews.com\/index.php\/2025\/03\/11\/corinthians-ele-vai-jogar-a-final-do-paulistao-na-sacrificio\/","og_locale":"pt_BR","og_type":"article","og_title":"Corinthians: ele vai jogar a final do Paulist\u00e3o na sacrif\u00edcio","og_description":"O Corinthians se prepara para enfrentar o Palmeiras na decis\u00e3o do Campeonato Paulista de 2025. O primeiro jogo da final est\u00e1 marcado para o pr\u00f3ximo domingo (16), no Allianz Parque, mas a vantagem do Tim\u00e3o \u00e9 que poder\u00e1 decidir o t\u00edtulo em casa, no est\u00e1dio da sua torcida, j\u00e1 que fez a melhor campanha na [&hellip;]","og_url":"https:\/\/www.gaveanews.com\/index.php\/2025\/03\/11\/corinthians-ele-vai-jogar-a-final-do-paulistao-na-sacrificio\/","og_site_name":"G\u00e1vea News","article_publisher":"https:\/\/facebook.com\/gaveaNews\/","article_published_time":"2025-03-11T18:20:00+00:00","og_image":[{"width":1440,"height":1085,"url":"https:\/\/www.gaveanews.com\/wp-content\/uploads\/Rodrigo-Garro-com-a-camisa-do-Corinthians-em-2024.webp","type":"image\/jpeg"}],"author":"Rafaela Ladeira","twitter_card":"summary_large_image","twitter_misc":{"Escrito por":"Rafaela Ladeira","Est. tempo de leitura":"3 minutos"},"schema":{"@context":"https:\/\/schema.org","@graph":[{"@type":"NewsArticle","@id":"https:\/\/www.gaveanews.com\/index.php\/2025\/03\/11\/corinthians-ele-vai-jogar-a-final-do-paulistao-na-sacrificio\/#article","isPartOf":{"@id":"https:\/\/www.gaveanews.com\/index.php\/2025\/03\/11\/corinthians-ele-vai-jogar-a-final-do-paulistao-na-sacrificio\/"},"author":{"name":"Rafaela Ladeira","@id":"https:\/\/www.gaveanews.com\/#\/schema\/person\/0eb3e3fe1754f0205218538adbe8f5ed"},"headline":"Corinthians: ele vai jogar a final do Paulist\u00e3o na sacrif\u00edcio","datePublished":"2025-03-11T18:20:00+00:00","mainEntityOfPage":{"@id":"https:\/\/www.gaveanews.com\/index.php\/2025\/03\/11\/corinthians-ele-vai-jogar-a-final-do-paulistao-na-sacrificio\/"},"wordCount":417,"commentCount":0,"image":{"@id":"https:\/\/www.gaveanews.com\/index.php\/2025\/03\/11\/corinthians-ele-vai-jogar-a-final-do-paulistao-na-sacrificio\/#primaryimage"},"thumbnailUrl":"https:\/\/www.gaveanews.com\/wp-content\/uploads\/Rodrigo-Garro-com-a-camisa-do-Corinthians-em-2024.webp","articleSection":["Corinthians"],"inLanguage":"pt-BR","potentialAction":[{"@type":"CommentAction","name":"Comment","target":["https:\/\/www.gaveanews.com\/index.php\/2025\/03\/11\/corinthians-ele-vai-jogar-a-final-do-paulistao-na-sacrificio\/#respond"]}],"copyrightYear":"2025","copyrightHolder":{"@id":"https:\/\/www.gaveanews.com\/#organization"}},{"@type":"WebPage","@id":"https:\/\/www.gaveanews.com\/index.php\/2025\/03\/11\/corinthians-ele-vai-jogar-a-final-do-paulistao-na-sacrificio\/","url":"https:\/\/www.gaveanews.com\/index.php\/2025\/03\/11\/corinthians-ele-vai-jogar-a-final-do-paulistao-na-sacrificio\/","name":"Corinthians: ele vai jogar a final do Paulist\u00e3o na sacrif\u00edcio","isPartOf":{"@id":"https:\/\/www.gaveanews.com\/#website"},"primaryImageOfPage":{"@id":"https:\/\/www.gaveanews.com\/index.php\/2025\/03\/11\/corinthians-ele-vai-jogar-a-final-do-paulistao-na-sacrificio\/#primaryimage"},"image":{"@id":"https:\/\/www.gaveanews.com\/index.php\/2025\/03\/11\/corinthians-ele-vai-jogar-a-final-do-paulistao-na-sacrificio\/#primaryimage"},"thumbnailUrl":"https:\/\/www.gaveanews.com\/wp-content\/uploads\/Rodrigo-Garro-com-a-camisa-do-Corinthians-em-2024.webp","datePublished":"2025-03-11T18:20:00+00:00","author":{"@id":"https:\/\/www.gaveanews.com\/#\/schema\/person\/0eb3e3fe1754f0205218538adbe8f5ed"},"breadcrumb":{"@id":"https:\/\/www.gaveanews.com\/index.php\/2025\/03\/11\/corinthians-ele-vai-jogar-a-final-do-paulistao-na-sacrificio\/#breadcrumb"},"inLanguage":"pt-BR","potentialAction":[{"@type":"ReadAction","target":["https:\/\/www.gaveanews.com\/index.php\/2025\/03\/11\/corinthians-ele-vai-jogar-a-final-do-paulistao-na-sacrificio\/"]}]},{"@type":"ImageObject","inLanguage":"pt-BR","@id":"https:\/\/www.gaveanews.com\/index.php\/2025\/03\/11\/corinthians-ele-vai-jogar-a-final-do-paulistao-na-sacrificio\/#primaryimage","url":"https:\/\/www.gaveanews.com\/wp-content\/uploads\/Rodrigo-Garro-com-a-camisa-do-Corinthians-em-2024.webp","contentUrl":"https:\/\/www.gaveanews.com\/wp-content\/uploads\/Rodrigo-Garro-com-a-camisa-do-Corinthians-em-2024.webp","width":1440,"height":1085,"caption":"Rodrigo Garro com a camisa do Corinthians em 2024 (Foto: Reprodu\u00e7\u00e3o\/Instagram)"},{"@type":"BreadcrumbList","@id":"https:\/\/www.gaveanews.com\/index.php\/2025\/03\/11\/corinthians-ele-vai-jogar-a-final-do-paulistao-na-sacrificio\/#breadcrumb","itemListElement":[{"@type":"ListItem","position":1,"name":"Home","item":"https:\/\/www.gaveanews.com\/"},{"@type":"ListItem","position":2,"name":"Corinthians: ele vai jogar a final do Paulist\u00e3o na sacrif\u00edcio"}]},{"@type":"WebSite","@id":"https:\/\/www.gaveanews.com\/#website","url":"https:\/\/www.gaveanews.com\/","name":"G\u00e1vea News","description":"Veja todas as not\u00edcias sobre o Flamengo: Contrata\u00e7\u00f5es, categorias de base, resultados das partidas, tabela de classifica\u00e7\u00e3o, pr\u00f3ximos jogos!","potentialAction":[{"@type":"SearchAction","target":{"@type":"EntryPoint","urlTemplate":"https:\/\/www.gaveanews.com\/?s={search_term_string}"},"query-input":{"@type":"PropertyValueSpecification","valueRequired":true,"valueName":"search_term_string"}}],"inLanguage":"pt-BR"},{"@type":"Person","@id":"https:\/\/www.gaveanews.com\/#\/schema\/person\/0eb3e3fe1754f0205218538adbe8f5ed","name":"Rafaela Ladeira","image":{"@type":"ImageObject","inLanguage":"pt-BR","@id":"https:\/\/www.gaveanews.com\/#\/schema\/person\/image\/","url":"https:\/\/secure.gravatar.com\/avatar\/c31f513acffd85eacab5730cbdfdbbf59f21ba5aeada8cd890acea879fbb2455?s=96&d=mm&r=g","contentUrl":"https:\/\/secure.gravatar.com\/avatar\/c31f513acffd85eacab5730cbdfdbbf59f21ba5aeada8cd890acea879fbb2455?s=96&d=mm&r=g","caption":"Rafaela Ladeira"}}]}},"_links":{"self":[{"href":"https:\/\/www.gaveanews.com\/index.php\/wp-json\/wp\/v2\/posts\/238432","targetHints":{"allow":["GET"]}}],"collection":[{"href":"https:\/\/www.gaveanews.com\/index.php\/wp-json\/wp\/v2\/posts"}],"about":[{"href":"https:\/\/www.gaveanews.com\/index.php\/wp-json\/wp\/v2\/types\/post"}],"author":[{"embeddable":true,"href":"https:\/\/www.gaveanews.com\/index.php\/wp-json\/wp\/v2\/users\/25"}],"replies":[{"embeddable":true,"href":"https:\/\/www.gaveanews.com\/index.php\/wp-json\/wp\/v2\/comments?post=238432"}],"version-history":[{"count":1,"href":"https:\/\/www.gaveanews.com\/index.php\/wp-json\/wp\/v2\/posts\/238432\/revisions"}],"predecessor-version":[{"id":238433,"href":"https:\/\/www.gaveanews.com\/index.php\/wp-json\/wp\/v2\/posts\/238432\/revisions\/238433"}],"wp:featuredmedia":[{"embeddable":true,"href":"https:\/\/www.gaveanews.com\/index.php\/wp-json\/wp\/v2\/media\/161268"}],"wp:attachment":[{"href":"https:\/\/www.gaveanews.com\/index.php\/wp-json\/wp\/v2\/media?parent=238432"}],"wp:term":[{"taxonomy":"category","embeddable":true,"href":"https:\/\/www.gaveanews.com\/index.php\/wp-json\/wp\/v2\/categories?post=238432"},{"taxonomy":"post_tag","embeddable":true,"href":"https:\/\/www.gaveanews.com\/index.php\/wp-json\/wp\/v2\/tags?post=238432"}],"curies":[{"name":"wp","href":"https:\/\/api.w.org\/{rel}","templated":true}]}}