{"id":238436,"date":"2025-03-11T15:35:00","date_gmt":"2025-03-11T18:35:00","guid":{"rendered":"https:\/\/www.gaveanews.com\/?p=238436"},"modified":"2025-03-11T13:48:59","modified_gmt":"2025-03-11T16:48:59","slug":"gremio-tera-desafio-adicional-para-enfrentar-o-internacional-na-final-do-campeonato-gaucho","status":"publish","type":"post","link":"https:\/\/www.gaveanews.com\/index.php\/2025\/03\/11\/gremio-tera-desafio-adicional-para-enfrentar-o-internacional-na-final-do-campeonato-gaucho\/","title":{"rendered":"Gr\u00eamio ter\u00e1 desafio adicional para enfrentar o Internacional na final do Campeonato Ga\u00facho"},"content":{"rendered":"\n<p>O Internacional saiu em vantagem no primeiro jogo da final do Campeonato Ga\u00facho, ao vencer o Gr\u00eamio por 2 a 0 no \u00faltimo s\u00e1bado (8).&nbsp;<\/p>\n\n\n\n<p>Os gols de Johan Carbonero e Alan Patrick, ambos marcados no primeiro tempo, deixaram o Colorado com a vantagem de poder at\u00e9 perder por um gol de diferen\u00e7a no jogo de volta para garantir o t\u00edtulo estadual.<\/p>\n\n\n\n<h2 class=\"wp-block-heading\" id=\"h-internacional-tranquilo-gremio-com-agenda-apertada\">Internacional tranquilo, Gr\u00eamio com agenda apertada<\/h2>\n\n\n\n<p>Agora, o Internacional tem um cen\u00e1rio mais favor\u00e1vel para a decis\u00e3o final. O time chega para o segundo jogo com uma vantagem de dois gols e, al\u00e9m disso, ter\u00e1 uma semana cheia de treinos para se preparar, j\u00e1 que s\u00f3 retornar\u00e1 aos treinos nesta ter\u00e7a-feira (11), ap\u00f3s uma folga no fim de semana.&nbsp;<\/p>\n\n\n\n<p>Por outro lado, o Gr\u00eamio teve que treinar j\u00e1 no domingo (9) e realizou nova atividade nesta segunda-feira (10). Isso porque, na quarta-feira (12), o Tricolor ter\u00e1 mais um compromisso decisivo pela Copa do Brasil contra o Athletic, em Minas Gerais.<\/p>\n\n\n\n<p>Vale destacar que a agenda apertada do Gr\u00eamio pode afetar o desempenho f\u00edsico do time. O time ter\u00e1 que enfrentar uma longa viagem at\u00e9 S\u00e3o Jo\u00e3o del-Rei (MG), o que inclui duas horas de voo e tr\u00eas horas de \u00f4nibus, de acordo com a R\u00e1dio Ga\u00facha.&nbsp;<\/p>\n\n\n\n<p>Dessa maneira, o Gr\u00eamio chega ao jogo decisivo do Campeonato Ga\u00facho com um desgaste f\u00edsico consider\u00e1vel, ao contr\u00e1rio do Internacional, que estar\u00e1 bem descansado para a final.<\/p>\n\n\n\n<h2 class=\"wp-block-heading\" id=\"h-desafios-para-o-gremio-nas-semanas-decisivas\">Desafios para o Gr\u00eamio nas semanas decisivas<\/h2>\n\n\n\n<p>O Gr\u00eamio, al\u00e9m de ter que lidar com a viagem e os treinos intensos, tamb\u00e9m n\u00e3o pode dar espa\u00e7o para erros, j\u00e1 que precisa vencer o Athletic-MG para n\u00e3o ser eliminado da Copa do Brasil.&nbsp;<\/p>\n\n\n\n<p>Assim, com dois jogos de alta press\u00e3o em sequ\u00eancia, o time de Quinteros ter\u00e1 um grande desafio para superar o rival na final do estadual.<\/p>\n\n\n\n<h2 class=\"wp-block-heading\" id=\"h-futuro-do-internacional-preparacao-intensa\">Futuro do Internacional: prepara\u00e7\u00e3o intensa<\/h2>\n\n\n\n<p>O Internacional aproveita a vantagem adquirida no primeiro jogo e se prepara com calma para o segundo embate. Com cinco treinos programados para esta semana, o time do t\u00e9cnico Roger Machado tem tudo para chegar forte ao Beira-Rio no pr\u00f3ximo domingo (16), \u00e0s 16h, e buscar o t\u00edtulo do Campeonato Ga\u00facho.&nbsp;<\/p>\n\n\n\n<p>Desse jeito, a expectativa \u00e9 que o Colorado consiga levar a ta\u00e7a, mesmo com a press\u00e3o do rival.<\/p>\n","protected":false},"excerpt":{"rendered":"<p>O Internacional saiu em vantagem no primeiro jogo da final do Campeonato Ga\u00facho, ao vencer o Gr\u00eamio por 2 a 0 no \u00faltimo s\u00e1bado (8).&nbsp; Os gols de Johan Carbonero e Alan Patrick, ambos marcados no primeiro tempo, deixaram o Colorado com a vantagem de poder at\u00e9 perder por um gol de diferen\u00e7a no jogo [&hellip;]<\/p>\n","protected":false},"author":25,"featured_media":165925,"comment_status":"open","ping_status":"closed","sticky":false,"template":"","format":"standard","meta":{"footnotes":""},"categories":[147,148],"tags":[],"class_list":["post-238436","post","type-post","status-publish","format-standard","has-post-thumbnail","hentry","category-gremio","category-internacional"],"yoast_head":"<!-- This site is optimized with the Yoast SEO Premium plugin v24.2 (Yoast SEO v26.9) - https:\/\/yoast.com\/product\/yoast-seo-premium-wordpress\/ -->\n<title>Gr\u00eamio ter\u00e1 desafio adicional para enfrentar o Internacional na final do Campeonato Ga\u00facho<\/title>\n<meta name=\"robots\" content=\"index, follow, max-snippet:-1, max-image-preview:large, max-video-preview:-1\" \/>\n<link rel=\"canonical\" href=\"https:\/\/www.gaveanews.com\/index.php\/2025\/03\/11\/gremio-tera-desafio-adicional-para-enfrentar-o-internacional-na-final-do-campeonato-gaucho\/\" \/>\n<meta property=\"og:locale\" content=\"pt_BR\" \/>\n<meta property=\"og:type\" content=\"article\" \/>\n<meta property=\"og:title\" content=\"Gr\u00eamio ter\u00e1 desafio adicional para enfrentar o Internacional na final do Campeonato Ga\u00facho\" \/>\n<meta property=\"og:description\" content=\"O Internacional saiu em vantagem no primeiro jogo da final do Campeonato Ga\u00facho, ao vencer o Gr\u00eamio por 2 a 0 no \u00faltimo s\u00e1bado (8).&nbsp; Os gols de Johan Carbonero e Alan Patrick, ambos marcados no primeiro tempo, deixaram o Colorado com a vantagem de poder at\u00e9 perder por um gol de diferen\u00e7a no jogo [&hellip;]\" \/>\n<meta property=\"og:url\" content=\"https:\/\/www.gaveanews.com\/index.php\/2025\/03\/11\/gremio-tera-desafio-adicional-para-enfrentar-o-internacional-na-final-do-campeonato-gaucho\/\" \/>\n<meta property=\"og:site_name\" content=\"G\u00e1vea News\" \/>\n<meta property=\"article:publisher\" content=\"https:\/\/facebook.com\/gaveaNews\/\" \/>\n<meta property=\"article:published_time\" content=\"2025-03-11T18:35:00+00:00\" \/>\n<meta property=\"og:image\" content=\"https:\/\/www.gaveanews.com\/wp-content\/uploads\/Bandeira-do-Gremio.webp\" \/>\n\t<meta property=\"og:image:width\" content=\"1043\" \/>\n\t<meta property=\"og:image:height\" content=\"695\" \/>\n\t<meta property=\"og:image:type\" content=\"image\/webp\" \/>\n<meta name=\"author\" content=\"Rafaela Ladeira\" \/>\n<meta name=\"twitter:card\" content=\"summary_large_image\" \/>\n<meta name=\"twitter:label1\" content=\"Escrito por\" \/>\n\t<meta name=\"twitter:data1\" content=\"Rafaela Ladeira\" \/>\n\t<meta name=\"twitter:label2\" content=\"Est. tempo de leitura\" \/>\n\t<meta name=\"twitter:data2\" content=\"3 minutos\" \/>\n<script type=\"application\/ld+json\" class=\"yoast-schema-graph\">{\"@context\":\"https:\/\/schema.org\",\"@graph\":[{\"@type\":\"NewsArticle\",\"@id\":\"https:\/\/www.gaveanews.com\/index.php\/2025\/03\/11\/gremio-tera-desafio-adicional-para-enfrentar-o-internacional-na-final-do-campeonato-gaucho\/#article\",\"isPartOf\":{\"@id\":\"https:\/\/www.gaveanews.com\/index.php\/2025\/03\/11\/gremio-tera-desafio-adicional-para-enfrentar-o-internacional-na-final-do-campeonato-gaucho\/\"},\"author\":{\"name\":\"Rafaela Ladeira\",\"@id\":\"https:\/\/www.gaveanews.com\/#\/schema\/person\/0eb3e3fe1754f0205218538adbe8f5ed\"},\"headline\":\"Gr\u00eamio ter\u00e1 desafio adicional para enfrentar o Internacional na final do Campeonato Ga\u00facho\",\"datePublished\":\"2025-03-11T18:35:00+00:00\",\"mainEntityOfPage\":{\"@id\":\"https:\/\/www.gaveanews.com\/index.php\/2025\/03\/11\/gremio-tera-desafio-adicional-para-enfrentar-o-internacional-na-final-do-campeonato-gaucho\/\"},\"wordCount\":428,\"commentCount\":0,\"image\":{\"@id\":\"https:\/\/www.gaveanews.com\/index.php\/2025\/03\/11\/gremio-tera-desafio-adicional-para-enfrentar-o-internacional-na-final-do-campeonato-gaucho\/#primaryimage\"},\"thumbnailUrl\":\"https:\/\/www.gaveanews.com\/wp-content\/uploads\/Bandeira-do-Gremio.webp\",\"articleSection\":[\"Gr\u00eamio\",\"Internacional\"],\"inLanguage\":\"pt-BR\",\"potentialAction\":[{\"@type\":\"CommentAction\",\"name\":\"Comment\",\"target\":[\"https:\/\/www.gaveanews.com\/index.php\/2025\/03\/11\/gremio-tera-desafio-adicional-para-enfrentar-o-internacional-na-final-do-campeonato-gaucho\/#respond\"]}],\"copyrightYear\":\"2025\",\"copyrightHolder\":{\"@id\":\"https:\/\/www.gaveanews.com\/#organization\"}},{\"@type\":\"WebPage\",\"@id\":\"https:\/\/www.gaveanews.com\/index.php\/2025\/03\/11\/gremio-tera-desafio-adicional-para-enfrentar-o-internacional-na-final-do-campeonato-gaucho\/\",\"url\":\"https:\/\/www.gaveanews.com\/index.php\/2025\/03\/11\/gremio-tera-desafio-adicional-para-enfrentar-o-internacional-na-final-do-campeonato-gaucho\/\",\"name\":\"Gr\u00eamio ter\u00e1 desafio adicional para enfrentar o Internacional na final do Campeonato Ga\u00facho\",\"isPartOf\":{\"@id\":\"https:\/\/www.gaveanews.com\/#website\"},\"primaryImageOfPage\":{\"@id\":\"https:\/\/www.gaveanews.com\/index.php\/2025\/03\/11\/gremio-tera-desafio-adicional-para-enfrentar-o-internacional-na-final-do-campeonato-gaucho\/#primaryimage\"},\"image\":{\"@id\":\"https:\/\/www.gaveanews.com\/index.php\/2025\/03\/11\/gremio-tera-desafio-adicional-para-enfrentar-o-internacional-na-final-do-campeonato-gaucho\/#primaryimage\"},\"thumbnailUrl\":\"https:\/\/www.gaveanews.com\/wp-content\/uploads\/Bandeira-do-Gremio.webp\",\"datePublished\":\"2025-03-11T18:35:00+00:00\",\"author\":{\"@id\":\"https:\/\/www.gaveanews.com\/#\/schema\/person\/0eb3e3fe1754f0205218538adbe8f5ed\"},\"breadcrumb\":{\"@id\":\"https:\/\/www.gaveanews.com\/index.php\/2025\/03\/11\/gremio-tera-desafio-adicional-para-enfrentar-o-internacional-na-final-do-campeonato-gaucho\/#breadcrumb\"},\"inLanguage\":\"pt-BR\",\"potentialAction\":[{\"@type\":\"ReadAction\",\"target\":[\"https:\/\/www.gaveanews.com\/index.php\/2025\/03\/11\/gremio-tera-desafio-adicional-para-enfrentar-o-internacional-na-final-do-campeonato-gaucho\/\"]}]},{\"@type\":\"ImageObject\",\"inLanguage\":\"pt-BR\",\"@id\":\"https:\/\/www.gaveanews.com\/index.php\/2025\/03\/11\/gremio-tera-desafio-adicional-para-enfrentar-o-internacional-na-final-do-campeonato-gaucho\/#primaryimage\",\"url\":\"https:\/\/www.gaveanews.com\/wp-content\/uploads\/Bandeira-do-Gremio.webp\",\"contentUrl\":\"https:\/\/www.gaveanews.com\/wp-content\/uploads\/Bandeira-do-Gremio.webp\",\"width\":1043,\"height\":695,\"caption\":\"Bandeira do Gr\u00eamio (Foto: Reprodu\u00e7\u00e3o\/Gr\u00eamio)\"},{\"@type\":\"BreadcrumbList\",\"@id\":\"https:\/\/www.gaveanews.com\/index.php\/2025\/03\/11\/gremio-tera-desafio-adicional-para-enfrentar-o-internacional-na-final-do-campeonato-gaucho\/#breadcrumb\",\"itemListElement\":[{\"@type\":\"ListItem\",\"position\":1,\"name\":\"Home\",\"item\":\"https:\/\/www.gaveanews.com\/\"},{\"@type\":\"ListItem\",\"position\":2,\"name\":\"Gr\u00eamio ter\u00e1 desafio adicional para enfrentar o Internacional na final do Campeonato Ga\u00facho\"}]},{\"@type\":\"WebSite\",\"@id\":\"https:\/\/www.gaveanews.com\/#website\",\"url\":\"https:\/\/www.gaveanews.com\/\",\"name\":\"G\u00e1vea News\",\"description\":\"Veja todas as not\u00edcias sobre o Flamengo: Contrata\u00e7\u00f5es, categorias de base, resultados das partidas, tabela de classifica\u00e7\u00e3o, pr\u00f3ximos jogos!\",\"potentialAction\":[{\"@type\":\"SearchAction\",\"target\":{\"@type\":\"EntryPoint\",\"urlTemplate\":\"https:\/\/www.gaveanews.com\/?s={search_term_string}\"},\"query-input\":{\"@type\":\"PropertyValueSpecification\",\"valueRequired\":true,\"valueName\":\"search_term_string\"}}],\"inLanguage\":\"pt-BR\"},{\"@type\":\"Person\",\"@id\":\"https:\/\/www.gaveanews.com\/#\/schema\/person\/0eb3e3fe1754f0205218538adbe8f5ed\",\"name\":\"Rafaela Ladeira\",\"image\":{\"@type\":\"ImageObject\",\"inLanguage\":\"pt-BR\",\"@id\":\"https:\/\/www.gaveanews.com\/#\/schema\/person\/image\/\",\"url\":\"https:\/\/secure.gravatar.com\/avatar\/c31f513acffd85eacab5730cbdfdbbf59f21ba5aeada8cd890acea879fbb2455?s=96&d=mm&r=g\",\"contentUrl\":\"https:\/\/secure.gravatar.com\/avatar\/c31f513acffd85eacab5730cbdfdbbf59f21ba5aeada8cd890acea879fbb2455?s=96&d=mm&r=g\",\"caption\":\"Rafaela Ladeira\"}}]}<\/script>\n<!-- \/ Yoast SEO Premium plugin. -->","yoast_head_json":{"title":"Gr\u00eamio ter\u00e1 desafio adicional para enfrentar o Internacional na final do Campeonato Ga\u00facho","robots":{"index":"index","follow":"follow","max-snippet":"max-snippet:-1","max-image-preview":"max-image-preview:large","max-video-preview":"max-video-preview:-1"},"canonical":"https:\/\/www.gaveanews.com\/index.php\/2025\/03\/11\/gremio-tera-desafio-adicional-para-enfrentar-o-internacional-na-final-do-campeonato-gaucho\/","og_locale":"pt_BR","og_type":"article","og_title":"Gr\u00eamio ter\u00e1 desafio adicional para enfrentar o Internacional na final do Campeonato Ga\u00facho","og_description":"O Internacional saiu em vantagem no primeiro jogo da final do Campeonato Ga\u00facho, ao vencer o Gr\u00eamio por 2 a 0 no \u00faltimo s\u00e1bado (8).&nbsp; Os gols de Johan Carbonero e Alan Patrick, ambos marcados no primeiro tempo, deixaram o Colorado com a vantagem de poder at\u00e9 perder por um gol de diferen\u00e7a no jogo [&hellip;]","og_url":"https:\/\/www.gaveanews.com\/index.php\/2025\/03\/11\/gremio-tera-desafio-adicional-para-enfrentar-o-internacional-na-final-do-campeonato-gaucho\/","og_site_name":"G\u00e1vea News","article_publisher":"https:\/\/facebook.com\/gaveaNews\/","article_published_time":"2025-03-11T18:35:00+00:00","og_image":[{"width":1043,"height":695,"url":"https:\/\/www.gaveanews.com\/wp-content\/uploads\/Bandeira-do-Gremio.webp","type":"image\/webp"}],"author":"Rafaela Ladeira","twitter_card":"summary_large_image","twitter_misc":{"Escrito por":"Rafaela Ladeira","Est. tempo de leitura":"3 minutos"},"schema":{"@context":"https:\/\/schema.org","@graph":[{"@type":"NewsArticle","@id":"https:\/\/www.gaveanews.com\/index.php\/2025\/03\/11\/gremio-tera-desafio-adicional-para-enfrentar-o-internacional-na-final-do-campeonato-gaucho\/#article","isPartOf":{"@id":"https:\/\/www.gaveanews.com\/index.php\/2025\/03\/11\/gremio-tera-desafio-adicional-para-enfrentar-o-internacional-na-final-do-campeonato-gaucho\/"},"author":{"name":"Rafaela Ladeira","@id":"https:\/\/www.gaveanews.com\/#\/schema\/person\/0eb3e3fe1754f0205218538adbe8f5ed"},"headline":"Gr\u00eamio ter\u00e1 desafio adicional para enfrentar o Internacional na final do Campeonato Ga\u00facho","datePublished":"2025-03-11T18:35:00+00:00","mainEntityOfPage":{"@id":"https:\/\/www.gaveanews.com\/index.php\/2025\/03\/11\/gremio-tera-desafio-adicional-para-enfrentar-o-internacional-na-final-do-campeonato-gaucho\/"},"wordCount":428,"commentCount":0,"image":{"@id":"https:\/\/www.gaveanews.com\/index.php\/2025\/03\/11\/gremio-tera-desafio-adicional-para-enfrentar-o-internacional-na-final-do-campeonato-gaucho\/#primaryimage"},"thumbnailUrl":"https:\/\/www.gaveanews.com\/wp-content\/uploads\/Bandeira-do-Gremio.webp","articleSection":["Gr\u00eamio","Internacional"],"inLanguage":"pt-BR","potentialAction":[{"@type":"CommentAction","name":"Comment","target":["https:\/\/www.gaveanews.com\/index.php\/2025\/03\/11\/gremio-tera-desafio-adicional-para-enfrentar-o-internacional-na-final-do-campeonato-gaucho\/#respond"]}],"copyrightYear":"2025","copyrightHolder":{"@id":"https:\/\/www.gaveanews.com\/#organization"}},{"@type":"WebPage","@id":"https:\/\/www.gaveanews.com\/index.php\/2025\/03\/11\/gremio-tera-desafio-adicional-para-enfrentar-o-internacional-na-final-do-campeonato-gaucho\/","url":"https:\/\/www.gaveanews.com\/index.php\/2025\/03\/11\/gremio-tera-desafio-adicional-para-enfrentar-o-internacional-na-final-do-campeonato-gaucho\/","name":"Gr\u00eamio ter\u00e1 desafio adicional para enfrentar o Internacional na final do Campeonato Ga\u00facho","isPartOf":{"@id":"https:\/\/www.gaveanews.com\/#website"},"primaryImageOfPage":{"@id":"https:\/\/www.gaveanews.com\/index.php\/2025\/03\/11\/gremio-tera-desafio-adicional-para-enfrentar-o-internacional-na-final-do-campeonato-gaucho\/#primaryimage"},"image":{"@id":"https:\/\/www.gaveanews.com\/index.php\/2025\/03\/11\/gremio-tera-desafio-adicional-para-enfrentar-o-internacional-na-final-do-campeonato-gaucho\/#primaryimage"},"thumbnailUrl":"https:\/\/www.gaveanews.com\/wp-content\/uploads\/Bandeira-do-Gremio.webp","datePublished":"2025-03-11T18:35:00+00:00","author":{"@id":"https:\/\/www.gaveanews.com\/#\/schema\/person\/0eb3e3fe1754f0205218538adbe8f5ed"},"breadcrumb":{"@id":"https:\/\/www.gaveanews.com\/index.php\/2025\/03\/11\/gremio-tera-desafio-adicional-para-enfrentar-o-internacional-na-final-do-campeonato-gaucho\/#breadcrumb"},"inLanguage":"pt-BR","potentialAction":[{"@type":"ReadAction","target":["https:\/\/www.gaveanews.com\/index.php\/2025\/03\/11\/gremio-tera-desafio-adicional-para-enfrentar-o-internacional-na-final-do-campeonato-gaucho\/"]}]},{"@type":"ImageObject","inLanguage":"pt-BR","@id":"https:\/\/www.gaveanews.com\/index.php\/2025\/03\/11\/gremio-tera-desafio-adicional-para-enfrentar-o-internacional-na-final-do-campeonato-gaucho\/#primaryimage","url":"https:\/\/www.gaveanews.com\/wp-content\/uploads\/Bandeira-do-Gremio.webp","contentUrl":"https:\/\/www.gaveanews.com\/wp-content\/uploads\/Bandeira-do-Gremio.webp","width":1043,"height":695,"caption":"Bandeira do Gr\u00eamio (Foto: Reprodu\u00e7\u00e3o\/Gr\u00eamio)"},{"@type":"BreadcrumbList","@id":"https:\/\/www.gaveanews.com\/index.php\/2025\/03\/11\/gremio-tera-desafio-adicional-para-enfrentar-o-internacional-na-final-do-campeonato-gaucho\/#breadcrumb","itemListElement":[{"@type":"ListItem","position":1,"name":"Home","item":"https:\/\/www.gaveanews.com\/"},{"@type":"ListItem","position":2,"name":"Gr\u00eamio ter\u00e1 desafio adicional para enfrentar o Internacional na final do Campeonato Ga\u00facho"}]},{"@type":"WebSite","@id":"https:\/\/www.gaveanews.com\/#website","url":"https:\/\/www.gaveanews.com\/","name":"G\u00e1vea News","description":"Veja todas as not\u00edcias sobre o Flamengo: Contrata\u00e7\u00f5es, categorias de base, resultados das partidas, tabela de classifica\u00e7\u00e3o, pr\u00f3ximos jogos!","potentialAction":[{"@type":"SearchAction","target":{"@type":"EntryPoint","urlTemplate":"https:\/\/www.gaveanews.com\/?s={search_term_string}"},"query-input":{"@type":"PropertyValueSpecification","valueRequired":true,"valueName":"search_term_string"}}],"inLanguage":"pt-BR"},{"@type":"Person","@id":"https:\/\/www.gaveanews.com\/#\/schema\/person\/0eb3e3fe1754f0205218538adbe8f5ed","name":"Rafaela Ladeira","image":{"@type":"ImageObject","inLanguage":"pt-BR","@id":"https:\/\/www.gaveanews.com\/#\/schema\/person\/image\/","url":"https:\/\/secure.gravatar.com\/avatar\/c31f513acffd85eacab5730cbdfdbbf59f21ba5aeada8cd890acea879fbb2455?s=96&d=mm&r=g","contentUrl":"https:\/\/secure.gravatar.com\/avatar\/c31f513acffd85eacab5730cbdfdbbf59f21ba5aeada8cd890acea879fbb2455?s=96&d=mm&r=g","caption":"Rafaela Ladeira"}}]}},"_links":{"self":[{"href":"https:\/\/www.gaveanews.com\/index.php\/wp-json\/wp\/v2\/posts\/238436","targetHints":{"allow":["GET"]}}],"collection":[{"href":"https:\/\/www.gaveanews.com\/index.php\/wp-json\/wp\/v2\/posts"}],"about":[{"href":"https:\/\/www.gaveanews.com\/index.php\/wp-json\/wp\/v2\/types\/post"}],"author":[{"embeddable":true,"href":"https:\/\/www.gaveanews.com\/index.php\/wp-json\/wp\/v2\/users\/25"}],"replies":[{"embeddable":true,"href":"https:\/\/www.gaveanews.com\/index.php\/wp-json\/wp\/v2\/comments?post=238436"}],"version-history":[{"count":1,"href":"https:\/\/www.gaveanews.com\/index.php\/wp-json\/wp\/v2\/posts\/238436\/revisions"}],"predecessor-version":[{"id":238438,"href":"https:\/\/www.gaveanews.com\/index.php\/wp-json\/wp\/v2\/posts\/238436\/revisions\/238438"}],"wp:featuredmedia":[{"embeddable":true,"href":"https:\/\/www.gaveanews.com\/index.php\/wp-json\/wp\/v2\/media\/165925"}],"wp:attachment":[{"href":"https:\/\/www.gaveanews.com\/index.php\/wp-json\/wp\/v2\/media?parent=238436"}],"wp:term":[{"taxonomy":"category","embeddable":true,"href":"https:\/\/www.gaveanews.com\/index.php\/wp-json\/wp\/v2\/categories?post=238436"},{"taxonomy":"post_tag","embeddable":true,"href":"https:\/\/www.gaveanews.com\/index.php\/wp-json\/wp\/v2\/tags?post=238436"}],"curies":[{"name":"wp","href":"https:\/\/api.w.org\/{rel}","templated":true}]}}