{"id":238440,"date":"2025-03-11T15:50:00","date_gmt":"2025-03-11T18:50:00","guid":{"rendered":"https:\/\/www.gaveanews.com\/?p=238440"},"modified":"2025-03-11T13:49:13","modified_gmt":"2025-03-11T16:49:13","slug":"a-declaracao-de-ledio-carmona-direcionada-a-payet-do-vasco-esta-longe-de","status":"publish","type":"post","link":"https:\/\/www.gaveanews.com\/index.php\/2025\/03\/11\/a-declaracao-de-ledio-carmona-direcionada-a-payet-do-vasco-esta-longe-de\/","title":{"rendered":"A declara\u00e7\u00e3o de L\u00e9dio Carmona direcionada a Payet, do Vasco: &#8220;est\u00e1 longe de&#8230;&#8221;"},"content":{"rendered":"\n<p>Ap\u00f3s a elimina\u00e7\u00e3o no Campeonato Carioca, onde o Vasco foi derrotado pelo placar agregado de 3 a 1, o time agora direciona suas energias para as competi\u00e7\u00f5es restantes da temporada.&nbsp;<\/p>\n\n\n\n<p>O Gigante da Colina, que perdeu o jogo de ida por 1 a 0 e o de volta por 2 a 1, tenta recuperar o foco nas disputas pela Copa do Brasil, S\u00e9rie A do Campeonato Brasileiro e Copa Sul-Americana. Sob o comando de F\u00e1bio Carille, o time est\u00e1 em busca de recupera\u00e7\u00e3o e supera\u00e7\u00e3o.<\/p>\n\n\n\n<h2 class=\"wp-block-heading\" id=\"h-criticas-de-ledio-carmona-a-payet\">Cr\u00edticas de L\u00e9dio Carmona a Payet<\/h2>\n\n\n\n<p>Em meio \u00e0 elimina\u00e7\u00e3o do Vasco no Carioc\u00e3o, o comentarista L\u00e9dio Carmona usou seu espa\u00e7o no SporTV para questionar a condi\u00e7\u00e3o de um dos principais jogadores do clube, o meia franc\u00eas Dimitri Payet.&nbsp;<\/p>\n\n\n\n<p>Al\u00e9m disso, Carmona fez duras cr\u00edticas, afirmando que n\u00e3o acredita mais na recupera\u00e7\u00e3o do jogador. O coment\u00e1rio foi feito em raz\u00e3o do desempenho abaixo das expectativas que Payet tem mostrado desde o in\u00edcio da temporada.&nbsp;<\/p>\n\n\n\n<p>&#8220;Sinceramente, n\u00e3o creio mais no Payet. N\u00e3o creio mais. Em 2023 ele foi importante, em 2024 j\u00e1 n\u00e3o foi o mesmo, e em 2025 est\u00e1 longe de fazer o que ele fez em 2023, que nem foi muita coisa&#8221;, comentou o jornalista de forma direta e sem rodeios.<\/p>\n\n\n\n<h2 class=\"wp-block-heading\" id=\"h-a-decadencia-fisica-de-payet-e-suas-consequencias\">A decad\u00eancia f\u00edsica de Payet e suas consequ\u00eancias<\/h2>\n\n\n\n<p>O ponto central da cr\u00edtica de Carmona foi a quest\u00e3o f\u00edsica do jogador, algo que, segundo ele, tem sido um obst\u00e1culo para o meia franc\u00eas. Isso porque Payet, que brilhou em sua carreira europeia, n\u00e3o tem conseguido manter o ritmo exigido no futebol brasileiro, e a sua queda de desempenho \u00e9 evidente.&nbsp;<\/p>\n\n\n\n<p>\u201cO Payet foi um jogador muito importante na Europa, \u00e9 requintado, tem qualidade, mas fisicamente ele n\u00e3o consegue mais acompanhar o ritmo do jogo. N\u00e3o \u00e9 falta de respeito, \u00e9 realidade. O tempo chega para todo mundo&#8221;, disse Carmona, ressaltando que o tempo \u00e9 implac\u00e1vel para qualquer atleta.<\/p>\n\n\n\n<h2 class=\"wp-block-heading\" id=\"h-vasco-em-busca-de-novos-rumos\">Vasco em busca de novos rumos<\/h2>\n\n\n\n<p>Dessa maneira, com a elimina\u00e7\u00e3o no Carioc\u00e3o para o Flamengo, o Vasco precisa se concentrar nas competi\u00e7\u00f5es que restam. O time ter\u00e1 pela frente desafios importantes, e o desempenho de jogadores como Payet ser\u00e1 crucial para o sucesso da equipe nas disputas pela Copa do Brasil, Campeonato Brasileiro e Copa Sul-Americana.&nbsp;<\/p>\n\n\n\n<p>Vale destacar que, apesar das cr\u00edticas, o treinador F\u00e1bio Carille ainda confia em seu elenco para reagir e se destacar nas pr\u00f3ximas competi\u00e7\u00f5es.<\/p>\n\n\n\n<p>Cabe ressaltar que o futuro do Vasco depende n\u00e3o s\u00f3 de ajustes t\u00e1ticos e estrat\u00e9gicos, mas tamb\u00e9m da capacidade de alguns atletas, como Payet, de elevar seu n\u00edvel de jogo. O Gigante da Colina n\u00e3o pode perder tempo, pois as competi\u00e7\u00f5es nacionais e internacionais est\u00e3o apenas come\u00e7ando.<\/p>\n","protected":false},"excerpt":{"rendered":"<p>Ap\u00f3s a elimina\u00e7\u00e3o no Campeonato Carioca, onde o Vasco foi derrotado pelo placar agregado de 3 a 1, o time agora direciona suas energias para as competi\u00e7\u00f5es restantes da temporada.&nbsp; O Gigante da Colina, que perdeu o jogo de ida por 1 a 0 e o de volta por 2 a 1, tenta recuperar o [&hellip;]<\/p>\n","protected":false},"author":25,"featured_media":124623,"comment_status":"open","ping_status":"closed","sticky":false,"template":"","format":"standard","meta":{"footnotes":""},"categories":[152],"tags":[],"class_list":["post-238440","post","type-post","status-publish","format-standard","has-post-thumbnail","hentry","category-vasco"],"yoast_head":"<!-- This site is optimized with the Yoast SEO Premium plugin v24.2 (Yoast SEO v26.9) - https:\/\/yoast.com\/product\/yoast-seo-premium-wordpress\/ -->\n<title>A declara\u00e7\u00e3o de L\u00e9dio Carmona direcionada a Payet, do Vasco: &quot;est\u00e1 longe de...&quot;<\/title>\n<meta name=\"robots\" content=\"index, follow, max-snippet:-1, max-image-preview:large, max-video-preview:-1\" \/>\n<link rel=\"canonical\" href=\"https:\/\/www.gaveanews.com\/index.php\/2025\/03\/11\/a-declaracao-de-ledio-carmona-direcionada-a-payet-do-vasco-esta-longe-de\/\" \/>\n<meta property=\"og:locale\" content=\"pt_BR\" \/>\n<meta property=\"og:type\" content=\"article\" \/>\n<meta property=\"og:title\" content=\"A declara\u00e7\u00e3o de L\u00e9dio Carmona direcionada a Payet, do Vasco: &quot;est\u00e1 longe de...&quot;\" \/>\n<meta property=\"og:description\" content=\"Ap\u00f3s a elimina\u00e7\u00e3o no Campeonato Carioca, onde o Vasco foi derrotado pelo placar agregado de 3 a 1, o time agora direciona suas energias para as competi\u00e7\u00f5es restantes da temporada.&nbsp; O Gigante da Colina, que perdeu o jogo de ida por 1 a 0 e o de volta por 2 a 1, tenta recuperar o [&hellip;]\" \/>\n<meta property=\"og:url\" content=\"https:\/\/www.gaveanews.com\/index.php\/2025\/03\/11\/a-declaracao-de-ledio-carmona-direcionada-a-payet-do-vasco-esta-longe-de\/\" \/>\n<meta property=\"og:site_name\" content=\"G\u00e1vea News\" \/>\n<meta property=\"article:publisher\" content=\"https:\/\/facebook.com\/gaveaNews\/\" \/>\n<meta property=\"article:published_time\" content=\"2025-03-11T18:50:00+00:00\" \/>\n<meta property=\"og:image\" content=\"https:\/\/www.gaveanews.com\/wp-content\/uploads\/agif23100200212796-1-.webp\" \/>\n\t<meta property=\"og:image:width\" content=\"984\" \/>\n\t<meta property=\"og:image:height\" content=\"656\" \/>\n\t<meta property=\"og:image:type\" content=\"image\/webp\" \/>\n<meta name=\"author\" content=\"Rafaela Ladeira\" \/>\n<meta name=\"twitter:card\" content=\"summary_large_image\" \/>\n<meta name=\"twitter:label1\" content=\"Escrito por\" \/>\n\t<meta name=\"twitter:data1\" content=\"Rafaela Ladeira\" \/>\n\t<meta name=\"twitter:label2\" content=\"Est. tempo de leitura\" \/>\n\t<meta name=\"twitter:data2\" content=\"3 minutos\" \/>\n<script type=\"application\/ld+json\" class=\"yoast-schema-graph\">{\"@context\":\"https:\/\/schema.org\",\"@graph\":[{\"@type\":\"NewsArticle\",\"@id\":\"https:\/\/www.gaveanews.com\/index.php\/2025\/03\/11\/a-declaracao-de-ledio-carmona-direcionada-a-payet-do-vasco-esta-longe-de\/#article\",\"isPartOf\":{\"@id\":\"https:\/\/www.gaveanews.com\/index.php\/2025\/03\/11\/a-declaracao-de-ledio-carmona-direcionada-a-payet-do-vasco-esta-longe-de\/\"},\"author\":{\"name\":\"Rafaela Ladeira\",\"@id\":\"https:\/\/www.gaveanews.com\/#\/schema\/person\/0eb3e3fe1754f0205218538adbe8f5ed\"},\"headline\":\"A declara\u00e7\u00e3o de L\u00e9dio Carmona direcionada a Payet, do Vasco: &#8220;est\u00e1 longe de&#8230;&#8221;\",\"datePublished\":\"2025-03-11T18:50:00+00:00\",\"mainEntityOfPage\":{\"@id\":\"https:\/\/www.gaveanews.com\/index.php\/2025\/03\/11\/a-declaracao-de-ledio-carmona-direcionada-a-payet-do-vasco-esta-longe-de\/\"},\"wordCount\":499,\"commentCount\":0,\"image\":{\"@id\":\"https:\/\/www.gaveanews.com\/index.php\/2025\/03\/11\/a-declaracao-de-ledio-carmona-direcionada-a-payet-do-vasco-esta-longe-de\/#primaryimage\"},\"thumbnailUrl\":\"https:\/\/www.gaveanews.com\/wp-content\/uploads\/agif23100200212796-1-.webp\",\"articleSection\":[\"Vasco\"],\"inLanguage\":\"pt-BR\",\"potentialAction\":[{\"@type\":\"CommentAction\",\"name\":\"Comment\",\"target\":[\"https:\/\/www.gaveanews.com\/index.php\/2025\/03\/11\/a-declaracao-de-ledio-carmona-direcionada-a-payet-do-vasco-esta-longe-de\/#respond\"]}],\"copyrightYear\":\"2025\",\"copyrightHolder\":{\"@id\":\"https:\/\/www.gaveanews.com\/#organization\"}},{\"@type\":\"WebPage\",\"@id\":\"https:\/\/www.gaveanews.com\/index.php\/2025\/03\/11\/a-declaracao-de-ledio-carmona-direcionada-a-payet-do-vasco-esta-longe-de\/\",\"url\":\"https:\/\/www.gaveanews.com\/index.php\/2025\/03\/11\/a-declaracao-de-ledio-carmona-direcionada-a-payet-do-vasco-esta-longe-de\/\",\"name\":\"A declara\u00e7\u00e3o de L\u00e9dio Carmona direcionada a Payet, do Vasco: \\\"est\u00e1 longe de...\\\"\",\"isPartOf\":{\"@id\":\"https:\/\/www.gaveanews.com\/#website\"},\"primaryImageOfPage\":{\"@id\":\"https:\/\/www.gaveanews.com\/index.php\/2025\/03\/11\/a-declaracao-de-ledio-carmona-direcionada-a-payet-do-vasco-esta-longe-de\/#primaryimage\"},\"image\":{\"@id\":\"https:\/\/www.gaveanews.com\/index.php\/2025\/03\/11\/a-declaracao-de-ledio-carmona-direcionada-a-payet-do-vasco-esta-longe-de\/#primaryimage\"},\"thumbnailUrl\":\"https:\/\/www.gaveanews.com\/wp-content\/uploads\/agif23100200212796-1-.webp\",\"datePublished\":\"2025-03-11T18:50:00+00:00\",\"author\":{\"@id\":\"https:\/\/www.gaveanews.com\/#\/schema\/person\/0eb3e3fe1754f0205218538adbe8f5ed\"},\"breadcrumb\":{\"@id\":\"https:\/\/www.gaveanews.com\/index.php\/2025\/03\/11\/a-declaracao-de-ledio-carmona-direcionada-a-payet-do-vasco-esta-longe-de\/#breadcrumb\"},\"inLanguage\":\"pt-BR\",\"potentialAction\":[{\"@type\":\"ReadAction\",\"target\":[\"https:\/\/www.gaveanews.com\/index.php\/2025\/03\/11\/a-declaracao-de-ledio-carmona-direcionada-a-payet-do-vasco-esta-longe-de\/\"]}]},{\"@type\":\"ImageObject\",\"inLanguage\":\"pt-BR\",\"@id\":\"https:\/\/www.gaveanews.com\/index.php\/2025\/03\/11\/a-declaracao-de-ledio-carmona-direcionada-a-payet-do-vasco-esta-longe-de\/#primaryimage\",\"url\":\"https:\/\/www.gaveanews.com\/wp-content\/uploads\/agif23100200212796-1-.webp\",\"contentUrl\":\"https:\/\/www.gaveanews.com\/wp-content\/uploads\/agif23100200212796-1-.webp\",\"width\":984,\"height\":656,\"caption\":\"Payet em a\u00e7\u00e3o pelo Vasco (Foto: Abner Dourado\/AGIF)\"},{\"@type\":\"BreadcrumbList\",\"@id\":\"https:\/\/www.gaveanews.com\/index.php\/2025\/03\/11\/a-declaracao-de-ledio-carmona-direcionada-a-payet-do-vasco-esta-longe-de\/#breadcrumb\",\"itemListElement\":[{\"@type\":\"ListItem\",\"position\":1,\"name\":\"Home\",\"item\":\"https:\/\/www.gaveanews.com\/\"},{\"@type\":\"ListItem\",\"position\":2,\"name\":\"A declara\u00e7\u00e3o de L\u00e9dio Carmona direcionada a Payet, do Vasco: &#8220;est\u00e1 longe de&#8230;&#8221;\"}]},{\"@type\":\"WebSite\",\"@id\":\"https:\/\/www.gaveanews.com\/#website\",\"url\":\"https:\/\/www.gaveanews.com\/\",\"name\":\"G\u00e1vea News\",\"description\":\"Veja todas as not\u00edcias sobre o Flamengo: Contrata\u00e7\u00f5es, categorias de base, resultados das partidas, tabela de classifica\u00e7\u00e3o, pr\u00f3ximos jogos!\",\"potentialAction\":[{\"@type\":\"SearchAction\",\"target\":{\"@type\":\"EntryPoint\",\"urlTemplate\":\"https:\/\/www.gaveanews.com\/?s={search_term_string}\"},\"query-input\":{\"@type\":\"PropertyValueSpecification\",\"valueRequired\":true,\"valueName\":\"search_term_string\"}}],\"inLanguage\":\"pt-BR\"},{\"@type\":\"Person\",\"@id\":\"https:\/\/www.gaveanews.com\/#\/schema\/person\/0eb3e3fe1754f0205218538adbe8f5ed\",\"name\":\"Rafaela Ladeira\",\"image\":{\"@type\":\"ImageObject\",\"inLanguage\":\"pt-BR\",\"@id\":\"https:\/\/www.gaveanews.com\/#\/schema\/person\/image\/\",\"url\":\"https:\/\/secure.gravatar.com\/avatar\/c31f513acffd85eacab5730cbdfdbbf59f21ba5aeada8cd890acea879fbb2455?s=96&d=mm&r=g\",\"contentUrl\":\"https:\/\/secure.gravatar.com\/avatar\/c31f513acffd85eacab5730cbdfdbbf59f21ba5aeada8cd890acea879fbb2455?s=96&d=mm&r=g\",\"caption\":\"Rafaela Ladeira\"}}]}<\/script>\n<!-- \/ Yoast SEO Premium plugin. -->","yoast_head_json":{"title":"A declara\u00e7\u00e3o de L\u00e9dio Carmona direcionada a Payet, do Vasco: \"est\u00e1 longe de...\"","robots":{"index":"index","follow":"follow","max-snippet":"max-snippet:-1","max-image-preview":"max-image-preview:large","max-video-preview":"max-video-preview:-1"},"canonical":"https:\/\/www.gaveanews.com\/index.php\/2025\/03\/11\/a-declaracao-de-ledio-carmona-direcionada-a-payet-do-vasco-esta-longe-de\/","og_locale":"pt_BR","og_type":"article","og_title":"A declara\u00e7\u00e3o de L\u00e9dio Carmona direcionada a Payet, do Vasco: \"est\u00e1 longe de...\"","og_description":"Ap\u00f3s a elimina\u00e7\u00e3o no Campeonato Carioca, onde o Vasco foi derrotado pelo placar agregado de 3 a 1, o time agora direciona suas energias para as competi\u00e7\u00f5es restantes da temporada.&nbsp; O Gigante da Colina, que perdeu o jogo de ida por 1 a 0 e o de volta por 2 a 1, tenta recuperar o [&hellip;]","og_url":"https:\/\/www.gaveanews.com\/index.php\/2025\/03\/11\/a-declaracao-de-ledio-carmona-direcionada-a-payet-do-vasco-esta-longe-de\/","og_site_name":"G\u00e1vea News","article_publisher":"https:\/\/facebook.com\/gaveaNews\/","article_published_time":"2025-03-11T18:50:00+00:00","og_image":[{"width":984,"height":656,"url":"https:\/\/www.gaveanews.com\/wp-content\/uploads\/agif23100200212796-1-.webp","type":"image\/webp"}],"author":"Rafaela Ladeira","twitter_card":"summary_large_image","twitter_misc":{"Escrito por":"Rafaela Ladeira","Est. tempo de leitura":"3 minutos"},"schema":{"@context":"https:\/\/schema.org","@graph":[{"@type":"NewsArticle","@id":"https:\/\/www.gaveanews.com\/index.php\/2025\/03\/11\/a-declaracao-de-ledio-carmona-direcionada-a-payet-do-vasco-esta-longe-de\/#article","isPartOf":{"@id":"https:\/\/www.gaveanews.com\/index.php\/2025\/03\/11\/a-declaracao-de-ledio-carmona-direcionada-a-payet-do-vasco-esta-longe-de\/"},"author":{"name":"Rafaela Ladeira","@id":"https:\/\/www.gaveanews.com\/#\/schema\/person\/0eb3e3fe1754f0205218538adbe8f5ed"},"headline":"A declara\u00e7\u00e3o de L\u00e9dio Carmona direcionada a Payet, do Vasco: &#8220;est\u00e1 longe de&#8230;&#8221;","datePublished":"2025-03-11T18:50:00+00:00","mainEntityOfPage":{"@id":"https:\/\/www.gaveanews.com\/index.php\/2025\/03\/11\/a-declaracao-de-ledio-carmona-direcionada-a-payet-do-vasco-esta-longe-de\/"},"wordCount":499,"commentCount":0,"image":{"@id":"https:\/\/www.gaveanews.com\/index.php\/2025\/03\/11\/a-declaracao-de-ledio-carmona-direcionada-a-payet-do-vasco-esta-longe-de\/#primaryimage"},"thumbnailUrl":"https:\/\/www.gaveanews.com\/wp-content\/uploads\/agif23100200212796-1-.webp","articleSection":["Vasco"],"inLanguage":"pt-BR","potentialAction":[{"@type":"CommentAction","name":"Comment","target":["https:\/\/www.gaveanews.com\/index.php\/2025\/03\/11\/a-declaracao-de-ledio-carmona-direcionada-a-payet-do-vasco-esta-longe-de\/#respond"]}],"copyrightYear":"2025","copyrightHolder":{"@id":"https:\/\/www.gaveanews.com\/#organization"}},{"@type":"WebPage","@id":"https:\/\/www.gaveanews.com\/index.php\/2025\/03\/11\/a-declaracao-de-ledio-carmona-direcionada-a-payet-do-vasco-esta-longe-de\/","url":"https:\/\/www.gaveanews.com\/index.php\/2025\/03\/11\/a-declaracao-de-ledio-carmona-direcionada-a-payet-do-vasco-esta-longe-de\/","name":"A declara\u00e7\u00e3o de L\u00e9dio Carmona direcionada a Payet, do Vasco: \"est\u00e1 longe de...\"","isPartOf":{"@id":"https:\/\/www.gaveanews.com\/#website"},"primaryImageOfPage":{"@id":"https:\/\/www.gaveanews.com\/index.php\/2025\/03\/11\/a-declaracao-de-ledio-carmona-direcionada-a-payet-do-vasco-esta-longe-de\/#primaryimage"},"image":{"@id":"https:\/\/www.gaveanews.com\/index.php\/2025\/03\/11\/a-declaracao-de-ledio-carmona-direcionada-a-payet-do-vasco-esta-longe-de\/#primaryimage"},"thumbnailUrl":"https:\/\/www.gaveanews.com\/wp-content\/uploads\/agif23100200212796-1-.webp","datePublished":"2025-03-11T18:50:00+00:00","author":{"@id":"https:\/\/www.gaveanews.com\/#\/schema\/person\/0eb3e3fe1754f0205218538adbe8f5ed"},"breadcrumb":{"@id":"https:\/\/www.gaveanews.com\/index.php\/2025\/03\/11\/a-declaracao-de-ledio-carmona-direcionada-a-payet-do-vasco-esta-longe-de\/#breadcrumb"},"inLanguage":"pt-BR","potentialAction":[{"@type":"ReadAction","target":["https:\/\/www.gaveanews.com\/index.php\/2025\/03\/11\/a-declaracao-de-ledio-carmona-direcionada-a-payet-do-vasco-esta-longe-de\/"]}]},{"@type":"ImageObject","inLanguage":"pt-BR","@id":"https:\/\/www.gaveanews.com\/index.php\/2025\/03\/11\/a-declaracao-de-ledio-carmona-direcionada-a-payet-do-vasco-esta-longe-de\/#primaryimage","url":"https:\/\/www.gaveanews.com\/wp-content\/uploads\/agif23100200212796-1-.webp","contentUrl":"https:\/\/www.gaveanews.com\/wp-content\/uploads\/agif23100200212796-1-.webp","width":984,"height":656,"caption":"Payet em a\u00e7\u00e3o pelo Vasco (Foto: Abner Dourado\/AGIF)"},{"@type":"BreadcrumbList","@id":"https:\/\/www.gaveanews.com\/index.php\/2025\/03\/11\/a-declaracao-de-ledio-carmona-direcionada-a-payet-do-vasco-esta-longe-de\/#breadcrumb","itemListElement":[{"@type":"ListItem","position":1,"name":"Home","item":"https:\/\/www.gaveanews.com\/"},{"@type":"ListItem","position":2,"name":"A declara\u00e7\u00e3o de L\u00e9dio Carmona direcionada a Payet, do Vasco: &#8220;est\u00e1 longe de&#8230;&#8221;"}]},{"@type":"WebSite","@id":"https:\/\/www.gaveanews.com\/#website","url":"https:\/\/www.gaveanews.com\/","name":"G\u00e1vea News","description":"Veja todas as not\u00edcias sobre o Flamengo: Contrata\u00e7\u00f5es, categorias de base, resultados das partidas, tabela de classifica\u00e7\u00e3o, pr\u00f3ximos jogos!","potentialAction":[{"@type":"SearchAction","target":{"@type":"EntryPoint","urlTemplate":"https:\/\/www.gaveanews.com\/?s={search_term_string}"},"query-input":{"@type":"PropertyValueSpecification","valueRequired":true,"valueName":"search_term_string"}}],"inLanguage":"pt-BR"},{"@type":"Person","@id":"https:\/\/www.gaveanews.com\/#\/schema\/person\/0eb3e3fe1754f0205218538adbe8f5ed","name":"Rafaela Ladeira","image":{"@type":"ImageObject","inLanguage":"pt-BR","@id":"https:\/\/www.gaveanews.com\/#\/schema\/person\/image\/","url":"https:\/\/secure.gravatar.com\/avatar\/c31f513acffd85eacab5730cbdfdbbf59f21ba5aeada8cd890acea879fbb2455?s=96&d=mm&r=g","contentUrl":"https:\/\/secure.gravatar.com\/avatar\/c31f513acffd85eacab5730cbdfdbbf59f21ba5aeada8cd890acea879fbb2455?s=96&d=mm&r=g","caption":"Rafaela Ladeira"}}]}},"_links":{"self":[{"href":"https:\/\/www.gaveanews.com\/index.php\/wp-json\/wp\/v2\/posts\/238440","targetHints":{"allow":["GET"]}}],"collection":[{"href":"https:\/\/www.gaveanews.com\/index.php\/wp-json\/wp\/v2\/posts"}],"about":[{"href":"https:\/\/www.gaveanews.com\/index.php\/wp-json\/wp\/v2\/types\/post"}],"author":[{"embeddable":true,"href":"https:\/\/www.gaveanews.com\/index.php\/wp-json\/wp\/v2\/users\/25"}],"replies":[{"embeddable":true,"href":"https:\/\/www.gaveanews.com\/index.php\/wp-json\/wp\/v2\/comments?post=238440"}],"version-history":[{"count":1,"href":"https:\/\/www.gaveanews.com\/index.php\/wp-json\/wp\/v2\/posts\/238440\/revisions"}],"predecessor-version":[{"id":238444,"href":"https:\/\/www.gaveanews.com\/index.php\/wp-json\/wp\/v2\/posts\/238440\/revisions\/238444"}],"wp:featuredmedia":[{"embeddable":true,"href":"https:\/\/www.gaveanews.com\/index.php\/wp-json\/wp\/v2\/media\/124623"}],"wp:attachment":[{"href":"https:\/\/www.gaveanews.com\/index.php\/wp-json\/wp\/v2\/media?parent=238440"}],"wp:term":[{"taxonomy":"category","embeddable":true,"href":"https:\/\/www.gaveanews.com\/index.php\/wp-json\/wp\/v2\/categories?post=238440"},{"taxonomy":"post_tag","embeddable":true,"href":"https:\/\/www.gaveanews.com\/index.php\/wp-json\/wp\/v2\/tags?post=238440"}],"curies":[{"name":"wp","href":"https:\/\/api.w.org\/{rel}","templated":true}]}}