{"id":238441,"date":"2025-03-11T15:40:00","date_gmt":"2025-03-11T18:40:00","guid":{"rendered":"https:\/\/www.gaveanews.com\/?p=238441"},"modified":"2025-03-11T13:49:06","modified_gmt":"2025-03-11T16:49:06","slug":"flamengo-x-vasco-a-declaracao-de-pc-oliveira","status":"publish","type":"post","link":"https:\/\/www.gaveanews.com\/index.php\/2025\/03\/11\/flamengo-x-vasco-a-declaracao-de-pc-oliveira\/","title":{"rendered":"Flamengo x Vasco: A declara\u00e7\u00e3o de PC Oliveira"},"content":{"rendered":"\n<p>A semifinal do Campeonato Carioca segue gerando pol\u00eamica. Depois de muita reclama\u00e7\u00e3o do Vasco da Gama no gol de empate do Flamengo, o comentarista de arbitragem, PC Oliveira, analisou as imagens usadas pela cabine do VAR e ressaltou que elas s\u00e3o inconclusivas.&nbsp;<\/p>\n\n\n\n<p>Vasco e Flamengo decidiram uma das vagas da final do Campeonato Carioca no \u00faltimo s\u00e1bado (8\/3), no qual o Cruz-Maltino perdeu por 2 a 1. Nuno Moreira abriu o placar no in\u00edcio do primeiro tempo, mas Bruno Henrique e Luiz Ara\u00fajo viraram a partida, deram a vit\u00f3ria e a classifica\u00e7\u00e3o para o Rubro-Negro.<\/p>\n\n\n\n<p>Quando o placar do Maracan\u00e3 apontava a vantagem m\u00ednima para o Gigante da Colina, Bruno Henrique interceptou um chute de Arrascaeta e cara a cara com L\u00e9o Jardim, n\u00e3o desperdi\u00e7ou, empatando o confronto. O lance gerou bastante controv\u00e9rsia, j\u00e1 que as imagens divulgadas pela Federa\u00e7\u00e3o de Futebol do Estado do Rio de Janeiro (FERJ) n\u00e3o esclarecem se o atacante flamenguista estava em posi\u00e7\u00e3o regular ou n\u00e3o.<\/p>\n\n\n\n<p>\u201cVisualmente, olhando a imagem parada, mesmo ainda n\u00e3o sendo o frame que o VAR usou, a impress\u00e3o \u00e9 que o Bruno Henrique est\u00e1 um pouco \u00e0 frente em rela\u00e7\u00e3o ao Jo\u00e3o Victor. Mas outro detalhe importante dessa imagem \u00e9 que n\u00e3o conseguimos ver o p\u00e9 do Jo\u00e3o. Na imagem parada, para mim, o pen\u00faltimo defensor do Vasco \u00e9 o Jo\u00e3o, porque essa linha passa bem al\u00e9m do bra\u00e7o do Piton. Por isso acredito que \u00e9 importante a Ferj mostrar a constru\u00e7\u00e3o da linha, para sabermos qual foi a refer\u00eancia. Provavelmente, (o VAR) usou outro \u00e2ngulo para poder identificar a posi\u00e7\u00e3o do p\u00e9, identificou, marcou a posi\u00e7\u00e3o e depois tra\u00e7ou a linha pela c\u00e2mera de impedimento. Por essa imagem (da transmiss\u00e3o), n\u00e3o d\u00e1 para ver o p\u00e9 do Jo\u00e3o Victor\u201d, disse o comentarista do Grupo Globo.<\/p>\n\n\n\n<p>Uma das altera\u00e7\u00f5es no regulamento do campeonato estadual deste ano em rela\u00e7\u00e3o a 2024 \u00e9 a espessura da linha tra\u00e7ada em lances ajustados como o do \u00faltimo s\u00e1bado. Na \u00faltima temporada, ela tinha 6 cent\u00edmetros e passou a ter 12 para favorecer os atacantes, priorizando o maior n\u00famero de gols. Mas, a mudan\u00e7a n\u00e3o vai acabar com as controv\u00e9rsias dos jogos, segundo PC Oliveira.<\/p>\n\n\n\n<p>\u201cPassou para 12cm, com o objetivo era beneficiar os atacantes e acabar com os chamados lances ajustados. (&#8230;) A gente sempre fala que, independentemente da espessura da linha, dependendo da jogada e como ela se configura, o <em>frame<\/em> correto que o VAR vai utilizar, sempre vai ter um lance ou outro que vai causar bastante pol\u00eamica\u201d, continuou.<\/p>\n\n\n\n<p>O comentarista chamou aten\u00e7\u00e3o para a falta de qualidade das imagens que foram disponibilizadas para a checagem do gol. Para ele, al\u00e9m de n\u00e3o ficar claro se o Bruno Henrique estava em posi\u00e7\u00e3o legal ou n\u00e3o, \u00e9 necess\u00e1rio que as federa\u00e7\u00f5es comecem a trabalhar a transpar\u00eancia em toda a fase de an\u00e1lise.<\/p>\n\n\n\n<p>\u201cAgora (se referindo \u00e0 imagem no tel\u00e3o), j\u00e1 \u00e9 o \u00e2ngulo que o VAR utilizou, a bola j\u00e1 n\u00e3o t\u00e1 escondida no p\u00e9 do Arrascaeta, provavelmente ele j\u00e1 usou o frame seguinte, porque no anterior n\u00e3o conseguiu identificar o toque na bola. Ele vem para o frame seguinte, repare que a bola j\u00e1 est\u00e1 borrada, em movimento, mas \u00e9 o frame que ele utilizou. E tra\u00e7a a linha&#8230; Olhando essa imagem, gera muita d\u00favida. N\u00e3o d\u00e1 pra ver o p\u00e9 do Jo\u00e3o Victor, a linha t\u00e1 bem grossa, n\u00e3o d\u00e1 pra determinar exatamente se est\u00e1 pegando a \u00faltima parte, no inferior da axila. Quando o jogador est\u00e1 inclinado, o VAR vai buscar a \u00faltima parte do corpo que n\u00e3o \u00e9 considerada m\u00e3o. Seria um pouquinho \u00e0 frente, mas da maneira que ela t\u00e1 grossa, sem vermos a constru\u00e7\u00e3o e onde o VAR marcou&#8230; Na hora do zoom, a imagem fica mais borrada ainda. Gera d\u00favidas tamb\u00e9m em rela\u00e7\u00e3o \u00e0 cabe\u00e7a do Bruno Henrique. \u00c9 dif\u00edcil determinar onde est\u00e1 tra\u00e7ada. Os clubes t\u00eam essa prerrogativa de ir at\u00e9 a Ferj para que ela demonstre a constru\u00e7\u00e3o da linha. Que tenha uma divulga\u00e7\u00e3o dessa constru\u00e7\u00e3o\u201d, disse.<\/p>\n","protected":false},"excerpt":{"rendered":"<p>A semifinal do Campeonato Carioca segue gerando pol\u00eamica. Depois de muita reclama\u00e7\u00e3o do Vasco da Gama no gol de empate do Flamengo, o comentarista de arbitragem, PC Oliveira, analisou as imagens usadas pela cabine do VAR e ressaltou que elas s\u00e3o inconclusivas.&nbsp; Vasco e Flamengo decidiram uma das vagas da final do Campeonato Carioca no [&hellip;]<\/p>\n","protected":false},"author":29,"featured_media":237694,"comment_status":"open","ping_status":"closed","sticky":false,"template":"","format":"standard","meta":{"footnotes":""},"categories":[1,152],"tags":[],"class_list":["post-238441","post","type-post","status-publish","format-standard","has-post-thumbnail","hentry","category-flamengo","category-vasco"],"yoast_head":"<!-- This site is optimized with the Yoast SEO Premium plugin v24.2 (Yoast SEO v26.9) - https:\/\/yoast.com\/product\/yoast-seo-premium-wordpress\/ -->\n<title>Flamengo x Vasco: A declara\u00e7\u00e3o de PC Oliveira<\/title>\n<meta name=\"robots\" content=\"index, follow, max-snippet:-1, max-image-preview:large, max-video-preview:-1\" \/>\n<link rel=\"canonical\" href=\"https:\/\/www.gaveanews.com\/index.php\/2025\/03\/11\/flamengo-x-vasco-a-declaracao-de-pc-oliveira\/\" \/>\n<meta property=\"og:locale\" content=\"pt_BR\" \/>\n<meta property=\"og:type\" content=\"article\" \/>\n<meta property=\"og:title\" content=\"Flamengo x Vasco: A declara\u00e7\u00e3o de PC Oliveira\" \/>\n<meta property=\"og:description\" content=\"A semifinal do Campeonato Carioca segue gerando pol\u00eamica. Depois de muita reclama\u00e7\u00e3o do Vasco da Gama no gol de empate do Flamengo, o comentarista de arbitragem, PC Oliveira, analisou as imagens usadas pela cabine do VAR e ressaltou que elas s\u00e3o inconclusivas.&nbsp; Vasco e Flamengo decidiram uma das vagas da final do Campeonato Carioca no [&hellip;]\" \/>\n<meta property=\"og:url\" content=\"https:\/\/www.gaveanews.com\/index.php\/2025\/03\/11\/flamengo-x-vasco-a-declaracao-de-pc-oliveira\/\" \/>\n<meta property=\"og:site_name\" content=\"G\u00e1vea News\" \/>\n<meta property=\"article:publisher\" content=\"https:\/\/facebook.com\/gaveaNews\/\" \/>\n<meta property=\"article:published_time\" content=\"2025-03-11T18:40:00+00:00\" \/>\n<meta property=\"og:image\" content=\"https:\/\/www.gaveanews.com\/wp-content\/uploads\/Bruno-Henrique-Flamengo-x-Vasco-pela-semifinal-do-Carioca.webp\" \/>\n\t<meta property=\"og:image:width\" content=\"861\" \/>\n\t<meta property=\"og:image:height\" content=\"559\" \/>\n\t<meta property=\"og:image:type\" content=\"image\/jpeg\" \/>\n<meta name=\"author\" content=\"Marco Menezes\" \/>\n<meta name=\"twitter:card\" content=\"summary_large_image\" \/>\n<meta name=\"twitter:label1\" content=\"Escrito por\" \/>\n\t<meta name=\"twitter:data1\" content=\"Marco Menezes\" \/>\n\t<meta name=\"twitter:label2\" content=\"Est. tempo de leitura\" \/>\n\t<meta name=\"twitter:data2\" content=\"4 minutos\" \/>\n<script type=\"application\/ld+json\" class=\"yoast-schema-graph\">{\"@context\":\"https:\/\/schema.org\",\"@graph\":[{\"@type\":\"NewsArticle\",\"@id\":\"https:\/\/www.gaveanews.com\/index.php\/2025\/03\/11\/flamengo-x-vasco-a-declaracao-de-pc-oliveira\/#article\",\"isPartOf\":{\"@id\":\"https:\/\/www.gaveanews.com\/index.php\/2025\/03\/11\/flamengo-x-vasco-a-declaracao-de-pc-oliveira\/\"},\"author\":{\"name\":\"Marco Menezes\",\"@id\":\"https:\/\/www.gaveanews.com\/#\/schema\/person\/a9f62fe75380c6bada1b2fc49bc23d69\"},\"headline\":\"Flamengo x Vasco: A declara\u00e7\u00e3o de PC Oliveira\",\"datePublished\":\"2025-03-11T18:40:00+00:00\",\"mainEntityOfPage\":{\"@id\":\"https:\/\/www.gaveanews.com\/index.php\/2025\/03\/11\/flamengo-x-vasco-a-declaracao-de-pc-oliveira\/\"},\"wordCount\":728,\"commentCount\":0,\"image\":{\"@id\":\"https:\/\/www.gaveanews.com\/index.php\/2025\/03\/11\/flamengo-x-vasco-a-declaracao-de-pc-oliveira\/#primaryimage\"},\"thumbnailUrl\":\"https:\/\/www.gaveanews.com\/wp-content\/uploads\/Bruno-Henrique-Flamengo-x-Vasco-pela-semifinal-do-Carioca.webp\",\"articleSection\":[\"Flamengo\",\"Vasco\"],\"inLanguage\":\"pt-BR\",\"potentialAction\":[{\"@type\":\"CommentAction\",\"name\":\"Comment\",\"target\":[\"https:\/\/www.gaveanews.com\/index.php\/2025\/03\/11\/flamengo-x-vasco-a-declaracao-de-pc-oliveira\/#respond\"]}],\"copyrightYear\":\"2025\",\"copyrightHolder\":{\"@id\":\"https:\/\/www.gaveanews.com\/#organization\"}},{\"@type\":\"WebPage\",\"@id\":\"https:\/\/www.gaveanews.com\/index.php\/2025\/03\/11\/flamengo-x-vasco-a-declaracao-de-pc-oliveira\/\",\"url\":\"https:\/\/www.gaveanews.com\/index.php\/2025\/03\/11\/flamengo-x-vasco-a-declaracao-de-pc-oliveira\/\",\"name\":\"Flamengo x Vasco: A declara\u00e7\u00e3o de PC Oliveira\",\"isPartOf\":{\"@id\":\"https:\/\/www.gaveanews.com\/#website\"},\"primaryImageOfPage\":{\"@id\":\"https:\/\/www.gaveanews.com\/index.php\/2025\/03\/11\/flamengo-x-vasco-a-declaracao-de-pc-oliveira\/#primaryimage\"},\"image\":{\"@id\":\"https:\/\/www.gaveanews.com\/index.php\/2025\/03\/11\/flamengo-x-vasco-a-declaracao-de-pc-oliveira\/#primaryimage\"},\"thumbnailUrl\":\"https:\/\/www.gaveanews.com\/wp-content\/uploads\/Bruno-Henrique-Flamengo-x-Vasco-pela-semifinal-do-Carioca.webp\",\"datePublished\":\"2025-03-11T18:40:00+00:00\",\"author\":{\"@id\":\"https:\/\/www.gaveanews.com\/#\/schema\/person\/a9f62fe75380c6bada1b2fc49bc23d69\"},\"breadcrumb\":{\"@id\":\"https:\/\/www.gaveanews.com\/index.php\/2025\/03\/11\/flamengo-x-vasco-a-declaracao-de-pc-oliveira\/#breadcrumb\"},\"inLanguage\":\"pt-BR\",\"potentialAction\":[{\"@type\":\"ReadAction\",\"target\":[\"https:\/\/www.gaveanews.com\/index.php\/2025\/03\/11\/flamengo-x-vasco-a-declaracao-de-pc-oliveira\/\"]}]},{\"@type\":\"ImageObject\",\"inLanguage\":\"pt-BR\",\"@id\":\"https:\/\/www.gaveanews.com\/index.php\/2025\/03\/11\/flamengo-x-vasco-a-declaracao-de-pc-oliveira\/#primaryimage\",\"url\":\"https:\/\/www.gaveanews.com\/wp-content\/uploads\/Bruno-Henrique-Flamengo-x-Vasco-pela-semifinal-do-Carioca.webp\",\"contentUrl\":\"https:\/\/www.gaveanews.com\/wp-content\/uploads\/Bruno-Henrique-Flamengo-x-Vasco-pela-semifinal-do-Carioca.webp\",\"width\":861,\"height\":559,\"caption\":\"Bruno Henrique Flamengo x Vasco, pela semifinal do Carioca (Foto: Gilvan de Souza\/Flamengo)\"},{\"@type\":\"BreadcrumbList\",\"@id\":\"https:\/\/www.gaveanews.com\/index.php\/2025\/03\/11\/flamengo-x-vasco-a-declaracao-de-pc-oliveira\/#breadcrumb\",\"itemListElement\":[{\"@type\":\"ListItem\",\"position\":1,\"name\":\"Home\",\"item\":\"https:\/\/www.gaveanews.com\/\"},{\"@type\":\"ListItem\",\"position\":2,\"name\":\"Flamengo x Vasco: A declara\u00e7\u00e3o de PC Oliveira\"}]},{\"@type\":\"WebSite\",\"@id\":\"https:\/\/www.gaveanews.com\/#website\",\"url\":\"https:\/\/www.gaveanews.com\/\",\"name\":\"G\u00e1vea News\",\"description\":\"Veja todas as not\u00edcias sobre o Flamengo: Contrata\u00e7\u00f5es, categorias de base, resultados das partidas, tabela de classifica\u00e7\u00e3o, pr\u00f3ximos jogos!\",\"potentialAction\":[{\"@type\":\"SearchAction\",\"target\":{\"@type\":\"EntryPoint\",\"urlTemplate\":\"https:\/\/www.gaveanews.com\/?s={search_term_string}\"},\"query-input\":{\"@type\":\"PropertyValueSpecification\",\"valueRequired\":true,\"valueName\":\"search_term_string\"}}],\"inLanguage\":\"pt-BR\"},{\"@type\":\"Person\",\"@id\":\"https:\/\/www.gaveanews.com\/#\/schema\/person\/a9f62fe75380c6bada1b2fc49bc23d69\",\"name\":\"Marco Menezes\",\"image\":{\"@type\":\"ImageObject\",\"inLanguage\":\"pt-BR\",\"@id\":\"https:\/\/www.gaveanews.com\/#\/schema\/person\/image\/\",\"url\":\"https:\/\/secure.gravatar.com\/avatar\/a1d148ae17fc8bfc5dbccffd07979e8bd2c9ba494221779de86ec2c7907b71ec?s=96&d=mm&r=g\",\"contentUrl\":\"https:\/\/secure.gravatar.com\/avatar\/a1d148ae17fc8bfc5dbccffd07979e8bd2c9ba494221779de86ec2c7907b71ec?s=96&d=mm&r=g\",\"caption\":\"Marco Menezes\"}}]}<\/script>\n<!-- \/ Yoast SEO Premium plugin. -->","yoast_head_json":{"title":"Flamengo x Vasco: A declara\u00e7\u00e3o de PC Oliveira","robots":{"index":"index","follow":"follow","max-snippet":"max-snippet:-1","max-image-preview":"max-image-preview:large","max-video-preview":"max-video-preview:-1"},"canonical":"https:\/\/www.gaveanews.com\/index.php\/2025\/03\/11\/flamengo-x-vasco-a-declaracao-de-pc-oliveira\/","og_locale":"pt_BR","og_type":"article","og_title":"Flamengo x Vasco: A declara\u00e7\u00e3o de PC Oliveira","og_description":"A semifinal do Campeonato Carioca segue gerando pol\u00eamica. Depois de muita reclama\u00e7\u00e3o do Vasco da Gama no gol de empate do Flamengo, o comentarista de arbitragem, PC Oliveira, analisou as imagens usadas pela cabine do VAR e ressaltou que elas s\u00e3o inconclusivas.&nbsp; Vasco e Flamengo decidiram uma das vagas da final do Campeonato Carioca no [&hellip;]","og_url":"https:\/\/www.gaveanews.com\/index.php\/2025\/03\/11\/flamengo-x-vasco-a-declaracao-de-pc-oliveira\/","og_site_name":"G\u00e1vea News","article_publisher":"https:\/\/facebook.com\/gaveaNews\/","article_published_time":"2025-03-11T18:40:00+00:00","og_image":[{"width":861,"height":559,"url":"https:\/\/www.gaveanews.com\/wp-content\/uploads\/Bruno-Henrique-Flamengo-x-Vasco-pela-semifinal-do-Carioca.webp","type":"image\/jpeg"}],"author":"Marco Menezes","twitter_card":"summary_large_image","twitter_misc":{"Escrito por":"Marco Menezes","Est. tempo de leitura":"4 minutos"},"schema":{"@context":"https:\/\/schema.org","@graph":[{"@type":"NewsArticle","@id":"https:\/\/www.gaveanews.com\/index.php\/2025\/03\/11\/flamengo-x-vasco-a-declaracao-de-pc-oliveira\/#article","isPartOf":{"@id":"https:\/\/www.gaveanews.com\/index.php\/2025\/03\/11\/flamengo-x-vasco-a-declaracao-de-pc-oliveira\/"},"author":{"name":"Marco Menezes","@id":"https:\/\/www.gaveanews.com\/#\/schema\/person\/a9f62fe75380c6bada1b2fc49bc23d69"},"headline":"Flamengo x Vasco: A declara\u00e7\u00e3o de PC Oliveira","datePublished":"2025-03-11T18:40:00+00:00","mainEntityOfPage":{"@id":"https:\/\/www.gaveanews.com\/index.php\/2025\/03\/11\/flamengo-x-vasco-a-declaracao-de-pc-oliveira\/"},"wordCount":728,"commentCount":0,"image":{"@id":"https:\/\/www.gaveanews.com\/index.php\/2025\/03\/11\/flamengo-x-vasco-a-declaracao-de-pc-oliveira\/#primaryimage"},"thumbnailUrl":"https:\/\/www.gaveanews.com\/wp-content\/uploads\/Bruno-Henrique-Flamengo-x-Vasco-pela-semifinal-do-Carioca.webp","articleSection":["Flamengo","Vasco"],"inLanguage":"pt-BR","potentialAction":[{"@type":"CommentAction","name":"Comment","target":["https:\/\/www.gaveanews.com\/index.php\/2025\/03\/11\/flamengo-x-vasco-a-declaracao-de-pc-oliveira\/#respond"]}],"copyrightYear":"2025","copyrightHolder":{"@id":"https:\/\/www.gaveanews.com\/#organization"}},{"@type":"WebPage","@id":"https:\/\/www.gaveanews.com\/index.php\/2025\/03\/11\/flamengo-x-vasco-a-declaracao-de-pc-oliveira\/","url":"https:\/\/www.gaveanews.com\/index.php\/2025\/03\/11\/flamengo-x-vasco-a-declaracao-de-pc-oliveira\/","name":"Flamengo x Vasco: A declara\u00e7\u00e3o de PC Oliveira","isPartOf":{"@id":"https:\/\/www.gaveanews.com\/#website"},"primaryImageOfPage":{"@id":"https:\/\/www.gaveanews.com\/index.php\/2025\/03\/11\/flamengo-x-vasco-a-declaracao-de-pc-oliveira\/#primaryimage"},"image":{"@id":"https:\/\/www.gaveanews.com\/index.php\/2025\/03\/11\/flamengo-x-vasco-a-declaracao-de-pc-oliveira\/#primaryimage"},"thumbnailUrl":"https:\/\/www.gaveanews.com\/wp-content\/uploads\/Bruno-Henrique-Flamengo-x-Vasco-pela-semifinal-do-Carioca.webp","datePublished":"2025-03-11T18:40:00+00:00","author":{"@id":"https:\/\/www.gaveanews.com\/#\/schema\/person\/a9f62fe75380c6bada1b2fc49bc23d69"},"breadcrumb":{"@id":"https:\/\/www.gaveanews.com\/index.php\/2025\/03\/11\/flamengo-x-vasco-a-declaracao-de-pc-oliveira\/#breadcrumb"},"inLanguage":"pt-BR","potentialAction":[{"@type":"ReadAction","target":["https:\/\/www.gaveanews.com\/index.php\/2025\/03\/11\/flamengo-x-vasco-a-declaracao-de-pc-oliveira\/"]}]},{"@type":"ImageObject","inLanguage":"pt-BR","@id":"https:\/\/www.gaveanews.com\/index.php\/2025\/03\/11\/flamengo-x-vasco-a-declaracao-de-pc-oliveira\/#primaryimage","url":"https:\/\/www.gaveanews.com\/wp-content\/uploads\/Bruno-Henrique-Flamengo-x-Vasco-pela-semifinal-do-Carioca.webp","contentUrl":"https:\/\/www.gaveanews.com\/wp-content\/uploads\/Bruno-Henrique-Flamengo-x-Vasco-pela-semifinal-do-Carioca.webp","width":861,"height":559,"caption":"Bruno Henrique Flamengo x Vasco, pela semifinal do Carioca (Foto: Gilvan de Souza\/Flamengo)"},{"@type":"BreadcrumbList","@id":"https:\/\/www.gaveanews.com\/index.php\/2025\/03\/11\/flamengo-x-vasco-a-declaracao-de-pc-oliveira\/#breadcrumb","itemListElement":[{"@type":"ListItem","position":1,"name":"Home","item":"https:\/\/www.gaveanews.com\/"},{"@type":"ListItem","position":2,"name":"Flamengo x Vasco: A declara\u00e7\u00e3o de PC Oliveira"}]},{"@type":"WebSite","@id":"https:\/\/www.gaveanews.com\/#website","url":"https:\/\/www.gaveanews.com\/","name":"G\u00e1vea News","description":"Veja todas as not\u00edcias sobre o Flamengo: Contrata\u00e7\u00f5es, categorias de base, resultados das partidas, tabela de classifica\u00e7\u00e3o, pr\u00f3ximos jogos!","potentialAction":[{"@type":"SearchAction","target":{"@type":"EntryPoint","urlTemplate":"https:\/\/www.gaveanews.com\/?s={search_term_string}"},"query-input":{"@type":"PropertyValueSpecification","valueRequired":true,"valueName":"search_term_string"}}],"inLanguage":"pt-BR"},{"@type":"Person","@id":"https:\/\/www.gaveanews.com\/#\/schema\/person\/a9f62fe75380c6bada1b2fc49bc23d69","name":"Marco Menezes","image":{"@type":"ImageObject","inLanguage":"pt-BR","@id":"https:\/\/www.gaveanews.com\/#\/schema\/person\/image\/","url":"https:\/\/secure.gravatar.com\/avatar\/a1d148ae17fc8bfc5dbccffd07979e8bd2c9ba494221779de86ec2c7907b71ec?s=96&d=mm&r=g","contentUrl":"https:\/\/secure.gravatar.com\/avatar\/a1d148ae17fc8bfc5dbccffd07979e8bd2c9ba494221779de86ec2c7907b71ec?s=96&d=mm&r=g","caption":"Marco Menezes"}}]}},"_links":{"self":[{"href":"https:\/\/www.gaveanews.com\/index.php\/wp-json\/wp\/v2\/posts\/238441","targetHints":{"allow":["GET"]}}],"collection":[{"href":"https:\/\/www.gaveanews.com\/index.php\/wp-json\/wp\/v2\/posts"}],"about":[{"href":"https:\/\/www.gaveanews.com\/index.php\/wp-json\/wp\/v2\/types\/post"}],"author":[{"embeddable":true,"href":"https:\/\/www.gaveanews.com\/index.php\/wp-json\/wp\/v2\/users\/29"}],"replies":[{"embeddable":true,"href":"https:\/\/www.gaveanews.com\/index.php\/wp-json\/wp\/v2\/comments?post=238441"}],"version-history":[{"count":1,"href":"https:\/\/www.gaveanews.com\/index.php\/wp-json\/wp\/v2\/posts\/238441\/revisions"}],"predecessor-version":[{"id":238443,"href":"https:\/\/www.gaveanews.com\/index.php\/wp-json\/wp\/v2\/posts\/238441\/revisions\/238443"}],"wp:featuredmedia":[{"embeddable":true,"href":"https:\/\/www.gaveanews.com\/index.php\/wp-json\/wp\/v2\/media\/237694"}],"wp:attachment":[{"href":"https:\/\/www.gaveanews.com\/index.php\/wp-json\/wp\/v2\/media?parent=238441"}],"wp:term":[{"taxonomy":"category","embeddable":true,"href":"https:\/\/www.gaveanews.com\/index.php\/wp-json\/wp\/v2\/categories?post=238441"},{"taxonomy":"post_tag","embeddable":true,"href":"https:\/\/www.gaveanews.com\/index.php\/wp-json\/wp\/v2\/tags?post=238441"}],"curies":[{"name":"wp","href":"https:\/\/api.w.org\/{rel}","templated":true}]}}