{"id":238445,"date":"2025-03-11T16:10:00","date_gmt":"2025-03-11T19:10:00","guid":{"rendered":"https:\/\/www.gaveanews.com\/?p=238445"},"modified":"2025-03-11T14:31:28","modified_gmt":"2025-03-11T17:31:28","slug":"pedro-raul-do-ceara-deixa-gabigol-do-cruzeiro-e-estevao-do-palmeiras-para-tras","status":"publish","type":"post","link":"https:\/\/www.gaveanews.com\/index.php\/2025\/03\/11\/pedro-raul-do-ceara-deixa-gabigol-do-cruzeiro-e-estevao-do-palmeiras-para-tras\/","title":{"rendered":"Pedro Raul, do Cear\u00e1, deixa Gabigol, do Cruzeiro, e Est\u00eav\u00e3o, do Palmeiras para tr\u00e1s"},"content":{"rendered":"\n<p>Emprestado pelo Corinthians at\u00e9 dezembro de 2025, Pedro Raul come\u00e7ou sua trajet\u00f3ria no Cear\u00e1 de maneira impressionante. O atacante marcou gols em suas tr\u00eas primeiras partidas pelo clube, consolidando uma das melhores m\u00e9dias de gols do futebol brasileiro neste in\u00edcio de temporada.<\/p>\n\n\n\n<p>A estreia pelo Voz\u00e3o aconteceu na Arena Castel\u00e3o, onde Pedro Raul j\u00e1 mostrou seu valor ao balan\u00e7ar as redes e contribuir com uma assist\u00eancia. O atacante manteve o ritmo e, nos jogos seguintes, voltou a marcar contra o Maracan\u00e3, pelo Campeonato Cearense, e diante do Am\u00e9rica de Natal, pela Copa do Nordeste.<\/p>\n\n\n\n<blockquote class=\"instagram-media\" data-instgrm-permalink=\"https:\/\/www.instagram.com\/p\/DG_udidOqVm\/?utm_source=ig_embed&amp;utm_campaign=loading\" data-instgrm-version=\"14\" style=\" background:#FFF; border:0; border-radius:3px; box-shadow:0 0 1px 0 rgba(0,0,0,0.5),0 1px 10px 0 rgba(0,0,0,0.15); margin: 1px; max-width:540px; min-width:326px; padding:0; width:99.375%; width:-webkit-calc(100% - 2px); width:calc(100% - 2px);\"><div style=\"padding:16px;\"> <a href=\"https:\/\/www.instagram.com\/p\/DG_udidOqVm\/?utm_source=ig_embed&amp;utm_campaign=loading\" style=\" background:#FFFFFF; line-height:0; padding:0 0; text-align:center; text-decoration:none; width:100%;\" target=\"_blank\"> <div style=\" display: flex; flex-direction: row; align-items: center;\"> <div style=\"background-color: #F4F4F4; border-radius: 50%; flex-grow: 0; height: 40px; margin-right: 14px; width: 40px;\"><\/div> <div style=\"display: flex; flex-direction: column; flex-grow: 1; justify-content: center;\"> <div style=\" background-color: #F4F4F4; border-radius: 4px; flex-grow: 0; height: 14px; margin-bottom: 6px; width: 100px;\"><\/div> <div style=\" background-color: #F4F4F4; border-radius: 4px; flex-grow: 0; height: 14px; width: 60px;\"><\/div><\/div><\/div><div style=\"padding: 19% 0;\"><\/div> <div style=\"display:block; height:50px; margin:0 auto 12px; width:50px;\"><svg width=\"50px\" height=\"50px\" viewBox=\"0 0 60 60\" version=\"1.1\" xmlns=\"https:\/\/www.w3.org\/2000\/svg\" xmlns:xlink=\"https:\/\/www.w3.org\/1999\/xlink\"><g stroke=\"none\" stroke-width=\"1\" fill=\"none\" fill-rule=\"evenodd\"><g transform=\"translate(-511.000000, -20.000000)\" fill=\"#000000\"><g><path d=\"M556.869,30.41 C554.814,30.41 553.148,32.076 553.148,34.131 C553.148,36.186 554.814,37.852 556.869,37.852 C558.924,37.852 560.59,36.186 560.59,34.131 C560.59,32.076 558.924,30.41 556.869,30.41 M541,60.657 C535.114,60.657 530.342,55.887 530.342,50 C530.342,44.114 535.114,39.342 541,39.342 C546.887,39.342 551.658,44.114 551.658,50 C551.658,55.887 546.887,60.657 541,60.657 M541,33.886 C532.1,33.886 524.886,41.1 524.886,50 C524.886,58.899 532.1,66.113 541,66.113 C549.9,66.113 557.115,58.899 557.115,50 C557.115,41.1 549.9,33.886 541,33.886 M565.378,62.101 C565.244,65.022 564.756,66.606 564.346,67.663 C563.803,69.06 563.154,70.057 562.106,71.106 C561.058,72.155 560.06,72.803 558.662,73.347 C557.607,73.757 556.021,74.244 553.102,74.378 C549.944,74.521 548.997,74.552 541,74.552 C533.003,74.552 532.056,74.521 528.898,74.378 C525.979,74.244 524.393,73.757 523.338,73.347 C521.94,72.803 520.942,72.155 519.894,71.106 C518.846,70.057 518.197,69.06 517.654,67.663 C517.244,66.606 516.755,65.022 516.623,62.101 C516.479,58.943 516.448,57.996 516.448,50 C516.448,42.003 516.479,41.056 516.623,37.899 C516.755,34.978 517.244,33.391 517.654,32.338 C518.197,30.938 518.846,29.942 519.894,28.894 C520.942,27.846 521.94,27.196 523.338,26.654 C524.393,26.244 525.979,25.756 528.898,25.623 C532.057,25.479 533.004,25.448 541,25.448 C548.997,25.448 549.943,25.479 553.102,25.623 C556.021,25.756 557.607,26.244 558.662,26.654 C560.06,27.196 561.058,27.846 562.106,28.894 C563.154,29.942 563.803,30.938 564.346,32.338 C564.756,33.391 565.244,34.978 565.378,37.899 C565.522,41.056 565.552,42.003 565.552,50 C565.552,57.996 565.522,58.943 565.378,62.101 M570.82,37.631 C570.674,34.438 570.167,32.258 569.425,30.349 C568.659,28.377 567.633,26.702 565.965,25.035 C564.297,23.368 562.623,22.342 560.652,21.575 C558.743,20.834 556.562,20.326 553.369,20.18 C550.169,20.033 549.148,20 541,20 C532.853,20 531.831,20.033 528.631,20.18 C525.438,20.326 523.257,20.834 521.349,21.575 C519.376,22.342 517.703,23.368 516.035,25.035 C514.368,26.702 513.342,28.377 512.574,30.349 C511.834,32.258 511.326,34.438 511.181,37.631 C511.035,40.831 511,41.851 511,50 C511,58.147 511.035,59.17 511.181,62.369 C511.326,65.562 511.834,67.743 512.574,69.651 C513.342,71.625 514.368,73.296 516.035,74.965 C517.703,76.634 519.376,77.658 521.349,78.425 C523.257,79.167 525.438,79.673 528.631,79.82 C531.831,79.965 532.853,80.001 541,80.001 C549.148,80.001 550.169,79.965 553.369,79.82 C556.562,79.673 558.743,79.167 560.652,78.425 C562.623,77.658 564.297,76.634 565.965,74.965 C567.633,73.296 568.659,71.625 569.425,69.651 C570.167,67.743 570.674,65.562 570.82,62.369 C570.966,59.17 571,58.147 571,50 C571,41.851 570.966,40.831 570.82,37.631\"><\/path><\/g><\/g><\/g><\/svg><\/div><div style=\"padding-top: 8px;\"> <div style=\" color:#3897f0; font-family:Arial,sans-serif; font-size:14px; font-style:normal; font-weight:550; line-height:18px;\">Ver essa foto no Instagram<\/div><\/div><div style=\"padding: 12.5% 0;\"><\/div> <div style=\"display: flex; flex-direction: row; margin-bottom: 14px; align-items: center;\"><div> <div style=\"background-color: #F4F4F4; border-radius: 50%; height: 12.5px; width: 12.5px; transform: translateX(0px) translateY(7px);\"><\/div> <div style=\"background-color: #F4F4F4; height: 12.5px; transform: rotate(-45deg) translateX(3px) translateY(1px); width: 12.5px; flex-grow: 0; margin-right: 14px; margin-left: 2px;\"><\/div> <div style=\"background-color: #F4F4F4; border-radius: 50%; height: 12.5px; width: 12.5px; transform: translateX(9px) translateY(-18px);\"><\/div><\/div><div style=\"margin-left: 8px;\"> <div style=\" background-color: #F4F4F4; border-radius: 50%; flex-grow: 0; height: 20px; width: 20px;\"><\/div> <div style=\" width: 0; height: 0; border-top: 2px solid transparent; border-left: 6px solid #f4f4f4; border-bottom: 2px solid transparent; transform: translateX(16px) translateY(-4px) rotate(30deg)\"><\/div><\/div><div style=\"margin-left: auto;\"> <div style=\" width: 0px; border-top: 8px solid #F4F4F4; border-right: 8px solid transparent; transform: translateY(16px);\"><\/div> <div style=\" background-color: #F4F4F4; flex-grow: 0; height: 12px; width: 16px; transform: translateY(-4px);\"><\/div> <div style=\" width: 0; height: 0; border-top: 8px solid #F4F4F4; border-left: 8px solid transparent; transform: translateY(-4px) translateX(8px);\"><\/div><\/div><\/div> <div style=\"display: flex; flex-direction: column; flex-grow: 1; justify-content: center; margin-bottom: 24px;\"> <div style=\" background-color: #F4F4F4; border-radius: 4px; flex-grow: 0; height: 14px; margin-bottom: 6px; width: 224px;\"><\/div> <div style=\" background-color: #F4F4F4; border-radius: 4px; flex-grow: 0; height: 14px; width: 144px;\"><\/div><\/div><\/a><p style=\" color:#c9c8cd; font-family:Arial,sans-serif; font-size:14px; line-height:17px; margin-bottom:0; margin-top:8px; overflow:hidden; padding:8px 0 7px; text-align:center; text-overflow:ellipsis; white-space:nowrap;\"><a href=\"https:\/\/www.instagram.com\/p\/DG_udidOqVm\/?utm_source=ig_embed&amp;utm_campaign=loading\" style=\" color:#c9c8cd; font-family:Arial,sans-serif; font-size:14px; font-style:normal; font-weight:normal; line-height:17px; text-decoration:none;\" target=\"_blank\">Uma publica\u00e7\u00e3o compartilhada por Pedro Raul (@pedroraulgaray)<\/a><\/p><\/div><\/blockquote>\n<script async src=\"\/\/www.instagram.com\/embed.js\"><\/script>\n\n\n\n<p>Com essa sequ\u00eancia positiva, Pedro Raul alcan\u00e7ou a m\u00e9dia de um gol por jogo, igualando-se a Hulk, do Atl\u00e9tico-MG, e superando nomes de destaque como Gabigol, atualmente no Cruzeiro, e Est\u00eav\u00e3o, do Palmeiras. O desempenho refor\u00e7a a import\u00e2ncia do atacante para o time cearense nesta temporada.<\/p>\n\n\n\n<p>A transfer\u00eancia por empr\u00e9stimo ocorreu ap\u00f3s Pedro Raul perder espa\u00e7o no elenco corintiano. Com a chegada de refor\u00e7os para o setor ofensivo, o jogador n\u00e3o vinha sendo relacionado para algumas partidas do Paulist\u00e3o, abrindo caminho para sua negocia\u00e7\u00e3o com o Cear\u00e1.<\/p>\n\n\n\n<p>No clube nordestino, o atacante tem se destacado n\u00e3o apenas pelos gols, mas tamb\u00e9m pela presen\u00e7a de \u00e1rea e capacidade de decidir jogos. Sua adapta\u00e7\u00e3o r\u00e1pida \u00e0 equipe comandada por Vagner Mancini d\u00e1 esperan\u00e7as de que ele possa manter o bom desempenho ao longo da temporada.<\/p>\n\n\n\n<p>Com um contrato de empr\u00e9stimo v\u00e1lido at\u00e9 o fim de 2025, Pedro Raul tem a oportunidade de se firmar como pe\u00e7a-chave no ataque do Cear\u00e1 e ajudar o clube a conquistar objetivos importantes nas competi\u00e7\u00f5es que disputa.<\/p>\n\n\n\n<p>Al\u00e9m disso, a boa fase do atacante tem chamado a aten\u00e7\u00e3o da torcida e da diretoria, que veem em Pedro Raul um jogador capaz de fazer a diferen\u00e7a nos momentos decisivos da temporada. Sua presen\u00e7a no elenco pode ser determinante para o sucesso do Cear\u00e1 nas competi\u00e7\u00f5es regionais e nacionais.<\/p>\n","protected":false},"excerpt":{"rendered":"<p>Emprestado pelo Corinthians at\u00e9 dezembro de 2025, Pedro Raul come\u00e7ou sua trajet\u00f3ria no Cear\u00e1 de maneira impressionante. O atacante marcou gols em suas tr\u00eas primeiras partidas pelo clube, consolidando uma das melhores m\u00e9dias de gols do futebol brasileiro neste in\u00edcio de temporada. A estreia pelo Voz\u00e3o aconteceu na Arena Castel\u00e3o, onde Pedro Raul j\u00e1 mostrou [&hellip;]<\/p>\n","protected":false},"author":27,"featured_media":206773,"comment_status":"open","ping_status":"closed","sticky":false,"template":"","format":"standard","meta":{"footnotes":""},"categories":[158,143,150],"tags":[],"class_list":["post-238445","post","type-post","status-publish","format-standard","has-post-thumbnail","hentry","category-ceara","category-cruzeiro","category-palmeiras"],"yoast_head":"<!-- This site is optimized with the Yoast SEO Premium plugin v24.2 (Yoast SEO v26.9) - https:\/\/yoast.com\/product\/yoast-seo-premium-wordpress\/ -->\n<title>Pedro Raul, do Cear\u00e1, deixa Gabigol, do Cruzeiro, e Est\u00eav\u00e3o, do Palmeiras para tr\u00e1s<\/title>\n<meta name=\"robots\" content=\"index, follow, max-snippet:-1, max-image-preview:large, max-video-preview:-1\" \/>\n<link rel=\"canonical\" href=\"https:\/\/www.gaveanews.com\/index.php\/2025\/03\/11\/pedro-raul-do-ceara-deixa-gabigol-do-cruzeiro-e-estevao-do-palmeiras-para-tras\/\" \/>\n<meta property=\"og:locale\" content=\"pt_BR\" \/>\n<meta property=\"og:type\" content=\"article\" \/>\n<meta property=\"og:title\" content=\"Pedro Raul, do Cear\u00e1, deixa Gabigol, do Cruzeiro, e Est\u00eav\u00e3o, do Palmeiras para tr\u00e1s\" \/>\n<meta property=\"og:description\" content=\"Emprestado pelo Corinthians at\u00e9 dezembro de 2025, Pedro Raul come\u00e7ou sua trajet\u00f3ria no Cear\u00e1 de maneira impressionante. O atacante marcou gols em suas tr\u00eas primeiras partidas pelo clube, consolidando uma das melhores m\u00e9dias de gols do futebol brasileiro neste in\u00edcio de temporada. A estreia pelo Voz\u00e3o aconteceu na Arena Castel\u00e3o, onde Pedro Raul j\u00e1 mostrou [&hellip;]\" \/>\n<meta property=\"og:url\" content=\"https:\/\/www.gaveanews.com\/index.php\/2025\/03\/11\/pedro-raul-do-ceara-deixa-gabigol-do-cruzeiro-e-estevao-do-palmeiras-para-tras\/\" \/>\n<meta property=\"og:site_name\" content=\"G\u00e1vea News\" \/>\n<meta property=\"article:publisher\" content=\"https:\/\/facebook.com\/gaveaNews\/\" \/>\n<meta property=\"article:published_time\" content=\"2025-03-11T19:10:00+00:00\" \/>\n<meta property=\"og:image\" content=\"https:\/\/www.gaveanews.com\/wp-content\/uploads\/Gabigol-com-a-camisa-do-Cruzeiro.webp\" \/>\n\t<meta property=\"og:image:width\" content=\"1350\" \/>\n\t<meta property=\"og:image:height\" content=\"1013\" \/>\n\t<meta property=\"og:image:type\" content=\"image\/webp\" \/>\n<meta name=\"author\" content=\"Matheus Felipe\" \/>\n<meta name=\"twitter:card\" content=\"summary_large_image\" \/>\n<meta name=\"twitter:label1\" content=\"Escrito por\" \/>\n\t<meta name=\"twitter:data1\" content=\"Matheus Felipe\" \/>\n\t<meta name=\"twitter:label2\" content=\"Est. tempo de leitura\" \/>\n\t<meta name=\"twitter:data2\" content=\"2 minutos\" \/>\n<script type=\"application\/ld+json\" class=\"yoast-schema-graph\">{\"@context\":\"https:\/\/schema.org\",\"@graph\":[{\"@type\":\"NewsArticle\",\"@id\":\"https:\/\/www.gaveanews.com\/index.php\/2025\/03\/11\/pedro-raul-do-ceara-deixa-gabigol-do-cruzeiro-e-estevao-do-palmeiras-para-tras\/#article\",\"isPartOf\":{\"@id\":\"https:\/\/www.gaveanews.com\/index.php\/2025\/03\/11\/pedro-raul-do-ceara-deixa-gabigol-do-cruzeiro-e-estevao-do-palmeiras-para-tras\/\"},\"author\":{\"name\":\"Matheus Felipe\",\"@id\":\"https:\/\/www.gaveanews.com\/#\/schema\/person\/8207cd4627f56151707418bfc835b2fb\"},\"headline\":\"Pedro Raul, do Cear\u00e1, deixa Gabigol, do Cruzeiro, e Est\u00eav\u00e3o, do Palmeiras para tr\u00e1s\",\"datePublished\":\"2025-03-11T19:10:00+00:00\",\"mainEntityOfPage\":{\"@id\":\"https:\/\/www.gaveanews.com\/index.php\/2025\/03\/11\/pedro-raul-do-ceara-deixa-gabigol-do-cruzeiro-e-estevao-do-palmeiras-para-tras\/\"},\"wordCount\":382,\"commentCount\":0,\"image\":{\"@id\":\"https:\/\/www.gaveanews.com\/index.php\/2025\/03\/11\/pedro-raul-do-ceara-deixa-gabigol-do-cruzeiro-e-estevao-do-palmeiras-para-tras\/#primaryimage\"},\"thumbnailUrl\":\"https:\/\/www.gaveanews.com\/wp-content\/uploads\/Gabigol-com-a-camisa-do-Cruzeiro.webp\",\"articleSection\":[\"Cear\u00e1\",\"Cruzeiro\",\"Palmeiras\"],\"inLanguage\":\"pt-BR\",\"potentialAction\":[{\"@type\":\"CommentAction\",\"name\":\"Comment\",\"target\":[\"https:\/\/www.gaveanews.com\/index.php\/2025\/03\/11\/pedro-raul-do-ceara-deixa-gabigol-do-cruzeiro-e-estevao-do-palmeiras-para-tras\/#respond\"]}],\"copyrightYear\":\"2025\",\"copyrightHolder\":{\"@id\":\"https:\/\/www.gaveanews.com\/#organization\"}},{\"@type\":\"WebPage\",\"@id\":\"https:\/\/www.gaveanews.com\/index.php\/2025\/03\/11\/pedro-raul-do-ceara-deixa-gabigol-do-cruzeiro-e-estevao-do-palmeiras-para-tras\/\",\"url\":\"https:\/\/www.gaveanews.com\/index.php\/2025\/03\/11\/pedro-raul-do-ceara-deixa-gabigol-do-cruzeiro-e-estevao-do-palmeiras-para-tras\/\",\"name\":\"Pedro Raul, do Cear\u00e1, deixa Gabigol, do Cruzeiro, e Est\u00eav\u00e3o, do Palmeiras para tr\u00e1s\",\"isPartOf\":{\"@id\":\"https:\/\/www.gaveanews.com\/#website\"},\"primaryImageOfPage\":{\"@id\":\"https:\/\/www.gaveanews.com\/index.php\/2025\/03\/11\/pedro-raul-do-ceara-deixa-gabigol-do-cruzeiro-e-estevao-do-palmeiras-para-tras\/#primaryimage\"},\"image\":{\"@id\":\"https:\/\/www.gaveanews.com\/index.php\/2025\/03\/11\/pedro-raul-do-ceara-deixa-gabigol-do-cruzeiro-e-estevao-do-palmeiras-para-tras\/#primaryimage\"},\"thumbnailUrl\":\"https:\/\/www.gaveanews.com\/wp-content\/uploads\/Gabigol-com-a-camisa-do-Cruzeiro.webp\",\"datePublished\":\"2025-03-11T19:10:00+00:00\",\"author\":{\"@id\":\"https:\/\/www.gaveanews.com\/#\/schema\/person\/8207cd4627f56151707418bfc835b2fb\"},\"breadcrumb\":{\"@id\":\"https:\/\/www.gaveanews.com\/index.php\/2025\/03\/11\/pedro-raul-do-ceara-deixa-gabigol-do-cruzeiro-e-estevao-do-palmeiras-para-tras\/#breadcrumb\"},\"inLanguage\":\"pt-BR\",\"potentialAction\":[{\"@type\":\"ReadAction\",\"target\":[\"https:\/\/www.gaveanews.com\/index.php\/2025\/03\/11\/pedro-raul-do-ceara-deixa-gabigol-do-cruzeiro-e-estevao-do-palmeiras-para-tras\/\"]}]},{\"@type\":\"ImageObject\",\"inLanguage\":\"pt-BR\",\"@id\":\"https:\/\/www.gaveanews.com\/index.php\/2025\/03\/11\/pedro-raul-do-ceara-deixa-gabigol-do-cruzeiro-e-estevao-do-palmeiras-para-tras\/#primaryimage\",\"url\":\"https:\/\/www.gaveanews.com\/wp-content\/uploads\/Gabigol-com-a-camisa-do-Cruzeiro.webp\",\"contentUrl\":\"https:\/\/www.gaveanews.com\/wp-content\/uploads\/Gabigol-com-a-camisa-do-Cruzeiro.webp\",\"width\":1350,\"height\":1013,\"caption\":\"Gabigol com a camisa do Cruzeiro (Foto: Reprodu\u00e7\u00e3o\/Instagram)\"},{\"@type\":\"BreadcrumbList\",\"@id\":\"https:\/\/www.gaveanews.com\/index.php\/2025\/03\/11\/pedro-raul-do-ceara-deixa-gabigol-do-cruzeiro-e-estevao-do-palmeiras-para-tras\/#breadcrumb\",\"itemListElement\":[{\"@type\":\"ListItem\",\"position\":1,\"name\":\"Home\",\"item\":\"https:\/\/www.gaveanews.com\/\"},{\"@type\":\"ListItem\",\"position\":2,\"name\":\"Pedro Raul, do Cear\u00e1, deixa Gabigol, do Cruzeiro, e Est\u00eav\u00e3o, do Palmeiras para tr\u00e1s\"}]},{\"@type\":\"WebSite\",\"@id\":\"https:\/\/www.gaveanews.com\/#website\",\"url\":\"https:\/\/www.gaveanews.com\/\",\"name\":\"G\u00e1vea News\",\"description\":\"Veja todas as not\u00edcias sobre o Flamengo: Contrata\u00e7\u00f5es, categorias de base, resultados das partidas, tabela de classifica\u00e7\u00e3o, pr\u00f3ximos jogos!\",\"potentialAction\":[{\"@type\":\"SearchAction\",\"target\":{\"@type\":\"EntryPoint\",\"urlTemplate\":\"https:\/\/www.gaveanews.com\/?s={search_term_string}\"},\"query-input\":{\"@type\":\"PropertyValueSpecification\",\"valueRequired\":true,\"valueName\":\"search_term_string\"}}],\"inLanguage\":\"pt-BR\"},{\"@type\":\"Person\",\"@id\":\"https:\/\/www.gaveanews.com\/#\/schema\/person\/8207cd4627f56151707418bfc835b2fb\",\"name\":\"Matheus Felipe\",\"image\":{\"@type\":\"ImageObject\",\"inLanguage\":\"pt-BR\",\"@id\":\"https:\/\/www.gaveanews.com\/#\/schema\/person\/image\/\",\"url\":\"https:\/\/secure.gravatar.com\/avatar\/a452ffbed9130f726358b298bb3a99ce4bd3c5338411f8440e87e14d74c7c087?s=96&d=mm&r=g\",\"contentUrl\":\"https:\/\/secure.gravatar.com\/avatar\/a452ffbed9130f726358b298bb3a99ce4bd3c5338411f8440e87e14d74c7c087?s=96&d=mm&r=g\",\"caption\":\"Matheus Felipe\"}}]}<\/script>\n<!-- \/ Yoast SEO Premium plugin. -->","yoast_head_json":{"title":"Pedro Raul, do Cear\u00e1, deixa Gabigol, do Cruzeiro, e Est\u00eav\u00e3o, do Palmeiras para tr\u00e1s","robots":{"index":"index","follow":"follow","max-snippet":"max-snippet:-1","max-image-preview":"max-image-preview:large","max-video-preview":"max-video-preview:-1"},"canonical":"https:\/\/www.gaveanews.com\/index.php\/2025\/03\/11\/pedro-raul-do-ceara-deixa-gabigol-do-cruzeiro-e-estevao-do-palmeiras-para-tras\/","og_locale":"pt_BR","og_type":"article","og_title":"Pedro Raul, do Cear\u00e1, deixa Gabigol, do Cruzeiro, e Est\u00eav\u00e3o, do Palmeiras para tr\u00e1s","og_description":"Emprestado pelo Corinthians at\u00e9 dezembro de 2025, Pedro Raul come\u00e7ou sua trajet\u00f3ria no Cear\u00e1 de maneira impressionante. O atacante marcou gols em suas tr\u00eas primeiras partidas pelo clube, consolidando uma das melhores m\u00e9dias de gols do futebol brasileiro neste in\u00edcio de temporada. A estreia pelo Voz\u00e3o aconteceu na Arena Castel\u00e3o, onde Pedro Raul j\u00e1 mostrou [&hellip;]","og_url":"https:\/\/www.gaveanews.com\/index.php\/2025\/03\/11\/pedro-raul-do-ceara-deixa-gabigol-do-cruzeiro-e-estevao-do-palmeiras-para-tras\/","og_site_name":"G\u00e1vea News","article_publisher":"https:\/\/facebook.com\/gaveaNews\/","article_published_time":"2025-03-11T19:10:00+00:00","og_image":[{"width":1350,"height":1013,"url":"https:\/\/www.gaveanews.com\/wp-content\/uploads\/Gabigol-com-a-camisa-do-Cruzeiro.webp","type":"image\/webp"}],"author":"Matheus Felipe","twitter_card":"summary_large_image","twitter_misc":{"Escrito por":"Matheus Felipe","Est. tempo de leitura":"2 minutos"},"schema":{"@context":"https:\/\/schema.org","@graph":[{"@type":"NewsArticle","@id":"https:\/\/www.gaveanews.com\/index.php\/2025\/03\/11\/pedro-raul-do-ceara-deixa-gabigol-do-cruzeiro-e-estevao-do-palmeiras-para-tras\/#article","isPartOf":{"@id":"https:\/\/www.gaveanews.com\/index.php\/2025\/03\/11\/pedro-raul-do-ceara-deixa-gabigol-do-cruzeiro-e-estevao-do-palmeiras-para-tras\/"},"author":{"name":"Matheus Felipe","@id":"https:\/\/www.gaveanews.com\/#\/schema\/person\/8207cd4627f56151707418bfc835b2fb"},"headline":"Pedro Raul, do Cear\u00e1, deixa Gabigol, do Cruzeiro, e Est\u00eav\u00e3o, do Palmeiras para tr\u00e1s","datePublished":"2025-03-11T19:10:00+00:00","mainEntityOfPage":{"@id":"https:\/\/www.gaveanews.com\/index.php\/2025\/03\/11\/pedro-raul-do-ceara-deixa-gabigol-do-cruzeiro-e-estevao-do-palmeiras-para-tras\/"},"wordCount":382,"commentCount":0,"image":{"@id":"https:\/\/www.gaveanews.com\/index.php\/2025\/03\/11\/pedro-raul-do-ceara-deixa-gabigol-do-cruzeiro-e-estevao-do-palmeiras-para-tras\/#primaryimage"},"thumbnailUrl":"https:\/\/www.gaveanews.com\/wp-content\/uploads\/Gabigol-com-a-camisa-do-Cruzeiro.webp","articleSection":["Cear\u00e1","Cruzeiro","Palmeiras"],"inLanguage":"pt-BR","potentialAction":[{"@type":"CommentAction","name":"Comment","target":["https:\/\/www.gaveanews.com\/index.php\/2025\/03\/11\/pedro-raul-do-ceara-deixa-gabigol-do-cruzeiro-e-estevao-do-palmeiras-para-tras\/#respond"]}],"copyrightYear":"2025","copyrightHolder":{"@id":"https:\/\/www.gaveanews.com\/#organization"}},{"@type":"WebPage","@id":"https:\/\/www.gaveanews.com\/index.php\/2025\/03\/11\/pedro-raul-do-ceara-deixa-gabigol-do-cruzeiro-e-estevao-do-palmeiras-para-tras\/","url":"https:\/\/www.gaveanews.com\/index.php\/2025\/03\/11\/pedro-raul-do-ceara-deixa-gabigol-do-cruzeiro-e-estevao-do-palmeiras-para-tras\/","name":"Pedro Raul, do Cear\u00e1, deixa Gabigol, do Cruzeiro, e Est\u00eav\u00e3o, do Palmeiras para tr\u00e1s","isPartOf":{"@id":"https:\/\/www.gaveanews.com\/#website"},"primaryImageOfPage":{"@id":"https:\/\/www.gaveanews.com\/index.php\/2025\/03\/11\/pedro-raul-do-ceara-deixa-gabigol-do-cruzeiro-e-estevao-do-palmeiras-para-tras\/#primaryimage"},"image":{"@id":"https:\/\/www.gaveanews.com\/index.php\/2025\/03\/11\/pedro-raul-do-ceara-deixa-gabigol-do-cruzeiro-e-estevao-do-palmeiras-para-tras\/#primaryimage"},"thumbnailUrl":"https:\/\/www.gaveanews.com\/wp-content\/uploads\/Gabigol-com-a-camisa-do-Cruzeiro.webp","datePublished":"2025-03-11T19:10:00+00:00","author":{"@id":"https:\/\/www.gaveanews.com\/#\/schema\/person\/8207cd4627f56151707418bfc835b2fb"},"breadcrumb":{"@id":"https:\/\/www.gaveanews.com\/index.php\/2025\/03\/11\/pedro-raul-do-ceara-deixa-gabigol-do-cruzeiro-e-estevao-do-palmeiras-para-tras\/#breadcrumb"},"inLanguage":"pt-BR","potentialAction":[{"@type":"ReadAction","target":["https:\/\/www.gaveanews.com\/index.php\/2025\/03\/11\/pedro-raul-do-ceara-deixa-gabigol-do-cruzeiro-e-estevao-do-palmeiras-para-tras\/"]}]},{"@type":"ImageObject","inLanguage":"pt-BR","@id":"https:\/\/www.gaveanews.com\/index.php\/2025\/03\/11\/pedro-raul-do-ceara-deixa-gabigol-do-cruzeiro-e-estevao-do-palmeiras-para-tras\/#primaryimage","url":"https:\/\/www.gaveanews.com\/wp-content\/uploads\/Gabigol-com-a-camisa-do-Cruzeiro.webp","contentUrl":"https:\/\/www.gaveanews.com\/wp-content\/uploads\/Gabigol-com-a-camisa-do-Cruzeiro.webp","width":1350,"height":1013,"caption":"Gabigol com a camisa do Cruzeiro (Foto: Reprodu\u00e7\u00e3o\/Instagram)"},{"@type":"BreadcrumbList","@id":"https:\/\/www.gaveanews.com\/index.php\/2025\/03\/11\/pedro-raul-do-ceara-deixa-gabigol-do-cruzeiro-e-estevao-do-palmeiras-para-tras\/#breadcrumb","itemListElement":[{"@type":"ListItem","position":1,"name":"Home","item":"https:\/\/www.gaveanews.com\/"},{"@type":"ListItem","position":2,"name":"Pedro Raul, do Cear\u00e1, deixa Gabigol, do Cruzeiro, e Est\u00eav\u00e3o, do Palmeiras para tr\u00e1s"}]},{"@type":"WebSite","@id":"https:\/\/www.gaveanews.com\/#website","url":"https:\/\/www.gaveanews.com\/","name":"G\u00e1vea News","description":"Veja todas as not\u00edcias sobre o Flamengo: Contrata\u00e7\u00f5es, categorias de base, resultados das partidas, tabela de classifica\u00e7\u00e3o, pr\u00f3ximos jogos!","potentialAction":[{"@type":"SearchAction","target":{"@type":"EntryPoint","urlTemplate":"https:\/\/www.gaveanews.com\/?s={search_term_string}"},"query-input":{"@type":"PropertyValueSpecification","valueRequired":true,"valueName":"search_term_string"}}],"inLanguage":"pt-BR"},{"@type":"Person","@id":"https:\/\/www.gaveanews.com\/#\/schema\/person\/8207cd4627f56151707418bfc835b2fb","name":"Matheus Felipe","image":{"@type":"ImageObject","inLanguage":"pt-BR","@id":"https:\/\/www.gaveanews.com\/#\/schema\/person\/image\/","url":"https:\/\/secure.gravatar.com\/avatar\/a452ffbed9130f726358b298bb3a99ce4bd3c5338411f8440e87e14d74c7c087?s=96&d=mm&r=g","contentUrl":"https:\/\/secure.gravatar.com\/avatar\/a452ffbed9130f726358b298bb3a99ce4bd3c5338411f8440e87e14d74c7c087?s=96&d=mm&r=g","caption":"Matheus Felipe"}}]}},"_links":{"self":[{"href":"https:\/\/www.gaveanews.com\/index.php\/wp-json\/wp\/v2\/posts\/238445","targetHints":{"allow":["GET"]}}],"collection":[{"href":"https:\/\/www.gaveanews.com\/index.php\/wp-json\/wp\/v2\/posts"}],"about":[{"href":"https:\/\/www.gaveanews.com\/index.php\/wp-json\/wp\/v2\/types\/post"}],"author":[{"embeddable":true,"href":"https:\/\/www.gaveanews.com\/index.php\/wp-json\/wp\/v2\/users\/27"}],"replies":[{"embeddable":true,"href":"https:\/\/www.gaveanews.com\/index.php\/wp-json\/wp\/v2\/comments?post=238445"}],"version-history":[{"count":1,"href":"https:\/\/www.gaveanews.com\/index.php\/wp-json\/wp\/v2\/posts\/238445\/revisions"}],"predecessor-version":[{"id":238463,"href":"https:\/\/www.gaveanews.com\/index.php\/wp-json\/wp\/v2\/posts\/238445\/revisions\/238463"}],"wp:featuredmedia":[{"embeddable":true,"href":"https:\/\/www.gaveanews.com\/index.php\/wp-json\/wp\/v2\/media\/206773"}],"wp:attachment":[{"href":"https:\/\/www.gaveanews.com\/index.php\/wp-json\/wp\/v2\/media?parent=238445"}],"wp:term":[{"taxonomy":"category","embeddable":true,"href":"https:\/\/www.gaveanews.com\/index.php\/wp-json\/wp\/v2\/categories?post=238445"},{"taxonomy":"post_tag","embeddable":true,"href":"https:\/\/www.gaveanews.com\/index.php\/wp-json\/wp\/v2\/tags?post=238445"}],"curies":[{"name":"wp","href":"https:\/\/api.w.org\/{rel}","templated":true}]}}