{"id":238457,"date":"2025-03-11T16:20:00","date_gmt":"2025-03-11T19:20:00","guid":{"rendered":"https:\/\/www.gaveanews.com\/?p=238457"},"modified":"2025-03-11T14:33:06","modified_gmt":"2025-03-11T17:33:06","slug":"corinthians-a-declaracao-de-flavio-prado-direcionada-a-memphis-depay-2","status":"publish","type":"post","link":"https:\/\/www.gaveanews.com\/index.php\/2025\/03\/11\/corinthians-a-declaracao-de-flavio-prado-direcionada-a-memphis-depay-2\/","title":{"rendered":"Corinthians: a declara\u00e7\u00e3o de Fl\u00e1vio Prado direcionada a Memphis Depay"},"content":{"rendered":"\n<p>O Corinthians vive um momento decisivo na temporada. Al\u00e9m de disputar a final do Campeonato Paulista, a equipe encara um desafio crucial na Libertadores. Nesta quarta-feira (12), o time recebe o Barcelona de Guayaquil, na Neo Qu\u00edmica Arena, pelo jogo de volta da fase 3 do torneio continental. Depois de perder por 3 a 0 no Equador, o Tim\u00e3o precisa reverter o placar para seguir na competi\u00e7\u00e3o.<\/p>\n\n\n\n<p>Diante desse cen\u00e1rio, o desempenho de Memphis Depay se tornou um dos principais temas de debate entre torcedores e comentaristas esportivos. O atacante holand\u00eas, contratado na metade da \u00faltima temporada, tem recebido cr\u00edticas recentes, mas conta com o respaldo do jornalista Fl\u00e1vio Prado, da r\u00e1dio Jovem Pan. Para ele, o jogador \u00e9 um dos pilares do Corinthians.<\/p>\n\n\n\n<h2 class=\"wp-block-heading\" id=\"h-flavio-prado-defende-memphis-depay\">Fl\u00e1vio Prado defende Memphis Depay<\/h2>\n\n\n\n<p>Apesar das avalia\u00e7\u00f5es negativas de parte da torcida, Fl\u00e1vio Prado enxerga Depay como uma pe\u00e7a fundamental para o Corinthians. Segundo o comentarista, o camisa 10 foi essencial para evitar o rebaixamento no Brasileir\u00e3o e garantir a equipe na pr\u00e9-Libertadores.<\/p>\n\n\n\n<p>\u201cDesde que chegou ele cria um novo Corinthians. O time estava caminhando para a segunda divis\u00e3o e ele chega e cria uma influ\u00eancia geral no time. Fez um belo Campeonato Brasileiro, ajudou a levar o time para a pr\u00e9-Libertadores e \u00e9 o principal jogador do grupo\u201d, afirmou.<\/p>\n\n\n\n<p>O jornalista reconhece que Depay n\u00e3o est\u00e1 em seu melhor momento, mas refor\u00e7a que sua import\u00e2ncia no elenco \u00e9 inquestion\u00e1vel.<\/p>\n\n\n\n<p>\u201cEle \u00e9 um bom jogador, n\u00e3o \u00e9 nenhum g\u00eanio, mas n\u00e3o d\u00e1 para contestar o Depay no Corinthians&#8221;, disse.<\/p>\n\n\n\n<h2 class=\"wp-block-heading\" id=\"h-criticas-a-contratacao\">Cr\u00edticas \u00e0 contrata\u00e7\u00e3o<\/h2>\n\n\n\n<p>Apesar dos elogios ao desempenho do holand\u00eas, Fl\u00e1vio Prado questiona a forma como a diretoria viabilizou sua contrata\u00e7\u00e3o. O Corinthians, que acumula d\u00edvidas superiores a R$ 2,4 bilh\u00f5es, firmou um acordo que inclui o pagamento de aproximadamente R$ 3 milh\u00f5es mensais ao atleta. Para o comentarista, a chegada do jogador n\u00e3o deveria ter ocorrido diante da grave situa\u00e7\u00e3o financeira do clube.<\/p>\n\n\n\n<p>\u201cEle n\u00e3o poderia ter vindo, porque o Corinthians n\u00e3o tinha dinheiro para pagar, fez uma d\u00edvida que n\u00e3o tinha capacidade de pagar, mas o Depay est\u00e1 devolvendo muito bem no meu modo de entender\u201d, analisou Fl\u00e1vio Prado.<\/p>\n\n\n\n<h2 class=\"wp-block-heading\" id=\"h-jogo-decisivo-na-libertadores\">Jogo decisivo na Libertadores<\/h2>\n\n\n\n<p>Enquanto os debates sobre Depay continuam, o Corinthians precisa de um desempenho quase perfeito para seguir na Libertadores. Para avan\u00e7ar, o time ter\u00e1 que vencer por quatro gols de diferen\u00e7a. Se vencer por tr\u00eas, a decis\u00e3o ser\u00e1 nos p\u00eanaltis. Caso contr\u00e1rio, o Barcelona-EQU ficar\u00e1 com a vaga na fase de grupos.<\/p>\n\n\n\n<p>A partida est\u00e1 marcada para as 21h30 (hor\u00e1rio de Bras\u00edlia).<\/p>\n","protected":false},"excerpt":{"rendered":"<p>O Corinthians vive um momento decisivo na temporada. Al\u00e9m de disputar a final do Campeonato Paulista, a equipe encara um desafio crucial na Libertadores. Nesta quarta-feira (12), o time recebe o Barcelona de Guayaquil, na Neo Qu\u00edmica Arena, pelo jogo de volta da fase 3 do torneio continental. Depois de perder por 3 a 0 [&hellip;]<\/p>\n","protected":false},"author":15,"featured_media":199280,"comment_status":"open","ping_status":"closed","sticky":false,"template":"","format":"standard","meta":{"footnotes":""},"categories":[141],"tags":[],"class_list":["post-238457","post","type-post","status-publish","format-standard","has-post-thumbnail","hentry","category-corinthians"],"yoast_head":"<!-- This site is optimized with the Yoast SEO Premium plugin v24.2 (Yoast SEO v26.9) - https:\/\/yoast.com\/product\/yoast-seo-premium-wordpress\/ -->\n<title>Corinthians: a declara\u00e7\u00e3o de Fl\u00e1vio Prado direcionada a Memphis Depay<\/title>\n<meta name=\"robots\" content=\"index, follow, max-snippet:-1, max-image-preview:large, max-video-preview:-1\" \/>\n<link rel=\"canonical\" href=\"https:\/\/www.gaveanews.com\/index.php\/2025\/03\/11\/corinthians-a-declaracao-de-flavio-prado-direcionada-a-memphis-depay-2\/\" \/>\n<meta property=\"og:locale\" content=\"pt_BR\" \/>\n<meta property=\"og:type\" content=\"article\" \/>\n<meta property=\"og:title\" content=\"Corinthians: a declara\u00e7\u00e3o de Fl\u00e1vio Prado direcionada a Memphis Depay\" \/>\n<meta property=\"og:description\" content=\"O Corinthians vive um momento decisivo na temporada. Al\u00e9m de disputar a final do Campeonato Paulista, a equipe encara um desafio crucial na Libertadores. Nesta quarta-feira (12), o time recebe o Barcelona de Guayaquil, na Neo Qu\u00edmica Arena, pelo jogo de volta da fase 3 do torneio continental. Depois de perder por 3 a 0 [&hellip;]\" \/>\n<meta property=\"og:url\" content=\"https:\/\/www.gaveanews.com\/index.php\/2025\/03\/11\/corinthians-a-declaracao-de-flavio-prado-direcionada-a-memphis-depay-2\/\" \/>\n<meta property=\"og:site_name\" content=\"G\u00e1vea News\" \/>\n<meta property=\"article:publisher\" content=\"https:\/\/facebook.com\/gaveaNews\/\" \/>\n<meta property=\"article:published_time\" content=\"2025-03-11T19:20:00+00:00\" \/>\n<meta property=\"og:image\" content=\"https:\/\/www.gaveanews.com\/wp-content\/uploads\/Memphis-Depay-pelo-Corinthians.webp\" \/>\n\t<meta property=\"og:image:width\" content=\"1170\" \/>\n\t<meta property=\"og:image:height\" content=\"1312\" \/>\n\t<meta property=\"og:image:type\" content=\"image\/jpeg\" \/>\n<meta name=\"author\" content=\"Henrique Machado\" \/>\n<meta name=\"twitter:card\" content=\"summary_large_image\" \/>\n<meta name=\"twitter:label1\" content=\"Escrito por\" \/>\n\t<meta name=\"twitter:data1\" content=\"Henrique Machado\" \/>\n\t<meta name=\"twitter:label2\" content=\"Est. tempo de leitura\" \/>\n\t<meta name=\"twitter:data2\" content=\"3 minutos\" \/>\n<script type=\"application\/ld+json\" class=\"yoast-schema-graph\">{\"@context\":\"https:\/\/schema.org\",\"@graph\":[{\"@type\":\"NewsArticle\",\"@id\":\"https:\/\/www.gaveanews.com\/index.php\/2025\/03\/11\/corinthians-a-declaracao-de-flavio-prado-direcionada-a-memphis-depay-2\/#article\",\"isPartOf\":{\"@id\":\"https:\/\/www.gaveanews.com\/index.php\/2025\/03\/11\/corinthians-a-declaracao-de-flavio-prado-direcionada-a-memphis-depay-2\/\"},\"author\":{\"name\":\"Henrique Machado\",\"@id\":\"https:\/\/www.gaveanews.com\/#\/schema\/person\/fd07635ec039ec3ba74ad18ec8a6dbd6\"},\"headline\":\"Corinthians: a declara\u00e7\u00e3o de Fl\u00e1vio Prado direcionada a Memphis Depay\",\"datePublished\":\"2025-03-11T19:20:00+00:00\",\"mainEntityOfPage\":{\"@id\":\"https:\/\/www.gaveanews.com\/index.php\/2025\/03\/11\/corinthians-a-declaracao-de-flavio-prado-direcionada-a-memphis-depay-2\/\"},\"wordCount\":467,\"commentCount\":0,\"image\":{\"@id\":\"https:\/\/www.gaveanews.com\/index.php\/2025\/03\/11\/corinthians-a-declaracao-de-flavio-prado-direcionada-a-memphis-depay-2\/#primaryimage\"},\"thumbnailUrl\":\"https:\/\/www.gaveanews.com\/wp-content\/uploads\/Memphis-Depay-pelo-Corinthians.webp\",\"articleSection\":[\"Corinthians\"],\"inLanguage\":\"pt-BR\",\"potentialAction\":[{\"@type\":\"CommentAction\",\"name\":\"Comment\",\"target\":[\"https:\/\/www.gaveanews.com\/index.php\/2025\/03\/11\/corinthians-a-declaracao-de-flavio-prado-direcionada-a-memphis-depay-2\/#respond\"]}],\"copyrightYear\":\"2025\",\"copyrightHolder\":{\"@id\":\"https:\/\/www.gaveanews.com\/#organization\"}},{\"@type\":\"WebPage\",\"@id\":\"https:\/\/www.gaveanews.com\/index.php\/2025\/03\/11\/corinthians-a-declaracao-de-flavio-prado-direcionada-a-memphis-depay-2\/\",\"url\":\"https:\/\/www.gaveanews.com\/index.php\/2025\/03\/11\/corinthians-a-declaracao-de-flavio-prado-direcionada-a-memphis-depay-2\/\",\"name\":\"Corinthians: a declara\u00e7\u00e3o de Fl\u00e1vio Prado direcionada a Memphis Depay\",\"isPartOf\":{\"@id\":\"https:\/\/www.gaveanews.com\/#website\"},\"primaryImageOfPage\":{\"@id\":\"https:\/\/www.gaveanews.com\/index.php\/2025\/03\/11\/corinthians-a-declaracao-de-flavio-prado-direcionada-a-memphis-depay-2\/#primaryimage\"},\"image\":{\"@id\":\"https:\/\/www.gaveanews.com\/index.php\/2025\/03\/11\/corinthians-a-declaracao-de-flavio-prado-direcionada-a-memphis-depay-2\/#primaryimage\"},\"thumbnailUrl\":\"https:\/\/www.gaveanews.com\/wp-content\/uploads\/Memphis-Depay-pelo-Corinthians.webp\",\"datePublished\":\"2025-03-11T19:20:00+00:00\",\"author\":{\"@id\":\"https:\/\/www.gaveanews.com\/#\/schema\/person\/fd07635ec039ec3ba74ad18ec8a6dbd6\"},\"breadcrumb\":{\"@id\":\"https:\/\/www.gaveanews.com\/index.php\/2025\/03\/11\/corinthians-a-declaracao-de-flavio-prado-direcionada-a-memphis-depay-2\/#breadcrumb\"},\"inLanguage\":\"pt-BR\",\"potentialAction\":[{\"@type\":\"ReadAction\",\"target\":[\"https:\/\/www.gaveanews.com\/index.php\/2025\/03\/11\/corinthians-a-declaracao-de-flavio-prado-direcionada-a-memphis-depay-2\/\"]}]},{\"@type\":\"ImageObject\",\"inLanguage\":\"pt-BR\",\"@id\":\"https:\/\/www.gaveanews.com\/index.php\/2025\/03\/11\/corinthians-a-declaracao-de-flavio-prado-direcionada-a-memphis-depay-2\/#primaryimage\",\"url\":\"https:\/\/www.gaveanews.com\/wp-content\/uploads\/Memphis-Depay-pelo-Corinthians.webp\",\"contentUrl\":\"https:\/\/www.gaveanews.com\/wp-content\/uploads\/Memphis-Depay-pelo-Corinthians.webp\",\"width\":1170,\"height\":1312,\"caption\":\"Memphis Depay pelo Corinthians (Foto: Reprodu\u00e7\u00e3o\/Instagram Depay)\"},{\"@type\":\"BreadcrumbList\",\"@id\":\"https:\/\/www.gaveanews.com\/index.php\/2025\/03\/11\/corinthians-a-declaracao-de-flavio-prado-direcionada-a-memphis-depay-2\/#breadcrumb\",\"itemListElement\":[{\"@type\":\"ListItem\",\"position\":1,\"name\":\"Home\",\"item\":\"https:\/\/www.gaveanews.com\/\"},{\"@type\":\"ListItem\",\"position\":2,\"name\":\"Corinthians: a declara\u00e7\u00e3o de Fl\u00e1vio Prado direcionada a Memphis Depay\"}]},{\"@type\":\"WebSite\",\"@id\":\"https:\/\/www.gaveanews.com\/#website\",\"url\":\"https:\/\/www.gaveanews.com\/\",\"name\":\"G\u00e1vea News\",\"description\":\"Veja todas as not\u00edcias sobre o Flamengo: Contrata\u00e7\u00f5es, categorias de base, resultados das partidas, tabela de classifica\u00e7\u00e3o, pr\u00f3ximos jogos!\",\"potentialAction\":[{\"@type\":\"SearchAction\",\"target\":{\"@type\":\"EntryPoint\",\"urlTemplate\":\"https:\/\/www.gaveanews.com\/?s={search_term_string}\"},\"query-input\":{\"@type\":\"PropertyValueSpecification\",\"valueRequired\":true,\"valueName\":\"search_term_string\"}}],\"inLanguage\":\"pt-BR\"},{\"@type\":\"Person\",\"@id\":\"https:\/\/www.gaveanews.com\/#\/schema\/person\/fd07635ec039ec3ba74ad18ec8a6dbd6\",\"name\":\"Henrique Machado\",\"image\":{\"@type\":\"ImageObject\",\"inLanguage\":\"pt-BR\",\"@id\":\"https:\/\/www.gaveanews.com\/#\/schema\/person\/image\/\",\"url\":\"https:\/\/secure.gravatar.com\/avatar\/b95e35997e01d9800c1b6184bd79d4d898d370a3fce2584f5c77b907d5c7d9e9?s=96&d=mm&r=g\",\"contentUrl\":\"https:\/\/secure.gravatar.com\/avatar\/b95e35997e01d9800c1b6184bd79d4d898d370a3fce2584f5c77b907d5c7d9e9?s=96&d=mm&r=g\",\"caption\":\"Henrique Machado\"}}]}<\/script>\n<!-- \/ Yoast SEO Premium plugin. -->","yoast_head_json":{"title":"Corinthians: a declara\u00e7\u00e3o de Fl\u00e1vio Prado direcionada a Memphis Depay","robots":{"index":"index","follow":"follow","max-snippet":"max-snippet:-1","max-image-preview":"max-image-preview:large","max-video-preview":"max-video-preview:-1"},"canonical":"https:\/\/www.gaveanews.com\/index.php\/2025\/03\/11\/corinthians-a-declaracao-de-flavio-prado-direcionada-a-memphis-depay-2\/","og_locale":"pt_BR","og_type":"article","og_title":"Corinthians: a declara\u00e7\u00e3o de Fl\u00e1vio Prado direcionada a Memphis Depay","og_description":"O Corinthians vive um momento decisivo na temporada. Al\u00e9m de disputar a final do Campeonato Paulista, a equipe encara um desafio crucial na Libertadores. Nesta quarta-feira (12), o time recebe o Barcelona de Guayaquil, na Neo Qu\u00edmica Arena, pelo jogo de volta da fase 3 do torneio continental. Depois de perder por 3 a 0 [&hellip;]","og_url":"https:\/\/www.gaveanews.com\/index.php\/2025\/03\/11\/corinthians-a-declaracao-de-flavio-prado-direcionada-a-memphis-depay-2\/","og_site_name":"G\u00e1vea News","article_publisher":"https:\/\/facebook.com\/gaveaNews\/","article_published_time":"2025-03-11T19:20:00+00:00","og_image":[{"width":1170,"height":1312,"url":"https:\/\/www.gaveanews.com\/wp-content\/uploads\/Memphis-Depay-pelo-Corinthians.webp","type":"image\/jpeg"}],"author":"Henrique Machado","twitter_card":"summary_large_image","twitter_misc":{"Escrito por":"Henrique Machado","Est. tempo de leitura":"3 minutos"},"schema":{"@context":"https:\/\/schema.org","@graph":[{"@type":"NewsArticle","@id":"https:\/\/www.gaveanews.com\/index.php\/2025\/03\/11\/corinthians-a-declaracao-de-flavio-prado-direcionada-a-memphis-depay-2\/#article","isPartOf":{"@id":"https:\/\/www.gaveanews.com\/index.php\/2025\/03\/11\/corinthians-a-declaracao-de-flavio-prado-direcionada-a-memphis-depay-2\/"},"author":{"name":"Henrique Machado","@id":"https:\/\/www.gaveanews.com\/#\/schema\/person\/fd07635ec039ec3ba74ad18ec8a6dbd6"},"headline":"Corinthians: a declara\u00e7\u00e3o de Fl\u00e1vio Prado direcionada a Memphis Depay","datePublished":"2025-03-11T19:20:00+00:00","mainEntityOfPage":{"@id":"https:\/\/www.gaveanews.com\/index.php\/2025\/03\/11\/corinthians-a-declaracao-de-flavio-prado-direcionada-a-memphis-depay-2\/"},"wordCount":467,"commentCount":0,"image":{"@id":"https:\/\/www.gaveanews.com\/index.php\/2025\/03\/11\/corinthians-a-declaracao-de-flavio-prado-direcionada-a-memphis-depay-2\/#primaryimage"},"thumbnailUrl":"https:\/\/www.gaveanews.com\/wp-content\/uploads\/Memphis-Depay-pelo-Corinthians.webp","articleSection":["Corinthians"],"inLanguage":"pt-BR","potentialAction":[{"@type":"CommentAction","name":"Comment","target":["https:\/\/www.gaveanews.com\/index.php\/2025\/03\/11\/corinthians-a-declaracao-de-flavio-prado-direcionada-a-memphis-depay-2\/#respond"]}],"copyrightYear":"2025","copyrightHolder":{"@id":"https:\/\/www.gaveanews.com\/#organization"}},{"@type":"WebPage","@id":"https:\/\/www.gaveanews.com\/index.php\/2025\/03\/11\/corinthians-a-declaracao-de-flavio-prado-direcionada-a-memphis-depay-2\/","url":"https:\/\/www.gaveanews.com\/index.php\/2025\/03\/11\/corinthians-a-declaracao-de-flavio-prado-direcionada-a-memphis-depay-2\/","name":"Corinthians: a declara\u00e7\u00e3o de Fl\u00e1vio Prado direcionada a Memphis Depay","isPartOf":{"@id":"https:\/\/www.gaveanews.com\/#website"},"primaryImageOfPage":{"@id":"https:\/\/www.gaveanews.com\/index.php\/2025\/03\/11\/corinthians-a-declaracao-de-flavio-prado-direcionada-a-memphis-depay-2\/#primaryimage"},"image":{"@id":"https:\/\/www.gaveanews.com\/index.php\/2025\/03\/11\/corinthians-a-declaracao-de-flavio-prado-direcionada-a-memphis-depay-2\/#primaryimage"},"thumbnailUrl":"https:\/\/www.gaveanews.com\/wp-content\/uploads\/Memphis-Depay-pelo-Corinthians.webp","datePublished":"2025-03-11T19:20:00+00:00","author":{"@id":"https:\/\/www.gaveanews.com\/#\/schema\/person\/fd07635ec039ec3ba74ad18ec8a6dbd6"},"breadcrumb":{"@id":"https:\/\/www.gaveanews.com\/index.php\/2025\/03\/11\/corinthians-a-declaracao-de-flavio-prado-direcionada-a-memphis-depay-2\/#breadcrumb"},"inLanguage":"pt-BR","potentialAction":[{"@type":"ReadAction","target":["https:\/\/www.gaveanews.com\/index.php\/2025\/03\/11\/corinthians-a-declaracao-de-flavio-prado-direcionada-a-memphis-depay-2\/"]}]},{"@type":"ImageObject","inLanguage":"pt-BR","@id":"https:\/\/www.gaveanews.com\/index.php\/2025\/03\/11\/corinthians-a-declaracao-de-flavio-prado-direcionada-a-memphis-depay-2\/#primaryimage","url":"https:\/\/www.gaveanews.com\/wp-content\/uploads\/Memphis-Depay-pelo-Corinthians.webp","contentUrl":"https:\/\/www.gaveanews.com\/wp-content\/uploads\/Memphis-Depay-pelo-Corinthians.webp","width":1170,"height":1312,"caption":"Memphis Depay pelo Corinthians (Foto: Reprodu\u00e7\u00e3o\/Instagram Depay)"},{"@type":"BreadcrumbList","@id":"https:\/\/www.gaveanews.com\/index.php\/2025\/03\/11\/corinthians-a-declaracao-de-flavio-prado-direcionada-a-memphis-depay-2\/#breadcrumb","itemListElement":[{"@type":"ListItem","position":1,"name":"Home","item":"https:\/\/www.gaveanews.com\/"},{"@type":"ListItem","position":2,"name":"Corinthians: a declara\u00e7\u00e3o de Fl\u00e1vio Prado direcionada a Memphis Depay"}]},{"@type":"WebSite","@id":"https:\/\/www.gaveanews.com\/#website","url":"https:\/\/www.gaveanews.com\/","name":"G\u00e1vea News","description":"Veja todas as not\u00edcias sobre o Flamengo: Contrata\u00e7\u00f5es, categorias de base, resultados das partidas, tabela de classifica\u00e7\u00e3o, pr\u00f3ximos jogos!","potentialAction":[{"@type":"SearchAction","target":{"@type":"EntryPoint","urlTemplate":"https:\/\/www.gaveanews.com\/?s={search_term_string}"},"query-input":{"@type":"PropertyValueSpecification","valueRequired":true,"valueName":"search_term_string"}}],"inLanguage":"pt-BR"},{"@type":"Person","@id":"https:\/\/www.gaveanews.com\/#\/schema\/person\/fd07635ec039ec3ba74ad18ec8a6dbd6","name":"Henrique Machado","image":{"@type":"ImageObject","inLanguage":"pt-BR","@id":"https:\/\/www.gaveanews.com\/#\/schema\/person\/image\/","url":"https:\/\/secure.gravatar.com\/avatar\/b95e35997e01d9800c1b6184bd79d4d898d370a3fce2584f5c77b907d5c7d9e9?s=96&d=mm&r=g","contentUrl":"https:\/\/secure.gravatar.com\/avatar\/b95e35997e01d9800c1b6184bd79d4d898d370a3fce2584f5c77b907d5c7d9e9?s=96&d=mm&r=g","caption":"Henrique Machado"}}]}},"_links":{"self":[{"href":"https:\/\/www.gaveanews.com\/index.php\/wp-json\/wp\/v2\/posts\/238457","targetHints":{"allow":["GET"]}}],"collection":[{"href":"https:\/\/www.gaveanews.com\/index.php\/wp-json\/wp\/v2\/posts"}],"about":[{"href":"https:\/\/www.gaveanews.com\/index.php\/wp-json\/wp\/v2\/types\/post"}],"author":[{"embeddable":true,"href":"https:\/\/www.gaveanews.com\/index.php\/wp-json\/wp\/v2\/users\/15"}],"replies":[{"embeddable":true,"href":"https:\/\/www.gaveanews.com\/index.php\/wp-json\/wp\/v2\/comments?post=238457"}],"version-history":[{"count":1,"href":"https:\/\/www.gaveanews.com\/index.php\/wp-json\/wp\/v2\/posts\/238457\/revisions"}],"predecessor-version":[{"id":238465,"href":"https:\/\/www.gaveanews.com\/index.php\/wp-json\/wp\/v2\/posts\/238457\/revisions\/238465"}],"wp:featuredmedia":[{"embeddable":true,"href":"https:\/\/www.gaveanews.com\/index.php\/wp-json\/wp\/v2\/media\/199280"}],"wp:attachment":[{"href":"https:\/\/www.gaveanews.com\/index.php\/wp-json\/wp\/v2\/media?parent=238457"}],"wp:term":[{"taxonomy":"category","embeddable":true,"href":"https:\/\/www.gaveanews.com\/index.php\/wp-json\/wp\/v2\/categories?post=238457"},{"taxonomy":"post_tag","embeddable":true,"href":"https:\/\/www.gaveanews.com\/index.php\/wp-json\/wp\/v2\/tags?post=238457"}],"curies":[{"name":"wp","href":"https:\/\/api.w.org\/{rel}","templated":true}]}}