{"id":238469,"date":"2025-03-11T16:50:00","date_gmt":"2025-03-11T19:50:00","guid":{"rendered":"https:\/\/www.gaveanews.com\/?p=238469"},"modified":"2025-03-11T14:55:00","modified_gmt":"2025-03-11T17:55:00","slug":"vasco-define-sua-proxima-contratacao","status":"publish","type":"post","link":"https:\/\/www.gaveanews.com\/index.php\/2025\/03\/11\/vasco-define-sua-proxima-contratacao\/","title":{"rendered":"Vasco define sua pr\u00f3xima contrata\u00e7\u00e3o"},"content":{"rendered":"\n<p>O Vasco encerrou sua participa\u00e7\u00e3o no Campeonato Carioca ap\u00f3s a derrota por 2 a 1 para o Flamengo, no \u00faltimo s\u00e1bado (08), no Maracan\u00e3. A equipe chegou a sair na frente com gol de Nuno Moreira, mas sofreu a virada com tentos de Bruno Henrique e Luiz Ara\u00fajo. Com isso, o Flamengo avan\u00e7ou para a final do Estadual, enquanto o Vasco direciona seu foco para o Brasileir\u00e3o.<\/p>\n\n\n\n<p>A estreia na competi\u00e7\u00e3o nacional ser\u00e1 no dia 30 de mar\u00e7o, contra o Santos. At\u00e9 l\u00e1, o clube busca realizar jogos-treino para manter o elenco em ritmo de jogo. Al\u00e9m disso, a diretoria trabalha para refor\u00e7ar o time na janela dom\u00e9stica de transfer\u00eancias, que est\u00e1 aberta at\u00e9 11 de abril.<\/p>\n\n\n\n<h2 class=\"wp-block-heading\" id=\"h-lateral-esquerdo-se-torna-prioridade\">Lateral-esquerdo se torna prioridade<\/h2>\n\n\n\n<p>Diante das necessidades do elenco, a lateral-esquerda passou a ser a principal prioridade do Vasco no mercado. Atualmente, Lucas Piton \u00e9 o titular absoluto da posi\u00e7\u00e3o, e o clube renovou recentemente o contrato de Victor Luis, jogador considerado \u00fatil pelo seu perfil de lideran\u00e7a e experi\u00eancia. No entanto, a diretoria entende que \u00e9 necess\u00e1rio aumentar a competitividade no setor.<\/p>\n\n\n\n<p>O objetivo \u00e9 trazer um atleta que possa ser uma op\u00e7\u00e3o imediata para a posi\u00e7\u00e3o, seja como reserva direto de Piton ou brigando por espa\u00e7o no time titular. O departamento de futebol segue monitorando alternativas no mercado nacional.<\/p>\n\n\n\n<h2 class=\"wp-block-heading\" id=\"h-outras-posicoes-em-analise\">Outras posi\u00e7\u00f5es em an\u00e1lise<\/h2>\n\n\n\n<p>Al\u00e9m da lateral-esquerda, o Vasco tamb\u00e9m busca refor\u00e7os para a zaga e o ataque. No setor defensivo, a diretoria j\u00e1 contratou tr\u00eas zagueiros na primeira janela, mas busca mais uma pe\u00e7a para completar o elenco. Atualmente, Jo\u00e3o Victor e Souza s\u00e3o os principais nomes da posi\u00e7\u00e3o, enquanto Manuel Capasso est\u00e1 fora dos planos da comiss\u00e3o t\u00e9cnica.<\/p>\n\n\n\n<p>No ataque, a prioridade \u00e9 encontrar um substituto para Vegetti. Uma possibilidade \u00e9 a contrata\u00e7\u00e3o do colombiano Brahian Palacios, do Atl\u00e9tico-MG, com quem o Vasco negocia um empr\u00e9stimo. Caso a negocia\u00e7\u00e3o avance, o jovem Rayan poder\u00e1 ser testado como alternativa no comando de ataque.<\/p>\n","protected":false},"excerpt":{"rendered":"<p>O Vasco encerrou sua participa\u00e7\u00e3o no Campeonato Carioca ap\u00f3s a derrota por 2 a 1 para o Flamengo, no \u00faltimo s\u00e1bado (08), no Maracan\u00e3. A equipe chegou a sair na frente com gol de Nuno Moreira, mas sofreu a virada com tentos de Bruno Henrique e Luiz Ara\u00fajo. Com isso, o Flamengo avan\u00e7ou para a [&hellip;]<\/p>\n","protected":false},"author":15,"featured_media":147443,"comment_status":"open","ping_status":"closed","sticky":false,"template":"","format":"standard","meta":{"footnotes":""},"categories":[152],"tags":[],"class_list":["post-238469","post","type-post","status-publish","format-standard","has-post-thumbnail","hentry","category-vasco"],"yoast_head":"<!-- This site is optimized with the Yoast SEO Premium plugin v24.2 (Yoast SEO v26.9) - https:\/\/yoast.com\/product\/yoast-seo-premium-wordpress\/ -->\n<title>Vasco define sua pr\u00f3xima contrata\u00e7\u00e3o<\/title>\n<meta name=\"robots\" content=\"index, follow, max-snippet:-1, max-image-preview:large, max-video-preview:-1\" \/>\n<link rel=\"canonical\" href=\"https:\/\/www.gaveanews.com\/index.php\/2025\/03\/11\/vasco-define-sua-proxima-contratacao\/\" \/>\n<meta property=\"og:locale\" content=\"pt_BR\" \/>\n<meta property=\"og:type\" content=\"article\" \/>\n<meta property=\"og:title\" content=\"Vasco define sua pr\u00f3xima contrata\u00e7\u00e3o\" \/>\n<meta property=\"og:description\" content=\"O Vasco encerrou sua participa\u00e7\u00e3o no Campeonato Carioca ap\u00f3s a derrota por 2 a 1 para o Flamengo, no \u00faltimo s\u00e1bado (08), no Maracan\u00e3. A equipe chegou a sair na frente com gol de Nuno Moreira, mas sofreu a virada com tentos de Bruno Henrique e Luiz Ara\u00fajo. Com isso, o Flamengo avan\u00e7ou para a [&hellip;]\" \/>\n<meta property=\"og:url\" content=\"https:\/\/www.gaveanews.com\/index.php\/2025\/03\/11\/vasco-define-sua-proxima-contratacao\/\" \/>\n<meta property=\"og:site_name\" content=\"G\u00e1vea News\" \/>\n<meta property=\"article:publisher\" content=\"https:\/\/facebook.com\/gaveaNews\/\" \/>\n<meta property=\"article:published_time\" content=\"2025-03-11T19:50:00+00:00\" \/>\n<meta property=\"og:image\" content=\"https:\/\/www.gaveanews.com\/wp-content\/uploads\/Camisa-do-Vasco-da-Gama.webp\" \/>\n\t<meta property=\"og:image:width\" content=\"1440\" \/>\n\t<meta property=\"og:image:height\" content=\"960\" \/>\n\t<meta property=\"og:image:type\" content=\"image\/jpeg\" \/>\n<meta name=\"author\" content=\"Henrique Machado\" \/>\n<meta name=\"twitter:card\" content=\"summary_large_image\" \/>\n<meta name=\"twitter:label1\" content=\"Escrito por\" \/>\n\t<meta name=\"twitter:data1\" content=\"Henrique Machado\" \/>\n\t<meta name=\"twitter:label2\" content=\"Est. tempo de leitura\" \/>\n\t<meta name=\"twitter:data2\" content=\"2 minutos\" \/>\n<script type=\"application\/ld+json\" class=\"yoast-schema-graph\">{\"@context\":\"https:\/\/schema.org\",\"@graph\":[{\"@type\":\"NewsArticle\",\"@id\":\"https:\/\/www.gaveanews.com\/index.php\/2025\/03\/11\/vasco-define-sua-proxima-contratacao\/#article\",\"isPartOf\":{\"@id\":\"https:\/\/www.gaveanews.com\/index.php\/2025\/03\/11\/vasco-define-sua-proxima-contratacao\/\"},\"author\":{\"name\":\"Henrique Machado\",\"@id\":\"https:\/\/www.gaveanews.com\/#\/schema\/person\/fd07635ec039ec3ba74ad18ec8a6dbd6\"},\"headline\":\"Vasco define sua pr\u00f3xima contrata\u00e7\u00e3o\",\"datePublished\":\"2025-03-11T19:50:00+00:00\",\"mainEntityOfPage\":{\"@id\":\"https:\/\/www.gaveanews.com\/index.php\/2025\/03\/11\/vasco-define-sua-proxima-contratacao\/\"},\"wordCount\":354,\"commentCount\":0,\"image\":{\"@id\":\"https:\/\/www.gaveanews.com\/index.php\/2025\/03\/11\/vasco-define-sua-proxima-contratacao\/#primaryimage\"},\"thumbnailUrl\":\"https:\/\/www.gaveanews.com\/wp-content\/uploads\/Camisa-do-Vasco-da-Gama.webp\",\"articleSection\":[\"Vasco\"],\"inLanguage\":\"pt-BR\",\"potentialAction\":[{\"@type\":\"CommentAction\",\"name\":\"Comment\",\"target\":[\"https:\/\/www.gaveanews.com\/index.php\/2025\/03\/11\/vasco-define-sua-proxima-contratacao\/#respond\"]}],\"copyrightYear\":\"2025\",\"copyrightHolder\":{\"@id\":\"https:\/\/www.gaveanews.com\/#organization\"}},{\"@type\":\"WebPage\",\"@id\":\"https:\/\/www.gaveanews.com\/index.php\/2025\/03\/11\/vasco-define-sua-proxima-contratacao\/\",\"url\":\"https:\/\/www.gaveanews.com\/index.php\/2025\/03\/11\/vasco-define-sua-proxima-contratacao\/\",\"name\":\"Vasco define sua pr\u00f3xima contrata\u00e7\u00e3o\",\"isPartOf\":{\"@id\":\"https:\/\/www.gaveanews.com\/#website\"},\"primaryImageOfPage\":{\"@id\":\"https:\/\/www.gaveanews.com\/index.php\/2025\/03\/11\/vasco-define-sua-proxima-contratacao\/#primaryimage\"},\"image\":{\"@id\":\"https:\/\/www.gaveanews.com\/index.php\/2025\/03\/11\/vasco-define-sua-proxima-contratacao\/#primaryimage\"},\"thumbnailUrl\":\"https:\/\/www.gaveanews.com\/wp-content\/uploads\/Camisa-do-Vasco-da-Gama.webp\",\"datePublished\":\"2025-03-11T19:50:00+00:00\",\"author\":{\"@id\":\"https:\/\/www.gaveanews.com\/#\/schema\/person\/fd07635ec039ec3ba74ad18ec8a6dbd6\"},\"breadcrumb\":{\"@id\":\"https:\/\/www.gaveanews.com\/index.php\/2025\/03\/11\/vasco-define-sua-proxima-contratacao\/#breadcrumb\"},\"inLanguage\":\"pt-BR\",\"potentialAction\":[{\"@type\":\"ReadAction\",\"target\":[\"https:\/\/www.gaveanews.com\/index.php\/2025\/03\/11\/vasco-define-sua-proxima-contratacao\/\"]}]},{\"@type\":\"ImageObject\",\"inLanguage\":\"pt-BR\",\"@id\":\"https:\/\/www.gaveanews.com\/index.php\/2025\/03\/11\/vasco-define-sua-proxima-contratacao\/#primaryimage\",\"url\":\"https:\/\/www.gaveanews.com\/wp-content\/uploads\/Camisa-do-Vasco-da-Gama.webp\",\"contentUrl\":\"https:\/\/www.gaveanews.com\/wp-content\/uploads\/Camisa-do-Vasco-da-Gama.webp\",\"width\":1440,\"height\":960,\"caption\":\"Camisa do Vasco da Gama (Foto: Reprodu\u00e7\u00e3o\/Instagram)\"},{\"@type\":\"BreadcrumbList\",\"@id\":\"https:\/\/www.gaveanews.com\/index.php\/2025\/03\/11\/vasco-define-sua-proxima-contratacao\/#breadcrumb\",\"itemListElement\":[{\"@type\":\"ListItem\",\"position\":1,\"name\":\"Home\",\"item\":\"https:\/\/www.gaveanews.com\/\"},{\"@type\":\"ListItem\",\"position\":2,\"name\":\"Vasco define sua pr\u00f3xima contrata\u00e7\u00e3o\"}]},{\"@type\":\"WebSite\",\"@id\":\"https:\/\/www.gaveanews.com\/#website\",\"url\":\"https:\/\/www.gaveanews.com\/\",\"name\":\"G\u00e1vea News\",\"description\":\"Veja todas as not\u00edcias sobre o Flamengo: Contrata\u00e7\u00f5es, categorias de base, resultados das partidas, tabela de classifica\u00e7\u00e3o, pr\u00f3ximos jogos!\",\"potentialAction\":[{\"@type\":\"SearchAction\",\"target\":{\"@type\":\"EntryPoint\",\"urlTemplate\":\"https:\/\/www.gaveanews.com\/?s={search_term_string}\"},\"query-input\":{\"@type\":\"PropertyValueSpecification\",\"valueRequired\":true,\"valueName\":\"search_term_string\"}}],\"inLanguage\":\"pt-BR\"},{\"@type\":\"Person\",\"@id\":\"https:\/\/www.gaveanews.com\/#\/schema\/person\/fd07635ec039ec3ba74ad18ec8a6dbd6\",\"name\":\"Henrique Machado\",\"image\":{\"@type\":\"ImageObject\",\"inLanguage\":\"pt-BR\",\"@id\":\"https:\/\/www.gaveanews.com\/#\/schema\/person\/image\/\",\"url\":\"https:\/\/secure.gravatar.com\/avatar\/b95e35997e01d9800c1b6184bd79d4d898d370a3fce2584f5c77b907d5c7d9e9?s=96&d=mm&r=g\",\"contentUrl\":\"https:\/\/secure.gravatar.com\/avatar\/b95e35997e01d9800c1b6184bd79d4d898d370a3fce2584f5c77b907d5c7d9e9?s=96&d=mm&r=g\",\"caption\":\"Henrique Machado\"}}]}<\/script>\n<!-- \/ Yoast SEO Premium plugin. -->","yoast_head_json":{"title":"Vasco define sua pr\u00f3xima contrata\u00e7\u00e3o","robots":{"index":"index","follow":"follow","max-snippet":"max-snippet:-1","max-image-preview":"max-image-preview:large","max-video-preview":"max-video-preview:-1"},"canonical":"https:\/\/www.gaveanews.com\/index.php\/2025\/03\/11\/vasco-define-sua-proxima-contratacao\/","og_locale":"pt_BR","og_type":"article","og_title":"Vasco define sua pr\u00f3xima contrata\u00e7\u00e3o","og_description":"O Vasco encerrou sua participa\u00e7\u00e3o no Campeonato Carioca ap\u00f3s a derrota por 2 a 1 para o Flamengo, no \u00faltimo s\u00e1bado (08), no Maracan\u00e3. A equipe chegou a sair na frente com gol de Nuno Moreira, mas sofreu a virada com tentos de Bruno Henrique e Luiz Ara\u00fajo. Com isso, o Flamengo avan\u00e7ou para a [&hellip;]","og_url":"https:\/\/www.gaveanews.com\/index.php\/2025\/03\/11\/vasco-define-sua-proxima-contratacao\/","og_site_name":"G\u00e1vea News","article_publisher":"https:\/\/facebook.com\/gaveaNews\/","article_published_time":"2025-03-11T19:50:00+00:00","og_image":[{"width":1440,"height":960,"url":"https:\/\/www.gaveanews.com\/wp-content\/uploads\/Camisa-do-Vasco-da-Gama.webp","type":"image\/jpeg"}],"author":"Henrique Machado","twitter_card":"summary_large_image","twitter_misc":{"Escrito por":"Henrique Machado","Est. tempo de leitura":"2 minutos"},"schema":{"@context":"https:\/\/schema.org","@graph":[{"@type":"NewsArticle","@id":"https:\/\/www.gaveanews.com\/index.php\/2025\/03\/11\/vasco-define-sua-proxima-contratacao\/#article","isPartOf":{"@id":"https:\/\/www.gaveanews.com\/index.php\/2025\/03\/11\/vasco-define-sua-proxima-contratacao\/"},"author":{"name":"Henrique Machado","@id":"https:\/\/www.gaveanews.com\/#\/schema\/person\/fd07635ec039ec3ba74ad18ec8a6dbd6"},"headline":"Vasco define sua pr\u00f3xima contrata\u00e7\u00e3o","datePublished":"2025-03-11T19:50:00+00:00","mainEntityOfPage":{"@id":"https:\/\/www.gaveanews.com\/index.php\/2025\/03\/11\/vasco-define-sua-proxima-contratacao\/"},"wordCount":354,"commentCount":0,"image":{"@id":"https:\/\/www.gaveanews.com\/index.php\/2025\/03\/11\/vasco-define-sua-proxima-contratacao\/#primaryimage"},"thumbnailUrl":"https:\/\/www.gaveanews.com\/wp-content\/uploads\/Camisa-do-Vasco-da-Gama.webp","articleSection":["Vasco"],"inLanguage":"pt-BR","potentialAction":[{"@type":"CommentAction","name":"Comment","target":["https:\/\/www.gaveanews.com\/index.php\/2025\/03\/11\/vasco-define-sua-proxima-contratacao\/#respond"]}],"copyrightYear":"2025","copyrightHolder":{"@id":"https:\/\/www.gaveanews.com\/#organization"}},{"@type":"WebPage","@id":"https:\/\/www.gaveanews.com\/index.php\/2025\/03\/11\/vasco-define-sua-proxima-contratacao\/","url":"https:\/\/www.gaveanews.com\/index.php\/2025\/03\/11\/vasco-define-sua-proxima-contratacao\/","name":"Vasco define sua pr\u00f3xima contrata\u00e7\u00e3o","isPartOf":{"@id":"https:\/\/www.gaveanews.com\/#website"},"primaryImageOfPage":{"@id":"https:\/\/www.gaveanews.com\/index.php\/2025\/03\/11\/vasco-define-sua-proxima-contratacao\/#primaryimage"},"image":{"@id":"https:\/\/www.gaveanews.com\/index.php\/2025\/03\/11\/vasco-define-sua-proxima-contratacao\/#primaryimage"},"thumbnailUrl":"https:\/\/www.gaveanews.com\/wp-content\/uploads\/Camisa-do-Vasco-da-Gama.webp","datePublished":"2025-03-11T19:50:00+00:00","author":{"@id":"https:\/\/www.gaveanews.com\/#\/schema\/person\/fd07635ec039ec3ba74ad18ec8a6dbd6"},"breadcrumb":{"@id":"https:\/\/www.gaveanews.com\/index.php\/2025\/03\/11\/vasco-define-sua-proxima-contratacao\/#breadcrumb"},"inLanguage":"pt-BR","potentialAction":[{"@type":"ReadAction","target":["https:\/\/www.gaveanews.com\/index.php\/2025\/03\/11\/vasco-define-sua-proxima-contratacao\/"]}]},{"@type":"ImageObject","inLanguage":"pt-BR","@id":"https:\/\/www.gaveanews.com\/index.php\/2025\/03\/11\/vasco-define-sua-proxima-contratacao\/#primaryimage","url":"https:\/\/www.gaveanews.com\/wp-content\/uploads\/Camisa-do-Vasco-da-Gama.webp","contentUrl":"https:\/\/www.gaveanews.com\/wp-content\/uploads\/Camisa-do-Vasco-da-Gama.webp","width":1440,"height":960,"caption":"Camisa do Vasco da Gama (Foto: Reprodu\u00e7\u00e3o\/Instagram)"},{"@type":"BreadcrumbList","@id":"https:\/\/www.gaveanews.com\/index.php\/2025\/03\/11\/vasco-define-sua-proxima-contratacao\/#breadcrumb","itemListElement":[{"@type":"ListItem","position":1,"name":"Home","item":"https:\/\/www.gaveanews.com\/"},{"@type":"ListItem","position":2,"name":"Vasco define sua pr\u00f3xima contrata\u00e7\u00e3o"}]},{"@type":"WebSite","@id":"https:\/\/www.gaveanews.com\/#website","url":"https:\/\/www.gaveanews.com\/","name":"G\u00e1vea News","description":"Veja todas as not\u00edcias sobre o Flamengo: Contrata\u00e7\u00f5es, categorias de base, resultados das partidas, tabela de classifica\u00e7\u00e3o, pr\u00f3ximos jogos!","potentialAction":[{"@type":"SearchAction","target":{"@type":"EntryPoint","urlTemplate":"https:\/\/www.gaveanews.com\/?s={search_term_string}"},"query-input":{"@type":"PropertyValueSpecification","valueRequired":true,"valueName":"search_term_string"}}],"inLanguage":"pt-BR"},{"@type":"Person","@id":"https:\/\/www.gaveanews.com\/#\/schema\/person\/fd07635ec039ec3ba74ad18ec8a6dbd6","name":"Henrique Machado","image":{"@type":"ImageObject","inLanguage":"pt-BR","@id":"https:\/\/www.gaveanews.com\/#\/schema\/person\/image\/","url":"https:\/\/secure.gravatar.com\/avatar\/b95e35997e01d9800c1b6184bd79d4d898d370a3fce2584f5c77b907d5c7d9e9?s=96&d=mm&r=g","contentUrl":"https:\/\/secure.gravatar.com\/avatar\/b95e35997e01d9800c1b6184bd79d4d898d370a3fce2584f5c77b907d5c7d9e9?s=96&d=mm&r=g","caption":"Henrique Machado"}}]}},"_links":{"self":[{"href":"https:\/\/www.gaveanews.com\/index.php\/wp-json\/wp\/v2\/posts\/238469","targetHints":{"allow":["GET"]}}],"collection":[{"href":"https:\/\/www.gaveanews.com\/index.php\/wp-json\/wp\/v2\/posts"}],"about":[{"href":"https:\/\/www.gaveanews.com\/index.php\/wp-json\/wp\/v2\/types\/post"}],"author":[{"embeddable":true,"href":"https:\/\/www.gaveanews.com\/index.php\/wp-json\/wp\/v2\/users\/15"}],"replies":[{"embeddable":true,"href":"https:\/\/www.gaveanews.com\/index.php\/wp-json\/wp\/v2\/comments?post=238469"}],"version-history":[{"count":1,"href":"https:\/\/www.gaveanews.com\/index.php\/wp-json\/wp\/v2\/posts\/238469\/revisions"}],"predecessor-version":[{"id":238486,"href":"https:\/\/www.gaveanews.com\/index.php\/wp-json\/wp\/v2\/posts\/238469\/revisions\/238486"}],"wp:featuredmedia":[{"embeddable":true,"href":"https:\/\/www.gaveanews.com\/index.php\/wp-json\/wp\/v2\/media\/147443"}],"wp:attachment":[{"href":"https:\/\/www.gaveanews.com\/index.php\/wp-json\/wp\/v2\/media?parent=238469"}],"wp:term":[{"taxonomy":"category","embeddable":true,"href":"https:\/\/www.gaveanews.com\/index.php\/wp-json\/wp\/v2\/categories?post=238469"},{"taxonomy":"post_tag","embeddable":true,"href":"https:\/\/www.gaveanews.com\/index.php\/wp-json\/wp\/v2\/tags?post=238469"}],"curies":[{"name":"wp","href":"https:\/\/api.w.org\/{rel}","templated":true}]}}