{"id":238471,"date":"2025-03-11T20:45:00","date_gmt":"2025-03-11T23:45:00","guid":{"rendered":"https:\/\/www.gaveanews.com\/?p=238471"},"modified":"2025-03-11T16:40:34","modified_gmt":"2025-03-11T19:40:34","slug":"eles-perderam-espaco-no-vasco-de-fabio-carille","status":"publish","type":"post","link":"https:\/\/www.gaveanews.com\/index.php\/2025\/03\/11\/eles-perderam-espaco-no-vasco-de-fabio-carille\/","title":{"rendered":"Eles perderam espa\u00e7o no Vasco de F\u00e1bio Carille"},"content":{"rendered":"\n<p>A temporada de 2025 come\u00e7ou com oportunidades para alguns jogadores do Vasco, mas nem todos conseguiram aproveitar. Souza, Jean David e Maxime Dom\u00ednguez viram suas chances diminu\u00edrem ao longo do Campeonato Carioca e agora enfrentam um cen\u00e1rio complicado sob o comando de F\u00e1bio Carille.&nbsp;<\/p>\n\n\n\n<p>Al\u00e9m disso, a concorr\u00eancia no elenco aumentou, tornando ainda mais dif\u00edcil uma reviravolta para o trio.<\/p>\n\n\n\n<h2 class=\"wp-block-heading\" id=\"h-pouco-aproveitamento-e-falta-de-confianca-de-carille\">Pouco aproveitamento e falta de confian\u00e7a de Carille<\/h2>\n\n\n\n<p>Entre os tr\u00eas jogadores, Maxime Dom\u00ednguez foi quem mais teve minutos em campo, atuando em seis partidas, duas como titular. No entanto, o su\u00ed\u00e7o n\u00e3o conseguiu convencer o treinador.&nbsp;<\/p>\n\n\n\n<p>Dos \u00faltimos seis jogos do Vasco, ele s\u00f3 foi relacionado para dois, ambos contra o Flamengo. Sua participa\u00e7\u00e3o n\u00e3o agregou o esperado ao time, e ele perdeu ainda mais espa\u00e7o com as novas contrata\u00e7\u00f5es.<\/p>\n\n\n\n<p>J\u00e1 Jean David n\u00e3o \u00e9 sequer relacionado h\u00e1 tr\u00eas partidas, ficando fora dos confrontos decisivos contra o Flamengo, pelo Carioca, e do duelo contra o Nova Igua\u00e7u, pela Copa do Brasil.&nbsp;<\/p>\n\n\n\n<p>Com apenas cinco jogos no ano e sem gols ou assist\u00eancias, o chileno ainda sofre com a adapta\u00e7\u00e3o ao futebol brasileiro. Vale destacar que ele j\u00e1 despertou interesse do futebol mexicano, mas nenhuma negocia\u00e7\u00e3o avan\u00e7ou.<\/p>\n\n\n\n<p>Por fim, Souza mudou de posi\u00e7\u00e3o para atuar como zagueiro em 2025, mas isso n\u00e3o impediu que fosse apenas a quinta op\u00e7\u00e3o no setor. O jogador de 36 anos tem tr\u00eas partidas no ano e n\u00e3o entra em campo desde o dia 29 de janeiro. Sendo assim, sua perman\u00eancia no Vasco parece cada vez mais incerta.<\/p>\n\n\n\n<h2 class=\"wp-block-heading\" id=\"h-concorrencia-no-elenco-e-limite-de-estrangeiros\">Concorr\u00eancia no elenco e limite de estrangeiros<\/h2>\n\n\n\n<p>A perda de espa\u00e7o de Maxime e Jean David tamb\u00e9m est\u00e1 relacionada \u00e0 chegada de refor\u00e7os ofensivos. Na reta final da janela, o Vasco trouxe Nuno Moreira, Benjamin Garr\u00e9 e Loide Augusto, que disputam posi\u00e7\u00e3o com os dois estrangeiros.<\/p>\n\n\n\n<p>Al\u00e9m disso, h\u00e1 um fator determinante: o limite de estrangeiros nos jogos das competi\u00e7\u00f5es nacionais. A CBF permite a inscri\u00e7\u00e3o de apenas nove gringos por partida, mas o Vasco conta atualmente com 11 no elenco. Dessa maneira, dois sempre precisar\u00e3o ficar de fora, o que pode complicar ainda mais a situa\u00e7\u00e3o do su\u00ed\u00e7o e do chileno.<\/p>\n\n\n\n<h2 class=\"wp-block-heading\" id=\"h-investimentos-que-nao-deram-retorno\">Investimentos que n\u00e3o deram retorno<\/h2>\n\n\n\n<p>O Vasco n\u00e3o apenas contratou Maxime Dom\u00ednguez e Jean David, mas tamb\u00e9m fez investimentos significativos. O su\u00ed\u00e7o custou cerca de R$ 9 milh\u00f5es, enquanto o chileno chegou ao clube por aproximadamente R$ 8,5 milh\u00f5es.<\/p>\n\n\n\n<p>Por isso, a falta de espa\u00e7o da dupla representa um problema para a diretoria, que esperava um retorno t\u00e9cnico maior. Com isso, a tend\u00eancia \u00e9 que o clube busque alternativas para negoci\u00e1-los no meio do ano, seja por empr\u00e9stimo ou transfer\u00eancia definitiva.<\/p>\n","protected":false},"excerpt":{"rendered":"<p>A temporada de 2025 come\u00e7ou com oportunidades para alguns jogadores do Vasco, mas nem todos conseguiram aproveitar. Souza, Jean David e Maxime Dom\u00ednguez viram suas chances diminu\u00edrem ao longo do Campeonato Carioca e agora enfrentam um cen\u00e1rio complicado sob o comando de F\u00e1bio Carille.&nbsp; Al\u00e9m disso, a concorr\u00eancia no elenco aumentou, tornando ainda mais dif\u00edcil [&hellip;]<\/p>\n","protected":false},"author":25,"featured_media":147443,"comment_status":"open","ping_status":"closed","sticky":false,"template":"","format":"standard","meta":{"footnotes":""},"categories":[152],"tags":[],"class_list":["post-238471","post","type-post","status-publish","format-standard","has-post-thumbnail","hentry","category-vasco"],"yoast_head":"<!-- This site is optimized with the Yoast SEO Premium plugin v24.2 (Yoast SEO v26.9) - https:\/\/yoast.com\/product\/yoast-seo-premium-wordpress\/ -->\n<title>Eles perderam espa\u00e7o no Vasco de F\u00e1bio Carille<\/title>\n<meta name=\"robots\" content=\"index, follow, max-snippet:-1, max-image-preview:large, max-video-preview:-1\" \/>\n<link rel=\"canonical\" href=\"https:\/\/www.gaveanews.com\/index.php\/2025\/03\/11\/eles-perderam-espaco-no-vasco-de-fabio-carille\/\" \/>\n<meta property=\"og:locale\" content=\"pt_BR\" \/>\n<meta property=\"og:type\" content=\"article\" \/>\n<meta property=\"og:title\" content=\"Eles perderam espa\u00e7o no Vasco de F\u00e1bio Carille\" \/>\n<meta property=\"og:description\" content=\"A temporada de 2025 come\u00e7ou com oportunidades para alguns jogadores do Vasco, mas nem todos conseguiram aproveitar. Souza, Jean David e Maxime Dom\u00ednguez viram suas chances diminu\u00edrem ao longo do Campeonato Carioca e agora enfrentam um cen\u00e1rio complicado sob o comando de F\u00e1bio Carille.&nbsp; Al\u00e9m disso, a concorr\u00eancia no elenco aumentou, tornando ainda mais dif\u00edcil [&hellip;]\" \/>\n<meta property=\"og:url\" content=\"https:\/\/www.gaveanews.com\/index.php\/2025\/03\/11\/eles-perderam-espaco-no-vasco-de-fabio-carille\/\" \/>\n<meta property=\"og:site_name\" content=\"G\u00e1vea News\" \/>\n<meta property=\"article:publisher\" content=\"https:\/\/facebook.com\/gaveaNews\/\" \/>\n<meta property=\"article:published_time\" content=\"2025-03-11T23:45:00+00:00\" \/>\n<meta property=\"og:image\" content=\"https:\/\/www.gaveanews.com\/wp-content\/uploads\/Camisa-do-Vasco-da-Gama.webp\" \/>\n\t<meta property=\"og:image:width\" content=\"1440\" \/>\n\t<meta property=\"og:image:height\" content=\"960\" \/>\n\t<meta property=\"og:image:type\" content=\"image\/jpeg\" \/>\n<meta name=\"author\" content=\"Rafaela Ladeira\" \/>\n<meta name=\"twitter:card\" content=\"summary_large_image\" \/>\n<meta name=\"twitter:label1\" content=\"Escrito por\" \/>\n\t<meta name=\"twitter:data1\" content=\"Rafaela Ladeira\" \/>\n\t<meta name=\"twitter:label2\" content=\"Est. tempo de leitura\" \/>\n\t<meta name=\"twitter:data2\" content=\"3 minutos\" \/>\n<script type=\"application\/ld+json\" class=\"yoast-schema-graph\">{\"@context\":\"https:\/\/schema.org\",\"@graph\":[{\"@type\":\"NewsArticle\",\"@id\":\"https:\/\/www.gaveanews.com\/index.php\/2025\/03\/11\/eles-perderam-espaco-no-vasco-de-fabio-carille\/#article\",\"isPartOf\":{\"@id\":\"https:\/\/www.gaveanews.com\/index.php\/2025\/03\/11\/eles-perderam-espaco-no-vasco-de-fabio-carille\/\"},\"author\":{\"name\":\"Rafaela Ladeira\",\"@id\":\"https:\/\/www.gaveanews.com\/#\/schema\/person\/0eb3e3fe1754f0205218538adbe8f5ed\"},\"headline\":\"Eles perderam espa\u00e7o no Vasco de F\u00e1bio Carille\",\"datePublished\":\"2025-03-11T23:45:00+00:00\",\"mainEntityOfPage\":{\"@id\":\"https:\/\/www.gaveanews.com\/index.php\/2025\/03\/11\/eles-perderam-espaco-no-vasco-de-fabio-carille\/\"},\"wordCount\":493,\"commentCount\":0,\"image\":{\"@id\":\"https:\/\/www.gaveanews.com\/index.php\/2025\/03\/11\/eles-perderam-espaco-no-vasco-de-fabio-carille\/#primaryimage\"},\"thumbnailUrl\":\"https:\/\/www.gaveanews.com\/wp-content\/uploads\/Camisa-do-Vasco-da-Gama.webp\",\"articleSection\":[\"Vasco\"],\"inLanguage\":\"pt-BR\",\"potentialAction\":[{\"@type\":\"CommentAction\",\"name\":\"Comment\",\"target\":[\"https:\/\/www.gaveanews.com\/index.php\/2025\/03\/11\/eles-perderam-espaco-no-vasco-de-fabio-carille\/#respond\"]}],\"copyrightYear\":\"2025\",\"copyrightHolder\":{\"@id\":\"https:\/\/www.gaveanews.com\/#organization\"}},{\"@type\":\"WebPage\",\"@id\":\"https:\/\/www.gaveanews.com\/index.php\/2025\/03\/11\/eles-perderam-espaco-no-vasco-de-fabio-carille\/\",\"url\":\"https:\/\/www.gaveanews.com\/index.php\/2025\/03\/11\/eles-perderam-espaco-no-vasco-de-fabio-carille\/\",\"name\":\"Eles perderam espa\u00e7o no Vasco de F\u00e1bio Carille\",\"isPartOf\":{\"@id\":\"https:\/\/www.gaveanews.com\/#website\"},\"primaryImageOfPage\":{\"@id\":\"https:\/\/www.gaveanews.com\/index.php\/2025\/03\/11\/eles-perderam-espaco-no-vasco-de-fabio-carille\/#primaryimage\"},\"image\":{\"@id\":\"https:\/\/www.gaveanews.com\/index.php\/2025\/03\/11\/eles-perderam-espaco-no-vasco-de-fabio-carille\/#primaryimage\"},\"thumbnailUrl\":\"https:\/\/www.gaveanews.com\/wp-content\/uploads\/Camisa-do-Vasco-da-Gama.webp\",\"datePublished\":\"2025-03-11T23:45:00+00:00\",\"author\":{\"@id\":\"https:\/\/www.gaveanews.com\/#\/schema\/person\/0eb3e3fe1754f0205218538adbe8f5ed\"},\"breadcrumb\":{\"@id\":\"https:\/\/www.gaveanews.com\/index.php\/2025\/03\/11\/eles-perderam-espaco-no-vasco-de-fabio-carille\/#breadcrumb\"},\"inLanguage\":\"pt-BR\",\"potentialAction\":[{\"@type\":\"ReadAction\",\"target\":[\"https:\/\/www.gaveanews.com\/index.php\/2025\/03\/11\/eles-perderam-espaco-no-vasco-de-fabio-carille\/\"]}]},{\"@type\":\"ImageObject\",\"inLanguage\":\"pt-BR\",\"@id\":\"https:\/\/www.gaveanews.com\/index.php\/2025\/03\/11\/eles-perderam-espaco-no-vasco-de-fabio-carille\/#primaryimage\",\"url\":\"https:\/\/www.gaveanews.com\/wp-content\/uploads\/Camisa-do-Vasco-da-Gama.webp\",\"contentUrl\":\"https:\/\/www.gaveanews.com\/wp-content\/uploads\/Camisa-do-Vasco-da-Gama.webp\",\"width\":1440,\"height\":960,\"caption\":\"Camisa do Vasco da Gama (Foto: Reprodu\u00e7\u00e3o\/Instagram)\"},{\"@type\":\"BreadcrumbList\",\"@id\":\"https:\/\/www.gaveanews.com\/index.php\/2025\/03\/11\/eles-perderam-espaco-no-vasco-de-fabio-carille\/#breadcrumb\",\"itemListElement\":[{\"@type\":\"ListItem\",\"position\":1,\"name\":\"Home\",\"item\":\"https:\/\/www.gaveanews.com\/\"},{\"@type\":\"ListItem\",\"position\":2,\"name\":\"Eles perderam espa\u00e7o no Vasco de F\u00e1bio Carille\"}]},{\"@type\":\"WebSite\",\"@id\":\"https:\/\/www.gaveanews.com\/#website\",\"url\":\"https:\/\/www.gaveanews.com\/\",\"name\":\"G\u00e1vea News\",\"description\":\"Veja todas as not\u00edcias sobre o Flamengo: Contrata\u00e7\u00f5es, categorias de base, resultados das partidas, tabela de classifica\u00e7\u00e3o, pr\u00f3ximos jogos!\",\"potentialAction\":[{\"@type\":\"SearchAction\",\"target\":{\"@type\":\"EntryPoint\",\"urlTemplate\":\"https:\/\/www.gaveanews.com\/?s={search_term_string}\"},\"query-input\":{\"@type\":\"PropertyValueSpecification\",\"valueRequired\":true,\"valueName\":\"search_term_string\"}}],\"inLanguage\":\"pt-BR\"},{\"@type\":\"Person\",\"@id\":\"https:\/\/www.gaveanews.com\/#\/schema\/person\/0eb3e3fe1754f0205218538adbe8f5ed\",\"name\":\"Rafaela Ladeira\",\"image\":{\"@type\":\"ImageObject\",\"inLanguage\":\"pt-BR\",\"@id\":\"https:\/\/www.gaveanews.com\/#\/schema\/person\/image\/\",\"url\":\"https:\/\/secure.gravatar.com\/avatar\/c31f513acffd85eacab5730cbdfdbbf59f21ba5aeada8cd890acea879fbb2455?s=96&d=mm&r=g\",\"contentUrl\":\"https:\/\/secure.gravatar.com\/avatar\/c31f513acffd85eacab5730cbdfdbbf59f21ba5aeada8cd890acea879fbb2455?s=96&d=mm&r=g\",\"caption\":\"Rafaela Ladeira\"}}]}<\/script>\n<!-- \/ Yoast SEO Premium plugin. -->","yoast_head_json":{"title":"Eles perderam espa\u00e7o no Vasco de F\u00e1bio Carille","robots":{"index":"index","follow":"follow","max-snippet":"max-snippet:-1","max-image-preview":"max-image-preview:large","max-video-preview":"max-video-preview:-1"},"canonical":"https:\/\/www.gaveanews.com\/index.php\/2025\/03\/11\/eles-perderam-espaco-no-vasco-de-fabio-carille\/","og_locale":"pt_BR","og_type":"article","og_title":"Eles perderam espa\u00e7o no Vasco de F\u00e1bio Carille","og_description":"A temporada de 2025 come\u00e7ou com oportunidades para alguns jogadores do Vasco, mas nem todos conseguiram aproveitar. Souza, Jean David e Maxime Dom\u00ednguez viram suas chances diminu\u00edrem ao longo do Campeonato Carioca e agora enfrentam um cen\u00e1rio complicado sob o comando de F\u00e1bio Carille.&nbsp; Al\u00e9m disso, a concorr\u00eancia no elenco aumentou, tornando ainda mais dif\u00edcil [&hellip;]","og_url":"https:\/\/www.gaveanews.com\/index.php\/2025\/03\/11\/eles-perderam-espaco-no-vasco-de-fabio-carille\/","og_site_name":"G\u00e1vea News","article_publisher":"https:\/\/facebook.com\/gaveaNews\/","article_published_time":"2025-03-11T23:45:00+00:00","og_image":[{"width":1440,"height":960,"url":"https:\/\/www.gaveanews.com\/wp-content\/uploads\/Camisa-do-Vasco-da-Gama.webp","type":"image\/jpeg"}],"author":"Rafaela Ladeira","twitter_card":"summary_large_image","twitter_misc":{"Escrito por":"Rafaela Ladeira","Est. tempo de leitura":"3 minutos"},"schema":{"@context":"https:\/\/schema.org","@graph":[{"@type":"NewsArticle","@id":"https:\/\/www.gaveanews.com\/index.php\/2025\/03\/11\/eles-perderam-espaco-no-vasco-de-fabio-carille\/#article","isPartOf":{"@id":"https:\/\/www.gaveanews.com\/index.php\/2025\/03\/11\/eles-perderam-espaco-no-vasco-de-fabio-carille\/"},"author":{"name":"Rafaela Ladeira","@id":"https:\/\/www.gaveanews.com\/#\/schema\/person\/0eb3e3fe1754f0205218538adbe8f5ed"},"headline":"Eles perderam espa\u00e7o no Vasco de F\u00e1bio Carille","datePublished":"2025-03-11T23:45:00+00:00","mainEntityOfPage":{"@id":"https:\/\/www.gaveanews.com\/index.php\/2025\/03\/11\/eles-perderam-espaco-no-vasco-de-fabio-carille\/"},"wordCount":493,"commentCount":0,"image":{"@id":"https:\/\/www.gaveanews.com\/index.php\/2025\/03\/11\/eles-perderam-espaco-no-vasco-de-fabio-carille\/#primaryimage"},"thumbnailUrl":"https:\/\/www.gaveanews.com\/wp-content\/uploads\/Camisa-do-Vasco-da-Gama.webp","articleSection":["Vasco"],"inLanguage":"pt-BR","potentialAction":[{"@type":"CommentAction","name":"Comment","target":["https:\/\/www.gaveanews.com\/index.php\/2025\/03\/11\/eles-perderam-espaco-no-vasco-de-fabio-carille\/#respond"]}],"copyrightYear":"2025","copyrightHolder":{"@id":"https:\/\/www.gaveanews.com\/#organization"}},{"@type":"WebPage","@id":"https:\/\/www.gaveanews.com\/index.php\/2025\/03\/11\/eles-perderam-espaco-no-vasco-de-fabio-carille\/","url":"https:\/\/www.gaveanews.com\/index.php\/2025\/03\/11\/eles-perderam-espaco-no-vasco-de-fabio-carille\/","name":"Eles perderam espa\u00e7o no Vasco de F\u00e1bio Carille","isPartOf":{"@id":"https:\/\/www.gaveanews.com\/#website"},"primaryImageOfPage":{"@id":"https:\/\/www.gaveanews.com\/index.php\/2025\/03\/11\/eles-perderam-espaco-no-vasco-de-fabio-carille\/#primaryimage"},"image":{"@id":"https:\/\/www.gaveanews.com\/index.php\/2025\/03\/11\/eles-perderam-espaco-no-vasco-de-fabio-carille\/#primaryimage"},"thumbnailUrl":"https:\/\/www.gaveanews.com\/wp-content\/uploads\/Camisa-do-Vasco-da-Gama.webp","datePublished":"2025-03-11T23:45:00+00:00","author":{"@id":"https:\/\/www.gaveanews.com\/#\/schema\/person\/0eb3e3fe1754f0205218538adbe8f5ed"},"breadcrumb":{"@id":"https:\/\/www.gaveanews.com\/index.php\/2025\/03\/11\/eles-perderam-espaco-no-vasco-de-fabio-carille\/#breadcrumb"},"inLanguage":"pt-BR","potentialAction":[{"@type":"ReadAction","target":["https:\/\/www.gaveanews.com\/index.php\/2025\/03\/11\/eles-perderam-espaco-no-vasco-de-fabio-carille\/"]}]},{"@type":"ImageObject","inLanguage":"pt-BR","@id":"https:\/\/www.gaveanews.com\/index.php\/2025\/03\/11\/eles-perderam-espaco-no-vasco-de-fabio-carille\/#primaryimage","url":"https:\/\/www.gaveanews.com\/wp-content\/uploads\/Camisa-do-Vasco-da-Gama.webp","contentUrl":"https:\/\/www.gaveanews.com\/wp-content\/uploads\/Camisa-do-Vasco-da-Gama.webp","width":1440,"height":960,"caption":"Camisa do Vasco da Gama (Foto: Reprodu\u00e7\u00e3o\/Instagram)"},{"@type":"BreadcrumbList","@id":"https:\/\/www.gaveanews.com\/index.php\/2025\/03\/11\/eles-perderam-espaco-no-vasco-de-fabio-carille\/#breadcrumb","itemListElement":[{"@type":"ListItem","position":1,"name":"Home","item":"https:\/\/www.gaveanews.com\/"},{"@type":"ListItem","position":2,"name":"Eles perderam espa\u00e7o no Vasco de F\u00e1bio Carille"}]},{"@type":"WebSite","@id":"https:\/\/www.gaveanews.com\/#website","url":"https:\/\/www.gaveanews.com\/","name":"G\u00e1vea News","description":"Veja todas as not\u00edcias sobre o Flamengo: Contrata\u00e7\u00f5es, categorias de base, resultados das partidas, tabela de classifica\u00e7\u00e3o, pr\u00f3ximos jogos!","potentialAction":[{"@type":"SearchAction","target":{"@type":"EntryPoint","urlTemplate":"https:\/\/www.gaveanews.com\/?s={search_term_string}"},"query-input":{"@type":"PropertyValueSpecification","valueRequired":true,"valueName":"search_term_string"}}],"inLanguage":"pt-BR"},{"@type":"Person","@id":"https:\/\/www.gaveanews.com\/#\/schema\/person\/0eb3e3fe1754f0205218538adbe8f5ed","name":"Rafaela Ladeira","image":{"@type":"ImageObject","inLanguage":"pt-BR","@id":"https:\/\/www.gaveanews.com\/#\/schema\/person\/image\/","url":"https:\/\/secure.gravatar.com\/avatar\/c31f513acffd85eacab5730cbdfdbbf59f21ba5aeada8cd890acea879fbb2455?s=96&d=mm&r=g","contentUrl":"https:\/\/secure.gravatar.com\/avatar\/c31f513acffd85eacab5730cbdfdbbf59f21ba5aeada8cd890acea879fbb2455?s=96&d=mm&r=g","caption":"Rafaela Ladeira"}}]}},"_links":{"self":[{"href":"https:\/\/www.gaveanews.com\/index.php\/wp-json\/wp\/v2\/posts\/238471","targetHints":{"allow":["GET"]}}],"collection":[{"href":"https:\/\/www.gaveanews.com\/index.php\/wp-json\/wp\/v2\/posts"}],"about":[{"href":"https:\/\/www.gaveanews.com\/index.php\/wp-json\/wp\/v2\/types\/post"}],"author":[{"embeddable":true,"href":"https:\/\/www.gaveanews.com\/index.php\/wp-json\/wp\/v2\/users\/25"}],"replies":[{"embeddable":true,"href":"https:\/\/www.gaveanews.com\/index.php\/wp-json\/wp\/v2\/comments?post=238471"}],"version-history":[{"count":1,"href":"https:\/\/www.gaveanews.com\/index.php\/wp-json\/wp\/v2\/posts\/238471\/revisions"}],"predecessor-version":[{"id":238472,"href":"https:\/\/www.gaveanews.com\/index.php\/wp-json\/wp\/v2\/posts\/238471\/revisions\/238472"}],"wp:featuredmedia":[{"embeddable":true,"href":"https:\/\/www.gaveanews.com\/index.php\/wp-json\/wp\/v2\/media\/147443"}],"wp:attachment":[{"href":"https:\/\/www.gaveanews.com\/index.php\/wp-json\/wp\/v2\/media?parent=238471"}],"wp:term":[{"taxonomy":"category","embeddable":true,"href":"https:\/\/www.gaveanews.com\/index.php\/wp-json\/wp\/v2\/categories?post=238471"},{"taxonomy":"post_tag","embeddable":true,"href":"https:\/\/www.gaveanews.com\/index.php\/wp-json\/wp\/v2\/tags?post=238471"}],"curies":[{"name":"wp","href":"https:\/\/api.w.org\/{rel}","templated":true}]}}