{"id":238487,"date":"2025-03-11T20:05:00","date_gmt":"2025-03-11T23:05:00","guid":{"rendered":"https:\/\/www.gaveanews.com\/?p=238487"},"modified":"2025-03-11T16:35:18","modified_gmt":"2025-03-11T19:35:18","slug":"idolo-do-palmeiras-marcos-e-sincero-ao-falar-sobre-penalti-em-vitor-roque","status":"publish","type":"post","link":"https:\/\/www.gaveanews.com\/index.php\/2025\/03\/11\/idolo-do-palmeiras-marcos-e-sincero-ao-falar-sobre-penalti-em-vitor-roque\/","title":{"rendered":"\u00cddolo do Palmeiras, Marcos \u00e9 sincero ao falar sobre p\u00eanalti em Vitor Roque"},"content":{"rendered":"\n<h2 class=\"wp-block-heading\" id=\"h-nao-achei-penalti-disse-ex-goleiro\">&#8220;N\u00e3o achei p\u00eanalti\u201d, disse ex-goleiro <\/h2>\n\n\n\n<p>O Palmeiras venceu o S\u00e3o Paulo na \u00faltima segunda-feira (10) por 1 a 0, gol de Raphael Veiga de p\u00eanalti. Ali\u00e1s, a penalidade m\u00e1xima que o Verd\u00e3o teve a favor foi uma verdadeira pol\u00eamica. O Tricolor tentava sair jogando, mas o goleiro Rafael errou o passe e Arboleda acabou escorregando. <\/p>\n\n\n\n<p>Tentando voltar para a jogada, Arboleda tentou dar o bote em Vitor Roque, que se jogou no gramado e o \u00e1rbitro Fl\u00e1vio Rodrigues de Souza marcou o p\u00eanalti na mesma hora, mesmo que n\u00e3o estivesse t\u00e3o perto do lance. Os jogadores do S\u00e3o Paulo ficaram indignados e pediram que o dono do apito fosse ao VAR revisar o lance. No entanto, Fl\u00e1vio Rodrigues n\u00e3o foi e a penalidade m\u00e1xima foi mantida. <\/p>\n\n\n\n<p>Raphael Veiga que n\u00e3o tinha nada com isso, foi para a cobran\u00e7a e converteu, assim dando a classifica\u00e7\u00e3o para o Palmeiras para a final do Paulist\u00e3o 2025. Ap\u00f3s o jogo, o ex-goleiro e \u00eddolo do Verd\u00e3o, Marcos, comentou sobre o p\u00eanalti pol\u00eamico e afirmou que n\u00e3o houve nada. <\/p>\n\n\n\n<p>\u201cHoje em dia, qualquer coisa vira pol\u00eamica. E eu estou aqui para lan\u00e7ar mais uma pol\u00eamica (risos). Sei que voc\u00eas v\u00e3o ficar p*** comigo, mas n\u00e3o foi nada. Joguei no sistema defensivo a minha vida inteira e isso era comum, o zagueiro deixar a perna ali e o centroavante procura a perna do zagueiro ou a m\u00e3o do goleiro para o juiz cair na deles\u201d,\u00a0iniciou. <\/p>\n\n\n\n<p>\u201cN\u00e3o foi o primeiro que eu vi, todo mundo j\u00e1 foi beneficiado e prejudicado com p\u00eanalti assim. Para n\u00e3o ter o erro, era o VAR [entrar em a\u00e7\u00e3o], tinha que ir l\u00e1 olhar todos os \u00e2ngulos e tomar a decis\u00e3o dele. N\u00e3o vou zoar ningu\u00e9m, porque foi uma partida em que os dois times se entregaram demais e meu time se classificou. Para falar a verdade, n\u00e3o achei p\u00eanalti\u201d, completou.<\/p>\n\n\n\n<p>Agora, o Palmeiras enfrenta o Corinthians na final do Campeonato Paulista de 2025. O jogo de ida ser\u00e1 no Allianz Parque neste domingo (16). A volta dever\u00e1 ser na quinta-feira (27) na Neo Qu\u00edmica Arena. As partidas ainda n\u00e3o possuem hor\u00e1rios definidos e a data do segundo jogo ainda ser\u00e1 confirmada. <\/p>\n","protected":false},"excerpt":{"rendered":"<p>&#8220;N\u00e3o achei p\u00eanalti\u201d, disse ex-goleiro O Palmeiras venceu o S\u00e3o Paulo na \u00faltima segunda-feira (10) por 1 a 0, gol de Raphael Veiga de p\u00eanalti. Ali\u00e1s, a penalidade m\u00e1xima que o Verd\u00e3o teve a favor foi uma verdadeira pol\u00eamica. O Tricolor tentava sair jogando, mas o goleiro Rafael errou o passe e Arboleda acabou escorregando. [&hellip;]<\/p>\n","protected":false},"author":21,"featured_media":236329,"comment_status":"open","ping_status":"closed","sticky":false,"template":"","format":"standard","meta":{"footnotes":""},"categories":[150,151],"tags":[],"class_list":["post-238487","post","type-post","status-publish","format-standard","has-post-thumbnail","hentry","category-palmeiras","category-sao-paulo"],"yoast_head":"<!-- This site is optimized with the Yoast SEO Premium plugin v24.2 (Yoast SEO v26.9) - https:\/\/yoast.com\/product\/yoast-seo-premium-wordpress\/ -->\n<title>\u00cddolo do Palmeiras, Marcos \u00e9 sincero ao falar sobre p\u00eanalti em Vitor Roque<\/title>\n<meta name=\"robots\" content=\"index, follow, max-snippet:-1, max-image-preview:large, max-video-preview:-1\" \/>\n<link rel=\"canonical\" href=\"https:\/\/www.gaveanews.com\/index.php\/2025\/03\/11\/idolo-do-palmeiras-marcos-e-sincero-ao-falar-sobre-penalti-em-vitor-roque\/\" \/>\n<meta property=\"og:locale\" content=\"pt_BR\" \/>\n<meta property=\"og:type\" content=\"article\" \/>\n<meta property=\"og:title\" content=\"\u00cddolo do Palmeiras, Marcos \u00e9 sincero ao falar sobre p\u00eanalti em Vitor Roque\" \/>\n<meta property=\"og:description\" content=\"&#8220;N\u00e3o achei p\u00eanalti\u201d, disse ex-goleiro O Palmeiras venceu o S\u00e3o Paulo na \u00faltima segunda-feira (10) por 1 a 0, gol de Raphael Veiga de p\u00eanalti. Ali\u00e1s, a penalidade m\u00e1xima que o Verd\u00e3o teve a favor foi uma verdadeira pol\u00eamica. O Tricolor tentava sair jogando, mas o goleiro Rafael errou o passe e Arboleda acabou escorregando. [&hellip;]\" \/>\n<meta property=\"og:url\" content=\"https:\/\/www.gaveanews.com\/index.php\/2025\/03\/11\/idolo-do-palmeiras-marcos-e-sincero-ao-falar-sobre-penalti-em-vitor-roque\/\" \/>\n<meta property=\"og:site_name\" content=\"G\u00e1vea News\" \/>\n<meta property=\"article:publisher\" content=\"https:\/\/facebook.com\/gaveaNews\/\" \/>\n<meta property=\"article:published_time\" content=\"2025-03-11T23:05:00+00:00\" \/>\n<meta property=\"og:image\" content=\"https:\/\/www.gaveanews.com\/wp-content\/uploads\/Vitor-Roque-pelo-Palmeiras.webp\" \/>\n\t<meta property=\"og:image:width\" content=\"850\" \/>\n\t<meta property=\"og:image:height\" content=\"585\" \/>\n\t<meta property=\"og:image:type\" content=\"image\/jpeg\" \/>\n<meta name=\"author\" content=\"Andr\u00e9 Serra\" \/>\n<meta name=\"twitter:card\" content=\"summary_large_image\" \/>\n<meta name=\"twitter:label1\" content=\"Escrito por\" \/>\n\t<meta name=\"twitter:data1\" content=\"Andr\u00e9 Serra\" \/>\n\t<meta name=\"twitter:label2\" content=\"Est. tempo de leitura\" \/>\n\t<meta name=\"twitter:data2\" content=\"3 minutos\" \/>\n<script type=\"application\/ld+json\" class=\"yoast-schema-graph\">{\"@context\":\"https:\/\/schema.org\",\"@graph\":[{\"@type\":\"NewsArticle\",\"@id\":\"https:\/\/www.gaveanews.com\/index.php\/2025\/03\/11\/idolo-do-palmeiras-marcos-e-sincero-ao-falar-sobre-penalti-em-vitor-roque\/#article\",\"isPartOf\":{\"@id\":\"https:\/\/www.gaveanews.com\/index.php\/2025\/03\/11\/idolo-do-palmeiras-marcos-e-sincero-ao-falar-sobre-penalti-em-vitor-roque\/\"},\"author\":{\"name\":\"Andr\u00e9 Serra\",\"@id\":\"https:\/\/www.gaveanews.com\/#\/schema\/person\/0277a79a1289c451c281ec0411d84f0c\"},\"headline\":\"\u00cddolo do Palmeiras, Marcos \u00e9 sincero ao falar sobre p\u00eanalti em Vitor Roque\",\"datePublished\":\"2025-03-11T23:05:00+00:00\",\"mainEntityOfPage\":{\"@id\":\"https:\/\/www.gaveanews.com\/index.php\/2025\/03\/11\/idolo-do-palmeiras-marcos-e-sincero-ao-falar-sobre-penalti-em-vitor-roque\/\"},\"wordCount\":411,\"commentCount\":0,\"image\":{\"@id\":\"https:\/\/www.gaveanews.com\/index.php\/2025\/03\/11\/idolo-do-palmeiras-marcos-e-sincero-ao-falar-sobre-penalti-em-vitor-roque\/#primaryimage\"},\"thumbnailUrl\":\"https:\/\/www.gaveanews.com\/wp-content\/uploads\/Vitor-Roque-pelo-Palmeiras.webp\",\"articleSection\":[\"Palmeiras\",\"S\u00e3o Paulo\"],\"inLanguage\":\"pt-BR\",\"potentialAction\":[{\"@type\":\"CommentAction\",\"name\":\"Comment\",\"target\":[\"https:\/\/www.gaveanews.com\/index.php\/2025\/03\/11\/idolo-do-palmeiras-marcos-e-sincero-ao-falar-sobre-penalti-em-vitor-roque\/#respond\"]}],\"copyrightYear\":\"2025\",\"copyrightHolder\":{\"@id\":\"https:\/\/www.gaveanews.com\/#organization\"}},{\"@type\":\"WebPage\",\"@id\":\"https:\/\/www.gaveanews.com\/index.php\/2025\/03\/11\/idolo-do-palmeiras-marcos-e-sincero-ao-falar-sobre-penalti-em-vitor-roque\/\",\"url\":\"https:\/\/www.gaveanews.com\/index.php\/2025\/03\/11\/idolo-do-palmeiras-marcos-e-sincero-ao-falar-sobre-penalti-em-vitor-roque\/\",\"name\":\"\u00cddolo do Palmeiras, Marcos \u00e9 sincero ao falar sobre p\u00eanalti em Vitor Roque\",\"isPartOf\":{\"@id\":\"https:\/\/www.gaveanews.com\/#website\"},\"primaryImageOfPage\":{\"@id\":\"https:\/\/www.gaveanews.com\/index.php\/2025\/03\/11\/idolo-do-palmeiras-marcos-e-sincero-ao-falar-sobre-penalti-em-vitor-roque\/#primaryimage\"},\"image\":{\"@id\":\"https:\/\/www.gaveanews.com\/index.php\/2025\/03\/11\/idolo-do-palmeiras-marcos-e-sincero-ao-falar-sobre-penalti-em-vitor-roque\/#primaryimage\"},\"thumbnailUrl\":\"https:\/\/www.gaveanews.com\/wp-content\/uploads\/Vitor-Roque-pelo-Palmeiras.webp\",\"datePublished\":\"2025-03-11T23:05:00+00:00\",\"author\":{\"@id\":\"https:\/\/www.gaveanews.com\/#\/schema\/person\/0277a79a1289c451c281ec0411d84f0c\"},\"breadcrumb\":{\"@id\":\"https:\/\/www.gaveanews.com\/index.php\/2025\/03\/11\/idolo-do-palmeiras-marcos-e-sincero-ao-falar-sobre-penalti-em-vitor-roque\/#breadcrumb\"},\"inLanguage\":\"pt-BR\",\"potentialAction\":[{\"@type\":\"ReadAction\",\"target\":[\"https:\/\/www.gaveanews.com\/index.php\/2025\/03\/11\/idolo-do-palmeiras-marcos-e-sincero-ao-falar-sobre-penalti-em-vitor-roque\/\"]}]},{\"@type\":\"ImageObject\",\"inLanguage\":\"pt-BR\",\"@id\":\"https:\/\/www.gaveanews.com\/index.php\/2025\/03\/11\/idolo-do-palmeiras-marcos-e-sincero-ao-falar-sobre-penalti-em-vitor-roque\/#primaryimage\",\"url\":\"https:\/\/www.gaveanews.com\/wp-content\/uploads\/Vitor-Roque-pelo-Palmeiras.webp\",\"contentUrl\":\"https:\/\/www.gaveanews.com\/wp-content\/uploads\/Vitor-Roque-pelo-Palmeiras.webp\",\"width\":850,\"height\":585,\"caption\":\"Vitor Roque pelo Palmeiras (Foto: Cesar Greco\/Palmeiras)\"},{\"@type\":\"BreadcrumbList\",\"@id\":\"https:\/\/www.gaveanews.com\/index.php\/2025\/03\/11\/idolo-do-palmeiras-marcos-e-sincero-ao-falar-sobre-penalti-em-vitor-roque\/#breadcrumb\",\"itemListElement\":[{\"@type\":\"ListItem\",\"position\":1,\"name\":\"Home\",\"item\":\"https:\/\/www.gaveanews.com\/\"},{\"@type\":\"ListItem\",\"position\":2,\"name\":\"\u00cddolo do Palmeiras, Marcos \u00e9 sincero ao falar sobre p\u00eanalti em Vitor Roque\"}]},{\"@type\":\"WebSite\",\"@id\":\"https:\/\/www.gaveanews.com\/#website\",\"url\":\"https:\/\/www.gaveanews.com\/\",\"name\":\"G\u00e1vea News\",\"description\":\"Veja todas as not\u00edcias sobre o Flamengo: Contrata\u00e7\u00f5es, categorias de base, resultados das partidas, tabela de classifica\u00e7\u00e3o, pr\u00f3ximos jogos!\",\"potentialAction\":[{\"@type\":\"SearchAction\",\"target\":{\"@type\":\"EntryPoint\",\"urlTemplate\":\"https:\/\/www.gaveanews.com\/?s={search_term_string}\"},\"query-input\":{\"@type\":\"PropertyValueSpecification\",\"valueRequired\":true,\"valueName\":\"search_term_string\"}}],\"inLanguage\":\"pt-BR\"},{\"@type\":\"Person\",\"@id\":\"https:\/\/www.gaveanews.com\/#\/schema\/person\/0277a79a1289c451c281ec0411d84f0c\",\"name\":\"Andr\u00e9 Serra\",\"image\":{\"@type\":\"ImageObject\",\"inLanguage\":\"pt-BR\",\"@id\":\"https:\/\/www.gaveanews.com\/#\/schema\/person\/image\/\",\"url\":\"https:\/\/secure.gravatar.com\/avatar\/d7231369fe48db93292b3e88eb2162dbd9a34a47a8437d9ef3bcaca2a86a83d7?s=96&d=mm&r=g\",\"contentUrl\":\"https:\/\/secure.gravatar.com\/avatar\/d7231369fe48db93292b3e88eb2162dbd9a34a47a8437d9ef3bcaca2a86a83d7?s=96&d=mm&r=g\",\"caption\":\"Andr\u00e9 Serra\"}}]}<\/script>\n<!-- \/ Yoast SEO Premium plugin. -->","yoast_head_json":{"title":"\u00cddolo do Palmeiras, Marcos \u00e9 sincero ao falar sobre p\u00eanalti em Vitor Roque","robots":{"index":"index","follow":"follow","max-snippet":"max-snippet:-1","max-image-preview":"max-image-preview:large","max-video-preview":"max-video-preview:-1"},"canonical":"https:\/\/www.gaveanews.com\/index.php\/2025\/03\/11\/idolo-do-palmeiras-marcos-e-sincero-ao-falar-sobre-penalti-em-vitor-roque\/","og_locale":"pt_BR","og_type":"article","og_title":"\u00cddolo do Palmeiras, Marcos \u00e9 sincero ao falar sobre p\u00eanalti em Vitor Roque","og_description":"&#8220;N\u00e3o achei p\u00eanalti\u201d, disse ex-goleiro O Palmeiras venceu o S\u00e3o Paulo na \u00faltima segunda-feira (10) por 1 a 0, gol de Raphael Veiga de p\u00eanalti. Ali\u00e1s, a penalidade m\u00e1xima que o Verd\u00e3o teve a favor foi uma verdadeira pol\u00eamica. O Tricolor tentava sair jogando, mas o goleiro Rafael errou o passe e Arboleda acabou escorregando. [&hellip;]","og_url":"https:\/\/www.gaveanews.com\/index.php\/2025\/03\/11\/idolo-do-palmeiras-marcos-e-sincero-ao-falar-sobre-penalti-em-vitor-roque\/","og_site_name":"G\u00e1vea News","article_publisher":"https:\/\/facebook.com\/gaveaNews\/","article_published_time":"2025-03-11T23:05:00+00:00","og_image":[{"width":850,"height":585,"url":"https:\/\/www.gaveanews.com\/wp-content\/uploads\/Vitor-Roque-pelo-Palmeiras.webp","type":"image\/jpeg"}],"author":"Andr\u00e9 Serra","twitter_card":"summary_large_image","twitter_misc":{"Escrito por":"Andr\u00e9 Serra","Est. tempo de leitura":"3 minutos"},"schema":{"@context":"https:\/\/schema.org","@graph":[{"@type":"NewsArticle","@id":"https:\/\/www.gaveanews.com\/index.php\/2025\/03\/11\/idolo-do-palmeiras-marcos-e-sincero-ao-falar-sobre-penalti-em-vitor-roque\/#article","isPartOf":{"@id":"https:\/\/www.gaveanews.com\/index.php\/2025\/03\/11\/idolo-do-palmeiras-marcos-e-sincero-ao-falar-sobre-penalti-em-vitor-roque\/"},"author":{"name":"Andr\u00e9 Serra","@id":"https:\/\/www.gaveanews.com\/#\/schema\/person\/0277a79a1289c451c281ec0411d84f0c"},"headline":"\u00cddolo do Palmeiras, Marcos \u00e9 sincero ao falar sobre p\u00eanalti em Vitor Roque","datePublished":"2025-03-11T23:05:00+00:00","mainEntityOfPage":{"@id":"https:\/\/www.gaveanews.com\/index.php\/2025\/03\/11\/idolo-do-palmeiras-marcos-e-sincero-ao-falar-sobre-penalti-em-vitor-roque\/"},"wordCount":411,"commentCount":0,"image":{"@id":"https:\/\/www.gaveanews.com\/index.php\/2025\/03\/11\/idolo-do-palmeiras-marcos-e-sincero-ao-falar-sobre-penalti-em-vitor-roque\/#primaryimage"},"thumbnailUrl":"https:\/\/www.gaveanews.com\/wp-content\/uploads\/Vitor-Roque-pelo-Palmeiras.webp","articleSection":["Palmeiras","S\u00e3o Paulo"],"inLanguage":"pt-BR","potentialAction":[{"@type":"CommentAction","name":"Comment","target":["https:\/\/www.gaveanews.com\/index.php\/2025\/03\/11\/idolo-do-palmeiras-marcos-e-sincero-ao-falar-sobre-penalti-em-vitor-roque\/#respond"]}],"copyrightYear":"2025","copyrightHolder":{"@id":"https:\/\/www.gaveanews.com\/#organization"}},{"@type":"WebPage","@id":"https:\/\/www.gaveanews.com\/index.php\/2025\/03\/11\/idolo-do-palmeiras-marcos-e-sincero-ao-falar-sobre-penalti-em-vitor-roque\/","url":"https:\/\/www.gaveanews.com\/index.php\/2025\/03\/11\/idolo-do-palmeiras-marcos-e-sincero-ao-falar-sobre-penalti-em-vitor-roque\/","name":"\u00cddolo do Palmeiras, Marcos \u00e9 sincero ao falar sobre p\u00eanalti em Vitor Roque","isPartOf":{"@id":"https:\/\/www.gaveanews.com\/#website"},"primaryImageOfPage":{"@id":"https:\/\/www.gaveanews.com\/index.php\/2025\/03\/11\/idolo-do-palmeiras-marcos-e-sincero-ao-falar-sobre-penalti-em-vitor-roque\/#primaryimage"},"image":{"@id":"https:\/\/www.gaveanews.com\/index.php\/2025\/03\/11\/idolo-do-palmeiras-marcos-e-sincero-ao-falar-sobre-penalti-em-vitor-roque\/#primaryimage"},"thumbnailUrl":"https:\/\/www.gaveanews.com\/wp-content\/uploads\/Vitor-Roque-pelo-Palmeiras.webp","datePublished":"2025-03-11T23:05:00+00:00","author":{"@id":"https:\/\/www.gaveanews.com\/#\/schema\/person\/0277a79a1289c451c281ec0411d84f0c"},"breadcrumb":{"@id":"https:\/\/www.gaveanews.com\/index.php\/2025\/03\/11\/idolo-do-palmeiras-marcos-e-sincero-ao-falar-sobre-penalti-em-vitor-roque\/#breadcrumb"},"inLanguage":"pt-BR","potentialAction":[{"@type":"ReadAction","target":["https:\/\/www.gaveanews.com\/index.php\/2025\/03\/11\/idolo-do-palmeiras-marcos-e-sincero-ao-falar-sobre-penalti-em-vitor-roque\/"]}]},{"@type":"ImageObject","inLanguage":"pt-BR","@id":"https:\/\/www.gaveanews.com\/index.php\/2025\/03\/11\/idolo-do-palmeiras-marcos-e-sincero-ao-falar-sobre-penalti-em-vitor-roque\/#primaryimage","url":"https:\/\/www.gaveanews.com\/wp-content\/uploads\/Vitor-Roque-pelo-Palmeiras.webp","contentUrl":"https:\/\/www.gaveanews.com\/wp-content\/uploads\/Vitor-Roque-pelo-Palmeiras.webp","width":850,"height":585,"caption":"Vitor Roque pelo Palmeiras (Foto: Cesar Greco\/Palmeiras)"},{"@type":"BreadcrumbList","@id":"https:\/\/www.gaveanews.com\/index.php\/2025\/03\/11\/idolo-do-palmeiras-marcos-e-sincero-ao-falar-sobre-penalti-em-vitor-roque\/#breadcrumb","itemListElement":[{"@type":"ListItem","position":1,"name":"Home","item":"https:\/\/www.gaveanews.com\/"},{"@type":"ListItem","position":2,"name":"\u00cddolo do Palmeiras, Marcos \u00e9 sincero ao falar sobre p\u00eanalti em Vitor Roque"}]},{"@type":"WebSite","@id":"https:\/\/www.gaveanews.com\/#website","url":"https:\/\/www.gaveanews.com\/","name":"G\u00e1vea News","description":"Veja todas as not\u00edcias sobre o Flamengo: Contrata\u00e7\u00f5es, categorias de base, resultados das partidas, tabela de classifica\u00e7\u00e3o, pr\u00f3ximos jogos!","potentialAction":[{"@type":"SearchAction","target":{"@type":"EntryPoint","urlTemplate":"https:\/\/www.gaveanews.com\/?s={search_term_string}"},"query-input":{"@type":"PropertyValueSpecification","valueRequired":true,"valueName":"search_term_string"}}],"inLanguage":"pt-BR"},{"@type":"Person","@id":"https:\/\/www.gaveanews.com\/#\/schema\/person\/0277a79a1289c451c281ec0411d84f0c","name":"Andr\u00e9 Serra","image":{"@type":"ImageObject","inLanguage":"pt-BR","@id":"https:\/\/www.gaveanews.com\/#\/schema\/person\/image\/","url":"https:\/\/secure.gravatar.com\/avatar\/d7231369fe48db93292b3e88eb2162dbd9a34a47a8437d9ef3bcaca2a86a83d7?s=96&d=mm&r=g","contentUrl":"https:\/\/secure.gravatar.com\/avatar\/d7231369fe48db93292b3e88eb2162dbd9a34a47a8437d9ef3bcaca2a86a83d7?s=96&d=mm&r=g","caption":"Andr\u00e9 Serra"}}]}},"_links":{"self":[{"href":"https:\/\/www.gaveanews.com\/index.php\/wp-json\/wp\/v2\/posts\/238487","targetHints":{"allow":["GET"]}}],"collection":[{"href":"https:\/\/www.gaveanews.com\/index.php\/wp-json\/wp\/v2\/posts"}],"about":[{"href":"https:\/\/www.gaveanews.com\/index.php\/wp-json\/wp\/v2\/types\/post"}],"author":[{"embeddable":true,"href":"https:\/\/www.gaveanews.com\/index.php\/wp-json\/wp\/v2\/users\/21"}],"replies":[{"embeddable":true,"href":"https:\/\/www.gaveanews.com\/index.php\/wp-json\/wp\/v2\/comments?post=238487"}],"version-history":[{"count":1,"href":"https:\/\/www.gaveanews.com\/index.php\/wp-json\/wp\/v2\/posts\/238487\/revisions"}],"predecessor-version":[{"id":238505,"href":"https:\/\/www.gaveanews.com\/index.php\/wp-json\/wp\/v2\/posts\/238487\/revisions\/238505"}],"wp:featuredmedia":[{"embeddable":true,"href":"https:\/\/www.gaveanews.com\/index.php\/wp-json\/wp\/v2\/media\/236329"}],"wp:attachment":[{"href":"https:\/\/www.gaveanews.com\/index.php\/wp-json\/wp\/v2\/media?parent=238487"}],"wp:term":[{"taxonomy":"category","embeddable":true,"href":"https:\/\/www.gaveanews.com\/index.php\/wp-json\/wp\/v2\/categories?post=238487"},{"taxonomy":"post_tag","embeddable":true,"href":"https:\/\/www.gaveanews.com\/index.php\/wp-json\/wp\/v2\/tags?post=238487"}],"curies":[{"name":"wp","href":"https:\/\/api.w.org\/{rel}","templated":true}]}}