{"id":238511,"date":"2025-03-11T19:35:00","date_gmt":"2025-03-11T22:35:00","guid":{"rendered":"https:\/\/www.gaveanews.com\/?p=238511"},"modified":"2025-03-11T16:34:47","modified_gmt":"2025-03-11T19:34:47","slug":"corinthians-x-palmeiras-muller-crava-campeao-paulista","status":"publish","type":"post","link":"https:\/\/www.gaveanews.com\/index.php\/2025\/03\/11\/corinthians-x-palmeiras-muller-crava-campeao-paulista\/","title":{"rendered":"Corinthians x Palmeiras: Muller crava campe\u00e3o paulista"},"content":{"rendered":"\n<p>O Campeonato Paulista de 2025 est\u00e1 chegando \u00e0 sua reta final, e o Corinthians j\u00e1 garantiu sua vaga na decis\u00e3o ao vencer o Santos por 2 a 1 na Neo Qu\u00edmica Arena.&nbsp;<\/p>\n\n\n\n<p>Agora, aguarda o Palmeiras, que eliminou o S\u00e3o Paulo, para um confronto que promete ser eletrizante. Diante desse cen\u00e1rio, Muller, ex-jogador e comentarista, foi direto ao apontar o Tim\u00e3o como favorito ao t\u00edtulo estadual.<\/p>\n\n\n\n<h2 class=\"wp-block-heading\" id=\"h-muller-aponta-corinthians-como-o-grande-favorito\">Muller aponta Corinthians como o grande favorito<\/h2>\n\n\n\n<p>Ap\u00f3s a classifica\u00e7\u00e3o corintiana, Muller analisou o desempenho da equipe e n\u00e3o teve d\u00favidas ao cravar que o Tim\u00e3o chega com for\u00e7a total para a final. Al\u00e9m disso, ele destacou a instabilidade dos rivais ao longo do torneio.<\/p>\n\n\n\n<p>\u201cNo Paulist\u00e3o, o S\u00e3o Paulo vem mal das pernas assim como o Palmeiras. O Corinthians n\u00e3o. \u00c9 a melhor campanha e est\u00e1 na final\u201d, afirmou Muller, refor\u00e7ando a solidez do time na competi\u00e7\u00e3o.<\/p>\n\n\n\n<p>Isso porque, desde o in\u00edcio do campeonato, o Corinthians mostrou regularidade e agora busca coroar sua campanha com o t\u00edtulo. Dessa maneira, a equipe de Ram\u00f3ns D\u00edaz ter\u00e1 dois jogos para confirmar o favoritismo e levantar a ta\u00e7a.<\/p>\n\n\n\n<h2 class=\"wp-block-heading\" id=\"h-data-da-final-pode-ser-ajustada-por-conflito-de-calendario\">Data da final pode ser ajustada por conflito de calend\u00e1rio<\/h2>\n\n\n\n<p>A Federa\u00e7\u00e3o Paulista de Futebol (FPF) marcou a grande decis\u00e3o para o dia 27 de mar\u00e7o. No entanto, essa data coincide com a estreia do Corinthians no Campeonato Brasileiro, prevista para o dia 29. Por isso, h\u00e1 negocia\u00e7\u00f5es entre a FPF e a CBF para poss\u00edveis ajustes no calend\u00e1rio.<\/p>\n\n\n\n<p>Vale destacar que o formato da final ser\u00e1 de ida e volta, com o primeiro duelo acontecendo no pr\u00f3ximo domingo (16). Sendo assim, o Tim\u00e3o precisar\u00e1 manter o foco para lidar com a maratona de jogos.<\/p>\n\n\n\n<h2 class=\"wp-block-heading\" id=\"h-libertadores-pode-mudar-o-animo-da-equipe\">Libertadores pode mudar o \u00e2nimo da equipe<\/h2>\n\n\n\n<p>Antes de enfrentar o Palmeiras na final, o Corinthians ter\u00e1 um desafio crucial na Libertadores. Isso porque, na pr\u00f3xima quarta-feira (12), o time precisa reverter um placar de 3 a 0 contra o Barcelona de Guayaquil para seguir na competi\u00e7\u00e3o.<\/p>\n\n\n\n<p>Com isso, a equipe precisar\u00e1 de um desempenho praticamente perfeito para manter vivo o sonho continental. Cabe ressaltar que a Neo Qu\u00edmica Arena estar\u00e1 lotada, e a torcida promete empurrar o time em busca da virada hist\u00f3rica.<\/p>\n\n\n\n<p>Desse jeito, o Corinthians chega ao momento decisivo da temporada com grandes desafios, mas tamb\u00e9m com a confian\u00e7a de que pode fazer hist\u00f3ria.<\/p>\n","protected":false},"excerpt":{"rendered":"<p>O Campeonato Paulista de 2025 est\u00e1 chegando \u00e0 sua reta final, e o Corinthians j\u00e1 garantiu sua vaga na decis\u00e3o ao vencer o Santos por 2 a 1 na Neo Qu\u00edmica Arena.&nbsp; Agora, aguarda o Palmeiras, que eliminou o S\u00e3o Paulo, para um confronto que promete ser eletrizante. Diante desse cen\u00e1rio, Muller, ex-jogador e comentarista, [&hellip;]<\/p>\n","protected":false},"author":25,"featured_media":212474,"comment_status":"open","ping_status":"closed","sticky":false,"template":"","format":"standard","meta":{"footnotes":""},"categories":[141,150],"tags":[],"class_list":["post-238511","post","type-post","status-publish","format-standard","has-post-thumbnail","hentry","category-corinthians","category-palmeiras"],"yoast_head":"<!-- This site is optimized with the Yoast SEO Premium plugin v24.2 (Yoast SEO v26.9) - https:\/\/yoast.com\/product\/yoast-seo-premium-wordpress\/ -->\n<title>Corinthians x Palmeiras: Muller crava campe\u00e3o paulista<\/title>\n<meta name=\"robots\" content=\"index, follow, max-snippet:-1, max-image-preview:large, max-video-preview:-1\" \/>\n<link rel=\"canonical\" href=\"https:\/\/www.gaveanews.com\/index.php\/2025\/03\/11\/corinthians-x-palmeiras-muller-crava-campeao-paulista\/\" \/>\n<meta property=\"og:locale\" content=\"pt_BR\" \/>\n<meta property=\"og:type\" content=\"article\" \/>\n<meta property=\"og:title\" content=\"Corinthians x Palmeiras: Muller crava campe\u00e3o paulista\" \/>\n<meta property=\"og:description\" content=\"O Campeonato Paulista de 2025 est\u00e1 chegando \u00e0 sua reta final, e o Corinthians j\u00e1 garantiu sua vaga na decis\u00e3o ao vencer o Santos por 2 a 1 na Neo Qu\u00edmica Arena.&nbsp; Agora, aguarda o Palmeiras, que eliminou o S\u00e3o Paulo, para um confronto que promete ser eletrizante. Diante desse cen\u00e1rio, Muller, ex-jogador e comentarista, [&hellip;]\" \/>\n<meta property=\"og:url\" content=\"https:\/\/www.gaveanews.com\/index.php\/2025\/03\/11\/corinthians-x-palmeiras-muller-crava-campeao-paulista\/\" \/>\n<meta property=\"og:site_name\" content=\"G\u00e1vea News\" \/>\n<meta property=\"article:publisher\" content=\"https:\/\/facebook.com\/gaveaNews\/\" \/>\n<meta property=\"article:published_time\" content=\"2025-03-11T22:35:00+00:00\" \/>\n<meta property=\"og:image\" content=\"https:\/\/www.gaveanews.com\/wp-content\/uploads\/Muller-durante-a-programacao-da-ESPN.webp\" \/>\n\t<meta property=\"og:image:width\" content=\"1536\" \/>\n\t<meta property=\"og:image:height\" content=\"864\" \/>\n\t<meta property=\"og:image:type\" content=\"image\/jpeg\" \/>\n<meta name=\"author\" content=\"Rafaela Ladeira\" \/>\n<meta name=\"twitter:card\" content=\"summary_large_image\" \/>\n<meta name=\"twitter:label1\" content=\"Escrito por\" \/>\n\t<meta name=\"twitter:data1\" content=\"Rafaela Ladeira\" \/>\n\t<meta name=\"twitter:label2\" content=\"Est. tempo de leitura\" \/>\n\t<meta name=\"twitter:data2\" content=\"3 minutos\" \/>\n<script type=\"application\/ld+json\" class=\"yoast-schema-graph\">{\"@context\":\"https:\/\/schema.org\",\"@graph\":[{\"@type\":\"NewsArticle\",\"@id\":\"https:\/\/www.gaveanews.com\/index.php\/2025\/03\/11\/corinthians-x-palmeiras-muller-crava-campeao-paulista\/#article\",\"isPartOf\":{\"@id\":\"https:\/\/www.gaveanews.com\/index.php\/2025\/03\/11\/corinthians-x-palmeiras-muller-crava-campeao-paulista\/\"},\"author\":{\"name\":\"Rafaela Ladeira\",\"@id\":\"https:\/\/www.gaveanews.com\/#\/schema\/person\/0eb3e3fe1754f0205218538adbe8f5ed\"},\"headline\":\"Corinthians x Palmeiras: Muller crava campe\u00e3o paulista\",\"datePublished\":\"2025-03-11T22:35:00+00:00\",\"mainEntityOfPage\":{\"@id\":\"https:\/\/www.gaveanews.com\/index.php\/2025\/03\/11\/corinthians-x-palmeiras-muller-crava-campeao-paulista\/\"},\"wordCount\":421,\"commentCount\":0,\"image\":{\"@id\":\"https:\/\/www.gaveanews.com\/index.php\/2025\/03\/11\/corinthians-x-palmeiras-muller-crava-campeao-paulista\/#primaryimage\"},\"thumbnailUrl\":\"https:\/\/www.gaveanews.com\/wp-content\/uploads\/Muller-durante-a-programacao-da-ESPN.webp\",\"articleSection\":[\"Corinthians\",\"Palmeiras\"],\"inLanguage\":\"pt-BR\",\"potentialAction\":[{\"@type\":\"CommentAction\",\"name\":\"Comment\",\"target\":[\"https:\/\/www.gaveanews.com\/index.php\/2025\/03\/11\/corinthians-x-palmeiras-muller-crava-campeao-paulista\/#respond\"]}],\"copyrightYear\":\"2025\",\"copyrightHolder\":{\"@id\":\"https:\/\/www.gaveanews.com\/#organization\"}},{\"@type\":\"WebPage\",\"@id\":\"https:\/\/www.gaveanews.com\/index.php\/2025\/03\/11\/corinthians-x-palmeiras-muller-crava-campeao-paulista\/\",\"url\":\"https:\/\/www.gaveanews.com\/index.php\/2025\/03\/11\/corinthians-x-palmeiras-muller-crava-campeao-paulista\/\",\"name\":\"Corinthians x Palmeiras: Muller crava campe\u00e3o paulista\",\"isPartOf\":{\"@id\":\"https:\/\/www.gaveanews.com\/#website\"},\"primaryImageOfPage\":{\"@id\":\"https:\/\/www.gaveanews.com\/index.php\/2025\/03\/11\/corinthians-x-palmeiras-muller-crava-campeao-paulista\/#primaryimage\"},\"image\":{\"@id\":\"https:\/\/www.gaveanews.com\/index.php\/2025\/03\/11\/corinthians-x-palmeiras-muller-crava-campeao-paulista\/#primaryimage\"},\"thumbnailUrl\":\"https:\/\/www.gaveanews.com\/wp-content\/uploads\/Muller-durante-a-programacao-da-ESPN.webp\",\"datePublished\":\"2025-03-11T22:35:00+00:00\",\"author\":{\"@id\":\"https:\/\/www.gaveanews.com\/#\/schema\/person\/0eb3e3fe1754f0205218538adbe8f5ed\"},\"breadcrumb\":{\"@id\":\"https:\/\/www.gaveanews.com\/index.php\/2025\/03\/11\/corinthians-x-palmeiras-muller-crava-campeao-paulista\/#breadcrumb\"},\"inLanguage\":\"pt-BR\",\"potentialAction\":[{\"@type\":\"ReadAction\",\"target\":[\"https:\/\/www.gaveanews.com\/index.php\/2025\/03\/11\/corinthians-x-palmeiras-muller-crava-campeao-paulista\/\"]}]},{\"@type\":\"ImageObject\",\"inLanguage\":\"pt-BR\",\"@id\":\"https:\/\/www.gaveanews.com\/index.php\/2025\/03\/11\/corinthians-x-palmeiras-muller-crava-campeao-paulista\/#primaryimage\",\"url\":\"https:\/\/www.gaveanews.com\/wp-content\/uploads\/Muller-durante-a-programacao-da-ESPN.webp\",\"contentUrl\":\"https:\/\/www.gaveanews.com\/wp-content\/uploads\/Muller-durante-a-programacao-da-ESPN.webp\",\"width\":1536,\"height\":864,\"caption\":\"Muller durante a programa\u00e7\u00e3o da ESPN (Foto: Reprodu\u00e7\u00e3o\/ESPN)\"},{\"@type\":\"BreadcrumbList\",\"@id\":\"https:\/\/www.gaveanews.com\/index.php\/2025\/03\/11\/corinthians-x-palmeiras-muller-crava-campeao-paulista\/#breadcrumb\",\"itemListElement\":[{\"@type\":\"ListItem\",\"position\":1,\"name\":\"Home\",\"item\":\"https:\/\/www.gaveanews.com\/\"},{\"@type\":\"ListItem\",\"position\":2,\"name\":\"Corinthians x Palmeiras: Muller crava campe\u00e3o paulista\"}]},{\"@type\":\"WebSite\",\"@id\":\"https:\/\/www.gaveanews.com\/#website\",\"url\":\"https:\/\/www.gaveanews.com\/\",\"name\":\"G\u00e1vea News\",\"description\":\"Veja todas as not\u00edcias sobre o Flamengo: Contrata\u00e7\u00f5es, categorias de base, resultados das partidas, tabela de classifica\u00e7\u00e3o, pr\u00f3ximos jogos!\",\"potentialAction\":[{\"@type\":\"SearchAction\",\"target\":{\"@type\":\"EntryPoint\",\"urlTemplate\":\"https:\/\/www.gaveanews.com\/?s={search_term_string}\"},\"query-input\":{\"@type\":\"PropertyValueSpecification\",\"valueRequired\":true,\"valueName\":\"search_term_string\"}}],\"inLanguage\":\"pt-BR\"},{\"@type\":\"Person\",\"@id\":\"https:\/\/www.gaveanews.com\/#\/schema\/person\/0eb3e3fe1754f0205218538adbe8f5ed\",\"name\":\"Rafaela Ladeira\",\"image\":{\"@type\":\"ImageObject\",\"inLanguage\":\"pt-BR\",\"@id\":\"https:\/\/www.gaveanews.com\/#\/schema\/person\/image\/\",\"url\":\"https:\/\/secure.gravatar.com\/avatar\/c31f513acffd85eacab5730cbdfdbbf59f21ba5aeada8cd890acea879fbb2455?s=96&d=mm&r=g\",\"contentUrl\":\"https:\/\/secure.gravatar.com\/avatar\/c31f513acffd85eacab5730cbdfdbbf59f21ba5aeada8cd890acea879fbb2455?s=96&d=mm&r=g\",\"caption\":\"Rafaela Ladeira\"}}]}<\/script>\n<!-- \/ Yoast SEO Premium plugin. -->","yoast_head_json":{"title":"Corinthians x Palmeiras: Muller crava campe\u00e3o paulista","robots":{"index":"index","follow":"follow","max-snippet":"max-snippet:-1","max-image-preview":"max-image-preview:large","max-video-preview":"max-video-preview:-1"},"canonical":"https:\/\/www.gaveanews.com\/index.php\/2025\/03\/11\/corinthians-x-palmeiras-muller-crava-campeao-paulista\/","og_locale":"pt_BR","og_type":"article","og_title":"Corinthians x Palmeiras: Muller crava campe\u00e3o paulista","og_description":"O Campeonato Paulista de 2025 est\u00e1 chegando \u00e0 sua reta final, e o Corinthians j\u00e1 garantiu sua vaga na decis\u00e3o ao vencer o Santos por 2 a 1 na Neo Qu\u00edmica Arena.&nbsp; Agora, aguarda o Palmeiras, que eliminou o S\u00e3o Paulo, para um confronto que promete ser eletrizante. Diante desse cen\u00e1rio, Muller, ex-jogador e comentarista, [&hellip;]","og_url":"https:\/\/www.gaveanews.com\/index.php\/2025\/03\/11\/corinthians-x-palmeiras-muller-crava-campeao-paulista\/","og_site_name":"G\u00e1vea News","article_publisher":"https:\/\/facebook.com\/gaveaNews\/","article_published_time":"2025-03-11T22:35:00+00:00","og_image":[{"width":1536,"height":864,"url":"https:\/\/www.gaveanews.com\/wp-content\/uploads\/Muller-durante-a-programacao-da-ESPN.webp","type":"image\/jpeg"}],"author":"Rafaela Ladeira","twitter_card":"summary_large_image","twitter_misc":{"Escrito por":"Rafaela Ladeira","Est. tempo de leitura":"3 minutos"},"schema":{"@context":"https:\/\/schema.org","@graph":[{"@type":"NewsArticle","@id":"https:\/\/www.gaveanews.com\/index.php\/2025\/03\/11\/corinthians-x-palmeiras-muller-crava-campeao-paulista\/#article","isPartOf":{"@id":"https:\/\/www.gaveanews.com\/index.php\/2025\/03\/11\/corinthians-x-palmeiras-muller-crava-campeao-paulista\/"},"author":{"name":"Rafaela Ladeira","@id":"https:\/\/www.gaveanews.com\/#\/schema\/person\/0eb3e3fe1754f0205218538adbe8f5ed"},"headline":"Corinthians x Palmeiras: Muller crava campe\u00e3o paulista","datePublished":"2025-03-11T22:35:00+00:00","mainEntityOfPage":{"@id":"https:\/\/www.gaveanews.com\/index.php\/2025\/03\/11\/corinthians-x-palmeiras-muller-crava-campeao-paulista\/"},"wordCount":421,"commentCount":0,"image":{"@id":"https:\/\/www.gaveanews.com\/index.php\/2025\/03\/11\/corinthians-x-palmeiras-muller-crava-campeao-paulista\/#primaryimage"},"thumbnailUrl":"https:\/\/www.gaveanews.com\/wp-content\/uploads\/Muller-durante-a-programacao-da-ESPN.webp","articleSection":["Corinthians","Palmeiras"],"inLanguage":"pt-BR","potentialAction":[{"@type":"CommentAction","name":"Comment","target":["https:\/\/www.gaveanews.com\/index.php\/2025\/03\/11\/corinthians-x-palmeiras-muller-crava-campeao-paulista\/#respond"]}],"copyrightYear":"2025","copyrightHolder":{"@id":"https:\/\/www.gaveanews.com\/#organization"}},{"@type":"WebPage","@id":"https:\/\/www.gaveanews.com\/index.php\/2025\/03\/11\/corinthians-x-palmeiras-muller-crava-campeao-paulista\/","url":"https:\/\/www.gaveanews.com\/index.php\/2025\/03\/11\/corinthians-x-palmeiras-muller-crava-campeao-paulista\/","name":"Corinthians x Palmeiras: Muller crava campe\u00e3o paulista","isPartOf":{"@id":"https:\/\/www.gaveanews.com\/#website"},"primaryImageOfPage":{"@id":"https:\/\/www.gaveanews.com\/index.php\/2025\/03\/11\/corinthians-x-palmeiras-muller-crava-campeao-paulista\/#primaryimage"},"image":{"@id":"https:\/\/www.gaveanews.com\/index.php\/2025\/03\/11\/corinthians-x-palmeiras-muller-crava-campeao-paulista\/#primaryimage"},"thumbnailUrl":"https:\/\/www.gaveanews.com\/wp-content\/uploads\/Muller-durante-a-programacao-da-ESPN.webp","datePublished":"2025-03-11T22:35:00+00:00","author":{"@id":"https:\/\/www.gaveanews.com\/#\/schema\/person\/0eb3e3fe1754f0205218538adbe8f5ed"},"breadcrumb":{"@id":"https:\/\/www.gaveanews.com\/index.php\/2025\/03\/11\/corinthians-x-palmeiras-muller-crava-campeao-paulista\/#breadcrumb"},"inLanguage":"pt-BR","potentialAction":[{"@type":"ReadAction","target":["https:\/\/www.gaveanews.com\/index.php\/2025\/03\/11\/corinthians-x-palmeiras-muller-crava-campeao-paulista\/"]}]},{"@type":"ImageObject","inLanguage":"pt-BR","@id":"https:\/\/www.gaveanews.com\/index.php\/2025\/03\/11\/corinthians-x-palmeiras-muller-crava-campeao-paulista\/#primaryimage","url":"https:\/\/www.gaveanews.com\/wp-content\/uploads\/Muller-durante-a-programacao-da-ESPN.webp","contentUrl":"https:\/\/www.gaveanews.com\/wp-content\/uploads\/Muller-durante-a-programacao-da-ESPN.webp","width":1536,"height":864,"caption":"Muller durante a programa\u00e7\u00e3o da ESPN (Foto: Reprodu\u00e7\u00e3o\/ESPN)"},{"@type":"BreadcrumbList","@id":"https:\/\/www.gaveanews.com\/index.php\/2025\/03\/11\/corinthians-x-palmeiras-muller-crava-campeao-paulista\/#breadcrumb","itemListElement":[{"@type":"ListItem","position":1,"name":"Home","item":"https:\/\/www.gaveanews.com\/"},{"@type":"ListItem","position":2,"name":"Corinthians x Palmeiras: Muller crava campe\u00e3o paulista"}]},{"@type":"WebSite","@id":"https:\/\/www.gaveanews.com\/#website","url":"https:\/\/www.gaveanews.com\/","name":"G\u00e1vea News","description":"Veja todas as not\u00edcias sobre o Flamengo: Contrata\u00e7\u00f5es, categorias de base, resultados das partidas, tabela de classifica\u00e7\u00e3o, pr\u00f3ximos jogos!","potentialAction":[{"@type":"SearchAction","target":{"@type":"EntryPoint","urlTemplate":"https:\/\/www.gaveanews.com\/?s={search_term_string}"},"query-input":{"@type":"PropertyValueSpecification","valueRequired":true,"valueName":"search_term_string"}}],"inLanguage":"pt-BR"},{"@type":"Person","@id":"https:\/\/www.gaveanews.com\/#\/schema\/person\/0eb3e3fe1754f0205218538adbe8f5ed","name":"Rafaela Ladeira","image":{"@type":"ImageObject","inLanguage":"pt-BR","@id":"https:\/\/www.gaveanews.com\/#\/schema\/person\/image\/","url":"https:\/\/secure.gravatar.com\/avatar\/c31f513acffd85eacab5730cbdfdbbf59f21ba5aeada8cd890acea879fbb2455?s=96&d=mm&r=g","contentUrl":"https:\/\/secure.gravatar.com\/avatar\/c31f513acffd85eacab5730cbdfdbbf59f21ba5aeada8cd890acea879fbb2455?s=96&d=mm&r=g","caption":"Rafaela Ladeira"}}]}},"_links":{"self":[{"href":"https:\/\/www.gaveanews.com\/index.php\/wp-json\/wp\/v2\/posts\/238511","targetHints":{"allow":["GET"]}}],"collection":[{"href":"https:\/\/www.gaveanews.com\/index.php\/wp-json\/wp\/v2\/posts"}],"about":[{"href":"https:\/\/www.gaveanews.com\/index.php\/wp-json\/wp\/v2\/types\/post"}],"author":[{"embeddable":true,"href":"https:\/\/www.gaveanews.com\/index.php\/wp-json\/wp\/v2\/users\/25"}],"replies":[{"embeddable":true,"href":"https:\/\/www.gaveanews.com\/index.php\/wp-json\/wp\/v2\/comments?post=238511"}],"version-history":[{"count":1,"href":"https:\/\/www.gaveanews.com\/index.php\/wp-json\/wp\/v2\/posts\/238511\/revisions"}],"predecessor-version":[{"id":238514,"href":"https:\/\/www.gaveanews.com\/index.php\/wp-json\/wp\/v2\/posts\/238511\/revisions\/238514"}],"wp:featuredmedia":[{"embeddable":true,"href":"https:\/\/www.gaveanews.com\/index.php\/wp-json\/wp\/v2\/media\/212474"}],"wp:attachment":[{"href":"https:\/\/www.gaveanews.com\/index.php\/wp-json\/wp\/v2\/media?parent=238511"}],"wp:term":[{"taxonomy":"category","embeddable":true,"href":"https:\/\/www.gaveanews.com\/index.php\/wp-json\/wp\/v2\/categories?post=238511"},{"taxonomy":"post_tag","embeddable":true,"href":"https:\/\/www.gaveanews.com\/index.php\/wp-json\/wp\/v2\/tags?post=238511"}],"curies":[{"name":"wp","href":"https:\/\/api.w.org\/{rel}","templated":true}]}}