{"id":238512,"date":"2025-03-11T19:20:00","date_gmt":"2025-03-11T22:20:00","guid":{"rendered":"https:\/\/www.gaveanews.com\/?p=238512"},"modified":"2025-03-11T16:33:26","modified_gmt":"2025-03-11T19:33:26","slug":"a-declaracao-de-eric-faria-direcionada-ao-atletico-mg","status":"publish","type":"post","link":"https:\/\/www.gaveanews.com\/index.php\/2025\/03\/11\/a-declaracao-de-eric-faria-direcionada-ao-atletico-mg\/","title":{"rendered":"A declara\u00e7\u00e3o de Eric Faria direcionada ao Atl\u00e9tico-MG"},"content":{"rendered":"\n<p>A vit\u00f3ria expressiva do Atl\u00e9tico-MG sobre o Am\u00e9rica-MG por 4 a 0 na final do Campeonato Mineiro chamou a aten\u00e7\u00e3o do jornalista Eric Faria, que analisou o desempenho da equipe no programa Troca de Passes. Para ele, o time comandado por Cuca demonstrou grande energia e intensidade, especialmente no setor ofensivo.<\/p>\n\n\n\n<p>Os gols da partida foram marcados por Lyanco, que balan\u00e7ou as redes duas vezes, al\u00e9m de Guilherme Arana e Rony. O resultado consolidou o momento positivo do Atl\u00e9tico-MG e refor\u00e7ou a confian\u00e7a para a sequ\u00eancia da temporada de 2025.<\/p>\n\n\n\n<figure class=\"wp-block-image size-full\"><img loading=\"lazy\" decoding=\"async\" width=\"774\" height=\"516\" src=\"http:\/\/www.gaveanews.com\/wp-content\/uploads\/Hulk-Paulinho-e-Arana-comemoram-gol-do-Atletico-MG.webp\" alt=\"\" class=\"wp-image-171939\" srcset=\"https:\/\/www.gaveanews.com\/wp-content\/uploads\/Hulk-Paulinho-e-Arana-comemoram-gol-do-Atletico-MG.webp 774w, https:\/\/www.gaveanews.com\/wp-content\/uploads\/Hulk-Paulinho-e-Arana-comemoram-gol-do-Atletico-MG-300x200.webp 300w, https:\/\/www.gaveanews.com\/wp-content\/uploads\/Hulk-Paulinho-e-Arana-comemoram-gol-do-Atletico-MG-768x512.webp 768w, https:\/\/www.gaveanews.com\/wp-content\/uploads\/Hulk-Paulinho-e-Arana-comemoram-gol-do-Atletico-MG-630x420.webp 630w, https:\/\/www.gaveanews.com\/wp-content\/uploads\/Hulk-Paulinho-e-Arana-comemoram-gol-do-Atletico-MG-640x427.webp 640w, https:\/\/www.gaveanews.com\/wp-content\/uploads\/Hulk-Paulinho-e-Arana-comemoram-gol-do-Atletico-MG-681x454.webp 681w, https:\/\/www.gaveanews.com\/wp-content\/uploads\/Hulk-Paulinho-e-Arana-comemoram-gol-do-Atletico-MG-100x67.webp 100w\" sizes=\"auto, (max-width: 774px) 100vw, 774px\" \/><figcaption class=\"wp-element-caption\">Hulk, Paulinho e Arana comemoram gol do Atl\u00e9tico-MG (Foto: Pedro Souza\/Atl\u00e9tico-MG)<\/figcaption><\/figure>\n\n\n\n<p>Na an\u00e1lise de Faria, a combina\u00e7\u00e3o entre jogadores rec\u00e9m-chegados e atletas experientes tem sido um diferencial para o time alvinegro. Ele mencionou nomes como Rony, J\u00fanior Santos, Hulk, Scarpa, Cuello e Natanael, contratado junto ao Coritiba, al\u00e9m do j\u00e1 consolidado Guilherme Arana.<\/p>\n\n\n\n<p>&#8220;O vigor f\u00edsico e o estilo de jogo do Atl\u00e9tico-MG s\u00e3o fatores que podem fazer a diferen\u00e7a ao longo do ano&#8221;, avaliou o jornalista. Ele destacou ainda o papel de Cuca na montagem do time, explorando a intensidade e a criatividade do meio para frente.<\/p>\n\n\n\n<p>Com a vantagem no placar, o Atl\u00e9tico-MG se coloca em uma posi\u00e7\u00e3o confort\u00e1vel para o jogo de volta da final. J\u00e1 o Am\u00e9rica-MG ter\u00e1 uma miss\u00e3o desafiadora no pr\u00f3ximo confronto, precisando vencer por pelo menos quatro gols para levar a decis\u00e3o aos p\u00eanaltis ou por cinco para conquistar o t\u00edtulo de forma direta.<\/p>\n\n\n\n<p>O cen\u00e1rio atual evidencia o bom momento do Galo, que inicia 2025 com um futebol s\u00f3lido e consistente. A expectativa \u00e9 que a equipe mantenha o n\u00edvel de desempenho nas competi\u00e7\u00f5es que vir\u00e3o ao longo da temporada.<\/p>\n\n\n\n<p>Al\u00e9m disso, a torcida atleticana tem sido um fator essencial na campanha da equipe, comparecendo em peso ao Mineir\u00e3o e incentivando os jogadores. O apoio vindo das arquibancadas refor\u00e7a a confian\u00e7a do elenco e pode ser um diferencial nas pr\u00f3ximas decis\u00f5es.<\/p>\n","protected":false},"excerpt":{"rendered":"<p>A vit\u00f3ria expressiva do Atl\u00e9tico-MG sobre o Am\u00e9rica-MG por 4 a 0 na final do Campeonato Mineiro chamou a aten\u00e7\u00e3o do jornalista Eric Faria, que analisou o desempenho da equipe no programa Troca de Passes. Para ele, o time comandado por Cuca demonstrou grande energia e intensidade, especialmente no setor ofensivo. Os gols da partida [&hellip;]<\/p>\n","protected":false},"author":33,"featured_media":119512,"comment_status":"open","ping_status":"closed","sticky":false,"template":"","format":"standard","meta":{"footnotes":""},"categories":[136],"tags":[],"class_list":["post-238512","post","type-post","status-publish","format-standard","has-post-thumbnail","hentry","category-atletico-mg"],"yoast_head":"<!-- This site is optimized with the Yoast SEO Premium plugin v24.2 (Yoast SEO v26.9) - https:\/\/yoast.com\/product\/yoast-seo-premium-wordpress\/ -->\n<title>A declara\u00e7\u00e3o de Eric Faria direcionada ao Atl\u00e9tico-MG<\/title>\n<meta name=\"robots\" content=\"index, follow, max-snippet:-1, max-image-preview:large, max-video-preview:-1\" \/>\n<link rel=\"canonical\" href=\"https:\/\/www.gaveanews.com\/index.php\/2025\/03\/11\/a-declaracao-de-eric-faria-direcionada-ao-atletico-mg\/\" \/>\n<meta property=\"og:locale\" content=\"pt_BR\" \/>\n<meta property=\"og:type\" content=\"article\" \/>\n<meta property=\"og:title\" content=\"A declara\u00e7\u00e3o de Eric Faria direcionada ao Atl\u00e9tico-MG\" \/>\n<meta property=\"og:description\" content=\"A vit\u00f3ria expressiva do Atl\u00e9tico-MG sobre o Am\u00e9rica-MG por 4 a 0 na final do Campeonato Mineiro chamou a aten\u00e7\u00e3o do jornalista Eric Faria, que analisou o desempenho da equipe no programa Troca de Passes. Para ele, o time comandado por Cuca demonstrou grande energia e intensidade, especialmente no setor ofensivo. Os gols da partida [&hellip;]\" \/>\n<meta property=\"og:url\" content=\"https:\/\/www.gaveanews.com\/index.php\/2025\/03\/11\/a-declaracao-de-eric-faria-direcionada-ao-atletico-mg\/\" \/>\n<meta property=\"og:site_name\" content=\"G\u00e1vea News\" \/>\n<meta property=\"article:publisher\" content=\"https:\/\/facebook.com\/gaveaNews\/\" \/>\n<meta property=\"article:published_time\" content=\"2025-03-11T22:20:00+00:00\" \/>\n<meta property=\"og:image\" content=\"https:\/\/www.gaveanews.com\/wp-content\/uploads\/Eric-Faria.webp\" \/>\n\t<meta property=\"og:image:width\" content=\"729\" \/>\n\t<meta property=\"og:image:height\" content=\"486\" \/>\n\t<meta property=\"og:image:type\" content=\"image\/jpeg\" \/>\n<meta name=\"author\" content=\"Brenda Cezillo\" \/>\n<meta name=\"twitter:card\" content=\"summary_large_image\" \/>\n<meta name=\"twitter:label1\" content=\"Escrito por\" \/>\n\t<meta name=\"twitter:data1\" content=\"Brenda Cezillo\" \/>\n\t<meta name=\"twitter:label2\" content=\"Est. tempo de leitura\" \/>\n\t<meta name=\"twitter:data2\" content=\"3 minutos\" \/>\n<script type=\"application\/ld+json\" class=\"yoast-schema-graph\">{\"@context\":\"https:\/\/schema.org\",\"@graph\":[{\"@type\":\"NewsArticle\",\"@id\":\"https:\/\/www.gaveanews.com\/index.php\/2025\/03\/11\/a-declaracao-de-eric-faria-direcionada-ao-atletico-mg\/#article\",\"isPartOf\":{\"@id\":\"https:\/\/www.gaveanews.com\/index.php\/2025\/03\/11\/a-declaracao-de-eric-faria-direcionada-ao-atletico-mg\/\"},\"author\":{\"name\":\"Brenda Cezillo\",\"@id\":\"https:\/\/www.gaveanews.com\/#\/schema\/person\/c79759ca337c40791ae8d08e2923d403\"},\"headline\":\"A declara\u00e7\u00e3o de Eric Faria direcionada ao Atl\u00e9tico-MG\",\"datePublished\":\"2025-03-11T22:20:00+00:00\",\"mainEntityOfPage\":{\"@id\":\"https:\/\/www.gaveanews.com\/index.php\/2025\/03\/11\/a-declaracao-de-eric-faria-direcionada-ao-atletico-mg\/\"},\"wordCount\":366,\"commentCount\":0,\"image\":{\"@id\":\"https:\/\/www.gaveanews.com\/index.php\/2025\/03\/11\/a-declaracao-de-eric-faria-direcionada-ao-atletico-mg\/#primaryimage\"},\"thumbnailUrl\":\"https:\/\/www.gaveanews.com\/wp-content\/uploads\/Eric-Faria.webp\",\"articleSection\":[\"Atl\u00e9tico-MG\"],\"inLanguage\":\"pt-BR\",\"potentialAction\":[{\"@type\":\"CommentAction\",\"name\":\"Comment\",\"target\":[\"https:\/\/www.gaveanews.com\/index.php\/2025\/03\/11\/a-declaracao-de-eric-faria-direcionada-ao-atletico-mg\/#respond\"]}],\"copyrightYear\":\"2025\",\"copyrightHolder\":{\"@id\":\"https:\/\/www.gaveanews.com\/#organization\"}},{\"@type\":\"WebPage\",\"@id\":\"https:\/\/www.gaveanews.com\/index.php\/2025\/03\/11\/a-declaracao-de-eric-faria-direcionada-ao-atletico-mg\/\",\"url\":\"https:\/\/www.gaveanews.com\/index.php\/2025\/03\/11\/a-declaracao-de-eric-faria-direcionada-ao-atletico-mg\/\",\"name\":\"A declara\u00e7\u00e3o de Eric Faria direcionada ao Atl\u00e9tico-MG\",\"isPartOf\":{\"@id\":\"https:\/\/www.gaveanews.com\/#website\"},\"primaryImageOfPage\":{\"@id\":\"https:\/\/www.gaveanews.com\/index.php\/2025\/03\/11\/a-declaracao-de-eric-faria-direcionada-ao-atletico-mg\/#primaryimage\"},\"image\":{\"@id\":\"https:\/\/www.gaveanews.com\/index.php\/2025\/03\/11\/a-declaracao-de-eric-faria-direcionada-ao-atletico-mg\/#primaryimage\"},\"thumbnailUrl\":\"https:\/\/www.gaveanews.com\/wp-content\/uploads\/Eric-Faria.webp\",\"datePublished\":\"2025-03-11T22:20:00+00:00\",\"author\":{\"@id\":\"https:\/\/www.gaveanews.com\/#\/schema\/person\/c79759ca337c40791ae8d08e2923d403\"},\"breadcrumb\":{\"@id\":\"https:\/\/www.gaveanews.com\/index.php\/2025\/03\/11\/a-declaracao-de-eric-faria-direcionada-ao-atletico-mg\/#breadcrumb\"},\"inLanguage\":\"pt-BR\",\"potentialAction\":[{\"@type\":\"ReadAction\",\"target\":[\"https:\/\/www.gaveanews.com\/index.php\/2025\/03\/11\/a-declaracao-de-eric-faria-direcionada-ao-atletico-mg\/\"]}]},{\"@type\":\"ImageObject\",\"inLanguage\":\"pt-BR\",\"@id\":\"https:\/\/www.gaveanews.com\/index.php\/2025\/03\/11\/a-declaracao-de-eric-faria-direcionada-ao-atletico-mg\/#primaryimage\",\"url\":\"https:\/\/www.gaveanews.com\/wp-content\/uploads\/Eric-Faria.webp\",\"contentUrl\":\"https:\/\/www.gaveanews.com\/wp-content\/uploads\/Eric-Faria.webp\",\"width\":729,\"height\":486,\"caption\":\"Eric Faria em coberto no Ninho do Urubu - Foto: reprodu\u00e7\u00e3o\"},{\"@type\":\"BreadcrumbList\",\"@id\":\"https:\/\/www.gaveanews.com\/index.php\/2025\/03\/11\/a-declaracao-de-eric-faria-direcionada-ao-atletico-mg\/#breadcrumb\",\"itemListElement\":[{\"@type\":\"ListItem\",\"position\":1,\"name\":\"Home\",\"item\":\"https:\/\/www.gaveanews.com\/\"},{\"@type\":\"ListItem\",\"position\":2,\"name\":\"A declara\u00e7\u00e3o de Eric Faria direcionada ao Atl\u00e9tico-MG\"}]},{\"@type\":\"WebSite\",\"@id\":\"https:\/\/www.gaveanews.com\/#website\",\"url\":\"https:\/\/www.gaveanews.com\/\",\"name\":\"G\u00e1vea News\",\"description\":\"Veja todas as not\u00edcias sobre o Flamengo: Contrata\u00e7\u00f5es, categorias de base, resultados das partidas, tabela de classifica\u00e7\u00e3o, pr\u00f3ximos jogos!\",\"potentialAction\":[{\"@type\":\"SearchAction\",\"target\":{\"@type\":\"EntryPoint\",\"urlTemplate\":\"https:\/\/www.gaveanews.com\/?s={search_term_string}\"},\"query-input\":{\"@type\":\"PropertyValueSpecification\",\"valueRequired\":true,\"valueName\":\"search_term_string\"}}],\"inLanguage\":\"pt-BR\"},{\"@type\":\"Person\",\"@id\":\"https:\/\/www.gaveanews.com\/#\/schema\/person\/c79759ca337c40791ae8d08e2923d403\",\"name\":\"Brenda Cezillo\",\"image\":{\"@type\":\"ImageObject\",\"inLanguage\":\"pt-BR\",\"@id\":\"https:\/\/www.gaveanews.com\/#\/schema\/person\/image\/\",\"url\":\"https:\/\/secure.gravatar.com\/avatar\/1738d75cee7317f9c29ae61dd67620c5883d80a92e42a6fff88ae5d527af217a?s=96&d=mm&r=g\",\"contentUrl\":\"https:\/\/secure.gravatar.com\/avatar\/1738d75cee7317f9c29ae61dd67620c5883d80a92e42a6fff88ae5d527af217a?s=96&d=mm&r=g\",\"caption\":\"Brenda Cezillo\"}}]}<\/script>\n<!-- \/ Yoast SEO Premium plugin. -->","yoast_head_json":{"title":"A declara\u00e7\u00e3o de Eric Faria direcionada ao Atl\u00e9tico-MG","robots":{"index":"index","follow":"follow","max-snippet":"max-snippet:-1","max-image-preview":"max-image-preview:large","max-video-preview":"max-video-preview:-1"},"canonical":"https:\/\/www.gaveanews.com\/index.php\/2025\/03\/11\/a-declaracao-de-eric-faria-direcionada-ao-atletico-mg\/","og_locale":"pt_BR","og_type":"article","og_title":"A declara\u00e7\u00e3o de Eric Faria direcionada ao Atl\u00e9tico-MG","og_description":"A vit\u00f3ria expressiva do Atl\u00e9tico-MG sobre o Am\u00e9rica-MG por 4 a 0 na final do Campeonato Mineiro chamou a aten\u00e7\u00e3o do jornalista Eric Faria, que analisou o desempenho da equipe no programa Troca de Passes. Para ele, o time comandado por Cuca demonstrou grande energia e intensidade, especialmente no setor ofensivo. Os gols da partida [&hellip;]","og_url":"https:\/\/www.gaveanews.com\/index.php\/2025\/03\/11\/a-declaracao-de-eric-faria-direcionada-ao-atletico-mg\/","og_site_name":"G\u00e1vea News","article_publisher":"https:\/\/facebook.com\/gaveaNews\/","article_published_time":"2025-03-11T22:20:00+00:00","og_image":[{"width":729,"height":486,"url":"https:\/\/www.gaveanews.com\/wp-content\/uploads\/Eric-Faria.webp","type":"image\/jpeg"}],"author":"Brenda Cezillo","twitter_card":"summary_large_image","twitter_misc":{"Escrito por":"Brenda Cezillo","Est. tempo de leitura":"3 minutos"},"schema":{"@context":"https:\/\/schema.org","@graph":[{"@type":"NewsArticle","@id":"https:\/\/www.gaveanews.com\/index.php\/2025\/03\/11\/a-declaracao-de-eric-faria-direcionada-ao-atletico-mg\/#article","isPartOf":{"@id":"https:\/\/www.gaveanews.com\/index.php\/2025\/03\/11\/a-declaracao-de-eric-faria-direcionada-ao-atletico-mg\/"},"author":{"name":"Brenda Cezillo","@id":"https:\/\/www.gaveanews.com\/#\/schema\/person\/c79759ca337c40791ae8d08e2923d403"},"headline":"A declara\u00e7\u00e3o de Eric Faria direcionada ao Atl\u00e9tico-MG","datePublished":"2025-03-11T22:20:00+00:00","mainEntityOfPage":{"@id":"https:\/\/www.gaveanews.com\/index.php\/2025\/03\/11\/a-declaracao-de-eric-faria-direcionada-ao-atletico-mg\/"},"wordCount":366,"commentCount":0,"image":{"@id":"https:\/\/www.gaveanews.com\/index.php\/2025\/03\/11\/a-declaracao-de-eric-faria-direcionada-ao-atletico-mg\/#primaryimage"},"thumbnailUrl":"https:\/\/www.gaveanews.com\/wp-content\/uploads\/Eric-Faria.webp","articleSection":["Atl\u00e9tico-MG"],"inLanguage":"pt-BR","potentialAction":[{"@type":"CommentAction","name":"Comment","target":["https:\/\/www.gaveanews.com\/index.php\/2025\/03\/11\/a-declaracao-de-eric-faria-direcionada-ao-atletico-mg\/#respond"]}],"copyrightYear":"2025","copyrightHolder":{"@id":"https:\/\/www.gaveanews.com\/#organization"}},{"@type":"WebPage","@id":"https:\/\/www.gaveanews.com\/index.php\/2025\/03\/11\/a-declaracao-de-eric-faria-direcionada-ao-atletico-mg\/","url":"https:\/\/www.gaveanews.com\/index.php\/2025\/03\/11\/a-declaracao-de-eric-faria-direcionada-ao-atletico-mg\/","name":"A declara\u00e7\u00e3o de Eric Faria direcionada ao Atl\u00e9tico-MG","isPartOf":{"@id":"https:\/\/www.gaveanews.com\/#website"},"primaryImageOfPage":{"@id":"https:\/\/www.gaveanews.com\/index.php\/2025\/03\/11\/a-declaracao-de-eric-faria-direcionada-ao-atletico-mg\/#primaryimage"},"image":{"@id":"https:\/\/www.gaveanews.com\/index.php\/2025\/03\/11\/a-declaracao-de-eric-faria-direcionada-ao-atletico-mg\/#primaryimage"},"thumbnailUrl":"https:\/\/www.gaveanews.com\/wp-content\/uploads\/Eric-Faria.webp","datePublished":"2025-03-11T22:20:00+00:00","author":{"@id":"https:\/\/www.gaveanews.com\/#\/schema\/person\/c79759ca337c40791ae8d08e2923d403"},"breadcrumb":{"@id":"https:\/\/www.gaveanews.com\/index.php\/2025\/03\/11\/a-declaracao-de-eric-faria-direcionada-ao-atletico-mg\/#breadcrumb"},"inLanguage":"pt-BR","potentialAction":[{"@type":"ReadAction","target":["https:\/\/www.gaveanews.com\/index.php\/2025\/03\/11\/a-declaracao-de-eric-faria-direcionada-ao-atletico-mg\/"]}]},{"@type":"ImageObject","inLanguage":"pt-BR","@id":"https:\/\/www.gaveanews.com\/index.php\/2025\/03\/11\/a-declaracao-de-eric-faria-direcionada-ao-atletico-mg\/#primaryimage","url":"https:\/\/www.gaveanews.com\/wp-content\/uploads\/Eric-Faria.webp","contentUrl":"https:\/\/www.gaveanews.com\/wp-content\/uploads\/Eric-Faria.webp","width":729,"height":486,"caption":"Eric Faria em coberto no Ninho do Urubu - Foto: reprodu\u00e7\u00e3o"},{"@type":"BreadcrumbList","@id":"https:\/\/www.gaveanews.com\/index.php\/2025\/03\/11\/a-declaracao-de-eric-faria-direcionada-ao-atletico-mg\/#breadcrumb","itemListElement":[{"@type":"ListItem","position":1,"name":"Home","item":"https:\/\/www.gaveanews.com\/"},{"@type":"ListItem","position":2,"name":"A declara\u00e7\u00e3o de Eric Faria direcionada ao Atl\u00e9tico-MG"}]},{"@type":"WebSite","@id":"https:\/\/www.gaveanews.com\/#website","url":"https:\/\/www.gaveanews.com\/","name":"G\u00e1vea News","description":"Veja todas as not\u00edcias sobre o Flamengo: Contrata\u00e7\u00f5es, categorias de base, resultados das partidas, tabela de classifica\u00e7\u00e3o, pr\u00f3ximos jogos!","potentialAction":[{"@type":"SearchAction","target":{"@type":"EntryPoint","urlTemplate":"https:\/\/www.gaveanews.com\/?s={search_term_string}"},"query-input":{"@type":"PropertyValueSpecification","valueRequired":true,"valueName":"search_term_string"}}],"inLanguage":"pt-BR"},{"@type":"Person","@id":"https:\/\/www.gaveanews.com\/#\/schema\/person\/c79759ca337c40791ae8d08e2923d403","name":"Brenda Cezillo","image":{"@type":"ImageObject","inLanguage":"pt-BR","@id":"https:\/\/www.gaveanews.com\/#\/schema\/person\/image\/","url":"https:\/\/secure.gravatar.com\/avatar\/1738d75cee7317f9c29ae61dd67620c5883d80a92e42a6fff88ae5d527af217a?s=96&d=mm&r=g","contentUrl":"https:\/\/secure.gravatar.com\/avatar\/1738d75cee7317f9c29ae61dd67620c5883d80a92e42a6fff88ae5d527af217a?s=96&d=mm&r=g","caption":"Brenda Cezillo"}}]}},"_links":{"self":[{"href":"https:\/\/www.gaveanews.com\/index.php\/wp-json\/wp\/v2\/posts\/238512","targetHints":{"allow":["GET"]}}],"collection":[{"href":"https:\/\/www.gaveanews.com\/index.php\/wp-json\/wp\/v2\/posts"}],"about":[{"href":"https:\/\/www.gaveanews.com\/index.php\/wp-json\/wp\/v2\/types\/post"}],"author":[{"embeddable":true,"href":"https:\/\/www.gaveanews.com\/index.php\/wp-json\/wp\/v2\/users\/33"}],"replies":[{"embeddable":true,"href":"https:\/\/www.gaveanews.com\/index.php\/wp-json\/wp\/v2\/comments?post=238512"}],"version-history":[{"count":1,"href":"https:\/\/www.gaveanews.com\/index.php\/wp-json\/wp\/v2\/posts\/238512\/revisions"}],"predecessor-version":[{"id":238517,"href":"https:\/\/www.gaveanews.com\/index.php\/wp-json\/wp\/v2\/posts\/238512\/revisions\/238517"}],"wp:featuredmedia":[{"embeddable":true,"href":"https:\/\/www.gaveanews.com\/index.php\/wp-json\/wp\/v2\/media\/119512"}],"wp:attachment":[{"href":"https:\/\/www.gaveanews.com\/index.php\/wp-json\/wp\/v2\/media?parent=238512"}],"wp:term":[{"taxonomy":"category","embeddable":true,"href":"https:\/\/www.gaveanews.com\/index.php\/wp-json\/wp\/v2\/categories?post=238512"},{"taxonomy":"post_tag","embeddable":true,"href":"https:\/\/www.gaveanews.com\/index.php\/wp-json\/wp\/v2\/tags?post=238512"}],"curies":[{"name":"wp","href":"https:\/\/api.w.org\/{rel}","templated":true}]}}