{"id":238515,"date":"2025-03-11T18:50:00","date_gmt":"2025-03-11T21:50:00","guid":{"rendered":"https:\/\/www.gaveanews.com\/?p=238515"},"modified":"2025-03-11T16:32:45","modified_gmt":"2025-03-11T19:32:45","slug":"atletico-mg-atualizacao-importante-sobre-hulk","status":"publish","type":"post","link":"https:\/\/www.gaveanews.com\/index.php\/2025\/03\/11\/atletico-mg-atualizacao-importante-sobre-hulk\/","title":{"rendered":"Atl\u00e9tico-MG: atualiza\u00e7\u00e3o importante sobre Hulk"},"content":{"rendered":"\n<h2 class=\"wp-block-heading\" id=\"h-camisa-7-esta-em-fase-final-de-recuperacao-de-lesao\">Camisa 7 est\u00e1 em fase final de recupera\u00e7\u00e3o de les\u00e3o <\/h2>\n\n\n\n<p>O retorno de Hulk est\u00e1 muito pr\u00f3ximo de acontecer. Nesta ter\u00e7a-feira (11), o camisa 7 foi a campo na Cidade do Galo, mas n\u00e3o treinou junto ao elenco. O atacante sofreu uma les\u00e3o muscular na coxa direita no dia 22 de fevereiro, no jogo de volta da semifinal do estadual contra o Tombense. <\/p>\n\n\n\n<p>O atacante havia come\u00e7ado a partida como titular, mas precisou ser substitu\u00eddo no segundo tempo. Desde que se machucou, Hulk ficou de fora de duas partidas do Galo, contra o Manaus-AM, pela segunda fase da Copa do Brasil, e na primeira partida da final do Campeonato Mineiro contra o Am\u00e9rica. <\/p>\n\n\n\n<p>A recupera\u00e7\u00e3o de Hulk, ali\u00e1s, tem sido um destaque. Mesmo durante a folga de Carnaval dos jogadores do Atl\u00e9tico, ele foi \u00e0 Cidade do Galo com as filhas e seguiu com sua rotina de tratamento. Em casa, o atacante tamb\u00e9m tem realizado exerc\u00edcios para acelerar seu retorno aos gramados.<\/p>\n\n\n\n<p>Com 38 anos de idade, Hulk disputa sua quinta temporada com a camisa do Atl\u00e9tico. Em 2025 j\u00e1 s\u00e3o oito gols em oito jogos. No total s\u00e3o 234 jogos at\u00e9 aqui pelo Galo, com 122 gols marcados e 45 assist\u00eancias distribu\u00eddas. O Atl\u00e9tico \u00e9 o time onde Hulk mais entrou em campo. Al\u00e9m disso, o camisa 7 conquistou a Copa do Brasil (2021) o Brasileir\u00e3o (2021), a Supercopa do Brasil (2022) e o Campeonato Mineiro (2020, 2021, 2022, 2023 e 2024). O jogador est\u00e1 perto de colecionar mais um estadual. <\/p>\n\n\n\n<p>No exterior, Hulk teve destaque na equipe do Porto, onde fez 77 gols e deu 65 assist\u00eancias em 169 jogos.  Zenit, da R\u00fassia, e Shanghai Port, da China, foram outros clubes que o atacante teve grande destaque. No time russo foram 148 partidas, 77 gols e 59 assist\u00eancias. J\u00e1 na equipe chinesa, foram 76 gols e 54 assist\u00eancias em 145 jogos. <\/p>\n\n\n\n<p>Caso avance na recupera\u00e7\u00e3o, Hulk pode estar a disposi\u00e7\u00e3o do t\u00e9cnico Cuca para o jogo de volta da final do Campeonato Mineiro, que acontece neste s\u00e1bado (15). O Galo est\u00e1 muito pr\u00f3ximo de levantar a ta\u00e7a ap\u00f3s vencer por 4 a 0 no primeiro jogo. <\/p>\n","protected":false},"excerpt":{"rendered":"<p>Camisa 7 est\u00e1 em fase final de recupera\u00e7\u00e3o de les\u00e3o O retorno de Hulk est\u00e1 muito pr\u00f3ximo de acontecer. Nesta ter\u00e7a-feira (11), o camisa 7 foi a campo na Cidade do Galo, mas n\u00e3o treinou junto ao elenco. O atacante sofreu uma les\u00e3o muscular na coxa direita no dia 22 de fevereiro, no jogo de [&hellip;]<\/p>\n","protected":false},"author":21,"featured_media":183983,"comment_status":"open","ping_status":"closed","sticky":false,"template":"","format":"standard","meta":{"footnotes":""},"categories":[136],"tags":[],"class_list":["post-238515","post","type-post","status-publish","format-standard","has-post-thumbnail","hentry","category-atletico-mg"],"yoast_head":"<!-- This site is optimized with the Yoast SEO Premium plugin v24.2 (Yoast SEO v26.9) - https:\/\/yoast.com\/product\/yoast-seo-premium-wordpress\/ -->\n<title>Atl\u00e9tico-MG: atualiza\u00e7\u00e3o importante sobre Hulk<\/title>\n<meta name=\"robots\" content=\"index, follow, max-snippet:-1, max-image-preview:large, max-video-preview:-1\" \/>\n<link rel=\"canonical\" href=\"https:\/\/www.gaveanews.com\/index.php\/2025\/03\/11\/atletico-mg-atualizacao-importante-sobre-hulk\/\" \/>\n<meta property=\"og:locale\" content=\"pt_BR\" \/>\n<meta property=\"og:type\" content=\"article\" \/>\n<meta property=\"og:title\" content=\"Atl\u00e9tico-MG: atualiza\u00e7\u00e3o importante sobre Hulk\" \/>\n<meta property=\"og:description\" content=\"Camisa 7 est\u00e1 em fase final de recupera\u00e7\u00e3o de les\u00e3o O retorno de Hulk est\u00e1 muito pr\u00f3ximo de acontecer. Nesta ter\u00e7a-feira (11), o camisa 7 foi a campo na Cidade do Galo, mas n\u00e3o treinou junto ao elenco. O atacante sofreu uma les\u00e3o muscular na coxa direita no dia 22 de fevereiro, no jogo de [&hellip;]\" \/>\n<meta property=\"og:url\" content=\"https:\/\/www.gaveanews.com\/index.php\/2025\/03\/11\/atletico-mg-atualizacao-importante-sobre-hulk\/\" \/>\n<meta property=\"og:site_name\" content=\"G\u00e1vea News\" \/>\n<meta property=\"article:publisher\" content=\"https:\/\/facebook.com\/gaveaNews\/\" \/>\n<meta property=\"article:published_time\" content=\"2025-03-11T21:50:00+00:00\" \/>\n<meta property=\"og:image\" content=\"https:\/\/www.gaveanews.com\/wp-content\/uploads\/Hulk-em-acao-pelo-Atletico-MG.webp\" \/>\n\t<meta property=\"og:image:width\" content=\"1328\" \/>\n\t<meta property=\"og:image:height\" content=\"1066\" \/>\n\t<meta property=\"og:image:type\" content=\"image\/jpeg\" \/>\n<meta name=\"author\" content=\"Andr\u00e9 Serra\" \/>\n<meta name=\"twitter:card\" content=\"summary_large_image\" \/>\n<meta name=\"twitter:label1\" content=\"Escrito por\" \/>\n\t<meta name=\"twitter:data1\" content=\"Andr\u00e9 Serra\" \/>\n\t<meta name=\"twitter:label2\" content=\"Est. tempo de leitura\" \/>\n\t<meta name=\"twitter:data2\" content=\"3 minutos\" \/>\n<script type=\"application\/ld+json\" class=\"yoast-schema-graph\">{\"@context\":\"https:\/\/schema.org\",\"@graph\":[{\"@type\":\"NewsArticle\",\"@id\":\"https:\/\/www.gaveanews.com\/index.php\/2025\/03\/11\/atletico-mg-atualizacao-importante-sobre-hulk\/#article\",\"isPartOf\":{\"@id\":\"https:\/\/www.gaveanews.com\/index.php\/2025\/03\/11\/atletico-mg-atualizacao-importante-sobre-hulk\/\"},\"author\":{\"name\":\"Andr\u00e9 Serra\",\"@id\":\"https:\/\/www.gaveanews.com\/#\/schema\/person\/0277a79a1289c451c281ec0411d84f0c\"},\"headline\":\"Atl\u00e9tico-MG: atualiza\u00e7\u00e3o importante sobre Hulk\",\"datePublished\":\"2025-03-11T21:50:00+00:00\",\"mainEntityOfPage\":{\"@id\":\"https:\/\/www.gaveanews.com\/index.php\/2025\/03\/11\/atletico-mg-atualizacao-importante-sobre-hulk\/\"},\"wordCount\":366,\"commentCount\":0,\"image\":{\"@id\":\"https:\/\/www.gaveanews.com\/index.php\/2025\/03\/11\/atletico-mg-atualizacao-importante-sobre-hulk\/#primaryimage\"},\"thumbnailUrl\":\"https:\/\/www.gaveanews.com\/wp-content\/uploads\/Hulk-em-acao-pelo-Atletico-MG.webp\",\"articleSection\":[\"Atl\u00e9tico-MG\"],\"inLanguage\":\"pt-BR\",\"potentialAction\":[{\"@type\":\"CommentAction\",\"name\":\"Comment\",\"target\":[\"https:\/\/www.gaveanews.com\/index.php\/2025\/03\/11\/atletico-mg-atualizacao-importante-sobre-hulk\/#respond\"]}],\"copyrightYear\":\"2025\",\"copyrightHolder\":{\"@id\":\"https:\/\/www.gaveanews.com\/#organization\"}},{\"@type\":\"WebPage\",\"@id\":\"https:\/\/www.gaveanews.com\/index.php\/2025\/03\/11\/atletico-mg-atualizacao-importante-sobre-hulk\/\",\"url\":\"https:\/\/www.gaveanews.com\/index.php\/2025\/03\/11\/atletico-mg-atualizacao-importante-sobre-hulk\/\",\"name\":\"Atl\u00e9tico-MG: atualiza\u00e7\u00e3o importante sobre Hulk\",\"isPartOf\":{\"@id\":\"https:\/\/www.gaveanews.com\/#website\"},\"primaryImageOfPage\":{\"@id\":\"https:\/\/www.gaveanews.com\/index.php\/2025\/03\/11\/atletico-mg-atualizacao-importante-sobre-hulk\/#primaryimage\"},\"image\":{\"@id\":\"https:\/\/www.gaveanews.com\/index.php\/2025\/03\/11\/atletico-mg-atualizacao-importante-sobre-hulk\/#primaryimage\"},\"thumbnailUrl\":\"https:\/\/www.gaveanews.com\/wp-content\/uploads\/Hulk-em-acao-pelo-Atletico-MG.webp\",\"datePublished\":\"2025-03-11T21:50:00+00:00\",\"author\":{\"@id\":\"https:\/\/www.gaveanews.com\/#\/schema\/person\/0277a79a1289c451c281ec0411d84f0c\"},\"breadcrumb\":{\"@id\":\"https:\/\/www.gaveanews.com\/index.php\/2025\/03\/11\/atletico-mg-atualizacao-importante-sobre-hulk\/#breadcrumb\"},\"inLanguage\":\"pt-BR\",\"potentialAction\":[{\"@type\":\"ReadAction\",\"target\":[\"https:\/\/www.gaveanews.com\/index.php\/2025\/03\/11\/atletico-mg-atualizacao-importante-sobre-hulk\/\"]}]},{\"@type\":\"ImageObject\",\"inLanguage\":\"pt-BR\",\"@id\":\"https:\/\/www.gaveanews.com\/index.php\/2025\/03\/11\/atletico-mg-atualizacao-importante-sobre-hulk\/#primaryimage\",\"url\":\"https:\/\/www.gaveanews.com\/wp-content\/uploads\/Hulk-em-acao-pelo-Atletico-MG.webp\",\"contentUrl\":\"https:\/\/www.gaveanews.com\/wp-content\/uploads\/Hulk-em-acao-pelo-Atletico-MG.webp\",\"width\":1328,\"height\":1066,\"caption\":\"Hulk em a\u00e7\u00e3o pelo Atl\u00e9tico-MG (Foto: Pedro Souza\/Atletico)\"},{\"@type\":\"BreadcrumbList\",\"@id\":\"https:\/\/www.gaveanews.com\/index.php\/2025\/03\/11\/atletico-mg-atualizacao-importante-sobre-hulk\/#breadcrumb\",\"itemListElement\":[{\"@type\":\"ListItem\",\"position\":1,\"name\":\"Home\",\"item\":\"https:\/\/www.gaveanews.com\/\"},{\"@type\":\"ListItem\",\"position\":2,\"name\":\"Atl\u00e9tico-MG: atualiza\u00e7\u00e3o importante sobre Hulk\"}]},{\"@type\":\"WebSite\",\"@id\":\"https:\/\/www.gaveanews.com\/#website\",\"url\":\"https:\/\/www.gaveanews.com\/\",\"name\":\"G\u00e1vea News\",\"description\":\"Veja todas as not\u00edcias sobre o Flamengo: Contrata\u00e7\u00f5es, categorias de base, resultados das partidas, tabela de classifica\u00e7\u00e3o, pr\u00f3ximos jogos!\",\"potentialAction\":[{\"@type\":\"SearchAction\",\"target\":{\"@type\":\"EntryPoint\",\"urlTemplate\":\"https:\/\/www.gaveanews.com\/?s={search_term_string}\"},\"query-input\":{\"@type\":\"PropertyValueSpecification\",\"valueRequired\":true,\"valueName\":\"search_term_string\"}}],\"inLanguage\":\"pt-BR\"},{\"@type\":\"Person\",\"@id\":\"https:\/\/www.gaveanews.com\/#\/schema\/person\/0277a79a1289c451c281ec0411d84f0c\",\"name\":\"Andr\u00e9 Serra\",\"image\":{\"@type\":\"ImageObject\",\"inLanguage\":\"pt-BR\",\"@id\":\"https:\/\/www.gaveanews.com\/#\/schema\/person\/image\/\",\"url\":\"https:\/\/secure.gravatar.com\/avatar\/d7231369fe48db93292b3e88eb2162dbd9a34a47a8437d9ef3bcaca2a86a83d7?s=96&d=mm&r=g\",\"contentUrl\":\"https:\/\/secure.gravatar.com\/avatar\/d7231369fe48db93292b3e88eb2162dbd9a34a47a8437d9ef3bcaca2a86a83d7?s=96&d=mm&r=g\",\"caption\":\"Andr\u00e9 Serra\"}}]}<\/script>\n<!-- \/ Yoast SEO Premium plugin. -->","yoast_head_json":{"title":"Atl\u00e9tico-MG: atualiza\u00e7\u00e3o importante sobre Hulk","robots":{"index":"index","follow":"follow","max-snippet":"max-snippet:-1","max-image-preview":"max-image-preview:large","max-video-preview":"max-video-preview:-1"},"canonical":"https:\/\/www.gaveanews.com\/index.php\/2025\/03\/11\/atletico-mg-atualizacao-importante-sobre-hulk\/","og_locale":"pt_BR","og_type":"article","og_title":"Atl\u00e9tico-MG: atualiza\u00e7\u00e3o importante sobre Hulk","og_description":"Camisa 7 est\u00e1 em fase final de recupera\u00e7\u00e3o de les\u00e3o O retorno de Hulk est\u00e1 muito pr\u00f3ximo de acontecer. Nesta ter\u00e7a-feira (11), o camisa 7 foi a campo na Cidade do Galo, mas n\u00e3o treinou junto ao elenco. O atacante sofreu uma les\u00e3o muscular na coxa direita no dia 22 de fevereiro, no jogo de [&hellip;]","og_url":"https:\/\/www.gaveanews.com\/index.php\/2025\/03\/11\/atletico-mg-atualizacao-importante-sobre-hulk\/","og_site_name":"G\u00e1vea News","article_publisher":"https:\/\/facebook.com\/gaveaNews\/","article_published_time":"2025-03-11T21:50:00+00:00","og_image":[{"width":1328,"height":1066,"url":"https:\/\/www.gaveanews.com\/wp-content\/uploads\/Hulk-em-acao-pelo-Atletico-MG.webp","type":"image\/jpeg"}],"author":"Andr\u00e9 Serra","twitter_card":"summary_large_image","twitter_misc":{"Escrito por":"Andr\u00e9 Serra","Est. tempo de leitura":"3 minutos"},"schema":{"@context":"https:\/\/schema.org","@graph":[{"@type":"NewsArticle","@id":"https:\/\/www.gaveanews.com\/index.php\/2025\/03\/11\/atletico-mg-atualizacao-importante-sobre-hulk\/#article","isPartOf":{"@id":"https:\/\/www.gaveanews.com\/index.php\/2025\/03\/11\/atletico-mg-atualizacao-importante-sobre-hulk\/"},"author":{"name":"Andr\u00e9 Serra","@id":"https:\/\/www.gaveanews.com\/#\/schema\/person\/0277a79a1289c451c281ec0411d84f0c"},"headline":"Atl\u00e9tico-MG: atualiza\u00e7\u00e3o importante sobre Hulk","datePublished":"2025-03-11T21:50:00+00:00","mainEntityOfPage":{"@id":"https:\/\/www.gaveanews.com\/index.php\/2025\/03\/11\/atletico-mg-atualizacao-importante-sobre-hulk\/"},"wordCount":366,"commentCount":0,"image":{"@id":"https:\/\/www.gaveanews.com\/index.php\/2025\/03\/11\/atletico-mg-atualizacao-importante-sobre-hulk\/#primaryimage"},"thumbnailUrl":"https:\/\/www.gaveanews.com\/wp-content\/uploads\/Hulk-em-acao-pelo-Atletico-MG.webp","articleSection":["Atl\u00e9tico-MG"],"inLanguage":"pt-BR","potentialAction":[{"@type":"CommentAction","name":"Comment","target":["https:\/\/www.gaveanews.com\/index.php\/2025\/03\/11\/atletico-mg-atualizacao-importante-sobre-hulk\/#respond"]}],"copyrightYear":"2025","copyrightHolder":{"@id":"https:\/\/www.gaveanews.com\/#organization"}},{"@type":"WebPage","@id":"https:\/\/www.gaveanews.com\/index.php\/2025\/03\/11\/atletico-mg-atualizacao-importante-sobre-hulk\/","url":"https:\/\/www.gaveanews.com\/index.php\/2025\/03\/11\/atletico-mg-atualizacao-importante-sobre-hulk\/","name":"Atl\u00e9tico-MG: atualiza\u00e7\u00e3o importante sobre Hulk","isPartOf":{"@id":"https:\/\/www.gaveanews.com\/#website"},"primaryImageOfPage":{"@id":"https:\/\/www.gaveanews.com\/index.php\/2025\/03\/11\/atletico-mg-atualizacao-importante-sobre-hulk\/#primaryimage"},"image":{"@id":"https:\/\/www.gaveanews.com\/index.php\/2025\/03\/11\/atletico-mg-atualizacao-importante-sobre-hulk\/#primaryimage"},"thumbnailUrl":"https:\/\/www.gaveanews.com\/wp-content\/uploads\/Hulk-em-acao-pelo-Atletico-MG.webp","datePublished":"2025-03-11T21:50:00+00:00","author":{"@id":"https:\/\/www.gaveanews.com\/#\/schema\/person\/0277a79a1289c451c281ec0411d84f0c"},"breadcrumb":{"@id":"https:\/\/www.gaveanews.com\/index.php\/2025\/03\/11\/atletico-mg-atualizacao-importante-sobre-hulk\/#breadcrumb"},"inLanguage":"pt-BR","potentialAction":[{"@type":"ReadAction","target":["https:\/\/www.gaveanews.com\/index.php\/2025\/03\/11\/atletico-mg-atualizacao-importante-sobre-hulk\/"]}]},{"@type":"ImageObject","inLanguage":"pt-BR","@id":"https:\/\/www.gaveanews.com\/index.php\/2025\/03\/11\/atletico-mg-atualizacao-importante-sobre-hulk\/#primaryimage","url":"https:\/\/www.gaveanews.com\/wp-content\/uploads\/Hulk-em-acao-pelo-Atletico-MG.webp","contentUrl":"https:\/\/www.gaveanews.com\/wp-content\/uploads\/Hulk-em-acao-pelo-Atletico-MG.webp","width":1328,"height":1066,"caption":"Hulk em a\u00e7\u00e3o pelo Atl\u00e9tico-MG (Foto: Pedro Souza\/Atletico)"},{"@type":"BreadcrumbList","@id":"https:\/\/www.gaveanews.com\/index.php\/2025\/03\/11\/atletico-mg-atualizacao-importante-sobre-hulk\/#breadcrumb","itemListElement":[{"@type":"ListItem","position":1,"name":"Home","item":"https:\/\/www.gaveanews.com\/"},{"@type":"ListItem","position":2,"name":"Atl\u00e9tico-MG: atualiza\u00e7\u00e3o importante sobre Hulk"}]},{"@type":"WebSite","@id":"https:\/\/www.gaveanews.com\/#website","url":"https:\/\/www.gaveanews.com\/","name":"G\u00e1vea News","description":"Veja todas as not\u00edcias sobre o Flamengo: Contrata\u00e7\u00f5es, categorias de base, resultados das partidas, tabela de classifica\u00e7\u00e3o, pr\u00f3ximos jogos!","potentialAction":[{"@type":"SearchAction","target":{"@type":"EntryPoint","urlTemplate":"https:\/\/www.gaveanews.com\/?s={search_term_string}"},"query-input":{"@type":"PropertyValueSpecification","valueRequired":true,"valueName":"search_term_string"}}],"inLanguage":"pt-BR"},{"@type":"Person","@id":"https:\/\/www.gaveanews.com\/#\/schema\/person\/0277a79a1289c451c281ec0411d84f0c","name":"Andr\u00e9 Serra","image":{"@type":"ImageObject","inLanguage":"pt-BR","@id":"https:\/\/www.gaveanews.com\/#\/schema\/person\/image\/","url":"https:\/\/secure.gravatar.com\/avatar\/d7231369fe48db93292b3e88eb2162dbd9a34a47a8437d9ef3bcaca2a86a83d7?s=96&d=mm&r=g","contentUrl":"https:\/\/secure.gravatar.com\/avatar\/d7231369fe48db93292b3e88eb2162dbd9a34a47a8437d9ef3bcaca2a86a83d7?s=96&d=mm&r=g","caption":"Andr\u00e9 Serra"}}]}},"_links":{"self":[{"href":"https:\/\/www.gaveanews.com\/index.php\/wp-json\/wp\/v2\/posts\/238515","targetHints":{"allow":["GET"]}}],"collection":[{"href":"https:\/\/www.gaveanews.com\/index.php\/wp-json\/wp\/v2\/posts"}],"about":[{"href":"https:\/\/www.gaveanews.com\/index.php\/wp-json\/wp\/v2\/types\/post"}],"author":[{"embeddable":true,"href":"https:\/\/www.gaveanews.com\/index.php\/wp-json\/wp\/v2\/users\/21"}],"replies":[{"embeddable":true,"href":"https:\/\/www.gaveanews.com\/index.php\/wp-json\/wp\/v2\/comments?post=238515"}],"version-history":[{"count":1,"href":"https:\/\/www.gaveanews.com\/index.php\/wp-json\/wp\/v2\/posts\/238515\/revisions"}],"predecessor-version":[{"id":238534,"href":"https:\/\/www.gaveanews.com\/index.php\/wp-json\/wp\/v2\/posts\/238515\/revisions\/238534"}],"wp:featuredmedia":[{"embeddable":true,"href":"https:\/\/www.gaveanews.com\/index.php\/wp-json\/wp\/v2\/media\/183983"}],"wp:attachment":[{"href":"https:\/\/www.gaveanews.com\/index.php\/wp-json\/wp\/v2\/media?parent=238515"}],"wp:term":[{"taxonomy":"category","embeddable":true,"href":"https:\/\/www.gaveanews.com\/index.php\/wp-json\/wp\/v2\/categories?post=238515"},{"taxonomy":"post_tag","embeddable":true,"href":"https:\/\/www.gaveanews.com\/index.php\/wp-json\/wp\/v2\/tags?post=238515"}],"curies":[{"name":"wp","href":"https:\/\/api.w.org\/{rel}","templated":true}]}}