{"id":238518,"date":"2025-03-11T19:15:00","date_gmt":"2025-03-11T22:15:00","guid":{"rendered":"https:\/\/www.gaveanews.com\/?p=238518"},"modified":"2025-03-11T16:33:19","modified_gmt":"2025-03-11T19:33:19","slug":"clube-da-serie-a-prepara-oferta-para-contratar-deyverson-do-atletico-mg","status":"publish","type":"post","link":"https:\/\/www.gaveanews.com\/index.php\/2025\/03\/11\/clube-da-serie-a-prepara-oferta-para-contratar-deyverson-do-atletico-mg\/","title":{"rendered":"Clube da S\u00e9rie A prepara oferta para contratar Deyverson, do Atl\u00e9tico-MG"},"content":{"rendered":"\n<p>O Atl\u00e9tico-MG vive uma fase de mudan\u00e7as e reformula\u00e7\u00e3o no elenco, e um dos jogadores que pode estar de sa\u00edda \u00e9 Deyverson.&nbsp;<\/p>\n\n\n\n<p>O atacante, que chegou ao clube em 2024 e teve um in\u00edcio promissor, perdeu espa\u00e7o com a chegada de Cuca e pode estar de malas prontas. Dessa maneira, um clube da S\u00e9rie A j\u00e1 se movimenta para tentar a sua contrata\u00e7\u00e3o.<\/p>\n\n\n\n<h2 class=\"wp-block-heading\" id=\"h-fortaleza-quer-deyverson-e-ja-prepara-proposta\">Fortaleza quer Deyverson e j\u00e1 prepara proposta<\/h2>\n\n\n\n<p>Segundo informa\u00e7\u00f5es do GE, o Fortaleza est\u00e1 interessado no atacante do Galo e pretende formalizar uma oferta nesta janela de transfer\u00eancias, que vai at\u00e9 o dia 11 de abril. Al\u00e9m disso, o clube cearense j\u00e1 tem um plano tra\u00e7ado e pretende oferecer um contrato de tr\u00eas anos para contar com o jogador.<\/p>\n\n\n\n<p>Por isso, a diretoria do Le\u00e3o do Pici aguarda um posicionamento do estafe de Deyverson para avan\u00e7ar nas negocia\u00e7\u00f5es. Vale destacar que o Atl\u00e9tico-MG ainda n\u00e3o se manifestou oficialmente sobre a poss\u00edvel transfer\u00eancia.<\/p>\n\n\n\n<h2 class=\"wp-block-heading\" id=\"h-deyverson-perdeu-espaco-e-pode-sair-do-galo\">Deyverson perdeu espa\u00e7o e pode sair do Galo<\/h2>\n\n\n\n<p>Deyverson teve um impacto imediato no Galo, principalmente na Copa Libertadores, mas a chegada de Cuca mudou o cen\u00e1rio. Isso porque o treinador n\u00e3o v\u00ea o atacante como pe\u00e7a-chave no esquema e tem dado poucas oportunidades ao jogador.<\/p>\n\n\n\n<p>Atualmente, ele soma nove partidas e dois gols em 2025, com apenas 169 minutos em campo. Sendo assim, uma sa\u00edda pode ser ben\u00e9fica para ambas as partes, j\u00e1 que ele teria mais espa\u00e7o em outro clube e o Atl\u00e9tico-MG poderia aliviar a folha salarial.<\/p>\n\n\n\n<h2 class=\"wp-block-heading\" id=\"h-outros-nomes-tambem-podem-deixar-o-atletico-mg\">Outros nomes tamb\u00e9m podem deixar o Atl\u00e9tico-MG<\/h2>\n\n\n\n<p>A diretoria atleticana segue analisando o elenco, e outros jogadores podem seguir o mesmo caminho de Deyverson. Cabe ressaltar que Igor Gomes tamb\u00e9m est\u00e1 em baixa e pode ser negociado. O meia disputou apenas seis jogos na temporada, somando 62 minutos, sem nunca ter sido titular.<\/p>\n\n\n\n<p>Com isso, clubes como o Internacional demonstram interesse no jogador. Al\u00e9m disso, o Gr\u00eamio j\u00e1 sinalizou que pretende investir na contrata\u00e7\u00e3o de Lyanco, outro nome que pode deixar o Galo.<\/p>\n\n\n\n<p>Portanto, o Atl\u00e9tico-MG pode ter um elenco bem diferente ao final da janela, com algumas sa\u00eddas para aliviar os cofres e abrir espa\u00e7o para novos refor\u00e7os.<\/p>\n","protected":false},"excerpt":{"rendered":"<p>O Atl\u00e9tico-MG vive uma fase de mudan\u00e7as e reformula\u00e7\u00e3o no elenco, e um dos jogadores que pode estar de sa\u00edda \u00e9 Deyverson.&nbsp; O atacante, que chegou ao clube em 2024 e teve um in\u00edcio promissor, perdeu espa\u00e7o com a chegada de Cuca e pode estar de malas prontas. Dessa maneira, um clube da S\u00e9rie A [&hellip;]<\/p>\n","protected":false},"author":25,"featured_media":158213,"comment_status":"open","ping_status":"closed","sticky":false,"template":"","format":"standard","meta":{"footnotes":""},"categories":[136],"tags":[],"class_list":["post-238518","post","type-post","status-publish","format-standard","has-post-thumbnail","hentry","category-atletico-mg"],"yoast_head":"<!-- This site is optimized with the Yoast SEO Premium plugin v24.2 (Yoast SEO v26.9) - https:\/\/yoast.com\/product\/yoast-seo-premium-wordpress\/ -->\n<title>Clube da S\u00e9rie A prepara oferta para contratar Deyverson, do Atl\u00e9tico-MG<\/title>\n<meta name=\"robots\" content=\"index, follow, max-snippet:-1, max-image-preview:large, max-video-preview:-1\" \/>\n<link rel=\"canonical\" href=\"https:\/\/www.gaveanews.com\/index.php\/2025\/03\/11\/clube-da-serie-a-prepara-oferta-para-contratar-deyverson-do-atletico-mg\/\" \/>\n<meta property=\"og:locale\" content=\"pt_BR\" \/>\n<meta property=\"og:type\" content=\"article\" \/>\n<meta property=\"og:title\" content=\"Clube da S\u00e9rie A prepara oferta para contratar Deyverson, do Atl\u00e9tico-MG\" \/>\n<meta property=\"og:description\" content=\"O Atl\u00e9tico-MG vive uma fase de mudan\u00e7as e reformula\u00e7\u00e3o no elenco, e um dos jogadores que pode estar de sa\u00edda \u00e9 Deyverson.&nbsp; O atacante, que chegou ao clube em 2024 e teve um in\u00edcio promissor, perdeu espa\u00e7o com a chegada de Cuca e pode estar de malas prontas. Dessa maneira, um clube da S\u00e9rie A [&hellip;]\" \/>\n<meta property=\"og:url\" content=\"https:\/\/www.gaveanews.com\/index.php\/2025\/03\/11\/clube-da-serie-a-prepara-oferta-para-contratar-deyverson-do-atletico-mg\/\" \/>\n<meta property=\"og:site_name\" content=\"G\u00e1vea News\" \/>\n<meta property=\"article:publisher\" content=\"https:\/\/facebook.com\/gaveaNews\/\" \/>\n<meta property=\"article:published_time\" content=\"2025-03-11T22:15:00+00:00\" \/>\n<meta property=\"og:image\" content=\"https:\/\/www.gaveanews.com\/wp-content\/uploads\/Deyverson-com-a-camisa-do-Atletico-Mineiro-em-2024.webp\" \/>\n\t<meta property=\"og:image:width\" content=\"1350\" \/>\n\t<meta property=\"og:image:height\" content=\"1013\" \/>\n\t<meta property=\"og:image:type\" content=\"image\/webp\" \/>\n<meta name=\"author\" content=\"Rafaela Ladeira\" \/>\n<meta name=\"twitter:card\" content=\"summary_large_image\" \/>\n<meta name=\"twitter:label1\" content=\"Escrito por\" \/>\n\t<meta name=\"twitter:data1\" content=\"Rafaela Ladeira\" \/>\n\t<meta name=\"twitter:label2\" content=\"Est. tempo de leitura\" \/>\n\t<meta name=\"twitter:data2\" content=\"3 minutos\" \/>\n<script type=\"application\/ld+json\" class=\"yoast-schema-graph\">{\"@context\":\"https:\/\/schema.org\",\"@graph\":[{\"@type\":\"NewsArticle\",\"@id\":\"https:\/\/www.gaveanews.com\/index.php\/2025\/03\/11\/clube-da-serie-a-prepara-oferta-para-contratar-deyverson-do-atletico-mg\/#article\",\"isPartOf\":{\"@id\":\"https:\/\/www.gaveanews.com\/index.php\/2025\/03\/11\/clube-da-serie-a-prepara-oferta-para-contratar-deyverson-do-atletico-mg\/\"},\"author\":{\"name\":\"Rafaela Ladeira\",\"@id\":\"https:\/\/www.gaveanews.com\/#\/schema\/person\/0eb3e3fe1754f0205218538adbe8f5ed\"},\"headline\":\"Clube da S\u00e9rie A prepara oferta para contratar Deyverson, do Atl\u00e9tico-MG\",\"datePublished\":\"2025-03-11T22:15:00+00:00\",\"mainEntityOfPage\":{\"@id\":\"https:\/\/www.gaveanews.com\/index.php\/2025\/03\/11\/clube-da-serie-a-prepara-oferta-para-contratar-deyverson-do-atletico-mg\/\"},\"wordCount\":400,\"commentCount\":0,\"image\":{\"@id\":\"https:\/\/www.gaveanews.com\/index.php\/2025\/03\/11\/clube-da-serie-a-prepara-oferta-para-contratar-deyverson-do-atletico-mg\/#primaryimage\"},\"thumbnailUrl\":\"https:\/\/www.gaveanews.com\/wp-content\/uploads\/Deyverson-com-a-camisa-do-Atletico-Mineiro-em-2024.webp\",\"articleSection\":[\"Atl\u00e9tico-MG\"],\"inLanguage\":\"pt-BR\",\"potentialAction\":[{\"@type\":\"CommentAction\",\"name\":\"Comment\",\"target\":[\"https:\/\/www.gaveanews.com\/index.php\/2025\/03\/11\/clube-da-serie-a-prepara-oferta-para-contratar-deyverson-do-atletico-mg\/#respond\"]}],\"copyrightYear\":\"2025\",\"copyrightHolder\":{\"@id\":\"https:\/\/www.gaveanews.com\/#organization\"}},{\"@type\":\"WebPage\",\"@id\":\"https:\/\/www.gaveanews.com\/index.php\/2025\/03\/11\/clube-da-serie-a-prepara-oferta-para-contratar-deyverson-do-atletico-mg\/\",\"url\":\"https:\/\/www.gaveanews.com\/index.php\/2025\/03\/11\/clube-da-serie-a-prepara-oferta-para-contratar-deyverson-do-atletico-mg\/\",\"name\":\"Clube da S\u00e9rie A prepara oferta para contratar Deyverson, do Atl\u00e9tico-MG\",\"isPartOf\":{\"@id\":\"https:\/\/www.gaveanews.com\/#website\"},\"primaryImageOfPage\":{\"@id\":\"https:\/\/www.gaveanews.com\/index.php\/2025\/03\/11\/clube-da-serie-a-prepara-oferta-para-contratar-deyverson-do-atletico-mg\/#primaryimage\"},\"image\":{\"@id\":\"https:\/\/www.gaveanews.com\/index.php\/2025\/03\/11\/clube-da-serie-a-prepara-oferta-para-contratar-deyverson-do-atletico-mg\/#primaryimage\"},\"thumbnailUrl\":\"https:\/\/www.gaveanews.com\/wp-content\/uploads\/Deyverson-com-a-camisa-do-Atletico-Mineiro-em-2024.webp\",\"datePublished\":\"2025-03-11T22:15:00+00:00\",\"author\":{\"@id\":\"https:\/\/www.gaveanews.com\/#\/schema\/person\/0eb3e3fe1754f0205218538adbe8f5ed\"},\"breadcrumb\":{\"@id\":\"https:\/\/www.gaveanews.com\/index.php\/2025\/03\/11\/clube-da-serie-a-prepara-oferta-para-contratar-deyverson-do-atletico-mg\/#breadcrumb\"},\"inLanguage\":\"pt-BR\",\"potentialAction\":[{\"@type\":\"ReadAction\",\"target\":[\"https:\/\/www.gaveanews.com\/index.php\/2025\/03\/11\/clube-da-serie-a-prepara-oferta-para-contratar-deyverson-do-atletico-mg\/\"]}]},{\"@type\":\"ImageObject\",\"inLanguage\":\"pt-BR\",\"@id\":\"https:\/\/www.gaveanews.com\/index.php\/2025\/03\/11\/clube-da-serie-a-prepara-oferta-para-contratar-deyverson-do-atletico-mg\/#primaryimage\",\"url\":\"https:\/\/www.gaveanews.com\/wp-content\/uploads\/Deyverson-com-a-camisa-do-Atletico-Mineiro-em-2024.webp\",\"contentUrl\":\"https:\/\/www.gaveanews.com\/wp-content\/uploads\/Deyverson-com-a-camisa-do-Atletico-Mineiro-em-2024.webp\",\"width\":1350,\"height\":1013,\"caption\":\"Deyverson com a camisa do Atl\u00e9tico Mineiro em 2024 (Foto: Divulga\u00e7\u00e3o\/Atl\u00e9tico Mineiro)\"},{\"@type\":\"BreadcrumbList\",\"@id\":\"https:\/\/www.gaveanews.com\/index.php\/2025\/03\/11\/clube-da-serie-a-prepara-oferta-para-contratar-deyverson-do-atletico-mg\/#breadcrumb\",\"itemListElement\":[{\"@type\":\"ListItem\",\"position\":1,\"name\":\"Home\",\"item\":\"https:\/\/www.gaveanews.com\/\"},{\"@type\":\"ListItem\",\"position\":2,\"name\":\"Clube da S\u00e9rie A prepara oferta para contratar Deyverson, do Atl\u00e9tico-MG\"}]},{\"@type\":\"WebSite\",\"@id\":\"https:\/\/www.gaveanews.com\/#website\",\"url\":\"https:\/\/www.gaveanews.com\/\",\"name\":\"G\u00e1vea News\",\"description\":\"Veja todas as not\u00edcias sobre o Flamengo: Contrata\u00e7\u00f5es, categorias de base, resultados das partidas, tabela de classifica\u00e7\u00e3o, pr\u00f3ximos jogos!\",\"potentialAction\":[{\"@type\":\"SearchAction\",\"target\":{\"@type\":\"EntryPoint\",\"urlTemplate\":\"https:\/\/www.gaveanews.com\/?s={search_term_string}\"},\"query-input\":{\"@type\":\"PropertyValueSpecification\",\"valueRequired\":true,\"valueName\":\"search_term_string\"}}],\"inLanguage\":\"pt-BR\"},{\"@type\":\"Person\",\"@id\":\"https:\/\/www.gaveanews.com\/#\/schema\/person\/0eb3e3fe1754f0205218538adbe8f5ed\",\"name\":\"Rafaela Ladeira\",\"image\":{\"@type\":\"ImageObject\",\"inLanguage\":\"pt-BR\",\"@id\":\"https:\/\/www.gaveanews.com\/#\/schema\/person\/image\/\",\"url\":\"https:\/\/secure.gravatar.com\/avatar\/c31f513acffd85eacab5730cbdfdbbf59f21ba5aeada8cd890acea879fbb2455?s=96&d=mm&r=g\",\"contentUrl\":\"https:\/\/secure.gravatar.com\/avatar\/c31f513acffd85eacab5730cbdfdbbf59f21ba5aeada8cd890acea879fbb2455?s=96&d=mm&r=g\",\"caption\":\"Rafaela Ladeira\"}}]}<\/script>\n<!-- \/ Yoast SEO Premium plugin. -->","yoast_head_json":{"title":"Clube da S\u00e9rie A prepara oferta para contratar Deyverson, do Atl\u00e9tico-MG","robots":{"index":"index","follow":"follow","max-snippet":"max-snippet:-1","max-image-preview":"max-image-preview:large","max-video-preview":"max-video-preview:-1"},"canonical":"https:\/\/www.gaveanews.com\/index.php\/2025\/03\/11\/clube-da-serie-a-prepara-oferta-para-contratar-deyverson-do-atletico-mg\/","og_locale":"pt_BR","og_type":"article","og_title":"Clube da S\u00e9rie A prepara oferta para contratar Deyverson, do Atl\u00e9tico-MG","og_description":"O Atl\u00e9tico-MG vive uma fase de mudan\u00e7as e reformula\u00e7\u00e3o no elenco, e um dos jogadores que pode estar de sa\u00edda \u00e9 Deyverson.&nbsp; O atacante, que chegou ao clube em 2024 e teve um in\u00edcio promissor, perdeu espa\u00e7o com a chegada de Cuca e pode estar de malas prontas. Dessa maneira, um clube da S\u00e9rie A [&hellip;]","og_url":"https:\/\/www.gaveanews.com\/index.php\/2025\/03\/11\/clube-da-serie-a-prepara-oferta-para-contratar-deyverson-do-atletico-mg\/","og_site_name":"G\u00e1vea News","article_publisher":"https:\/\/facebook.com\/gaveaNews\/","article_published_time":"2025-03-11T22:15:00+00:00","og_image":[{"width":1350,"height":1013,"url":"https:\/\/www.gaveanews.com\/wp-content\/uploads\/Deyverson-com-a-camisa-do-Atletico-Mineiro-em-2024.webp","type":"image\/webp"}],"author":"Rafaela Ladeira","twitter_card":"summary_large_image","twitter_misc":{"Escrito por":"Rafaela Ladeira","Est. tempo de leitura":"3 minutos"},"schema":{"@context":"https:\/\/schema.org","@graph":[{"@type":"NewsArticle","@id":"https:\/\/www.gaveanews.com\/index.php\/2025\/03\/11\/clube-da-serie-a-prepara-oferta-para-contratar-deyverson-do-atletico-mg\/#article","isPartOf":{"@id":"https:\/\/www.gaveanews.com\/index.php\/2025\/03\/11\/clube-da-serie-a-prepara-oferta-para-contratar-deyverson-do-atletico-mg\/"},"author":{"name":"Rafaela Ladeira","@id":"https:\/\/www.gaveanews.com\/#\/schema\/person\/0eb3e3fe1754f0205218538adbe8f5ed"},"headline":"Clube da S\u00e9rie A prepara oferta para contratar Deyverson, do Atl\u00e9tico-MG","datePublished":"2025-03-11T22:15:00+00:00","mainEntityOfPage":{"@id":"https:\/\/www.gaveanews.com\/index.php\/2025\/03\/11\/clube-da-serie-a-prepara-oferta-para-contratar-deyverson-do-atletico-mg\/"},"wordCount":400,"commentCount":0,"image":{"@id":"https:\/\/www.gaveanews.com\/index.php\/2025\/03\/11\/clube-da-serie-a-prepara-oferta-para-contratar-deyverson-do-atletico-mg\/#primaryimage"},"thumbnailUrl":"https:\/\/www.gaveanews.com\/wp-content\/uploads\/Deyverson-com-a-camisa-do-Atletico-Mineiro-em-2024.webp","articleSection":["Atl\u00e9tico-MG"],"inLanguage":"pt-BR","potentialAction":[{"@type":"CommentAction","name":"Comment","target":["https:\/\/www.gaveanews.com\/index.php\/2025\/03\/11\/clube-da-serie-a-prepara-oferta-para-contratar-deyverson-do-atletico-mg\/#respond"]}],"copyrightYear":"2025","copyrightHolder":{"@id":"https:\/\/www.gaveanews.com\/#organization"}},{"@type":"WebPage","@id":"https:\/\/www.gaveanews.com\/index.php\/2025\/03\/11\/clube-da-serie-a-prepara-oferta-para-contratar-deyverson-do-atletico-mg\/","url":"https:\/\/www.gaveanews.com\/index.php\/2025\/03\/11\/clube-da-serie-a-prepara-oferta-para-contratar-deyverson-do-atletico-mg\/","name":"Clube da S\u00e9rie A prepara oferta para contratar Deyverson, do Atl\u00e9tico-MG","isPartOf":{"@id":"https:\/\/www.gaveanews.com\/#website"},"primaryImageOfPage":{"@id":"https:\/\/www.gaveanews.com\/index.php\/2025\/03\/11\/clube-da-serie-a-prepara-oferta-para-contratar-deyverson-do-atletico-mg\/#primaryimage"},"image":{"@id":"https:\/\/www.gaveanews.com\/index.php\/2025\/03\/11\/clube-da-serie-a-prepara-oferta-para-contratar-deyverson-do-atletico-mg\/#primaryimage"},"thumbnailUrl":"https:\/\/www.gaveanews.com\/wp-content\/uploads\/Deyverson-com-a-camisa-do-Atletico-Mineiro-em-2024.webp","datePublished":"2025-03-11T22:15:00+00:00","author":{"@id":"https:\/\/www.gaveanews.com\/#\/schema\/person\/0eb3e3fe1754f0205218538adbe8f5ed"},"breadcrumb":{"@id":"https:\/\/www.gaveanews.com\/index.php\/2025\/03\/11\/clube-da-serie-a-prepara-oferta-para-contratar-deyverson-do-atletico-mg\/#breadcrumb"},"inLanguage":"pt-BR","potentialAction":[{"@type":"ReadAction","target":["https:\/\/www.gaveanews.com\/index.php\/2025\/03\/11\/clube-da-serie-a-prepara-oferta-para-contratar-deyverson-do-atletico-mg\/"]}]},{"@type":"ImageObject","inLanguage":"pt-BR","@id":"https:\/\/www.gaveanews.com\/index.php\/2025\/03\/11\/clube-da-serie-a-prepara-oferta-para-contratar-deyverson-do-atletico-mg\/#primaryimage","url":"https:\/\/www.gaveanews.com\/wp-content\/uploads\/Deyverson-com-a-camisa-do-Atletico-Mineiro-em-2024.webp","contentUrl":"https:\/\/www.gaveanews.com\/wp-content\/uploads\/Deyverson-com-a-camisa-do-Atletico-Mineiro-em-2024.webp","width":1350,"height":1013,"caption":"Deyverson com a camisa do Atl\u00e9tico Mineiro em 2024 (Foto: Divulga\u00e7\u00e3o\/Atl\u00e9tico Mineiro)"},{"@type":"BreadcrumbList","@id":"https:\/\/www.gaveanews.com\/index.php\/2025\/03\/11\/clube-da-serie-a-prepara-oferta-para-contratar-deyverson-do-atletico-mg\/#breadcrumb","itemListElement":[{"@type":"ListItem","position":1,"name":"Home","item":"https:\/\/www.gaveanews.com\/"},{"@type":"ListItem","position":2,"name":"Clube da S\u00e9rie A prepara oferta para contratar Deyverson, do Atl\u00e9tico-MG"}]},{"@type":"WebSite","@id":"https:\/\/www.gaveanews.com\/#website","url":"https:\/\/www.gaveanews.com\/","name":"G\u00e1vea News","description":"Veja todas as not\u00edcias sobre o Flamengo: Contrata\u00e7\u00f5es, categorias de base, resultados das partidas, tabela de classifica\u00e7\u00e3o, pr\u00f3ximos jogos!","potentialAction":[{"@type":"SearchAction","target":{"@type":"EntryPoint","urlTemplate":"https:\/\/www.gaveanews.com\/?s={search_term_string}"},"query-input":{"@type":"PropertyValueSpecification","valueRequired":true,"valueName":"search_term_string"}}],"inLanguage":"pt-BR"},{"@type":"Person","@id":"https:\/\/www.gaveanews.com\/#\/schema\/person\/0eb3e3fe1754f0205218538adbe8f5ed","name":"Rafaela Ladeira","image":{"@type":"ImageObject","inLanguage":"pt-BR","@id":"https:\/\/www.gaveanews.com\/#\/schema\/person\/image\/","url":"https:\/\/secure.gravatar.com\/avatar\/c31f513acffd85eacab5730cbdfdbbf59f21ba5aeada8cd890acea879fbb2455?s=96&d=mm&r=g","contentUrl":"https:\/\/secure.gravatar.com\/avatar\/c31f513acffd85eacab5730cbdfdbbf59f21ba5aeada8cd890acea879fbb2455?s=96&d=mm&r=g","caption":"Rafaela Ladeira"}}]}},"_links":{"self":[{"href":"https:\/\/www.gaveanews.com\/index.php\/wp-json\/wp\/v2\/posts\/238518","targetHints":{"allow":["GET"]}}],"collection":[{"href":"https:\/\/www.gaveanews.com\/index.php\/wp-json\/wp\/v2\/posts"}],"about":[{"href":"https:\/\/www.gaveanews.com\/index.php\/wp-json\/wp\/v2\/types\/post"}],"author":[{"embeddable":true,"href":"https:\/\/www.gaveanews.com\/index.php\/wp-json\/wp\/v2\/users\/25"}],"replies":[{"embeddable":true,"href":"https:\/\/www.gaveanews.com\/index.php\/wp-json\/wp\/v2\/comments?post=238518"}],"version-history":[{"count":1,"href":"https:\/\/www.gaveanews.com\/index.php\/wp-json\/wp\/v2\/posts\/238518\/revisions"}],"predecessor-version":[{"id":238520,"href":"https:\/\/www.gaveanews.com\/index.php\/wp-json\/wp\/v2\/posts\/238518\/revisions\/238520"}],"wp:featuredmedia":[{"embeddable":true,"href":"https:\/\/www.gaveanews.com\/index.php\/wp-json\/wp\/v2\/media\/158213"}],"wp:attachment":[{"href":"https:\/\/www.gaveanews.com\/index.php\/wp-json\/wp\/v2\/media?parent=238518"}],"wp:term":[{"taxonomy":"category","embeddable":true,"href":"https:\/\/www.gaveanews.com\/index.php\/wp-json\/wp\/v2\/categories?post=238518"},{"taxonomy":"post_tag","embeddable":true,"href":"https:\/\/www.gaveanews.com\/index.php\/wp-json\/wp\/v2\/tags?post=238518"}],"curies":[{"name":"wp","href":"https:\/\/api.w.org\/{rel}","templated":true}]}}