{"id":238533,"date":"2025-03-11T16:55:00","date_gmt":"2025-03-11T19:55:00","guid":{"rendered":"https:\/\/www.gaveanews.com\/?p=238533"},"modified":"2025-03-11T15:37:13","modified_gmt":"2025-03-11T18:37:13","slug":"corinthians-x-palmeiras-neto-crava-campeao-do-paulistao","status":"publish","type":"post","link":"https:\/\/www.gaveanews.com\/index.php\/2025\/03\/11\/corinthians-x-palmeiras-neto-crava-campeao-do-paulistao\/","title":{"rendered":"Corinthians x Palmeiras: Neto crava campe\u00e3o do Paulist\u00e3o"},"content":{"rendered":"\n<p>O ex-jogador e comentarista Craque Neto fez declara\u00e7\u00f5es pol\u00eamicas sobre a final do Campeonato Paulista entre Corinthians e Palmeiras. Durante o programa &#8220;Os Donos da Bola&#8221;, Neto afirmou que o torneio j\u00e1 est\u00e1 decidido a favor do Palmeiras e que a arbitragem influenciou diretamente no desfecho do campeonato.<\/p>\n\n\n\n<p>Segundo o comentarista, a classifica\u00e7\u00e3o do Palmeiras para a decis\u00e3o foi favorecida por um p\u00eanalti pol\u00eamico marcado a favor da equipe alviverde no duelo contra o S\u00e3o Paulo. Ele criticou duramente a atua\u00e7\u00e3o da Federa\u00e7\u00e3o Paulista de Futebol (FPF) e afirmou que a competi\u00e7\u00e3o est\u00e1 &#8220;manchada&#8221; por erros de arbitragem.<\/p>\n\n\n\n<figure class=\"wp-block-image size-full\"><img loading=\"lazy\" decoding=\"async\" width=\"846\" height=\"476\" src=\"http:\/\/www.gaveanews.com\/wp-content\/uploads\/Comentarista-Neto-em-programa-da-Band.webp\" alt=\"\" class=\"wp-image-71983\" srcset=\"https:\/\/www.gaveanews.com\/wp-content\/uploads\/Comentarista-Neto-em-programa-da-Band.webp 846w, https:\/\/www.gaveanews.com\/wp-content\/uploads\/Comentarista-Neto-em-programa-da-Band-300x169.webp 300w, https:\/\/www.gaveanews.com\/wp-content\/uploads\/Comentarista-Neto-em-programa-da-Band-768x432.webp 768w, https:\/\/www.gaveanews.com\/wp-content\/uploads\/Comentarista-Neto-em-programa-da-Band-746x420.webp 746w, https:\/\/www.gaveanews.com\/wp-content\/uploads\/Comentarista-Neto-em-programa-da-Band-640x360.webp 640w, https:\/\/www.gaveanews.com\/wp-content\/uploads\/Comentarista-Neto-em-programa-da-Band-681x383.webp 681w, https:\/\/www.gaveanews.com\/wp-content\/uploads\/Comentarista-Neto-em-programa-da-Band-100x56.webp 100w\" sizes=\"auto, (max-width: 846px) 100vw, 846px\" \/><figcaption class=\"wp-element-caption\">Comentarista Neto em programa da Band (Foto: Reprodu\u00e7\u00e3o\/Band)<\/figcaption><\/figure>\n\n\n\n<p>Durante o programa, Neto mencionou os \u00e1rbitros designados para os jogos da final, Raphael Claus e Edina Alves Batista, e sugeriu que suas atua\u00e7\u00f5es favoreceriam o Palmeiras. Ele foi ir\u00f4nico ao afirmar que o Corinthians n\u00e3o precisa nem treinar, pois n\u00e3o teria chance de vencer devido \u00e0s decis\u00f5es da arbitragem.<\/p>\n\n\n\n<p>Al\u00e9m do confronto entre Palmeiras e S\u00e3o Paulo, Neto tamb\u00e9m lembrou de outras pol\u00eamicas no campeonato. Ele citou a n\u00e3o expuls\u00e3o do jogador Carillo, do Corinthians, no duelo contra o Mirassol e um gol supostamente irregular do S\u00e3o Paulo contra o Novorizontino nas quartas de final.<\/p>\n\n\n\n<p>A grande decis\u00e3o do Campeonato Paulista ser\u00e1 disputada em dois domingos, com o jogo de volta marcado para o dia 23 de mar\u00e7o, na Neo Qu\u00edmica Arena. O Corinthians, que teve melhor campanha na fase inicial, ter\u00e1 a vantagem de decidir em casa.<\/p>\n\n\n\n<p>Antes da final, o Corinthians ter\u00e1 um desafio pela pr\u00e9-Libertadores. A equipe precisar\u00e1 reverter um placar adverso de 3 a 0 contra o Barcelona de Guayaquil, em busca da classifica\u00e7\u00e3o para a fase de grupos do torneio continental.<\/p>\n\n\n\n<p>A declara\u00e7\u00e3o de Neto gerou forte repercuss\u00e3o entre torcedores e especialistas, dividindo opini\u00f5es sobre a influ\u00eancia da arbitragem no Paulist\u00e3o. Enquanto alguns concordam com as cr\u00edticas do comentarista, outros consideram sua an\u00e1lise exagerada e motivada por paix\u00e3o club\u00edstica.<\/p>\n","protected":false},"excerpt":{"rendered":"<p>O ex-jogador e comentarista Craque Neto fez declara\u00e7\u00f5es pol\u00eamicas sobre a final do Campeonato Paulista entre Corinthians e Palmeiras. Durante o programa &#8220;Os Donos da Bola&#8221;, Neto afirmou que o torneio j\u00e1 est\u00e1 decidido a favor do Palmeiras e que a arbitragem influenciou diretamente no desfecho do campeonato. Segundo o comentarista, a classifica\u00e7\u00e3o do Palmeiras [&hellip;]<\/p>\n","protected":false},"author":27,"featured_media":155414,"comment_status":"open","ping_status":"closed","sticky":false,"template":"","format":"standard","meta":{"footnotes":""},"categories":[141,150],"tags":[],"class_list":["post-238533","post","type-post","status-publish","format-standard","has-post-thumbnail","hentry","category-corinthians","category-palmeiras"],"yoast_head":"<!-- This site is optimized with the Yoast SEO Premium plugin v24.2 (Yoast SEO v26.9) - https:\/\/yoast.com\/product\/yoast-seo-premium-wordpress\/ -->\n<title>Corinthians x Palmeiras: Neto crava campe\u00e3o do Paulist\u00e3o<\/title>\n<meta name=\"robots\" content=\"index, follow, max-snippet:-1, max-image-preview:large, max-video-preview:-1\" \/>\n<link rel=\"canonical\" href=\"https:\/\/www.gaveanews.com\/index.php\/2025\/03\/11\/corinthians-x-palmeiras-neto-crava-campeao-do-paulistao\/\" \/>\n<meta property=\"og:locale\" content=\"pt_BR\" \/>\n<meta property=\"og:type\" content=\"article\" \/>\n<meta property=\"og:title\" content=\"Corinthians x Palmeiras: Neto crava campe\u00e3o do Paulist\u00e3o\" \/>\n<meta property=\"og:description\" content=\"O ex-jogador e comentarista Craque Neto fez declara\u00e7\u00f5es pol\u00eamicas sobre a final do Campeonato Paulista entre Corinthians e Palmeiras. Durante o programa &#8220;Os Donos da Bola&#8221;, Neto afirmou que o torneio j\u00e1 est\u00e1 decidido a favor do Palmeiras e que a arbitragem influenciou diretamente no desfecho do campeonato. Segundo o comentarista, a classifica\u00e7\u00e3o do Palmeiras [&hellip;]\" \/>\n<meta property=\"og:url\" content=\"https:\/\/www.gaveanews.com\/index.php\/2025\/03\/11\/corinthians-x-palmeiras-neto-crava-campeao-do-paulistao\/\" \/>\n<meta property=\"og:site_name\" content=\"G\u00e1vea News\" \/>\n<meta property=\"article:publisher\" content=\"https:\/\/facebook.com\/gaveaNews\/\" \/>\n<meta property=\"article:published_time\" content=\"2025-03-11T19:55:00+00:00\" \/>\n<meta property=\"og:image\" content=\"https:\/\/www.gaveanews.com\/wp-content\/uploads\/Escudos-de-Palmeiras-e-Corinthians.webp\" \/>\n\t<meta property=\"og:image:width\" content=\"900\" \/>\n\t<meta property=\"og:image:height\" content=\"600\" \/>\n\t<meta property=\"og:image:type\" content=\"image\/jpeg\" \/>\n<meta name=\"author\" content=\"Matheus Felipe\" \/>\n<meta name=\"twitter:card\" content=\"summary_large_image\" \/>\n<meta name=\"twitter:label1\" content=\"Escrito por\" \/>\n\t<meta name=\"twitter:data1\" content=\"Matheus Felipe\" \/>\n\t<meta name=\"twitter:label2\" content=\"Est. tempo de leitura\" \/>\n\t<meta name=\"twitter:data2\" content=\"3 minutos\" \/>\n<script type=\"application\/ld+json\" class=\"yoast-schema-graph\">{\"@context\":\"https:\/\/schema.org\",\"@graph\":[{\"@type\":\"NewsArticle\",\"@id\":\"https:\/\/www.gaveanews.com\/index.php\/2025\/03\/11\/corinthians-x-palmeiras-neto-crava-campeao-do-paulistao\/#article\",\"isPartOf\":{\"@id\":\"https:\/\/www.gaveanews.com\/index.php\/2025\/03\/11\/corinthians-x-palmeiras-neto-crava-campeao-do-paulistao\/\"},\"author\":{\"name\":\"Matheus Felipe\",\"@id\":\"https:\/\/www.gaveanews.com\/#\/schema\/person\/8207cd4627f56151707418bfc835b2fb\"},\"headline\":\"Corinthians x Palmeiras: Neto crava campe\u00e3o do Paulist\u00e3o\",\"datePublished\":\"2025-03-11T19:55:00+00:00\",\"mainEntityOfPage\":{\"@id\":\"https:\/\/www.gaveanews.com\/index.php\/2025\/03\/11\/corinthians-x-palmeiras-neto-crava-campeao-do-paulistao\/\"},\"wordCount\":366,\"commentCount\":0,\"image\":{\"@id\":\"https:\/\/www.gaveanews.com\/index.php\/2025\/03\/11\/corinthians-x-palmeiras-neto-crava-campeao-do-paulistao\/#primaryimage\"},\"thumbnailUrl\":\"https:\/\/www.gaveanews.com\/wp-content\/uploads\/Escudos-de-Palmeiras-e-Corinthians.webp\",\"articleSection\":[\"Corinthians\",\"Palmeiras\"],\"inLanguage\":\"pt-BR\",\"potentialAction\":[{\"@type\":\"CommentAction\",\"name\":\"Comment\",\"target\":[\"https:\/\/www.gaveanews.com\/index.php\/2025\/03\/11\/corinthians-x-palmeiras-neto-crava-campeao-do-paulistao\/#respond\"]}],\"copyrightYear\":\"2025\",\"copyrightHolder\":{\"@id\":\"https:\/\/www.gaveanews.com\/#organization\"}},{\"@type\":\"WebPage\",\"@id\":\"https:\/\/www.gaveanews.com\/index.php\/2025\/03\/11\/corinthians-x-palmeiras-neto-crava-campeao-do-paulistao\/\",\"url\":\"https:\/\/www.gaveanews.com\/index.php\/2025\/03\/11\/corinthians-x-palmeiras-neto-crava-campeao-do-paulistao\/\",\"name\":\"Corinthians x Palmeiras: Neto crava campe\u00e3o do Paulist\u00e3o\",\"isPartOf\":{\"@id\":\"https:\/\/www.gaveanews.com\/#website\"},\"primaryImageOfPage\":{\"@id\":\"https:\/\/www.gaveanews.com\/index.php\/2025\/03\/11\/corinthians-x-palmeiras-neto-crava-campeao-do-paulistao\/#primaryimage\"},\"image\":{\"@id\":\"https:\/\/www.gaveanews.com\/index.php\/2025\/03\/11\/corinthians-x-palmeiras-neto-crava-campeao-do-paulistao\/#primaryimage\"},\"thumbnailUrl\":\"https:\/\/www.gaveanews.com\/wp-content\/uploads\/Escudos-de-Palmeiras-e-Corinthians.webp\",\"datePublished\":\"2025-03-11T19:55:00+00:00\",\"author\":{\"@id\":\"https:\/\/www.gaveanews.com\/#\/schema\/person\/8207cd4627f56151707418bfc835b2fb\"},\"breadcrumb\":{\"@id\":\"https:\/\/www.gaveanews.com\/index.php\/2025\/03\/11\/corinthians-x-palmeiras-neto-crava-campeao-do-paulistao\/#breadcrumb\"},\"inLanguage\":\"pt-BR\",\"potentialAction\":[{\"@type\":\"ReadAction\",\"target\":[\"https:\/\/www.gaveanews.com\/index.php\/2025\/03\/11\/corinthians-x-palmeiras-neto-crava-campeao-do-paulistao\/\"]}]},{\"@type\":\"ImageObject\",\"inLanguage\":\"pt-BR\",\"@id\":\"https:\/\/www.gaveanews.com\/index.php\/2025\/03\/11\/corinthians-x-palmeiras-neto-crava-campeao-do-paulistao\/#primaryimage\",\"url\":\"https:\/\/www.gaveanews.com\/wp-content\/uploads\/Escudos-de-Palmeiras-e-Corinthians.webp\",\"contentUrl\":\"https:\/\/www.gaveanews.com\/wp-content\/uploads\/Escudos-de-Palmeiras-e-Corinthians.webp\",\"width\":900,\"height\":600,\"caption\":\"Escudos de Palmeiras e Corinthians (Imagem: Editoria de arte\/G\u00e1vea News\/Henrique Machado)\"},{\"@type\":\"BreadcrumbList\",\"@id\":\"https:\/\/www.gaveanews.com\/index.php\/2025\/03\/11\/corinthians-x-palmeiras-neto-crava-campeao-do-paulistao\/#breadcrumb\",\"itemListElement\":[{\"@type\":\"ListItem\",\"position\":1,\"name\":\"Home\",\"item\":\"https:\/\/www.gaveanews.com\/\"},{\"@type\":\"ListItem\",\"position\":2,\"name\":\"Corinthians x Palmeiras: Neto crava campe\u00e3o do Paulist\u00e3o\"}]},{\"@type\":\"WebSite\",\"@id\":\"https:\/\/www.gaveanews.com\/#website\",\"url\":\"https:\/\/www.gaveanews.com\/\",\"name\":\"G\u00e1vea News\",\"description\":\"Veja todas as not\u00edcias sobre o Flamengo: Contrata\u00e7\u00f5es, categorias de base, resultados das partidas, tabela de classifica\u00e7\u00e3o, pr\u00f3ximos jogos!\",\"potentialAction\":[{\"@type\":\"SearchAction\",\"target\":{\"@type\":\"EntryPoint\",\"urlTemplate\":\"https:\/\/www.gaveanews.com\/?s={search_term_string}\"},\"query-input\":{\"@type\":\"PropertyValueSpecification\",\"valueRequired\":true,\"valueName\":\"search_term_string\"}}],\"inLanguage\":\"pt-BR\"},{\"@type\":\"Person\",\"@id\":\"https:\/\/www.gaveanews.com\/#\/schema\/person\/8207cd4627f56151707418bfc835b2fb\",\"name\":\"Matheus Felipe\",\"image\":{\"@type\":\"ImageObject\",\"inLanguage\":\"pt-BR\",\"@id\":\"https:\/\/www.gaveanews.com\/#\/schema\/person\/image\/\",\"url\":\"https:\/\/secure.gravatar.com\/avatar\/a452ffbed9130f726358b298bb3a99ce4bd3c5338411f8440e87e14d74c7c087?s=96&d=mm&r=g\",\"contentUrl\":\"https:\/\/secure.gravatar.com\/avatar\/a452ffbed9130f726358b298bb3a99ce4bd3c5338411f8440e87e14d74c7c087?s=96&d=mm&r=g\",\"caption\":\"Matheus Felipe\"}}]}<\/script>\n<!-- \/ Yoast SEO Premium plugin. -->","yoast_head_json":{"title":"Corinthians x Palmeiras: Neto crava campe\u00e3o do Paulist\u00e3o","robots":{"index":"index","follow":"follow","max-snippet":"max-snippet:-1","max-image-preview":"max-image-preview:large","max-video-preview":"max-video-preview:-1"},"canonical":"https:\/\/www.gaveanews.com\/index.php\/2025\/03\/11\/corinthians-x-palmeiras-neto-crava-campeao-do-paulistao\/","og_locale":"pt_BR","og_type":"article","og_title":"Corinthians x Palmeiras: Neto crava campe\u00e3o do Paulist\u00e3o","og_description":"O ex-jogador e comentarista Craque Neto fez declara\u00e7\u00f5es pol\u00eamicas sobre a final do Campeonato Paulista entre Corinthians e Palmeiras. Durante o programa &#8220;Os Donos da Bola&#8221;, Neto afirmou que o torneio j\u00e1 est\u00e1 decidido a favor do Palmeiras e que a arbitragem influenciou diretamente no desfecho do campeonato. Segundo o comentarista, a classifica\u00e7\u00e3o do Palmeiras [&hellip;]","og_url":"https:\/\/www.gaveanews.com\/index.php\/2025\/03\/11\/corinthians-x-palmeiras-neto-crava-campeao-do-paulistao\/","og_site_name":"G\u00e1vea News","article_publisher":"https:\/\/facebook.com\/gaveaNews\/","article_published_time":"2025-03-11T19:55:00+00:00","og_image":[{"width":900,"height":600,"url":"https:\/\/www.gaveanews.com\/wp-content\/uploads\/Escudos-de-Palmeiras-e-Corinthians.webp","type":"image\/jpeg"}],"author":"Matheus Felipe","twitter_card":"summary_large_image","twitter_misc":{"Escrito por":"Matheus Felipe","Est. tempo de leitura":"3 minutos"},"schema":{"@context":"https:\/\/schema.org","@graph":[{"@type":"NewsArticle","@id":"https:\/\/www.gaveanews.com\/index.php\/2025\/03\/11\/corinthians-x-palmeiras-neto-crava-campeao-do-paulistao\/#article","isPartOf":{"@id":"https:\/\/www.gaveanews.com\/index.php\/2025\/03\/11\/corinthians-x-palmeiras-neto-crava-campeao-do-paulistao\/"},"author":{"name":"Matheus Felipe","@id":"https:\/\/www.gaveanews.com\/#\/schema\/person\/8207cd4627f56151707418bfc835b2fb"},"headline":"Corinthians x Palmeiras: Neto crava campe\u00e3o do Paulist\u00e3o","datePublished":"2025-03-11T19:55:00+00:00","mainEntityOfPage":{"@id":"https:\/\/www.gaveanews.com\/index.php\/2025\/03\/11\/corinthians-x-palmeiras-neto-crava-campeao-do-paulistao\/"},"wordCount":366,"commentCount":0,"image":{"@id":"https:\/\/www.gaveanews.com\/index.php\/2025\/03\/11\/corinthians-x-palmeiras-neto-crava-campeao-do-paulistao\/#primaryimage"},"thumbnailUrl":"https:\/\/www.gaveanews.com\/wp-content\/uploads\/Escudos-de-Palmeiras-e-Corinthians.webp","articleSection":["Corinthians","Palmeiras"],"inLanguage":"pt-BR","potentialAction":[{"@type":"CommentAction","name":"Comment","target":["https:\/\/www.gaveanews.com\/index.php\/2025\/03\/11\/corinthians-x-palmeiras-neto-crava-campeao-do-paulistao\/#respond"]}],"copyrightYear":"2025","copyrightHolder":{"@id":"https:\/\/www.gaveanews.com\/#organization"}},{"@type":"WebPage","@id":"https:\/\/www.gaveanews.com\/index.php\/2025\/03\/11\/corinthians-x-palmeiras-neto-crava-campeao-do-paulistao\/","url":"https:\/\/www.gaveanews.com\/index.php\/2025\/03\/11\/corinthians-x-palmeiras-neto-crava-campeao-do-paulistao\/","name":"Corinthians x Palmeiras: Neto crava campe\u00e3o do Paulist\u00e3o","isPartOf":{"@id":"https:\/\/www.gaveanews.com\/#website"},"primaryImageOfPage":{"@id":"https:\/\/www.gaveanews.com\/index.php\/2025\/03\/11\/corinthians-x-palmeiras-neto-crava-campeao-do-paulistao\/#primaryimage"},"image":{"@id":"https:\/\/www.gaveanews.com\/index.php\/2025\/03\/11\/corinthians-x-palmeiras-neto-crava-campeao-do-paulistao\/#primaryimage"},"thumbnailUrl":"https:\/\/www.gaveanews.com\/wp-content\/uploads\/Escudos-de-Palmeiras-e-Corinthians.webp","datePublished":"2025-03-11T19:55:00+00:00","author":{"@id":"https:\/\/www.gaveanews.com\/#\/schema\/person\/8207cd4627f56151707418bfc835b2fb"},"breadcrumb":{"@id":"https:\/\/www.gaveanews.com\/index.php\/2025\/03\/11\/corinthians-x-palmeiras-neto-crava-campeao-do-paulistao\/#breadcrumb"},"inLanguage":"pt-BR","potentialAction":[{"@type":"ReadAction","target":["https:\/\/www.gaveanews.com\/index.php\/2025\/03\/11\/corinthians-x-palmeiras-neto-crava-campeao-do-paulistao\/"]}]},{"@type":"ImageObject","inLanguage":"pt-BR","@id":"https:\/\/www.gaveanews.com\/index.php\/2025\/03\/11\/corinthians-x-palmeiras-neto-crava-campeao-do-paulistao\/#primaryimage","url":"https:\/\/www.gaveanews.com\/wp-content\/uploads\/Escudos-de-Palmeiras-e-Corinthians.webp","contentUrl":"https:\/\/www.gaveanews.com\/wp-content\/uploads\/Escudos-de-Palmeiras-e-Corinthians.webp","width":900,"height":600,"caption":"Escudos de Palmeiras e Corinthians (Imagem: Editoria de arte\/G\u00e1vea News\/Henrique Machado)"},{"@type":"BreadcrumbList","@id":"https:\/\/www.gaveanews.com\/index.php\/2025\/03\/11\/corinthians-x-palmeiras-neto-crava-campeao-do-paulistao\/#breadcrumb","itemListElement":[{"@type":"ListItem","position":1,"name":"Home","item":"https:\/\/www.gaveanews.com\/"},{"@type":"ListItem","position":2,"name":"Corinthians x Palmeiras: Neto crava campe\u00e3o do Paulist\u00e3o"}]},{"@type":"WebSite","@id":"https:\/\/www.gaveanews.com\/#website","url":"https:\/\/www.gaveanews.com\/","name":"G\u00e1vea News","description":"Veja todas as not\u00edcias sobre o Flamengo: Contrata\u00e7\u00f5es, categorias de base, resultados das partidas, tabela de classifica\u00e7\u00e3o, pr\u00f3ximos jogos!","potentialAction":[{"@type":"SearchAction","target":{"@type":"EntryPoint","urlTemplate":"https:\/\/www.gaveanews.com\/?s={search_term_string}"},"query-input":{"@type":"PropertyValueSpecification","valueRequired":true,"valueName":"search_term_string"}}],"inLanguage":"pt-BR"},{"@type":"Person","@id":"https:\/\/www.gaveanews.com\/#\/schema\/person\/8207cd4627f56151707418bfc835b2fb","name":"Matheus Felipe","image":{"@type":"ImageObject","inLanguage":"pt-BR","@id":"https:\/\/www.gaveanews.com\/#\/schema\/person\/image\/","url":"https:\/\/secure.gravatar.com\/avatar\/a452ffbed9130f726358b298bb3a99ce4bd3c5338411f8440e87e14d74c7c087?s=96&d=mm&r=g","contentUrl":"https:\/\/secure.gravatar.com\/avatar\/a452ffbed9130f726358b298bb3a99ce4bd3c5338411f8440e87e14d74c7c087?s=96&d=mm&r=g","caption":"Matheus Felipe"}}]}},"_links":{"self":[{"href":"https:\/\/www.gaveanews.com\/index.php\/wp-json\/wp\/v2\/posts\/238533","targetHints":{"allow":["GET"]}}],"collection":[{"href":"https:\/\/www.gaveanews.com\/index.php\/wp-json\/wp\/v2\/posts"}],"about":[{"href":"https:\/\/www.gaveanews.com\/index.php\/wp-json\/wp\/v2\/types\/post"}],"author":[{"embeddable":true,"href":"https:\/\/www.gaveanews.com\/index.php\/wp-json\/wp\/v2\/users\/27"}],"replies":[{"embeddable":true,"href":"https:\/\/www.gaveanews.com\/index.php\/wp-json\/wp\/v2\/comments?post=238533"}],"version-history":[{"count":1,"href":"https:\/\/www.gaveanews.com\/index.php\/wp-json\/wp\/v2\/posts\/238533\/revisions"}],"predecessor-version":[{"id":238540,"href":"https:\/\/www.gaveanews.com\/index.php\/wp-json\/wp\/v2\/posts\/238533\/revisions\/238540"}],"wp:featuredmedia":[{"embeddable":true,"href":"https:\/\/www.gaveanews.com\/index.php\/wp-json\/wp\/v2\/media\/155414"}],"wp:attachment":[{"href":"https:\/\/www.gaveanews.com\/index.php\/wp-json\/wp\/v2\/media?parent=238533"}],"wp:term":[{"taxonomy":"category","embeddable":true,"href":"https:\/\/www.gaveanews.com\/index.php\/wp-json\/wp\/v2\/categories?post=238533"},{"taxonomy":"post_tag","embeddable":true,"href":"https:\/\/www.gaveanews.com\/index.php\/wp-json\/wp\/v2\/tags?post=238533"}],"curies":[{"name":"wp","href":"https:\/\/api.w.org\/{rel}","templated":true}]}}