{"id":238548,"date":"2025-03-11T17:50:00","date_gmt":"2025-03-11T20:50:00","guid":{"rendered":"https:\/\/www.gaveanews.com\/?p=238548"},"modified":"2025-03-11T16:00:25","modified_gmt":"2025-03-11T19:00:25","slug":"jose-boto-pode-negociar-dois-jogadores-contestados-pela-torcida-do-flamengo","status":"publish","type":"post","link":"https:\/\/www.gaveanews.com\/index.php\/2025\/03\/11\/jose-boto-pode-negociar-dois-jogadores-contestados-pela-torcida-do-flamengo\/","title":{"rendered":"Jos\u00e9 Boto pode negociar dois jogadores contestados pela torcida do Flamengo"},"content":{"rendered":"\n<p>O Flamengo segue ativo no mercado da bola, n\u00e3o apenas em busca de refor\u00e7os, mas tamb\u00e9m para ajustar seu elenco. Ap\u00f3s um in\u00edcio de temporada movimentado, o clube agora concentra esfor\u00e7os na sa\u00edda de jogadores que n\u00e3o fazem parte dos planos da comiss\u00e3o t\u00e9cnica. O objetivo \u00e9 aliviar a folha salarial e abrir espa\u00e7o para novas contrata\u00e7\u00f5es.<\/p>\n\n\n\n<p>Dentre os jogadores que podem deixar o clube, dois nomes ganham destaque: Allan e Pablo. Ambos enfrentam questionamentos por parte da torcida e, sob a gest\u00e3o de Jos\u00e9 Boto, diretor executivo de futebol, podem estar pr\u00f3ximos de novos destinos. O Gr\u00eamio surge como um poss\u00edvel interessado nos atletas.<\/p>\n\n\n\n<h2 class=\"wp-block-heading\" id=\"h-allan-na-mira-do-gremio\">Allan na mira do Gr\u00eamio<\/h2>\n\n\n\n<p>O volante Allan, que chegou ao Flamengo em 2023 ap\u00f3s uma transfer\u00eancia de 8,2 milh\u00f5es de euros (R$ 52 milh\u00f5es na cota\u00e7\u00e3o atual) junto ao Atl\u00e9tico-MG, \u00e9 um dos jogadores avaliados pelo Gr\u00eamio. O t\u00e9cnico Gustavo Quinteros aprovou sua contrata\u00e7\u00e3o, e o clube ga\u00facho j\u00e1 iniciou conversas para um empr\u00e9stimo com op\u00e7\u00e3o de compra.<\/p>\n\n\n\n<figure class=\"wp-block-image size-full\"><img loading=\"lazy\" decoding=\"async\" width=\"900\" height=\"600\" src=\"http:\/\/www.gaveanews.com\/wp-content\/uploads\/allan-flamengo.webp\" alt=\"\" class=\"wp-image-145519\" srcset=\"https:\/\/www.gaveanews.com\/wp-content\/uploads\/allan-flamengo.webp 900w, https:\/\/www.gaveanews.com\/wp-content\/uploads\/allan-flamengo-300x200.webp 300w, https:\/\/www.gaveanews.com\/wp-content\/uploads\/allan-flamengo-768x512.webp 768w, https:\/\/www.gaveanews.com\/wp-content\/uploads\/allan-flamengo-630x420.webp 630w, https:\/\/www.gaveanews.com\/wp-content\/uploads\/allan-flamengo-640x427.webp 640w, https:\/\/www.gaveanews.com\/wp-content\/uploads\/allan-flamengo-681x454.webp 681w, https:\/\/www.gaveanews.com\/wp-content\/uploads\/allan-flamengo-100x67.webp 100w\" sizes=\"auto, (max-width: 900px) 100vw, 900px\" \/><figcaption class=\"wp-element-caption\">Allan em a\u00e7\u00e3o pelo Flamengo (Foto: Marcelo Cortes\/Flamengo)<\/figcaption><\/figure>\n\n\n\n<p>As negocia\u00e7\u00f5es, no entanto, ainda dependem do Flamengo. O clube carioca deseja intensificar o processo apenas ap\u00f3s o t\u00e9rmino do Campeonato Carioca. Al\u00e9m disso, a diretoria rubro-negra busca recuperar parte do investimento feito no jogador, o que pode dificultar um acordo imediato.<\/p>\n\n\n\n<h2 class=\"wp-block-heading\" id=\"h-pablo-e-oferecido-ao-gremio\">Pablo \u00e9 oferecido ao Gr\u00eamio<\/h2>\n\n\n\n<p>Outro nome que pode sair \u00e9 o do zagueiro Pablo. O defensor retornou de empr\u00e9stimo do Botafogo e est\u00e1 fora dos planos de Filipe Lu\u00eds, atual treinador do Flamengo. Com um sal\u00e1rio de aproximadamente R$ 600 mil mensais, sua sa\u00edda representaria um al\u00edvio financeiro para o clube.<\/p>\n\n\n\n<figure class=\"wp-block-image size-large\"><img loading=\"lazy\" decoding=\"async\" width=\"1024\" height=\"682\" src=\"http:\/\/www.gaveanews.com\/wp-content\/uploads\/Pablo-novo-zagueiro-do-Flamengo-1024x682.webp\" alt=\"\" class=\"wp-image-78343\" srcset=\"https:\/\/www.gaveanews.com\/wp-content\/uploads\/Pablo-novo-zagueiro-do-Flamengo-1024x682.webp 1024w, https:\/\/www.gaveanews.com\/wp-content\/uploads\/Pablo-novo-zagueiro-do-Flamengo-300x200.webp 300w, https:\/\/www.gaveanews.com\/wp-content\/uploads\/Pablo-novo-zagueiro-do-Flamengo-768x512.webp 768w, https:\/\/www.gaveanews.com\/wp-content\/uploads\/Pablo-novo-zagueiro-do-Flamengo-1536x1023.webp 1536w, https:\/\/www.gaveanews.com\/wp-content\/uploads\/Pablo-novo-zagueiro-do-Flamengo-631x420.webp 631w, https:\/\/www.gaveanews.com\/wp-content\/uploads\/Pablo-novo-zagueiro-do-Flamengo-1261x840.webp 1261w, https:\/\/www.gaveanews.com\/wp-content\/uploads\/Pablo-novo-zagueiro-do-Flamengo-640x426.webp 640w, https:\/\/www.gaveanews.com\/wp-content\/uploads\/Pablo-novo-zagueiro-do-Flamengo-1280x853.webp 1280w, https:\/\/www.gaveanews.com\/wp-content\/uploads\/Pablo-novo-zagueiro-do-Flamengo-681x454.webp 681w, https:\/\/www.gaveanews.com\/wp-content\/uploads\/Pablo-novo-zagueiro-do-Flamengo-1362x907.webp 1362w, https:\/\/www.gaveanews.com\/wp-content\/uploads\/Pablo-novo-zagueiro-do-Flamengo-100x67.webp 100w, https:\/\/www.gaveanews.com\/wp-content\/uploads\/Pablo-novo-zagueiro-do-Flamengo.webp 2048w\" sizes=\"auto, (max-width: 1024px) 100vw, 1024px\" \/><figcaption class=\"wp-element-caption\">Pablo, novo zagueiro do Flamengo (Foto: Marcelo Cortes\/Flamengo)<\/figcaption><\/figure>\n\n\n\n<p>Diante desse cen\u00e1rio, os empres\u00e1rios do jogador j\u00e1 o ofereceram ao Gr\u00eamio. A comiss\u00e3o t\u00e9cnica de Quinteros avalia a possibilidade de contrata\u00e7\u00e3o, mas ainda n\u00e3o h\u00e1 um desfecho definido. Enquanto isso, Pablo segue treinando no Flamengo, aguardando um poss\u00edvel acerto.<\/p>\n","protected":false},"excerpt":{"rendered":"<p>O Flamengo segue ativo no mercado da bola, n\u00e3o apenas em busca de refor\u00e7os, mas tamb\u00e9m para ajustar seu elenco. Ap\u00f3s um in\u00edcio de temporada movimentado, o clube agora concentra esfor\u00e7os na sa\u00edda de jogadores que n\u00e3o fazem parte dos planos da comiss\u00e3o t\u00e9cnica. O objetivo \u00e9 aliviar a folha salarial e abrir espa\u00e7o para [&hellip;]<\/p>\n","protected":false},"author":15,"featured_media":209662,"comment_status":"open","ping_status":"closed","sticky":false,"template":"","format":"standard","meta":{"footnotes":""},"categories":[1],"tags":[],"class_list":["post-238548","post","type-post","status-publish","format-standard","has-post-thumbnail","hentry","category-flamengo"],"yoast_head":"<!-- This site is optimized with the Yoast SEO Premium plugin v24.2 (Yoast SEO v26.9) - https:\/\/yoast.com\/product\/yoast-seo-premium-wordpress\/ -->\n<title>Jos\u00e9 Boto pode negociar dois jogadores contestados pela torcida do Flamengo<\/title>\n<meta name=\"robots\" content=\"index, follow, max-snippet:-1, max-image-preview:large, max-video-preview:-1\" \/>\n<link rel=\"canonical\" href=\"https:\/\/www.gaveanews.com\/index.php\/2025\/03\/11\/jose-boto-pode-negociar-dois-jogadores-contestados-pela-torcida-do-flamengo\/\" \/>\n<meta property=\"og:locale\" content=\"pt_BR\" \/>\n<meta property=\"og:type\" content=\"article\" \/>\n<meta property=\"og:title\" content=\"Jos\u00e9 Boto pode negociar dois jogadores contestados pela torcida do Flamengo\" \/>\n<meta property=\"og:description\" content=\"O Flamengo segue ativo no mercado da bola, n\u00e3o apenas em busca de refor\u00e7os, mas tamb\u00e9m para ajustar seu elenco. Ap\u00f3s um in\u00edcio de temporada movimentado, o clube agora concentra esfor\u00e7os na sa\u00edda de jogadores que n\u00e3o fazem parte dos planos da comiss\u00e3o t\u00e9cnica. O objetivo \u00e9 aliviar a folha salarial e abrir espa\u00e7o para [&hellip;]\" \/>\n<meta property=\"og:url\" content=\"https:\/\/www.gaveanews.com\/index.php\/2025\/03\/11\/jose-boto-pode-negociar-dois-jogadores-contestados-pela-torcida-do-flamengo\/\" \/>\n<meta property=\"og:site_name\" content=\"G\u00e1vea News\" \/>\n<meta property=\"article:publisher\" content=\"https:\/\/facebook.com\/gaveaNews\/\" \/>\n<meta property=\"article:published_time\" content=\"2025-03-11T20:50:00+00:00\" \/>\n<meta property=\"og:image\" content=\"https:\/\/www.gaveanews.com\/wp-content\/uploads\/GgyxYg8WwAEB4mn-scaled.webp\" \/>\n\t<meta property=\"og:image:width\" content=\"2560\" \/>\n\t<meta property=\"og:image:height\" content=\"1706\" \/>\n\t<meta property=\"og:image:type\" content=\"image\/jpeg\" \/>\n<meta name=\"author\" content=\"Henrique Machado\" \/>\n<meta name=\"twitter:card\" content=\"summary_large_image\" \/>\n<meta name=\"twitter:label1\" content=\"Escrito por\" \/>\n\t<meta name=\"twitter:data1\" content=\"Henrique Machado\" \/>\n\t<meta name=\"twitter:label2\" content=\"Est. tempo de leitura\" \/>\n\t<meta name=\"twitter:data2\" content=\"3 minutos\" \/>\n<script type=\"application\/ld+json\" class=\"yoast-schema-graph\">{\"@context\":\"https:\/\/schema.org\",\"@graph\":[{\"@type\":\"NewsArticle\",\"@id\":\"https:\/\/www.gaveanews.com\/index.php\/2025\/03\/11\/jose-boto-pode-negociar-dois-jogadores-contestados-pela-torcida-do-flamengo\/#article\",\"isPartOf\":{\"@id\":\"https:\/\/www.gaveanews.com\/index.php\/2025\/03\/11\/jose-boto-pode-negociar-dois-jogadores-contestados-pela-torcida-do-flamengo\/\"},\"author\":{\"name\":\"Henrique Machado\",\"@id\":\"https:\/\/www.gaveanews.com\/#\/schema\/person\/fd07635ec039ec3ba74ad18ec8a6dbd6\"},\"headline\":\"Jos\u00e9 Boto pode negociar dois jogadores contestados pela torcida do Flamengo\",\"datePublished\":\"2025-03-11T20:50:00+00:00\",\"mainEntityOfPage\":{\"@id\":\"https:\/\/www.gaveanews.com\/index.php\/2025\/03\/11\/jose-boto-pode-negociar-dois-jogadores-contestados-pela-torcida-do-flamengo\/\"},\"wordCount\":367,\"commentCount\":0,\"image\":{\"@id\":\"https:\/\/www.gaveanews.com\/index.php\/2025\/03\/11\/jose-boto-pode-negociar-dois-jogadores-contestados-pela-torcida-do-flamengo\/#primaryimage\"},\"thumbnailUrl\":\"https:\/\/www.gaveanews.com\/wp-content\/uploads\/GgyxYg8WwAEB4mn-scaled.webp\",\"articleSection\":[\"Flamengo\"],\"inLanguage\":\"pt-BR\",\"potentialAction\":[{\"@type\":\"CommentAction\",\"name\":\"Comment\",\"target\":[\"https:\/\/www.gaveanews.com\/index.php\/2025\/03\/11\/jose-boto-pode-negociar-dois-jogadores-contestados-pela-torcida-do-flamengo\/#respond\"]}],\"copyrightYear\":\"2025\",\"copyrightHolder\":{\"@id\":\"https:\/\/www.gaveanews.com\/#organization\"}},{\"@type\":\"WebPage\",\"@id\":\"https:\/\/www.gaveanews.com\/index.php\/2025\/03\/11\/jose-boto-pode-negociar-dois-jogadores-contestados-pela-torcida-do-flamengo\/\",\"url\":\"https:\/\/www.gaveanews.com\/index.php\/2025\/03\/11\/jose-boto-pode-negociar-dois-jogadores-contestados-pela-torcida-do-flamengo\/\",\"name\":\"Jos\u00e9 Boto pode negociar dois jogadores contestados pela torcida do Flamengo\",\"isPartOf\":{\"@id\":\"https:\/\/www.gaveanews.com\/#website\"},\"primaryImageOfPage\":{\"@id\":\"https:\/\/www.gaveanews.com\/index.php\/2025\/03\/11\/jose-boto-pode-negociar-dois-jogadores-contestados-pela-torcida-do-flamengo\/#primaryimage\"},\"image\":{\"@id\":\"https:\/\/www.gaveanews.com\/index.php\/2025\/03\/11\/jose-boto-pode-negociar-dois-jogadores-contestados-pela-torcida-do-flamengo\/#primaryimage\"},\"thumbnailUrl\":\"https:\/\/www.gaveanews.com\/wp-content\/uploads\/GgyxYg8WwAEB4mn-scaled.webp\",\"datePublished\":\"2025-03-11T20:50:00+00:00\",\"author\":{\"@id\":\"https:\/\/www.gaveanews.com\/#\/schema\/person\/fd07635ec039ec3ba74ad18ec8a6dbd6\"},\"breadcrumb\":{\"@id\":\"https:\/\/www.gaveanews.com\/index.php\/2025\/03\/11\/jose-boto-pode-negociar-dois-jogadores-contestados-pela-torcida-do-flamengo\/#breadcrumb\"},\"inLanguage\":\"pt-BR\",\"potentialAction\":[{\"@type\":\"ReadAction\",\"target\":[\"https:\/\/www.gaveanews.com\/index.php\/2025\/03\/11\/jose-boto-pode-negociar-dois-jogadores-contestados-pela-torcida-do-flamengo\/\"]}]},{\"@type\":\"ImageObject\",\"inLanguage\":\"pt-BR\",\"@id\":\"https:\/\/www.gaveanews.com\/index.php\/2025\/03\/11\/jose-boto-pode-negociar-dois-jogadores-contestados-pela-torcida-do-flamengo\/#primaryimage\",\"url\":\"https:\/\/www.gaveanews.com\/wp-content\/uploads\/GgyxYg8WwAEB4mn-scaled.webp\",\"contentUrl\":\"https:\/\/www.gaveanews.com\/wp-content\/uploads\/GgyxYg8WwAEB4mn-scaled.webp\",\"width\":2560,\"height\":1706,\"caption\":\"Jos\u00e9 Boto em coletiva pelo Flamengo (Gilvan de Souza \/CRF)\"},{\"@type\":\"BreadcrumbList\",\"@id\":\"https:\/\/www.gaveanews.com\/index.php\/2025\/03\/11\/jose-boto-pode-negociar-dois-jogadores-contestados-pela-torcida-do-flamengo\/#breadcrumb\",\"itemListElement\":[{\"@type\":\"ListItem\",\"position\":1,\"name\":\"Home\",\"item\":\"https:\/\/www.gaveanews.com\/\"},{\"@type\":\"ListItem\",\"position\":2,\"name\":\"Jos\u00e9 Boto pode negociar dois jogadores contestados pela torcida do Flamengo\"}]},{\"@type\":\"WebSite\",\"@id\":\"https:\/\/www.gaveanews.com\/#website\",\"url\":\"https:\/\/www.gaveanews.com\/\",\"name\":\"G\u00e1vea News\",\"description\":\"Veja todas as not\u00edcias sobre o Flamengo: Contrata\u00e7\u00f5es, categorias de base, resultados das partidas, tabela de classifica\u00e7\u00e3o, pr\u00f3ximos jogos!\",\"potentialAction\":[{\"@type\":\"SearchAction\",\"target\":{\"@type\":\"EntryPoint\",\"urlTemplate\":\"https:\/\/www.gaveanews.com\/?s={search_term_string}\"},\"query-input\":{\"@type\":\"PropertyValueSpecification\",\"valueRequired\":true,\"valueName\":\"search_term_string\"}}],\"inLanguage\":\"pt-BR\"},{\"@type\":\"Person\",\"@id\":\"https:\/\/www.gaveanews.com\/#\/schema\/person\/fd07635ec039ec3ba74ad18ec8a6dbd6\",\"name\":\"Henrique Machado\",\"image\":{\"@type\":\"ImageObject\",\"inLanguage\":\"pt-BR\",\"@id\":\"https:\/\/www.gaveanews.com\/#\/schema\/person\/image\/\",\"url\":\"https:\/\/secure.gravatar.com\/avatar\/b95e35997e01d9800c1b6184bd79d4d898d370a3fce2584f5c77b907d5c7d9e9?s=96&d=mm&r=g\",\"contentUrl\":\"https:\/\/secure.gravatar.com\/avatar\/b95e35997e01d9800c1b6184bd79d4d898d370a3fce2584f5c77b907d5c7d9e9?s=96&d=mm&r=g\",\"caption\":\"Henrique Machado\"}}]}<\/script>\n<!-- \/ Yoast SEO Premium plugin. -->","yoast_head_json":{"title":"Jos\u00e9 Boto pode negociar dois jogadores contestados pela torcida do Flamengo","robots":{"index":"index","follow":"follow","max-snippet":"max-snippet:-1","max-image-preview":"max-image-preview:large","max-video-preview":"max-video-preview:-1"},"canonical":"https:\/\/www.gaveanews.com\/index.php\/2025\/03\/11\/jose-boto-pode-negociar-dois-jogadores-contestados-pela-torcida-do-flamengo\/","og_locale":"pt_BR","og_type":"article","og_title":"Jos\u00e9 Boto pode negociar dois jogadores contestados pela torcida do Flamengo","og_description":"O Flamengo segue ativo no mercado da bola, n\u00e3o apenas em busca de refor\u00e7os, mas tamb\u00e9m para ajustar seu elenco. Ap\u00f3s um in\u00edcio de temporada movimentado, o clube agora concentra esfor\u00e7os na sa\u00edda de jogadores que n\u00e3o fazem parte dos planos da comiss\u00e3o t\u00e9cnica. O objetivo \u00e9 aliviar a folha salarial e abrir espa\u00e7o para [&hellip;]","og_url":"https:\/\/www.gaveanews.com\/index.php\/2025\/03\/11\/jose-boto-pode-negociar-dois-jogadores-contestados-pela-torcida-do-flamengo\/","og_site_name":"G\u00e1vea News","article_publisher":"https:\/\/facebook.com\/gaveaNews\/","article_published_time":"2025-03-11T20:50:00+00:00","og_image":[{"width":2560,"height":1706,"url":"https:\/\/www.gaveanews.com\/wp-content\/uploads\/GgyxYg8WwAEB4mn-scaled.webp","type":"image\/jpeg"}],"author":"Henrique Machado","twitter_card":"summary_large_image","twitter_misc":{"Escrito por":"Henrique Machado","Est. tempo de leitura":"3 minutos"},"schema":{"@context":"https:\/\/schema.org","@graph":[{"@type":"NewsArticle","@id":"https:\/\/www.gaveanews.com\/index.php\/2025\/03\/11\/jose-boto-pode-negociar-dois-jogadores-contestados-pela-torcida-do-flamengo\/#article","isPartOf":{"@id":"https:\/\/www.gaveanews.com\/index.php\/2025\/03\/11\/jose-boto-pode-negociar-dois-jogadores-contestados-pela-torcida-do-flamengo\/"},"author":{"name":"Henrique Machado","@id":"https:\/\/www.gaveanews.com\/#\/schema\/person\/fd07635ec039ec3ba74ad18ec8a6dbd6"},"headline":"Jos\u00e9 Boto pode negociar dois jogadores contestados pela torcida do Flamengo","datePublished":"2025-03-11T20:50:00+00:00","mainEntityOfPage":{"@id":"https:\/\/www.gaveanews.com\/index.php\/2025\/03\/11\/jose-boto-pode-negociar-dois-jogadores-contestados-pela-torcida-do-flamengo\/"},"wordCount":367,"commentCount":0,"image":{"@id":"https:\/\/www.gaveanews.com\/index.php\/2025\/03\/11\/jose-boto-pode-negociar-dois-jogadores-contestados-pela-torcida-do-flamengo\/#primaryimage"},"thumbnailUrl":"https:\/\/www.gaveanews.com\/wp-content\/uploads\/GgyxYg8WwAEB4mn-scaled.webp","articleSection":["Flamengo"],"inLanguage":"pt-BR","potentialAction":[{"@type":"CommentAction","name":"Comment","target":["https:\/\/www.gaveanews.com\/index.php\/2025\/03\/11\/jose-boto-pode-negociar-dois-jogadores-contestados-pela-torcida-do-flamengo\/#respond"]}],"copyrightYear":"2025","copyrightHolder":{"@id":"https:\/\/www.gaveanews.com\/#organization"}},{"@type":"WebPage","@id":"https:\/\/www.gaveanews.com\/index.php\/2025\/03\/11\/jose-boto-pode-negociar-dois-jogadores-contestados-pela-torcida-do-flamengo\/","url":"https:\/\/www.gaveanews.com\/index.php\/2025\/03\/11\/jose-boto-pode-negociar-dois-jogadores-contestados-pela-torcida-do-flamengo\/","name":"Jos\u00e9 Boto pode negociar dois jogadores contestados pela torcida do Flamengo","isPartOf":{"@id":"https:\/\/www.gaveanews.com\/#website"},"primaryImageOfPage":{"@id":"https:\/\/www.gaveanews.com\/index.php\/2025\/03\/11\/jose-boto-pode-negociar-dois-jogadores-contestados-pela-torcida-do-flamengo\/#primaryimage"},"image":{"@id":"https:\/\/www.gaveanews.com\/index.php\/2025\/03\/11\/jose-boto-pode-negociar-dois-jogadores-contestados-pela-torcida-do-flamengo\/#primaryimage"},"thumbnailUrl":"https:\/\/www.gaveanews.com\/wp-content\/uploads\/GgyxYg8WwAEB4mn-scaled.webp","datePublished":"2025-03-11T20:50:00+00:00","author":{"@id":"https:\/\/www.gaveanews.com\/#\/schema\/person\/fd07635ec039ec3ba74ad18ec8a6dbd6"},"breadcrumb":{"@id":"https:\/\/www.gaveanews.com\/index.php\/2025\/03\/11\/jose-boto-pode-negociar-dois-jogadores-contestados-pela-torcida-do-flamengo\/#breadcrumb"},"inLanguage":"pt-BR","potentialAction":[{"@type":"ReadAction","target":["https:\/\/www.gaveanews.com\/index.php\/2025\/03\/11\/jose-boto-pode-negociar-dois-jogadores-contestados-pela-torcida-do-flamengo\/"]}]},{"@type":"ImageObject","inLanguage":"pt-BR","@id":"https:\/\/www.gaveanews.com\/index.php\/2025\/03\/11\/jose-boto-pode-negociar-dois-jogadores-contestados-pela-torcida-do-flamengo\/#primaryimage","url":"https:\/\/www.gaveanews.com\/wp-content\/uploads\/GgyxYg8WwAEB4mn-scaled.webp","contentUrl":"https:\/\/www.gaveanews.com\/wp-content\/uploads\/GgyxYg8WwAEB4mn-scaled.webp","width":2560,"height":1706,"caption":"Jos\u00e9 Boto em coletiva pelo Flamengo (Gilvan de Souza \/CRF)"},{"@type":"BreadcrumbList","@id":"https:\/\/www.gaveanews.com\/index.php\/2025\/03\/11\/jose-boto-pode-negociar-dois-jogadores-contestados-pela-torcida-do-flamengo\/#breadcrumb","itemListElement":[{"@type":"ListItem","position":1,"name":"Home","item":"https:\/\/www.gaveanews.com\/"},{"@type":"ListItem","position":2,"name":"Jos\u00e9 Boto pode negociar dois jogadores contestados pela torcida do Flamengo"}]},{"@type":"WebSite","@id":"https:\/\/www.gaveanews.com\/#website","url":"https:\/\/www.gaveanews.com\/","name":"G\u00e1vea News","description":"Veja todas as not\u00edcias sobre o Flamengo: Contrata\u00e7\u00f5es, categorias de base, resultados das partidas, tabela de classifica\u00e7\u00e3o, pr\u00f3ximos jogos!","potentialAction":[{"@type":"SearchAction","target":{"@type":"EntryPoint","urlTemplate":"https:\/\/www.gaveanews.com\/?s={search_term_string}"},"query-input":{"@type":"PropertyValueSpecification","valueRequired":true,"valueName":"search_term_string"}}],"inLanguage":"pt-BR"},{"@type":"Person","@id":"https:\/\/www.gaveanews.com\/#\/schema\/person\/fd07635ec039ec3ba74ad18ec8a6dbd6","name":"Henrique Machado","image":{"@type":"ImageObject","inLanguage":"pt-BR","@id":"https:\/\/www.gaveanews.com\/#\/schema\/person\/image\/","url":"https:\/\/secure.gravatar.com\/avatar\/b95e35997e01d9800c1b6184bd79d4d898d370a3fce2584f5c77b907d5c7d9e9?s=96&d=mm&r=g","contentUrl":"https:\/\/secure.gravatar.com\/avatar\/b95e35997e01d9800c1b6184bd79d4d898d370a3fce2584f5c77b907d5c7d9e9?s=96&d=mm&r=g","caption":"Henrique Machado"}}]}},"_links":{"self":[{"href":"https:\/\/www.gaveanews.com\/index.php\/wp-json\/wp\/v2\/posts\/238548","targetHints":{"allow":["GET"]}}],"collection":[{"href":"https:\/\/www.gaveanews.com\/index.php\/wp-json\/wp\/v2\/posts"}],"about":[{"href":"https:\/\/www.gaveanews.com\/index.php\/wp-json\/wp\/v2\/types\/post"}],"author":[{"embeddable":true,"href":"https:\/\/www.gaveanews.com\/index.php\/wp-json\/wp\/v2\/users\/15"}],"replies":[{"embeddable":true,"href":"https:\/\/www.gaveanews.com\/index.php\/wp-json\/wp\/v2\/comments?post=238548"}],"version-history":[{"count":2,"href":"https:\/\/www.gaveanews.com\/index.php\/wp-json\/wp\/v2\/posts\/238548\/revisions"}],"predecessor-version":[{"id":238567,"href":"https:\/\/www.gaveanews.com\/index.php\/wp-json\/wp\/v2\/posts\/238548\/revisions\/238567"}],"wp:featuredmedia":[{"embeddable":true,"href":"https:\/\/www.gaveanews.com\/index.php\/wp-json\/wp\/v2\/media\/209662"}],"wp:attachment":[{"href":"https:\/\/www.gaveanews.com\/index.php\/wp-json\/wp\/v2\/media?parent=238548"}],"wp:term":[{"taxonomy":"category","embeddable":true,"href":"https:\/\/www.gaveanews.com\/index.php\/wp-json\/wp\/v2\/categories?post=238548"},{"taxonomy":"post_tag","embeddable":true,"href":"https:\/\/www.gaveanews.com\/index.php\/wp-json\/wp\/v2\/tags?post=238548"}],"curies":[{"name":"wp","href":"https:\/\/api.w.org\/{rel}","templated":true}]}}