{"id":238560,"date":"2025-03-11T18:15:00","date_gmt":"2025-03-11T21:15:00","guid":{"rendered":"https:\/\/www.gaveanews.com\/?p=238560"},"modified":"2025-03-11T16:31:52","modified_gmt":"2025-03-11T19:31:52","slug":"video-reacao-de-raphael-veiga-apos-vitor-roque-sofrer-penalti-viraliza","status":"publish","type":"post","link":"https:\/\/www.gaveanews.com\/index.php\/2025\/03\/11\/video-reacao-de-raphael-veiga-apos-vitor-roque-sofrer-penalti-viraliza\/","title":{"rendered":"V\u00eddeo: rea\u00e7\u00e3o de Raphael Veiga ap\u00f3s Vitor Roque sofrer p\u00eanalti viraliza"},"content":{"rendered":"\n<p>A classifica\u00e7\u00e3o do Palmeiras para a final do Campeonato Paulista veio acompanhada de uma grande pol\u00eamica na arbitragem. No duelo contra o S\u00e3o Paulo, vencido por 1 a 0, um lance envolvendo Vitor Roque e Arboleda gerou debate.&nbsp;<\/p>\n\n\n\n<p>No entanto, um detalhe curioso roubou a cena: Raphael Veiga estava certo de que o atacante tomaria cart\u00e3o por simula\u00e7\u00e3o. Sua rea\u00e7\u00e3o ap\u00f3s a confirma\u00e7\u00e3o do p\u00eanalti viralizou nas redes sociais e chamou a aten\u00e7\u00e3o dos torcedores.<\/p>\n\n\n\n<h2 class=\"wp-block-heading\" id=\"h-veiga-nao-acreditou-na-marcacao-do-penalti\">Veiga n\u00e3o acreditou na marca\u00e7\u00e3o do p\u00eanalti<\/h2>\n\n\n\n<p>Aos 43 minutos do primeiro tempo, o S\u00e3o Paulo errou na sa\u00edda de bola, e Vitor Roque aproveitou para pressionar a defesa. O atacante caiu ap\u00f3s um contato com Arboleda dentro da \u00e1rea, e o \u00e1rbitro Flavio Rodrigues de Souza assinalou o p\u00eanalti imediatamente. A decis\u00e3o foi revisada pelo VAR e confirmada, levando Veiga \u00e0 marca da cal e garantindo o \u00fanico gol da partida.<\/p>\n\n\n\n<p>Entretanto, o camisa 23 do Palmeiras acreditava que o lance seria revisado e que Roque acabaria punido por simula\u00e7\u00e3o. O v\u00eddeo divulgado pela Federa\u00e7\u00e3o Paulista de Futebol nesta ter\u00e7a-feira (12) registrou a express\u00e3o do meia, que demonstrava ceticismo quanto \u00e0 decis\u00e3o.&nbsp;<\/p>\n\n\n\n<p>Sendo assim, a postura ap\u00e1tica de Veiga ap\u00f3s a jogada chamou a aten\u00e7\u00e3o e se tornou um dos momentos mais comentados do jogo.<\/p>\n\n\n\n<figure class=\"wp-block-embed is-type-video is-provider-youtube wp-block-embed-youtube wp-embed-aspect-4-3 wp-has-aspect-ratio\"><div class=\"wp-block-embed__wrapper\">\n<iframe loading=\"lazy\" title=\"FOI P\u00caNALTI OU N\u00c3O? DEIXE SUA OPINI\u00c3O SOBRE O LANCE POL\u00caMICO DE PALMEIRAS X S\u00c3O PAULO! #shorts\" width=\"640\" height=\"480\" src=\"https:\/\/www.youtube.com\/embed\/QMTSiiXrGZE?feature=oembed\" frameborder=\"0\" allow=\"accelerometer; autoplay; clipboard-write; encrypted-media; gyroscope; picture-in-picture; web-share\" referrerpolicy=\"strict-origin-when-cross-origin\" allowfullscreen><\/iframe>\n<\/div><\/figure>\n\n\n\n<h2 class=\"wp-block-heading\" id=\"h-sao-paulo-reclama-e-palmeiras-provoca-nas-redes\">S\u00e3o Paulo reclama, e Palmeiras provoca nas redes<\/h2>\n\n\n\n<p>O lance gerou grande insatisfa\u00e7\u00e3o no S\u00e3o Paulo, que protestou oficialmente contra a arbitragem. O presidente Julio Casares e perfis oficiais do clube se manifestaram contra a marca\u00e7\u00e3o do p\u00eanalti.<\/p>\n\n\n\n<p>Al\u00e9m disso, o Palmeiras n\u00e3o perdeu a oportunidade de provocar o rival. Ap\u00f3s a divulga\u00e7\u00e3o do v\u00eddeo do VAR, o clube publicou nas redes sociais:<\/p>\n\n\n\n<p>&#8220;Desta vez ningu\u00e9m deletou as imagens \ud83e\udd14. Transpar\u00eancia \u00e9 tudo! \ud83e\udd17.&#8221;, postou o clube.<\/p>\n\n\n\n<p>A postagem faz refer\u00eancia a uma pol\u00eamica de 2022, quando o Verd\u00e3o reclamou da aus\u00eancia das linhas de impedimento em um gol do S\u00e3o Paulo na Copa do Brasil. Na \u00e9poca, a CBF admitiu erro no protocolo, mas afirmou que n\u00e3o poderia refazer a an\u00e1lise porque a m\u00e1quina havia sido resetada.<\/p>\n\n\n\n<h2 class=\"wp-block-heading\" id=\"h-palmeiras-x-corinthians\">Palmeiras x Corinthians<\/h2>\n\n\n\n<p>Com a vit\u00f3ria no Allianz Parque, o Palmeiras garantiu vaga na final do Paulist\u00e3o e enfrentar\u00e1 o Corinthians na decis\u00e3o. Vale destacar que o time de Abel Ferreira busca o tetracampeonato consecutivo, enquanto o Tim\u00e3o chega embalado ap\u00f3s eliminar o Santos.<\/p>\n\n\n\n<p>Dessa maneira, a decis\u00e3o promete ser hist\u00f3rica, com mais um D\u00e9rbi Paulista para definir o campe\u00e3o estadual.<\/p>\n","protected":false},"excerpt":{"rendered":"<p>A classifica\u00e7\u00e3o do Palmeiras para a final do Campeonato Paulista veio acompanhada de uma grande pol\u00eamica na arbitragem. No duelo contra o S\u00e3o Paulo, vencido por 1 a 0, um lance envolvendo Vitor Roque e Arboleda gerou debate.&nbsp; No entanto, um detalhe curioso roubou a cena: Raphael Veiga estava certo de que o atacante tomaria [&hellip;]<\/p>\n","protected":false},"author":25,"featured_media":70428,"comment_status":"open","ping_status":"closed","sticky":false,"template":"","format":"standard","meta":{"footnotes":""},"categories":[150],"tags":[],"class_list":["post-238560","post","type-post","status-publish","format-standard","has-post-thumbnail","hentry","category-palmeiras"],"yoast_head":"<!-- This site is optimized with the Yoast SEO Premium plugin v24.2 (Yoast SEO v26.9) - https:\/\/yoast.com\/product\/yoast-seo-premium-wordpress\/ -->\n<title>V\u00eddeo: rea\u00e7\u00e3o de Raphael Veiga ap\u00f3s Vitor Roque sofrer p\u00eanalti viraliza<\/title>\n<meta name=\"robots\" content=\"index, follow, max-snippet:-1, max-image-preview:large, max-video-preview:-1\" \/>\n<link rel=\"canonical\" href=\"https:\/\/www.gaveanews.com\/index.php\/2025\/03\/11\/video-reacao-de-raphael-veiga-apos-vitor-roque-sofrer-penalti-viraliza\/\" \/>\n<meta property=\"og:locale\" content=\"pt_BR\" \/>\n<meta property=\"og:type\" content=\"article\" \/>\n<meta property=\"og:title\" content=\"V\u00eddeo: rea\u00e7\u00e3o de Raphael Veiga ap\u00f3s Vitor Roque sofrer p\u00eanalti viraliza\" \/>\n<meta property=\"og:description\" content=\"A classifica\u00e7\u00e3o do Palmeiras para a final do Campeonato Paulista veio acompanhada de uma grande pol\u00eamica na arbitragem. No duelo contra o S\u00e3o Paulo, vencido por 1 a 0, um lance envolvendo Vitor Roque e Arboleda gerou debate.&nbsp; No entanto, um detalhe curioso roubou a cena: Raphael Veiga estava certo de que o atacante tomaria [&hellip;]\" \/>\n<meta property=\"og:url\" content=\"https:\/\/www.gaveanews.com\/index.php\/2025\/03\/11\/video-reacao-de-raphael-veiga-apos-vitor-roque-sofrer-penalti-viraliza\/\" \/>\n<meta property=\"og:site_name\" content=\"G\u00e1vea News\" \/>\n<meta property=\"article:publisher\" content=\"https:\/\/facebook.com\/gaveaNews\/\" \/>\n<meta property=\"article:published_time\" content=\"2025-03-11T21:15:00+00:00\" \/>\n<meta property=\"og:image\" content=\"https:\/\/www.gaveanews.com\/wp-content\/uploads\/Raphael-Veiga-comemora-gol-marcado-pelo-Palmeiras.webp\" \/>\n\t<meta property=\"og:image:width\" content=\"1008\" \/>\n\t<meta property=\"og:image:height\" content=\"567\" \/>\n\t<meta property=\"og:image:type\" content=\"image\/jpeg\" \/>\n<meta name=\"author\" content=\"Rafaela Ladeira\" \/>\n<meta name=\"twitter:card\" content=\"summary_large_image\" \/>\n<meta name=\"twitter:label1\" content=\"Escrito por\" \/>\n\t<meta name=\"twitter:data1\" content=\"Rafaela Ladeira\" \/>\n\t<meta name=\"twitter:label2\" content=\"Est. tempo de leitura\" \/>\n\t<meta name=\"twitter:data2\" content=\"3 minutos\" \/>\n<script type=\"application\/ld+json\" class=\"yoast-schema-graph\">{\"@context\":\"https:\/\/schema.org\",\"@graph\":[{\"@type\":\"NewsArticle\",\"@id\":\"https:\/\/www.gaveanews.com\/index.php\/2025\/03\/11\/video-reacao-de-raphael-veiga-apos-vitor-roque-sofrer-penalti-viraliza\/#article\",\"isPartOf\":{\"@id\":\"https:\/\/www.gaveanews.com\/index.php\/2025\/03\/11\/video-reacao-de-raphael-veiga-apos-vitor-roque-sofrer-penalti-viraliza\/\"},\"author\":{\"name\":\"Rafaela Ladeira\",\"@id\":\"https:\/\/www.gaveanews.com\/#\/schema\/person\/0eb3e3fe1754f0205218538adbe8f5ed\"},\"headline\":\"V\u00eddeo: rea\u00e7\u00e3o de Raphael Veiga ap\u00f3s Vitor Roque sofrer p\u00eanalti viraliza\",\"datePublished\":\"2025-03-11T21:15:00+00:00\",\"mainEntityOfPage\":{\"@id\":\"https:\/\/www.gaveanews.com\/index.php\/2025\/03\/11\/video-reacao-de-raphael-veiga-apos-vitor-roque-sofrer-penalti-viraliza\/\"},\"wordCount\":470,\"commentCount\":0,\"image\":{\"@id\":\"https:\/\/www.gaveanews.com\/index.php\/2025\/03\/11\/video-reacao-de-raphael-veiga-apos-vitor-roque-sofrer-penalti-viraliza\/#primaryimage\"},\"thumbnailUrl\":\"https:\/\/www.gaveanews.com\/wp-content\/uploads\/Raphael-Veiga-comemora-gol-marcado-pelo-Palmeiras.webp\",\"articleSection\":[\"Palmeiras\"],\"inLanguage\":\"pt-BR\",\"potentialAction\":[{\"@type\":\"CommentAction\",\"name\":\"Comment\",\"target\":[\"https:\/\/www.gaveanews.com\/index.php\/2025\/03\/11\/video-reacao-de-raphael-veiga-apos-vitor-roque-sofrer-penalti-viraliza\/#respond\"]}],\"copyrightYear\":\"2025\",\"copyrightHolder\":{\"@id\":\"https:\/\/www.gaveanews.com\/#organization\"}},{\"@type\":\"WebPage\",\"@id\":\"https:\/\/www.gaveanews.com\/index.php\/2025\/03\/11\/video-reacao-de-raphael-veiga-apos-vitor-roque-sofrer-penalti-viraliza\/\",\"url\":\"https:\/\/www.gaveanews.com\/index.php\/2025\/03\/11\/video-reacao-de-raphael-veiga-apos-vitor-roque-sofrer-penalti-viraliza\/\",\"name\":\"V\u00eddeo: rea\u00e7\u00e3o de Raphael Veiga ap\u00f3s Vitor Roque sofrer p\u00eanalti viraliza\",\"isPartOf\":{\"@id\":\"https:\/\/www.gaveanews.com\/#website\"},\"primaryImageOfPage\":{\"@id\":\"https:\/\/www.gaveanews.com\/index.php\/2025\/03\/11\/video-reacao-de-raphael-veiga-apos-vitor-roque-sofrer-penalti-viraliza\/#primaryimage\"},\"image\":{\"@id\":\"https:\/\/www.gaveanews.com\/index.php\/2025\/03\/11\/video-reacao-de-raphael-veiga-apos-vitor-roque-sofrer-penalti-viraliza\/#primaryimage\"},\"thumbnailUrl\":\"https:\/\/www.gaveanews.com\/wp-content\/uploads\/Raphael-Veiga-comemora-gol-marcado-pelo-Palmeiras.webp\",\"datePublished\":\"2025-03-11T21:15:00+00:00\",\"author\":{\"@id\":\"https:\/\/www.gaveanews.com\/#\/schema\/person\/0eb3e3fe1754f0205218538adbe8f5ed\"},\"breadcrumb\":{\"@id\":\"https:\/\/www.gaveanews.com\/index.php\/2025\/03\/11\/video-reacao-de-raphael-veiga-apos-vitor-roque-sofrer-penalti-viraliza\/#breadcrumb\"},\"inLanguage\":\"pt-BR\",\"potentialAction\":[{\"@type\":\"ReadAction\",\"target\":[\"https:\/\/www.gaveanews.com\/index.php\/2025\/03\/11\/video-reacao-de-raphael-veiga-apos-vitor-roque-sofrer-penalti-viraliza\/\"]}]},{\"@type\":\"ImageObject\",\"inLanguage\":\"pt-BR\",\"@id\":\"https:\/\/www.gaveanews.com\/index.php\/2025\/03\/11\/video-reacao-de-raphael-veiga-apos-vitor-roque-sofrer-penalti-viraliza\/#primaryimage\",\"url\":\"https:\/\/www.gaveanews.com\/wp-content\/uploads\/Raphael-Veiga-comemora-gol-marcado-pelo-Palmeiras.webp\",\"contentUrl\":\"https:\/\/www.gaveanews.com\/wp-content\/uploads\/Raphael-Veiga-comemora-gol-marcado-pelo-Palmeiras.webp\",\"width\":1008,\"height\":567},{\"@type\":\"BreadcrumbList\",\"@id\":\"https:\/\/www.gaveanews.com\/index.php\/2025\/03\/11\/video-reacao-de-raphael-veiga-apos-vitor-roque-sofrer-penalti-viraliza\/#breadcrumb\",\"itemListElement\":[{\"@type\":\"ListItem\",\"position\":1,\"name\":\"Home\",\"item\":\"https:\/\/www.gaveanews.com\/\"},{\"@type\":\"ListItem\",\"position\":2,\"name\":\"V\u00eddeo: rea\u00e7\u00e3o de Raphael Veiga ap\u00f3s Vitor Roque sofrer p\u00eanalti viraliza\"}]},{\"@type\":\"WebSite\",\"@id\":\"https:\/\/www.gaveanews.com\/#website\",\"url\":\"https:\/\/www.gaveanews.com\/\",\"name\":\"G\u00e1vea News\",\"description\":\"Veja todas as not\u00edcias sobre o Flamengo: Contrata\u00e7\u00f5es, categorias de base, resultados das partidas, tabela de classifica\u00e7\u00e3o, pr\u00f3ximos jogos!\",\"potentialAction\":[{\"@type\":\"SearchAction\",\"target\":{\"@type\":\"EntryPoint\",\"urlTemplate\":\"https:\/\/www.gaveanews.com\/?s={search_term_string}\"},\"query-input\":{\"@type\":\"PropertyValueSpecification\",\"valueRequired\":true,\"valueName\":\"search_term_string\"}}],\"inLanguage\":\"pt-BR\"},{\"@type\":\"Person\",\"@id\":\"https:\/\/www.gaveanews.com\/#\/schema\/person\/0eb3e3fe1754f0205218538adbe8f5ed\",\"name\":\"Rafaela Ladeira\",\"image\":{\"@type\":\"ImageObject\",\"inLanguage\":\"pt-BR\",\"@id\":\"https:\/\/www.gaveanews.com\/#\/schema\/person\/image\/\",\"url\":\"https:\/\/secure.gravatar.com\/avatar\/c31f513acffd85eacab5730cbdfdbbf59f21ba5aeada8cd890acea879fbb2455?s=96&d=mm&r=g\",\"contentUrl\":\"https:\/\/secure.gravatar.com\/avatar\/c31f513acffd85eacab5730cbdfdbbf59f21ba5aeada8cd890acea879fbb2455?s=96&d=mm&r=g\",\"caption\":\"Rafaela Ladeira\"}}]}<\/script>\n<!-- \/ Yoast SEO Premium plugin. -->","yoast_head_json":{"title":"V\u00eddeo: rea\u00e7\u00e3o de Raphael Veiga ap\u00f3s Vitor Roque sofrer p\u00eanalti viraliza","robots":{"index":"index","follow":"follow","max-snippet":"max-snippet:-1","max-image-preview":"max-image-preview:large","max-video-preview":"max-video-preview:-1"},"canonical":"https:\/\/www.gaveanews.com\/index.php\/2025\/03\/11\/video-reacao-de-raphael-veiga-apos-vitor-roque-sofrer-penalti-viraliza\/","og_locale":"pt_BR","og_type":"article","og_title":"V\u00eddeo: rea\u00e7\u00e3o de Raphael Veiga ap\u00f3s Vitor Roque sofrer p\u00eanalti viraliza","og_description":"A classifica\u00e7\u00e3o do Palmeiras para a final do Campeonato Paulista veio acompanhada de uma grande pol\u00eamica na arbitragem. No duelo contra o S\u00e3o Paulo, vencido por 1 a 0, um lance envolvendo Vitor Roque e Arboleda gerou debate.&nbsp; No entanto, um detalhe curioso roubou a cena: Raphael Veiga estava certo de que o atacante tomaria [&hellip;]","og_url":"https:\/\/www.gaveanews.com\/index.php\/2025\/03\/11\/video-reacao-de-raphael-veiga-apos-vitor-roque-sofrer-penalti-viraliza\/","og_site_name":"G\u00e1vea News","article_publisher":"https:\/\/facebook.com\/gaveaNews\/","article_published_time":"2025-03-11T21:15:00+00:00","og_image":[{"width":1008,"height":567,"url":"https:\/\/www.gaveanews.com\/wp-content\/uploads\/Raphael-Veiga-comemora-gol-marcado-pelo-Palmeiras.webp","type":"image\/jpeg"}],"author":"Rafaela Ladeira","twitter_card":"summary_large_image","twitter_misc":{"Escrito por":"Rafaela Ladeira","Est. tempo de leitura":"3 minutos"},"schema":{"@context":"https:\/\/schema.org","@graph":[{"@type":"NewsArticle","@id":"https:\/\/www.gaveanews.com\/index.php\/2025\/03\/11\/video-reacao-de-raphael-veiga-apos-vitor-roque-sofrer-penalti-viraliza\/#article","isPartOf":{"@id":"https:\/\/www.gaveanews.com\/index.php\/2025\/03\/11\/video-reacao-de-raphael-veiga-apos-vitor-roque-sofrer-penalti-viraliza\/"},"author":{"name":"Rafaela Ladeira","@id":"https:\/\/www.gaveanews.com\/#\/schema\/person\/0eb3e3fe1754f0205218538adbe8f5ed"},"headline":"V\u00eddeo: rea\u00e7\u00e3o de Raphael Veiga ap\u00f3s Vitor Roque sofrer p\u00eanalti viraliza","datePublished":"2025-03-11T21:15:00+00:00","mainEntityOfPage":{"@id":"https:\/\/www.gaveanews.com\/index.php\/2025\/03\/11\/video-reacao-de-raphael-veiga-apos-vitor-roque-sofrer-penalti-viraliza\/"},"wordCount":470,"commentCount":0,"image":{"@id":"https:\/\/www.gaveanews.com\/index.php\/2025\/03\/11\/video-reacao-de-raphael-veiga-apos-vitor-roque-sofrer-penalti-viraliza\/#primaryimage"},"thumbnailUrl":"https:\/\/www.gaveanews.com\/wp-content\/uploads\/Raphael-Veiga-comemora-gol-marcado-pelo-Palmeiras.webp","articleSection":["Palmeiras"],"inLanguage":"pt-BR","potentialAction":[{"@type":"CommentAction","name":"Comment","target":["https:\/\/www.gaveanews.com\/index.php\/2025\/03\/11\/video-reacao-de-raphael-veiga-apos-vitor-roque-sofrer-penalti-viraliza\/#respond"]}],"copyrightYear":"2025","copyrightHolder":{"@id":"https:\/\/www.gaveanews.com\/#organization"}},{"@type":"WebPage","@id":"https:\/\/www.gaveanews.com\/index.php\/2025\/03\/11\/video-reacao-de-raphael-veiga-apos-vitor-roque-sofrer-penalti-viraliza\/","url":"https:\/\/www.gaveanews.com\/index.php\/2025\/03\/11\/video-reacao-de-raphael-veiga-apos-vitor-roque-sofrer-penalti-viraliza\/","name":"V\u00eddeo: rea\u00e7\u00e3o de Raphael Veiga ap\u00f3s Vitor Roque sofrer p\u00eanalti viraliza","isPartOf":{"@id":"https:\/\/www.gaveanews.com\/#website"},"primaryImageOfPage":{"@id":"https:\/\/www.gaveanews.com\/index.php\/2025\/03\/11\/video-reacao-de-raphael-veiga-apos-vitor-roque-sofrer-penalti-viraliza\/#primaryimage"},"image":{"@id":"https:\/\/www.gaveanews.com\/index.php\/2025\/03\/11\/video-reacao-de-raphael-veiga-apos-vitor-roque-sofrer-penalti-viraliza\/#primaryimage"},"thumbnailUrl":"https:\/\/www.gaveanews.com\/wp-content\/uploads\/Raphael-Veiga-comemora-gol-marcado-pelo-Palmeiras.webp","datePublished":"2025-03-11T21:15:00+00:00","author":{"@id":"https:\/\/www.gaveanews.com\/#\/schema\/person\/0eb3e3fe1754f0205218538adbe8f5ed"},"breadcrumb":{"@id":"https:\/\/www.gaveanews.com\/index.php\/2025\/03\/11\/video-reacao-de-raphael-veiga-apos-vitor-roque-sofrer-penalti-viraliza\/#breadcrumb"},"inLanguage":"pt-BR","potentialAction":[{"@type":"ReadAction","target":["https:\/\/www.gaveanews.com\/index.php\/2025\/03\/11\/video-reacao-de-raphael-veiga-apos-vitor-roque-sofrer-penalti-viraliza\/"]}]},{"@type":"ImageObject","inLanguage":"pt-BR","@id":"https:\/\/www.gaveanews.com\/index.php\/2025\/03\/11\/video-reacao-de-raphael-veiga-apos-vitor-roque-sofrer-penalti-viraliza\/#primaryimage","url":"https:\/\/www.gaveanews.com\/wp-content\/uploads\/Raphael-Veiga-comemora-gol-marcado-pelo-Palmeiras.webp","contentUrl":"https:\/\/www.gaveanews.com\/wp-content\/uploads\/Raphael-Veiga-comemora-gol-marcado-pelo-Palmeiras.webp","width":1008,"height":567},{"@type":"BreadcrumbList","@id":"https:\/\/www.gaveanews.com\/index.php\/2025\/03\/11\/video-reacao-de-raphael-veiga-apos-vitor-roque-sofrer-penalti-viraliza\/#breadcrumb","itemListElement":[{"@type":"ListItem","position":1,"name":"Home","item":"https:\/\/www.gaveanews.com\/"},{"@type":"ListItem","position":2,"name":"V\u00eddeo: rea\u00e7\u00e3o de Raphael Veiga ap\u00f3s Vitor Roque sofrer p\u00eanalti viraliza"}]},{"@type":"WebSite","@id":"https:\/\/www.gaveanews.com\/#website","url":"https:\/\/www.gaveanews.com\/","name":"G\u00e1vea News","description":"Veja todas as not\u00edcias sobre o Flamengo: Contrata\u00e7\u00f5es, categorias de base, resultados das partidas, tabela de classifica\u00e7\u00e3o, pr\u00f3ximos jogos!","potentialAction":[{"@type":"SearchAction","target":{"@type":"EntryPoint","urlTemplate":"https:\/\/www.gaveanews.com\/?s={search_term_string}"},"query-input":{"@type":"PropertyValueSpecification","valueRequired":true,"valueName":"search_term_string"}}],"inLanguage":"pt-BR"},{"@type":"Person","@id":"https:\/\/www.gaveanews.com\/#\/schema\/person\/0eb3e3fe1754f0205218538adbe8f5ed","name":"Rafaela Ladeira","image":{"@type":"ImageObject","inLanguage":"pt-BR","@id":"https:\/\/www.gaveanews.com\/#\/schema\/person\/image\/","url":"https:\/\/secure.gravatar.com\/avatar\/c31f513acffd85eacab5730cbdfdbbf59f21ba5aeada8cd890acea879fbb2455?s=96&d=mm&r=g","contentUrl":"https:\/\/secure.gravatar.com\/avatar\/c31f513acffd85eacab5730cbdfdbbf59f21ba5aeada8cd890acea879fbb2455?s=96&d=mm&r=g","caption":"Rafaela Ladeira"}}]}},"_links":{"self":[{"href":"https:\/\/www.gaveanews.com\/index.php\/wp-json\/wp\/v2\/posts\/238560","targetHints":{"allow":["GET"]}}],"collection":[{"href":"https:\/\/www.gaveanews.com\/index.php\/wp-json\/wp\/v2\/posts"}],"about":[{"href":"https:\/\/www.gaveanews.com\/index.php\/wp-json\/wp\/v2\/types\/post"}],"author":[{"embeddable":true,"href":"https:\/\/www.gaveanews.com\/index.php\/wp-json\/wp\/v2\/users\/25"}],"replies":[{"embeddable":true,"href":"https:\/\/www.gaveanews.com\/index.php\/wp-json\/wp\/v2\/comments?post=238560"}],"version-history":[{"count":1,"href":"https:\/\/www.gaveanews.com\/index.php\/wp-json\/wp\/v2\/posts\/238560\/revisions"}],"predecessor-version":[{"id":238561,"href":"https:\/\/www.gaveanews.com\/index.php\/wp-json\/wp\/v2\/posts\/238560\/revisions\/238561"}],"wp:featuredmedia":[{"embeddable":true,"href":"https:\/\/www.gaveanews.com\/index.php\/wp-json\/wp\/v2\/media\/70428"}],"wp:attachment":[{"href":"https:\/\/www.gaveanews.com\/index.php\/wp-json\/wp\/v2\/media?parent=238560"}],"wp:term":[{"taxonomy":"category","embeddable":true,"href":"https:\/\/www.gaveanews.com\/index.php\/wp-json\/wp\/v2\/categories?post=238560"},{"taxonomy":"post_tag","embeddable":true,"href":"https:\/\/www.gaveanews.com\/index.php\/wp-json\/wp\/v2\/tags?post=238560"}],"curies":[{"name":"wp","href":"https:\/\/api.w.org\/{rel}","templated":true}]}}