{"id":238569,"date":"2025-03-11T19:30:00","date_gmt":"2025-03-11T22:30:00","guid":{"rendered":"https:\/\/www.gaveanews.com\/?p=238569"},"modified":"2025-03-14T11:28:14","modified_gmt":"2025-03-14T14:28:14","slug":"athletic-x-gremio-inteligencia-artificial-crava-resultado","status":"publish","type":"post","link":"https:\/\/www.gaveanews.com\/index.php\/2025\/03\/11\/athletic-x-gremio-inteligencia-artificial-crava-resultado\/","title":{"rendered":"Athletic x Gr\u00eamio: intelig\u00eancia artificial crava resultado"},"content":{"rendered":"\n<p>O Athletic recebe o Gr\u00eamio nesta quarta-feira (12) pela segunda fase da Copa do Brasil, em um duelo que promete intensidade no Est\u00e1dio Joaquim Portugal, em S\u00e3o Jo\u00e3o del Rei. O time mineiro, rec\u00e9m-promovido \u00e0 S\u00e9rie B do Campeonato Brasileiro, busca surpreender diante de um advers\u00e1rio tradicional do futebol nacional.<\/p>\n\n\n\n<p>O portal G\u00e1vea News pediu para uma intelig\u00eancia artificial analisar resultados e estat\u00edsticas e prever quem sair\u00e1 vencedor, confira no decorrer da mat\u00e9ria.<\/p>\n\n\n\n<h2 class=\"wp-block-heading\" id=\"h-athletic-chega-para-reagir\">Athletic chega para reagir<\/h2>\n\n\n\n<p>O Athletic teve um in\u00edcio de temporada promissor, mas um &#8220;apag\u00e3o&#8221; nas \u00faltimas rodadas do Campeonato Mineiro custou a classifica\u00e7\u00e3o para as semifinais. A equipe comandada por Roger Silva aposta na continuidade de um elenco que tem como destaque o meia David Braga, respons\u00e1vel pela cria\u00e7\u00e3o das jogadas ofensivas. Apesar da elimina\u00e7\u00e3o no Estadual, o Esquadr\u00e3o de A\u00e7o segue com um estilo de jogo agressivo e aposta na boa fase de seus atacantes.<\/p>\n\n\n\n<h2 class=\"wp-block-heading\" id=\"h-gremio-entra-com-forca-maxima\">Gr\u00eamio entra com for\u00e7a m\u00e1xima<\/h2>\n\n\n\n<p>O Gr\u00eamio, por sua vez, vive um momento de decis\u00e3o. Al\u00e9m do confronto contra o Athletic, o time tamb\u00e9m tem a final do Campeonato Ga\u00facho no pr\u00f3ximo fim de semana e precisa reverter a desvantagem de dois gols contra o Internacional. Apesar disso, o t\u00e9cnico Gustavo Quinteros optou por levar a campo sua equipe titular, buscando garantir a classifica\u00e7\u00e3o e evitar surpresas.<\/p>\n\n\n\n<p>A equipe gremista pode ter algumas modifica\u00e7\u00f5es em rela\u00e7\u00e3o ao \u00faltimo jogo. O zagueiro Jemerson retorna ap\u00f3s cumprir suspens\u00e3o, e a forma\u00e7\u00e3o ofensiva pode sofrer altera\u00e7\u00f5es, com Francis Amuzu sendo uma das op\u00e7\u00f5es para refor\u00e7ar o setor. A necessidade de vit\u00f3ria na Copa do Brasil tamb\u00e9m \u00e9 relevante para o clube do Rio Grande do Sul, tanto no aspecto financeiro quanto na confian\u00e7a do elenco para a sequ\u00eancia da temporada.<\/p>\n\n\n\n<h2 class=\"wp-block-heading\" id=\"h-previsao-da-inteligencia-artificial-para-athletic-x-gremio\">Previs\u00e3o da Intelig\u00eancia Artificial para Athletic x Gr\u00eamio<\/h2>\n\n\n\n<p><em>Com um elenco tecnicamente superior, o Tricolor Ga\u00facho busca se reabilitar ap\u00f3s a derrota no Gre-Nal e v\u00ea no torneio nacional uma oportunidade para recuperar a confian\u00e7a. Mesmo com desgaste da viagem e a aten\u00e7\u00e3o dividida com a final do Gauch\u00e3o, a equipe de Quinteros tem um elenco mais experiente e um sistema defensivo s\u00f3lido, o que deve ser um fator crucial para segurar o \u00edmpeto ofensivo do Athletic.<\/em><\/p>\n\n\n\n<p><em>Por outro lado, o Athletic, apesar da boa campanha no in\u00edcio do Mineiro, vem de uma elimina\u00e7\u00e3o precoce no Estadual e tem mostrado fragilidades defensivas, sofrendo sete gols nos \u00faltimos dois jogos decisivos. A equipe mineira aposta no trabalho de Roger Silva e em seu jogo ofensivo, mas a inconsist\u00eancia recente pesa contra. Diante disso, analisando desempenho, elenco e momento, a tend\u00eancia \u00e9 que o Gr\u00eamio ven\u00e7a e avance na Copa do Brasil.<\/em><\/p>\n","protected":false},"excerpt":{"rendered":"<p>O Athletic recebe o Gr\u00eamio nesta quarta-feira (12) pela segunda fase da Copa do Brasil, em um duelo que promete intensidade no Est\u00e1dio Joaquim Portugal, em S\u00e3o Jo\u00e3o del Rei. O time mineiro, rec\u00e9m-promovido \u00e0 S\u00e9rie B do Campeonato Brasileiro, busca surpreender diante de um advers\u00e1rio tradicional do futebol nacional. O portal G\u00e1vea News pediu [&hellip;]<\/p>\n","protected":false},"author":15,"featured_media":89335,"comment_status":"open","ping_status":"closed","sticky":false,"template":"","format":"standard","meta":{"footnotes":""},"categories":[147],"tags":[],"class_list":["post-238569","post","type-post","status-publish","format-standard","has-post-thumbnail","hentry","category-gremio"],"yoast_head":"<!-- This site is optimized with the Yoast SEO Premium plugin v24.2 (Yoast SEO v26.9) - https:\/\/yoast.com\/product\/yoast-seo-premium-wordpress\/ -->\n<title>Athletic x Gr\u00eamio: intelig\u00eancia artificial crava resultado<\/title>\n<meta name=\"robots\" content=\"index, follow, max-snippet:-1, max-image-preview:large, max-video-preview:-1\" \/>\n<link rel=\"canonical\" href=\"https:\/\/www.gaveanews.com\/index.php\/2025\/03\/11\/athletic-x-gremio-inteligencia-artificial-crava-resultado\/\" \/>\n<meta property=\"og:locale\" content=\"pt_BR\" \/>\n<meta property=\"og:type\" content=\"article\" \/>\n<meta property=\"og:title\" content=\"Athletic x Gr\u00eamio: intelig\u00eancia artificial crava resultado\" \/>\n<meta property=\"og:description\" content=\"O Athletic recebe o Gr\u00eamio nesta quarta-feira (12) pela segunda fase da Copa do Brasil, em um duelo que promete intensidade no Est\u00e1dio Joaquim Portugal, em S\u00e3o Jo\u00e3o del Rei. O time mineiro, rec\u00e9m-promovido \u00e0 S\u00e9rie B do Campeonato Brasileiro, busca surpreender diante de um advers\u00e1rio tradicional do futebol nacional. O portal G\u00e1vea News pediu [&hellip;]\" \/>\n<meta property=\"og:url\" content=\"https:\/\/www.gaveanews.com\/index.php\/2025\/03\/11\/athletic-x-gremio-inteligencia-artificial-crava-resultado\/\" \/>\n<meta property=\"og:site_name\" content=\"G\u00e1vea News\" \/>\n<meta property=\"article:publisher\" content=\"https:\/\/facebook.com\/gaveaNews\/\" \/>\n<meta property=\"article:published_time\" content=\"2025-03-11T22:30:00+00:00\" \/>\n<meta property=\"article:modified_time\" content=\"2025-03-14T14:28:14+00:00\" \/>\n<meta property=\"og:image\" content=\"http:\/\/www.gaveanews.com\/wp-content\/uploads\/Taca-da-Copa-do-Brasil-1.webp\" \/>\n\t<meta property=\"og:image:width\" content=\"799\" \/>\n\t<meta property=\"og:image:height\" content=\"534\" \/>\n\t<meta property=\"og:image:type\" content=\"image\/jpeg\" \/>\n<meta name=\"author\" content=\"Henrique Machado\" \/>\n<meta name=\"twitter:card\" content=\"summary_large_image\" \/>\n<meta name=\"twitter:label1\" content=\"Escrito por\" \/>\n\t<meta name=\"twitter:data1\" content=\"Henrique Machado\" \/>\n\t<meta name=\"twitter:label2\" content=\"Est. tempo de leitura\" \/>\n\t<meta name=\"twitter:data2\" content=\"3 minutos\" \/>\n<script type=\"application\/ld+json\" class=\"yoast-schema-graph\">{\"@context\":\"https:\/\/schema.org\",\"@graph\":[{\"@type\":\"NewsArticle\",\"@id\":\"https:\/\/www.gaveanews.com\/index.php\/2025\/03\/11\/athletic-x-gremio-inteligencia-artificial-crava-resultado\/#article\",\"isPartOf\":{\"@id\":\"https:\/\/www.gaveanews.com\/index.php\/2025\/03\/11\/athletic-x-gremio-inteligencia-artificial-crava-resultado\/\"},\"author\":{\"name\":\"Henrique Machado\",\"@id\":\"https:\/\/www.gaveanews.com\/#\/schema\/person\/fd07635ec039ec3ba74ad18ec8a6dbd6\"},\"headline\":\"Athletic x Gr\u00eamio: intelig\u00eancia artificial crava resultado\",\"datePublished\":\"2025-03-11T22:30:00+00:00\",\"dateModified\":\"2025-03-14T14:28:14+00:00\",\"mainEntityOfPage\":{\"@id\":\"https:\/\/www.gaveanews.com\/index.php\/2025\/03\/11\/athletic-x-gremio-inteligencia-artificial-crava-resultado\/\"},\"wordCount\":499,\"commentCount\":0,\"image\":{\"@id\":\"https:\/\/www.gaveanews.com\/index.php\/2025\/03\/11\/athletic-x-gremio-inteligencia-artificial-crava-resultado\/#primaryimage\"},\"thumbnailUrl\":\"https:\/\/www.gaveanews.com\/wp-content\/uploads\/Taca-da-Copa-do-Brasil-1.webp\",\"articleSection\":[\"Gr\u00eamio\"],\"inLanguage\":\"pt-BR\",\"potentialAction\":[{\"@type\":\"CommentAction\",\"name\":\"Comment\",\"target\":[\"https:\/\/www.gaveanews.com\/index.php\/2025\/03\/11\/athletic-x-gremio-inteligencia-artificial-crava-resultado\/#respond\"]}],\"copyrightYear\":\"2025\",\"copyrightHolder\":{\"@id\":\"https:\/\/www.gaveanews.com\/#organization\"}},{\"@type\":\"WebPage\",\"@id\":\"https:\/\/www.gaveanews.com\/index.php\/2025\/03\/11\/athletic-x-gremio-inteligencia-artificial-crava-resultado\/\",\"url\":\"https:\/\/www.gaveanews.com\/index.php\/2025\/03\/11\/athletic-x-gremio-inteligencia-artificial-crava-resultado\/\",\"name\":\"Athletic x Gr\u00eamio: intelig\u00eancia artificial crava resultado\",\"isPartOf\":{\"@id\":\"https:\/\/www.gaveanews.com\/#website\"},\"primaryImageOfPage\":{\"@id\":\"https:\/\/www.gaveanews.com\/index.php\/2025\/03\/11\/athletic-x-gremio-inteligencia-artificial-crava-resultado\/#primaryimage\"},\"image\":{\"@id\":\"https:\/\/www.gaveanews.com\/index.php\/2025\/03\/11\/athletic-x-gremio-inteligencia-artificial-crava-resultado\/#primaryimage\"},\"thumbnailUrl\":\"https:\/\/www.gaveanews.com\/wp-content\/uploads\/Taca-da-Copa-do-Brasil-1.webp\",\"datePublished\":\"2025-03-11T22:30:00+00:00\",\"dateModified\":\"2025-03-14T14:28:14+00:00\",\"author\":{\"@id\":\"https:\/\/www.gaveanews.com\/#\/schema\/person\/fd07635ec039ec3ba74ad18ec8a6dbd6\"},\"breadcrumb\":{\"@id\":\"https:\/\/www.gaveanews.com\/index.php\/2025\/03\/11\/athletic-x-gremio-inteligencia-artificial-crava-resultado\/#breadcrumb\"},\"inLanguage\":\"pt-BR\",\"potentialAction\":[{\"@type\":\"ReadAction\",\"target\":[\"https:\/\/www.gaveanews.com\/index.php\/2025\/03\/11\/athletic-x-gremio-inteligencia-artificial-crava-resultado\/\"]}]},{\"@type\":\"ImageObject\",\"inLanguage\":\"pt-BR\",\"@id\":\"https:\/\/www.gaveanews.com\/index.php\/2025\/03\/11\/athletic-x-gremio-inteligencia-artificial-crava-resultado\/#primaryimage\",\"url\":\"https:\/\/www.gaveanews.com\/wp-content\/uploads\/Taca-da-Copa-do-Brasil-1.webp\",\"contentUrl\":\"https:\/\/www.gaveanews.com\/wp-content\/uploads\/Taca-da-Copa-do-Brasil-1.webp\",\"width\":799,\"height\":534,\"caption\":\"Ta\u00e7a da Copa do Brasil (Foto: Paula Reis\/Flamengo)\"},{\"@type\":\"BreadcrumbList\",\"@id\":\"https:\/\/www.gaveanews.com\/index.php\/2025\/03\/11\/athletic-x-gremio-inteligencia-artificial-crava-resultado\/#breadcrumb\",\"itemListElement\":[{\"@type\":\"ListItem\",\"position\":1,\"name\":\"Home\",\"item\":\"https:\/\/www.gaveanews.com\/\"},{\"@type\":\"ListItem\",\"position\":2,\"name\":\"Athletic x Gr\u00eamio: intelig\u00eancia artificial crava resultado\"}]},{\"@type\":\"WebSite\",\"@id\":\"https:\/\/www.gaveanews.com\/#website\",\"url\":\"https:\/\/www.gaveanews.com\/\",\"name\":\"G\u00e1vea News\",\"description\":\"Veja todas as not\u00edcias sobre o Flamengo: Contrata\u00e7\u00f5es, categorias de base, resultados das partidas, tabela de classifica\u00e7\u00e3o, pr\u00f3ximos jogos!\",\"potentialAction\":[{\"@type\":\"SearchAction\",\"target\":{\"@type\":\"EntryPoint\",\"urlTemplate\":\"https:\/\/www.gaveanews.com\/?s={search_term_string}\"},\"query-input\":{\"@type\":\"PropertyValueSpecification\",\"valueRequired\":true,\"valueName\":\"search_term_string\"}}],\"inLanguage\":\"pt-BR\"},{\"@type\":\"Person\",\"@id\":\"https:\/\/www.gaveanews.com\/#\/schema\/person\/fd07635ec039ec3ba74ad18ec8a6dbd6\",\"name\":\"Henrique Machado\",\"image\":{\"@type\":\"ImageObject\",\"inLanguage\":\"pt-BR\",\"@id\":\"https:\/\/www.gaveanews.com\/#\/schema\/person\/image\/\",\"url\":\"https:\/\/secure.gravatar.com\/avatar\/b95e35997e01d9800c1b6184bd79d4d898d370a3fce2584f5c77b907d5c7d9e9?s=96&d=mm&r=g\",\"contentUrl\":\"https:\/\/secure.gravatar.com\/avatar\/b95e35997e01d9800c1b6184bd79d4d898d370a3fce2584f5c77b907d5c7d9e9?s=96&d=mm&r=g\",\"caption\":\"Henrique Machado\"}}]}<\/script>\n<!-- \/ Yoast SEO Premium plugin. -->","yoast_head_json":{"title":"Athletic x Gr\u00eamio: intelig\u00eancia artificial crava resultado","robots":{"index":"index","follow":"follow","max-snippet":"max-snippet:-1","max-image-preview":"max-image-preview:large","max-video-preview":"max-video-preview:-1"},"canonical":"https:\/\/www.gaveanews.com\/index.php\/2025\/03\/11\/athletic-x-gremio-inteligencia-artificial-crava-resultado\/","og_locale":"pt_BR","og_type":"article","og_title":"Athletic x Gr\u00eamio: intelig\u00eancia artificial crava resultado","og_description":"O Athletic recebe o Gr\u00eamio nesta quarta-feira (12) pela segunda fase da Copa do Brasil, em um duelo que promete intensidade no Est\u00e1dio Joaquim Portugal, em S\u00e3o Jo\u00e3o del Rei. O time mineiro, rec\u00e9m-promovido \u00e0 S\u00e9rie B do Campeonato Brasileiro, busca surpreender diante de um advers\u00e1rio tradicional do futebol nacional. O portal G\u00e1vea News pediu [&hellip;]","og_url":"https:\/\/www.gaveanews.com\/index.php\/2025\/03\/11\/athletic-x-gremio-inteligencia-artificial-crava-resultado\/","og_site_name":"G\u00e1vea News","article_publisher":"https:\/\/facebook.com\/gaveaNews\/","article_published_time":"2025-03-11T22:30:00+00:00","article_modified_time":"2025-03-14T14:28:14+00:00","og_image":[{"width":799,"height":534,"url":"http:\/\/www.gaveanews.com\/wp-content\/uploads\/Taca-da-Copa-do-Brasil-1.webp","type":"image\/jpeg"}],"author":"Henrique Machado","twitter_card":"summary_large_image","twitter_misc":{"Escrito por":"Henrique Machado","Est. tempo de leitura":"3 minutos"},"schema":{"@context":"https:\/\/schema.org","@graph":[{"@type":"NewsArticle","@id":"https:\/\/www.gaveanews.com\/index.php\/2025\/03\/11\/athletic-x-gremio-inteligencia-artificial-crava-resultado\/#article","isPartOf":{"@id":"https:\/\/www.gaveanews.com\/index.php\/2025\/03\/11\/athletic-x-gremio-inteligencia-artificial-crava-resultado\/"},"author":{"name":"Henrique Machado","@id":"https:\/\/www.gaveanews.com\/#\/schema\/person\/fd07635ec039ec3ba74ad18ec8a6dbd6"},"headline":"Athletic x Gr\u00eamio: intelig\u00eancia artificial crava resultado","datePublished":"2025-03-11T22:30:00+00:00","dateModified":"2025-03-14T14:28:14+00:00","mainEntityOfPage":{"@id":"https:\/\/www.gaveanews.com\/index.php\/2025\/03\/11\/athletic-x-gremio-inteligencia-artificial-crava-resultado\/"},"wordCount":499,"commentCount":0,"image":{"@id":"https:\/\/www.gaveanews.com\/index.php\/2025\/03\/11\/athletic-x-gremio-inteligencia-artificial-crava-resultado\/#primaryimage"},"thumbnailUrl":"https:\/\/www.gaveanews.com\/wp-content\/uploads\/Taca-da-Copa-do-Brasil-1.webp","articleSection":["Gr\u00eamio"],"inLanguage":"pt-BR","potentialAction":[{"@type":"CommentAction","name":"Comment","target":["https:\/\/www.gaveanews.com\/index.php\/2025\/03\/11\/athletic-x-gremio-inteligencia-artificial-crava-resultado\/#respond"]}],"copyrightYear":"2025","copyrightHolder":{"@id":"https:\/\/www.gaveanews.com\/#organization"}},{"@type":"WebPage","@id":"https:\/\/www.gaveanews.com\/index.php\/2025\/03\/11\/athletic-x-gremio-inteligencia-artificial-crava-resultado\/","url":"https:\/\/www.gaveanews.com\/index.php\/2025\/03\/11\/athletic-x-gremio-inteligencia-artificial-crava-resultado\/","name":"Athletic x Gr\u00eamio: intelig\u00eancia artificial crava resultado","isPartOf":{"@id":"https:\/\/www.gaveanews.com\/#website"},"primaryImageOfPage":{"@id":"https:\/\/www.gaveanews.com\/index.php\/2025\/03\/11\/athletic-x-gremio-inteligencia-artificial-crava-resultado\/#primaryimage"},"image":{"@id":"https:\/\/www.gaveanews.com\/index.php\/2025\/03\/11\/athletic-x-gremio-inteligencia-artificial-crava-resultado\/#primaryimage"},"thumbnailUrl":"https:\/\/www.gaveanews.com\/wp-content\/uploads\/Taca-da-Copa-do-Brasil-1.webp","datePublished":"2025-03-11T22:30:00+00:00","dateModified":"2025-03-14T14:28:14+00:00","author":{"@id":"https:\/\/www.gaveanews.com\/#\/schema\/person\/fd07635ec039ec3ba74ad18ec8a6dbd6"},"breadcrumb":{"@id":"https:\/\/www.gaveanews.com\/index.php\/2025\/03\/11\/athletic-x-gremio-inteligencia-artificial-crava-resultado\/#breadcrumb"},"inLanguage":"pt-BR","potentialAction":[{"@type":"ReadAction","target":["https:\/\/www.gaveanews.com\/index.php\/2025\/03\/11\/athletic-x-gremio-inteligencia-artificial-crava-resultado\/"]}]},{"@type":"ImageObject","inLanguage":"pt-BR","@id":"https:\/\/www.gaveanews.com\/index.php\/2025\/03\/11\/athletic-x-gremio-inteligencia-artificial-crava-resultado\/#primaryimage","url":"https:\/\/www.gaveanews.com\/wp-content\/uploads\/Taca-da-Copa-do-Brasil-1.webp","contentUrl":"https:\/\/www.gaveanews.com\/wp-content\/uploads\/Taca-da-Copa-do-Brasil-1.webp","width":799,"height":534,"caption":"Ta\u00e7a da Copa do Brasil (Foto: Paula Reis\/Flamengo)"},{"@type":"BreadcrumbList","@id":"https:\/\/www.gaveanews.com\/index.php\/2025\/03\/11\/athletic-x-gremio-inteligencia-artificial-crava-resultado\/#breadcrumb","itemListElement":[{"@type":"ListItem","position":1,"name":"Home","item":"https:\/\/www.gaveanews.com\/"},{"@type":"ListItem","position":2,"name":"Athletic x Gr\u00eamio: intelig\u00eancia artificial crava resultado"}]},{"@type":"WebSite","@id":"https:\/\/www.gaveanews.com\/#website","url":"https:\/\/www.gaveanews.com\/","name":"G\u00e1vea News","description":"Veja todas as not\u00edcias sobre o Flamengo: Contrata\u00e7\u00f5es, categorias de base, resultados das partidas, tabela de classifica\u00e7\u00e3o, pr\u00f3ximos jogos!","potentialAction":[{"@type":"SearchAction","target":{"@type":"EntryPoint","urlTemplate":"https:\/\/www.gaveanews.com\/?s={search_term_string}"},"query-input":{"@type":"PropertyValueSpecification","valueRequired":true,"valueName":"search_term_string"}}],"inLanguage":"pt-BR"},{"@type":"Person","@id":"https:\/\/www.gaveanews.com\/#\/schema\/person\/fd07635ec039ec3ba74ad18ec8a6dbd6","name":"Henrique Machado","image":{"@type":"ImageObject","inLanguage":"pt-BR","@id":"https:\/\/www.gaveanews.com\/#\/schema\/person\/image\/","url":"https:\/\/secure.gravatar.com\/avatar\/b95e35997e01d9800c1b6184bd79d4d898d370a3fce2584f5c77b907d5c7d9e9?s=96&d=mm&r=g","contentUrl":"https:\/\/secure.gravatar.com\/avatar\/b95e35997e01d9800c1b6184bd79d4d898d370a3fce2584f5c77b907d5c7d9e9?s=96&d=mm&r=g","caption":"Henrique Machado"}}]}},"_links":{"self":[{"href":"https:\/\/www.gaveanews.com\/index.php\/wp-json\/wp\/v2\/posts\/238569","targetHints":{"allow":["GET"]}}],"collection":[{"href":"https:\/\/www.gaveanews.com\/index.php\/wp-json\/wp\/v2\/posts"}],"about":[{"href":"https:\/\/www.gaveanews.com\/index.php\/wp-json\/wp\/v2\/types\/post"}],"author":[{"embeddable":true,"href":"https:\/\/www.gaveanews.com\/index.php\/wp-json\/wp\/v2\/users\/15"}],"replies":[{"embeddable":true,"href":"https:\/\/www.gaveanews.com\/index.php\/wp-json\/wp\/v2\/comments?post=238569"}],"version-history":[{"count":2,"href":"https:\/\/www.gaveanews.com\/index.php\/wp-json\/wp\/v2\/posts\/238569\/revisions"}],"predecessor-version":[{"id":240033,"href":"https:\/\/www.gaveanews.com\/index.php\/wp-json\/wp\/v2\/posts\/238569\/revisions\/240033"}],"wp:featuredmedia":[{"embeddable":true,"href":"https:\/\/www.gaveanews.com\/index.php\/wp-json\/wp\/v2\/media\/89335"}],"wp:attachment":[{"href":"https:\/\/www.gaveanews.com\/index.php\/wp-json\/wp\/v2\/media?parent=238569"}],"wp:term":[{"taxonomy":"category","embeddable":true,"href":"https:\/\/www.gaveanews.com\/index.php\/wp-json\/wp\/v2\/categories?post=238569"},{"taxonomy":"post_tag","embeddable":true,"href":"https:\/\/www.gaveanews.com\/index.php\/wp-json\/wp\/v2\/tags?post=238569"}],"curies":[{"name":"wp","href":"https:\/\/api.w.org\/{rel}","templated":true}]}}