{"id":238578,"date":"2025-03-11T18:00:00","date_gmt":"2025-03-11T21:00:00","guid":{"rendered":"https:\/\/www.gaveanews.com\/?p=238578"},"modified":"2025-03-11T16:31:31","modified_gmt":"2025-03-11T19:31:31","slug":"gre-nal-jornalista-crava-internacional-como-campeao-do-gauchao","status":"publish","type":"post","link":"https:\/\/www.gaveanews.com\/index.php\/2025\/03\/11\/gre-nal-jornalista-crava-internacional-como-campeao-do-gauchao\/","title":{"rendered":"Gre-Nal: jornalista crava Internacional como campe\u00e3o do Gauch\u00e3o"},"content":{"rendered":"\n<p>O primeiro Gre-Nal da final do Campeonato Ga\u00facho deixou um clima de decis\u00e3o praticamente resolvida. O Internacional venceu o Gr\u00eamio por 2 a 0, na Arena, e abriu grande vantagem para o jogo de volta no Beira-Rio.&nbsp;<\/p>\n\n\n\n<p>O resultado fez o comentarista da R\u00e1dio Ga\u00facha, Adroaldo Guerra Filho, o Guerrinha, cravar que o t\u00edtulo j\u00e1 est\u00e1 decidido. Sendo assim, a expectativa para o pr\u00f3ximo confronto ficou ainda maior.<\/p>\n\n\n\n<h2 class=\"wp-block-heading\" id=\"h-guerrinha-provoca-e-diz-que-final-ja-esta-resolvida\">Guerrinha provoca e diz que final j\u00e1 est\u00e1 resolvida<\/h2>\n\n\n\n<p>Durante o programa Sala de Reda\u00e7\u00e3o, Guerrinha ironizou a realiza\u00e7\u00e3o do jogo de volta e afirmou que a partida nem deveria acontecer no Beira-Rio:<\/p>\n\n\n\n<p>&#8220;N\u00e3o sei o motivo do Inter mandar esse jogo no Beira-Rio. Tinha que mandar esse jogo na Goethe. Acabou. Algu\u00e9m joga dinheiro a\u00ed? Ou t\u00e3o cagados?&#8221;<\/p>\n\n\n\n<p>A declara\u00e7\u00e3o faz refer\u00eancia \u00e0 Rua Goethe, tradicional ponto de comemora\u00e7\u00e3o dos colorados em Porto Alegre. Isso porque, com a vit\u00f3ria no primeiro duelo, o Inter pode perder por at\u00e9 um gol de diferen\u00e7a que ainda assim ser\u00e1 campe\u00e3o.<\/p>\n\n\n\n<p>Vale destacar que o Colorado definiu a vit\u00f3ria ainda no primeiro tempo, com gols de Carbonero e Alan Patrick. Dessa maneira, a equipe de Eduardo Coudet chega para o jogo de volta com uma vantagem confort\u00e1vel.<\/p>\n\n\n\n<h2 class=\"wp-block-heading\" id=\"h-gremio-precisa-de-um-jogo-perfeito-para-evitar-o-vice\">Gr\u00eamio precisa de um jogo perfeito para evitar o vice<\/h2>\n\n\n\n<p>Se o Inter pode at\u00e9 perder por um gol, o Gr\u00eamio precisa de um verdadeiro milagre. Por isso, para reverter o placar, a equipe de Gustavo Quinteros precisa vencer por dois gols para levar a decis\u00e3o para os p\u00eanaltis ou por tr\u00eas para ser campe\u00e3o no tempo normal.<\/p>\n\n\n\n<p>Cabe ressaltar que o Tricolor ter\u00e1 um compromisso importante antes da final. Isso porque, na pr\u00f3xima quarta-feira (12), o time enfrenta o Athletic, de Minas Gerais, pela segunda fase da Copa do Brasil. O confronto ser\u00e1 em S\u00e3o Jo\u00e3o del-Rei, \u00e0s 19h30.<\/p>\n\n\n\n<p>Sendo assim, o Gr\u00eamio precisar\u00e1 dividir as aten\u00e7\u00f5es entre a competi\u00e7\u00e3o nacional e o duelo decisivo contra o Internacional. Sendo assim, a miss\u00e3o de reverter a desvantagem no Gre-Nal se torna ainda mais dif\u00edcil.<\/p>\n","protected":false},"excerpt":{"rendered":"<p>O primeiro Gre-Nal da final do Campeonato Ga\u00facho deixou um clima de decis\u00e3o praticamente resolvida. O Internacional venceu o Gr\u00eamio por 2 a 0, na Arena, e abriu grande vantagem para o jogo de volta no Beira-Rio.&nbsp; O resultado fez o comentarista da R\u00e1dio Ga\u00facha, Adroaldo Guerra Filho, o Guerrinha, cravar que o t\u00edtulo j\u00e1 [&hellip;]<\/p>\n","protected":false},"author":25,"featured_media":173600,"comment_status":"open","ping_status":"closed","sticky":false,"template":"","format":"standard","meta":{"footnotes":""},"categories":[148],"tags":[],"class_list":["post-238578","post","type-post","status-publish","format-standard","has-post-thumbnail","hentry","category-internacional"],"yoast_head":"<!-- This site is optimized with the Yoast SEO Premium plugin v24.2 (Yoast SEO v26.9) - https:\/\/yoast.com\/product\/yoast-seo-premium-wordpress\/ -->\n<title>Gre-Nal: jornalista crava Internacional como campe\u00e3o do Gauch\u00e3o<\/title>\n<meta name=\"robots\" content=\"index, follow, max-snippet:-1, max-image-preview:large, max-video-preview:-1\" \/>\n<link rel=\"canonical\" href=\"https:\/\/www.gaveanews.com\/index.php\/2025\/03\/11\/gre-nal-jornalista-crava-internacional-como-campeao-do-gauchao\/\" \/>\n<meta property=\"og:locale\" content=\"pt_BR\" \/>\n<meta property=\"og:type\" content=\"article\" \/>\n<meta property=\"og:title\" content=\"Gre-Nal: jornalista crava Internacional como campe\u00e3o do Gauch\u00e3o\" \/>\n<meta property=\"og:description\" content=\"O primeiro Gre-Nal da final do Campeonato Ga\u00facho deixou um clima de decis\u00e3o praticamente resolvida. O Internacional venceu o Gr\u00eamio por 2 a 0, na Arena, e abriu grande vantagem para o jogo de volta no Beira-Rio.&nbsp; O resultado fez o comentarista da R\u00e1dio Ga\u00facha, Adroaldo Guerra Filho, o Guerrinha, cravar que o t\u00edtulo j\u00e1 [&hellip;]\" \/>\n<meta property=\"og:url\" content=\"https:\/\/www.gaveanews.com\/index.php\/2025\/03\/11\/gre-nal-jornalista-crava-internacional-como-campeao-do-gauchao\/\" \/>\n<meta property=\"og:site_name\" content=\"G\u00e1vea News\" \/>\n<meta property=\"article:publisher\" content=\"https:\/\/facebook.com\/gaveaNews\/\" \/>\n<meta property=\"article:published_time\" content=\"2025-03-11T21:00:00+00:00\" \/>\n<meta property=\"og:image\" content=\"https:\/\/www.gaveanews.com\/wp-content\/uploads\/Escudo-do-Internacional.webp\" \/>\n\t<meta property=\"og:image:width\" content=\"1728\" \/>\n\t<meta property=\"og:image:height\" content=\"1080\" \/>\n\t<meta property=\"og:image:type\" content=\"image\/webp\" \/>\n<meta name=\"author\" content=\"Rafaela Ladeira\" \/>\n<meta name=\"twitter:card\" content=\"summary_large_image\" \/>\n<meta name=\"twitter:label1\" content=\"Escrito por\" \/>\n\t<meta name=\"twitter:data1\" content=\"Rafaela Ladeira\" \/>\n\t<meta name=\"twitter:label2\" content=\"Est. tempo de leitura\" \/>\n\t<meta name=\"twitter:data2\" content=\"3 minutos\" \/>\n<script type=\"application\/ld+json\" class=\"yoast-schema-graph\">{\"@context\":\"https:\/\/schema.org\",\"@graph\":[{\"@type\":\"NewsArticle\",\"@id\":\"https:\/\/www.gaveanews.com\/index.php\/2025\/03\/11\/gre-nal-jornalista-crava-internacional-como-campeao-do-gauchao\/#article\",\"isPartOf\":{\"@id\":\"https:\/\/www.gaveanews.com\/index.php\/2025\/03\/11\/gre-nal-jornalista-crava-internacional-como-campeao-do-gauchao\/\"},\"author\":{\"name\":\"Rafaela Ladeira\",\"@id\":\"https:\/\/www.gaveanews.com\/#\/schema\/person\/0eb3e3fe1754f0205218538adbe8f5ed\"},\"headline\":\"Gre-Nal: jornalista crava Internacional como campe\u00e3o do Gauch\u00e3o\",\"datePublished\":\"2025-03-11T21:00:00+00:00\",\"mainEntityOfPage\":{\"@id\":\"https:\/\/www.gaveanews.com\/index.php\/2025\/03\/11\/gre-nal-jornalista-crava-internacional-como-campeao-do-gauchao\/\"},\"wordCount\":377,\"commentCount\":0,\"image\":{\"@id\":\"https:\/\/www.gaveanews.com\/index.php\/2025\/03\/11\/gre-nal-jornalista-crava-internacional-como-campeao-do-gauchao\/#primaryimage\"},\"thumbnailUrl\":\"https:\/\/www.gaveanews.com\/wp-content\/uploads\/Escudo-do-Internacional.webp\",\"articleSection\":[\"Internacional\"],\"inLanguage\":\"pt-BR\",\"potentialAction\":[{\"@type\":\"CommentAction\",\"name\":\"Comment\",\"target\":[\"https:\/\/www.gaveanews.com\/index.php\/2025\/03\/11\/gre-nal-jornalista-crava-internacional-como-campeao-do-gauchao\/#respond\"]}],\"copyrightYear\":\"2025\",\"copyrightHolder\":{\"@id\":\"https:\/\/www.gaveanews.com\/#organization\"}},{\"@type\":\"WebPage\",\"@id\":\"https:\/\/www.gaveanews.com\/index.php\/2025\/03\/11\/gre-nal-jornalista-crava-internacional-como-campeao-do-gauchao\/\",\"url\":\"https:\/\/www.gaveanews.com\/index.php\/2025\/03\/11\/gre-nal-jornalista-crava-internacional-como-campeao-do-gauchao\/\",\"name\":\"Gre-Nal: jornalista crava Internacional como campe\u00e3o do Gauch\u00e3o\",\"isPartOf\":{\"@id\":\"https:\/\/www.gaveanews.com\/#website\"},\"primaryImageOfPage\":{\"@id\":\"https:\/\/www.gaveanews.com\/index.php\/2025\/03\/11\/gre-nal-jornalista-crava-internacional-como-campeao-do-gauchao\/#primaryimage\"},\"image\":{\"@id\":\"https:\/\/www.gaveanews.com\/index.php\/2025\/03\/11\/gre-nal-jornalista-crava-internacional-como-campeao-do-gauchao\/#primaryimage\"},\"thumbnailUrl\":\"https:\/\/www.gaveanews.com\/wp-content\/uploads\/Escudo-do-Internacional.webp\",\"datePublished\":\"2025-03-11T21:00:00+00:00\",\"author\":{\"@id\":\"https:\/\/www.gaveanews.com\/#\/schema\/person\/0eb3e3fe1754f0205218538adbe8f5ed\"},\"breadcrumb\":{\"@id\":\"https:\/\/www.gaveanews.com\/index.php\/2025\/03\/11\/gre-nal-jornalista-crava-internacional-como-campeao-do-gauchao\/#breadcrumb\"},\"inLanguage\":\"pt-BR\",\"potentialAction\":[{\"@type\":\"ReadAction\",\"target\":[\"https:\/\/www.gaveanews.com\/index.php\/2025\/03\/11\/gre-nal-jornalista-crava-internacional-como-campeao-do-gauchao\/\"]}]},{\"@type\":\"ImageObject\",\"inLanguage\":\"pt-BR\",\"@id\":\"https:\/\/www.gaveanews.com\/index.php\/2025\/03\/11\/gre-nal-jornalista-crava-internacional-como-campeao-do-gauchao\/#primaryimage\",\"url\":\"https:\/\/www.gaveanews.com\/wp-content\/uploads\/Escudo-do-Internacional.webp\",\"contentUrl\":\"https:\/\/www.gaveanews.com\/wp-content\/uploads\/Escudo-do-Internacional.webp\",\"width\":1728,\"height\":1080,\"caption\":\"Escudo do Internacional (Foto: Reprodu\u00e7\u00e3o)\"},{\"@type\":\"BreadcrumbList\",\"@id\":\"https:\/\/www.gaveanews.com\/index.php\/2025\/03\/11\/gre-nal-jornalista-crava-internacional-como-campeao-do-gauchao\/#breadcrumb\",\"itemListElement\":[{\"@type\":\"ListItem\",\"position\":1,\"name\":\"Home\",\"item\":\"https:\/\/www.gaveanews.com\/\"},{\"@type\":\"ListItem\",\"position\":2,\"name\":\"Gre-Nal: jornalista crava Internacional como campe\u00e3o do Gauch\u00e3o\"}]},{\"@type\":\"WebSite\",\"@id\":\"https:\/\/www.gaveanews.com\/#website\",\"url\":\"https:\/\/www.gaveanews.com\/\",\"name\":\"G\u00e1vea News\",\"description\":\"Veja todas as not\u00edcias sobre o Flamengo: Contrata\u00e7\u00f5es, categorias de base, resultados das partidas, tabela de classifica\u00e7\u00e3o, pr\u00f3ximos jogos!\",\"potentialAction\":[{\"@type\":\"SearchAction\",\"target\":{\"@type\":\"EntryPoint\",\"urlTemplate\":\"https:\/\/www.gaveanews.com\/?s={search_term_string}\"},\"query-input\":{\"@type\":\"PropertyValueSpecification\",\"valueRequired\":true,\"valueName\":\"search_term_string\"}}],\"inLanguage\":\"pt-BR\"},{\"@type\":\"Person\",\"@id\":\"https:\/\/www.gaveanews.com\/#\/schema\/person\/0eb3e3fe1754f0205218538adbe8f5ed\",\"name\":\"Rafaela Ladeira\",\"image\":{\"@type\":\"ImageObject\",\"inLanguage\":\"pt-BR\",\"@id\":\"https:\/\/www.gaveanews.com\/#\/schema\/person\/image\/\",\"url\":\"https:\/\/secure.gravatar.com\/avatar\/c31f513acffd85eacab5730cbdfdbbf59f21ba5aeada8cd890acea879fbb2455?s=96&d=mm&r=g\",\"contentUrl\":\"https:\/\/secure.gravatar.com\/avatar\/c31f513acffd85eacab5730cbdfdbbf59f21ba5aeada8cd890acea879fbb2455?s=96&d=mm&r=g\",\"caption\":\"Rafaela Ladeira\"}}]}<\/script>\n<!-- \/ Yoast SEO Premium plugin. -->","yoast_head_json":{"title":"Gre-Nal: jornalista crava Internacional como campe\u00e3o do Gauch\u00e3o","robots":{"index":"index","follow":"follow","max-snippet":"max-snippet:-1","max-image-preview":"max-image-preview:large","max-video-preview":"max-video-preview:-1"},"canonical":"https:\/\/www.gaveanews.com\/index.php\/2025\/03\/11\/gre-nal-jornalista-crava-internacional-como-campeao-do-gauchao\/","og_locale":"pt_BR","og_type":"article","og_title":"Gre-Nal: jornalista crava Internacional como campe\u00e3o do Gauch\u00e3o","og_description":"O primeiro Gre-Nal da final do Campeonato Ga\u00facho deixou um clima de decis\u00e3o praticamente resolvida. O Internacional venceu o Gr\u00eamio por 2 a 0, na Arena, e abriu grande vantagem para o jogo de volta no Beira-Rio.&nbsp; O resultado fez o comentarista da R\u00e1dio Ga\u00facha, Adroaldo Guerra Filho, o Guerrinha, cravar que o t\u00edtulo j\u00e1 [&hellip;]","og_url":"https:\/\/www.gaveanews.com\/index.php\/2025\/03\/11\/gre-nal-jornalista-crava-internacional-como-campeao-do-gauchao\/","og_site_name":"G\u00e1vea News","article_publisher":"https:\/\/facebook.com\/gaveaNews\/","article_published_time":"2025-03-11T21:00:00+00:00","og_image":[{"width":1728,"height":1080,"url":"https:\/\/www.gaveanews.com\/wp-content\/uploads\/Escudo-do-Internacional.webp","type":"image\/webp"}],"author":"Rafaela Ladeira","twitter_card":"summary_large_image","twitter_misc":{"Escrito por":"Rafaela Ladeira","Est. tempo de leitura":"3 minutos"},"schema":{"@context":"https:\/\/schema.org","@graph":[{"@type":"NewsArticle","@id":"https:\/\/www.gaveanews.com\/index.php\/2025\/03\/11\/gre-nal-jornalista-crava-internacional-como-campeao-do-gauchao\/#article","isPartOf":{"@id":"https:\/\/www.gaveanews.com\/index.php\/2025\/03\/11\/gre-nal-jornalista-crava-internacional-como-campeao-do-gauchao\/"},"author":{"name":"Rafaela Ladeira","@id":"https:\/\/www.gaveanews.com\/#\/schema\/person\/0eb3e3fe1754f0205218538adbe8f5ed"},"headline":"Gre-Nal: jornalista crava Internacional como campe\u00e3o do Gauch\u00e3o","datePublished":"2025-03-11T21:00:00+00:00","mainEntityOfPage":{"@id":"https:\/\/www.gaveanews.com\/index.php\/2025\/03\/11\/gre-nal-jornalista-crava-internacional-como-campeao-do-gauchao\/"},"wordCount":377,"commentCount":0,"image":{"@id":"https:\/\/www.gaveanews.com\/index.php\/2025\/03\/11\/gre-nal-jornalista-crava-internacional-como-campeao-do-gauchao\/#primaryimage"},"thumbnailUrl":"https:\/\/www.gaveanews.com\/wp-content\/uploads\/Escudo-do-Internacional.webp","articleSection":["Internacional"],"inLanguage":"pt-BR","potentialAction":[{"@type":"CommentAction","name":"Comment","target":["https:\/\/www.gaveanews.com\/index.php\/2025\/03\/11\/gre-nal-jornalista-crava-internacional-como-campeao-do-gauchao\/#respond"]}],"copyrightYear":"2025","copyrightHolder":{"@id":"https:\/\/www.gaveanews.com\/#organization"}},{"@type":"WebPage","@id":"https:\/\/www.gaveanews.com\/index.php\/2025\/03\/11\/gre-nal-jornalista-crava-internacional-como-campeao-do-gauchao\/","url":"https:\/\/www.gaveanews.com\/index.php\/2025\/03\/11\/gre-nal-jornalista-crava-internacional-como-campeao-do-gauchao\/","name":"Gre-Nal: jornalista crava Internacional como campe\u00e3o do Gauch\u00e3o","isPartOf":{"@id":"https:\/\/www.gaveanews.com\/#website"},"primaryImageOfPage":{"@id":"https:\/\/www.gaveanews.com\/index.php\/2025\/03\/11\/gre-nal-jornalista-crava-internacional-como-campeao-do-gauchao\/#primaryimage"},"image":{"@id":"https:\/\/www.gaveanews.com\/index.php\/2025\/03\/11\/gre-nal-jornalista-crava-internacional-como-campeao-do-gauchao\/#primaryimage"},"thumbnailUrl":"https:\/\/www.gaveanews.com\/wp-content\/uploads\/Escudo-do-Internacional.webp","datePublished":"2025-03-11T21:00:00+00:00","author":{"@id":"https:\/\/www.gaveanews.com\/#\/schema\/person\/0eb3e3fe1754f0205218538adbe8f5ed"},"breadcrumb":{"@id":"https:\/\/www.gaveanews.com\/index.php\/2025\/03\/11\/gre-nal-jornalista-crava-internacional-como-campeao-do-gauchao\/#breadcrumb"},"inLanguage":"pt-BR","potentialAction":[{"@type":"ReadAction","target":["https:\/\/www.gaveanews.com\/index.php\/2025\/03\/11\/gre-nal-jornalista-crava-internacional-como-campeao-do-gauchao\/"]}]},{"@type":"ImageObject","inLanguage":"pt-BR","@id":"https:\/\/www.gaveanews.com\/index.php\/2025\/03\/11\/gre-nal-jornalista-crava-internacional-como-campeao-do-gauchao\/#primaryimage","url":"https:\/\/www.gaveanews.com\/wp-content\/uploads\/Escudo-do-Internacional.webp","contentUrl":"https:\/\/www.gaveanews.com\/wp-content\/uploads\/Escudo-do-Internacional.webp","width":1728,"height":1080,"caption":"Escudo do Internacional (Foto: Reprodu\u00e7\u00e3o)"},{"@type":"BreadcrumbList","@id":"https:\/\/www.gaveanews.com\/index.php\/2025\/03\/11\/gre-nal-jornalista-crava-internacional-como-campeao-do-gauchao\/#breadcrumb","itemListElement":[{"@type":"ListItem","position":1,"name":"Home","item":"https:\/\/www.gaveanews.com\/"},{"@type":"ListItem","position":2,"name":"Gre-Nal: jornalista crava Internacional como campe\u00e3o do Gauch\u00e3o"}]},{"@type":"WebSite","@id":"https:\/\/www.gaveanews.com\/#website","url":"https:\/\/www.gaveanews.com\/","name":"G\u00e1vea News","description":"Veja todas as not\u00edcias sobre o Flamengo: Contrata\u00e7\u00f5es, categorias de base, resultados das partidas, tabela de classifica\u00e7\u00e3o, pr\u00f3ximos jogos!","potentialAction":[{"@type":"SearchAction","target":{"@type":"EntryPoint","urlTemplate":"https:\/\/www.gaveanews.com\/?s={search_term_string}"},"query-input":{"@type":"PropertyValueSpecification","valueRequired":true,"valueName":"search_term_string"}}],"inLanguage":"pt-BR"},{"@type":"Person","@id":"https:\/\/www.gaveanews.com\/#\/schema\/person\/0eb3e3fe1754f0205218538adbe8f5ed","name":"Rafaela Ladeira","image":{"@type":"ImageObject","inLanguage":"pt-BR","@id":"https:\/\/www.gaveanews.com\/#\/schema\/person\/image\/","url":"https:\/\/secure.gravatar.com\/avatar\/c31f513acffd85eacab5730cbdfdbbf59f21ba5aeada8cd890acea879fbb2455?s=96&d=mm&r=g","contentUrl":"https:\/\/secure.gravatar.com\/avatar\/c31f513acffd85eacab5730cbdfdbbf59f21ba5aeada8cd890acea879fbb2455?s=96&d=mm&r=g","caption":"Rafaela Ladeira"}}]}},"_links":{"self":[{"href":"https:\/\/www.gaveanews.com\/index.php\/wp-json\/wp\/v2\/posts\/238578","targetHints":{"allow":["GET"]}}],"collection":[{"href":"https:\/\/www.gaveanews.com\/index.php\/wp-json\/wp\/v2\/posts"}],"about":[{"href":"https:\/\/www.gaveanews.com\/index.php\/wp-json\/wp\/v2\/types\/post"}],"author":[{"embeddable":true,"href":"https:\/\/www.gaveanews.com\/index.php\/wp-json\/wp\/v2\/users\/25"}],"replies":[{"embeddable":true,"href":"https:\/\/www.gaveanews.com\/index.php\/wp-json\/wp\/v2\/comments?post=238578"}],"version-history":[{"count":1,"href":"https:\/\/www.gaveanews.com\/index.php\/wp-json\/wp\/v2\/posts\/238578\/revisions"}],"predecessor-version":[{"id":238579,"href":"https:\/\/www.gaveanews.com\/index.php\/wp-json\/wp\/v2\/posts\/238578\/revisions\/238579"}],"wp:featuredmedia":[{"embeddable":true,"href":"https:\/\/www.gaveanews.com\/index.php\/wp-json\/wp\/v2\/media\/173600"}],"wp:attachment":[{"href":"https:\/\/www.gaveanews.com\/index.php\/wp-json\/wp\/v2\/media?parent=238578"}],"wp:term":[{"taxonomy":"category","embeddable":true,"href":"https:\/\/www.gaveanews.com\/index.php\/wp-json\/wp\/v2\/categories?post=238578"},{"taxonomy":"post_tag","embeddable":true,"href":"https:\/\/www.gaveanews.com\/index.php\/wp-json\/wp\/v2\/tags?post=238578"}],"curies":[{"name":"wp","href":"https:\/\/api.w.org\/{rel}","templated":true}]}}