{"id":238582,"date":"2025-03-11T17:40:00","date_gmt":"2025-03-11T20:40:00","guid":{"rendered":"https:\/\/www.gaveanews.com\/?p=238582"},"modified":"2025-03-11T16:31:09","modified_gmt":"2025-03-11T19:31:09","slug":"a-declaracao-de-salvio-spinola-sobre-o-penalti-polemico-durante-palmeiras-x-sao-paulo","status":"publish","type":"post","link":"https:\/\/www.gaveanews.com\/index.php\/2025\/03\/11\/a-declaracao-de-salvio-spinola-sobre-o-penalti-polemico-durante-palmeiras-x-sao-paulo\/","title":{"rendered":"A declara\u00e7\u00e3o de S\u00e1lvio Sp\u00ednola sobre o p\u00eanalti pol\u00eamico durante Palmeiras x S\u00e3o Paulo"},"content":{"rendered":"\n<p>O Choque-Rei pela semifinal do Campeonato Paulista de 2025 foi marcado por tens\u00e3o, equil\u00edbrio e, claro, pol\u00eamica. No Allianz Parque, o Palmeiras venceu o S\u00e3o Paulo por 1 a 0, garantindo vaga na final do estadual.&nbsp;<\/p>\n\n\n\n<p>No entanto, o que mais repercutiu n\u00e3o foi o gol de Raphael Veiga, mas sim o p\u00eanalti marcado sobre Vitor Roque, que gerou debates entre torcedores e especialistas.<\/p>\n\n\n\n<h2 class=\"wp-block-heading\" id=\"h-salvio-spinola-discorda-da-marcacao-de-flavio-rodrigues\">S\u00e1lvio Sp\u00ednola discorda da marca\u00e7\u00e3o de Fl\u00e1vio Rodrigues<\/h2>\n\n\n\n<p>O lance decisivo aconteceu ainda no primeiro tempo, quando o \u00e1rbitro Fl\u00e1vio Rodrigues de Souza assinalou p\u00eanalti de Arboleda sobre Vitor Roque. O VAR n\u00e3o recomendou a revis\u00e3o do lance, o que gerou muita pol\u00eamica. Dessa maneira, Raphael Veiga converteu a cobran\u00e7a e garantiu a vit\u00f3ria palmeirense.<\/p>\n\n\n\n<p>No entanto, na transmiss\u00e3o da Record, S\u00e1lvio Sp\u00ednola discordou da decis\u00e3o:<\/p>\n\n\n\n<p>&#8220;D\u00e1 para ver claramente que o Arboleda recolhe a perna e o Vitor Roque cai. Para mim, n\u00e3o foi p\u00eanalti.&#8221;<\/p>\n\n\n\n<p>Isso porque, segundo S\u00e1lvio, o zagueiro do S\u00e3o Paulo evitou o contato e a queda do atacante palmeirense n\u00e3o justificava a marca\u00e7\u00e3o da penalidade. Al\u00e9m disso, at\u00e9 alguns torcedores do Palmeiras questionaram o lance nas redes sociais.<\/p>\n\n\n\n<h2 class=\"wp-block-heading\" id=\"h-palmeiras-segura-pressao-e-se-classifica-para-a-final\">Palmeiras segura press\u00e3o e se classifica para a final<\/h2>\n\n\n\n<p>Se a primeira etapa ficou marcada pelo p\u00eanalti pol\u00eamico, o segundo tempo trouxe ainda mais emo\u00e7\u00e3o. Isso porque o S\u00e3o Paulo tentou reagir e pressionou o Palmeiras em busca do empate. No entanto, a equipe de Abel Ferreira mostrou solidez defensiva e garantiu a vaga na decis\u00e3o.<\/p>\n\n\n\n<p>Vale destacar que, agora, o Alviverde se prepara para enfrentar o Corinthians na grande final do Paulist\u00e3o. Sendo assim, a primeira partida ser\u00e1 realizada antes da Data FIFA, enquanto o jogo decisivo ocorrer\u00e1 ap\u00f3s os compromissos das sele\u00e7\u00f5es.<\/p>\n\n\n\n<h2 class=\"wp-block-heading\" id=\"h-vitor-roque-estreia-e-deixa-boa-impressao\">Vitor Roque estreia e deixa boa impress\u00e3o<\/h2>\n\n\n\n<p>Outra atra\u00e7\u00e3o da noite foi a estreia de Vitor Roque, refor\u00e7o mais caro da hist\u00f3ria do futebol brasileiro. O atacante foi titular e sofreu o p\u00eanalti que definiu o jogo. Al\u00e9m disso, deu um passe para Facundo Torres, que quase ampliou o placar.<\/p>\n\n\n\n<p>Com isso, a torcida palmeirense se anima para ver mais do jovem talento ao longo da temporada. Cabe ressaltar que, com mais tempo de treinos e entrosamento, Vitor Roque tem tudo para se tornar pe\u00e7a-chave no ataque do Palmeiras em 2025.<\/p>\n","protected":false},"excerpt":{"rendered":"<p>O Choque-Rei pela semifinal do Campeonato Paulista de 2025 foi marcado por tens\u00e3o, equil\u00edbrio e, claro, pol\u00eamica. No Allianz Parque, o Palmeiras venceu o S\u00e3o Paulo por 1 a 0, garantindo vaga na final do estadual.&nbsp; No entanto, o que mais repercutiu n\u00e3o foi o gol de Raphael Veiga, mas sim o p\u00eanalti marcado sobre [&hellip;]<\/p>\n","protected":false},"author":25,"featured_media":155182,"comment_status":"open","ping_status":"closed","sticky":false,"template":"","format":"standard","meta":{"footnotes":""},"categories":[150],"tags":[],"class_list":["post-238582","post","type-post","status-publish","format-standard","has-post-thumbnail","hentry","category-palmeiras"],"yoast_head":"<!-- This site is optimized with the Yoast SEO Premium plugin v24.2 (Yoast SEO v26.9) - https:\/\/yoast.com\/product\/yoast-seo-premium-wordpress\/ -->\n<title>A declara\u00e7\u00e3o de S\u00e1lvio Sp\u00ednola sobre o p\u00eanalti pol\u00eamico durante Palmeiras x S\u00e3o Paulo<\/title>\n<meta name=\"robots\" content=\"index, follow, max-snippet:-1, max-image-preview:large, max-video-preview:-1\" \/>\n<link rel=\"canonical\" href=\"https:\/\/www.gaveanews.com\/index.php\/2025\/03\/11\/a-declaracao-de-salvio-spinola-sobre-o-penalti-polemico-durante-palmeiras-x-sao-paulo\/\" \/>\n<meta property=\"og:locale\" content=\"pt_BR\" \/>\n<meta property=\"og:type\" content=\"article\" \/>\n<meta property=\"og:title\" content=\"A declara\u00e7\u00e3o de S\u00e1lvio Sp\u00ednola sobre o p\u00eanalti pol\u00eamico durante Palmeiras x S\u00e3o Paulo\" \/>\n<meta property=\"og:description\" content=\"O Choque-Rei pela semifinal do Campeonato Paulista de 2025 foi marcado por tens\u00e3o, equil\u00edbrio e, claro, pol\u00eamica. No Allianz Parque, o Palmeiras venceu o S\u00e3o Paulo por 1 a 0, garantindo vaga na final do estadual.&nbsp; No entanto, o que mais repercutiu n\u00e3o foi o gol de Raphael Veiga, mas sim o p\u00eanalti marcado sobre [&hellip;]\" \/>\n<meta property=\"og:url\" content=\"https:\/\/www.gaveanews.com\/index.php\/2025\/03\/11\/a-declaracao-de-salvio-spinola-sobre-o-penalti-polemico-durante-palmeiras-x-sao-paulo\/\" \/>\n<meta property=\"og:site_name\" content=\"G\u00e1vea News\" \/>\n<meta property=\"article:publisher\" content=\"https:\/\/facebook.com\/gaveaNews\/\" \/>\n<meta property=\"article:published_time\" content=\"2025-03-11T20:40:00+00:00\" \/>\n<meta property=\"og:image\" content=\"https:\/\/www.gaveanews.com\/wp-content\/uploads\/Allianz-Parque-estadio-do-Palmeiras.webp\" \/>\n\t<meta property=\"og:image:width\" content=\"1023\" \/>\n\t<meta property=\"og:image:height\" content=\"767\" \/>\n\t<meta property=\"og:image:type\" content=\"image\/webp\" \/>\n<meta name=\"author\" content=\"Rafaela Ladeira\" \/>\n<meta name=\"twitter:card\" content=\"summary_large_image\" \/>\n<meta name=\"twitter:label1\" content=\"Escrito por\" \/>\n\t<meta name=\"twitter:data1\" content=\"Rafaela Ladeira\" \/>\n\t<meta name=\"twitter:label2\" content=\"Est. tempo de leitura\" \/>\n\t<meta name=\"twitter:data2\" content=\"3 minutos\" \/>\n<script type=\"application\/ld+json\" class=\"yoast-schema-graph\">{\"@context\":\"https:\/\/schema.org\",\"@graph\":[{\"@type\":\"NewsArticle\",\"@id\":\"https:\/\/www.gaveanews.com\/index.php\/2025\/03\/11\/a-declaracao-de-salvio-spinola-sobre-o-penalti-polemico-durante-palmeiras-x-sao-paulo\/#article\",\"isPartOf\":{\"@id\":\"https:\/\/www.gaveanews.com\/index.php\/2025\/03\/11\/a-declaracao-de-salvio-spinola-sobre-o-penalti-polemico-durante-palmeiras-x-sao-paulo\/\"},\"author\":{\"name\":\"Rafaela Ladeira\",\"@id\":\"https:\/\/www.gaveanews.com\/#\/schema\/person\/0eb3e3fe1754f0205218538adbe8f5ed\"},\"headline\":\"A declara\u00e7\u00e3o de S\u00e1lvio Sp\u00ednola sobre o p\u00eanalti pol\u00eamico durante Palmeiras x S\u00e3o Paulo\",\"datePublished\":\"2025-03-11T20:40:00+00:00\",\"mainEntityOfPage\":{\"@id\":\"https:\/\/www.gaveanews.com\/index.php\/2025\/03\/11\/a-declaracao-de-salvio-spinola-sobre-o-penalti-polemico-durante-palmeiras-x-sao-paulo\/\"},\"wordCount\":433,\"commentCount\":0,\"image\":{\"@id\":\"https:\/\/www.gaveanews.com\/index.php\/2025\/03\/11\/a-declaracao-de-salvio-spinola-sobre-o-penalti-polemico-durante-palmeiras-x-sao-paulo\/#primaryimage\"},\"thumbnailUrl\":\"https:\/\/www.gaveanews.com\/wp-content\/uploads\/Allianz-Parque-estadio-do-Palmeiras.webp\",\"articleSection\":[\"Palmeiras\"],\"inLanguage\":\"pt-BR\",\"potentialAction\":[{\"@type\":\"CommentAction\",\"name\":\"Comment\",\"target\":[\"https:\/\/www.gaveanews.com\/index.php\/2025\/03\/11\/a-declaracao-de-salvio-spinola-sobre-o-penalti-polemico-durante-palmeiras-x-sao-paulo\/#respond\"]}],\"copyrightYear\":\"2025\",\"copyrightHolder\":{\"@id\":\"https:\/\/www.gaveanews.com\/#organization\"}},{\"@type\":\"WebPage\",\"@id\":\"https:\/\/www.gaveanews.com\/index.php\/2025\/03\/11\/a-declaracao-de-salvio-spinola-sobre-o-penalti-polemico-durante-palmeiras-x-sao-paulo\/\",\"url\":\"https:\/\/www.gaveanews.com\/index.php\/2025\/03\/11\/a-declaracao-de-salvio-spinola-sobre-o-penalti-polemico-durante-palmeiras-x-sao-paulo\/\",\"name\":\"A declara\u00e7\u00e3o de S\u00e1lvio Sp\u00ednola sobre o p\u00eanalti pol\u00eamico durante Palmeiras x S\u00e3o Paulo\",\"isPartOf\":{\"@id\":\"https:\/\/www.gaveanews.com\/#website\"},\"primaryImageOfPage\":{\"@id\":\"https:\/\/www.gaveanews.com\/index.php\/2025\/03\/11\/a-declaracao-de-salvio-spinola-sobre-o-penalti-polemico-durante-palmeiras-x-sao-paulo\/#primaryimage\"},\"image\":{\"@id\":\"https:\/\/www.gaveanews.com\/index.php\/2025\/03\/11\/a-declaracao-de-salvio-spinola-sobre-o-penalti-polemico-durante-palmeiras-x-sao-paulo\/#primaryimage\"},\"thumbnailUrl\":\"https:\/\/www.gaveanews.com\/wp-content\/uploads\/Allianz-Parque-estadio-do-Palmeiras.webp\",\"datePublished\":\"2025-03-11T20:40:00+00:00\",\"author\":{\"@id\":\"https:\/\/www.gaveanews.com\/#\/schema\/person\/0eb3e3fe1754f0205218538adbe8f5ed\"},\"breadcrumb\":{\"@id\":\"https:\/\/www.gaveanews.com\/index.php\/2025\/03\/11\/a-declaracao-de-salvio-spinola-sobre-o-penalti-polemico-durante-palmeiras-x-sao-paulo\/#breadcrumb\"},\"inLanguage\":\"pt-BR\",\"potentialAction\":[{\"@type\":\"ReadAction\",\"target\":[\"https:\/\/www.gaveanews.com\/index.php\/2025\/03\/11\/a-declaracao-de-salvio-spinola-sobre-o-penalti-polemico-durante-palmeiras-x-sao-paulo\/\"]}]},{\"@type\":\"ImageObject\",\"inLanguage\":\"pt-BR\",\"@id\":\"https:\/\/www.gaveanews.com\/index.php\/2025\/03\/11\/a-declaracao-de-salvio-spinola-sobre-o-penalti-polemico-durante-palmeiras-x-sao-paulo\/#primaryimage\",\"url\":\"https:\/\/www.gaveanews.com\/wp-content\/uploads\/Allianz-Parque-estadio-do-Palmeiras.webp\",\"contentUrl\":\"https:\/\/www.gaveanews.com\/wp-content\/uploads\/Allianz-Parque-estadio-do-Palmeiras.webp\",\"width\":1023,\"height\":767,\"caption\":\"Allianz Parque, est\u00e1dio do Palmeiras (Foto: Reprodu\u00e7\u00e3o\/Palmeiras)\"},{\"@type\":\"BreadcrumbList\",\"@id\":\"https:\/\/www.gaveanews.com\/index.php\/2025\/03\/11\/a-declaracao-de-salvio-spinola-sobre-o-penalti-polemico-durante-palmeiras-x-sao-paulo\/#breadcrumb\",\"itemListElement\":[{\"@type\":\"ListItem\",\"position\":1,\"name\":\"Home\",\"item\":\"https:\/\/www.gaveanews.com\/\"},{\"@type\":\"ListItem\",\"position\":2,\"name\":\"A declara\u00e7\u00e3o de S\u00e1lvio Sp\u00ednola sobre o p\u00eanalti pol\u00eamico durante Palmeiras x S\u00e3o Paulo\"}]},{\"@type\":\"WebSite\",\"@id\":\"https:\/\/www.gaveanews.com\/#website\",\"url\":\"https:\/\/www.gaveanews.com\/\",\"name\":\"G\u00e1vea News\",\"description\":\"Veja todas as not\u00edcias sobre o Flamengo: Contrata\u00e7\u00f5es, categorias de base, resultados das partidas, tabela de classifica\u00e7\u00e3o, pr\u00f3ximos jogos!\",\"potentialAction\":[{\"@type\":\"SearchAction\",\"target\":{\"@type\":\"EntryPoint\",\"urlTemplate\":\"https:\/\/www.gaveanews.com\/?s={search_term_string}\"},\"query-input\":{\"@type\":\"PropertyValueSpecification\",\"valueRequired\":true,\"valueName\":\"search_term_string\"}}],\"inLanguage\":\"pt-BR\"},{\"@type\":\"Person\",\"@id\":\"https:\/\/www.gaveanews.com\/#\/schema\/person\/0eb3e3fe1754f0205218538adbe8f5ed\",\"name\":\"Rafaela Ladeira\",\"image\":{\"@type\":\"ImageObject\",\"inLanguage\":\"pt-BR\",\"@id\":\"https:\/\/www.gaveanews.com\/#\/schema\/person\/image\/\",\"url\":\"https:\/\/secure.gravatar.com\/avatar\/c31f513acffd85eacab5730cbdfdbbf59f21ba5aeada8cd890acea879fbb2455?s=96&d=mm&r=g\",\"contentUrl\":\"https:\/\/secure.gravatar.com\/avatar\/c31f513acffd85eacab5730cbdfdbbf59f21ba5aeada8cd890acea879fbb2455?s=96&d=mm&r=g\",\"caption\":\"Rafaela Ladeira\"}}]}<\/script>\n<!-- \/ Yoast SEO Premium plugin. -->","yoast_head_json":{"title":"A declara\u00e7\u00e3o de S\u00e1lvio Sp\u00ednola sobre o p\u00eanalti pol\u00eamico durante Palmeiras x S\u00e3o Paulo","robots":{"index":"index","follow":"follow","max-snippet":"max-snippet:-1","max-image-preview":"max-image-preview:large","max-video-preview":"max-video-preview:-1"},"canonical":"https:\/\/www.gaveanews.com\/index.php\/2025\/03\/11\/a-declaracao-de-salvio-spinola-sobre-o-penalti-polemico-durante-palmeiras-x-sao-paulo\/","og_locale":"pt_BR","og_type":"article","og_title":"A declara\u00e7\u00e3o de S\u00e1lvio Sp\u00ednola sobre o p\u00eanalti pol\u00eamico durante Palmeiras x S\u00e3o Paulo","og_description":"O Choque-Rei pela semifinal do Campeonato Paulista de 2025 foi marcado por tens\u00e3o, equil\u00edbrio e, claro, pol\u00eamica. No Allianz Parque, o Palmeiras venceu o S\u00e3o Paulo por 1 a 0, garantindo vaga na final do estadual.&nbsp; No entanto, o que mais repercutiu n\u00e3o foi o gol de Raphael Veiga, mas sim o p\u00eanalti marcado sobre [&hellip;]","og_url":"https:\/\/www.gaveanews.com\/index.php\/2025\/03\/11\/a-declaracao-de-salvio-spinola-sobre-o-penalti-polemico-durante-palmeiras-x-sao-paulo\/","og_site_name":"G\u00e1vea News","article_publisher":"https:\/\/facebook.com\/gaveaNews\/","article_published_time":"2025-03-11T20:40:00+00:00","og_image":[{"width":1023,"height":767,"url":"https:\/\/www.gaveanews.com\/wp-content\/uploads\/Allianz-Parque-estadio-do-Palmeiras.webp","type":"image\/webp"}],"author":"Rafaela Ladeira","twitter_card":"summary_large_image","twitter_misc":{"Escrito por":"Rafaela Ladeira","Est. tempo de leitura":"3 minutos"},"schema":{"@context":"https:\/\/schema.org","@graph":[{"@type":"NewsArticle","@id":"https:\/\/www.gaveanews.com\/index.php\/2025\/03\/11\/a-declaracao-de-salvio-spinola-sobre-o-penalti-polemico-durante-palmeiras-x-sao-paulo\/#article","isPartOf":{"@id":"https:\/\/www.gaveanews.com\/index.php\/2025\/03\/11\/a-declaracao-de-salvio-spinola-sobre-o-penalti-polemico-durante-palmeiras-x-sao-paulo\/"},"author":{"name":"Rafaela Ladeira","@id":"https:\/\/www.gaveanews.com\/#\/schema\/person\/0eb3e3fe1754f0205218538adbe8f5ed"},"headline":"A declara\u00e7\u00e3o de S\u00e1lvio Sp\u00ednola sobre o p\u00eanalti pol\u00eamico durante Palmeiras x S\u00e3o Paulo","datePublished":"2025-03-11T20:40:00+00:00","mainEntityOfPage":{"@id":"https:\/\/www.gaveanews.com\/index.php\/2025\/03\/11\/a-declaracao-de-salvio-spinola-sobre-o-penalti-polemico-durante-palmeiras-x-sao-paulo\/"},"wordCount":433,"commentCount":0,"image":{"@id":"https:\/\/www.gaveanews.com\/index.php\/2025\/03\/11\/a-declaracao-de-salvio-spinola-sobre-o-penalti-polemico-durante-palmeiras-x-sao-paulo\/#primaryimage"},"thumbnailUrl":"https:\/\/www.gaveanews.com\/wp-content\/uploads\/Allianz-Parque-estadio-do-Palmeiras.webp","articleSection":["Palmeiras"],"inLanguage":"pt-BR","potentialAction":[{"@type":"CommentAction","name":"Comment","target":["https:\/\/www.gaveanews.com\/index.php\/2025\/03\/11\/a-declaracao-de-salvio-spinola-sobre-o-penalti-polemico-durante-palmeiras-x-sao-paulo\/#respond"]}],"copyrightYear":"2025","copyrightHolder":{"@id":"https:\/\/www.gaveanews.com\/#organization"}},{"@type":"WebPage","@id":"https:\/\/www.gaveanews.com\/index.php\/2025\/03\/11\/a-declaracao-de-salvio-spinola-sobre-o-penalti-polemico-durante-palmeiras-x-sao-paulo\/","url":"https:\/\/www.gaveanews.com\/index.php\/2025\/03\/11\/a-declaracao-de-salvio-spinola-sobre-o-penalti-polemico-durante-palmeiras-x-sao-paulo\/","name":"A declara\u00e7\u00e3o de S\u00e1lvio Sp\u00ednola sobre o p\u00eanalti pol\u00eamico durante Palmeiras x S\u00e3o Paulo","isPartOf":{"@id":"https:\/\/www.gaveanews.com\/#website"},"primaryImageOfPage":{"@id":"https:\/\/www.gaveanews.com\/index.php\/2025\/03\/11\/a-declaracao-de-salvio-spinola-sobre-o-penalti-polemico-durante-palmeiras-x-sao-paulo\/#primaryimage"},"image":{"@id":"https:\/\/www.gaveanews.com\/index.php\/2025\/03\/11\/a-declaracao-de-salvio-spinola-sobre-o-penalti-polemico-durante-palmeiras-x-sao-paulo\/#primaryimage"},"thumbnailUrl":"https:\/\/www.gaveanews.com\/wp-content\/uploads\/Allianz-Parque-estadio-do-Palmeiras.webp","datePublished":"2025-03-11T20:40:00+00:00","author":{"@id":"https:\/\/www.gaveanews.com\/#\/schema\/person\/0eb3e3fe1754f0205218538adbe8f5ed"},"breadcrumb":{"@id":"https:\/\/www.gaveanews.com\/index.php\/2025\/03\/11\/a-declaracao-de-salvio-spinola-sobre-o-penalti-polemico-durante-palmeiras-x-sao-paulo\/#breadcrumb"},"inLanguage":"pt-BR","potentialAction":[{"@type":"ReadAction","target":["https:\/\/www.gaveanews.com\/index.php\/2025\/03\/11\/a-declaracao-de-salvio-spinola-sobre-o-penalti-polemico-durante-palmeiras-x-sao-paulo\/"]}]},{"@type":"ImageObject","inLanguage":"pt-BR","@id":"https:\/\/www.gaveanews.com\/index.php\/2025\/03\/11\/a-declaracao-de-salvio-spinola-sobre-o-penalti-polemico-durante-palmeiras-x-sao-paulo\/#primaryimage","url":"https:\/\/www.gaveanews.com\/wp-content\/uploads\/Allianz-Parque-estadio-do-Palmeiras.webp","contentUrl":"https:\/\/www.gaveanews.com\/wp-content\/uploads\/Allianz-Parque-estadio-do-Palmeiras.webp","width":1023,"height":767,"caption":"Allianz Parque, est\u00e1dio do Palmeiras (Foto: Reprodu\u00e7\u00e3o\/Palmeiras)"},{"@type":"BreadcrumbList","@id":"https:\/\/www.gaveanews.com\/index.php\/2025\/03\/11\/a-declaracao-de-salvio-spinola-sobre-o-penalti-polemico-durante-palmeiras-x-sao-paulo\/#breadcrumb","itemListElement":[{"@type":"ListItem","position":1,"name":"Home","item":"https:\/\/www.gaveanews.com\/"},{"@type":"ListItem","position":2,"name":"A declara\u00e7\u00e3o de S\u00e1lvio Sp\u00ednola sobre o p\u00eanalti pol\u00eamico durante Palmeiras x S\u00e3o Paulo"}]},{"@type":"WebSite","@id":"https:\/\/www.gaveanews.com\/#website","url":"https:\/\/www.gaveanews.com\/","name":"G\u00e1vea News","description":"Veja todas as not\u00edcias sobre o Flamengo: Contrata\u00e7\u00f5es, categorias de base, resultados das partidas, tabela de classifica\u00e7\u00e3o, pr\u00f3ximos jogos!","potentialAction":[{"@type":"SearchAction","target":{"@type":"EntryPoint","urlTemplate":"https:\/\/www.gaveanews.com\/?s={search_term_string}"},"query-input":{"@type":"PropertyValueSpecification","valueRequired":true,"valueName":"search_term_string"}}],"inLanguage":"pt-BR"},{"@type":"Person","@id":"https:\/\/www.gaveanews.com\/#\/schema\/person\/0eb3e3fe1754f0205218538adbe8f5ed","name":"Rafaela Ladeira","image":{"@type":"ImageObject","inLanguage":"pt-BR","@id":"https:\/\/www.gaveanews.com\/#\/schema\/person\/image\/","url":"https:\/\/secure.gravatar.com\/avatar\/c31f513acffd85eacab5730cbdfdbbf59f21ba5aeada8cd890acea879fbb2455?s=96&d=mm&r=g","contentUrl":"https:\/\/secure.gravatar.com\/avatar\/c31f513acffd85eacab5730cbdfdbbf59f21ba5aeada8cd890acea879fbb2455?s=96&d=mm&r=g","caption":"Rafaela Ladeira"}}]}},"_links":{"self":[{"href":"https:\/\/www.gaveanews.com\/index.php\/wp-json\/wp\/v2\/posts\/238582","targetHints":{"allow":["GET"]}}],"collection":[{"href":"https:\/\/www.gaveanews.com\/index.php\/wp-json\/wp\/v2\/posts"}],"about":[{"href":"https:\/\/www.gaveanews.com\/index.php\/wp-json\/wp\/v2\/types\/post"}],"author":[{"embeddable":true,"href":"https:\/\/www.gaveanews.com\/index.php\/wp-json\/wp\/v2\/users\/25"}],"replies":[{"embeddable":true,"href":"https:\/\/www.gaveanews.com\/index.php\/wp-json\/wp\/v2\/comments?post=238582"}],"version-history":[{"count":1,"href":"https:\/\/www.gaveanews.com\/index.php\/wp-json\/wp\/v2\/posts\/238582\/revisions"}],"predecessor-version":[{"id":238583,"href":"https:\/\/www.gaveanews.com\/index.php\/wp-json\/wp\/v2\/posts\/238582\/revisions\/238583"}],"wp:featuredmedia":[{"embeddable":true,"href":"https:\/\/www.gaveanews.com\/index.php\/wp-json\/wp\/v2\/media\/155182"}],"wp:attachment":[{"href":"https:\/\/www.gaveanews.com\/index.php\/wp-json\/wp\/v2\/media?parent=238582"}],"wp:term":[{"taxonomy":"category","embeddable":true,"href":"https:\/\/www.gaveanews.com\/index.php\/wp-json\/wp\/v2\/categories?post=238582"},{"taxonomy":"post_tag","embeddable":true,"href":"https:\/\/www.gaveanews.com\/index.php\/wp-json\/wp\/v2\/tags?post=238582"}],"curies":[{"name":"wp","href":"https:\/\/api.w.org\/{rel}","templated":true}]}}