{"id":238589,"date":"2025-03-11T20:15:00","date_gmt":"2025-03-11T23:15:00","guid":{"rendered":"https:\/\/www.gaveanews.com\/?p=238589"},"modified":"2025-03-11T16:39:56","modified_gmt":"2025-03-11T19:39:56","slug":"ramon-diaz-vai-ser-demitido-do-corinthians","status":"publish","type":"post","link":"https:\/\/www.gaveanews.com\/index.php\/2025\/03\/11\/ramon-diaz-vai-ser-demitido-do-corinthians\/","title":{"rendered":"Ram\u00f3n D\u00edaz vai ser demitido do Corinthians?"},"content":{"rendered":"\n<p>A press\u00e3o sobre Ram\u00f3n D\u00edaz no Corinthians n\u00e3o diminuiu, mesmo com a classifica\u00e7\u00e3o para a final do Campeonato Paulista. A vit\u00f3ria por 2 a 1 contra o Santos, no \u00faltimo domingo (10), garantiu a equipe na decis\u00e3o, mas n\u00e3o assegurou a perman\u00eancia do treinador argentino. Isso porque, nos bastidores do Parque S\u00e3o Jorge, sua continuidade ainda \u00e9 alvo de discuss\u00f5es.<\/p>\n\n\n\n<h2 class=\"wp-block-heading\" id=\"h-vitoria-no-paulistao-mas-futuro-indefinido\">Vit\u00f3ria no Paulist\u00e3o, mas futuro indefinido<\/h2>\n\n\n\n<p>O triunfo contra o Peixe evitou uma demiss\u00e3o imediata, j\u00e1 que o t\u00e9cnico corria s\u00e9rio risco de ser desligado em caso de elimina\u00e7\u00e3o. Por\u00e9m, de acordo com informa\u00e7\u00f5es de Jorge Nicola, o treinador segue contestado dentro do clube. <\/p>\n\n\n\n<p>\u201cA insatisfa\u00e7\u00e3o se d\u00e1 por uma s\u00e9rie de decis\u00f5es de Ram\u00f3n. A escala\u00e7\u00e3o do time contra o Santos foi contestada, assim como mudan\u00e7as. A avalia\u00e7\u00e3o de bastante gente importante no Corinthians \u00e9 que o t\u00e9cnico \u00e9 medroso\u201d, revelou o jornalista.<\/p>\n\n\n\n<h2 class=\"wp-block-heading\" id=\"h-libertadores-pode-definir-o-destino-de-ramon\">Libertadores pode definir o destino de Ram\u00f3n<\/h2>\n\n\n\n<p>Sendo assim, a continuidade de D\u00edaz depende do desempenho do Corinthians na terceira fase da Libertadores. O jogo contra o Barcelona de Guayaquil, na pr\u00f3xima quarta-feira (12), ser\u00e1 crucial. <\/p>\n\n\n\n<p>\u201cConversei com uma pessoa pr\u00f3xima de Augusto Melo e ela n\u00e3o descarta que Ram\u00f3n D\u00edaz seja demitido em caso de elimina\u00e7\u00e3o para o Barcelona\u201d, afirmou Nicola.<\/p>\n\n\n\n<p>Vale destacar que, apesar da press\u00e3o, a decis\u00e3o n\u00e3o ser\u00e1 apenas pelo resultado. Caso o time apresente um bom desempenho, mas seja eliminado, a tend\u00eancia \u00e9 que o t\u00e9cnico permane\u00e7a no cargo. No entanto, uma atua\u00e7\u00e3o fraca pode ser determinante para sua sa\u00edda.<\/p>\n\n\n\n<h2 class=\"wp-block-heading\" id=\"h-substituto-ja-esta-no-radar-da-diretoria\">Substituto j\u00e1 est\u00e1 no radar da diretoria<\/h2>\n\n\n\n<p>Por isso, h\u00e1 grande mobiliza\u00e7\u00e3o nos bastidores, e um nome j\u00e1 aparece como favorito para assumir o time caso haja mudan\u00e7a no comando: Tite. O ex-treinador da Sele\u00e7\u00e3o Brasileira conta com prest\u00edgio entre a diretoria e torcedores.<\/p>\n\n\n\n<p>Com isso, o Corinthians se prepara para uma semana decisiva. Al\u00e9m da semifinal da Libertadores, a equipe ter\u00e1 pela frente a final do Campeonato Paulista. Dessa maneira, o futuro de Ram\u00f3n D\u00edaz ser\u00e1 definido em campo, com cada jogo funcionando como um teste para sua perman\u00eancia.<\/p>\n","protected":false},"excerpt":{"rendered":"<p>A press\u00e3o sobre Ram\u00f3n D\u00edaz no Corinthians n\u00e3o diminuiu, mesmo com a classifica\u00e7\u00e3o para a final do Campeonato Paulista. A vit\u00f3ria por 2 a 1 contra o Santos, no \u00faltimo domingo (10), garantiu a equipe na decis\u00e3o, mas n\u00e3o assegurou a perman\u00eancia do treinador argentino. Isso porque, nos bastidores do Parque S\u00e3o Jorge, sua continuidade [&hellip;]<\/p>\n","protected":false},"author":24,"featured_media":190015,"comment_status":"open","ping_status":"closed","sticky":false,"template":"","format":"standard","meta":{"footnotes":""},"categories":[141],"tags":[],"class_list":["post-238589","post","type-post","status-publish","format-standard","has-post-thumbnail","hentry","category-corinthians"],"yoast_head":"<!-- This site is optimized with the Yoast SEO Premium plugin v24.2 (Yoast SEO v26.9) - https:\/\/yoast.com\/product\/yoast-seo-premium-wordpress\/ -->\n<title>Ram\u00f3n D\u00edaz vai ser demitido do Corinthians?<\/title>\n<meta name=\"robots\" content=\"index, follow, max-snippet:-1, max-image-preview:large, max-video-preview:-1\" \/>\n<link rel=\"canonical\" href=\"https:\/\/www.gaveanews.com\/index.php\/2025\/03\/11\/ramon-diaz-vai-ser-demitido-do-corinthians\/\" \/>\n<meta property=\"og:locale\" content=\"pt_BR\" \/>\n<meta property=\"og:type\" content=\"article\" \/>\n<meta property=\"og:title\" content=\"Ram\u00f3n D\u00edaz vai ser demitido do Corinthians?\" \/>\n<meta property=\"og:description\" content=\"A press\u00e3o sobre Ram\u00f3n D\u00edaz no Corinthians n\u00e3o diminuiu, mesmo com a classifica\u00e7\u00e3o para a final do Campeonato Paulista. A vit\u00f3ria por 2 a 1 contra o Santos, no \u00faltimo domingo (10), garantiu a equipe na decis\u00e3o, mas n\u00e3o assegurou a perman\u00eancia do treinador argentino. Isso porque, nos bastidores do Parque S\u00e3o Jorge, sua continuidade [&hellip;]\" \/>\n<meta property=\"og:url\" content=\"https:\/\/www.gaveanews.com\/index.php\/2025\/03\/11\/ramon-diaz-vai-ser-demitido-do-corinthians\/\" \/>\n<meta property=\"og:site_name\" content=\"G\u00e1vea News\" \/>\n<meta property=\"article:publisher\" content=\"https:\/\/facebook.com\/gaveaNews\/\" \/>\n<meta property=\"article:published_time\" content=\"2025-03-11T23:15:00+00:00\" \/>\n<meta property=\"og:image\" content=\"https:\/\/www.gaveanews.com\/wp-content\/uploads\/Ramon-Diaz-pelo-Corinthians-em-2024-1.webp\" \/>\n\t<meta property=\"og:image:width\" content=\"774\" \/>\n\t<meta property=\"og:image:height\" content=\"483\" \/>\n\t<meta property=\"og:image:type\" content=\"image\/webp\" \/>\n<meta name=\"author\" content=\"Leandro Cardoso\" \/>\n<meta name=\"twitter:card\" content=\"summary_large_image\" \/>\n<meta name=\"twitter:label1\" content=\"Escrito por\" \/>\n\t<meta name=\"twitter:data1\" content=\"Leandro Cardoso\" \/>\n\t<meta name=\"twitter:label2\" content=\"Est. tempo de leitura\" \/>\n\t<meta name=\"twitter:data2\" content=\"3 minutos\" \/>\n<script type=\"application\/ld+json\" class=\"yoast-schema-graph\">{\"@context\":\"https:\/\/schema.org\",\"@graph\":[{\"@type\":\"NewsArticle\",\"@id\":\"https:\/\/www.gaveanews.com\/index.php\/2025\/03\/11\/ramon-diaz-vai-ser-demitido-do-corinthians\/#article\",\"isPartOf\":{\"@id\":\"https:\/\/www.gaveanews.com\/index.php\/2025\/03\/11\/ramon-diaz-vai-ser-demitido-do-corinthians\/\"},\"author\":{\"name\":\"Leandro Cardoso\",\"@id\":\"https:\/\/www.gaveanews.com\/#\/schema\/person\/2424ec6409bc3f068411fc5e4e9b6168\"},\"headline\":\"Ram\u00f3n D\u00edaz vai ser demitido do Corinthians?\",\"datePublished\":\"2025-03-11T23:15:00+00:00\",\"mainEntityOfPage\":{\"@id\":\"https:\/\/www.gaveanews.com\/index.php\/2025\/03\/11\/ramon-diaz-vai-ser-demitido-do-corinthians\/\"},\"wordCount\":391,\"commentCount\":0,\"image\":{\"@id\":\"https:\/\/www.gaveanews.com\/index.php\/2025\/03\/11\/ramon-diaz-vai-ser-demitido-do-corinthians\/#primaryimage\"},\"thumbnailUrl\":\"https:\/\/www.gaveanews.com\/wp-content\/uploads\/Ramon-Diaz-pelo-Corinthians-em-2024-1.webp\",\"articleSection\":[\"Corinthians\"],\"inLanguage\":\"pt-BR\",\"potentialAction\":[{\"@type\":\"CommentAction\",\"name\":\"Comment\",\"target\":[\"https:\/\/www.gaveanews.com\/index.php\/2025\/03\/11\/ramon-diaz-vai-ser-demitido-do-corinthians\/#respond\"]}],\"copyrightYear\":\"2025\",\"copyrightHolder\":{\"@id\":\"https:\/\/www.gaveanews.com\/#organization\"}},{\"@type\":\"WebPage\",\"@id\":\"https:\/\/www.gaveanews.com\/index.php\/2025\/03\/11\/ramon-diaz-vai-ser-demitido-do-corinthians\/\",\"url\":\"https:\/\/www.gaveanews.com\/index.php\/2025\/03\/11\/ramon-diaz-vai-ser-demitido-do-corinthians\/\",\"name\":\"Ram\u00f3n D\u00edaz vai ser demitido do Corinthians?\",\"isPartOf\":{\"@id\":\"https:\/\/www.gaveanews.com\/#website\"},\"primaryImageOfPage\":{\"@id\":\"https:\/\/www.gaveanews.com\/index.php\/2025\/03\/11\/ramon-diaz-vai-ser-demitido-do-corinthians\/#primaryimage\"},\"image\":{\"@id\":\"https:\/\/www.gaveanews.com\/index.php\/2025\/03\/11\/ramon-diaz-vai-ser-demitido-do-corinthians\/#primaryimage\"},\"thumbnailUrl\":\"https:\/\/www.gaveanews.com\/wp-content\/uploads\/Ramon-Diaz-pelo-Corinthians-em-2024-1.webp\",\"datePublished\":\"2025-03-11T23:15:00+00:00\",\"author\":{\"@id\":\"https:\/\/www.gaveanews.com\/#\/schema\/person\/2424ec6409bc3f068411fc5e4e9b6168\"},\"breadcrumb\":{\"@id\":\"https:\/\/www.gaveanews.com\/index.php\/2025\/03\/11\/ramon-diaz-vai-ser-demitido-do-corinthians\/#breadcrumb\"},\"inLanguage\":\"pt-BR\",\"potentialAction\":[{\"@type\":\"ReadAction\",\"target\":[\"https:\/\/www.gaveanews.com\/index.php\/2025\/03\/11\/ramon-diaz-vai-ser-demitido-do-corinthians\/\"]}]},{\"@type\":\"ImageObject\",\"inLanguage\":\"pt-BR\",\"@id\":\"https:\/\/www.gaveanews.com\/index.php\/2025\/03\/11\/ramon-diaz-vai-ser-demitido-do-corinthians\/#primaryimage\",\"url\":\"https:\/\/www.gaveanews.com\/wp-content\/uploads\/Ramon-Diaz-pelo-Corinthians-em-2024-1.webp\",\"contentUrl\":\"https:\/\/www.gaveanews.com\/wp-content\/uploads\/Ramon-Diaz-pelo-Corinthians-em-2024-1.webp\",\"width\":774,\"height\":483,\"caption\":\"Ram\u00f3n D\u00edaz pelo Corinthians em 2024 (Foto: Rodrigo Coca\/Ag\u00eancia Corinthians)\"},{\"@type\":\"BreadcrumbList\",\"@id\":\"https:\/\/www.gaveanews.com\/index.php\/2025\/03\/11\/ramon-diaz-vai-ser-demitido-do-corinthians\/#breadcrumb\",\"itemListElement\":[{\"@type\":\"ListItem\",\"position\":1,\"name\":\"Home\",\"item\":\"https:\/\/www.gaveanews.com\/\"},{\"@type\":\"ListItem\",\"position\":2,\"name\":\"Ram\u00f3n D\u00edaz vai ser demitido do Corinthians?\"}]},{\"@type\":\"WebSite\",\"@id\":\"https:\/\/www.gaveanews.com\/#website\",\"url\":\"https:\/\/www.gaveanews.com\/\",\"name\":\"G\u00e1vea News\",\"description\":\"Veja todas as not\u00edcias sobre o Flamengo: Contrata\u00e7\u00f5es, categorias de base, resultados das partidas, tabela de classifica\u00e7\u00e3o, pr\u00f3ximos jogos!\",\"potentialAction\":[{\"@type\":\"SearchAction\",\"target\":{\"@type\":\"EntryPoint\",\"urlTemplate\":\"https:\/\/www.gaveanews.com\/?s={search_term_string}\"},\"query-input\":{\"@type\":\"PropertyValueSpecification\",\"valueRequired\":true,\"valueName\":\"search_term_string\"}}],\"inLanguage\":\"pt-BR\"},{\"@type\":\"Person\",\"@id\":\"https:\/\/www.gaveanews.com\/#\/schema\/person\/2424ec6409bc3f068411fc5e4e9b6168\",\"name\":\"Leandro Cardoso\",\"image\":{\"@type\":\"ImageObject\",\"inLanguage\":\"pt-BR\",\"@id\":\"https:\/\/www.gaveanews.com\/#\/schema\/person\/image\/\",\"url\":\"https:\/\/secure.gravatar.com\/avatar\/8ca179f9b55eefe9f376f5493ef25475bfa59fbc28ce937f6076ce20e523098f?s=96&d=mm&r=g\",\"contentUrl\":\"https:\/\/secure.gravatar.com\/avatar\/8ca179f9b55eefe9f376f5493ef25475bfa59fbc28ce937f6076ce20e523098f?s=96&d=mm&r=g\",\"caption\":\"Leandro Cardoso\"}}]}<\/script>\n<!-- \/ Yoast SEO Premium plugin. -->","yoast_head_json":{"title":"Ram\u00f3n D\u00edaz vai ser demitido do Corinthians?","robots":{"index":"index","follow":"follow","max-snippet":"max-snippet:-1","max-image-preview":"max-image-preview:large","max-video-preview":"max-video-preview:-1"},"canonical":"https:\/\/www.gaveanews.com\/index.php\/2025\/03\/11\/ramon-diaz-vai-ser-demitido-do-corinthians\/","og_locale":"pt_BR","og_type":"article","og_title":"Ram\u00f3n D\u00edaz vai ser demitido do Corinthians?","og_description":"A press\u00e3o sobre Ram\u00f3n D\u00edaz no Corinthians n\u00e3o diminuiu, mesmo com a classifica\u00e7\u00e3o para a final do Campeonato Paulista. A vit\u00f3ria por 2 a 1 contra o Santos, no \u00faltimo domingo (10), garantiu a equipe na decis\u00e3o, mas n\u00e3o assegurou a perman\u00eancia do treinador argentino. Isso porque, nos bastidores do Parque S\u00e3o Jorge, sua continuidade [&hellip;]","og_url":"https:\/\/www.gaveanews.com\/index.php\/2025\/03\/11\/ramon-diaz-vai-ser-demitido-do-corinthians\/","og_site_name":"G\u00e1vea News","article_publisher":"https:\/\/facebook.com\/gaveaNews\/","article_published_time":"2025-03-11T23:15:00+00:00","og_image":[{"width":774,"height":483,"url":"https:\/\/www.gaveanews.com\/wp-content\/uploads\/Ramon-Diaz-pelo-Corinthians-em-2024-1.webp","type":"image\/webp"}],"author":"Leandro Cardoso","twitter_card":"summary_large_image","twitter_misc":{"Escrito por":"Leandro Cardoso","Est. tempo de leitura":"3 minutos"},"schema":{"@context":"https:\/\/schema.org","@graph":[{"@type":"NewsArticle","@id":"https:\/\/www.gaveanews.com\/index.php\/2025\/03\/11\/ramon-diaz-vai-ser-demitido-do-corinthians\/#article","isPartOf":{"@id":"https:\/\/www.gaveanews.com\/index.php\/2025\/03\/11\/ramon-diaz-vai-ser-demitido-do-corinthians\/"},"author":{"name":"Leandro Cardoso","@id":"https:\/\/www.gaveanews.com\/#\/schema\/person\/2424ec6409bc3f068411fc5e4e9b6168"},"headline":"Ram\u00f3n D\u00edaz vai ser demitido do Corinthians?","datePublished":"2025-03-11T23:15:00+00:00","mainEntityOfPage":{"@id":"https:\/\/www.gaveanews.com\/index.php\/2025\/03\/11\/ramon-diaz-vai-ser-demitido-do-corinthians\/"},"wordCount":391,"commentCount":0,"image":{"@id":"https:\/\/www.gaveanews.com\/index.php\/2025\/03\/11\/ramon-diaz-vai-ser-demitido-do-corinthians\/#primaryimage"},"thumbnailUrl":"https:\/\/www.gaveanews.com\/wp-content\/uploads\/Ramon-Diaz-pelo-Corinthians-em-2024-1.webp","articleSection":["Corinthians"],"inLanguage":"pt-BR","potentialAction":[{"@type":"CommentAction","name":"Comment","target":["https:\/\/www.gaveanews.com\/index.php\/2025\/03\/11\/ramon-diaz-vai-ser-demitido-do-corinthians\/#respond"]}],"copyrightYear":"2025","copyrightHolder":{"@id":"https:\/\/www.gaveanews.com\/#organization"}},{"@type":"WebPage","@id":"https:\/\/www.gaveanews.com\/index.php\/2025\/03\/11\/ramon-diaz-vai-ser-demitido-do-corinthians\/","url":"https:\/\/www.gaveanews.com\/index.php\/2025\/03\/11\/ramon-diaz-vai-ser-demitido-do-corinthians\/","name":"Ram\u00f3n D\u00edaz vai ser demitido do Corinthians?","isPartOf":{"@id":"https:\/\/www.gaveanews.com\/#website"},"primaryImageOfPage":{"@id":"https:\/\/www.gaveanews.com\/index.php\/2025\/03\/11\/ramon-diaz-vai-ser-demitido-do-corinthians\/#primaryimage"},"image":{"@id":"https:\/\/www.gaveanews.com\/index.php\/2025\/03\/11\/ramon-diaz-vai-ser-demitido-do-corinthians\/#primaryimage"},"thumbnailUrl":"https:\/\/www.gaveanews.com\/wp-content\/uploads\/Ramon-Diaz-pelo-Corinthians-em-2024-1.webp","datePublished":"2025-03-11T23:15:00+00:00","author":{"@id":"https:\/\/www.gaveanews.com\/#\/schema\/person\/2424ec6409bc3f068411fc5e4e9b6168"},"breadcrumb":{"@id":"https:\/\/www.gaveanews.com\/index.php\/2025\/03\/11\/ramon-diaz-vai-ser-demitido-do-corinthians\/#breadcrumb"},"inLanguage":"pt-BR","potentialAction":[{"@type":"ReadAction","target":["https:\/\/www.gaveanews.com\/index.php\/2025\/03\/11\/ramon-diaz-vai-ser-demitido-do-corinthians\/"]}]},{"@type":"ImageObject","inLanguage":"pt-BR","@id":"https:\/\/www.gaveanews.com\/index.php\/2025\/03\/11\/ramon-diaz-vai-ser-demitido-do-corinthians\/#primaryimage","url":"https:\/\/www.gaveanews.com\/wp-content\/uploads\/Ramon-Diaz-pelo-Corinthians-em-2024-1.webp","contentUrl":"https:\/\/www.gaveanews.com\/wp-content\/uploads\/Ramon-Diaz-pelo-Corinthians-em-2024-1.webp","width":774,"height":483,"caption":"Ram\u00f3n D\u00edaz pelo Corinthians em 2024 (Foto: Rodrigo Coca\/Ag\u00eancia Corinthians)"},{"@type":"BreadcrumbList","@id":"https:\/\/www.gaveanews.com\/index.php\/2025\/03\/11\/ramon-diaz-vai-ser-demitido-do-corinthians\/#breadcrumb","itemListElement":[{"@type":"ListItem","position":1,"name":"Home","item":"https:\/\/www.gaveanews.com\/"},{"@type":"ListItem","position":2,"name":"Ram\u00f3n D\u00edaz vai ser demitido do Corinthians?"}]},{"@type":"WebSite","@id":"https:\/\/www.gaveanews.com\/#website","url":"https:\/\/www.gaveanews.com\/","name":"G\u00e1vea News","description":"Veja todas as not\u00edcias sobre o Flamengo: Contrata\u00e7\u00f5es, categorias de base, resultados das partidas, tabela de classifica\u00e7\u00e3o, pr\u00f3ximos jogos!","potentialAction":[{"@type":"SearchAction","target":{"@type":"EntryPoint","urlTemplate":"https:\/\/www.gaveanews.com\/?s={search_term_string}"},"query-input":{"@type":"PropertyValueSpecification","valueRequired":true,"valueName":"search_term_string"}}],"inLanguage":"pt-BR"},{"@type":"Person","@id":"https:\/\/www.gaveanews.com\/#\/schema\/person\/2424ec6409bc3f068411fc5e4e9b6168","name":"Leandro Cardoso","image":{"@type":"ImageObject","inLanguage":"pt-BR","@id":"https:\/\/www.gaveanews.com\/#\/schema\/person\/image\/","url":"https:\/\/secure.gravatar.com\/avatar\/8ca179f9b55eefe9f376f5493ef25475bfa59fbc28ce937f6076ce20e523098f?s=96&d=mm&r=g","contentUrl":"https:\/\/secure.gravatar.com\/avatar\/8ca179f9b55eefe9f376f5493ef25475bfa59fbc28ce937f6076ce20e523098f?s=96&d=mm&r=g","caption":"Leandro Cardoso"}}]}},"_links":{"self":[{"href":"https:\/\/www.gaveanews.com\/index.php\/wp-json\/wp\/v2\/posts\/238589","targetHints":{"allow":["GET"]}}],"collection":[{"href":"https:\/\/www.gaveanews.com\/index.php\/wp-json\/wp\/v2\/posts"}],"about":[{"href":"https:\/\/www.gaveanews.com\/index.php\/wp-json\/wp\/v2\/types\/post"}],"author":[{"embeddable":true,"href":"https:\/\/www.gaveanews.com\/index.php\/wp-json\/wp\/v2\/users\/24"}],"replies":[{"embeddable":true,"href":"https:\/\/www.gaveanews.com\/index.php\/wp-json\/wp\/v2\/comments?post=238589"}],"version-history":[{"count":1,"href":"https:\/\/www.gaveanews.com\/index.php\/wp-json\/wp\/v2\/posts\/238589\/revisions"}],"predecessor-version":[{"id":238598,"href":"https:\/\/www.gaveanews.com\/index.php\/wp-json\/wp\/v2\/posts\/238589\/revisions\/238598"}],"wp:featuredmedia":[{"embeddable":true,"href":"https:\/\/www.gaveanews.com\/index.php\/wp-json\/wp\/v2\/media\/190015"}],"wp:attachment":[{"href":"https:\/\/www.gaveanews.com\/index.php\/wp-json\/wp\/v2\/media?parent=238589"}],"wp:term":[{"taxonomy":"category","embeddable":true,"href":"https:\/\/www.gaveanews.com\/index.php\/wp-json\/wp\/v2\/categories?post=238589"},{"taxonomy":"post_tag","embeddable":true,"href":"https:\/\/www.gaveanews.com\/index.php\/wp-json\/wp\/v2\/tags?post=238589"}],"curies":[{"name":"wp","href":"https:\/\/api.w.org\/{rel}","templated":true}]}}