{"id":238600,"date":"2025-03-11T20:10:00","date_gmt":"2025-03-11T23:10:00","guid":{"rendered":"https:\/\/www.gaveanews.com\/?p=238600"},"modified":"2025-03-11T16:39:51","modified_gmt":"2025-03-11T19:39:51","slug":"a-declaracao-de-andre-rizek-direcionada-ao-vasco-de-fabio-carille","status":"publish","type":"post","link":"https:\/\/www.gaveanews.com\/index.php\/2025\/03\/11\/a-declaracao-de-andre-rizek-direcionada-ao-vasco-de-fabio-carille\/","title":{"rendered":"A declara\u00e7\u00e3o de Andr\u00e9 Rizek direcionada ao Vasco de F\u00e1bio Carille"},"content":{"rendered":"\n<p>O confronto entre Flamengo e Vasco nos \u00faltimos anos tem sido marcado por uma disparidade cada vez maior. No entanto, para o jornalista Andr\u00e9 Rizek, a real preocupa\u00e7\u00e3o do Vasco vai al\u00e9m dessa rivalidade.&nbsp;<\/p>\n\n\n\n<p>Em uma an\u00e1lise no programa Sele\u00e7\u00e3o SporTV, ele destacou que, no momento, o verdadeiro rival do Vasco n\u00e3o \u00e9 o Flamengo, mas sim o pr\u00f3prio clube.<\/p>\n\n\n\n<h2 class=\"wp-block-heading\" id=\"h-a-grande-missao-do-vasco-segundo-rizek\">A grande miss\u00e3o do Vasco, segundo Rizek<\/h2>\n\n\n\n<p>De acordo com Rizek, a diferen\u00e7a entre as duas equipes vai muito al\u00e9m do que \u00e9 visto dentro de campo. Para ele, o Vasco precisa se preocupar em recuperar sua estrutura, aumentar o or\u00e7amento e melhorar suas condi\u00e7\u00f5es para montar um time competitivo.&nbsp;<\/p>\n\n\n\n<p>A superioridade do Flamengo, segundo o jornalista, \u00e9 reflexo de uma realidade bem mais ampla, que envolve n\u00e3o apenas a qualidade t\u00e9cnica dos jogadores, mas tamb\u00e9m a parte administrativa e financeira do clube.<\/p>\n\n\n\n<p>&#8220;O advers\u00e1rio do Vasco hoje \u00e9 ele mesmo. O clube precisa de recursos, precisa estruturar seu elenco e melhorar S\u00e3o Janu\u00e1rio. A diferen\u00e7a \u00e9 muito maior do que a vista em campo, \u00e9 uma quest\u00e3o de or\u00e7amento e de estrutura,&#8221; afirmou Rizek.<\/p>\n\n\n\n<h2 class=\"wp-block-heading\" id=\"h-o-campeonato-brasileiro-e-os-desafios-do-vasco\">O Campeonato Brasileiro e os desafios do Vasco<\/h2>\n\n\n\n<p>Com a chegada do Campeonato Brasileiro, a preocupa\u00e7\u00e3o de Rizek \u00e9 como o Vasco ir\u00e1 se comportar em uma competi\u00e7\u00e3o de tanta exig\u00eancia.&nbsp;<\/p>\n\n\n\n<p>Sendo assim, ele acredita que o clube precisa estar muito atento para n\u00e3o correr o risco de terminar o campeonato entre as \u00faltimas posi\u00e7\u00f5es, algo que n\u00e3o seria surpreendente diante da atual situa\u00e7\u00e3o.<\/p>\n\n\n\n<h2 class=\"wp-block-heading\" id=\"h-o-vasco-e-suas-prioridades-no-mercado\">O Vasco e suas prioridades no mercado<\/h2>\n\n\n\n<p>Com a expectativa de uma temporada dif\u00edcil pela frente, o Vasco tem se movimentado no mercado. O clube tem como prioridade refor\u00e7ar o elenco, com foco na contrata\u00e7\u00e3o de um zagueiro, lateral-esquerdo e centroavante.&nbsp;<\/p>\n\n\n\n<p>Um dos nomes que agrada \u00e0 diretoria \u00e9 o atacante Brahian Palacios, do Atl\u00e9tico-MG, e as negocia\u00e7\u00f5es para um poss\u00edvel empr\u00e9stimo est\u00e3o em andamento.<\/p>\n","protected":false},"excerpt":{"rendered":"<p>O confronto entre Flamengo e Vasco nos \u00faltimos anos tem sido marcado por uma disparidade cada vez maior. No entanto, para o jornalista Andr\u00e9 Rizek, a real preocupa\u00e7\u00e3o do Vasco vai al\u00e9m dessa rivalidade.&nbsp; Em uma an\u00e1lise no programa Sele\u00e7\u00e3o SporTV, ele destacou que, no momento, o verdadeiro rival do Vasco n\u00e3o \u00e9 o Flamengo, [&hellip;]<\/p>\n","protected":false},"author":25,"featured_media":101875,"comment_status":"open","ping_status":"closed","sticky":false,"template":"","format":"standard","meta":{"footnotes":""},"categories":[152],"tags":[],"class_list":["post-238600","post","type-post","status-publish","format-standard","has-post-thumbnail","hentry","category-vasco"],"yoast_head":"<!-- This site is optimized with the Yoast SEO Premium plugin v24.2 (Yoast SEO v26.9) - https:\/\/yoast.com\/product\/yoast-seo-premium-wordpress\/ -->\n<title>A declara\u00e7\u00e3o de Andr\u00e9 Rizek direcionada ao Vasco de F\u00e1bio Carille<\/title>\n<meta name=\"robots\" content=\"index, follow, max-snippet:-1, max-image-preview:large, max-video-preview:-1\" \/>\n<link rel=\"canonical\" href=\"https:\/\/www.gaveanews.com\/index.php\/2025\/03\/11\/a-declaracao-de-andre-rizek-direcionada-ao-vasco-de-fabio-carille\/\" \/>\n<meta property=\"og:locale\" content=\"pt_BR\" \/>\n<meta property=\"og:type\" content=\"article\" \/>\n<meta property=\"og:title\" content=\"A declara\u00e7\u00e3o de Andr\u00e9 Rizek direcionada ao Vasco de F\u00e1bio Carille\" \/>\n<meta property=\"og:description\" content=\"O confronto entre Flamengo e Vasco nos \u00faltimos anos tem sido marcado por uma disparidade cada vez maior. No entanto, para o jornalista Andr\u00e9 Rizek, a real preocupa\u00e7\u00e3o do Vasco vai al\u00e9m dessa rivalidade.&nbsp; Em uma an\u00e1lise no programa Sele\u00e7\u00e3o SporTV, ele destacou que, no momento, o verdadeiro rival do Vasco n\u00e3o \u00e9 o Flamengo, [&hellip;]\" \/>\n<meta property=\"og:url\" content=\"https:\/\/www.gaveanews.com\/index.php\/2025\/03\/11\/a-declaracao-de-andre-rizek-direcionada-ao-vasco-de-fabio-carille\/\" \/>\n<meta property=\"og:site_name\" content=\"G\u00e1vea News\" \/>\n<meta property=\"article:publisher\" content=\"https:\/\/facebook.com\/gaveaNews\/\" \/>\n<meta property=\"article:published_time\" content=\"2025-03-11T23:10:00+00:00\" \/>\n<meta property=\"og:image\" content=\"https:\/\/www.gaveanews.com\/wp-content\/uploads\/Andre-Rizek-durante-um-programa-do-SporTV.webp\" \/>\n\t<meta property=\"og:image:width\" content=\"795\" \/>\n\t<meta property=\"og:image:height\" content=\"448\" \/>\n\t<meta property=\"og:image:type\" content=\"image\/jpeg\" \/>\n<meta name=\"author\" content=\"Rafaela Ladeira\" \/>\n<meta name=\"twitter:card\" content=\"summary_large_image\" \/>\n<meta name=\"twitter:label1\" content=\"Escrito por\" \/>\n\t<meta name=\"twitter:data1\" content=\"Rafaela Ladeira\" \/>\n\t<meta name=\"twitter:label2\" content=\"Est. tempo de leitura\" \/>\n\t<meta name=\"twitter:data2\" content=\"2 minutos\" \/>\n<script type=\"application\/ld+json\" class=\"yoast-schema-graph\">{\"@context\":\"https:\/\/schema.org\",\"@graph\":[{\"@type\":\"NewsArticle\",\"@id\":\"https:\/\/www.gaveanews.com\/index.php\/2025\/03\/11\/a-declaracao-de-andre-rizek-direcionada-ao-vasco-de-fabio-carille\/#article\",\"isPartOf\":{\"@id\":\"https:\/\/www.gaveanews.com\/index.php\/2025\/03\/11\/a-declaracao-de-andre-rizek-direcionada-ao-vasco-de-fabio-carille\/\"},\"author\":{\"name\":\"Rafaela Ladeira\",\"@id\":\"https:\/\/www.gaveanews.com\/#\/schema\/person\/0eb3e3fe1754f0205218538adbe8f5ed\"},\"headline\":\"A declara\u00e7\u00e3o de Andr\u00e9 Rizek direcionada ao Vasco de F\u00e1bio Carille\",\"datePublished\":\"2025-03-11T23:10:00+00:00\",\"mainEntityOfPage\":{\"@id\":\"https:\/\/www.gaveanews.com\/index.php\/2025\/03\/11\/a-declaracao-de-andre-rizek-direcionada-ao-vasco-de-fabio-carille\/\"},\"wordCount\":357,\"commentCount\":0,\"image\":{\"@id\":\"https:\/\/www.gaveanews.com\/index.php\/2025\/03\/11\/a-declaracao-de-andre-rizek-direcionada-ao-vasco-de-fabio-carille\/#primaryimage\"},\"thumbnailUrl\":\"https:\/\/www.gaveanews.com\/wp-content\/uploads\/Andre-Rizek-durante-um-programa-do-SporTV.webp\",\"articleSection\":[\"Vasco\"],\"inLanguage\":\"pt-BR\",\"potentialAction\":[{\"@type\":\"CommentAction\",\"name\":\"Comment\",\"target\":[\"https:\/\/www.gaveanews.com\/index.php\/2025\/03\/11\/a-declaracao-de-andre-rizek-direcionada-ao-vasco-de-fabio-carille\/#respond\"]}],\"copyrightYear\":\"2025\",\"copyrightHolder\":{\"@id\":\"https:\/\/www.gaveanews.com\/#organization\"}},{\"@type\":\"WebPage\",\"@id\":\"https:\/\/www.gaveanews.com\/index.php\/2025\/03\/11\/a-declaracao-de-andre-rizek-direcionada-ao-vasco-de-fabio-carille\/\",\"url\":\"https:\/\/www.gaveanews.com\/index.php\/2025\/03\/11\/a-declaracao-de-andre-rizek-direcionada-ao-vasco-de-fabio-carille\/\",\"name\":\"A declara\u00e7\u00e3o de Andr\u00e9 Rizek direcionada ao Vasco de F\u00e1bio Carille\",\"isPartOf\":{\"@id\":\"https:\/\/www.gaveanews.com\/#website\"},\"primaryImageOfPage\":{\"@id\":\"https:\/\/www.gaveanews.com\/index.php\/2025\/03\/11\/a-declaracao-de-andre-rizek-direcionada-ao-vasco-de-fabio-carille\/#primaryimage\"},\"image\":{\"@id\":\"https:\/\/www.gaveanews.com\/index.php\/2025\/03\/11\/a-declaracao-de-andre-rizek-direcionada-ao-vasco-de-fabio-carille\/#primaryimage\"},\"thumbnailUrl\":\"https:\/\/www.gaveanews.com\/wp-content\/uploads\/Andre-Rizek-durante-um-programa-do-SporTV.webp\",\"datePublished\":\"2025-03-11T23:10:00+00:00\",\"author\":{\"@id\":\"https:\/\/www.gaveanews.com\/#\/schema\/person\/0eb3e3fe1754f0205218538adbe8f5ed\"},\"breadcrumb\":{\"@id\":\"https:\/\/www.gaveanews.com\/index.php\/2025\/03\/11\/a-declaracao-de-andre-rizek-direcionada-ao-vasco-de-fabio-carille\/#breadcrumb\"},\"inLanguage\":\"pt-BR\",\"potentialAction\":[{\"@type\":\"ReadAction\",\"target\":[\"https:\/\/www.gaveanews.com\/index.php\/2025\/03\/11\/a-declaracao-de-andre-rizek-direcionada-ao-vasco-de-fabio-carille\/\"]}]},{\"@type\":\"ImageObject\",\"inLanguage\":\"pt-BR\",\"@id\":\"https:\/\/www.gaveanews.com\/index.php\/2025\/03\/11\/a-declaracao-de-andre-rizek-direcionada-ao-vasco-de-fabio-carille\/#primaryimage\",\"url\":\"https:\/\/www.gaveanews.com\/wp-content\/uploads\/Andre-Rizek-durante-um-programa-do-SporTV.webp\",\"contentUrl\":\"https:\/\/www.gaveanews.com\/wp-content\/uploads\/Andre-Rizek-durante-um-programa-do-SporTV.webp\",\"width\":795,\"height\":448,\"caption\":\"Andr\u00e9 Rizek durante um programa do SporTV (Foto: Reprodu\u00e7\u00e3o\/SporTV)\"},{\"@type\":\"BreadcrumbList\",\"@id\":\"https:\/\/www.gaveanews.com\/index.php\/2025\/03\/11\/a-declaracao-de-andre-rizek-direcionada-ao-vasco-de-fabio-carille\/#breadcrumb\",\"itemListElement\":[{\"@type\":\"ListItem\",\"position\":1,\"name\":\"Home\",\"item\":\"https:\/\/www.gaveanews.com\/\"},{\"@type\":\"ListItem\",\"position\":2,\"name\":\"A declara\u00e7\u00e3o de Andr\u00e9 Rizek direcionada ao Vasco de F\u00e1bio Carille\"}]},{\"@type\":\"WebSite\",\"@id\":\"https:\/\/www.gaveanews.com\/#website\",\"url\":\"https:\/\/www.gaveanews.com\/\",\"name\":\"G\u00e1vea News\",\"description\":\"Veja todas as not\u00edcias sobre o Flamengo: Contrata\u00e7\u00f5es, categorias de base, resultados das partidas, tabela de classifica\u00e7\u00e3o, pr\u00f3ximos jogos!\",\"potentialAction\":[{\"@type\":\"SearchAction\",\"target\":{\"@type\":\"EntryPoint\",\"urlTemplate\":\"https:\/\/www.gaveanews.com\/?s={search_term_string}\"},\"query-input\":{\"@type\":\"PropertyValueSpecification\",\"valueRequired\":true,\"valueName\":\"search_term_string\"}}],\"inLanguage\":\"pt-BR\"},{\"@type\":\"Person\",\"@id\":\"https:\/\/www.gaveanews.com\/#\/schema\/person\/0eb3e3fe1754f0205218538adbe8f5ed\",\"name\":\"Rafaela Ladeira\",\"image\":{\"@type\":\"ImageObject\",\"inLanguage\":\"pt-BR\",\"@id\":\"https:\/\/www.gaveanews.com\/#\/schema\/person\/image\/\",\"url\":\"https:\/\/secure.gravatar.com\/avatar\/c31f513acffd85eacab5730cbdfdbbf59f21ba5aeada8cd890acea879fbb2455?s=96&d=mm&r=g\",\"contentUrl\":\"https:\/\/secure.gravatar.com\/avatar\/c31f513acffd85eacab5730cbdfdbbf59f21ba5aeada8cd890acea879fbb2455?s=96&d=mm&r=g\",\"caption\":\"Rafaela Ladeira\"}}]}<\/script>\n<!-- \/ Yoast SEO Premium plugin. -->","yoast_head_json":{"title":"A declara\u00e7\u00e3o de Andr\u00e9 Rizek direcionada ao Vasco de F\u00e1bio Carille","robots":{"index":"index","follow":"follow","max-snippet":"max-snippet:-1","max-image-preview":"max-image-preview:large","max-video-preview":"max-video-preview:-1"},"canonical":"https:\/\/www.gaveanews.com\/index.php\/2025\/03\/11\/a-declaracao-de-andre-rizek-direcionada-ao-vasco-de-fabio-carille\/","og_locale":"pt_BR","og_type":"article","og_title":"A declara\u00e7\u00e3o de Andr\u00e9 Rizek direcionada ao Vasco de F\u00e1bio Carille","og_description":"O confronto entre Flamengo e Vasco nos \u00faltimos anos tem sido marcado por uma disparidade cada vez maior. No entanto, para o jornalista Andr\u00e9 Rizek, a real preocupa\u00e7\u00e3o do Vasco vai al\u00e9m dessa rivalidade.&nbsp; Em uma an\u00e1lise no programa Sele\u00e7\u00e3o SporTV, ele destacou que, no momento, o verdadeiro rival do Vasco n\u00e3o \u00e9 o Flamengo, [&hellip;]","og_url":"https:\/\/www.gaveanews.com\/index.php\/2025\/03\/11\/a-declaracao-de-andre-rizek-direcionada-ao-vasco-de-fabio-carille\/","og_site_name":"G\u00e1vea News","article_publisher":"https:\/\/facebook.com\/gaveaNews\/","article_published_time":"2025-03-11T23:10:00+00:00","og_image":[{"width":795,"height":448,"url":"https:\/\/www.gaveanews.com\/wp-content\/uploads\/Andre-Rizek-durante-um-programa-do-SporTV.webp","type":"image\/jpeg"}],"author":"Rafaela Ladeira","twitter_card":"summary_large_image","twitter_misc":{"Escrito por":"Rafaela Ladeira","Est. tempo de leitura":"2 minutos"},"schema":{"@context":"https:\/\/schema.org","@graph":[{"@type":"NewsArticle","@id":"https:\/\/www.gaveanews.com\/index.php\/2025\/03\/11\/a-declaracao-de-andre-rizek-direcionada-ao-vasco-de-fabio-carille\/#article","isPartOf":{"@id":"https:\/\/www.gaveanews.com\/index.php\/2025\/03\/11\/a-declaracao-de-andre-rizek-direcionada-ao-vasco-de-fabio-carille\/"},"author":{"name":"Rafaela Ladeira","@id":"https:\/\/www.gaveanews.com\/#\/schema\/person\/0eb3e3fe1754f0205218538adbe8f5ed"},"headline":"A declara\u00e7\u00e3o de Andr\u00e9 Rizek direcionada ao Vasco de F\u00e1bio Carille","datePublished":"2025-03-11T23:10:00+00:00","mainEntityOfPage":{"@id":"https:\/\/www.gaveanews.com\/index.php\/2025\/03\/11\/a-declaracao-de-andre-rizek-direcionada-ao-vasco-de-fabio-carille\/"},"wordCount":357,"commentCount":0,"image":{"@id":"https:\/\/www.gaveanews.com\/index.php\/2025\/03\/11\/a-declaracao-de-andre-rizek-direcionada-ao-vasco-de-fabio-carille\/#primaryimage"},"thumbnailUrl":"https:\/\/www.gaveanews.com\/wp-content\/uploads\/Andre-Rizek-durante-um-programa-do-SporTV.webp","articleSection":["Vasco"],"inLanguage":"pt-BR","potentialAction":[{"@type":"CommentAction","name":"Comment","target":["https:\/\/www.gaveanews.com\/index.php\/2025\/03\/11\/a-declaracao-de-andre-rizek-direcionada-ao-vasco-de-fabio-carille\/#respond"]}],"copyrightYear":"2025","copyrightHolder":{"@id":"https:\/\/www.gaveanews.com\/#organization"}},{"@type":"WebPage","@id":"https:\/\/www.gaveanews.com\/index.php\/2025\/03\/11\/a-declaracao-de-andre-rizek-direcionada-ao-vasco-de-fabio-carille\/","url":"https:\/\/www.gaveanews.com\/index.php\/2025\/03\/11\/a-declaracao-de-andre-rizek-direcionada-ao-vasco-de-fabio-carille\/","name":"A declara\u00e7\u00e3o de Andr\u00e9 Rizek direcionada ao Vasco de F\u00e1bio Carille","isPartOf":{"@id":"https:\/\/www.gaveanews.com\/#website"},"primaryImageOfPage":{"@id":"https:\/\/www.gaveanews.com\/index.php\/2025\/03\/11\/a-declaracao-de-andre-rizek-direcionada-ao-vasco-de-fabio-carille\/#primaryimage"},"image":{"@id":"https:\/\/www.gaveanews.com\/index.php\/2025\/03\/11\/a-declaracao-de-andre-rizek-direcionada-ao-vasco-de-fabio-carille\/#primaryimage"},"thumbnailUrl":"https:\/\/www.gaveanews.com\/wp-content\/uploads\/Andre-Rizek-durante-um-programa-do-SporTV.webp","datePublished":"2025-03-11T23:10:00+00:00","author":{"@id":"https:\/\/www.gaveanews.com\/#\/schema\/person\/0eb3e3fe1754f0205218538adbe8f5ed"},"breadcrumb":{"@id":"https:\/\/www.gaveanews.com\/index.php\/2025\/03\/11\/a-declaracao-de-andre-rizek-direcionada-ao-vasco-de-fabio-carille\/#breadcrumb"},"inLanguage":"pt-BR","potentialAction":[{"@type":"ReadAction","target":["https:\/\/www.gaveanews.com\/index.php\/2025\/03\/11\/a-declaracao-de-andre-rizek-direcionada-ao-vasco-de-fabio-carille\/"]}]},{"@type":"ImageObject","inLanguage":"pt-BR","@id":"https:\/\/www.gaveanews.com\/index.php\/2025\/03\/11\/a-declaracao-de-andre-rizek-direcionada-ao-vasco-de-fabio-carille\/#primaryimage","url":"https:\/\/www.gaveanews.com\/wp-content\/uploads\/Andre-Rizek-durante-um-programa-do-SporTV.webp","contentUrl":"https:\/\/www.gaveanews.com\/wp-content\/uploads\/Andre-Rizek-durante-um-programa-do-SporTV.webp","width":795,"height":448,"caption":"Andr\u00e9 Rizek durante um programa do SporTV (Foto: Reprodu\u00e7\u00e3o\/SporTV)"},{"@type":"BreadcrumbList","@id":"https:\/\/www.gaveanews.com\/index.php\/2025\/03\/11\/a-declaracao-de-andre-rizek-direcionada-ao-vasco-de-fabio-carille\/#breadcrumb","itemListElement":[{"@type":"ListItem","position":1,"name":"Home","item":"https:\/\/www.gaveanews.com\/"},{"@type":"ListItem","position":2,"name":"A declara\u00e7\u00e3o de Andr\u00e9 Rizek direcionada ao Vasco de F\u00e1bio Carille"}]},{"@type":"WebSite","@id":"https:\/\/www.gaveanews.com\/#website","url":"https:\/\/www.gaveanews.com\/","name":"G\u00e1vea News","description":"Veja todas as not\u00edcias sobre o Flamengo: Contrata\u00e7\u00f5es, categorias de base, resultados das partidas, tabela de classifica\u00e7\u00e3o, pr\u00f3ximos jogos!","potentialAction":[{"@type":"SearchAction","target":{"@type":"EntryPoint","urlTemplate":"https:\/\/www.gaveanews.com\/?s={search_term_string}"},"query-input":{"@type":"PropertyValueSpecification","valueRequired":true,"valueName":"search_term_string"}}],"inLanguage":"pt-BR"},{"@type":"Person","@id":"https:\/\/www.gaveanews.com\/#\/schema\/person\/0eb3e3fe1754f0205218538adbe8f5ed","name":"Rafaela Ladeira","image":{"@type":"ImageObject","inLanguage":"pt-BR","@id":"https:\/\/www.gaveanews.com\/#\/schema\/person\/image\/","url":"https:\/\/secure.gravatar.com\/avatar\/c31f513acffd85eacab5730cbdfdbbf59f21ba5aeada8cd890acea879fbb2455?s=96&d=mm&r=g","contentUrl":"https:\/\/secure.gravatar.com\/avatar\/c31f513acffd85eacab5730cbdfdbbf59f21ba5aeada8cd890acea879fbb2455?s=96&d=mm&r=g","caption":"Rafaela Ladeira"}}]}},"_links":{"self":[{"href":"https:\/\/www.gaveanews.com\/index.php\/wp-json\/wp\/v2\/posts\/238600","targetHints":{"allow":["GET"]}}],"collection":[{"href":"https:\/\/www.gaveanews.com\/index.php\/wp-json\/wp\/v2\/posts"}],"about":[{"href":"https:\/\/www.gaveanews.com\/index.php\/wp-json\/wp\/v2\/types\/post"}],"author":[{"embeddable":true,"href":"https:\/\/www.gaveanews.com\/index.php\/wp-json\/wp\/v2\/users\/25"}],"replies":[{"embeddable":true,"href":"https:\/\/www.gaveanews.com\/index.php\/wp-json\/wp\/v2\/comments?post=238600"}],"version-history":[{"count":1,"href":"https:\/\/www.gaveanews.com\/index.php\/wp-json\/wp\/v2\/posts\/238600\/revisions"}],"predecessor-version":[{"id":238602,"href":"https:\/\/www.gaveanews.com\/index.php\/wp-json\/wp\/v2\/posts\/238600\/revisions\/238602"}],"wp:featuredmedia":[{"embeddable":true,"href":"https:\/\/www.gaveanews.com\/index.php\/wp-json\/wp\/v2\/media\/101875"}],"wp:attachment":[{"href":"https:\/\/www.gaveanews.com\/index.php\/wp-json\/wp\/v2\/media?parent=238600"}],"wp:term":[{"taxonomy":"category","embeddable":true,"href":"https:\/\/www.gaveanews.com\/index.php\/wp-json\/wp\/v2\/categories?post=238600"},{"taxonomy":"post_tag","embeddable":true,"href":"https:\/\/www.gaveanews.com\/index.php\/wp-json\/wp\/v2\/tags?post=238600"}],"curies":[{"name":"wp","href":"https:\/\/api.w.org\/{rel}","templated":true}]}}