{"id":238616,"date":"2025-03-11T21:45:00","date_gmt":"2025-03-12T00:45:00","guid":{"rendered":"https:\/\/www.gaveanews.com\/?p=238616"},"modified":"2025-03-11T17:45:17","modified_gmt":"2025-03-11T20:45:17","slug":"gremio-pode-ser-punido-por-conta-do-ultimo-grenal","status":"publish","type":"post","link":"https:\/\/www.gaveanews.com\/index.php\/2025\/03\/11\/gremio-pode-ser-punido-por-conta-do-ultimo-grenal\/","title":{"rendered":"Gr\u00eamio pode ser punido por conta do \u00faltimo GreNal"},"content":{"rendered":"\n<p>O Gr\u00eamio corre o risco de perder mando de campo devido a incidentes ocorridos no Gre-Nal disputado no \u00faltimo s\u00e1bado (08). Durante o confronto, realizado na Arena do Gr\u00eamio, um torcedor gremista arremessou uma bobina de papel, que atingiu o atacante Rafael Borr\u00e9. O epis\u00f3dio foi registrado pelo \u00e1rbitro Ramon Abatti Abel na s\u00famula da partida, o que pode gerar uma puni\u00e7\u00e3o severa ao clube.<\/p>\n\n\n\n<p>Al\u00e9m do arremesso da bobina, outros atos de indisciplina foram relatados. A torcida do Internacional utilizou sinalizadores ap\u00f3s o primeiro gol da equipe, o que levou ao uso do sistema de som do est\u00e1dio para refor\u00e7ar a proibi\u00e7\u00e3o do artefato. Ainda no primeiro tempo, torcedores gremistas lan\u00e7aram v\u00e1rias bobinas de papel em dire\u00e7\u00e3o ao campo.<\/p>\n\n\n\n<figure class=\"wp-block-image size-large\"><img loading=\"lazy\" decoding=\"async\" width=\"1024\" height=\"684\" src=\"http:\/\/www.gaveanews.com\/wp-content\/uploads\/Jogadores-do-Gremio-durante-partida-do-Brasileirao-em-2024-1024x684.webp\" alt=\"\" class=\"wp-image-154838\" srcset=\"https:\/\/www.gaveanews.com\/wp-content\/uploads\/Jogadores-do-Gremio-durante-partida-do-Brasileirao-em-2024-1024x684.webp 1024w, https:\/\/www.gaveanews.com\/wp-content\/uploads\/Jogadores-do-Gremio-durante-partida-do-Brasileirao-em-2024-300x200.webp 300w, https:\/\/www.gaveanews.com\/wp-content\/uploads\/Jogadores-do-Gremio-durante-partida-do-Brasileirao-em-2024-768x513.webp 768w, https:\/\/www.gaveanews.com\/wp-content\/uploads\/Jogadores-do-Gremio-durante-partida-do-Brasileirao-em-2024-629x420.webp 629w, https:\/\/www.gaveanews.com\/wp-content\/uploads\/Jogadores-do-Gremio-durante-partida-do-Brasileirao-em-2024-1257x840.webp 1257w, https:\/\/www.gaveanews.com\/wp-content\/uploads\/Jogadores-do-Gremio-durante-partida-do-Brasileirao-em-2024-537x360.webp 537w, https:\/\/www.gaveanews.com\/wp-content\/uploads\/Jogadores-do-Gremio-durante-partida-do-Brasileirao-em-2024-640x428.webp 640w, https:\/\/www.gaveanews.com\/wp-content\/uploads\/Jogadores-do-Gremio-durante-partida-do-Brasileirao-em-2024-1280x855.webp 1280w, https:\/\/www.gaveanews.com\/wp-content\/uploads\/Jogadores-do-Gremio-durante-partida-do-Brasileirao-em-2024-681x455.webp 681w, https:\/\/www.gaveanews.com\/wp-content\/uploads\/Jogadores-do-Gremio-durante-partida-do-Brasileirao-em-2024-1362x910.webp 1362w, https:\/\/www.gaveanews.com\/wp-content\/uploads\/Jogadores-do-Gremio-durante-partida-do-Brasileirao-em-2024-100x67.webp 100w, https:\/\/www.gaveanews.com\/wp-content\/uploads\/Jogadores-do-Gremio-durante-partida-do-Brasileirao-em-2024.webp 1440w\" sizes=\"auto, (max-width: 1024px) 100vw, 1024px\" \/><figcaption class=\"wp-element-caption\">Jogadores do Gr\u00eamio durante partida do Brasileir\u00e3o em 2024 (Foto: Reprodu\u00e7\u00e3o\/Gr\u00eamio)<\/figcaption><\/figure>\n\n\n\n<p>O momento mais cr\u00edtico ocorreu aos 25 minutos da etapa inicial, logo ap\u00f3s o segundo gol do Internacional. Uma bomba foi arremessada pela torcida do Gr\u00eamio e explodiu pr\u00f3xima ao assistente 02. Felizmente, ningu\u00e9m foi atingido, mas o incidente refor\u00e7a a possibilidade de uma san\u00e7\u00e3o desportiva contra o clube mandante.<\/p>\n\n\n\n<p>Diante dos fatos relatados, o Gr\u00eamio pode ser denunciado no C\u00f3digo Brasileiro de Justi\u00e7a Desportiva (CBJD). Caso seja condenado, o clube pode sofrer puni\u00e7\u00e3o que varia entre um e dez jogos sem mando de campo. A decis\u00e3o final caber\u00e1 ao Superior Tribunal de Justi\u00e7a Desportiva (STJD), que analisar\u00e1 as evid\u00eancias e os relatos registrados na s\u00famula.<\/p>\n\n\n\n<p>Os epis\u00f3dios de viol\u00eancia e indisciplina nos est\u00e1dios s\u00e3o alvos frequentes de preocupa\u00e7\u00e3o por parte das autoridades do futebol brasileiro. Medidas mais rigorosas t\u00eam sido discutidas para coibir esse tipo de comportamento e garantir maior seguran\u00e7a para jogadores, comiss\u00e3o t\u00e9cnica e torcedores.<\/p>\n\n\n\n<p>Agora, o Gr\u00eamio aguarda os desdobramentos do caso e pode apresentar sua defesa para tentar minimizar os impactos de uma poss\u00edvel puni\u00e7\u00e3o. Enquanto isso, o clube se prepara para o jogo de volta da final do Campeonato Ga\u00facho, que ser\u00e1 disputado no Beira-Rio, no pr\u00f3ximo domingo (16), \u00e0s 16h (hor\u00e1rio de Bras\u00edlia).<\/p>\n","protected":false},"excerpt":{"rendered":"<p>O Gr\u00eamio corre o risco de perder mando de campo devido a incidentes ocorridos no Gre-Nal disputado no \u00faltimo s\u00e1bado (08). Durante o confronto, realizado na Arena do Gr\u00eamio, um torcedor gremista arremessou uma bobina de papel, que atingiu o atacante Rafael Borr\u00e9. O epis\u00f3dio foi registrado pelo \u00e1rbitro Ramon Abatti Abel na s\u00famula da [&hellip;]<\/p>\n","protected":false},"author":27,"featured_media":154785,"comment_status":"open","ping_status":"closed","sticky":false,"template":"","format":"standard","meta":{"footnotes":""},"categories":[147],"tags":[],"class_list":["post-238616","post","type-post","status-publish","format-standard","has-post-thumbnail","hentry","category-gremio"],"yoast_head":"<!-- This site is optimized with the Yoast SEO Premium plugin v24.2 (Yoast SEO v26.9) - https:\/\/yoast.com\/product\/yoast-seo-premium-wordpress\/ -->\n<title>Gr\u00eamio pode ser punido por conta do \u00faltimo GreNal<\/title>\n<meta name=\"robots\" content=\"index, follow, max-snippet:-1, max-image-preview:large, max-video-preview:-1\" \/>\n<link rel=\"canonical\" href=\"https:\/\/www.gaveanews.com\/index.php\/2025\/03\/11\/gremio-pode-ser-punido-por-conta-do-ultimo-grenal\/\" \/>\n<meta property=\"og:locale\" content=\"pt_BR\" \/>\n<meta property=\"og:type\" content=\"article\" \/>\n<meta property=\"og:title\" content=\"Gr\u00eamio pode ser punido por conta do \u00faltimo GreNal\" \/>\n<meta property=\"og:description\" content=\"O Gr\u00eamio corre o risco de perder mando de campo devido a incidentes ocorridos no Gre-Nal disputado no \u00faltimo s\u00e1bado (08). Durante o confronto, realizado na Arena do Gr\u00eamio, um torcedor gremista arremessou uma bobina de papel, que atingiu o atacante Rafael Borr\u00e9. O epis\u00f3dio foi registrado pelo \u00e1rbitro Ramon Abatti Abel na s\u00famula da [&hellip;]\" \/>\n<meta property=\"og:url\" content=\"https:\/\/www.gaveanews.com\/index.php\/2025\/03\/11\/gremio-pode-ser-punido-por-conta-do-ultimo-grenal\/\" \/>\n<meta property=\"og:site_name\" content=\"G\u00e1vea News\" \/>\n<meta property=\"article:publisher\" content=\"https:\/\/facebook.com\/gaveaNews\/\" \/>\n<meta property=\"article:published_time\" content=\"2025-03-12T00:45:00+00:00\" \/>\n<meta property=\"og:image\" content=\"https:\/\/www.gaveanews.com\/wp-content\/uploads\/Escudo-do-Gremio.webp\" \/>\n\t<meta property=\"og:image:width\" content=\"1163\" \/>\n\t<meta property=\"og:image:height\" content=\"775\" \/>\n\t<meta property=\"og:image:type\" content=\"image\/webp\" \/>\n<meta name=\"author\" content=\"Matheus Felipe\" \/>\n<meta name=\"twitter:card\" content=\"summary_large_image\" \/>\n<meta name=\"twitter:label1\" content=\"Escrito por\" \/>\n\t<meta name=\"twitter:data1\" content=\"Matheus Felipe\" \/>\n\t<meta name=\"twitter:label2\" content=\"Est. tempo de leitura\" \/>\n\t<meta name=\"twitter:data2\" content=\"3 minutos\" \/>\n<script type=\"application\/ld+json\" class=\"yoast-schema-graph\">{\"@context\":\"https:\/\/schema.org\",\"@graph\":[{\"@type\":\"NewsArticle\",\"@id\":\"https:\/\/www.gaveanews.com\/index.php\/2025\/03\/11\/gremio-pode-ser-punido-por-conta-do-ultimo-grenal\/#article\",\"isPartOf\":{\"@id\":\"https:\/\/www.gaveanews.com\/index.php\/2025\/03\/11\/gremio-pode-ser-punido-por-conta-do-ultimo-grenal\/\"},\"author\":{\"name\":\"Matheus Felipe\",\"@id\":\"https:\/\/www.gaveanews.com\/#\/schema\/person\/8207cd4627f56151707418bfc835b2fb\"},\"headline\":\"Gr\u00eamio pode ser punido por conta do \u00faltimo GreNal\",\"datePublished\":\"2025-03-12T00:45:00+00:00\",\"mainEntityOfPage\":{\"@id\":\"https:\/\/www.gaveanews.com\/index.php\/2025\/03\/11\/gremio-pode-ser-punido-por-conta-do-ultimo-grenal\/\"},\"wordCount\":386,\"commentCount\":0,\"image\":{\"@id\":\"https:\/\/www.gaveanews.com\/index.php\/2025\/03\/11\/gremio-pode-ser-punido-por-conta-do-ultimo-grenal\/#primaryimage\"},\"thumbnailUrl\":\"https:\/\/www.gaveanews.com\/wp-content\/uploads\/Escudo-do-Gremio.webp\",\"articleSection\":[\"Gr\u00eamio\"],\"inLanguage\":\"pt-BR\",\"potentialAction\":[{\"@type\":\"CommentAction\",\"name\":\"Comment\",\"target\":[\"https:\/\/www.gaveanews.com\/index.php\/2025\/03\/11\/gremio-pode-ser-punido-por-conta-do-ultimo-grenal\/#respond\"]}],\"copyrightYear\":\"2025\",\"copyrightHolder\":{\"@id\":\"https:\/\/www.gaveanews.com\/#organization\"}},{\"@type\":\"WebPage\",\"@id\":\"https:\/\/www.gaveanews.com\/index.php\/2025\/03\/11\/gremio-pode-ser-punido-por-conta-do-ultimo-grenal\/\",\"url\":\"https:\/\/www.gaveanews.com\/index.php\/2025\/03\/11\/gremio-pode-ser-punido-por-conta-do-ultimo-grenal\/\",\"name\":\"Gr\u00eamio pode ser punido por conta do \u00faltimo GreNal\",\"isPartOf\":{\"@id\":\"https:\/\/www.gaveanews.com\/#website\"},\"primaryImageOfPage\":{\"@id\":\"https:\/\/www.gaveanews.com\/index.php\/2025\/03\/11\/gremio-pode-ser-punido-por-conta-do-ultimo-grenal\/#primaryimage\"},\"image\":{\"@id\":\"https:\/\/www.gaveanews.com\/index.php\/2025\/03\/11\/gremio-pode-ser-punido-por-conta-do-ultimo-grenal\/#primaryimage\"},\"thumbnailUrl\":\"https:\/\/www.gaveanews.com\/wp-content\/uploads\/Escudo-do-Gremio.webp\",\"datePublished\":\"2025-03-12T00:45:00+00:00\",\"author\":{\"@id\":\"https:\/\/www.gaveanews.com\/#\/schema\/person\/8207cd4627f56151707418bfc835b2fb\"},\"breadcrumb\":{\"@id\":\"https:\/\/www.gaveanews.com\/index.php\/2025\/03\/11\/gremio-pode-ser-punido-por-conta-do-ultimo-grenal\/#breadcrumb\"},\"inLanguage\":\"pt-BR\",\"potentialAction\":[{\"@type\":\"ReadAction\",\"target\":[\"https:\/\/www.gaveanews.com\/index.php\/2025\/03\/11\/gremio-pode-ser-punido-por-conta-do-ultimo-grenal\/\"]}]},{\"@type\":\"ImageObject\",\"inLanguage\":\"pt-BR\",\"@id\":\"https:\/\/www.gaveanews.com\/index.php\/2025\/03\/11\/gremio-pode-ser-punido-por-conta-do-ultimo-grenal\/#primaryimage\",\"url\":\"https:\/\/www.gaveanews.com\/wp-content\/uploads\/Escudo-do-Gremio.webp\",\"contentUrl\":\"https:\/\/www.gaveanews.com\/wp-content\/uploads\/Escudo-do-Gremio.webp\",\"width\":1163,\"height\":775,\"caption\":\"Escudo do Gr\u00eamio (Foto: Reprodu\u00e7\u00e3o\/Gr\u00eamio)\"},{\"@type\":\"BreadcrumbList\",\"@id\":\"https:\/\/www.gaveanews.com\/index.php\/2025\/03\/11\/gremio-pode-ser-punido-por-conta-do-ultimo-grenal\/#breadcrumb\",\"itemListElement\":[{\"@type\":\"ListItem\",\"position\":1,\"name\":\"Home\",\"item\":\"https:\/\/www.gaveanews.com\/\"},{\"@type\":\"ListItem\",\"position\":2,\"name\":\"Gr\u00eamio pode ser punido por conta do \u00faltimo GreNal\"}]},{\"@type\":\"WebSite\",\"@id\":\"https:\/\/www.gaveanews.com\/#website\",\"url\":\"https:\/\/www.gaveanews.com\/\",\"name\":\"G\u00e1vea News\",\"description\":\"Veja todas as not\u00edcias sobre o Flamengo: Contrata\u00e7\u00f5es, categorias de base, resultados das partidas, tabela de classifica\u00e7\u00e3o, pr\u00f3ximos jogos!\",\"potentialAction\":[{\"@type\":\"SearchAction\",\"target\":{\"@type\":\"EntryPoint\",\"urlTemplate\":\"https:\/\/www.gaveanews.com\/?s={search_term_string}\"},\"query-input\":{\"@type\":\"PropertyValueSpecification\",\"valueRequired\":true,\"valueName\":\"search_term_string\"}}],\"inLanguage\":\"pt-BR\"},{\"@type\":\"Person\",\"@id\":\"https:\/\/www.gaveanews.com\/#\/schema\/person\/8207cd4627f56151707418bfc835b2fb\",\"name\":\"Matheus Felipe\",\"image\":{\"@type\":\"ImageObject\",\"inLanguage\":\"pt-BR\",\"@id\":\"https:\/\/www.gaveanews.com\/#\/schema\/person\/image\/\",\"url\":\"https:\/\/secure.gravatar.com\/avatar\/a452ffbed9130f726358b298bb3a99ce4bd3c5338411f8440e87e14d74c7c087?s=96&d=mm&r=g\",\"contentUrl\":\"https:\/\/secure.gravatar.com\/avatar\/a452ffbed9130f726358b298bb3a99ce4bd3c5338411f8440e87e14d74c7c087?s=96&d=mm&r=g\",\"caption\":\"Matheus Felipe\"}}]}<\/script>\n<!-- \/ Yoast SEO Premium plugin. -->","yoast_head_json":{"title":"Gr\u00eamio pode ser punido por conta do \u00faltimo GreNal","robots":{"index":"index","follow":"follow","max-snippet":"max-snippet:-1","max-image-preview":"max-image-preview:large","max-video-preview":"max-video-preview:-1"},"canonical":"https:\/\/www.gaveanews.com\/index.php\/2025\/03\/11\/gremio-pode-ser-punido-por-conta-do-ultimo-grenal\/","og_locale":"pt_BR","og_type":"article","og_title":"Gr\u00eamio pode ser punido por conta do \u00faltimo GreNal","og_description":"O Gr\u00eamio corre o risco de perder mando de campo devido a incidentes ocorridos no Gre-Nal disputado no \u00faltimo s\u00e1bado (08). Durante o confronto, realizado na Arena do Gr\u00eamio, um torcedor gremista arremessou uma bobina de papel, que atingiu o atacante Rafael Borr\u00e9. O epis\u00f3dio foi registrado pelo \u00e1rbitro Ramon Abatti Abel na s\u00famula da [&hellip;]","og_url":"https:\/\/www.gaveanews.com\/index.php\/2025\/03\/11\/gremio-pode-ser-punido-por-conta-do-ultimo-grenal\/","og_site_name":"G\u00e1vea News","article_publisher":"https:\/\/facebook.com\/gaveaNews\/","article_published_time":"2025-03-12T00:45:00+00:00","og_image":[{"width":1163,"height":775,"url":"https:\/\/www.gaveanews.com\/wp-content\/uploads\/Escudo-do-Gremio.webp","type":"image\/webp"}],"author":"Matheus Felipe","twitter_card":"summary_large_image","twitter_misc":{"Escrito por":"Matheus Felipe","Est. tempo de leitura":"3 minutos"},"schema":{"@context":"https:\/\/schema.org","@graph":[{"@type":"NewsArticle","@id":"https:\/\/www.gaveanews.com\/index.php\/2025\/03\/11\/gremio-pode-ser-punido-por-conta-do-ultimo-grenal\/#article","isPartOf":{"@id":"https:\/\/www.gaveanews.com\/index.php\/2025\/03\/11\/gremio-pode-ser-punido-por-conta-do-ultimo-grenal\/"},"author":{"name":"Matheus Felipe","@id":"https:\/\/www.gaveanews.com\/#\/schema\/person\/8207cd4627f56151707418bfc835b2fb"},"headline":"Gr\u00eamio pode ser punido por conta do \u00faltimo GreNal","datePublished":"2025-03-12T00:45:00+00:00","mainEntityOfPage":{"@id":"https:\/\/www.gaveanews.com\/index.php\/2025\/03\/11\/gremio-pode-ser-punido-por-conta-do-ultimo-grenal\/"},"wordCount":386,"commentCount":0,"image":{"@id":"https:\/\/www.gaveanews.com\/index.php\/2025\/03\/11\/gremio-pode-ser-punido-por-conta-do-ultimo-grenal\/#primaryimage"},"thumbnailUrl":"https:\/\/www.gaveanews.com\/wp-content\/uploads\/Escudo-do-Gremio.webp","articleSection":["Gr\u00eamio"],"inLanguage":"pt-BR","potentialAction":[{"@type":"CommentAction","name":"Comment","target":["https:\/\/www.gaveanews.com\/index.php\/2025\/03\/11\/gremio-pode-ser-punido-por-conta-do-ultimo-grenal\/#respond"]}],"copyrightYear":"2025","copyrightHolder":{"@id":"https:\/\/www.gaveanews.com\/#organization"}},{"@type":"WebPage","@id":"https:\/\/www.gaveanews.com\/index.php\/2025\/03\/11\/gremio-pode-ser-punido-por-conta-do-ultimo-grenal\/","url":"https:\/\/www.gaveanews.com\/index.php\/2025\/03\/11\/gremio-pode-ser-punido-por-conta-do-ultimo-grenal\/","name":"Gr\u00eamio pode ser punido por conta do \u00faltimo GreNal","isPartOf":{"@id":"https:\/\/www.gaveanews.com\/#website"},"primaryImageOfPage":{"@id":"https:\/\/www.gaveanews.com\/index.php\/2025\/03\/11\/gremio-pode-ser-punido-por-conta-do-ultimo-grenal\/#primaryimage"},"image":{"@id":"https:\/\/www.gaveanews.com\/index.php\/2025\/03\/11\/gremio-pode-ser-punido-por-conta-do-ultimo-grenal\/#primaryimage"},"thumbnailUrl":"https:\/\/www.gaveanews.com\/wp-content\/uploads\/Escudo-do-Gremio.webp","datePublished":"2025-03-12T00:45:00+00:00","author":{"@id":"https:\/\/www.gaveanews.com\/#\/schema\/person\/8207cd4627f56151707418bfc835b2fb"},"breadcrumb":{"@id":"https:\/\/www.gaveanews.com\/index.php\/2025\/03\/11\/gremio-pode-ser-punido-por-conta-do-ultimo-grenal\/#breadcrumb"},"inLanguage":"pt-BR","potentialAction":[{"@type":"ReadAction","target":["https:\/\/www.gaveanews.com\/index.php\/2025\/03\/11\/gremio-pode-ser-punido-por-conta-do-ultimo-grenal\/"]}]},{"@type":"ImageObject","inLanguage":"pt-BR","@id":"https:\/\/www.gaveanews.com\/index.php\/2025\/03\/11\/gremio-pode-ser-punido-por-conta-do-ultimo-grenal\/#primaryimage","url":"https:\/\/www.gaveanews.com\/wp-content\/uploads\/Escudo-do-Gremio.webp","contentUrl":"https:\/\/www.gaveanews.com\/wp-content\/uploads\/Escudo-do-Gremio.webp","width":1163,"height":775,"caption":"Escudo do Gr\u00eamio (Foto: Reprodu\u00e7\u00e3o\/Gr\u00eamio)"},{"@type":"BreadcrumbList","@id":"https:\/\/www.gaveanews.com\/index.php\/2025\/03\/11\/gremio-pode-ser-punido-por-conta-do-ultimo-grenal\/#breadcrumb","itemListElement":[{"@type":"ListItem","position":1,"name":"Home","item":"https:\/\/www.gaveanews.com\/"},{"@type":"ListItem","position":2,"name":"Gr\u00eamio pode ser punido por conta do \u00faltimo GreNal"}]},{"@type":"WebSite","@id":"https:\/\/www.gaveanews.com\/#website","url":"https:\/\/www.gaveanews.com\/","name":"G\u00e1vea News","description":"Veja todas as not\u00edcias sobre o Flamengo: Contrata\u00e7\u00f5es, categorias de base, resultados das partidas, tabela de classifica\u00e7\u00e3o, pr\u00f3ximos jogos!","potentialAction":[{"@type":"SearchAction","target":{"@type":"EntryPoint","urlTemplate":"https:\/\/www.gaveanews.com\/?s={search_term_string}"},"query-input":{"@type":"PropertyValueSpecification","valueRequired":true,"valueName":"search_term_string"}}],"inLanguage":"pt-BR"},{"@type":"Person","@id":"https:\/\/www.gaveanews.com\/#\/schema\/person\/8207cd4627f56151707418bfc835b2fb","name":"Matheus Felipe","image":{"@type":"ImageObject","inLanguage":"pt-BR","@id":"https:\/\/www.gaveanews.com\/#\/schema\/person\/image\/","url":"https:\/\/secure.gravatar.com\/avatar\/a452ffbed9130f726358b298bb3a99ce4bd3c5338411f8440e87e14d74c7c087?s=96&d=mm&r=g","contentUrl":"https:\/\/secure.gravatar.com\/avatar\/a452ffbed9130f726358b298bb3a99ce4bd3c5338411f8440e87e14d74c7c087?s=96&d=mm&r=g","caption":"Matheus Felipe"}}]}},"_links":{"self":[{"href":"https:\/\/www.gaveanews.com\/index.php\/wp-json\/wp\/v2\/posts\/238616","targetHints":{"allow":["GET"]}}],"collection":[{"href":"https:\/\/www.gaveanews.com\/index.php\/wp-json\/wp\/v2\/posts"}],"about":[{"href":"https:\/\/www.gaveanews.com\/index.php\/wp-json\/wp\/v2\/types\/post"}],"author":[{"embeddable":true,"href":"https:\/\/www.gaveanews.com\/index.php\/wp-json\/wp\/v2\/users\/27"}],"replies":[{"embeddable":true,"href":"https:\/\/www.gaveanews.com\/index.php\/wp-json\/wp\/v2\/comments?post=238616"}],"version-history":[{"count":1,"href":"https:\/\/www.gaveanews.com\/index.php\/wp-json\/wp\/v2\/posts\/238616\/revisions"}],"predecessor-version":[{"id":238621,"href":"https:\/\/www.gaveanews.com\/index.php\/wp-json\/wp\/v2\/posts\/238616\/revisions\/238621"}],"wp:featuredmedia":[{"embeddable":true,"href":"https:\/\/www.gaveanews.com\/index.php\/wp-json\/wp\/v2\/media\/154785"}],"wp:attachment":[{"href":"https:\/\/www.gaveanews.com\/index.php\/wp-json\/wp\/v2\/media?parent=238616"}],"wp:term":[{"taxonomy":"category","embeddable":true,"href":"https:\/\/www.gaveanews.com\/index.php\/wp-json\/wp\/v2\/categories?post=238616"},{"taxonomy":"post_tag","embeddable":true,"href":"https:\/\/www.gaveanews.com\/index.php\/wp-json\/wp\/v2\/tags?post=238616"}],"curies":[{"name":"wp","href":"https:\/\/api.w.org\/{rel}","templated":true}]}}