{"id":238620,"date":"2025-03-11T21:55:00","date_gmt":"2025-03-12T00:55:00","guid":{"rendered":"https:\/\/www.gaveanews.com\/?p=238620"},"modified":"2025-03-11T17:52:34","modified_gmt":"2025-03-11T20:52:34","slug":"a-declaracao-de-cleber-machado-sobre-o-penalti-sofrido-por-vitor-roque","status":"publish","type":"post","link":"https:\/\/www.gaveanews.com\/index.php\/2025\/03\/11\/a-declaracao-de-cleber-machado-sobre-o-penalti-sofrido-por-vitor-roque\/","title":{"rendered":"A declara\u00e7\u00e3o de Cl\u00e9ber Machado sobre o p\u00eanalti sofrido por Vitor Roque"},"content":{"rendered":"\n<p>A classifica\u00e7\u00e3o do Palmeiras \u00e0 final do Campeonato Paulista veio acompanhada de uma grande pol\u00eamica de arbitragem. O p\u00eanalti marcado a favor do Verd\u00e3o contra o S\u00e3o Paulo gerou intensos debates, tanto dentro quanto fora de campo. Durante a transmiss\u00e3o da Record, o narrador Cl\u00e9ber Machado n\u00e3o escondeu a surpresa com a decis\u00e3o do \u00e1rbitro Fl\u00e1vio Rodrigues de Souza, questionando a aus\u00eancia da revis\u00e3o no VAR.<\/p>\n\n\n\n<h2 class=\"wp-block-heading\" id=\"h-cleber-machado-levanta-questionamentos-sobre-a-decisao\">Cl\u00e9ber Machado levanta questionamentos sobre a decis\u00e3o<\/h2>\n\n\n\n<p>O lance foi exaustivamente repetido na transmiss\u00e3o, o que chamou a aten\u00e7\u00e3o do narrador. &#8220;O lance est\u00e1 sendo repetido, repetido e repetido. Imagino que a Federa\u00e7\u00e3o Paulista, nas suas redes sociais, est\u00e1 vendo e ouvindo muito. Estou imaginando que essa repeti\u00e7\u00e3o do lance checado \u00e9 porque muita gente deve estar dizendo aquela frase: &#8216;Por que ele n\u00e3o foi ao v\u00eddeo ver?&#8217;. Essa me parece ser a conclus\u00e3o. E o S\u00e1lvio explicou, o di\u00e1logo entre os dois \u00e9 que define se o \u00e1rbitro vai ou n\u00e3o ao v\u00eddeo&#8221;, analisou Cl\u00e9ber.<\/p>\n\n\n\n<figure class=\"wp-block-embed is-type-video is-provider-youtube wp-block-embed-youtube wp-embed-aspect-4-3 wp-has-aspect-ratio\"><div class=\"wp-block-embed__wrapper\">\n<iframe loading=\"lazy\" title=\"FOI P\u00caNALTI OU N\u00c3O? DEIXE SUA OPINI\u00c3O SOBRE O LANCE POL\u00caMICO DE PALMEIRAS X S\u00c3O PAULO! #shorts\" width=\"640\" height=\"480\" src=\"https:\/\/www.youtube.com\/embed\/QMTSiiXrGZE?feature=oembed\" frameborder=\"0\" allow=\"accelerometer; autoplay; clipboard-write; encrypted-media; gyroscope; picture-in-picture; web-share\" referrerpolicy=\"strict-origin-when-cross-origin\" allowfullscreen><\/iframe>\n<\/div><\/figure>\n\n\n\n<p>Al\u00e9m disso, a decis\u00e3o de n\u00e3o consultar o VAR gerou ainda mais indigna\u00e7\u00e3o, porque o pr\u00f3prio comentarista de arbitragem da transmiss\u00e3o, S\u00e1lvio Sp\u00ednola, afirmou que n\u00e3o houve penalidade. Dessa maneira, a marca\u00e7\u00e3o do p\u00eanalti colocou ainda mais press\u00e3o sobre a arbitragem do Paulist\u00e3o.<\/p>\n\n\n\n<h2 class=\"wp-block-heading\" id=\"h-o-lance-que-definiu-a-partida\">O lance que definiu a partida<\/h2>\n\n\n\n<p>O p\u00eanalti foi assinalado nos minutos finais do primeiro tempo, ap\u00f3s um erro de sa\u00edda de bola do goleiro Rafael. Vitor Roque aproveitou a falha, avan\u00e7ou e caiu no gramado ap\u00f3s um choque com Arboleda. Sem hesitar, o \u00e1rbitro marcou a infra\u00e7\u00e3o, para revolta dos jogadores do S\u00e3o Paulo.<\/p>\n\n\n\n<p>Sendo assim, Raphael Veiga cobrou com categoria e garantiu a vit\u00f3ria do Palmeiras, classificando a equipe de Abel Ferreira para a final. Por isso, a pol\u00eamica segue sendo um dos principais assuntos entre torcedores e especialistas.<\/p>\n\n\n\n<h2 class=\"wp-block-heading\" id=\"h-repercussao-segue-quente-nos-bastidores\">Repercuss\u00e3o segue quente nos bastidores<\/h2>\n\n\n\n<p>Cabe ressaltar que o lance pode ter desdobramentos nos bastidores da Federa\u00e7\u00e3o Paulista. Com isso, a arbitragem do campeonato volta a ser alvo de cr\u00edticas, o que levanta questionamentos sobre a utiliza\u00e7\u00e3o do VAR e a transpar\u00eancia nas decis\u00f5es.<\/p>\n","protected":false},"excerpt":{"rendered":"<p>A classifica\u00e7\u00e3o do Palmeiras \u00e0 final do Campeonato Paulista veio acompanhada de uma grande pol\u00eamica de arbitragem. O p\u00eanalti marcado a favor do Verd\u00e3o contra o S\u00e3o Paulo gerou intensos debates, tanto dentro quanto fora de campo. Durante a transmiss\u00e3o da Record, o narrador Cl\u00e9ber Machado n\u00e3o escondeu a surpresa com a decis\u00e3o do \u00e1rbitro [&hellip;]<\/p>\n","protected":false},"author":24,"featured_media":127874,"comment_status":"open","ping_status":"closed","sticky":false,"template":"","format":"standard","meta":{"footnotes":""},"categories":[150,151],"tags":[],"class_list":["post-238620","post","type-post","status-publish","format-standard","has-post-thumbnail","hentry","category-palmeiras","category-sao-paulo"],"yoast_head":"<!-- This site is optimized with the Yoast SEO Premium plugin v24.2 (Yoast SEO v26.9) - https:\/\/yoast.com\/product\/yoast-seo-premium-wordpress\/ -->\n<title>A declara\u00e7\u00e3o de Cl\u00e9ber Machado sobre o p\u00eanalti sofrido por Vitor Roque<\/title>\n<meta name=\"robots\" content=\"index, follow, max-snippet:-1, max-image-preview:large, max-video-preview:-1\" \/>\n<link rel=\"canonical\" href=\"https:\/\/www.gaveanews.com\/index.php\/2025\/03\/11\/a-declaracao-de-cleber-machado-sobre-o-penalti-sofrido-por-vitor-roque\/\" \/>\n<meta property=\"og:locale\" content=\"pt_BR\" \/>\n<meta property=\"og:type\" content=\"article\" \/>\n<meta property=\"og:title\" content=\"A declara\u00e7\u00e3o de Cl\u00e9ber Machado sobre o p\u00eanalti sofrido por Vitor Roque\" \/>\n<meta property=\"og:description\" content=\"A classifica\u00e7\u00e3o do Palmeiras \u00e0 final do Campeonato Paulista veio acompanhada de uma grande pol\u00eamica de arbitragem. O p\u00eanalti marcado a favor do Verd\u00e3o contra o S\u00e3o Paulo gerou intensos debates, tanto dentro quanto fora de campo. Durante a transmiss\u00e3o da Record, o narrador Cl\u00e9ber Machado n\u00e3o escondeu a surpresa com a decis\u00e3o do \u00e1rbitro [&hellip;]\" \/>\n<meta property=\"og:url\" content=\"https:\/\/www.gaveanews.com\/index.php\/2025\/03\/11\/a-declaracao-de-cleber-machado-sobre-o-penalti-sofrido-por-vitor-roque\/\" \/>\n<meta property=\"og:site_name\" content=\"G\u00e1vea News\" \/>\n<meta property=\"article:publisher\" content=\"https:\/\/facebook.com\/gaveaNews\/\" \/>\n<meta property=\"article:published_time\" content=\"2025-03-12T00:55:00+00:00\" \/>\n<meta property=\"og:image\" content=\"https:\/\/www.gaveanews.com\/wp-content\/uploads\/oficial_clebermachado_1708463851091.webp\" \/>\n\t<meta property=\"og:image:width\" content=\"695\" \/>\n\t<meta property=\"og:image:height\" content=\"463\" \/>\n\t<meta property=\"og:image:type\" content=\"image\/jpeg\" \/>\n<meta name=\"author\" content=\"Leandro Cardoso\" \/>\n<meta name=\"twitter:card\" content=\"summary_large_image\" \/>\n<meta name=\"twitter:label1\" content=\"Escrito por\" \/>\n\t<meta name=\"twitter:data1\" content=\"Leandro Cardoso\" \/>\n\t<meta name=\"twitter:label2\" content=\"Est. tempo de leitura\" \/>\n\t<meta name=\"twitter:data2\" content=\"3 minutos\" \/>\n<script type=\"application\/ld+json\" class=\"yoast-schema-graph\">{\"@context\":\"https:\/\/schema.org\",\"@graph\":[{\"@type\":\"NewsArticle\",\"@id\":\"https:\/\/www.gaveanews.com\/index.php\/2025\/03\/11\/a-declaracao-de-cleber-machado-sobre-o-penalti-sofrido-por-vitor-roque\/#article\",\"isPartOf\":{\"@id\":\"https:\/\/www.gaveanews.com\/index.php\/2025\/03\/11\/a-declaracao-de-cleber-machado-sobre-o-penalti-sofrido-por-vitor-roque\/\"},\"author\":{\"name\":\"Leandro Cardoso\",\"@id\":\"https:\/\/www.gaveanews.com\/#\/schema\/person\/2424ec6409bc3f068411fc5e4e9b6168\"},\"headline\":\"A declara\u00e7\u00e3o de Cl\u00e9ber Machado sobre o p\u00eanalti sofrido por Vitor Roque\",\"datePublished\":\"2025-03-12T00:55:00+00:00\",\"mainEntityOfPage\":{\"@id\":\"https:\/\/www.gaveanews.com\/index.php\/2025\/03\/11\/a-declaracao-de-cleber-machado-sobre-o-penalti-sofrido-por-vitor-roque\/\"},\"wordCount\":412,\"commentCount\":0,\"image\":{\"@id\":\"https:\/\/www.gaveanews.com\/index.php\/2025\/03\/11\/a-declaracao-de-cleber-machado-sobre-o-penalti-sofrido-por-vitor-roque\/#primaryimage\"},\"thumbnailUrl\":\"https:\/\/www.gaveanews.com\/wp-content\/uploads\/oficial_clebermachado_1708463851091.webp\",\"articleSection\":[\"Palmeiras\",\"S\u00e3o Paulo\"],\"inLanguage\":\"pt-BR\",\"potentialAction\":[{\"@type\":\"CommentAction\",\"name\":\"Comment\",\"target\":[\"https:\/\/www.gaveanews.com\/index.php\/2025\/03\/11\/a-declaracao-de-cleber-machado-sobre-o-penalti-sofrido-por-vitor-roque\/#respond\"]}],\"copyrightYear\":\"2025\",\"copyrightHolder\":{\"@id\":\"https:\/\/www.gaveanews.com\/#organization\"}},{\"@type\":\"WebPage\",\"@id\":\"https:\/\/www.gaveanews.com\/index.php\/2025\/03\/11\/a-declaracao-de-cleber-machado-sobre-o-penalti-sofrido-por-vitor-roque\/\",\"url\":\"https:\/\/www.gaveanews.com\/index.php\/2025\/03\/11\/a-declaracao-de-cleber-machado-sobre-o-penalti-sofrido-por-vitor-roque\/\",\"name\":\"A declara\u00e7\u00e3o de Cl\u00e9ber Machado sobre o p\u00eanalti sofrido por Vitor Roque\",\"isPartOf\":{\"@id\":\"https:\/\/www.gaveanews.com\/#website\"},\"primaryImageOfPage\":{\"@id\":\"https:\/\/www.gaveanews.com\/index.php\/2025\/03\/11\/a-declaracao-de-cleber-machado-sobre-o-penalti-sofrido-por-vitor-roque\/#primaryimage\"},\"image\":{\"@id\":\"https:\/\/www.gaveanews.com\/index.php\/2025\/03\/11\/a-declaracao-de-cleber-machado-sobre-o-penalti-sofrido-por-vitor-roque\/#primaryimage\"},\"thumbnailUrl\":\"https:\/\/www.gaveanews.com\/wp-content\/uploads\/oficial_clebermachado_1708463851091.webp\",\"datePublished\":\"2025-03-12T00:55:00+00:00\",\"author\":{\"@id\":\"https:\/\/www.gaveanews.com\/#\/schema\/person\/2424ec6409bc3f068411fc5e4e9b6168\"},\"breadcrumb\":{\"@id\":\"https:\/\/www.gaveanews.com\/index.php\/2025\/03\/11\/a-declaracao-de-cleber-machado-sobre-o-penalti-sofrido-por-vitor-roque\/#breadcrumb\"},\"inLanguage\":\"pt-BR\",\"potentialAction\":[{\"@type\":\"ReadAction\",\"target\":[\"https:\/\/www.gaveanews.com\/index.php\/2025\/03\/11\/a-declaracao-de-cleber-machado-sobre-o-penalti-sofrido-por-vitor-roque\/\"]}]},{\"@type\":\"ImageObject\",\"inLanguage\":\"pt-BR\",\"@id\":\"https:\/\/www.gaveanews.com\/index.php\/2025\/03\/11\/a-declaracao-de-cleber-machado-sobre-o-penalti-sofrido-por-vitor-roque\/#primaryimage\",\"url\":\"https:\/\/www.gaveanews.com\/wp-content\/uploads\/oficial_clebermachado_1708463851091.webp\",\"contentUrl\":\"https:\/\/www.gaveanews.com\/wp-content\/uploads\/oficial_clebermachado_1708463851091.webp\",\"width\":695,\"height\":463,\"caption\":\"Cl\u00e9ber Machado, narrador de futebol (Foto: Reprodu\u00e7\u00e3o\/Instagram)\"},{\"@type\":\"BreadcrumbList\",\"@id\":\"https:\/\/www.gaveanews.com\/index.php\/2025\/03\/11\/a-declaracao-de-cleber-machado-sobre-o-penalti-sofrido-por-vitor-roque\/#breadcrumb\",\"itemListElement\":[{\"@type\":\"ListItem\",\"position\":1,\"name\":\"Home\",\"item\":\"https:\/\/www.gaveanews.com\/\"},{\"@type\":\"ListItem\",\"position\":2,\"name\":\"A declara\u00e7\u00e3o de Cl\u00e9ber Machado sobre o p\u00eanalti sofrido por Vitor Roque\"}]},{\"@type\":\"WebSite\",\"@id\":\"https:\/\/www.gaveanews.com\/#website\",\"url\":\"https:\/\/www.gaveanews.com\/\",\"name\":\"G\u00e1vea News\",\"description\":\"Veja todas as not\u00edcias sobre o Flamengo: Contrata\u00e7\u00f5es, categorias de base, resultados das partidas, tabela de classifica\u00e7\u00e3o, pr\u00f3ximos jogos!\",\"potentialAction\":[{\"@type\":\"SearchAction\",\"target\":{\"@type\":\"EntryPoint\",\"urlTemplate\":\"https:\/\/www.gaveanews.com\/?s={search_term_string}\"},\"query-input\":{\"@type\":\"PropertyValueSpecification\",\"valueRequired\":true,\"valueName\":\"search_term_string\"}}],\"inLanguage\":\"pt-BR\"},{\"@type\":\"Person\",\"@id\":\"https:\/\/www.gaveanews.com\/#\/schema\/person\/2424ec6409bc3f068411fc5e4e9b6168\",\"name\":\"Leandro Cardoso\",\"image\":{\"@type\":\"ImageObject\",\"inLanguage\":\"pt-BR\",\"@id\":\"https:\/\/www.gaveanews.com\/#\/schema\/person\/image\/\",\"url\":\"https:\/\/secure.gravatar.com\/avatar\/8ca179f9b55eefe9f376f5493ef25475bfa59fbc28ce937f6076ce20e523098f?s=96&d=mm&r=g\",\"contentUrl\":\"https:\/\/secure.gravatar.com\/avatar\/8ca179f9b55eefe9f376f5493ef25475bfa59fbc28ce937f6076ce20e523098f?s=96&d=mm&r=g\",\"caption\":\"Leandro Cardoso\"}}]}<\/script>\n<!-- \/ Yoast SEO Premium plugin. -->","yoast_head_json":{"title":"A declara\u00e7\u00e3o de Cl\u00e9ber Machado sobre o p\u00eanalti sofrido por Vitor Roque","robots":{"index":"index","follow":"follow","max-snippet":"max-snippet:-1","max-image-preview":"max-image-preview:large","max-video-preview":"max-video-preview:-1"},"canonical":"https:\/\/www.gaveanews.com\/index.php\/2025\/03\/11\/a-declaracao-de-cleber-machado-sobre-o-penalti-sofrido-por-vitor-roque\/","og_locale":"pt_BR","og_type":"article","og_title":"A declara\u00e7\u00e3o de Cl\u00e9ber Machado sobre o p\u00eanalti sofrido por Vitor Roque","og_description":"A classifica\u00e7\u00e3o do Palmeiras \u00e0 final do Campeonato Paulista veio acompanhada de uma grande pol\u00eamica de arbitragem. O p\u00eanalti marcado a favor do Verd\u00e3o contra o S\u00e3o Paulo gerou intensos debates, tanto dentro quanto fora de campo. Durante a transmiss\u00e3o da Record, o narrador Cl\u00e9ber Machado n\u00e3o escondeu a surpresa com a decis\u00e3o do \u00e1rbitro [&hellip;]","og_url":"https:\/\/www.gaveanews.com\/index.php\/2025\/03\/11\/a-declaracao-de-cleber-machado-sobre-o-penalti-sofrido-por-vitor-roque\/","og_site_name":"G\u00e1vea News","article_publisher":"https:\/\/facebook.com\/gaveaNews\/","article_published_time":"2025-03-12T00:55:00+00:00","og_image":[{"width":695,"height":463,"url":"https:\/\/www.gaveanews.com\/wp-content\/uploads\/oficial_clebermachado_1708463851091.webp","type":"image\/jpeg"}],"author":"Leandro Cardoso","twitter_card":"summary_large_image","twitter_misc":{"Escrito por":"Leandro Cardoso","Est. tempo de leitura":"3 minutos"},"schema":{"@context":"https:\/\/schema.org","@graph":[{"@type":"NewsArticle","@id":"https:\/\/www.gaveanews.com\/index.php\/2025\/03\/11\/a-declaracao-de-cleber-machado-sobre-o-penalti-sofrido-por-vitor-roque\/#article","isPartOf":{"@id":"https:\/\/www.gaveanews.com\/index.php\/2025\/03\/11\/a-declaracao-de-cleber-machado-sobre-o-penalti-sofrido-por-vitor-roque\/"},"author":{"name":"Leandro Cardoso","@id":"https:\/\/www.gaveanews.com\/#\/schema\/person\/2424ec6409bc3f068411fc5e4e9b6168"},"headline":"A declara\u00e7\u00e3o de Cl\u00e9ber Machado sobre o p\u00eanalti sofrido por Vitor Roque","datePublished":"2025-03-12T00:55:00+00:00","mainEntityOfPage":{"@id":"https:\/\/www.gaveanews.com\/index.php\/2025\/03\/11\/a-declaracao-de-cleber-machado-sobre-o-penalti-sofrido-por-vitor-roque\/"},"wordCount":412,"commentCount":0,"image":{"@id":"https:\/\/www.gaveanews.com\/index.php\/2025\/03\/11\/a-declaracao-de-cleber-machado-sobre-o-penalti-sofrido-por-vitor-roque\/#primaryimage"},"thumbnailUrl":"https:\/\/www.gaveanews.com\/wp-content\/uploads\/oficial_clebermachado_1708463851091.webp","articleSection":["Palmeiras","S\u00e3o Paulo"],"inLanguage":"pt-BR","potentialAction":[{"@type":"CommentAction","name":"Comment","target":["https:\/\/www.gaveanews.com\/index.php\/2025\/03\/11\/a-declaracao-de-cleber-machado-sobre-o-penalti-sofrido-por-vitor-roque\/#respond"]}],"copyrightYear":"2025","copyrightHolder":{"@id":"https:\/\/www.gaveanews.com\/#organization"}},{"@type":"WebPage","@id":"https:\/\/www.gaveanews.com\/index.php\/2025\/03\/11\/a-declaracao-de-cleber-machado-sobre-o-penalti-sofrido-por-vitor-roque\/","url":"https:\/\/www.gaveanews.com\/index.php\/2025\/03\/11\/a-declaracao-de-cleber-machado-sobre-o-penalti-sofrido-por-vitor-roque\/","name":"A declara\u00e7\u00e3o de Cl\u00e9ber Machado sobre o p\u00eanalti sofrido por Vitor Roque","isPartOf":{"@id":"https:\/\/www.gaveanews.com\/#website"},"primaryImageOfPage":{"@id":"https:\/\/www.gaveanews.com\/index.php\/2025\/03\/11\/a-declaracao-de-cleber-machado-sobre-o-penalti-sofrido-por-vitor-roque\/#primaryimage"},"image":{"@id":"https:\/\/www.gaveanews.com\/index.php\/2025\/03\/11\/a-declaracao-de-cleber-machado-sobre-o-penalti-sofrido-por-vitor-roque\/#primaryimage"},"thumbnailUrl":"https:\/\/www.gaveanews.com\/wp-content\/uploads\/oficial_clebermachado_1708463851091.webp","datePublished":"2025-03-12T00:55:00+00:00","author":{"@id":"https:\/\/www.gaveanews.com\/#\/schema\/person\/2424ec6409bc3f068411fc5e4e9b6168"},"breadcrumb":{"@id":"https:\/\/www.gaveanews.com\/index.php\/2025\/03\/11\/a-declaracao-de-cleber-machado-sobre-o-penalti-sofrido-por-vitor-roque\/#breadcrumb"},"inLanguage":"pt-BR","potentialAction":[{"@type":"ReadAction","target":["https:\/\/www.gaveanews.com\/index.php\/2025\/03\/11\/a-declaracao-de-cleber-machado-sobre-o-penalti-sofrido-por-vitor-roque\/"]}]},{"@type":"ImageObject","inLanguage":"pt-BR","@id":"https:\/\/www.gaveanews.com\/index.php\/2025\/03\/11\/a-declaracao-de-cleber-machado-sobre-o-penalti-sofrido-por-vitor-roque\/#primaryimage","url":"https:\/\/www.gaveanews.com\/wp-content\/uploads\/oficial_clebermachado_1708463851091.webp","contentUrl":"https:\/\/www.gaveanews.com\/wp-content\/uploads\/oficial_clebermachado_1708463851091.webp","width":695,"height":463,"caption":"Cl\u00e9ber Machado, narrador de futebol (Foto: Reprodu\u00e7\u00e3o\/Instagram)"},{"@type":"BreadcrumbList","@id":"https:\/\/www.gaveanews.com\/index.php\/2025\/03\/11\/a-declaracao-de-cleber-machado-sobre-o-penalti-sofrido-por-vitor-roque\/#breadcrumb","itemListElement":[{"@type":"ListItem","position":1,"name":"Home","item":"https:\/\/www.gaveanews.com\/"},{"@type":"ListItem","position":2,"name":"A declara\u00e7\u00e3o de Cl\u00e9ber Machado sobre o p\u00eanalti sofrido por Vitor Roque"}]},{"@type":"WebSite","@id":"https:\/\/www.gaveanews.com\/#website","url":"https:\/\/www.gaveanews.com\/","name":"G\u00e1vea News","description":"Veja todas as not\u00edcias sobre o Flamengo: Contrata\u00e7\u00f5es, categorias de base, resultados das partidas, tabela de classifica\u00e7\u00e3o, pr\u00f3ximos jogos!","potentialAction":[{"@type":"SearchAction","target":{"@type":"EntryPoint","urlTemplate":"https:\/\/www.gaveanews.com\/?s={search_term_string}"},"query-input":{"@type":"PropertyValueSpecification","valueRequired":true,"valueName":"search_term_string"}}],"inLanguage":"pt-BR"},{"@type":"Person","@id":"https:\/\/www.gaveanews.com\/#\/schema\/person\/2424ec6409bc3f068411fc5e4e9b6168","name":"Leandro Cardoso","image":{"@type":"ImageObject","inLanguage":"pt-BR","@id":"https:\/\/www.gaveanews.com\/#\/schema\/person\/image\/","url":"https:\/\/secure.gravatar.com\/avatar\/8ca179f9b55eefe9f376f5493ef25475bfa59fbc28ce937f6076ce20e523098f?s=96&d=mm&r=g","contentUrl":"https:\/\/secure.gravatar.com\/avatar\/8ca179f9b55eefe9f376f5493ef25475bfa59fbc28ce937f6076ce20e523098f?s=96&d=mm&r=g","caption":"Leandro Cardoso"}}]}},"_links":{"self":[{"href":"https:\/\/www.gaveanews.com\/index.php\/wp-json\/wp\/v2\/posts\/238620","targetHints":{"allow":["GET"]}}],"collection":[{"href":"https:\/\/www.gaveanews.com\/index.php\/wp-json\/wp\/v2\/posts"}],"about":[{"href":"https:\/\/www.gaveanews.com\/index.php\/wp-json\/wp\/v2\/types\/post"}],"author":[{"embeddable":true,"href":"https:\/\/www.gaveanews.com\/index.php\/wp-json\/wp\/v2\/users\/24"}],"replies":[{"embeddable":true,"href":"https:\/\/www.gaveanews.com\/index.php\/wp-json\/wp\/v2\/comments?post=238620"}],"version-history":[{"count":1,"href":"https:\/\/www.gaveanews.com\/index.php\/wp-json\/wp\/v2\/posts\/238620\/revisions"}],"predecessor-version":[{"id":238629,"href":"https:\/\/www.gaveanews.com\/index.php\/wp-json\/wp\/v2\/posts\/238620\/revisions\/238629"}],"wp:featuredmedia":[{"embeddable":true,"href":"https:\/\/www.gaveanews.com\/index.php\/wp-json\/wp\/v2\/media\/127874"}],"wp:attachment":[{"href":"https:\/\/www.gaveanews.com\/index.php\/wp-json\/wp\/v2\/media?parent=238620"}],"wp:term":[{"taxonomy":"category","embeddable":true,"href":"https:\/\/www.gaveanews.com\/index.php\/wp-json\/wp\/v2\/categories?post=238620"},{"taxonomy":"post_tag","embeddable":true,"href":"https:\/\/www.gaveanews.com\/index.php\/wp-json\/wp\/v2\/tags?post=238620"}],"curies":[{"name":"wp","href":"https:\/\/api.w.org\/{rel}","templated":true}]}}