{"id":238622,"date":"2025-03-11T21:35:00","date_gmt":"2025-03-12T00:35:00","guid":{"rendered":"https:\/\/www.gaveanews.com\/?p=238622"},"modified":"2025-03-11T18:05:49","modified_gmt":"2025-03-11T21:05:49","slug":"cinco-jogadores-podem-estar-de-saida-do-gremio","status":"publish","type":"post","link":"https:\/\/www.gaveanews.com\/index.php\/2025\/03\/11\/cinco-jogadores-podem-estar-de-saida-do-gremio\/","title":{"rendered":"Cinco jogadores podem estar de sa\u00edda do Gr\u00eamio"},"content":{"rendered":"\n<p>O Gr\u00eamio segue promovendo mudan\u00e7as significativas no elenco sob o comando do t\u00e9cnico Gustavo Quinteros. O treinador elaborou uma nova lista de jogadores que podem deixar o clube, aumentando o n\u00famero de sa\u00eddas nesta janela de transfer\u00eancias. Entre os nomes mencionados est\u00e3o o goleiro Adriel, o meia Nathan Pescador, os meias Mila e Gabriel Silva, al\u00e9m do atacante Andr\u00e9 Henrique.<\/p>\n\n\n\n<p>Adriel j\u00e1 demonstrou interesse em sair, enquanto Nathan Pescador tem sido alvo de cr\u00edticas da torcida e n\u00e3o faz parte dos planos da comiss\u00e3o t\u00e9cnica. Mila teve poucas oportunidades na \u00faltima temporada, sendo relacionado em apenas tr\u00eas partidas sem entrar em campo. Gabriel Silva, que voltou de empr\u00e9stimo ao Sampaio Corr\u00eaa, tamb\u00e9m est\u00e1 dispon\u00edvel para negocia\u00e7\u00e3o. J\u00e1 Andr\u00e9 Henrique disputou 11 jogos no Campeonato Ga\u00facho do ano passado, mas uma les\u00e3o o afastou das partidas seguintes. Recentemente, a Chapecoense sondou o jogador para um poss\u00edvel empr\u00e9stimo.<\/p>\n\n\n\n<figure class=\"wp-block-image size-full\"><img loading=\"lazy\" decoding=\"async\" width=\"450\" height=\"600\" src=\"http:\/\/www.gaveanews.com\/wp-content\/uploads\/Adriel-pelo-Gremio.webp\" alt=\"\" class=\"wp-image-197878\" srcset=\"https:\/\/www.gaveanews.com\/wp-content\/uploads\/Adriel-pelo-Gremio.webp 450w, https:\/\/www.gaveanews.com\/wp-content\/uploads\/Adriel-pelo-Gremio-225x300.webp 225w, https:\/\/www.gaveanews.com\/wp-content\/uploads\/Adriel-pelo-Gremio-315x420.webp 315w, https:\/\/www.gaveanews.com\/wp-content\/uploads\/Adriel-pelo-Gremio-100x133.webp 100w\" sizes=\"auto, (max-width: 450px) 100vw, 450px\" \/><figcaption class=\"wp-element-caption\">Adriel pelo Gr\u00eamio (Imagem: Rodrigo Fatturi\/Gr\u00eamio)\n<\/figcaption><\/figure>\n\n\n\n<p>A reformula\u00e7\u00e3o do elenco j\u00e1 resultou na sa\u00edda de 12 jogadores nesta janela. Entre os desligamentos, destacam-se as aposentadorias de Geromel e F\u00e1bio, al\u00e9m da n\u00e3o renova\u00e7\u00e3o de contrato de Rodrigo Caio, Reinaldo, Diego Costa e Felipe Scheibig. O clube tamb\u00e9m viu jogadores retornarem aos seus times de origem, como Du Queiroz, Rafael Cabral e Soteldo, que estavam emprestados. Al\u00e9m disso, Brenno acertou com o Fortaleza e Ca\u00edque foi vendido ao Crici\u00fama.<\/p>\n\n\n\n<p>A venda mais recente foi do goleiro Marches\u00edn para o Boca Juniors, ap\u00f3s uma negocia\u00e7\u00e3o prolongada. O Tricolor aceitou a proposta dos argentinos devido ao desejo do jogador de retornar ao futebol do seu pa\u00eds.<\/p>\n\n\n\n<p>Apesar das diversas sa\u00eddas, o Gr\u00eamio ainda enfrenta dificuldades no mercado para repor as perdas. At\u00e9 o momento, apenas dois refor\u00e7os foram anunciados: o lateral-direito Jo\u00e3o Lucas e o meio-campista Cu\u00e9llar. O clube segue no mercado em busca de mais pe\u00e7as para o elenco, com prioridade para dois zagueiros, um lateral-esquerdo e um atacante que possa suprir a aus\u00eancia de Soteldo.<\/p>\n\n\n\n<p>A movimenta\u00e7\u00e3o no Gr\u00eamio reflete o planejamento da diretoria e da comiss\u00e3o t\u00e9cnica para a temporada. O clube busca equilibrar sa\u00eddas e contrata\u00e7\u00f5es, visando montar um elenco competitivo para os desafios do ano.<\/p>\n","protected":false},"excerpt":{"rendered":"<p>O Gr\u00eamio segue promovendo mudan\u00e7as significativas no elenco sob o comando do t\u00e9cnico Gustavo Quinteros. O treinador elaborou uma nova lista de jogadores que podem deixar o clube, aumentando o n\u00famero de sa\u00eddas nesta janela de transfer\u00eancias. Entre os nomes mencionados est\u00e3o o goleiro Adriel, o meia Nathan Pescador, os meias Mila e Gabriel Silva, [&hellip;]<\/p>\n","protected":false},"author":27,"featured_media":208932,"comment_status":"open","ping_status":"closed","sticky":false,"template":"","format":"standard","meta":{"footnotes":""},"categories":[147],"tags":[],"class_list":["post-238622","post","type-post","status-publish","format-standard","has-post-thumbnail","hentry","category-gremio"],"yoast_head":"<!-- This site is optimized with the Yoast SEO Premium plugin v24.2 (Yoast SEO v26.9) - https:\/\/yoast.com\/product\/yoast-seo-premium-wordpress\/ -->\n<title>Cinco jogadores podem estar de sa\u00edda do Gr\u00eamio<\/title>\n<meta name=\"robots\" content=\"index, follow, max-snippet:-1, max-image-preview:large, max-video-preview:-1\" \/>\n<link rel=\"canonical\" href=\"https:\/\/www.gaveanews.com\/index.php\/2025\/03\/11\/cinco-jogadores-podem-estar-de-saida-do-gremio\/\" \/>\n<meta property=\"og:locale\" content=\"pt_BR\" \/>\n<meta property=\"og:type\" content=\"article\" \/>\n<meta property=\"og:title\" content=\"Cinco jogadores podem estar de sa\u00edda do Gr\u00eamio\" \/>\n<meta property=\"og:description\" content=\"O Gr\u00eamio segue promovendo mudan\u00e7as significativas no elenco sob o comando do t\u00e9cnico Gustavo Quinteros. O treinador elaborou uma nova lista de jogadores que podem deixar o clube, aumentando o n\u00famero de sa\u00eddas nesta janela de transfer\u00eancias. Entre os nomes mencionados est\u00e3o o goleiro Adriel, o meia Nathan Pescador, os meias Mila e Gabriel Silva, [&hellip;]\" \/>\n<meta property=\"og:url\" content=\"https:\/\/www.gaveanews.com\/index.php\/2025\/03\/11\/cinco-jogadores-podem-estar-de-saida-do-gremio\/\" \/>\n<meta property=\"og:site_name\" content=\"G\u00e1vea News\" \/>\n<meta property=\"article:publisher\" content=\"https:\/\/facebook.com\/gaveaNews\/\" \/>\n<meta property=\"article:published_time\" content=\"2025-03-12T00:35:00+00:00\" \/>\n<meta property=\"og:image\" content=\"https:\/\/www.gaveanews.com\/wp-content\/uploads\/Quinteros-posa-para-foto-no-estadio-do-Gremio.webp\" \/>\n\t<meta property=\"og:image:width\" content=\"1024\" \/>\n\t<meta property=\"og:image:height\" content=\"576\" \/>\n\t<meta property=\"og:image:type\" content=\"image\/webp\" \/>\n<meta name=\"author\" content=\"Matheus Felipe\" \/>\n<meta name=\"twitter:card\" content=\"summary_large_image\" \/>\n<meta name=\"twitter:label1\" content=\"Escrito por\" \/>\n\t<meta name=\"twitter:data1\" content=\"Matheus Felipe\" \/>\n\t<meta name=\"twitter:label2\" content=\"Est. tempo de leitura\" \/>\n\t<meta name=\"twitter:data2\" content=\"3 minutos\" \/>\n<script type=\"application\/ld+json\" class=\"yoast-schema-graph\">{\"@context\":\"https:\/\/schema.org\",\"@graph\":[{\"@type\":\"NewsArticle\",\"@id\":\"https:\/\/www.gaveanews.com\/index.php\/2025\/03\/11\/cinco-jogadores-podem-estar-de-saida-do-gremio\/#article\",\"isPartOf\":{\"@id\":\"https:\/\/www.gaveanews.com\/index.php\/2025\/03\/11\/cinco-jogadores-podem-estar-de-saida-do-gremio\/\"},\"author\":{\"name\":\"Matheus Felipe\",\"@id\":\"https:\/\/www.gaveanews.com\/#\/schema\/person\/8207cd4627f56151707418bfc835b2fb\"},\"headline\":\"Cinco jogadores podem estar de sa\u00edda do Gr\u00eamio\",\"datePublished\":\"2025-03-12T00:35:00+00:00\",\"mainEntityOfPage\":{\"@id\":\"https:\/\/www.gaveanews.com\/index.php\/2025\/03\/11\/cinco-jogadores-podem-estar-de-saida-do-gremio\/\"},\"wordCount\":413,\"commentCount\":0,\"image\":{\"@id\":\"https:\/\/www.gaveanews.com\/index.php\/2025\/03\/11\/cinco-jogadores-podem-estar-de-saida-do-gremio\/#primaryimage\"},\"thumbnailUrl\":\"https:\/\/www.gaveanews.com\/wp-content\/uploads\/Quinteros-posa-para-foto-no-estadio-do-Gremio.webp\",\"articleSection\":[\"Gr\u00eamio\"],\"inLanguage\":\"pt-BR\",\"potentialAction\":[{\"@type\":\"CommentAction\",\"name\":\"Comment\",\"target\":[\"https:\/\/www.gaveanews.com\/index.php\/2025\/03\/11\/cinco-jogadores-podem-estar-de-saida-do-gremio\/#respond\"]}],\"copyrightYear\":\"2025\",\"copyrightHolder\":{\"@id\":\"https:\/\/www.gaveanews.com\/#organization\"}},{\"@type\":\"WebPage\",\"@id\":\"https:\/\/www.gaveanews.com\/index.php\/2025\/03\/11\/cinco-jogadores-podem-estar-de-saida-do-gremio\/\",\"url\":\"https:\/\/www.gaveanews.com\/index.php\/2025\/03\/11\/cinco-jogadores-podem-estar-de-saida-do-gremio\/\",\"name\":\"Cinco jogadores podem estar de sa\u00edda do Gr\u00eamio\",\"isPartOf\":{\"@id\":\"https:\/\/www.gaveanews.com\/#website\"},\"primaryImageOfPage\":{\"@id\":\"https:\/\/www.gaveanews.com\/index.php\/2025\/03\/11\/cinco-jogadores-podem-estar-de-saida-do-gremio\/#primaryimage\"},\"image\":{\"@id\":\"https:\/\/www.gaveanews.com\/index.php\/2025\/03\/11\/cinco-jogadores-podem-estar-de-saida-do-gremio\/#primaryimage\"},\"thumbnailUrl\":\"https:\/\/www.gaveanews.com\/wp-content\/uploads\/Quinteros-posa-para-foto-no-estadio-do-Gremio.webp\",\"datePublished\":\"2025-03-12T00:35:00+00:00\",\"author\":{\"@id\":\"https:\/\/www.gaveanews.com\/#\/schema\/person\/8207cd4627f56151707418bfc835b2fb\"},\"breadcrumb\":{\"@id\":\"https:\/\/www.gaveanews.com\/index.php\/2025\/03\/11\/cinco-jogadores-podem-estar-de-saida-do-gremio\/#breadcrumb\"},\"inLanguage\":\"pt-BR\",\"potentialAction\":[{\"@type\":\"ReadAction\",\"target\":[\"https:\/\/www.gaveanews.com\/index.php\/2025\/03\/11\/cinco-jogadores-podem-estar-de-saida-do-gremio\/\"]}]},{\"@type\":\"ImageObject\",\"inLanguage\":\"pt-BR\",\"@id\":\"https:\/\/www.gaveanews.com\/index.php\/2025\/03\/11\/cinco-jogadores-podem-estar-de-saida-do-gremio\/#primaryimage\",\"url\":\"https:\/\/www.gaveanews.com\/wp-content\/uploads\/Quinteros-posa-para-foto-no-estadio-do-Gremio.webp\",\"contentUrl\":\"https:\/\/www.gaveanews.com\/wp-content\/uploads\/Quinteros-posa-para-foto-no-estadio-do-Gremio.webp\",\"width\":1024,\"height\":576,\"caption\":\"Quinteros posa para foto no est\u00e1dio do Gr\u00eamio (Foto: Lucas Uebel\/Gr\u00eamio)\"},{\"@type\":\"BreadcrumbList\",\"@id\":\"https:\/\/www.gaveanews.com\/index.php\/2025\/03\/11\/cinco-jogadores-podem-estar-de-saida-do-gremio\/#breadcrumb\",\"itemListElement\":[{\"@type\":\"ListItem\",\"position\":1,\"name\":\"Home\",\"item\":\"https:\/\/www.gaveanews.com\/\"},{\"@type\":\"ListItem\",\"position\":2,\"name\":\"Cinco jogadores podem estar de sa\u00edda do Gr\u00eamio\"}]},{\"@type\":\"WebSite\",\"@id\":\"https:\/\/www.gaveanews.com\/#website\",\"url\":\"https:\/\/www.gaveanews.com\/\",\"name\":\"G\u00e1vea News\",\"description\":\"Veja todas as not\u00edcias sobre o Flamengo: Contrata\u00e7\u00f5es, categorias de base, resultados das partidas, tabela de classifica\u00e7\u00e3o, pr\u00f3ximos jogos!\",\"potentialAction\":[{\"@type\":\"SearchAction\",\"target\":{\"@type\":\"EntryPoint\",\"urlTemplate\":\"https:\/\/www.gaveanews.com\/?s={search_term_string}\"},\"query-input\":{\"@type\":\"PropertyValueSpecification\",\"valueRequired\":true,\"valueName\":\"search_term_string\"}}],\"inLanguage\":\"pt-BR\"},{\"@type\":\"Person\",\"@id\":\"https:\/\/www.gaveanews.com\/#\/schema\/person\/8207cd4627f56151707418bfc835b2fb\",\"name\":\"Matheus Felipe\",\"image\":{\"@type\":\"ImageObject\",\"inLanguage\":\"pt-BR\",\"@id\":\"https:\/\/www.gaveanews.com\/#\/schema\/person\/image\/\",\"url\":\"https:\/\/secure.gravatar.com\/avatar\/a452ffbed9130f726358b298bb3a99ce4bd3c5338411f8440e87e14d74c7c087?s=96&d=mm&r=g\",\"contentUrl\":\"https:\/\/secure.gravatar.com\/avatar\/a452ffbed9130f726358b298bb3a99ce4bd3c5338411f8440e87e14d74c7c087?s=96&d=mm&r=g\",\"caption\":\"Matheus Felipe\"}}]}<\/script>\n<!-- \/ Yoast SEO Premium plugin. -->","yoast_head_json":{"title":"Cinco jogadores podem estar de sa\u00edda do Gr\u00eamio","robots":{"index":"index","follow":"follow","max-snippet":"max-snippet:-1","max-image-preview":"max-image-preview:large","max-video-preview":"max-video-preview:-1"},"canonical":"https:\/\/www.gaveanews.com\/index.php\/2025\/03\/11\/cinco-jogadores-podem-estar-de-saida-do-gremio\/","og_locale":"pt_BR","og_type":"article","og_title":"Cinco jogadores podem estar de sa\u00edda do Gr\u00eamio","og_description":"O Gr\u00eamio segue promovendo mudan\u00e7as significativas no elenco sob o comando do t\u00e9cnico Gustavo Quinteros. O treinador elaborou uma nova lista de jogadores que podem deixar o clube, aumentando o n\u00famero de sa\u00eddas nesta janela de transfer\u00eancias. Entre os nomes mencionados est\u00e3o o goleiro Adriel, o meia Nathan Pescador, os meias Mila e Gabriel Silva, [&hellip;]","og_url":"https:\/\/www.gaveanews.com\/index.php\/2025\/03\/11\/cinco-jogadores-podem-estar-de-saida-do-gremio\/","og_site_name":"G\u00e1vea News","article_publisher":"https:\/\/facebook.com\/gaveaNews\/","article_published_time":"2025-03-12T00:35:00+00:00","og_image":[{"width":1024,"height":576,"url":"https:\/\/www.gaveanews.com\/wp-content\/uploads\/Quinteros-posa-para-foto-no-estadio-do-Gremio.webp","type":"image\/webp"}],"author":"Matheus Felipe","twitter_card":"summary_large_image","twitter_misc":{"Escrito por":"Matheus Felipe","Est. tempo de leitura":"3 minutos"},"schema":{"@context":"https:\/\/schema.org","@graph":[{"@type":"NewsArticle","@id":"https:\/\/www.gaveanews.com\/index.php\/2025\/03\/11\/cinco-jogadores-podem-estar-de-saida-do-gremio\/#article","isPartOf":{"@id":"https:\/\/www.gaveanews.com\/index.php\/2025\/03\/11\/cinco-jogadores-podem-estar-de-saida-do-gremio\/"},"author":{"name":"Matheus Felipe","@id":"https:\/\/www.gaveanews.com\/#\/schema\/person\/8207cd4627f56151707418bfc835b2fb"},"headline":"Cinco jogadores podem estar de sa\u00edda do Gr\u00eamio","datePublished":"2025-03-12T00:35:00+00:00","mainEntityOfPage":{"@id":"https:\/\/www.gaveanews.com\/index.php\/2025\/03\/11\/cinco-jogadores-podem-estar-de-saida-do-gremio\/"},"wordCount":413,"commentCount":0,"image":{"@id":"https:\/\/www.gaveanews.com\/index.php\/2025\/03\/11\/cinco-jogadores-podem-estar-de-saida-do-gremio\/#primaryimage"},"thumbnailUrl":"https:\/\/www.gaveanews.com\/wp-content\/uploads\/Quinteros-posa-para-foto-no-estadio-do-Gremio.webp","articleSection":["Gr\u00eamio"],"inLanguage":"pt-BR","potentialAction":[{"@type":"CommentAction","name":"Comment","target":["https:\/\/www.gaveanews.com\/index.php\/2025\/03\/11\/cinco-jogadores-podem-estar-de-saida-do-gremio\/#respond"]}],"copyrightYear":"2025","copyrightHolder":{"@id":"https:\/\/www.gaveanews.com\/#organization"}},{"@type":"WebPage","@id":"https:\/\/www.gaveanews.com\/index.php\/2025\/03\/11\/cinco-jogadores-podem-estar-de-saida-do-gremio\/","url":"https:\/\/www.gaveanews.com\/index.php\/2025\/03\/11\/cinco-jogadores-podem-estar-de-saida-do-gremio\/","name":"Cinco jogadores podem estar de sa\u00edda do Gr\u00eamio","isPartOf":{"@id":"https:\/\/www.gaveanews.com\/#website"},"primaryImageOfPage":{"@id":"https:\/\/www.gaveanews.com\/index.php\/2025\/03\/11\/cinco-jogadores-podem-estar-de-saida-do-gremio\/#primaryimage"},"image":{"@id":"https:\/\/www.gaveanews.com\/index.php\/2025\/03\/11\/cinco-jogadores-podem-estar-de-saida-do-gremio\/#primaryimage"},"thumbnailUrl":"https:\/\/www.gaveanews.com\/wp-content\/uploads\/Quinteros-posa-para-foto-no-estadio-do-Gremio.webp","datePublished":"2025-03-12T00:35:00+00:00","author":{"@id":"https:\/\/www.gaveanews.com\/#\/schema\/person\/8207cd4627f56151707418bfc835b2fb"},"breadcrumb":{"@id":"https:\/\/www.gaveanews.com\/index.php\/2025\/03\/11\/cinco-jogadores-podem-estar-de-saida-do-gremio\/#breadcrumb"},"inLanguage":"pt-BR","potentialAction":[{"@type":"ReadAction","target":["https:\/\/www.gaveanews.com\/index.php\/2025\/03\/11\/cinco-jogadores-podem-estar-de-saida-do-gremio\/"]}]},{"@type":"ImageObject","inLanguage":"pt-BR","@id":"https:\/\/www.gaveanews.com\/index.php\/2025\/03\/11\/cinco-jogadores-podem-estar-de-saida-do-gremio\/#primaryimage","url":"https:\/\/www.gaveanews.com\/wp-content\/uploads\/Quinteros-posa-para-foto-no-estadio-do-Gremio.webp","contentUrl":"https:\/\/www.gaveanews.com\/wp-content\/uploads\/Quinteros-posa-para-foto-no-estadio-do-Gremio.webp","width":1024,"height":576,"caption":"Quinteros posa para foto no est\u00e1dio do Gr\u00eamio (Foto: Lucas Uebel\/Gr\u00eamio)"},{"@type":"BreadcrumbList","@id":"https:\/\/www.gaveanews.com\/index.php\/2025\/03\/11\/cinco-jogadores-podem-estar-de-saida-do-gremio\/#breadcrumb","itemListElement":[{"@type":"ListItem","position":1,"name":"Home","item":"https:\/\/www.gaveanews.com\/"},{"@type":"ListItem","position":2,"name":"Cinco jogadores podem estar de sa\u00edda do Gr\u00eamio"}]},{"@type":"WebSite","@id":"https:\/\/www.gaveanews.com\/#website","url":"https:\/\/www.gaveanews.com\/","name":"G\u00e1vea News","description":"Veja todas as not\u00edcias sobre o Flamengo: Contrata\u00e7\u00f5es, categorias de base, resultados das partidas, tabela de classifica\u00e7\u00e3o, pr\u00f3ximos jogos!","potentialAction":[{"@type":"SearchAction","target":{"@type":"EntryPoint","urlTemplate":"https:\/\/www.gaveanews.com\/?s={search_term_string}"},"query-input":{"@type":"PropertyValueSpecification","valueRequired":true,"valueName":"search_term_string"}}],"inLanguage":"pt-BR"},{"@type":"Person","@id":"https:\/\/www.gaveanews.com\/#\/schema\/person\/8207cd4627f56151707418bfc835b2fb","name":"Matheus Felipe","image":{"@type":"ImageObject","inLanguage":"pt-BR","@id":"https:\/\/www.gaveanews.com\/#\/schema\/person\/image\/","url":"https:\/\/secure.gravatar.com\/avatar\/a452ffbed9130f726358b298bb3a99ce4bd3c5338411f8440e87e14d74c7c087?s=96&d=mm&r=g","contentUrl":"https:\/\/secure.gravatar.com\/avatar\/a452ffbed9130f726358b298bb3a99ce4bd3c5338411f8440e87e14d74c7c087?s=96&d=mm&r=g","caption":"Matheus Felipe"}}]}},"_links":{"self":[{"href":"https:\/\/www.gaveanews.com\/index.php\/wp-json\/wp\/v2\/posts\/238622","targetHints":{"allow":["GET"]}}],"collection":[{"href":"https:\/\/www.gaveanews.com\/index.php\/wp-json\/wp\/v2\/posts"}],"about":[{"href":"https:\/\/www.gaveanews.com\/index.php\/wp-json\/wp\/v2\/types\/post"}],"author":[{"embeddable":true,"href":"https:\/\/www.gaveanews.com\/index.php\/wp-json\/wp\/v2\/users\/27"}],"replies":[{"embeddable":true,"href":"https:\/\/www.gaveanews.com\/index.php\/wp-json\/wp\/v2\/comments?post=238622"}],"version-history":[{"count":1,"href":"https:\/\/www.gaveanews.com\/index.php\/wp-json\/wp\/v2\/posts\/238622\/revisions"}],"predecessor-version":[{"id":238625,"href":"https:\/\/www.gaveanews.com\/index.php\/wp-json\/wp\/v2\/posts\/238622\/revisions\/238625"}],"wp:featuredmedia":[{"embeddable":true,"href":"https:\/\/www.gaveanews.com\/index.php\/wp-json\/wp\/v2\/media\/208932"}],"wp:attachment":[{"href":"https:\/\/www.gaveanews.com\/index.php\/wp-json\/wp\/v2\/media?parent=238622"}],"wp:term":[{"taxonomy":"category","embeddable":true,"href":"https:\/\/www.gaveanews.com\/index.php\/wp-json\/wp\/v2\/categories?post=238622"},{"taxonomy":"post_tag","embeddable":true,"href":"https:\/\/www.gaveanews.com\/index.php\/wp-json\/wp\/v2\/tags?post=238622"}],"curies":[{"name":"wp","href":"https:\/\/api.w.org\/{rel}","templated":true}]}}