{"id":238632,"date":"2025-03-11T22:00:00","date_gmt":"2025-03-12T01:00:00","guid":{"rendered":"https:\/\/www.gaveanews.com\/?p=238632"},"modified":"2025-03-11T18:03:52","modified_gmt":"2025-03-11T21:03:52","slug":"a-declaracao-de-fabio-carille-direcionada-a-rayan-no-vasco","status":"publish","type":"post","link":"https:\/\/www.gaveanews.com\/index.php\/2025\/03\/11\/a-declaracao-de-fabio-carille-direcionada-a-rayan-no-vasco\/","title":{"rendered":"A declara\u00e7\u00e3o de F\u00e1bio Carille direcionada a Rayan, no Vasco"},"content":{"rendered":"\n<p>O Vasco segue buscando alternativas para seu setor ofensivo, e um dos destaques recentes da equipe tem sido Rayan. O jovem atacante, que brilhou no Sul-Americano Sub-20 com a Sele\u00e7\u00e3o Brasileira, tem sido pe\u00e7a importante no esquema de F\u00e1bio Carille. Atuando principalmente pela ponta direita, ele vem ganhando cada vez mais espa\u00e7o e pode ser uma op\u00e7\u00e3o para outras fun\u00e7\u00f5es no time.<\/p>\n\n\n\n<p>Desde que voltou ao clube ap\u00f3s a competi\u00e7\u00e3o continental, Rayan se firmou na equipe titular. O atacante teve uma participa\u00e7\u00e3o decisiva na vit\u00f3ria por 3 a 0 sobre o Uni\u00e3o Rondon\u00f3polis, na Copa do Brasil, e, desde ent\u00e3o, n\u00e3o saiu mais do time. Com 1,85m de altura e boa velocidade, o jogador demonstra versatilidade, podendo atuar tanto aberto pelos lados quanto mais centralizado.<\/p>\n\n\n\n<p>Apesar de ainda n\u00e3o ter sido testado por Carille como centroavante no Vasco, Rayan j\u00e1 desempenhou essa fun\u00e7\u00e3o em outras ocasi\u00f5es. No Campeonato Brasileiro de 2024, por exemplo, ele atuou como refer\u00eancia ofensiva em uma partida contra o Bahia e teve bom desempenho. <\/p>\n\n\n\n<p>&#8220;O Rayan n\u00e3o trabalhou comigo ainda como nove. Ele estava na Sele\u00e7\u00e3o e j\u00e1 veio sem muito tempo para treinar e definindo que ele ia jogar j\u00e1 pelo lado. Sei que ele fez um jogo contra o Bahia (no Brasileir\u00e3o do ano passado) e foi muito bem, como nove, assisti a esse jogo&#8221;, iniciou.<\/p>\n\n\n\n<blockquote class=\"wp-block-quote is-layout-flow wp-block-quote-is-layout-flow\">\n<p>&#8220;Mas ainda quero trabalhar mais para ver se ele pode ser esse jogador, na aus\u00eancia do Vegetti. Ou se potencializo ele mais ainda aberto, que ele tem for\u00e7a, ele tem chegada, tem cheiro de \u00e1rea&#8221;, pontuou o t\u00e9cnico.<\/p>\n<\/blockquote>\n\n\n\n<p>Na vit\u00f3ria sobre o Nova Igua\u00e7u, o atacante mostrou sua capacidade de atacar espa\u00e7os e aproveitar oportunidades na \u00e1rea. Ele marcou o primeiro gol do jogo ap\u00f3s um passe preciso de Nuno Moreira, demonstrando sua presen\u00e7a ofensiva. A atua\u00e7\u00e3o refor\u00e7ou a possibilidade de que ele possa ser utilizado como um atacante centralizado, caso necess\u00e1rio.<\/p>\n\n\n\n<p>O clube, contudo, segue no mercado em busca de refor\u00e7os para o ataque. O Vasco negocia a contrata\u00e7\u00e3o do colombiano Brahian Palacios junto ao Atl\u00e9tico-MG. Caso a transa\u00e7\u00e3o se concretize, a tend\u00eancia \u00e9 que Rayan seja deslocado para a fun\u00e7\u00e3o de centroavante como alternativa a Vegetti.<\/p>\n\n\n\n<p>Com um per\u00edodo sem jogos at\u00e9 o final do m\u00eas, a comiss\u00e3o t\u00e9cnica planeja realizar testes e jogos-treino para avaliar melhor o elenco. Esse intervalo pode ser fundamental para definir a melhor forma de aproveitar o talento de Rayan na equipe.<\/p>\n","protected":false},"excerpt":{"rendered":"<p>O Vasco segue buscando alternativas para seu setor ofensivo, e um dos destaques recentes da equipe tem sido Rayan. O jovem atacante, que brilhou no Sul-Americano Sub-20 com a Sele\u00e7\u00e3o Brasileira, tem sido pe\u00e7a importante no esquema de F\u00e1bio Carille. Atuando principalmente pela ponta direita, ele vem ganhando cada vez mais espa\u00e7o e pode ser [&hellip;]<\/p>\n","protected":false},"author":18,"featured_media":220355,"comment_status":"open","ping_status":"closed","sticky":false,"template":"","format":"standard","meta":{"footnotes":""},"categories":[152],"tags":[],"class_list":["post-238632","post","type-post","status-publish","format-standard","has-post-thumbnail","hentry","category-vasco"],"yoast_head":"<!-- This site is optimized with the Yoast SEO Premium plugin v24.2 (Yoast SEO v26.9) - https:\/\/yoast.com\/product\/yoast-seo-premium-wordpress\/ -->\n<title>A declara\u00e7\u00e3o de F\u00e1bio Carille direcionada a Rayan, no Vasco<\/title>\n<meta name=\"robots\" content=\"index, follow, max-snippet:-1, max-image-preview:large, max-video-preview:-1\" \/>\n<link rel=\"canonical\" href=\"https:\/\/www.gaveanews.com\/index.php\/2025\/03\/11\/a-declaracao-de-fabio-carille-direcionada-a-rayan-no-vasco\/\" \/>\n<meta property=\"og:locale\" content=\"pt_BR\" \/>\n<meta property=\"og:type\" content=\"article\" \/>\n<meta property=\"og:title\" content=\"A declara\u00e7\u00e3o de F\u00e1bio Carille direcionada a Rayan, no Vasco\" \/>\n<meta property=\"og:description\" content=\"O Vasco segue buscando alternativas para seu setor ofensivo, e um dos destaques recentes da equipe tem sido Rayan. O jovem atacante, que brilhou no Sul-Americano Sub-20 com a Sele\u00e7\u00e3o Brasileira, tem sido pe\u00e7a importante no esquema de F\u00e1bio Carille. Atuando principalmente pela ponta direita, ele vem ganhando cada vez mais espa\u00e7o e pode ser [&hellip;]\" \/>\n<meta property=\"og:url\" content=\"https:\/\/www.gaveanews.com\/index.php\/2025\/03\/11\/a-declaracao-de-fabio-carille-direcionada-a-rayan-no-vasco\/\" \/>\n<meta property=\"og:site_name\" content=\"G\u00e1vea News\" \/>\n<meta property=\"article:publisher\" content=\"https:\/\/facebook.com\/gaveaNews\/\" \/>\n<meta property=\"article:published_time\" content=\"2025-03-12T01:00:00+00:00\" \/>\n<meta property=\"og:image\" content=\"https:\/\/www.gaveanews.com\/wp-content\/uploads\/Carille-pelo-Vasco.webp\" \/>\n\t<meta property=\"og:image:width\" content=\"738\" \/>\n\t<meta property=\"og:image:height\" content=\"469\" \/>\n\t<meta property=\"og:image:type\" content=\"image\/jpeg\" \/>\n<meta name=\"author\" content=\"Paula Silva\" \/>\n<meta name=\"twitter:card\" content=\"summary_large_image\" \/>\n<meta name=\"twitter:label1\" content=\"Escrito por\" \/>\n\t<meta name=\"twitter:data1\" content=\"Paula Silva\" \/>\n\t<meta name=\"twitter:label2\" content=\"Est. tempo de leitura\" \/>\n\t<meta name=\"twitter:data2\" content=\"3 minutos\" \/>\n<script type=\"application\/ld+json\" class=\"yoast-schema-graph\">{\"@context\":\"https:\/\/schema.org\",\"@graph\":[{\"@type\":\"NewsArticle\",\"@id\":\"https:\/\/www.gaveanews.com\/index.php\/2025\/03\/11\/a-declaracao-de-fabio-carille-direcionada-a-rayan-no-vasco\/#article\",\"isPartOf\":{\"@id\":\"https:\/\/www.gaveanews.com\/index.php\/2025\/03\/11\/a-declaracao-de-fabio-carille-direcionada-a-rayan-no-vasco\/\"},\"author\":{\"name\":\"Paula Silva\",\"@id\":\"https:\/\/www.gaveanews.com\/#\/schema\/person\/daf63eec72e1164eb13dc35096c2b8da\"},\"headline\":\"A declara\u00e7\u00e3o de F\u00e1bio Carille direcionada a Rayan, no Vasco\",\"datePublished\":\"2025-03-12T01:00:00+00:00\",\"mainEntityOfPage\":{\"@id\":\"https:\/\/www.gaveanews.com\/index.php\/2025\/03\/11\/a-declaracao-de-fabio-carille-direcionada-a-rayan-no-vasco\/\"},\"wordCount\":451,\"commentCount\":0,\"image\":{\"@id\":\"https:\/\/www.gaveanews.com\/index.php\/2025\/03\/11\/a-declaracao-de-fabio-carille-direcionada-a-rayan-no-vasco\/#primaryimage\"},\"thumbnailUrl\":\"https:\/\/www.gaveanews.com\/wp-content\/uploads\/Carille-pelo-Vasco.webp\",\"articleSection\":[\"Vasco\"],\"inLanguage\":\"pt-BR\",\"potentialAction\":[{\"@type\":\"CommentAction\",\"name\":\"Comment\",\"target\":[\"https:\/\/www.gaveanews.com\/index.php\/2025\/03\/11\/a-declaracao-de-fabio-carille-direcionada-a-rayan-no-vasco\/#respond\"]}],\"copyrightYear\":\"2025\",\"copyrightHolder\":{\"@id\":\"https:\/\/www.gaveanews.com\/#organization\"}},{\"@type\":\"WebPage\",\"@id\":\"https:\/\/www.gaveanews.com\/index.php\/2025\/03\/11\/a-declaracao-de-fabio-carille-direcionada-a-rayan-no-vasco\/\",\"url\":\"https:\/\/www.gaveanews.com\/index.php\/2025\/03\/11\/a-declaracao-de-fabio-carille-direcionada-a-rayan-no-vasco\/\",\"name\":\"A declara\u00e7\u00e3o de F\u00e1bio Carille direcionada a Rayan, no Vasco\",\"isPartOf\":{\"@id\":\"https:\/\/www.gaveanews.com\/#website\"},\"primaryImageOfPage\":{\"@id\":\"https:\/\/www.gaveanews.com\/index.php\/2025\/03\/11\/a-declaracao-de-fabio-carille-direcionada-a-rayan-no-vasco\/#primaryimage\"},\"image\":{\"@id\":\"https:\/\/www.gaveanews.com\/index.php\/2025\/03\/11\/a-declaracao-de-fabio-carille-direcionada-a-rayan-no-vasco\/#primaryimage\"},\"thumbnailUrl\":\"https:\/\/www.gaveanews.com\/wp-content\/uploads\/Carille-pelo-Vasco.webp\",\"datePublished\":\"2025-03-12T01:00:00+00:00\",\"author\":{\"@id\":\"https:\/\/www.gaveanews.com\/#\/schema\/person\/daf63eec72e1164eb13dc35096c2b8da\"},\"breadcrumb\":{\"@id\":\"https:\/\/www.gaveanews.com\/index.php\/2025\/03\/11\/a-declaracao-de-fabio-carille-direcionada-a-rayan-no-vasco\/#breadcrumb\"},\"inLanguage\":\"pt-BR\",\"potentialAction\":[{\"@type\":\"ReadAction\",\"target\":[\"https:\/\/www.gaveanews.com\/index.php\/2025\/03\/11\/a-declaracao-de-fabio-carille-direcionada-a-rayan-no-vasco\/\"]}]},{\"@type\":\"ImageObject\",\"inLanguage\":\"pt-BR\",\"@id\":\"https:\/\/www.gaveanews.com\/index.php\/2025\/03\/11\/a-declaracao-de-fabio-carille-direcionada-a-rayan-no-vasco\/#primaryimage\",\"url\":\"https:\/\/www.gaveanews.com\/wp-content\/uploads\/Carille-pelo-Vasco.webp\",\"contentUrl\":\"https:\/\/www.gaveanews.com\/wp-content\/uploads\/Carille-pelo-Vasco.webp\",\"width\":738,\"height\":469,\"caption\":\"Carille pelo Vasco (Foto: Reprodu\u00e7\u00e3o)\"},{\"@type\":\"BreadcrumbList\",\"@id\":\"https:\/\/www.gaveanews.com\/index.php\/2025\/03\/11\/a-declaracao-de-fabio-carille-direcionada-a-rayan-no-vasco\/#breadcrumb\",\"itemListElement\":[{\"@type\":\"ListItem\",\"position\":1,\"name\":\"Home\",\"item\":\"https:\/\/www.gaveanews.com\/\"},{\"@type\":\"ListItem\",\"position\":2,\"name\":\"A declara\u00e7\u00e3o de F\u00e1bio Carille direcionada a Rayan, no Vasco\"}]},{\"@type\":\"WebSite\",\"@id\":\"https:\/\/www.gaveanews.com\/#website\",\"url\":\"https:\/\/www.gaveanews.com\/\",\"name\":\"G\u00e1vea News\",\"description\":\"Veja todas as not\u00edcias sobre o Flamengo: Contrata\u00e7\u00f5es, categorias de base, resultados das partidas, tabela de classifica\u00e7\u00e3o, pr\u00f3ximos jogos!\",\"potentialAction\":[{\"@type\":\"SearchAction\",\"target\":{\"@type\":\"EntryPoint\",\"urlTemplate\":\"https:\/\/www.gaveanews.com\/?s={search_term_string}\"},\"query-input\":{\"@type\":\"PropertyValueSpecification\",\"valueRequired\":true,\"valueName\":\"search_term_string\"}}],\"inLanguage\":\"pt-BR\"},{\"@type\":\"Person\",\"@id\":\"https:\/\/www.gaveanews.com\/#\/schema\/person\/daf63eec72e1164eb13dc35096c2b8da\",\"name\":\"Paula Silva\",\"image\":{\"@type\":\"ImageObject\",\"inLanguage\":\"pt-BR\",\"@id\":\"https:\/\/www.gaveanews.com\/#\/schema\/person\/image\/\",\"url\":\"https:\/\/secure.gravatar.com\/avatar\/eda381c845527cc5d64c13b901833cda29d97500ba040d3e6461f76f51d163bb?s=96&d=mm&r=g\",\"contentUrl\":\"https:\/\/secure.gravatar.com\/avatar\/eda381c845527cc5d64c13b901833cda29d97500ba040d3e6461f76f51d163bb?s=96&d=mm&r=g\",\"caption\":\"Paula Silva\"}}]}<\/script>\n<!-- \/ Yoast SEO Premium plugin. -->","yoast_head_json":{"title":"A declara\u00e7\u00e3o de F\u00e1bio Carille direcionada a Rayan, no Vasco","robots":{"index":"index","follow":"follow","max-snippet":"max-snippet:-1","max-image-preview":"max-image-preview:large","max-video-preview":"max-video-preview:-1"},"canonical":"https:\/\/www.gaveanews.com\/index.php\/2025\/03\/11\/a-declaracao-de-fabio-carille-direcionada-a-rayan-no-vasco\/","og_locale":"pt_BR","og_type":"article","og_title":"A declara\u00e7\u00e3o de F\u00e1bio Carille direcionada a Rayan, no Vasco","og_description":"O Vasco segue buscando alternativas para seu setor ofensivo, e um dos destaques recentes da equipe tem sido Rayan. O jovem atacante, que brilhou no Sul-Americano Sub-20 com a Sele\u00e7\u00e3o Brasileira, tem sido pe\u00e7a importante no esquema de F\u00e1bio Carille. Atuando principalmente pela ponta direita, ele vem ganhando cada vez mais espa\u00e7o e pode ser [&hellip;]","og_url":"https:\/\/www.gaveanews.com\/index.php\/2025\/03\/11\/a-declaracao-de-fabio-carille-direcionada-a-rayan-no-vasco\/","og_site_name":"G\u00e1vea News","article_publisher":"https:\/\/facebook.com\/gaveaNews\/","article_published_time":"2025-03-12T01:00:00+00:00","og_image":[{"width":738,"height":469,"url":"https:\/\/www.gaveanews.com\/wp-content\/uploads\/Carille-pelo-Vasco.webp","type":"image\/jpeg"}],"author":"Paula Silva","twitter_card":"summary_large_image","twitter_misc":{"Escrito por":"Paula Silva","Est. tempo de leitura":"3 minutos"},"schema":{"@context":"https:\/\/schema.org","@graph":[{"@type":"NewsArticle","@id":"https:\/\/www.gaveanews.com\/index.php\/2025\/03\/11\/a-declaracao-de-fabio-carille-direcionada-a-rayan-no-vasco\/#article","isPartOf":{"@id":"https:\/\/www.gaveanews.com\/index.php\/2025\/03\/11\/a-declaracao-de-fabio-carille-direcionada-a-rayan-no-vasco\/"},"author":{"name":"Paula Silva","@id":"https:\/\/www.gaveanews.com\/#\/schema\/person\/daf63eec72e1164eb13dc35096c2b8da"},"headline":"A declara\u00e7\u00e3o de F\u00e1bio Carille direcionada a Rayan, no Vasco","datePublished":"2025-03-12T01:00:00+00:00","mainEntityOfPage":{"@id":"https:\/\/www.gaveanews.com\/index.php\/2025\/03\/11\/a-declaracao-de-fabio-carille-direcionada-a-rayan-no-vasco\/"},"wordCount":451,"commentCount":0,"image":{"@id":"https:\/\/www.gaveanews.com\/index.php\/2025\/03\/11\/a-declaracao-de-fabio-carille-direcionada-a-rayan-no-vasco\/#primaryimage"},"thumbnailUrl":"https:\/\/www.gaveanews.com\/wp-content\/uploads\/Carille-pelo-Vasco.webp","articleSection":["Vasco"],"inLanguage":"pt-BR","potentialAction":[{"@type":"CommentAction","name":"Comment","target":["https:\/\/www.gaveanews.com\/index.php\/2025\/03\/11\/a-declaracao-de-fabio-carille-direcionada-a-rayan-no-vasco\/#respond"]}],"copyrightYear":"2025","copyrightHolder":{"@id":"https:\/\/www.gaveanews.com\/#organization"}},{"@type":"WebPage","@id":"https:\/\/www.gaveanews.com\/index.php\/2025\/03\/11\/a-declaracao-de-fabio-carille-direcionada-a-rayan-no-vasco\/","url":"https:\/\/www.gaveanews.com\/index.php\/2025\/03\/11\/a-declaracao-de-fabio-carille-direcionada-a-rayan-no-vasco\/","name":"A declara\u00e7\u00e3o de F\u00e1bio Carille direcionada a Rayan, no Vasco","isPartOf":{"@id":"https:\/\/www.gaveanews.com\/#website"},"primaryImageOfPage":{"@id":"https:\/\/www.gaveanews.com\/index.php\/2025\/03\/11\/a-declaracao-de-fabio-carille-direcionada-a-rayan-no-vasco\/#primaryimage"},"image":{"@id":"https:\/\/www.gaveanews.com\/index.php\/2025\/03\/11\/a-declaracao-de-fabio-carille-direcionada-a-rayan-no-vasco\/#primaryimage"},"thumbnailUrl":"https:\/\/www.gaveanews.com\/wp-content\/uploads\/Carille-pelo-Vasco.webp","datePublished":"2025-03-12T01:00:00+00:00","author":{"@id":"https:\/\/www.gaveanews.com\/#\/schema\/person\/daf63eec72e1164eb13dc35096c2b8da"},"breadcrumb":{"@id":"https:\/\/www.gaveanews.com\/index.php\/2025\/03\/11\/a-declaracao-de-fabio-carille-direcionada-a-rayan-no-vasco\/#breadcrumb"},"inLanguage":"pt-BR","potentialAction":[{"@type":"ReadAction","target":["https:\/\/www.gaveanews.com\/index.php\/2025\/03\/11\/a-declaracao-de-fabio-carille-direcionada-a-rayan-no-vasco\/"]}]},{"@type":"ImageObject","inLanguage":"pt-BR","@id":"https:\/\/www.gaveanews.com\/index.php\/2025\/03\/11\/a-declaracao-de-fabio-carille-direcionada-a-rayan-no-vasco\/#primaryimage","url":"https:\/\/www.gaveanews.com\/wp-content\/uploads\/Carille-pelo-Vasco.webp","contentUrl":"https:\/\/www.gaveanews.com\/wp-content\/uploads\/Carille-pelo-Vasco.webp","width":738,"height":469,"caption":"Carille pelo Vasco (Foto: Reprodu\u00e7\u00e3o)"},{"@type":"BreadcrumbList","@id":"https:\/\/www.gaveanews.com\/index.php\/2025\/03\/11\/a-declaracao-de-fabio-carille-direcionada-a-rayan-no-vasco\/#breadcrumb","itemListElement":[{"@type":"ListItem","position":1,"name":"Home","item":"https:\/\/www.gaveanews.com\/"},{"@type":"ListItem","position":2,"name":"A declara\u00e7\u00e3o de F\u00e1bio Carille direcionada a Rayan, no Vasco"}]},{"@type":"WebSite","@id":"https:\/\/www.gaveanews.com\/#website","url":"https:\/\/www.gaveanews.com\/","name":"G\u00e1vea News","description":"Veja todas as not\u00edcias sobre o Flamengo: Contrata\u00e7\u00f5es, categorias de base, resultados das partidas, tabela de classifica\u00e7\u00e3o, pr\u00f3ximos jogos!","potentialAction":[{"@type":"SearchAction","target":{"@type":"EntryPoint","urlTemplate":"https:\/\/www.gaveanews.com\/?s={search_term_string}"},"query-input":{"@type":"PropertyValueSpecification","valueRequired":true,"valueName":"search_term_string"}}],"inLanguage":"pt-BR"},{"@type":"Person","@id":"https:\/\/www.gaveanews.com\/#\/schema\/person\/daf63eec72e1164eb13dc35096c2b8da","name":"Paula Silva","image":{"@type":"ImageObject","inLanguage":"pt-BR","@id":"https:\/\/www.gaveanews.com\/#\/schema\/person\/image\/","url":"https:\/\/secure.gravatar.com\/avatar\/eda381c845527cc5d64c13b901833cda29d97500ba040d3e6461f76f51d163bb?s=96&d=mm&r=g","contentUrl":"https:\/\/secure.gravatar.com\/avatar\/eda381c845527cc5d64c13b901833cda29d97500ba040d3e6461f76f51d163bb?s=96&d=mm&r=g","caption":"Paula Silva"}}]}},"_links":{"self":[{"href":"https:\/\/www.gaveanews.com\/index.php\/wp-json\/wp\/v2\/posts\/238632","targetHints":{"allow":["GET"]}}],"collection":[{"href":"https:\/\/www.gaveanews.com\/index.php\/wp-json\/wp\/v2\/posts"}],"about":[{"href":"https:\/\/www.gaveanews.com\/index.php\/wp-json\/wp\/v2\/types\/post"}],"author":[{"embeddable":true,"href":"https:\/\/www.gaveanews.com\/index.php\/wp-json\/wp\/v2\/users\/18"}],"replies":[{"embeddable":true,"href":"https:\/\/www.gaveanews.com\/index.php\/wp-json\/wp\/v2\/comments?post=238632"}],"version-history":[{"count":1,"href":"https:\/\/www.gaveanews.com\/index.php\/wp-json\/wp\/v2\/posts\/238632\/revisions"}],"predecessor-version":[{"id":238635,"href":"https:\/\/www.gaveanews.com\/index.php\/wp-json\/wp\/v2\/posts\/238632\/revisions\/238635"}],"wp:featuredmedia":[{"embeddable":true,"href":"https:\/\/www.gaveanews.com\/index.php\/wp-json\/wp\/v2\/media\/220355"}],"wp:attachment":[{"href":"https:\/\/www.gaveanews.com\/index.php\/wp-json\/wp\/v2\/media?parent=238632"}],"wp:term":[{"taxonomy":"category","embeddable":true,"href":"https:\/\/www.gaveanews.com\/index.php\/wp-json\/wp\/v2\/categories?post=238632"},{"taxonomy":"post_tag","embeddable":true,"href":"https:\/\/www.gaveanews.com\/index.php\/wp-json\/wp\/v2\/tags?post=238632"}],"curies":[{"name":"wp","href":"https:\/\/api.w.org\/{rel}","templated":true}]}}