{"id":238644,"date":"2025-03-11T22:25:00","date_gmt":"2025-03-12T01:25:00","guid":{"rendered":"https:\/\/www.gaveanews.com\/?p=238644"},"modified":"2025-03-11T18:16:36","modified_gmt":"2025-03-11T21:16:36","slug":"tiago-volpi-joao-pedro-jemerson-wagner-leonardo-lucas-esteves-villasanti-camilo-cristian-olivera-monsalve-amuzu-pavon-e-braithwaite-os-jogadores-relacionados-pelo-gremio-para-a-copa-do-bras","status":"publish","type":"post","link":"https:\/\/www.gaveanews.com\/index.php\/2025\/03\/11\/tiago-volpi-joao-pedro-jemerson-wagner-leonardo-lucas-esteves-villasanti-camilo-cristian-olivera-monsalve-amuzu-pavon-e-braithwaite-os-jogadores-relacionados-pelo-gremio-para-a-copa-do-bras\/","title":{"rendered":"Tiago Volpi, Jo\u00e3o Pedro, Jemerson, Wagner Leonardo, Lucas Esteves, Villasanti, Camilo, Cristian Olivera, Monsalve, Amuzu, Pavon e Braithwaite: os jogadores relacionados pelo Gr\u00eamio para a Copa do Brasil"},"content":{"rendered":"\n<p>O Gr\u00eamio est\u00e1 pronto para enfrentar o Athletic na segunda fase da Copa do Brasil. A equipe viajou para S\u00e3o Jo\u00e3o del-Rei, Minas Gerais, com for\u00e7a m\u00e1xima, visando garantir a classifica\u00e7\u00e3o na competi\u00e7\u00e3o nacional. O duelo est\u00e1 marcado para quarta-feira (12 de mar\u00e7o), \u00e0s 19h30 (hor\u00e1rio de Bras\u00edlia), na Arena Sicredi.<\/p>\n\n\n\n<p>O t\u00e9cnico Gustavo Quinteros e o zagueiro Jemerson est\u00e3o de volta \u00e0 equipe ap\u00f3s cumprirem suspens\u00e3o no Campeonato Ga\u00facho. Ambos estavam ausentes no \u00faltimo Gre-Nal, onde o Tricolor foi derrotado pelo Internacional e ficou em desvantagem na decis\u00e3o estadual. A import\u00e2ncia da classifica\u00e7\u00e3o na Copa do Brasil, somada ao resultado negativo no cl\u00e1ssico, levou o clube a optar por levar todo o elenco para Minas Gerais.<\/p>\n\n\n\n<p>No entanto, o Gr\u00eamio ter\u00e1 algumas aus\u00eancias importantes para a partida. O volante Cu\u00e9llar, com edema muscular na coxa esquerda, e o zagueiro Rodrigo Ely, que tamb\u00e9m sofre com uma les\u00e3o na coxa esquerda, est\u00e3o fora da delega\u00e7\u00e3o. O atacante Aravena, com problema similar na coxa direita, tamb\u00e9m n\u00e3o viajou. Al\u00e9m disso, o meia Edenilson n\u00e3o poder\u00e1 atuar devido \u00e0 suspens\u00e3o por expuls\u00e3o na primeira fase, contra o S\u00e3o Raimundo-RR.<\/p>\n\n\n\n<p>Na estreia da Copa do Brasil, o Tricolor passou por um susto contra o S\u00e3o Raimundo-RR. Depois de sair atr\u00e1s no placar, Cristian Olivera marcou nos acr\u00e9scimos, levando a decis\u00e3o para os p\u00eanaltis. O Gr\u00eamio converteu quatro cobran\u00e7as e venceu por 4 a 1, garantindo a vaga para esta segunda fase.<\/p>\n\n\n\n<p>Para enfrentar o Athletic, Quinteros deve manter a base titular e contar com jogadores experientes para buscar a classifica\u00e7\u00e3o. A lista de relacionados inclui tr\u00eas goleiros, quatro laterais, quatro zagueiros, seis meias e seis atacantes, garantindo op\u00e7\u00f5es para diferentes forma\u00e7\u00f5es durante o confronto.<\/p>\n\n\n\n<p>O Athletic, advers\u00e1rio do Gr\u00eamio, tamb\u00e9m vive um momento conturbado fora de campo. Recentemente, a venda da sua Sociedade An\u00f4nima do Futebol (SAF) foi suspensa, o que gerou incertezas sobre o futuro do clube. Apesar disso, a equipe mineira promete dificultar a vida do Tricolor e tentar avan\u00e7ar no torneio nacional.<\/p>\n","protected":false},"excerpt":{"rendered":"<p>O Gr\u00eamio est\u00e1 pronto para enfrentar o Athletic na segunda fase da Copa do Brasil. A equipe viajou para S\u00e3o Jo\u00e3o del-Rei, Minas Gerais, com for\u00e7a m\u00e1xima, visando garantir a classifica\u00e7\u00e3o na competi\u00e7\u00e3o nacional. O duelo est\u00e1 marcado para quarta-feira (12 de mar\u00e7o), \u00e0s 19h30 (hor\u00e1rio de Bras\u00edlia), na Arena Sicredi. O t\u00e9cnico Gustavo Quinteros [&hellip;]<\/p>\n","protected":false},"author":18,"featured_media":208932,"comment_status":"open","ping_status":"closed","sticky":false,"template":"","format":"standard","meta":{"footnotes":""},"categories":[147],"tags":[],"class_list":["post-238644","post","type-post","status-publish","format-standard","has-post-thumbnail","hentry","category-gremio"],"yoast_head":"<!-- This site is optimized with the Yoast SEO Premium plugin v24.2 (Yoast SEO v26.9) - https:\/\/yoast.com\/product\/yoast-seo-premium-wordpress\/ -->\n<title>Tiago Volpi, Jo\u00e3o Pedro, Jemerson, Wagner Leonardo, Lucas Esteves, Villasanti, Camilo, Cristian Olivera, Monsalve, Amuzu, Pavon e Braithwaite: os jogadores relacionados pelo Gr\u00eamio para a Copa do Brasil<\/title>\n<meta name=\"robots\" content=\"index, follow, max-snippet:-1, max-image-preview:large, max-video-preview:-1\" \/>\n<link rel=\"canonical\" href=\"https:\/\/www.gaveanews.com\/index.php\/2025\/03\/11\/tiago-volpi-joao-pedro-jemerson-wagner-leonardo-lucas-esteves-villasanti-camilo-cristian-olivera-monsalve-amuzu-pavon-e-braithwaite-os-jogadores-relacionados-pelo-gremio-para-a-copa-do-bras\/\" \/>\n<meta property=\"og:locale\" content=\"pt_BR\" \/>\n<meta property=\"og:type\" content=\"article\" \/>\n<meta property=\"og:title\" content=\"Tiago Volpi, Jo\u00e3o Pedro, Jemerson, Wagner Leonardo, Lucas Esteves, Villasanti, Camilo, Cristian Olivera, Monsalve, Amuzu, Pavon e Braithwaite: os jogadores relacionados pelo Gr\u00eamio para a Copa do Brasil\" \/>\n<meta property=\"og:description\" content=\"O Gr\u00eamio est\u00e1 pronto para enfrentar o Athletic na segunda fase da Copa do Brasil. A equipe viajou para S\u00e3o Jo\u00e3o del-Rei, Minas Gerais, com for\u00e7a m\u00e1xima, visando garantir a classifica\u00e7\u00e3o na competi\u00e7\u00e3o nacional. O duelo est\u00e1 marcado para quarta-feira (12 de mar\u00e7o), \u00e0s 19h30 (hor\u00e1rio de Bras\u00edlia), na Arena Sicredi. O t\u00e9cnico Gustavo Quinteros [&hellip;]\" \/>\n<meta property=\"og:url\" content=\"https:\/\/www.gaveanews.com\/index.php\/2025\/03\/11\/tiago-volpi-joao-pedro-jemerson-wagner-leonardo-lucas-esteves-villasanti-camilo-cristian-olivera-monsalve-amuzu-pavon-e-braithwaite-os-jogadores-relacionados-pelo-gremio-para-a-copa-do-bras\/\" \/>\n<meta property=\"og:site_name\" content=\"G\u00e1vea News\" \/>\n<meta property=\"article:publisher\" content=\"https:\/\/facebook.com\/gaveaNews\/\" \/>\n<meta property=\"article:published_time\" content=\"2025-03-12T01:25:00+00:00\" \/>\n<meta property=\"og:image\" content=\"https:\/\/www.gaveanews.com\/wp-content\/uploads\/Quinteros-posa-para-foto-no-estadio-do-Gremio.webp\" \/>\n\t<meta property=\"og:image:width\" content=\"1024\" \/>\n\t<meta property=\"og:image:height\" content=\"576\" \/>\n\t<meta property=\"og:image:type\" content=\"image\/webp\" \/>\n<meta name=\"author\" content=\"Paula Silva\" \/>\n<meta name=\"twitter:card\" content=\"summary_large_image\" \/>\n<meta name=\"twitter:label1\" content=\"Escrito por\" \/>\n\t<meta name=\"twitter:data1\" content=\"Paula Silva\" \/>\n\t<meta name=\"twitter:label2\" content=\"Est. tempo de leitura\" \/>\n\t<meta name=\"twitter:data2\" content=\"3 minutos\" \/>\n<script type=\"application\/ld+json\" class=\"yoast-schema-graph\">{\"@context\":\"https:\/\/schema.org\",\"@graph\":[{\"@type\":\"NewsArticle\",\"@id\":\"https:\/\/www.gaveanews.com\/index.php\/2025\/03\/11\/tiago-volpi-joao-pedro-jemerson-wagner-leonardo-lucas-esteves-villasanti-camilo-cristian-olivera-monsalve-amuzu-pavon-e-braithwaite-os-jogadores-relacionados-pelo-gremio-para-a-copa-do-bras\/#article\",\"isPartOf\":{\"@id\":\"https:\/\/www.gaveanews.com\/index.php\/2025\/03\/11\/tiago-volpi-joao-pedro-jemerson-wagner-leonardo-lucas-esteves-villasanti-camilo-cristian-olivera-monsalve-amuzu-pavon-e-braithwaite-os-jogadores-relacionados-pelo-gremio-para-a-copa-do-bras\/\"},\"author\":{\"name\":\"Paula Silva\",\"@id\":\"https:\/\/www.gaveanews.com\/#\/schema\/person\/daf63eec72e1164eb13dc35096c2b8da\"},\"headline\":\"Tiago Volpi, Jo\u00e3o Pedro, Jemerson, Wagner Leonardo, Lucas Esteves, Villasanti, Camilo, Cristian Olivera, Monsalve, Amuzu, Pavon e Braithwaite: os jogadores relacionados pelo Gr\u00eamio para a Copa do Brasil\",\"datePublished\":\"2025-03-12T01:25:00+00:00\",\"mainEntityOfPage\":{\"@id\":\"https:\/\/www.gaveanews.com\/index.php\/2025\/03\/11\/tiago-volpi-joao-pedro-jemerson-wagner-leonardo-lucas-esteves-villasanti-camilo-cristian-olivera-monsalve-amuzu-pavon-e-braithwaite-os-jogadores-relacionados-pelo-gremio-para-a-copa-do-bras\/\"},\"wordCount\":406,\"commentCount\":0,\"image\":{\"@id\":\"https:\/\/www.gaveanews.com\/index.php\/2025\/03\/11\/tiago-volpi-joao-pedro-jemerson-wagner-leonardo-lucas-esteves-villasanti-camilo-cristian-olivera-monsalve-amuzu-pavon-e-braithwaite-os-jogadores-relacionados-pelo-gremio-para-a-copa-do-bras\/#primaryimage\"},\"thumbnailUrl\":\"https:\/\/www.gaveanews.com\/wp-content\/uploads\/Quinteros-posa-para-foto-no-estadio-do-Gremio.webp\",\"articleSection\":[\"Gr\u00eamio\"],\"inLanguage\":\"pt-BR\",\"potentialAction\":[{\"@type\":\"CommentAction\",\"name\":\"Comment\",\"target\":[\"https:\/\/www.gaveanews.com\/index.php\/2025\/03\/11\/tiago-volpi-joao-pedro-jemerson-wagner-leonardo-lucas-esteves-villasanti-camilo-cristian-olivera-monsalve-amuzu-pavon-e-braithwaite-os-jogadores-relacionados-pelo-gremio-para-a-copa-do-bras\/#respond\"]}],\"copyrightYear\":\"2025\",\"copyrightHolder\":{\"@id\":\"https:\/\/www.gaveanews.com\/#organization\"}},{\"@type\":\"WebPage\",\"@id\":\"https:\/\/www.gaveanews.com\/index.php\/2025\/03\/11\/tiago-volpi-joao-pedro-jemerson-wagner-leonardo-lucas-esteves-villasanti-camilo-cristian-olivera-monsalve-amuzu-pavon-e-braithwaite-os-jogadores-relacionados-pelo-gremio-para-a-copa-do-bras\/\",\"url\":\"https:\/\/www.gaveanews.com\/index.php\/2025\/03\/11\/tiago-volpi-joao-pedro-jemerson-wagner-leonardo-lucas-esteves-villasanti-camilo-cristian-olivera-monsalve-amuzu-pavon-e-braithwaite-os-jogadores-relacionados-pelo-gremio-para-a-copa-do-bras\/\",\"name\":\"Tiago Volpi, Jo\u00e3o Pedro, Jemerson, Wagner Leonardo, Lucas Esteves, Villasanti, Camilo, Cristian Olivera, Monsalve, Amuzu, Pavon e Braithwaite: os jogadores relacionados pelo Gr\u00eamio para a Copa do Brasil\",\"isPartOf\":{\"@id\":\"https:\/\/www.gaveanews.com\/#website\"},\"primaryImageOfPage\":{\"@id\":\"https:\/\/www.gaveanews.com\/index.php\/2025\/03\/11\/tiago-volpi-joao-pedro-jemerson-wagner-leonardo-lucas-esteves-villasanti-camilo-cristian-olivera-monsalve-amuzu-pavon-e-braithwaite-os-jogadores-relacionados-pelo-gremio-para-a-copa-do-bras\/#primaryimage\"},\"image\":{\"@id\":\"https:\/\/www.gaveanews.com\/index.php\/2025\/03\/11\/tiago-volpi-joao-pedro-jemerson-wagner-leonardo-lucas-esteves-villasanti-camilo-cristian-olivera-monsalve-amuzu-pavon-e-braithwaite-os-jogadores-relacionados-pelo-gremio-para-a-copa-do-bras\/#primaryimage\"},\"thumbnailUrl\":\"https:\/\/www.gaveanews.com\/wp-content\/uploads\/Quinteros-posa-para-foto-no-estadio-do-Gremio.webp\",\"datePublished\":\"2025-03-12T01:25:00+00:00\",\"author\":{\"@id\":\"https:\/\/www.gaveanews.com\/#\/schema\/person\/daf63eec72e1164eb13dc35096c2b8da\"},\"breadcrumb\":{\"@id\":\"https:\/\/www.gaveanews.com\/index.php\/2025\/03\/11\/tiago-volpi-joao-pedro-jemerson-wagner-leonardo-lucas-esteves-villasanti-camilo-cristian-olivera-monsalve-amuzu-pavon-e-braithwaite-os-jogadores-relacionados-pelo-gremio-para-a-copa-do-bras\/#breadcrumb\"},\"inLanguage\":\"pt-BR\",\"potentialAction\":[{\"@type\":\"ReadAction\",\"target\":[\"https:\/\/www.gaveanews.com\/index.php\/2025\/03\/11\/tiago-volpi-joao-pedro-jemerson-wagner-leonardo-lucas-esteves-villasanti-camilo-cristian-olivera-monsalve-amuzu-pavon-e-braithwaite-os-jogadores-relacionados-pelo-gremio-para-a-copa-do-bras\/\"]}]},{\"@type\":\"ImageObject\",\"inLanguage\":\"pt-BR\",\"@id\":\"https:\/\/www.gaveanews.com\/index.php\/2025\/03\/11\/tiago-volpi-joao-pedro-jemerson-wagner-leonardo-lucas-esteves-villasanti-camilo-cristian-olivera-monsalve-amuzu-pavon-e-braithwaite-os-jogadores-relacionados-pelo-gremio-para-a-copa-do-bras\/#primaryimage\",\"url\":\"https:\/\/www.gaveanews.com\/wp-content\/uploads\/Quinteros-posa-para-foto-no-estadio-do-Gremio.webp\",\"contentUrl\":\"https:\/\/www.gaveanews.com\/wp-content\/uploads\/Quinteros-posa-para-foto-no-estadio-do-Gremio.webp\",\"width\":1024,\"height\":576,\"caption\":\"Quinteros posa para foto no est\u00e1dio do Gr\u00eamio (Foto: Lucas Uebel\/Gr\u00eamio)\"},{\"@type\":\"BreadcrumbList\",\"@id\":\"https:\/\/www.gaveanews.com\/index.php\/2025\/03\/11\/tiago-volpi-joao-pedro-jemerson-wagner-leonardo-lucas-esteves-villasanti-camilo-cristian-olivera-monsalve-amuzu-pavon-e-braithwaite-os-jogadores-relacionados-pelo-gremio-para-a-copa-do-bras\/#breadcrumb\",\"itemListElement\":[{\"@type\":\"ListItem\",\"position\":1,\"name\":\"Home\",\"item\":\"https:\/\/www.gaveanews.com\/\"},{\"@type\":\"ListItem\",\"position\":2,\"name\":\"Tiago Volpi, Jo\u00e3o Pedro, Jemerson, Wagner Leonardo, Lucas Esteves, Villasanti, Camilo, Cristian Olivera, Monsalve, Amuzu, Pavon e Braithwaite: os jogadores relacionados pelo Gr\u00eamio para a Copa do Brasil\"}]},{\"@type\":\"WebSite\",\"@id\":\"https:\/\/www.gaveanews.com\/#website\",\"url\":\"https:\/\/www.gaveanews.com\/\",\"name\":\"G\u00e1vea News\",\"description\":\"Veja todas as not\u00edcias sobre o Flamengo: Contrata\u00e7\u00f5es, categorias de base, resultados das partidas, tabela de classifica\u00e7\u00e3o, pr\u00f3ximos jogos!\",\"potentialAction\":[{\"@type\":\"SearchAction\",\"target\":{\"@type\":\"EntryPoint\",\"urlTemplate\":\"https:\/\/www.gaveanews.com\/?s={search_term_string}\"},\"query-input\":{\"@type\":\"PropertyValueSpecification\",\"valueRequired\":true,\"valueName\":\"search_term_string\"}}],\"inLanguage\":\"pt-BR\"},{\"@type\":\"Person\",\"@id\":\"https:\/\/www.gaveanews.com\/#\/schema\/person\/daf63eec72e1164eb13dc35096c2b8da\",\"name\":\"Paula Silva\",\"image\":{\"@type\":\"ImageObject\",\"inLanguage\":\"pt-BR\",\"@id\":\"https:\/\/www.gaveanews.com\/#\/schema\/person\/image\/\",\"url\":\"https:\/\/secure.gravatar.com\/avatar\/eda381c845527cc5d64c13b901833cda29d97500ba040d3e6461f76f51d163bb?s=96&d=mm&r=g\",\"contentUrl\":\"https:\/\/secure.gravatar.com\/avatar\/eda381c845527cc5d64c13b901833cda29d97500ba040d3e6461f76f51d163bb?s=96&d=mm&r=g\",\"caption\":\"Paula Silva\"}}]}<\/script>\n<!-- \/ Yoast SEO Premium plugin. -->","yoast_head_json":{"title":"Tiago Volpi, Jo\u00e3o Pedro, Jemerson, Wagner Leonardo, Lucas Esteves, Villasanti, Camilo, Cristian Olivera, Monsalve, Amuzu, Pavon e Braithwaite: os jogadores relacionados pelo Gr\u00eamio para a Copa do Brasil","robots":{"index":"index","follow":"follow","max-snippet":"max-snippet:-1","max-image-preview":"max-image-preview:large","max-video-preview":"max-video-preview:-1"},"canonical":"https:\/\/www.gaveanews.com\/index.php\/2025\/03\/11\/tiago-volpi-joao-pedro-jemerson-wagner-leonardo-lucas-esteves-villasanti-camilo-cristian-olivera-monsalve-amuzu-pavon-e-braithwaite-os-jogadores-relacionados-pelo-gremio-para-a-copa-do-bras\/","og_locale":"pt_BR","og_type":"article","og_title":"Tiago Volpi, Jo\u00e3o Pedro, Jemerson, Wagner Leonardo, Lucas Esteves, Villasanti, Camilo, Cristian Olivera, Monsalve, Amuzu, Pavon e Braithwaite: os jogadores relacionados pelo Gr\u00eamio para a Copa do Brasil","og_description":"O Gr\u00eamio est\u00e1 pronto para enfrentar o Athletic na segunda fase da Copa do Brasil. A equipe viajou para S\u00e3o Jo\u00e3o del-Rei, Minas Gerais, com for\u00e7a m\u00e1xima, visando garantir a classifica\u00e7\u00e3o na competi\u00e7\u00e3o nacional. O duelo est\u00e1 marcado para quarta-feira (12 de mar\u00e7o), \u00e0s 19h30 (hor\u00e1rio de Bras\u00edlia), na Arena Sicredi. O t\u00e9cnico Gustavo Quinteros [&hellip;]","og_url":"https:\/\/www.gaveanews.com\/index.php\/2025\/03\/11\/tiago-volpi-joao-pedro-jemerson-wagner-leonardo-lucas-esteves-villasanti-camilo-cristian-olivera-monsalve-amuzu-pavon-e-braithwaite-os-jogadores-relacionados-pelo-gremio-para-a-copa-do-bras\/","og_site_name":"G\u00e1vea News","article_publisher":"https:\/\/facebook.com\/gaveaNews\/","article_published_time":"2025-03-12T01:25:00+00:00","og_image":[{"width":1024,"height":576,"url":"https:\/\/www.gaveanews.com\/wp-content\/uploads\/Quinteros-posa-para-foto-no-estadio-do-Gremio.webp","type":"image\/webp"}],"author":"Paula Silva","twitter_card":"summary_large_image","twitter_misc":{"Escrito por":"Paula Silva","Est. tempo de leitura":"3 minutos"},"schema":{"@context":"https:\/\/schema.org","@graph":[{"@type":"NewsArticle","@id":"https:\/\/www.gaveanews.com\/index.php\/2025\/03\/11\/tiago-volpi-joao-pedro-jemerson-wagner-leonardo-lucas-esteves-villasanti-camilo-cristian-olivera-monsalve-amuzu-pavon-e-braithwaite-os-jogadores-relacionados-pelo-gremio-para-a-copa-do-bras\/#article","isPartOf":{"@id":"https:\/\/www.gaveanews.com\/index.php\/2025\/03\/11\/tiago-volpi-joao-pedro-jemerson-wagner-leonardo-lucas-esteves-villasanti-camilo-cristian-olivera-monsalve-amuzu-pavon-e-braithwaite-os-jogadores-relacionados-pelo-gremio-para-a-copa-do-bras\/"},"author":{"name":"Paula Silva","@id":"https:\/\/www.gaveanews.com\/#\/schema\/person\/daf63eec72e1164eb13dc35096c2b8da"},"headline":"Tiago Volpi, Jo\u00e3o Pedro, Jemerson, Wagner Leonardo, Lucas Esteves, Villasanti, Camilo, Cristian Olivera, Monsalve, Amuzu, Pavon e Braithwaite: os jogadores relacionados pelo Gr\u00eamio para a Copa do Brasil","datePublished":"2025-03-12T01:25:00+00:00","mainEntityOfPage":{"@id":"https:\/\/www.gaveanews.com\/index.php\/2025\/03\/11\/tiago-volpi-joao-pedro-jemerson-wagner-leonardo-lucas-esteves-villasanti-camilo-cristian-olivera-monsalve-amuzu-pavon-e-braithwaite-os-jogadores-relacionados-pelo-gremio-para-a-copa-do-bras\/"},"wordCount":406,"commentCount":0,"image":{"@id":"https:\/\/www.gaveanews.com\/index.php\/2025\/03\/11\/tiago-volpi-joao-pedro-jemerson-wagner-leonardo-lucas-esteves-villasanti-camilo-cristian-olivera-monsalve-amuzu-pavon-e-braithwaite-os-jogadores-relacionados-pelo-gremio-para-a-copa-do-bras\/#primaryimage"},"thumbnailUrl":"https:\/\/www.gaveanews.com\/wp-content\/uploads\/Quinteros-posa-para-foto-no-estadio-do-Gremio.webp","articleSection":["Gr\u00eamio"],"inLanguage":"pt-BR","potentialAction":[{"@type":"CommentAction","name":"Comment","target":["https:\/\/www.gaveanews.com\/index.php\/2025\/03\/11\/tiago-volpi-joao-pedro-jemerson-wagner-leonardo-lucas-esteves-villasanti-camilo-cristian-olivera-monsalve-amuzu-pavon-e-braithwaite-os-jogadores-relacionados-pelo-gremio-para-a-copa-do-bras\/#respond"]}],"copyrightYear":"2025","copyrightHolder":{"@id":"https:\/\/www.gaveanews.com\/#organization"}},{"@type":"WebPage","@id":"https:\/\/www.gaveanews.com\/index.php\/2025\/03\/11\/tiago-volpi-joao-pedro-jemerson-wagner-leonardo-lucas-esteves-villasanti-camilo-cristian-olivera-monsalve-amuzu-pavon-e-braithwaite-os-jogadores-relacionados-pelo-gremio-para-a-copa-do-bras\/","url":"https:\/\/www.gaveanews.com\/index.php\/2025\/03\/11\/tiago-volpi-joao-pedro-jemerson-wagner-leonardo-lucas-esteves-villasanti-camilo-cristian-olivera-monsalve-amuzu-pavon-e-braithwaite-os-jogadores-relacionados-pelo-gremio-para-a-copa-do-bras\/","name":"Tiago Volpi, Jo\u00e3o Pedro, Jemerson, Wagner Leonardo, Lucas Esteves, Villasanti, Camilo, Cristian Olivera, Monsalve, Amuzu, Pavon e Braithwaite: os jogadores relacionados pelo Gr\u00eamio para a Copa do Brasil","isPartOf":{"@id":"https:\/\/www.gaveanews.com\/#website"},"primaryImageOfPage":{"@id":"https:\/\/www.gaveanews.com\/index.php\/2025\/03\/11\/tiago-volpi-joao-pedro-jemerson-wagner-leonardo-lucas-esteves-villasanti-camilo-cristian-olivera-monsalve-amuzu-pavon-e-braithwaite-os-jogadores-relacionados-pelo-gremio-para-a-copa-do-bras\/#primaryimage"},"image":{"@id":"https:\/\/www.gaveanews.com\/index.php\/2025\/03\/11\/tiago-volpi-joao-pedro-jemerson-wagner-leonardo-lucas-esteves-villasanti-camilo-cristian-olivera-monsalve-amuzu-pavon-e-braithwaite-os-jogadores-relacionados-pelo-gremio-para-a-copa-do-bras\/#primaryimage"},"thumbnailUrl":"https:\/\/www.gaveanews.com\/wp-content\/uploads\/Quinteros-posa-para-foto-no-estadio-do-Gremio.webp","datePublished":"2025-03-12T01:25:00+00:00","author":{"@id":"https:\/\/www.gaveanews.com\/#\/schema\/person\/daf63eec72e1164eb13dc35096c2b8da"},"breadcrumb":{"@id":"https:\/\/www.gaveanews.com\/index.php\/2025\/03\/11\/tiago-volpi-joao-pedro-jemerson-wagner-leonardo-lucas-esteves-villasanti-camilo-cristian-olivera-monsalve-amuzu-pavon-e-braithwaite-os-jogadores-relacionados-pelo-gremio-para-a-copa-do-bras\/#breadcrumb"},"inLanguage":"pt-BR","potentialAction":[{"@type":"ReadAction","target":["https:\/\/www.gaveanews.com\/index.php\/2025\/03\/11\/tiago-volpi-joao-pedro-jemerson-wagner-leonardo-lucas-esteves-villasanti-camilo-cristian-olivera-monsalve-amuzu-pavon-e-braithwaite-os-jogadores-relacionados-pelo-gremio-para-a-copa-do-bras\/"]}]},{"@type":"ImageObject","inLanguage":"pt-BR","@id":"https:\/\/www.gaveanews.com\/index.php\/2025\/03\/11\/tiago-volpi-joao-pedro-jemerson-wagner-leonardo-lucas-esteves-villasanti-camilo-cristian-olivera-monsalve-amuzu-pavon-e-braithwaite-os-jogadores-relacionados-pelo-gremio-para-a-copa-do-bras\/#primaryimage","url":"https:\/\/www.gaveanews.com\/wp-content\/uploads\/Quinteros-posa-para-foto-no-estadio-do-Gremio.webp","contentUrl":"https:\/\/www.gaveanews.com\/wp-content\/uploads\/Quinteros-posa-para-foto-no-estadio-do-Gremio.webp","width":1024,"height":576,"caption":"Quinteros posa para foto no est\u00e1dio do Gr\u00eamio (Foto: Lucas Uebel\/Gr\u00eamio)"},{"@type":"BreadcrumbList","@id":"https:\/\/www.gaveanews.com\/index.php\/2025\/03\/11\/tiago-volpi-joao-pedro-jemerson-wagner-leonardo-lucas-esteves-villasanti-camilo-cristian-olivera-monsalve-amuzu-pavon-e-braithwaite-os-jogadores-relacionados-pelo-gremio-para-a-copa-do-bras\/#breadcrumb","itemListElement":[{"@type":"ListItem","position":1,"name":"Home","item":"https:\/\/www.gaveanews.com\/"},{"@type":"ListItem","position":2,"name":"Tiago Volpi, Jo\u00e3o Pedro, Jemerson, Wagner Leonardo, Lucas Esteves, Villasanti, Camilo, Cristian Olivera, Monsalve, Amuzu, Pavon e Braithwaite: os jogadores relacionados pelo Gr\u00eamio para a Copa do Brasil"}]},{"@type":"WebSite","@id":"https:\/\/www.gaveanews.com\/#website","url":"https:\/\/www.gaveanews.com\/","name":"G\u00e1vea News","description":"Veja todas as not\u00edcias sobre o Flamengo: Contrata\u00e7\u00f5es, categorias de base, resultados das partidas, tabela de classifica\u00e7\u00e3o, pr\u00f3ximos jogos!","potentialAction":[{"@type":"SearchAction","target":{"@type":"EntryPoint","urlTemplate":"https:\/\/www.gaveanews.com\/?s={search_term_string}"},"query-input":{"@type":"PropertyValueSpecification","valueRequired":true,"valueName":"search_term_string"}}],"inLanguage":"pt-BR"},{"@type":"Person","@id":"https:\/\/www.gaveanews.com\/#\/schema\/person\/daf63eec72e1164eb13dc35096c2b8da","name":"Paula Silva","image":{"@type":"ImageObject","inLanguage":"pt-BR","@id":"https:\/\/www.gaveanews.com\/#\/schema\/person\/image\/","url":"https:\/\/secure.gravatar.com\/avatar\/eda381c845527cc5d64c13b901833cda29d97500ba040d3e6461f76f51d163bb?s=96&d=mm&r=g","contentUrl":"https:\/\/secure.gravatar.com\/avatar\/eda381c845527cc5d64c13b901833cda29d97500ba040d3e6461f76f51d163bb?s=96&d=mm&r=g","caption":"Paula Silva"}}]}},"_links":{"self":[{"href":"https:\/\/www.gaveanews.com\/index.php\/wp-json\/wp\/v2\/posts\/238644","targetHints":{"allow":["GET"]}}],"collection":[{"href":"https:\/\/www.gaveanews.com\/index.php\/wp-json\/wp\/v2\/posts"}],"about":[{"href":"https:\/\/www.gaveanews.com\/index.php\/wp-json\/wp\/v2\/types\/post"}],"author":[{"embeddable":true,"href":"https:\/\/www.gaveanews.com\/index.php\/wp-json\/wp\/v2\/users\/18"}],"replies":[{"embeddable":true,"href":"https:\/\/www.gaveanews.com\/index.php\/wp-json\/wp\/v2\/comments?post=238644"}],"version-history":[{"count":1,"href":"https:\/\/www.gaveanews.com\/index.php\/wp-json\/wp\/v2\/posts\/238644\/revisions"}],"predecessor-version":[{"id":238652,"href":"https:\/\/www.gaveanews.com\/index.php\/wp-json\/wp\/v2\/posts\/238644\/revisions\/238652"}],"wp:featuredmedia":[{"embeddable":true,"href":"https:\/\/www.gaveanews.com\/index.php\/wp-json\/wp\/v2\/media\/208932"}],"wp:attachment":[{"href":"https:\/\/www.gaveanews.com\/index.php\/wp-json\/wp\/v2\/media?parent=238644"}],"wp:term":[{"taxonomy":"category","embeddable":true,"href":"https:\/\/www.gaveanews.com\/index.php\/wp-json\/wp\/v2\/categories?post=238644"},{"taxonomy":"post_tag","embeddable":true,"href":"https:\/\/www.gaveanews.com\/index.php\/wp-json\/wp\/v2\/tags?post=238644"}],"curies":[{"name":"wp","href":"https:\/\/api.w.org\/{rel}","templated":true}]}}