{"id":238685,"date":"2025-03-11T18:48:26","date_gmt":"2025-03-11T21:48:26","guid":{"rendered":"https:\/\/www.gaveanews.com\/?p=238685"},"modified":"2025-03-11T18:48:28","modified_gmt":"2025-03-11T21:48:28","slug":"os-ultimos-detalhes-para-a-renovacao-de-pulgar-do-flamengo","status":"publish","type":"post","link":"https:\/\/www.gaveanews.com\/index.php\/2025\/03\/11\/os-ultimos-detalhes-para-a-renovacao-de-pulgar-do-flamengo\/","title":{"rendered":"Os \u00faltimos detalhes para a renova\u00e7\u00e3o de Pulgar, do Flamengo"},"content":{"rendered":"\n<p>O Flamengo segue avan\u00e7ando nas negocia\u00e7\u00f5es para a renova\u00e7\u00e3o contratual de Erick Pulgar, mas ainda precisa resolver uma diverg\u00eancia para oficializar o novo v\u00ednculo. O clube e o estafe do jogador chileno j\u00e1 acertaram que o contrato ser\u00e1 estendido at\u00e9 o fim de 2028, por\u00e9m, h\u00e1 discord\u00e2ncia sobre a cl\u00e1usula de multa rescis\u00f3ria. Enquanto a diretoria rubro-negra prop\u00f5e um valor, os representantes do volante pedem outro montante.<\/p>\n\n\n\n<p>Para tentar chegar a um acordo definitivo, est\u00e1 prevista uma reuni\u00e3o na pr\u00f3xima semana entre as partes. A diretoria do Flamengo considera a renova\u00e7\u00e3o de Pulgar uma das prioridades do momento, visto que o jogador se tornou uma pe\u00e7a fundamental no esquema t\u00e1tico do t\u00e9cnico Filipe Lu\u00eds. O treinador teve um papel importante na mudan\u00e7a de postura do atleta, que anteriormente n\u00e3o demonstrava interesse em estender seu v\u00ednculo e deixaria o clube ao t\u00e9rmino do contrato vigente.<\/p>\n\n\n\n<figure class=\"wp-block-image size-full\"><img loading=\"lazy\" decoding=\"async\" width=\"799\" height=\"533\" src=\"http:\/\/www.gaveanews.com\/wp-content\/uploads\/Eirck-Pulgar-em-coletiva-de-apresentacao-no-Flamengo.webp\" alt=\"\" class=\"wp-image-85566\" srcset=\"https:\/\/www.gaveanews.com\/wp-content\/uploads\/Eirck-Pulgar-em-coletiva-de-apresentacao-no-Flamengo.webp 799w, https:\/\/www.gaveanews.com\/wp-content\/uploads\/Eirck-Pulgar-em-coletiva-de-apresentacao-no-Flamengo-300x200.webp 300w, https:\/\/www.gaveanews.com\/wp-content\/uploads\/Eirck-Pulgar-em-coletiva-de-apresentacao-no-Flamengo-768x512.webp 768w, https:\/\/www.gaveanews.com\/wp-content\/uploads\/Eirck-Pulgar-em-coletiva-de-apresentacao-no-Flamengo-630x420.webp 630w, https:\/\/www.gaveanews.com\/wp-content\/uploads\/Eirck-Pulgar-em-coletiva-de-apresentacao-no-Flamengo-640x427.webp 640w, https:\/\/www.gaveanews.com\/wp-content\/uploads\/Eirck-Pulgar-em-coletiva-de-apresentacao-no-Flamengo-681x454.webp 681w, https:\/\/www.gaveanews.com\/wp-content\/uploads\/Eirck-Pulgar-em-coletiva-de-apresentacao-no-Flamengo-100x67.webp 100w\" sizes=\"auto, (max-width: 799px) 100vw, 799px\" \/><figcaption class=\"wp-element-caption\">Erick Pulgar em coletiva de apresenta\u00e7\u00e3o no Flamengo (Foto: Gilvan de Souza\/Flamengo)<\/figcaption><\/figure>\n\n\n\n<p>Na atual temporada, Pulgar disputou oito partidas pelo Flamengo, sendo titular em sete delas. Ele ficou fora de apenas dois jogos do time principal, ocasi\u00f5es em que Filipe Lu\u00eds optou por poupar alguns atletas. Sua regularidade e desempenho em campo refor\u00e7am o desejo da diretoria em mant\u00ea-lo no elenco por mais tempo.<\/p>\n\n\n\n<p>Com a renova\u00e7\u00e3o do chileno bem encaminhada, a diretoria do Flamengo j\u00e1 planeja estender o contrato de outros jogadores considerados pe\u00e7as-chave no elenco. Entre os nomes na lista de prioridades est\u00e3o o zagueiro Cleiton, o lateral-direito Varela, al\u00e9m dos meio-campistas Gerson e Arrascaeta. A inten\u00e7\u00e3o do clube \u00e9 garantir a continuidade da base do time para os pr\u00f3ximos anos.<\/p>\n\n\n\n<p>A negocia\u00e7\u00e3o de Erick Pulgar refor\u00e7a o esfor\u00e7o do Flamengo em manter jogadores estrat\u00e9gicos no elenco, visando n\u00e3o apenas a atual temporada, mas tamb\u00e9m a estabilidade e competitividade da equipe nos pr\u00f3ximos anos. A expectativa \u00e9 que a quest\u00e3o da multa rescis\u00f3ria seja resolvida na reuni\u00e3o marcada, permitindo que o an\u00fancio da renova\u00e7\u00e3o seja feito em breve.<\/p>\n\n\n\n<p>Enquanto isso, Pulgar segue \u00e0 disposi\u00e7\u00e3o de Filipe Lu\u00eds para os compromissos do time na temporada, ciente de que seu futuro no clube est\u00e1 pr\u00f3ximo de ser definido.<\/p>\n","protected":false},"excerpt":{"rendered":"<p>O Flamengo segue avan\u00e7ando nas negocia\u00e7\u00f5es para a renova\u00e7\u00e3o contratual de Erick Pulgar, mas ainda precisa resolver uma diverg\u00eancia para oficializar o novo v\u00ednculo. O clube e o estafe do jogador chileno j\u00e1 acertaram que o contrato ser\u00e1 estendido at\u00e9 o fim de 2028, por\u00e9m, h\u00e1 discord\u00e2ncia sobre a cl\u00e1usula de multa rescis\u00f3ria. Enquanto a [&hellip;]<\/p>\n","protected":false},"author":33,"featured_media":181661,"comment_status":"open","ping_status":"closed","sticky":false,"template":"","format":"standard","meta":{"footnotes":""},"categories":[1],"tags":[],"class_list":["post-238685","post","type-post","status-publish","format-standard","has-post-thumbnail","hentry","category-flamengo"],"yoast_head":"<!-- This site is optimized with the Yoast SEO Premium plugin v24.2 (Yoast SEO v26.9) - https:\/\/yoast.com\/product\/yoast-seo-premium-wordpress\/ -->\n<title>Os \u00faltimos detalhes para a renova\u00e7\u00e3o de Pulgar, do Flamengo<\/title>\n<meta name=\"robots\" content=\"index, follow, max-snippet:-1, max-image-preview:large, max-video-preview:-1\" \/>\n<link rel=\"canonical\" href=\"https:\/\/www.gaveanews.com\/index.php\/2025\/03\/11\/os-ultimos-detalhes-para-a-renovacao-de-pulgar-do-flamengo\/\" \/>\n<meta property=\"og:locale\" content=\"pt_BR\" \/>\n<meta property=\"og:type\" content=\"article\" \/>\n<meta property=\"og:title\" content=\"Os \u00faltimos detalhes para a renova\u00e7\u00e3o de Pulgar, do Flamengo\" \/>\n<meta property=\"og:description\" content=\"O Flamengo segue avan\u00e7ando nas negocia\u00e7\u00f5es para a renova\u00e7\u00e3o contratual de Erick Pulgar, mas ainda precisa resolver uma diverg\u00eancia para oficializar o novo v\u00ednculo. O clube e o estafe do jogador chileno j\u00e1 acertaram que o contrato ser\u00e1 estendido at\u00e9 o fim de 2028, por\u00e9m, h\u00e1 discord\u00e2ncia sobre a cl\u00e1usula de multa rescis\u00f3ria. Enquanto a [&hellip;]\" \/>\n<meta property=\"og:url\" content=\"https:\/\/www.gaveanews.com\/index.php\/2025\/03\/11\/os-ultimos-detalhes-para-a-renovacao-de-pulgar-do-flamengo\/\" \/>\n<meta property=\"og:site_name\" content=\"G\u00e1vea News\" \/>\n<meta property=\"article:publisher\" content=\"https:\/\/facebook.com\/gaveaNews\/\" \/>\n<meta property=\"article:published_time\" content=\"2025-03-11T21:48:26+00:00\" \/>\n<meta property=\"article:modified_time\" content=\"2025-03-11T21:48:28+00:00\" \/>\n<meta property=\"og:image\" content=\"http:\/\/www.gaveanews.com\/wp-content\/uploads\/erick-pulgar-wesley-flamengo-vasco-edited.webp\" \/>\n\t<meta property=\"og:image:width\" content=\"613\" \/>\n\t<meta property=\"og:image:height\" content=\"490\" \/>\n\t<meta property=\"og:image:type\" content=\"image\/jpeg\" \/>\n<meta name=\"author\" content=\"Brenda Cezillo\" \/>\n<meta name=\"twitter:card\" content=\"summary_large_image\" \/>\n<meta name=\"twitter:label1\" content=\"Escrito por\" \/>\n\t<meta name=\"twitter:data1\" content=\"Brenda Cezillo\" \/>\n\t<meta name=\"twitter:label2\" content=\"Est. tempo de leitura\" \/>\n\t<meta name=\"twitter:data2\" content=\"3 minutos\" \/>\n<script type=\"application\/ld+json\" class=\"yoast-schema-graph\">{\"@context\":\"https:\/\/schema.org\",\"@graph\":[{\"@type\":\"NewsArticle\",\"@id\":\"https:\/\/www.gaveanews.com\/index.php\/2025\/03\/11\/os-ultimos-detalhes-para-a-renovacao-de-pulgar-do-flamengo\/#article\",\"isPartOf\":{\"@id\":\"https:\/\/www.gaveanews.com\/index.php\/2025\/03\/11\/os-ultimos-detalhes-para-a-renovacao-de-pulgar-do-flamengo\/\"},\"author\":{\"name\":\"Brenda Cezillo\",\"@id\":\"https:\/\/www.gaveanews.com\/#\/schema\/person\/c79759ca337c40791ae8d08e2923d403\"},\"headline\":\"Os \u00faltimos detalhes para a renova\u00e7\u00e3o de Pulgar, do Flamengo\",\"datePublished\":\"2025-03-11T21:48:26+00:00\",\"dateModified\":\"2025-03-11T21:48:28+00:00\",\"mainEntityOfPage\":{\"@id\":\"https:\/\/www.gaveanews.com\/index.php\/2025\/03\/11\/os-ultimos-detalhes-para-a-renovacao-de-pulgar-do-flamengo\/\"},\"wordCount\":407,\"commentCount\":0,\"image\":{\"@id\":\"https:\/\/www.gaveanews.com\/index.php\/2025\/03\/11\/os-ultimos-detalhes-para-a-renovacao-de-pulgar-do-flamengo\/#primaryimage\"},\"thumbnailUrl\":\"https:\/\/www.gaveanews.com\/wp-content\/uploads\/erick-pulgar-wesley-flamengo-vasco-edited.webp\",\"articleSection\":[\"Flamengo\"],\"inLanguage\":\"pt-BR\",\"potentialAction\":[{\"@type\":\"CommentAction\",\"name\":\"Comment\",\"target\":[\"https:\/\/www.gaveanews.com\/index.php\/2025\/03\/11\/os-ultimos-detalhes-para-a-renovacao-de-pulgar-do-flamengo\/#respond\"]}],\"copyrightYear\":\"2025\",\"copyrightHolder\":{\"@id\":\"https:\/\/www.gaveanews.com\/#organization\"}},{\"@type\":\"WebPage\",\"@id\":\"https:\/\/www.gaveanews.com\/index.php\/2025\/03\/11\/os-ultimos-detalhes-para-a-renovacao-de-pulgar-do-flamengo\/\",\"url\":\"https:\/\/www.gaveanews.com\/index.php\/2025\/03\/11\/os-ultimos-detalhes-para-a-renovacao-de-pulgar-do-flamengo\/\",\"name\":\"Os \u00faltimos detalhes para a renova\u00e7\u00e3o de Pulgar, do Flamengo\",\"isPartOf\":{\"@id\":\"https:\/\/www.gaveanews.com\/#website\"},\"primaryImageOfPage\":{\"@id\":\"https:\/\/www.gaveanews.com\/index.php\/2025\/03\/11\/os-ultimos-detalhes-para-a-renovacao-de-pulgar-do-flamengo\/#primaryimage\"},\"image\":{\"@id\":\"https:\/\/www.gaveanews.com\/index.php\/2025\/03\/11\/os-ultimos-detalhes-para-a-renovacao-de-pulgar-do-flamengo\/#primaryimage\"},\"thumbnailUrl\":\"https:\/\/www.gaveanews.com\/wp-content\/uploads\/erick-pulgar-wesley-flamengo-vasco-edited.webp\",\"datePublished\":\"2025-03-11T21:48:26+00:00\",\"dateModified\":\"2025-03-11T21:48:28+00:00\",\"author\":{\"@id\":\"https:\/\/www.gaveanews.com\/#\/schema\/person\/c79759ca337c40791ae8d08e2923d403\"},\"breadcrumb\":{\"@id\":\"https:\/\/www.gaveanews.com\/index.php\/2025\/03\/11\/os-ultimos-detalhes-para-a-renovacao-de-pulgar-do-flamengo\/#breadcrumb\"},\"inLanguage\":\"pt-BR\",\"potentialAction\":[{\"@type\":\"ReadAction\",\"target\":[\"https:\/\/www.gaveanews.com\/index.php\/2025\/03\/11\/os-ultimos-detalhes-para-a-renovacao-de-pulgar-do-flamengo\/\"]}]},{\"@type\":\"ImageObject\",\"inLanguage\":\"pt-BR\",\"@id\":\"https:\/\/www.gaveanews.com\/index.php\/2025\/03\/11\/os-ultimos-detalhes-para-a-renovacao-de-pulgar-do-flamengo\/#primaryimage\",\"url\":\"https:\/\/www.gaveanews.com\/wp-content\/uploads\/erick-pulgar-wesley-flamengo-vasco-edited.webp\",\"contentUrl\":\"https:\/\/www.gaveanews.com\/wp-content\/uploads\/erick-pulgar-wesley-flamengo-vasco-edited.webp\",\"width\":613,\"height\":490,\"caption\":\"Erick Pulgar em a\u00e7\u00e3o pelo Flamengo contra o Vasco (Foto: Paula Reis\/Flamengo)\"},{\"@type\":\"BreadcrumbList\",\"@id\":\"https:\/\/www.gaveanews.com\/index.php\/2025\/03\/11\/os-ultimos-detalhes-para-a-renovacao-de-pulgar-do-flamengo\/#breadcrumb\",\"itemListElement\":[{\"@type\":\"ListItem\",\"position\":1,\"name\":\"Home\",\"item\":\"https:\/\/www.gaveanews.com\/\"},{\"@type\":\"ListItem\",\"position\":2,\"name\":\"Os \u00faltimos detalhes para a renova\u00e7\u00e3o de Pulgar, do Flamengo\"}]},{\"@type\":\"WebSite\",\"@id\":\"https:\/\/www.gaveanews.com\/#website\",\"url\":\"https:\/\/www.gaveanews.com\/\",\"name\":\"G\u00e1vea News\",\"description\":\"Veja todas as not\u00edcias sobre o Flamengo: Contrata\u00e7\u00f5es, categorias de base, resultados das partidas, tabela de classifica\u00e7\u00e3o, pr\u00f3ximos jogos!\",\"potentialAction\":[{\"@type\":\"SearchAction\",\"target\":{\"@type\":\"EntryPoint\",\"urlTemplate\":\"https:\/\/www.gaveanews.com\/?s={search_term_string}\"},\"query-input\":{\"@type\":\"PropertyValueSpecification\",\"valueRequired\":true,\"valueName\":\"search_term_string\"}}],\"inLanguage\":\"pt-BR\"},{\"@type\":\"Person\",\"@id\":\"https:\/\/www.gaveanews.com\/#\/schema\/person\/c79759ca337c40791ae8d08e2923d403\",\"name\":\"Brenda Cezillo\",\"image\":{\"@type\":\"ImageObject\",\"inLanguage\":\"pt-BR\",\"@id\":\"https:\/\/www.gaveanews.com\/#\/schema\/person\/image\/\",\"url\":\"https:\/\/secure.gravatar.com\/avatar\/1738d75cee7317f9c29ae61dd67620c5883d80a92e42a6fff88ae5d527af217a?s=96&d=mm&r=g\",\"contentUrl\":\"https:\/\/secure.gravatar.com\/avatar\/1738d75cee7317f9c29ae61dd67620c5883d80a92e42a6fff88ae5d527af217a?s=96&d=mm&r=g\",\"caption\":\"Brenda Cezillo\"}}]}<\/script>\n<!-- \/ Yoast SEO Premium plugin. -->","yoast_head_json":{"title":"Os \u00faltimos detalhes para a renova\u00e7\u00e3o de Pulgar, do Flamengo","robots":{"index":"index","follow":"follow","max-snippet":"max-snippet:-1","max-image-preview":"max-image-preview:large","max-video-preview":"max-video-preview:-1"},"canonical":"https:\/\/www.gaveanews.com\/index.php\/2025\/03\/11\/os-ultimos-detalhes-para-a-renovacao-de-pulgar-do-flamengo\/","og_locale":"pt_BR","og_type":"article","og_title":"Os \u00faltimos detalhes para a renova\u00e7\u00e3o de Pulgar, do Flamengo","og_description":"O Flamengo segue avan\u00e7ando nas negocia\u00e7\u00f5es para a renova\u00e7\u00e3o contratual de Erick Pulgar, mas ainda precisa resolver uma diverg\u00eancia para oficializar o novo v\u00ednculo. O clube e o estafe do jogador chileno j\u00e1 acertaram que o contrato ser\u00e1 estendido at\u00e9 o fim de 2028, por\u00e9m, h\u00e1 discord\u00e2ncia sobre a cl\u00e1usula de multa rescis\u00f3ria. Enquanto a [&hellip;]","og_url":"https:\/\/www.gaveanews.com\/index.php\/2025\/03\/11\/os-ultimos-detalhes-para-a-renovacao-de-pulgar-do-flamengo\/","og_site_name":"G\u00e1vea News","article_publisher":"https:\/\/facebook.com\/gaveaNews\/","article_published_time":"2025-03-11T21:48:26+00:00","article_modified_time":"2025-03-11T21:48:28+00:00","og_image":[{"width":613,"height":490,"url":"http:\/\/www.gaveanews.com\/wp-content\/uploads\/erick-pulgar-wesley-flamengo-vasco-edited.webp","type":"image\/jpeg"}],"author":"Brenda Cezillo","twitter_card":"summary_large_image","twitter_misc":{"Escrito por":"Brenda Cezillo","Est. tempo de leitura":"3 minutos"},"schema":{"@context":"https:\/\/schema.org","@graph":[{"@type":"NewsArticle","@id":"https:\/\/www.gaveanews.com\/index.php\/2025\/03\/11\/os-ultimos-detalhes-para-a-renovacao-de-pulgar-do-flamengo\/#article","isPartOf":{"@id":"https:\/\/www.gaveanews.com\/index.php\/2025\/03\/11\/os-ultimos-detalhes-para-a-renovacao-de-pulgar-do-flamengo\/"},"author":{"name":"Brenda Cezillo","@id":"https:\/\/www.gaveanews.com\/#\/schema\/person\/c79759ca337c40791ae8d08e2923d403"},"headline":"Os \u00faltimos detalhes para a renova\u00e7\u00e3o de Pulgar, do Flamengo","datePublished":"2025-03-11T21:48:26+00:00","dateModified":"2025-03-11T21:48:28+00:00","mainEntityOfPage":{"@id":"https:\/\/www.gaveanews.com\/index.php\/2025\/03\/11\/os-ultimos-detalhes-para-a-renovacao-de-pulgar-do-flamengo\/"},"wordCount":407,"commentCount":0,"image":{"@id":"https:\/\/www.gaveanews.com\/index.php\/2025\/03\/11\/os-ultimos-detalhes-para-a-renovacao-de-pulgar-do-flamengo\/#primaryimage"},"thumbnailUrl":"https:\/\/www.gaveanews.com\/wp-content\/uploads\/erick-pulgar-wesley-flamengo-vasco-edited.webp","articleSection":["Flamengo"],"inLanguage":"pt-BR","potentialAction":[{"@type":"CommentAction","name":"Comment","target":["https:\/\/www.gaveanews.com\/index.php\/2025\/03\/11\/os-ultimos-detalhes-para-a-renovacao-de-pulgar-do-flamengo\/#respond"]}],"copyrightYear":"2025","copyrightHolder":{"@id":"https:\/\/www.gaveanews.com\/#organization"}},{"@type":"WebPage","@id":"https:\/\/www.gaveanews.com\/index.php\/2025\/03\/11\/os-ultimos-detalhes-para-a-renovacao-de-pulgar-do-flamengo\/","url":"https:\/\/www.gaveanews.com\/index.php\/2025\/03\/11\/os-ultimos-detalhes-para-a-renovacao-de-pulgar-do-flamengo\/","name":"Os \u00faltimos detalhes para a renova\u00e7\u00e3o de Pulgar, do Flamengo","isPartOf":{"@id":"https:\/\/www.gaveanews.com\/#website"},"primaryImageOfPage":{"@id":"https:\/\/www.gaveanews.com\/index.php\/2025\/03\/11\/os-ultimos-detalhes-para-a-renovacao-de-pulgar-do-flamengo\/#primaryimage"},"image":{"@id":"https:\/\/www.gaveanews.com\/index.php\/2025\/03\/11\/os-ultimos-detalhes-para-a-renovacao-de-pulgar-do-flamengo\/#primaryimage"},"thumbnailUrl":"https:\/\/www.gaveanews.com\/wp-content\/uploads\/erick-pulgar-wesley-flamengo-vasco-edited.webp","datePublished":"2025-03-11T21:48:26+00:00","dateModified":"2025-03-11T21:48:28+00:00","author":{"@id":"https:\/\/www.gaveanews.com\/#\/schema\/person\/c79759ca337c40791ae8d08e2923d403"},"breadcrumb":{"@id":"https:\/\/www.gaveanews.com\/index.php\/2025\/03\/11\/os-ultimos-detalhes-para-a-renovacao-de-pulgar-do-flamengo\/#breadcrumb"},"inLanguage":"pt-BR","potentialAction":[{"@type":"ReadAction","target":["https:\/\/www.gaveanews.com\/index.php\/2025\/03\/11\/os-ultimos-detalhes-para-a-renovacao-de-pulgar-do-flamengo\/"]}]},{"@type":"ImageObject","inLanguage":"pt-BR","@id":"https:\/\/www.gaveanews.com\/index.php\/2025\/03\/11\/os-ultimos-detalhes-para-a-renovacao-de-pulgar-do-flamengo\/#primaryimage","url":"https:\/\/www.gaveanews.com\/wp-content\/uploads\/erick-pulgar-wesley-flamengo-vasco-edited.webp","contentUrl":"https:\/\/www.gaveanews.com\/wp-content\/uploads\/erick-pulgar-wesley-flamengo-vasco-edited.webp","width":613,"height":490,"caption":"Erick Pulgar em a\u00e7\u00e3o pelo Flamengo contra o Vasco (Foto: Paula Reis\/Flamengo)"},{"@type":"BreadcrumbList","@id":"https:\/\/www.gaveanews.com\/index.php\/2025\/03\/11\/os-ultimos-detalhes-para-a-renovacao-de-pulgar-do-flamengo\/#breadcrumb","itemListElement":[{"@type":"ListItem","position":1,"name":"Home","item":"https:\/\/www.gaveanews.com\/"},{"@type":"ListItem","position":2,"name":"Os \u00faltimos detalhes para a renova\u00e7\u00e3o de Pulgar, do Flamengo"}]},{"@type":"WebSite","@id":"https:\/\/www.gaveanews.com\/#website","url":"https:\/\/www.gaveanews.com\/","name":"G\u00e1vea News","description":"Veja todas as not\u00edcias sobre o Flamengo: Contrata\u00e7\u00f5es, categorias de base, resultados das partidas, tabela de classifica\u00e7\u00e3o, pr\u00f3ximos jogos!","potentialAction":[{"@type":"SearchAction","target":{"@type":"EntryPoint","urlTemplate":"https:\/\/www.gaveanews.com\/?s={search_term_string}"},"query-input":{"@type":"PropertyValueSpecification","valueRequired":true,"valueName":"search_term_string"}}],"inLanguage":"pt-BR"},{"@type":"Person","@id":"https:\/\/www.gaveanews.com\/#\/schema\/person\/c79759ca337c40791ae8d08e2923d403","name":"Brenda Cezillo","image":{"@type":"ImageObject","inLanguage":"pt-BR","@id":"https:\/\/www.gaveanews.com\/#\/schema\/person\/image\/","url":"https:\/\/secure.gravatar.com\/avatar\/1738d75cee7317f9c29ae61dd67620c5883d80a92e42a6fff88ae5d527af217a?s=96&d=mm&r=g","contentUrl":"https:\/\/secure.gravatar.com\/avatar\/1738d75cee7317f9c29ae61dd67620c5883d80a92e42a6fff88ae5d527af217a?s=96&d=mm&r=g","caption":"Brenda Cezillo"}}]}},"_links":{"self":[{"href":"https:\/\/www.gaveanews.com\/index.php\/wp-json\/wp\/v2\/posts\/238685","targetHints":{"allow":["GET"]}}],"collection":[{"href":"https:\/\/www.gaveanews.com\/index.php\/wp-json\/wp\/v2\/posts"}],"about":[{"href":"https:\/\/www.gaveanews.com\/index.php\/wp-json\/wp\/v2\/types\/post"}],"author":[{"embeddable":true,"href":"https:\/\/www.gaveanews.com\/index.php\/wp-json\/wp\/v2\/users\/33"}],"replies":[{"embeddable":true,"href":"https:\/\/www.gaveanews.com\/index.php\/wp-json\/wp\/v2\/comments?post=238685"}],"version-history":[{"count":1,"href":"https:\/\/www.gaveanews.com\/index.php\/wp-json\/wp\/v2\/posts\/238685\/revisions"}],"predecessor-version":[{"id":238689,"href":"https:\/\/www.gaveanews.com\/index.php\/wp-json\/wp\/v2\/posts\/238685\/revisions\/238689"}],"wp:featuredmedia":[{"embeddable":true,"href":"https:\/\/www.gaveanews.com\/index.php\/wp-json\/wp\/v2\/media\/181661"}],"wp:attachment":[{"href":"https:\/\/www.gaveanews.com\/index.php\/wp-json\/wp\/v2\/media?parent=238685"}],"wp:term":[{"taxonomy":"category","embeddable":true,"href":"https:\/\/www.gaveanews.com\/index.php\/wp-json\/wp\/v2\/categories?post=238685"},{"taxonomy":"post_tag","embeddable":true,"href":"https:\/\/www.gaveanews.com\/index.php\/wp-json\/wp\/v2\/tags?post=238685"}],"curies":[{"name":"wp","href":"https:\/\/api.w.org\/{rel}","templated":true}]}}