{"id":23870,"date":"2019-08-01T18:14:21","date_gmt":"2019-08-01T21:14:21","guid":{"rendered":"http:\/\/www.gaveanews.com\/?p=23870"},"modified":"2019-08-01T18:41:37","modified_gmt":"2019-08-01T21:41:37","slug":"comemoracao-de-rafinha-viraliza-nas-redes-sociais-e-torcedores-do-flamengo-rasgam-elogios-para-o-lateral","status":"publish","type":"post","link":"https:\/\/www.gaveanews.com\/index.php\/2019\/08\/01\/comemoracao-de-rafinha-viraliza-nas-redes-sociais-e-torcedores-do-flamengo-rasgam-elogios-para-o-lateral\/","title":{"rendered":"Comemora\u00e7\u00e3o de Rafinha viraliza nas redes sociais e torcedores do Flamengo rasgam elogios para o lateral"},"content":{"rendered":"\n<p>Rafinha estreou pelo Flamengo h\u00e1 menos de um m\u00eas. No entanto, o atleta j\u00e1 tem se tornado pe\u00e7a imprescind\u00edvel para a equipe rubro-negra. Na partida contra o Emelec, ele sofreu o p\u00eanalti que abriu o caminho para a vit\u00f3ria do Fla por 2 a 0. <\/p>\n\n\n\n<p>Nos p\u00eanaltis, o defensor tamb\u00e9m marcou seu gol e ajudou o Mais Querido a se classificar. Ap\u00f3s converter sua cobran\u00e7a, Rafinha \u2018explodiu\u2019 na comemora\u00e7\u00e3o. Ap\u00f3s a confirma\u00e7\u00e3o da vaga, o lateral direito foi aos prantos.<\/p>\n\n\n\n<p>As rea\u00e7\u00f5es de Rafinha chamaram aten\u00e7\u00e3o porque, mesmo sendo um atleta experiente e com a carreira recheada de conquistas importantes, o atleta extravasou ao conseguir sua primeira classifica\u00e7\u00e3o em um mata-mata pelo Fla. Nas redes sociais, o nome do jogador foi um dos mais comentados.<\/p>\n\n\n\n<p>Vale destacar que ap\u00f3s o jogo, o pr\u00f3prio lateral fez quest\u00e3o de destacar que est\u00e1 muito feliz por ter escolhido o Flamengo. <strong>Confira a declara\u00e7\u00e3o do lateral juntamente com alguns coment\u00e1rios dos torcedores:<\/strong><\/p>\n\n\n\n<figure class=\"wp-block-embed-instagram wp-block-embed is-type-rich is-provider-instagram\"><div class=\"wp-block-embed__wrapper\">\nhttps:\/\/www.instagram.com\/p\/B0osaifBZpa\/\n<\/div><\/figure>\n\n\n\n<figure class=\"wp-block-embed-twitter wp-block-embed is-type-rich is-provider-twitter\"><div class=\"wp-block-embed__wrapper\">\n<blockquote class=\"twitter-tweet\" data-width=\"550\" data-dnt=\"true\"><p lang=\"zxx\" dir=\"ltr\"><a href=\"https:\/\/t.co\/d3E4IBp91O\">pic.twitter.com\/d3E4IBp91O<\/a><\/p>&mdash; GIFSFLA (@GifsFla) <a href=\"https:\/\/twitter.com\/GifsFla\/status\/1156761914606854144?ref_src=twsrc%5Etfw\">August 1, 2019<\/a><\/blockquote><script async src=\"https:\/\/platform.twitter.com\/widgets.js\" charset=\"utf-8\"><\/script>\n<\/div><\/figure>\n\n\n\n<figure class=\"wp-block-embed-twitter wp-block-embed is-type-rich is-provider-twitter\"><div class=\"wp-block-embed__wrapper\">\n<blockquote class=\"twitter-tweet\" data-width=\"550\" data-dnt=\"true\"><p lang=\"pt\" dir=\"ltr\">Olha a vibra\u00e7\u00e3o do Rafinha, esse entendeu rapidinho o que \u00e9 Flamengo e o esp\u00edrito Rubro Negro.<br><br>M\u00c1XIMO RESPEITO \ud83d\udc4f\ud83d\udc4f\ud83d\udc4f <a href=\"https:\/\/t.co\/Hr4RSnUavj\">pic.twitter.com\/Hr4RSnUavj<\/a><\/p>&mdash; RA\u00c7A, AMOR E PAIX\u00c3O! \ud83d\udd34\u26ab \u1d9c\u02b3\u1da0 (@flaamor1981) <a href=\"https:\/\/twitter.com\/flaamor1981\/status\/1156768979421159424?ref_src=twsrc%5Etfw\">August 1, 2019<\/a><\/blockquote><script async src=\"https:\/\/platform.twitter.com\/widgets.js\" charset=\"utf-8\"><\/script>\n<\/div><\/figure>\n\n\n\n<figure class=\"wp-block-embed-twitter wp-block-embed is-type-rich is-provider-twitter\"><div class=\"wp-block-embed__wrapper\">\n<blockquote class=\"twitter-tweet\" data-width=\"550\" data-dnt=\"true\"><p lang=\"pt\" dir=\"ltr\">A vibra\u00e7\u00e3o do Rafinha e de arrepiar! <a href=\"https:\/\/t.co\/LNUwiSvF2u\">pic.twitter.com\/LNUwiSvF2u<\/a><\/p>&mdash; Sou Da Na\u00e7\u00e3o (@SouDaNacao) <a href=\"https:\/\/twitter.com\/SouDaNacao\/status\/1156792523467173888?ref_src=twsrc%5Etfw\">August 1, 2019<\/a><\/blockquote><script async src=\"https:\/\/platform.twitter.com\/widgets.js\" charset=\"utf-8\"><\/script>\n<\/div><\/figure>\n\n\n\n<figure class=\"wp-block-embed-twitter wp-block-embed is-type-rich is-provider-twitter\"><div class=\"wp-block-embed__wrapper\">\n<blockquote class=\"twitter-tweet\" data-width=\"550\" data-dnt=\"true\"><p lang=\"pt\" dir=\"ltr\">Vibra\u00e7\u00e3o de Rafinha valeu por dois gols.<\/p>&mdash; Guardinha FlaTT (@guardinhaFlaTT) <a href=\"https:\/\/twitter.com\/guardinhaFlaTT\/status\/1156962429638721537?ref_src=twsrc%5Etfw\">August 1, 2019<\/a><\/blockquote><script async src=\"https:\/\/platform.twitter.com\/widgets.js\" charset=\"utf-8\"><\/script>\n<\/div><\/figure>\n\n\n\n<figure class=\"wp-block-embed-twitter wp-block-embed is-type-rich is-provider-twitter\"><div class=\"wp-block-embed__wrapper\">\n<blockquote class=\"twitter-tweet\" data-width=\"550\" data-dnt=\"true\"><p lang=\"pt\" dir=\"ltr\">Ver o rafinha explodindo de felicidade ontem s\u00f3 me fez ver o quanto valeu a pena essa contrata\u00e7\u00e3o. Que vibra\u00e7\u00e3o! Energia total&#8230; <a href=\"https:\/\/twitter.com\/Flamengo?ref_src=twsrc%5Etfw\">@Flamengo<\/a>  <a href=\"https:\/\/twitter.com\/hashtag\/Emelec?src=hash&amp;ref_src=twsrc%5Etfw\">#Emelec<\/a>  <a href=\"https:\/\/twitter.com\/hashtag\/FlamengoClassificado?src=hash&amp;ref_src=twsrc%5Etfw\">#FlamengoClassificado<\/a><\/p>&mdash; T.Assis (@thiagoassisoliv) <a href=\"https:\/\/twitter.com\/thiagoassisoliv\/status\/1156890184614588416?ref_src=twsrc%5Etfw\">August 1, 2019<\/a><\/blockquote><script async src=\"https:\/\/platform.twitter.com\/widgets.js\" charset=\"utf-8\"><\/script>\n<\/div><\/figure>\n\n\n\n<figure class=\"wp-block-embed-twitter wp-block-embed is-type-rich is-provider-twitter\"><div class=\"wp-block-embed__wrapper\">\n<blockquote class=\"twitter-tweet\" data-width=\"550\" data-dnt=\"true\"><p lang=\"pt\" dir=\"ltr\">Eu quero morar nessa vibra\u00e7\u00e3o do Rafinha, esse cara \u00e9 Flamengo de mais<\/p>&mdash; Leotti (@salesmilano) <a href=\"https:\/\/twitter.com\/salesmilano\/status\/1156764238117052416?ref_src=twsrc%5Etfw\">August 1, 2019<\/a><\/blockquote><script async src=\"https:\/\/platform.twitter.com\/widgets.js\" charset=\"utf-8\"><\/script>\n<\/div><\/figure>\n\n\n\n<figure class=\"wp-block-embed-twitter wp-block-embed is-type-rich is-provider-twitter\"><div class=\"wp-block-embed__wrapper\">\n<blockquote class=\"twitter-tweet\" data-width=\"550\" data-dnt=\"true\"><p lang=\"pt\" dir=\"ltr\">Que vibra\u00e7\u00e3o foi aquela do Rafinha, representou 40 milh\u00f5es de torcedores<\/p>&mdash; Bruno (@BrunoSiqueira96) <a href=\"https:\/\/twitter.com\/BrunoSiqueira96\/status\/1156760276743708673?ref_src=twsrc%5Etfw\">August 1, 2019<\/a><\/blockquote><script async src=\"https:\/\/platform.twitter.com\/widgets.js\" charset=\"utf-8\"><\/script>\n<\/div><\/figure>\n\n\n\n<figure class=\"wp-block-embed-twitter wp-block-embed is-type-rich is-provider-twitter\"><div class=\"wp-block-embed__wrapper\">\nhttps:\/\/twitter.com\/ititalom\/status\/1156942278029651971\n<\/div><\/figure>\n\n\n\n\n\n<p>Adaptado de: Coluna do Fla<\/p>\n","protected":false},"excerpt":{"rendered":"<p>Rafinha estreou pelo Flamengo h\u00e1 menos de um m\u00eas. No entanto, o atleta j\u00e1 tem se tornado pe\u00e7a imprescind\u00edvel para a equipe rubro-negra. Na partida contra o Emelec, ele sofreu o p\u00eanalti que abriu o caminho para a vit\u00f3ria do Fla por 2 a 0. Nos p\u00eanaltis, o defensor tamb\u00e9m marcou seu gol e ajudou [&hellip;]<\/p>\n","protected":false},"author":1,"featured_media":22716,"comment_status":"open","ping_status":"open","sticky":false,"template":"","format":"standard","meta":{"footnotes":""},"categories":[47],"tags":[],"class_list":["post-23870","post","type-post","status-publish","format-standard","has-post-thumbnail","hentry","category-destaques"],"yoast_head":"<!-- This site is optimized with the Yoast SEO Premium plugin v24.2 (Yoast SEO v26.9) - https:\/\/yoast.com\/product\/yoast-seo-premium-wordpress\/ -->\n<title>Comemora\u00e7\u00e3o de Rafinha viraliza nas redes sociais e torcedores do Flamengo rasgam elogios para o lateral<\/title>\n<meta name=\"robots\" content=\"index, follow, max-snippet:-1, max-image-preview:large, max-video-preview:-1\" \/>\n<link rel=\"canonical\" href=\"https:\/\/www.gaveanews.com\/index.php\/2019\/08\/01\/comemoracao-de-rafinha-viraliza-nas-redes-sociais-e-torcedores-do-flamengo-rasgam-elogios-para-o-lateral\/\" \/>\n<meta property=\"og:locale\" content=\"pt_BR\" \/>\n<meta property=\"og:type\" content=\"article\" \/>\n<meta property=\"og:title\" content=\"Comemora\u00e7\u00e3o de Rafinha viraliza nas redes sociais e torcedores do Flamengo rasgam elogios para o lateral\" \/>\n<meta property=\"og:description\" content=\"Rafinha estreou pelo Flamengo h\u00e1 menos de um m\u00eas. No entanto, o atleta j\u00e1 tem se tornado pe\u00e7a imprescind\u00edvel para a equipe rubro-negra. Na partida contra o Emelec, ele sofreu o p\u00eanalti que abriu o caminho para a vit\u00f3ria do Fla por 2 a 0. Nos p\u00eanaltis, o defensor tamb\u00e9m marcou seu gol e ajudou [&hellip;]\" \/>\n<meta property=\"og:url\" content=\"https:\/\/www.gaveanews.com\/index.php\/2019\/08\/01\/comemoracao-de-rafinha-viraliza-nas-redes-sociais-e-torcedores-do-flamengo-rasgam-elogios-para-o-lateral\/\" \/>\n<meta property=\"og:site_name\" content=\"G\u00e1vea News\" \/>\n<meta property=\"article:publisher\" content=\"https:\/\/facebook.com\/gaveaNews\/\" \/>\n<meta property=\"article:published_time\" content=\"2019-08-01T21:14:21+00:00\" \/>\n<meta property=\"article:modified_time\" content=\"2019-08-01T21:41:37+00:00\" \/>\n<meta property=\"og:image\" content=\"https:\/\/www.gaveanews.com\/wp-content\/uploads\/2019\/07\/Rafinha-durante-treinamento-no-Ninho-Do-Urubu.webp\" \/>\n\t<meta property=\"og:image:width\" content=\"901\" \/>\n\t<meta property=\"og:image:height\" content=\"600\" \/>\n\t<meta property=\"og:image:type\" content=\"image\/jpeg\" \/>\n<meta name=\"author\" content=\"Equipe G\u00e1vea News\" \/>\n<meta name=\"twitter:card\" content=\"summary_large_image\" \/>\n<meta name=\"twitter:label1\" content=\"Escrito por\" \/>\n\t<meta name=\"twitter:data1\" content=\"Equipe G\u00e1vea News\" \/>\n\t<meta name=\"twitter:label2\" content=\"Est. tempo de leitura\" \/>\n\t<meta name=\"twitter:data2\" content=\"1 minuto\" \/>\n<script type=\"application\/ld+json\" class=\"yoast-schema-graph\">{\"@context\":\"https:\/\/schema.org\",\"@graph\":[{\"@type\":\"NewsArticle\",\"@id\":\"https:\/\/www.gaveanews.com\/index.php\/2019\/08\/01\/comemoracao-de-rafinha-viraliza-nas-redes-sociais-e-torcedores-do-flamengo-rasgam-elogios-para-o-lateral\/#article\",\"isPartOf\":{\"@id\":\"https:\/\/www.gaveanews.com\/index.php\/2019\/08\/01\/comemoracao-de-rafinha-viraliza-nas-redes-sociais-e-torcedores-do-flamengo-rasgam-elogios-para-o-lateral\/\"},\"author\":{\"name\":\"Equipe G\u00e1vea News\",\"@id\":\"https:\/\/www.gaveanews.com\/#\/schema\/person\/2ec14f73fb96be2caf28f91afb14749d\"},\"headline\":\"Comemora\u00e7\u00e3o de Rafinha viraliza nas redes sociais e torcedores do Flamengo rasgam elogios para o lateral\",\"datePublished\":\"2019-08-01T21:14:21+00:00\",\"dateModified\":\"2019-08-01T21:41:37+00:00\",\"mainEntityOfPage\":{\"@id\":\"https:\/\/www.gaveanews.com\/index.php\/2019\/08\/01\/comemoracao-de-rafinha-viraliza-nas-redes-sociais-e-torcedores-do-flamengo-rasgam-elogios-para-o-lateral\/\"},\"wordCount\":305,\"commentCount\":0,\"image\":{\"@id\":\"https:\/\/www.gaveanews.com\/index.php\/2019\/08\/01\/comemoracao-de-rafinha-viraliza-nas-redes-sociais-e-torcedores-do-flamengo-rasgam-elogios-para-o-lateral\/#primaryimage\"},\"thumbnailUrl\":\"https:\/\/www.gaveanews.com\/wp-content\/uploads\/2019\/07\/Rafinha-durante-treinamento-no-Ninho-Do-Urubu.webp\",\"articleSection\":[\"Destaques\"],\"inLanguage\":\"pt-BR\",\"potentialAction\":[{\"@type\":\"CommentAction\",\"name\":\"Comment\",\"target\":[\"https:\/\/www.gaveanews.com\/index.php\/2019\/08\/01\/comemoracao-de-rafinha-viraliza-nas-redes-sociais-e-torcedores-do-flamengo-rasgam-elogios-para-o-lateral\/#respond\"]}],\"copyrightYear\":\"2019\",\"copyrightHolder\":{\"@id\":\"https:\/\/www.gaveanews.com\/#organization\"}},{\"@type\":\"WebPage\",\"@id\":\"https:\/\/www.gaveanews.com\/index.php\/2019\/08\/01\/comemoracao-de-rafinha-viraliza-nas-redes-sociais-e-torcedores-do-flamengo-rasgam-elogios-para-o-lateral\/\",\"url\":\"https:\/\/www.gaveanews.com\/index.php\/2019\/08\/01\/comemoracao-de-rafinha-viraliza-nas-redes-sociais-e-torcedores-do-flamengo-rasgam-elogios-para-o-lateral\/\",\"name\":\"Comemora\u00e7\u00e3o de Rafinha viraliza nas redes sociais e torcedores do Flamengo rasgam elogios para o lateral\",\"isPartOf\":{\"@id\":\"https:\/\/www.gaveanews.com\/#website\"},\"primaryImageOfPage\":{\"@id\":\"https:\/\/www.gaveanews.com\/index.php\/2019\/08\/01\/comemoracao-de-rafinha-viraliza-nas-redes-sociais-e-torcedores-do-flamengo-rasgam-elogios-para-o-lateral\/#primaryimage\"},\"image\":{\"@id\":\"https:\/\/www.gaveanews.com\/index.php\/2019\/08\/01\/comemoracao-de-rafinha-viraliza-nas-redes-sociais-e-torcedores-do-flamengo-rasgam-elogios-para-o-lateral\/#primaryimage\"},\"thumbnailUrl\":\"https:\/\/www.gaveanews.com\/wp-content\/uploads\/2019\/07\/Rafinha-durante-treinamento-no-Ninho-Do-Urubu.webp\",\"datePublished\":\"2019-08-01T21:14:21+00:00\",\"dateModified\":\"2019-08-01T21:41:37+00:00\",\"author\":{\"@id\":\"https:\/\/www.gaveanews.com\/#\/schema\/person\/2ec14f73fb96be2caf28f91afb14749d\"},\"breadcrumb\":{\"@id\":\"https:\/\/www.gaveanews.com\/index.php\/2019\/08\/01\/comemoracao-de-rafinha-viraliza-nas-redes-sociais-e-torcedores-do-flamengo-rasgam-elogios-para-o-lateral\/#breadcrumb\"},\"inLanguage\":\"pt-BR\",\"potentialAction\":[{\"@type\":\"ReadAction\",\"target\":[\"https:\/\/www.gaveanews.com\/index.php\/2019\/08\/01\/comemoracao-de-rafinha-viraliza-nas-redes-sociais-e-torcedores-do-flamengo-rasgam-elogios-para-o-lateral\/\"]}]},{\"@type\":\"ImageObject\",\"inLanguage\":\"pt-BR\",\"@id\":\"https:\/\/www.gaveanews.com\/index.php\/2019\/08\/01\/comemoracao-de-rafinha-viraliza-nas-redes-sociais-e-torcedores-do-flamengo-rasgam-elogios-para-o-lateral\/#primaryimage\",\"url\":\"https:\/\/www.gaveanews.com\/wp-content\/uploads\/2019\/07\/Rafinha-durante-treinamento-no-Ninho-Do-Urubu.webp\",\"contentUrl\":\"https:\/\/www.gaveanews.com\/wp-content\/uploads\/2019\/07\/Rafinha-durante-treinamento-no-Ninho-Do-Urubu.webp\",\"width\":901,\"height\":600,\"caption\":\"Rafinha durante treinamento no Ninho Do Urubu (Foto: Alexandre Vidal\/Flamengo)\"},{\"@type\":\"BreadcrumbList\",\"@id\":\"https:\/\/www.gaveanews.com\/index.php\/2019\/08\/01\/comemoracao-de-rafinha-viraliza-nas-redes-sociais-e-torcedores-do-flamengo-rasgam-elogios-para-o-lateral\/#breadcrumb\",\"itemListElement\":[{\"@type\":\"ListItem\",\"position\":1,\"name\":\"Home\",\"item\":\"https:\/\/www.gaveanews.com\/\"},{\"@type\":\"ListItem\",\"position\":2,\"name\":\"Comemora\u00e7\u00e3o de Rafinha viraliza nas redes sociais e torcedores do Flamengo rasgam elogios para o lateral\"}]},{\"@type\":\"WebSite\",\"@id\":\"https:\/\/www.gaveanews.com\/#website\",\"url\":\"https:\/\/www.gaveanews.com\/\",\"name\":\"G\u00e1vea News\",\"description\":\"Veja todas as not\u00edcias sobre o Flamengo: Contrata\u00e7\u00f5es, categorias de base, resultados das partidas, tabela de classifica\u00e7\u00e3o, pr\u00f3ximos jogos!\",\"potentialAction\":[{\"@type\":\"SearchAction\",\"target\":{\"@type\":\"EntryPoint\",\"urlTemplate\":\"https:\/\/www.gaveanews.com\/?s={search_term_string}\"},\"query-input\":{\"@type\":\"PropertyValueSpecification\",\"valueRequired\":true,\"valueName\":\"search_term_string\"}}],\"inLanguage\":\"pt-BR\"},{\"@type\":\"Person\",\"@id\":\"https:\/\/www.gaveanews.com\/#\/schema\/person\/2ec14f73fb96be2caf28f91afb14749d\",\"name\":\"Equipe G\u00e1vea News\",\"image\":{\"@type\":\"ImageObject\",\"inLanguage\":\"pt-BR\",\"@id\":\"https:\/\/www.gaveanews.com\/#\/schema\/person\/image\/\",\"url\":\"https:\/\/secure.gravatar.com\/avatar\/1e1956f1facbffd3f8fa53a326721950116b3b9dc9bd44939c01180fd4a745a9?s=96&d=mm&r=g\",\"contentUrl\":\"https:\/\/secure.gravatar.com\/avatar\/1e1956f1facbffd3f8fa53a326721950116b3b9dc9bd44939c01180fd4a745a9?s=96&d=mm&r=g\",\"caption\":\"Equipe G\u00e1vea News\"}}]}<\/script>\n<!-- \/ Yoast SEO Premium plugin. -->","yoast_head_json":{"title":"Comemora\u00e7\u00e3o de Rafinha viraliza nas redes sociais e torcedores do Flamengo rasgam elogios para o lateral","robots":{"index":"index","follow":"follow","max-snippet":"max-snippet:-1","max-image-preview":"max-image-preview:large","max-video-preview":"max-video-preview:-1"},"canonical":"https:\/\/www.gaveanews.com\/index.php\/2019\/08\/01\/comemoracao-de-rafinha-viraliza-nas-redes-sociais-e-torcedores-do-flamengo-rasgam-elogios-para-o-lateral\/","og_locale":"pt_BR","og_type":"article","og_title":"Comemora\u00e7\u00e3o de Rafinha viraliza nas redes sociais e torcedores do Flamengo rasgam elogios para o lateral","og_description":"Rafinha estreou pelo Flamengo h\u00e1 menos de um m\u00eas. No entanto, o atleta j\u00e1 tem se tornado pe\u00e7a imprescind\u00edvel para a equipe rubro-negra. Na partida contra o Emelec, ele sofreu o p\u00eanalti que abriu o caminho para a vit\u00f3ria do Fla por 2 a 0. Nos p\u00eanaltis, o defensor tamb\u00e9m marcou seu gol e ajudou [&hellip;]","og_url":"https:\/\/www.gaveanews.com\/index.php\/2019\/08\/01\/comemoracao-de-rafinha-viraliza-nas-redes-sociais-e-torcedores-do-flamengo-rasgam-elogios-para-o-lateral\/","og_site_name":"G\u00e1vea News","article_publisher":"https:\/\/facebook.com\/gaveaNews\/","article_published_time":"2019-08-01T21:14:21+00:00","article_modified_time":"2019-08-01T21:41:37+00:00","og_image":[{"width":901,"height":600,"url":"https:\/\/www.gaveanews.com\/wp-content\/uploads\/2019\/07\/Rafinha-durante-treinamento-no-Ninho-Do-Urubu.webp","type":"image\/jpeg"}],"author":"Equipe G\u00e1vea News","twitter_card":"summary_large_image","twitter_misc":{"Escrito por":"Equipe G\u00e1vea News","Est. tempo de leitura":"1 minuto"},"schema":{"@context":"https:\/\/schema.org","@graph":[{"@type":"NewsArticle","@id":"https:\/\/www.gaveanews.com\/index.php\/2019\/08\/01\/comemoracao-de-rafinha-viraliza-nas-redes-sociais-e-torcedores-do-flamengo-rasgam-elogios-para-o-lateral\/#article","isPartOf":{"@id":"https:\/\/www.gaveanews.com\/index.php\/2019\/08\/01\/comemoracao-de-rafinha-viraliza-nas-redes-sociais-e-torcedores-do-flamengo-rasgam-elogios-para-o-lateral\/"},"author":{"name":"Equipe G\u00e1vea News","@id":"https:\/\/www.gaveanews.com\/#\/schema\/person\/2ec14f73fb96be2caf28f91afb14749d"},"headline":"Comemora\u00e7\u00e3o de Rafinha viraliza nas redes sociais e torcedores do Flamengo rasgam elogios para o lateral","datePublished":"2019-08-01T21:14:21+00:00","dateModified":"2019-08-01T21:41:37+00:00","mainEntityOfPage":{"@id":"https:\/\/www.gaveanews.com\/index.php\/2019\/08\/01\/comemoracao-de-rafinha-viraliza-nas-redes-sociais-e-torcedores-do-flamengo-rasgam-elogios-para-o-lateral\/"},"wordCount":305,"commentCount":0,"image":{"@id":"https:\/\/www.gaveanews.com\/index.php\/2019\/08\/01\/comemoracao-de-rafinha-viraliza-nas-redes-sociais-e-torcedores-do-flamengo-rasgam-elogios-para-o-lateral\/#primaryimage"},"thumbnailUrl":"https:\/\/www.gaveanews.com\/wp-content\/uploads\/2019\/07\/Rafinha-durante-treinamento-no-Ninho-Do-Urubu.webp","articleSection":["Destaques"],"inLanguage":"pt-BR","potentialAction":[{"@type":"CommentAction","name":"Comment","target":["https:\/\/www.gaveanews.com\/index.php\/2019\/08\/01\/comemoracao-de-rafinha-viraliza-nas-redes-sociais-e-torcedores-do-flamengo-rasgam-elogios-para-o-lateral\/#respond"]}],"copyrightYear":"2019","copyrightHolder":{"@id":"https:\/\/www.gaveanews.com\/#organization"}},{"@type":"WebPage","@id":"https:\/\/www.gaveanews.com\/index.php\/2019\/08\/01\/comemoracao-de-rafinha-viraliza-nas-redes-sociais-e-torcedores-do-flamengo-rasgam-elogios-para-o-lateral\/","url":"https:\/\/www.gaveanews.com\/index.php\/2019\/08\/01\/comemoracao-de-rafinha-viraliza-nas-redes-sociais-e-torcedores-do-flamengo-rasgam-elogios-para-o-lateral\/","name":"Comemora\u00e7\u00e3o de Rafinha viraliza nas redes sociais e torcedores do Flamengo rasgam elogios para o lateral","isPartOf":{"@id":"https:\/\/www.gaveanews.com\/#website"},"primaryImageOfPage":{"@id":"https:\/\/www.gaveanews.com\/index.php\/2019\/08\/01\/comemoracao-de-rafinha-viraliza-nas-redes-sociais-e-torcedores-do-flamengo-rasgam-elogios-para-o-lateral\/#primaryimage"},"image":{"@id":"https:\/\/www.gaveanews.com\/index.php\/2019\/08\/01\/comemoracao-de-rafinha-viraliza-nas-redes-sociais-e-torcedores-do-flamengo-rasgam-elogios-para-o-lateral\/#primaryimage"},"thumbnailUrl":"https:\/\/www.gaveanews.com\/wp-content\/uploads\/2019\/07\/Rafinha-durante-treinamento-no-Ninho-Do-Urubu.webp","datePublished":"2019-08-01T21:14:21+00:00","dateModified":"2019-08-01T21:41:37+00:00","author":{"@id":"https:\/\/www.gaveanews.com\/#\/schema\/person\/2ec14f73fb96be2caf28f91afb14749d"},"breadcrumb":{"@id":"https:\/\/www.gaveanews.com\/index.php\/2019\/08\/01\/comemoracao-de-rafinha-viraliza-nas-redes-sociais-e-torcedores-do-flamengo-rasgam-elogios-para-o-lateral\/#breadcrumb"},"inLanguage":"pt-BR","potentialAction":[{"@type":"ReadAction","target":["https:\/\/www.gaveanews.com\/index.php\/2019\/08\/01\/comemoracao-de-rafinha-viraliza-nas-redes-sociais-e-torcedores-do-flamengo-rasgam-elogios-para-o-lateral\/"]}]},{"@type":"ImageObject","inLanguage":"pt-BR","@id":"https:\/\/www.gaveanews.com\/index.php\/2019\/08\/01\/comemoracao-de-rafinha-viraliza-nas-redes-sociais-e-torcedores-do-flamengo-rasgam-elogios-para-o-lateral\/#primaryimage","url":"https:\/\/www.gaveanews.com\/wp-content\/uploads\/2019\/07\/Rafinha-durante-treinamento-no-Ninho-Do-Urubu.webp","contentUrl":"https:\/\/www.gaveanews.com\/wp-content\/uploads\/2019\/07\/Rafinha-durante-treinamento-no-Ninho-Do-Urubu.webp","width":901,"height":600,"caption":"Rafinha durante treinamento no Ninho Do Urubu (Foto: Alexandre Vidal\/Flamengo)"},{"@type":"BreadcrumbList","@id":"https:\/\/www.gaveanews.com\/index.php\/2019\/08\/01\/comemoracao-de-rafinha-viraliza-nas-redes-sociais-e-torcedores-do-flamengo-rasgam-elogios-para-o-lateral\/#breadcrumb","itemListElement":[{"@type":"ListItem","position":1,"name":"Home","item":"https:\/\/www.gaveanews.com\/"},{"@type":"ListItem","position":2,"name":"Comemora\u00e7\u00e3o de Rafinha viraliza nas redes sociais e torcedores do Flamengo rasgam elogios para o lateral"}]},{"@type":"WebSite","@id":"https:\/\/www.gaveanews.com\/#website","url":"https:\/\/www.gaveanews.com\/","name":"G\u00e1vea News","description":"Veja todas as not\u00edcias sobre o Flamengo: Contrata\u00e7\u00f5es, categorias de base, resultados das partidas, tabela de classifica\u00e7\u00e3o, pr\u00f3ximos jogos!","potentialAction":[{"@type":"SearchAction","target":{"@type":"EntryPoint","urlTemplate":"https:\/\/www.gaveanews.com\/?s={search_term_string}"},"query-input":{"@type":"PropertyValueSpecification","valueRequired":true,"valueName":"search_term_string"}}],"inLanguage":"pt-BR"},{"@type":"Person","@id":"https:\/\/www.gaveanews.com\/#\/schema\/person\/2ec14f73fb96be2caf28f91afb14749d","name":"Equipe G\u00e1vea News","image":{"@type":"ImageObject","inLanguage":"pt-BR","@id":"https:\/\/www.gaveanews.com\/#\/schema\/person\/image\/","url":"https:\/\/secure.gravatar.com\/avatar\/1e1956f1facbffd3f8fa53a326721950116b3b9dc9bd44939c01180fd4a745a9?s=96&d=mm&r=g","contentUrl":"https:\/\/secure.gravatar.com\/avatar\/1e1956f1facbffd3f8fa53a326721950116b3b9dc9bd44939c01180fd4a745a9?s=96&d=mm&r=g","caption":"Equipe G\u00e1vea News"}}]}},"_links":{"self":[{"href":"https:\/\/www.gaveanews.com\/index.php\/wp-json\/wp\/v2\/posts\/23870","targetHints":{"allow":["GET"]}}],"collection":[{"href":"https:\/\/www.gaveanews.com\/index.php\/wp-json\/wp\/v2\/posts"}],"about":[{"href":"https:\/\/www.gaveanews.com\/index.php\/wp-json\/wp\/v2\/types\/post"}],"author":[{"embeddable":true,"href":"https:\/\/www.gaveanews.com\/index.php\/wp-json\/wp\/v2\/users\/1"}],"replies":[{"embeddable":true,"href":"https:\/\/www.gaveanews.com\/index.php\/wp-json\/wp\/v2\/comments?post=23870"}],"version-history":[{"count":0,"href":"https:\/\/www.gaveanews.com\/index.php\/wp-json\/wp\/v2\/posts\/23870\/revisions"}],"wp:featuredmedia":[{"embeddable":true,"href":"https:\/\/www.gaveanews.com\/index.php\/wp-json\/wp\/v2\/media\/22716"}],"wp:attachment":[{"href":"https:\/\/www.gaveanews.com\/index.php\/wp-json\/wp\/v2\/media?parent=23870"}],"wp:term":[{"taxonomy":"category","embeddable":true,"href":"https:\/\/www.gaveanews.com\/index.php\/wp-json\/wp\/v2\/categories?post=23870"},{"taxonomy":"post_tag","embeddable":true,"href":"https:\/\/www.gaveanews.com\/index.php\/wp-json\/wp\/v2\/tags?post=23870"}],"curies":[{"name":"wp","href":"https:\/\/api.w.org\/{rel}","templated":true}]}}