{"id":238729,"date":"2025-03-12T00:35:00","date_gmt":"2025-03-12T03:35:00","guid":{"rendered":"https:\/\/www.gaveanews.com\/?p=238729"},"modified":"2025-03-11T20:06:09","modified_gmt":"2025-03-11T23:06:09","slug":"roger-machado-fala-sobre-uso-de-camisa-especial-no-grenal","status":"publish","type":"post","link":"https:\/\/www.gaveanews.com\/index.php\/2025\/03\/12\/roger-machado-fala-sobre-uso-de-camisa-especial-no-grenal\/","title":{"rendered":"Roger Machado fala sobre uso de camisa especial no GreNal"},"content":{"rendered":"\n<p>O t\u00e9cnico do Internacional, Roger Machado, utilizou o Gre-Nal 445, v\u00e1lido pela ida da final do Campeonato Ga\u00facho, para se manifestar contra o racismo. Durante a partida, realizada na Arena do Gr\u00eamio, Roger entrou em campo vestindo uma camisa preta que trazia o escudo do clube estilizado com um punho cerrado, s\u00edmbolo da luta antirracista.<\/p>\n\n\n\n<p>A iniciativa do treinador foi uma homenagem ao atacante Luighi, jogador do sub-20 do Palmeiras, que sofreu insultos racistas durante uma partida da Libertadores da categoria contra o Cerro Porte\u00f1o, no Paraguai. Durante o confronto, torcedores advers\u00e1rios cuspiram no atleta e imitaram sons de macaco, em um ato amplamente condenado por entidades esportivas e pelo clube paulista.<\/p>\n\n\n\n<p>Em entrevista ao jornalista Nando Gross, Roger Machado explicou o significado do gesto. \u201cUsei a camisa em solidariedade a ele. Mas assim como l\u00e1, ningu\u00e9m perguntou ao moleque, aqui tamb\u00e9m n\u00e3o. O sil\u00eancio venceu\u201d, lamentou o treinador, referindo-se \u00e0 falta de questionamentos sobre o caso durante a coletiva de imprensa ap\u00f3s o Gre-Nal.<\/p>\n\n\n\n<p>O Internacional tamb\u00e9m se posicionou oficialmente sobre o ocorrido. Em nota, o clube declarou seu apoio a Luighi e reiterou o rep\u00fadio a qualquer manifesta\u00e7\u00e3o de racismo. \u201cO Clube do Povo se solidariza com a dor de Luighi e refor\u00e7a o mais profundo rep\u00fadio a toda e qualquer manifesta\u00e7\u00e3o de racismo. Esperamos que os respons\u00e1veis sejam devida e rapidamente identificados\u201d, afirmou o comunicado divulgado pelo clube ga\u00facho.<\/p>\n\n\n\n<p>Antes do cl\u00e1ssico, o Gr\u00eamio tamb\u00e9m promoveu uma a\u00e7\u00e3o contra o preconceito. Em parceria com a Defensoria P\u00fablica do Rio Grande do Sul, o clube distribuiu materiais informativos aos torcedores na esplanada da Arena, refor\u00e7ando a import\u00e2ncia da luta antirracista dentro e fora do futebol.<\/p>\n\n\n\n<p>A postura de Roger Machado e as a\u00e7\u00f5es promovidas pelos clubes destacam a relev\u00e2ncia do combate ao racismo no esporte. Em um momento em que casos de discrimina\u00e7\u00e3o continuam ocorrendo, iniciativas como essa refor\u00e7am a necessidade de conscientiza\u00e7\u00e3o e medidas efetivas para punir atos de intoler\u00e2ncia no futebol.<\/p>\n","protected":false},"excerpt":{"rendered":"<p>O t\u00e9cnico do Internacional, Roger Machado, utilizou o Gre-Nal 445, v\u00e1lido pela ida da final do Campeonato Ga\u00facho, para se manifestar contra o racismo. Durante a partida, realizada na Arena do Gr\u00eamio, Roger entrou em campo vestindo uma camisa preta que trazia o escudo do clube estilizado com um punho cerrado, s\u00edmbolo da luta antirracista. [&hellip;]<\/p>\n","protected":false},"author":18,"featured_media":154272,"comment_status":"open","ping_status":"closed","sticky":false,"template":"","format":"standard","meta":{"footnotes":""},"categories":[148],"tags":[],"class_list":["post-238729","post","type-post","status-publish","format-standard","has-post-thumbnail","hentry","category-internacional"],"yoast_head":"<!-- This site is optimized with the Yoast SEO Premium plugin v24.2 (Yoast SEO v26.9) - https:\/\/yoast.com\/product\/yoast-seo-premium-wordpress\/ -->\n<title>Roger Machado fala sobre uso de camisa especial no GreNal<\/title>\n<meta name=\"robots\" content=\"index, follow, max-snippet:-1, max-image-preview:large, max-video-preview:-1\" \/>\n<link rel=\"canonical\" href=\"https:\/\/www.gaveanews.com\/index.php\/2025\/03\/12\/roger-machado-fala-sobre-uso-de-camisa-especial-no-grenal\/\" \/>\n<meta property=\"og:locale\" content=\"pt_BR\" \/>\n<meta property=\"og:type\" content=\"article\" \/>\n<meta property=\"og:title\" content=\"Roger Machado fala sobre uso de camisa especial no GreNal\" \/>\n<meta property=\"og:description\" content=\"O t\u00e9cnico do Internacional, Roger Machado, utilizou o Gre-Nal 445, v\u00e1lido pela ida da final do Campeonato Ga\u00facho, para se manifestar contra o racismo. Durante a partida, realizada na Arena do Gr\u00eamio, Roger entrou em campo vestindo uma camisa preta que trazia o escudo do clube estilizado com um punho cerrado, s\u00edmbolo da luta antirracista. [&hellip;]\" \/>\n<meta property=\"og:url\" content=\"https:\/\/www.gaveanews.com\/index.php\/2025\/03\/12\/roger-machado-fala-sobre-uso-de-camisa-especial-no-grenal\/\" \/>\n<meta property=\"og:site_name\" content=\"G\u00e1vea News\" \/>\n<meta property=\"article:publisher\" content=\"https:\/\/facebook.com\/gaveaNews\/\" \/>\n<meta property=\"article:published_time\" content=\"2025-03-12T03:35:00+00:00\" \/>\n<meta property=\"og:image\" content=\"https:\/\/www.gaveanews.com\/wp-content\/uploads\/Roger-Machado-durante-coletiva-pelo-Internacional-em-2024.webp\" \/>\n\t<meta property=\"og:image:width\" content=\"1419\" \/>\n\t<meta property=\"og:image:height\" content=\"1065\" \/>\n\t<meta property=\"og:image:type\" content=\"image\/webp\" \/>\n<meta name=\"author\" content=\"Paula Silva\" \/>\n<meta name=\"twitter:card\" content=\"summary_large_image\" \/>\n<meta name=\"twitter:label1\" content=\"Escrito por\" \/>\n\t<meta name=\"twitter:data1\" content=\"Paula Silva\" \/>\n\t<meta name=\"twitter:label2\" content=\"Est. tempo de leitura\" \/>\n\t<meta name=\"twitter:data2\" content=\"2 minutos\" \/>\n<script type=\"application\/ld+json\" class=\"yoast-schema-graph\">{\"@context\":\"https:\/\/schema.org\",\"@graph\":[{\"@type\":\"NewsArticle\",\"@id\":\"https:\/\/www.gaveanews.com\/index.php\/2025\/03\/12\/roger-machado-fala-sobre-uso-de-camisa-especial-no-grenal\/#article\",\"isPartOf\":{\"@id\":\"https:\/\/www.gaveanews.com\/index.php\/2025\/03\/12\/roger-machado-fala-sobre-uso-de-camisa-especial-no-grenal\/\"},\"author\":{\"name\":\"Paula Silva\",\"@id\":\"https:\/\/www.gaveanews.com\/#\/schema\/person\/daf63eec72e1164eb13dc35096c2b8da\"},\"headline\":\"Roger Machado fala sobre uso de camisa especial no GreNal\",\"datePublished\":\"2025-03-12T03:35:00+00:00\",\"mainEntityOfPage\":{\"@id\":\"https:\/\/www.gaveanews.com\/index.php\/2025\/03\/12\/roger-machado-fala-sobre-uso-de-camisa-especial-no-grenal\/\"},\"wordCount\":366,\"commentCount\":0,\"image\":{\"@id\":\"https:\/\/www.gaveanews.com\/index.php\/2025\/03\/12\/roger-machado-fala-sobre-uso-de-camisa-especial-no-grenal\/#primaryimage\"},\"thumbnailUrl\":\"https:\/\/www.gaveanews.com\/wp-content\/uploads\/Roger-Machado-durante-coletiva-pelo-Internacional-em-2024.webp\",\"articleSection\":[\"Internacional\"],\"inLanguage\":\"pt-BR\",\"potentialAction\":[{\"@type\":\"CommentAction\",\"name\":\"Comment\",\"target\":[\"https:\/\/www.gaveanews.com\/index.php\/2025\/03\/12\/roger-machado-fala-sobre-uso-de-camisa-especial-no-grenal\/#respond\"]}],\"copyrightYear\":\"2025\",\"copyrightHolder\":{\"@id\":\"https:\/\/www.gaveanews.com\/#organization\"}},{\"@type\":\"WebPage\",\"@id\":\"https:\/\/www.gaveanews.com\/index.php\/2025\/03\/12\/roger-machado-fala-sobre-uso-de-camisa-especial-no-grenal\/\",\"url\":\"https:\/\/www.gaveanews.com\/index.php\/2025\/03\/12\/roger-machado-fala-sobre-uso-de-camisa-especial-no-grenal\/\",\"name\":\"Roger Machado fala sobre uso de camisa especial no GreNal\",\"isPartOf\":{\"@id\":\"https:\/\/www.gaveanews.com\/#website\"},\"primaryImageOfPage\":{\"@id\":\"https:\/\/www.gaveanews.com\/index.php\/2025\/03\/12\/roger-machado-fala-sobre-uso-de-camisa-especial-no-grenal\/#primaryimage\"},\"image\":{\"@id\":\"https:\/\/www.gaveanews.com\/index.php\/2025\/03\/12\/roger-machado-fala-sobre-uso-de-camisa-especial-no-grenal\/#primaryimage\"},\"thumbnailUrl\":\"https:\/\/www.gaveanews.com\/wp-content\/uploads\/Roger-Machado-durante-coletiva-pelo-Internacional-em-2024.webp\",\"datePublished\":\"2025-03-12T03:35:00+00:00\",\"author\":{\"@id\":\"https:\/\/www.gaveanews.com\/#\/schema\/person\/daf63eec72e1164eb13dc35096c2b8da\"},\"breadcrumb\":{\"@id\":\"https:\/\/www.gaveanews.com\/index.php\/2025\/03\/12\/roger-machado-fala-sobre-uso-de-camisa-especial-no-grenal\/#breadcrumb\"},\"inLanguage\":\"pt-BR\",\"potentialAction\":[{\"@type\":\"ReadAction\",\"target\":[\"https:\/\/www.gaveanews.com\/index.php\/2025\/03\/12\/roger-machado-fala-sobre-uso-de-camisa-especial-no-grenal\/\"]}]},{\"@type\":\"ImageObject\",\"inLanguage\":\"pt-BR\",\"@id\":\"https:\/\/www.gaveanews.com\/index.php\/2025\/03\/12\/roger-machado-fala-sobre-uso-de-camisa-especial-no-grenal\/#primaryimage\",\"url\":\"https:\/\/www.gaveanews.com\/wp-content\/uploads\/Roger-Machado-durante-coletiva-pelo-Internacional-em-2024.webp\",\"contentUrl\":\"https:\/\/www.gaveanews.com\/wp-content\/uploads\/Roger-Machado-durante-coletiva-pelo-Internacional-em-2024.webp\",\"width\":1419,\"height\":1065,\"caption\":\"Roger Machado durante coletiva pelo Internacional em 2024 (Foto: Reprodu\u00e7\u00e3o\/Internacional)\"},{\"@type\":\"BreadcrumbList\",\"@id\":\"https:\/\/www.gaveanews.com\/index.php\/2025\/03\/12\/roger-machado-fala-sobre-uso-de-camisa-especial-no-grenal\/#breadcrumb\",\"itemListElement\":[{\"@type\":\"ListItem\",\"position\":1,\"name\":\"Home\",\"item\":\"https:\/\/www.gaveanews.com\/\"},{\"@type\":\"ListItem\",\"position\":2,\"name\":\"Roger Machado fala sobre uso de camisa especial no GreNal\"}]},{\"@type\":\"WebSite\",\"@id\":\"https:\/\/www.gaveanews.com\/#website\",\"url\":\"https:\/\/www.gaveanews.com\/\",\"name\":\"G\u00e1vea News\",\"description\":\"Veja todas as not\u00edcias sobre o Flamengo: Contrata\u00e7\u00f5es, categorias de base, resultados das partidas, tabela de classifica\u00e7\u00e3o, pr\u00f3ximos jogos!\",\"potentialAction\":[{\"@type\":\"SearchAction\",\"target\":{\"@type\":\"EntryPoint\",\"urlTemplate\":\"https:\/\/www.gaveanews.com\/?s={search_term_string}\"},\"query-input\":{\"@type\":\"PropertyValueSpecification\",\"valueRequired\":true,\"valueName\":\"search_term_string\"}}],\"inLanguage\":\"pt-BR\"},{\"@type\":\"Person\",\"@id\":\"https:\/\/www.gaveanews.com\/#\/schema\/person\/daf63eec72e1164eb13dc35096c2b8da\",\"name\":\"Paula Silva\",\"image\":{\"@type\":\"ImageObject\",\"inLanguage\":\"pt-BR\",\"@id\":\"https:\/\/www.gaveanews.com\/#\/schema\/person\/image\/\",\"url\":\"https:\/\/secure.gravatar.com\/avatar\/eda381c845527cc5d64c13b901833cda29d97500ba040d3e6461f76f51d163bb?s=96&d=mm&r=g\",\"contentUrl\":\"https:\/\/secure.gravatar.com\/avatar\/eda381c845527cc5d64c13b901833cda29d97500ba040d3e6461f76f51d163bb?s=96&d=mm&r=g\",\"caption\":\"Paula Silva\"}}]}<\/script>\n<!-- \/ Yoast SEO Premium plugin. -->","yoast_head_json":{"title":"Roger Machado fala sobre uso de camisa especial no GreNal","robots":{"index":"index","follow":"follow","max-snippet":"max-snippet:-1","max-image-preview":"max-image-preview:large","max-video-preview":"max-video-preview:-1"},"canonical":"https:\/\/www.gaveanews.com\/index.php\/2025\/03\/12\/roger-machado-fala-sobre-uso-de-camisa-especial-no-grenal\/","og_locale":"pt_BR","og_type":"article","og_title":"Roger Machado fala sobre uso de camisa especial no GreNal","og_description":"O t\u00e9cnico do Internacional, Roger Machado, utilizou o Gre-Nal 445, v\u00e1lido pela ida da final do Campeonato Ga\u00facho, para se manifestar contra o racismo. Durante a partida, realizada na Arena do Gr\u00eamio, Roger entrou em campo vestindo uma camisa preta que trazia o escudo do clube estilizado com um punho cerrado, s\u00edmbolo da luta antirracista. [&hellip;]","og_url":"https:\/\/www.gaveanews.com\/index.php\/2025\/03\/12\/roger-machado-fala-sobre-uso-de-camisa-especial-no-grenal\/","og_site_name":"G\u00e1vea News","article_publisher":"https:\/\/facebook.com\/gaveaNews\/","article_published_time":"2025-03-12T03:35:00+00:00","og_image":[{"width":1419,"height":1065,"url":"https:\/\/www.gaveanews.com\/wp-content\/uploads\/Roger-Machado-durante-coletiva-pelo-Internacional-em-2024.webp","type":"image\/webp"}],"author":"Paula Silva","twitter_card":"summary_large_image","twitter_misc":{"Escrito por":"Paula Silva","Est. tempo de leitura":"2 minutos"},"schema":{"@context":"https:\/\/schema.org","@graph":[{"@type":"NewsArticle","@id":"https:\/\/www.gaveanews.com\/index.php\/2025\/03\/12\/roger-machado-fala-sobre-uso-de-camisa-especial-no-grenal\/#article","isPartOf":{"@id":"https:\/\/www.gaveanews.com\/index.php\/2025\/03\/12\/roger-machado-fala-sobre-uso-de-camisa-especial-no-grenal\/"},"author":{"name":"Paula Silva","@id":"https:\/\/www.gaveanews.com\/#\/schema\/person\/daf63eec72e1164eb13dc35096c2b8da"},"headline":"Roger Machado fala sobre uso de camisa especial no GreNal","datePublished":"2025-03-12T03:35:00+00:00","mainEntityOfPage":{"@id":"https:\/\/www.gaveanews.com\/index.php\/2025\/03\/12\/roger-machado-fala-sobre-uso-de-camisa-especial-no-grenal\/"},"wordCount":366,"commentCount":0,"image":{"@id":"https:\/\/www.gaveanews.com\/index.php\/2025\/03\/12\/roger-machado-fala-sobre-uso-de-camisa-especial-no-grenal\/#primaryimage"},"thumbnailUrl":"https:\/\/www.gaveanews.com\/wp-content\/uploads\/Roger-Machado-durante-coletiva-pelo-Internacional-em-2024.webp","articleSection":["Internacional"],"inLanguage":"pt-BR","potentialAction":[{"@type":"CommentAction","name":"Comment","target":["https:\/\/www.gaveanews.com\/index.php\/2025\/03\/12\/roger-machado-fala-sobre-uso-de-camisa-especial-no-grenal\/#respond"]}],"copyrightYear":"2025","copyrightHolder":{"@id":"https:\/\/www.gaveanews.com\/#organization"}},{"@type":"WebPage","@id":"https:\/\/www.gaveanews.com\/index.php\/2025\/03\/12\/roger-machado-fala-sobre-uso-de-camisa-especial-no-grenal\/","url":"https:\/\/www.gaveanews.com\/index.php\/2025\/03\/12\/roger-machado-fala-sobre-uso-de-camisa-especial-no-grenal\/","name":"Roger Machado fala sobre uso de camisa especial no GreNal","isPartOf":{"@id":"https:\/\/www.gaveanews.com\/#website"},"primaryImageOfPage":{"@id":"https:\/\/www.gaveanews.com\/index.php\/2025\/03\/12\/roger-machado-fala-sobre-uso-de-camisa-especial-no-grenal\/#primaryimage"},"image":{"@id":"https:\/\/www.gaveanews.com\/index.php\/2025\/03\/12\/roger-machado-fala-sobre-uso-de-camisa-especial-no-grenal\/#primaryimage"},"thumbnailUrl":"https:\/\/www.gaveanews.com\/wp-content\/uploads\/Roger-Machado-durante-coletiva-pelo-Internacional-em-2024.webp","datePublished":"2025-03-12T03:35:00+00:00","author":{"@id":"https:\/\/www.gaveanews.com\/#\/schema\/person\/daf63eec72e1164eb13dc35096c2b8da"},"breadcrumb":{"@id":"https:\/\/www.gaveanews.com\/index.php\/2025\/03\/12\/roger-machado-fala-sobre-uso-de-camisa-especial-no-grenal\/#breadcrumb"},"inLanguage":"pt-BR","potentialAction":[{"@type":"ReadAction","target":["https:\/\/www.gaveanews.com\/index.php\/2025\/03\/12\/roger-machado-fala-sobre-uso-de-camisa-especial-no-grenal\/"]}]},{"@type":"ImageObject","inLanguage":"pt-BR","@id":"https:\/\/www.gaveanews.com\/index.php\/2025\/03\/12\/roger-machado-fala-sobre-uso-de-camisa-especial-no-grenal\/#primaryimage","url":"https:\/\/www.gaveanews.com\/wp-content\/uploads\/Roger-Machado-durante-coletiva-pelo-Internacional-em-2024.webp","contentUrl":"https:\/\/www.gaveanews.com\/wp-content\/uploads\/Roger-Machado-durante-coletiva-pelo-Internacional-em-2024.webp","width":1419,"height":1065,"caption":"Roger Machado durante coletiva pelo Internacional em 2024 (Foto: Reprodu\u00e7\u00e3o\/Internacional)"},{"@type":"BreadcrumbList","@id":"https:\/\/www.gaveanews.com\/index.php\/2025\/03\/12\/roger-machado-fala-sobre-uso-de-camisa-especial-no-grenal\/#breadcrumb","itemListElement":[{"@type":"ListItem","position":1,"name":"Home","item":"https:\/\/www.gaveanews.com\/"},{"@type":"ListItem","position":2,"name":"Roger Machado fala sobre uso de camisa especial no GreNal"}]},{"@type":"WebSite","@id":"https:\/\/www.gaveanews.com\/#website","url":"https:\/\/www.gaveanews.com\/","name":"G\u00e1vea News","description":"Veja todas as not\u00edcias sobre o Flamengo: Contrata\u00e7\u00f5es, categorias de base, resultados das partidas, tabela de classifica\u00e7\u00e3o, pr\u00f3ximos jogos!","potentialAction":[{"@type":"SearchAction","target":{"@type":"EntryPoint","urlTemplate":"https:\/\/www.gaveanews.com\/?s={search_term_string}"},"query-input":{"@type":"PropertyValueSpecification","valueRequired":true,"valueName":"search_term_string"}}],"inLanguage":"pt-BR"},{"@type":"Person","@id":"https:\/\/www.gaveanews.com\/#\/schema\/person\/daf63eec72e1164eb13dc35096c2b8da","name":"Paula Silva","image":{"@type":"ImageObject","inLanguage":"pt-BR","@id":"https:\/\/www.gaveanews.com\/#\/schema\/person\/image\/","url":"https:\/\/secure.gravatar.com\/avatar\/eda381c845527cc5d64c13b901833cda29d97500ba040d3e6461f76f51d163bb?s=96&d=mm&r=g","contentUrl":"https:\/\/secure.gravatar.com\/avatar\/eda381c845527cc5d64c13b901833cda29d97500ba040d3e6461f76f51d163bb?s=96&d=mm&r=g","caption":"Paula Silva"}}]}},"_links":{"self":[{"href":"https:\/\/www.gaveanews.com\/index.php\/wp-json\/wp\/v2\/posts\/238729","targetHints":{"allow":["GET"]}}],"collection":[{"href":"https:\/\/www.gaveanews.com\/index.php\/wp-json\/wp\/v2\/posts"}],"about":[{"href":"https:\/\/www.gaveanews.com\/index.php\/wp-json\/wp\/v2\/types\/post"}],"author":[{"embeddable":true,"href":"https:\/\/www.gaveanews.com\/index.php\/wp-json\/wp\/v2\/users\/18"}],"replies":[{"embeddable":true,"href":"https:\/\/www.gaveanews.com\/index.php\/wp-json\/wp\/v2\/comments?post=238729"}],"version-history":[{"count":1,"href":"https:\/\/www.gaveanews.com\/index.php\/wp-json\/wp\/v2\/posts\/238729\/revisions"}],"predecessor-version":[{"id":238733,"href":"https:\/\/www.gaveanews.com\/index.php\/wp-json\/wp\/v2\/posts\/238729\/revisions\/238733"}],"wp:featuredmedia":[{"embeddable":true,"href":"https:\/\/www.gaveanews.com\/index.php\/wp-json\/wp\/v2\/media\/154272"}],"wp:attachment":[{"href":"https:\/\/www.gaveanews.com\/index.php\/wp-json\/wp\/v2\/media?parent=238729"}],"wp:term":[{"taxonomy":"category","embeddable":true,"href":"https:\/\/www.gaveanews.com\/index.php\/wp-json\/wp\/v2\/categories?post=238729"},{"taxonomy":"post_tag","embeddable":true,"href":"https:\/\/www.gaveanews.com\/index.php\/wp-json\/wp\/v2\/tags?post=238729"}],"curies":[{"name":"wp","href":"https:\/\/api.w.org\/{rel}","templated":true}]}}