{"id":238753,"date":"2025-03-12T01:10:00","date_gmt":"2025-03-12T04:10:00","guid":{"rendered":"https:\/\/www.gaveanews.com\/?p=238753"},"modified":"2025-03-11T20:23:47","modified_gmt":"2025-03-11T23:23:47","slug":"corinthians-sera-prejudicado-na-final-do-paulistao-aponta-neto","status":"publish","type":"post","link":"https:\/\/www.gaveanews.com\/index.php\/2025\/03\/12\/corinthians-sera-prejudicado-na-final-do-paulistao-aponta-neto\/","title":{"rendered":"Corinthians ser\u00e1 prejudicado na final do Paulist\u00e3o, aponta Neto"},"content":{"rendered":"\n<p>O apresentador e ex-jogador Neto voltou a causar pol\u00eamica ao comentar sobre a final do Campeonato Paulista entre Corinthians e Palmeiras. Durante o programa &#8220;Os Donos da Bola&#8221;, Neto afirmou que a arbitragem ser\u00e1 decisiva para o resultado do torneio, declarando que o Corinthians n\u00e3o ter\u00e1 chances de conquistar o t\u00edtulo estadual.<\/p>\n\n\n\n<p>A principal cr\u00edtica do ex-jogador se baseia na atua\u00e7\u00e3o da arbitragem na semifinal entre Palmeiras e S\u00e3o Paulo. Neto destacou que a marca\u00e7\u00e3o de um p\u00eanalti favor\u00e1vel ao time alviverde foi determinante para sua classifica\u00e7\u00e3o \u00e0 final. &#8220;A arbitragem n\u00e3o vai deixar o Corinthians ganhar. J\u00e1 n\u00e3o deixaram o S\u00e3o Paulo chegar na final&#8221;, disse o comentarista, refor\u00e7ando sua opini\u00e3o de que o t\u00edtulo j\u00e1 estaria encaminhado para o Palmeiras.<\/p>\n\n\n\n<p>Al\u00e9m das cr\u00edticas, Neto ironizou o planejamento do Corinthians para a decis\u00e3o, sugerindo que a equipe nem precisaria treinar para os jogos finais. &#8220;A\u00ed, Augusto Melo, Ram\u00f3n D\u00edaz, Emiliano D\u00edaz, esquece! N\u00e3o precisa treinar, entrega o jogo. Acabou!&#8221;, afirmou durante a transmiss\u00e3o. Para ele, qualquer esfor\u00e7o da equipe alvinegra seria em v\u00e3o diante do que ele considera uma arbitragem tendenciosa.<\/p>\n\n\n\n<p>A Federa\u00e7\u00e3o Paulista de Futebol, por sua vez, divulgou os \u00e1udios da comunica\u00e7\u00e3o entre o \u00e1rbitro Fl\u00e1vio Rodrigues de Souza e o VAR Rodrigo Guarizo do Amaral, refor\u00e7ando a legalidade da decis\u00e3o tomada no confronto entre Palmeiras e S\u00e3o Paulo. O \u00e1rbitro de v\u00eddeo confirmou a penalidade e respaldou a decis\u00e3o de campo, o que gerou ainda mais debates entre torcedores e comentaristas esportivos.<\/p>\n\n\n\n<p>A pol\u00eamica levanta questionamentos sobre a isen\u00e7\u00e3o da arbitragem no torneio, um tema recorrente em discuss\u00f5es esportivas. O Corinthians, por sua vez, mant\u00e9m o foco na prepara\u00e7\u00e3o para os confrontos decisivos contra o Palmeiras, cujas datas e hor\u00e1rios ainda ser\u00e3o confirmados pela Federa\u00e7\u00e3o Paulista.<\/p>\n\n\n\n<p>Enquanto a final se aproxima, as declara\u00e7\u00f5es de Neto aumentam a tens\u00e3o em torno do cl\u00e1ssico, deixando a rivalidade entre os clubes ainda mais intensa. Resta saber se os jogos ser\u00e3o disputados sem interfer\u00eancias externas ou se, conforme prev\u00ea o comentarista, a arbitragem ser\u00e1 novamente protagonista da decis\u00e3o do Paulist\u00e3o.<\/p>\n","protected":false},"excerpt":{"rendered":"<p>O apresentador e ex-jogador Neto voltou a causar pol\u00eamica ao comentar sobre a final do Campeonato Paulista entre Corinthians e Palmeiras. Durante o programa &#8220;Os Donos da Bola&#8221;, Neto afirmou que a arbitragem ser\u00e1 decisiva para o resultado do torneio, declarando que o Corinthians n\u00e3o ter\u00e1 chances de conquistar o t\u00edtulo estadual. A principal cr\u00edtica [&hellip;]<\/p>\n","protected":false},"author":18,"featured_media":71983,"comment_status":"open","ping_status":"closed","sticky":false,"template":"","format":"standard","meta":{"footnotes":""},"categories":[141,150],"tags":[],"class_list":["post-238753","post","type-post","status-publish","format-standard","has-post-thumbnail","hentry","category-corinthians","category-palmeiras"],"yoast_head":"<!-- This site is optimized with the Yoast SEO Premium plugin v24.2 (Yoast SEO v26.9) - https:\/\/yoast.com\/product\/yoast-seo-premium-wordpress\/ -->\n<title>Corinthians ser\u00e1 prejudicado na final do Paulist\u00e3o, aponta Neto<\/title>\n<meta name=\"robots\" content=\"index, follow, max-snippet:-1, max-image-preview:large, max-video-preview:-1\" \/>\n<link rel=\"canonical\" href=\"https:\/\/www.gaveanews.com\/index.php\/2025\/03\/12\/corinthians-sera-prejudicado-na-final-do-paulistao-aponta-neto\/\" \/>\n<meta property=\"og:locale\" content=\"pt_BR\" \/>\n<meta property=\"og:type\" content=\"article\" \/>\n<meta property=\"og:title\" content=\"Corinthians ser\u00e1 prejudicado na final do Paulist\u00e3o, aponta Neto\" \/>\n<meta property=\"og:description\" content=\"O apresentador e ex-jogador Neto voltou a causar pol\u00eamica ao comentar sobre a final do Campeonato Paulista entre Corinthians e Palmeiras. Durante o programa &#8220;Os Donos da Bola&#8221;, Neto afirmou que a arbitragem ser\u00e1 decisiva para o resultado do torneio, declarando que o Corinthians n\u00e3o ter\u00e1 chances de conquistar o t\u00edtulo estadual. A principal cr\u00edtica [&hellip;]\" \/>\n<meta property=\"og:url\" content=\"https:\/\/www.gaveanews.com\/index.php\/2025\/03\/12\/corinthians-sera-prejudicado-na-final-do-paulistao-aponta-neto\/\" \/>\n<meta property=\"og:site_name\" content=\"G\u00e1vea News\" \/>\n<meta property=\"article:publisher\" content=\"https:\/\/facebook.com\/gaveaNews\/\" \/>\n<meta property=\"article:published_time\" content=\"2025-03-12T04:10:00+00:00\" \/>\n<meta property=\"og:image\" content=\"https:\/\/www.gaveanews.com\/wp-content\/uploads\/Comentarista-Neto-em-programa-da-Band.webp\" \/>\n\t<meta property=\"og:image:width\" content=\"846\" \/>\n\t<meta property=\"og:image:height\" content=\"476\" \/>\n\t<meta property=\"og:image:type\" content=\"image\/jpeg\" \/>\n<meta name=\"author\" content=\"Paula Silva\" \/>\n<meta name=\"twitter:card\" content=\"summary_large_image\" \/>\n<meta name=\"twitter:label1\" content=\"Escrito por\" \/>\n\t<meta name=\"twitter:data1\" content=\"Paula Silva\" \/>\n\t<meta name=\"twitter:label2\" content=\"Est. tempo de leitura\" \/>\n\t<meta name=\"twitter:data2\" content=\"3 minutos\" \/>\n<script type=\"application\/ld+json\" class=\"yoast-schema-graph\">{\"@context\":\"https:\/\/schema.org\",\"@graph\":[{\"@type\":\"NewsArticle\",\"@id\":\"https:\/\/www.gaveanews.com\/index.php\/2025\/03\/12\/corinthians-sera-prejudicado-na-final-do-paulistao-aponta-neto\/#article\",\"isPartOf\":{\"@id\":\"https:\/\/www.gaveanews.com\/index.php\/2025\/03\/12\/corinthians-sera-prejudicado-na-final-do-paulistao-aponta-neto\/\"},\"author\":{\"name\":\"Paula Silva\",\"@id\":\"https:\/\/www.gaveanews.com\/#\/schema\/person\/daf63eec72e1164eb13dc35096c2b8da\"},\"headline\":\"Corinthians ser\u00e1 prejudicado na final do Paulist\u00e3o, aponta Neto\",\"datePublished\":\"2025-03-12T04:10:00+00:00\",\"mainEntityOfPage\":{\"@id\":\"https:\/\/www.gaveanews.com\/index.php\/2025\/03\/12\/corinthians-sera-prejudicado-na-final-do-paulistao-aponta-neto\/\"},\"wordCount\":398,\"commentCount\":0,\"image\":{\"@id\":\"https:\/\/www.gaveanews.com\/index.php\/2025\/03\/12\/corinthians-sera-prejudicado-na-final-do-paulistao-aponta-neto\/#primaryimage\"},\"thumbnailUrl\":\"https:\/\/www.gaveanews.com\/wp-content\/uploads\/Comentarista-Neto-em-programa-da-Band.webp\",\"articleSection\":[\"Corinthians\",\"Palmeiras\"],\"inLanguage\":\"pt-BR\",\"potentialAction\":[{\"@type\":\"CommentAction\",\"name\":\"Comment\",\"target\":[\"https:\/\/www.gaveanews.com\/index.php\/2025\/03\/12\/corinthians-sera-prejudicado-na-final-do-paulistao-aponta-neto\/#respond\"]}],\"copyrightYear\":\"2025\",\"copyrightHolder\":{\"@id\":\"https:\/\/www.gaveanews.com\/#organization\"}},{\"@type\":\"WebPage\",\"@id\":\"https:\/\/www.gaveanews.com\/index.php\/2025\/03\/12\/corinthians-sera-prejudicado-na-final-do-paulistao-aponta-neto\/\",\"url\":\"https:\/\/www.gaveanews.com\/index.php\/2025\/03\/12\/corinthians-sera-prejudicado-na-final-do-paulistao-aponta-neto\/\",\"name\":\"Corinthians ser\u00e1 prejudicado na final do Paulist\u00e3o, aponta Neto\",\"isPartOf\":{\"@id\":\"https:\/\/www.gaveanews.com\/#website\"},\"primaryImageOfPage\":{\"@id\":\"https:\/\/www.gaveanews.com\/index.php\/2025\/03\/12\/corinthians-sera-prejudicado-na-final-do-paulistao-aponta-neto\/#primaryimage\"},\"image\":{\"@id\":\"https:\/\/www.gaveanews.com\/index.php\/2025\/03\/12\/corinthians-sera-prejudicado-na-final-do-paulistao-aponta-neto\/#primaryimage\"},\"thumbnailUrl\":\"https:\/\/www.gaveanews.com\/wp-content\/uploads\/Comentarista-Neto-em-programa-da-Band.webp\",\"datePublished\":\"2025-03-12T04:10:00+00:00\",\"author\":{\"@id\":\"https:\/\/www.gaveanews.com\/#\/schema\/person\/daf63eec72e1164eb13dc35096c2b8da\"},\"breadcrumb\":{\"@id\":\"https:\/\/www.gaveanews.com\/index.php\/2025\/03\/12\/corinthians-sera-prejudicado-na-final-do-paulistao-aponta-neto\/#breadcrumb\"},\"inLanguage\":\"pt-BR\",\"potentialAction\":[{\"@type\":\"ReadAction\",\"target\":[\"https:\/\/www.gaveanews.com\/index.php\/2025\/03\/12\/corinthians-sera-prejudicado-na-final-do-paulistao-aponta-neto\/\"]}]},{\"@type\":\"ImageObject\",\"inLanguage\":\"pt-BR\",\"@id\":\"https:\/\/www.gaveanews.com\/index.php\/2025\/03\/12\/corinthians-sera-prejudicado-na-final-do-paulistao-aponta-neto\/#primaryimage\",\"url\":\"https:\/\/www.gaveanews.com\/wp-content\/uploads\/Comentarista-Neto-em-programa-da-Band.webp\",\"contentUrl\":\"https:\/\/www.gaveanews.com\/wp-content\/uploads\/Comentarista-Neto-em-programa-da-Band.webp\",\"width\":846,\"height\":476,\"caption\":\"Comentarista Neto em programa da Band (Foto: Reprodu\u00e7\u00e3o\/Band)\"},{\"@type\":\"BreadcrumbList\",\"@id\":\"https:\/\/www.gaveanews.com\/index.php\/2025\/03\/12\/corinthians-sera-prejudicado-na-final-do-paulistao-aponta-neto\/#breadcrumb\",\"itemListElement\":[{\"@type\":\"ListItem\",\"position\":1,\"name\":\"Home\",\"item\":\"https:\/\/www.gaveanews.com\/\"},{\"@type\":\"ListItem\",\"position\":2,\"name\":\"Corinthians ser\u00e1 prejudicado na final do Paulist\u00e3o, aponta Neto\"}]},{\"@type\":\"WebSite\",\"@id\":\"https:\/\/www.gaveanews.com\/#website\",\"url\":\"https:\/\/www.gaveanews.com\/\",\"name\":\"G\u00e1vea News\",\"description\":\"Veja todas as not\u00edcias sobre o Flamengo: Contrata\u00e7\u00f5es, categorias de base, resultados das partidas, tabela de classifica\u00e7\u00e3o, pr\u00f3ximos jogos!\",\"potentialAction\":[{\"@type\":\"SearchAction\",\"target\":{\"@type\":\"EntryPoint\",\"urlTemplate\":\"https:\/\/www.gaveanews.com\/?s={search_term_string}\"},\"query-input\":{\"@type\":\"PropertyValueSpecification\",\"valueRequired\":true,\"valueName\":\"search_term_string\"}}],\"inLanguage\":\"pt-BR\"},{\"@type\":\"Person\",\"@id\":\"https:\/\/www.gaveanews.com\/#\/schema\/person\/daf63eec72e1164eb13dc35096c2b8da\",\"name\":\"Paula Silva\",\"image\":{\"@type\":\"ImageObject\",\"inLanguage\":\"pt-BR\",\"@id\":\"https:\/\/www.gaveanews.com\/#\/schema\/person\/image\/\",\"url\":\"https:\/\/secure.gravatar.com\/avatar\/eda381c845527cc5d64c13b901833cda29d97500ba040d3e6461f76f51d163bb?s=96&d=mm&r=g\",\"contentUrl\":\"https:\/\/secure.gravatar.com\/avatar\/eda381c845527cc5d64c13b901833cda29d97500ba040d3e6461f76f51d163bb?s=96&d=mm&r=g\",\"caption\":\"Paula Silva\"}}]}<\/script>\n<!-- \/ Yoast SEO Premium plugin. -->","yoast_head_json":{"title":"Corinthians ser\u00e1 prejudicado na final do Paulist\u00e3o, aponta Neto","robots":{"index":"index","follow":"follow","max-snippet":"max-snippet:-1","max-image-preview":"max-image-preview:large","max-video-preview":"max-video-preview:-1"},"canonical":"https:\/\/www.gaveanews.com\/index.php\/2025\/03\/12\/corinthians-sera-prejudicado-na-final-do-paulistao-aponta-neto\/","og_locale":"pt_BR","og_type":"article","og_title":"Corinthians ser\u00e1 prejudicado na final do Paulist\u00e3o, aponta Neto","og_description":"O apresentador e ex-jogador Neto voltou a causar pol\u00eamica ao comentar sobre a final do Campeonato Paulista entre Corinthians e Palmeiras. Durante o programa &#8220;Os Donos da Bola&#8221;, Neto afirmou que a arbitragem ser\u00e1 decisiva para o resultado do torneio, declarando que o Corinthians n\u00e3o ter\u00e1 chances de conquistar o t\u00edtulo estadual. A principal cr\u00edtica [&hellip;]","og_url":"https:\/\/www.gaveanews.com\/index.php\/2025\/03\/12\/corinthians-sera-prejudicado-na-final-do-paulistao-aponta-neto\/","og_site_name":"G\u00e1vea News","article_publisher":"https:\/\/facebook.com\/gaveaNews\/","article_published_time":"2025-03-12T04:10:00+00:00","og_image":[{"width":846,"height":476,"url":"https:\/\/www.gaveanews.com\/wp-content\/uploads\/Comentarista-Neto-em-programa-da-Band.webp","type":"image\/jpeg"}],"author":"Paula Silva","twitter_card":"summary_large_image","twitter_misc":{"Escrito por":"Paula Silva","Est. tempo de leitura":"3 minutos"},"schema":{"@context":"https:\/\/schema.org","@graph":[{"@type":"NewsArticle","@id":"https:\/\/www.gaveanews.com\/index.php\/2025\/03\/12\/corinthians-sera-prejudicado-na-final-do-paulistao-aponta-neto\/#article","isPartOf":{"@id":"https:\/\/www.gaveanews.com\/index.php\/2025\/03\/12\/corinthians-sera-prejudicado-na-final-do-paulistao-aponta-neto\/"},"author":{"name":"Paula Silva","@id":"https:\/\/www.gaveanews.com\/#\/schema\/person\/daf63eec72e1164eb13dc35096c2b8da"},"headline":"Corinthians ser\u00e1 prejudicado na final do Paulist\u00e3o, aponta Neto","datePublished":"2025-03-12T04:10:00+00:00","mainEntityOfPage":{"@id":"https:\/\/www.gaveanews.com\/index.php\/2025\/03\/12\/corinthians-sera-prejudicado-na-final-do-paulistao-aponta-neto\/"},"wordCount":398,"commentCount":0,"image":{"@id":"https:\/\/www.gaveanews.com\/index.php\/2025\/03\/12\/corinthians-sera-prejudicado-na-final-do-paulistao-aponta-neto\/#primaryimage"},"thumbnailUrl":"https:\/\/www.gaveanews.com\/wp-content\/uploads\/Comentarista-Neto-em-programa-da-Band.webp","articleSection":["Corinthians","Palmeiras"],"inLanguage":"pt-BR","potentialAction":[{"@type":"CommentAction","name":"Comment","target":["https:\/\/www.gaveanews.com\/index.php\/2025\/03\/12\/corinthians-sera-prejudicado-na-final-do-paulistao-aponta-neto\/#respond"]}],"copyrightYear":"2025","copyrightHolder":{"@id":"https:\/\/www.gaveanews.com\/#organization"}},{"@type":"WebPage","@id":"https:\/\/www.gaveanews.com\/index.php\/2025\/03\/12\/corinthians-sera-prejudicado-na-final-do-paulistao-aponta-neto\/","url":"https:\/\/www.gaveanews.com\/index.php\/2025\/03\/12\/corinthians-sera-prejudicado-na-final-do-paulistao-aponta-neto\/","name":"Corinthians ser\u00e1 prejudicado na final do Paulist\u00e3o, aponta Neto","isPartOf":{"@id":"https:\/\/www.gaveanews.com\/#website"},"primaryImageOfPage":{"@id":"https:\/\/www.gaveanews.com\/index.php\/2025\/03\/12\/corinthians-sera-prejudicado-na-final-do-paulistao-aponta-neto\/#primaryimage"},"image":{"@id":"https:\/\/www.gaveanews.com\/index.php\/2025\/03\/12\/corinthians-sera-prejudicado-na-final-do-paulistao-aponta-neto\/#primaryimage"},"thumbnailUrl":"https:\/\/www.gaveanews.com\/wp-content\/uploads\/Comentarista-Neto-em-programa-da-Band.webp","datePublished":"2025-03-12T04:10:00+00:00","author":{"@id":"https:\/\/www.gaveanews.com\/#\/schema\/person\/daf63eec72e1164eb13dc35096c2b8da"},"breadcrumb":{"@id":"https:\/\/www.gaveanews.com\/index.php\/2025\/03\/12\/corinthians-sera-prejudicado-na-final-do-paulistao-aponta-neto\/#breadcrumb"},"inLanguage":"pt-BR","potentialAction":[{"@type":"ReadAction","target":["https:\/\/www.gaveanews.com\/index.php\/2025\/03\/12\/corinthians-sera-prejudicado-na-final-do-paulistao-aponta-neto\/"]}]},{"@type":"ImageObject","inLanguage":"pt-BR","@id":"https:\/\/www.gaveanews.com\/index.php\/2025\/03\/12\/corinthians-sera-prejudicado-na-final-do-paulistao-aponta-neto\/#primaryimage","url":"https:\/\/www.gaveanews.com\/wp-content\/uploads\/Comentarista-Neto-em-programa-da-Band.webp","contentUrl":"https:\/\/www.gaveanews.com\/wp-content\/uploads\/Comentarista-Neto-em-programa-da-Band.webp","width":846,"height":476,"caption":"Comentarista Neto em programa da Band (Foto: Reprodu\u00e7\u00e3o\/Band)"},{"@type":"BreadcrumbList","@id":"https:\/\/www.gaveanews.com\/index.php\/2025\/03\/12\/corinthians-sera-prejudicado-na-final-do-paulistao-aponta-neto\/#breadcrumb","itemListElement":[{"@type":"ListItem","position":1,"name":"Home","item":"https:\/\/www.gaveanews.com\/"},{"@type":"ListItem","position":2,"name":"Corinthians ser\u00e1 prejudicado na final do Paulist\u00e3o, aponta Neto"}]},{"@type":"WebSite","@id":"https:\/\/www.gaveanews.com\/#website","url":"https:\/\/www.gaveanews.com\/","name":"G\u00e1vea News","description":"Veja todas as not\u00edcias sobre o Flamengo: Contrata\u00e7\u00f5es, categorias de base, resultados das partidas, tabela de classifica\u00e7\u00e3o, pr\u00f3ximos jogos!","potentialAction":[{"@type":"SearchAction","target":{"@type":"EntryPoint","urlTemplate":"https:\/\/www.gaveanews.com\/?s={search_term_string}"},"query-input":{"@type":"PropertyValueSpecification","valueRequired":true,"valueName":"search_term_string"}}],"inLanguage":"pt-BR"},{"@type":"Person","@id":"https:\/\/www.gaveanews.com\/#\/schema\/person\/daf63eec72e1164eb13dc35096c2b8da","name":"Paula Silva","image":{"@type":"ImageObject","inLanguage":"pt-BR","@id":"https:\/\/www.gaveanews.com\/#\/schema\/person\/image\/","url":"https:\/\/secure.gravatar.com\/avatar\/eda381c845527cc5d64c13b901833cda29d97500ba040d3e6461f76f51d163bb?s=96&d=mm&r=g","contentUrl":"https:\/\/secure.gravatar.com\/avatar\/eda381c845527cc5d64c13b901833cda29d97500ba040d3e6461f76f51d163bb?s=96&d=mm&r=g","caption":"Paula Silva"}}]}},"_links":{"self":[{"href":"https:\/\/www.gaveanews.com\/index.php\/wp-json\/wp\/v2\/posts\/238753","targetHints":{"allow":["GET"]}}],"collection":[{"href":"https:\/\/www.gaveanews.com\/index.php\/wp-json\/wp\/v2\/posts"}],"about":[{"href":"https:\/\/www.gaveanews.com\/index.php\/wp-json\/wp\/v2\/types\/post"}],"author":[{"embeddable":true,"href":"https:\/\/www.gaveanews.com\/index.php\/wp-json\/wp\/v2\/users\/18"}],"replies":[{"embeddable":true,"href":"https:\/\/www.gaveanews.com\/index.php\/wp-json\/wp\/v2\/comments?post=238753"}],"version-history":[{"count":1,"href":"https:\/\/www.gaveanews.com\/index.php\/wp-json\/wp\/v2\/posts\/238753\/revisions"}],"predecessor-version":[{"id":238758,"href":"https:\/\/www.gaveanews.com\/index.php\/wp-json\/wp\/v2\/posts\/238753\/revisions\/238758"}],"wp:featuredmedia":[{"embeddable":true,"href":"https:\/\/www.gaveanews.com\/index.php\/wp-json\/wp\/v2\/media\/71983"}],"wp:attachment":[{"href":"https:\/\/www.gaveanews.com\/index.php\/wp-json\/wp\/v2\/media?parent=238753"}],"wp:term":[{"taxonomy":"category","embeddable":true,"href":"https:\/\/www.gaveanews.com\/index.php\/wp-json\/wp\/v2\/categories?post=238753"},{"taxonomy":"post_tag","embeddable":true,"href":"https:\/\/www.gaveanews.com\/index.php\/wp-json\/wp\/v2\/tags?post=238753"}],"curies":[{"name":"wp","href":"https:\/\/api.w.org\/{rel}","templated":true}]}}