{"id":238769,"date":"2025-03-12T02:40:00","date_gmt":"2025-03-12T05:40:00","guid":{"rendered":"https:\/\/www.gaveanews.com\/?p=238769"},"modified":"2025-03-11T21:20:43","modified_gmt":"2025-03-12T00:20:43","slug":"santos-vai-jogar-em-grama-sintetica-marcelo-teixeira-responde","status":"publish","type":"post","link":"https:\/\/www.gaveanews.com\/index.php\/2025\/03\/12\/santos-vai-jogar-em-grama-sintetica-marcelo-teixeira-responde\/","title":{"rendered":"Santos vai jogar em grama sint\u00e9tica? Marcelo Teixeira responde"},"content":{"rendered":"\n<h2 class=\"wp-block-heading\" id=\"h-nao-ha-nenhuma-proibicao-disse-presidente\">&#8220;N\u00e3o h\u00e1 nenhuma proibi\u00e7\u00e3o&#8221;, disse presidente <\/h2>\n\n\n\n<p>A utiliza\u00e7\u00e3o da grama sint\u00e9tica est\u00e1 sendo bastante discutida em 2025. Alguns jogadores como Neymar, Lucas Moura, Thiago Silva e etc, iniciaram uma campanha nas redes sociais contra o uso do gramado artificial. No retorno de Neymar, muitos falaram que o Peixe n\u00e3o iria jogar no Pacaembu justamente por esse motivo. <\/p>\n\n\n\n<p>Apesar de toda essa situa\u00e7\u00e3o, o presidente do Santos, Marcelo Teixeira, n\u00e3o descarta a possibilidade da equipe jogar sim em um est\u00e1dio que tenha gramado sint\u00e9tico. O mandat\u00e1rio do Peixe tem o desejo de mandar alguns jogos do clube na Capital e admitiu a possibilidade da equipe jogar no Pacaembu ou at\u00e9 mesmo no Allianz Parque, que possuem a grama artificial. <\/p>\n\n\n\n<p>&#8220;N\u00e3o h\u00e1 nenhuma proibi\u00e7\u00e3o ou estar descartado o Santos jogar em grama sint\u00e9tica. Temos a precau\u00e7\u00e3o hoje porque nitidamente temos dificuldade nessa recupera\u00e7\u00e3o de jogadores. Dentre eles, o principal do elenco que \u00e9 o Neymar. Era uma quest\u00e3o de tempo. N\u00e3o \u00e9 permanente. Houve a cr\u00edtica feita por jogadores, dentre eles o pr\u00f3prio Neymar, que disseram que preferem jogar em grama natural. Tudo temos que respeitar, mas n\u00e3o \u00e9 impedimento para que o Santos jogue no Pacaembu, no Allianz. Ou n\u00e3o jogue em S\u00e3o Paulo como no Morumbis ou na Neo Qu\u00edmica Arena. O Santos jogar\u00e1 em S\u00e3o Paulo&#8221;, iniciou o presidente. <\/p>\n\n\n\n<p>Teixeira relembrou que o Santos tem um acordo com o Allegra Pacaembu, cons\u00f3rcio que \u00e9 respons\u00e1vel pela gest\u00e3o do est\u00e1dio, e que apesar das limita\u00e7\u00f5es de p\u00fablico, o clube deve levar alguns jogos para o Pacaembu nos pr\u00f3ximos meses. Ele destacou que essa parceria continua importante para a equipe, e a inten\u00e7\u00e3o \u00e9 aproveitar a infraestrutura da arena.<\/p>\n\n\n\n<p>&#8220;Faremos jogos no Pacaembu mesmo com a limita\u00e7\u00e3o. Hoje temos s\u00f3 18 mil, mas possivelmente com o alvar\u00e1 e com tudo resolvido, poderemos ter o aumento da capacidade para no m\u00ednimo 26 mil. E com 26 mil espectadores o Santos jogar\u00e1 algumas partidas no Pacaembu. Como jogar\u00e1 em outras localidades. Ano passado j\u00e1 jogamos em Londrina. Esse ano tivemos propostas para jogar em Bras\u00edlia, Manaus, Cuiab\u00e1. Tivemos v\u00e1rias propostas financeiras concretas, interessantes, onde ficamos mais pr\u00f3ximos do torcedor. Vamos continuar fazendo esse trabalho&#8221;, finalizou Marcelo Teixeira. <\/p>\n\n\n\n<p>Com a elimina\u00e7\u00e3o no Campeonato Paulista no \u00faltimo domingo (9), o Santos entra em campo novamente apenas no dia 30, quando visita o Vasco em S\u00e3o Janu\u00e1rio, na primeira rodada do Brasileir\u00e3o. <\/p>\n","protected":false},"excerpt":{"rendered":"<p>&#8220;N\u00e3o h\u00e1 nenhuma proibi\u00e7\u00e3o&#8221;, disse presidente A utiliza\u00e7\u00e3o da grama sint\u00e9tica est\u00e1 sendo bastante discutida em 2025. Alguns jogadores como Neymar, Lucas Moura, Thiago Silva e etc, iniciaram uma campanha nas redes sociais contra o uso do gramado artificial. No retorno de Neymar, muitos falaram que o Peixe n\u00e3o iria jogar no Pacaembu justamente por [&hellip;]<\/p>\n","protected":false},"author":21,"featured_media":147635,"comment_status":"open","ping_status":"closed","sticky":false,"template":"","format":"standard","meta":{"footnotes":""},"categories":[139],"tags":[],"class_list":["post-238769","post","type-post","status-publish","format-standard","has-post-thumbnail","hentry","category-santos"],"yoast_head":"<!-- This site is optimized with the Yoast SEO Premium plugin v24.2 (Yoast SEO v26.9) - https:\/\/yoast.com\/product\/yoast-seo-premium-wordpress\/ -->\n<title>Santos vai jogar em grama sint\u00e9tica? Marcelo Teixeira responde<\/title>\n<meta name=\"robots\" content=\"index, follow, max-snippet:-1, max-image-preview:large, max-video-preview:-1\" \/>\n<link rel=\"canonical\" href=\"https:\/\/www.gaveanews.com\/index.php\/2025\/03\/12\/santos-vai-jogar-em-grama-sintetica-marcelo-teixeira-responde\/\" \/>\n<meta property=\"og:locale\" content=\"pt_BR\" \/>\n<meta property=\"og:type\" content=\"article\" \/>\n<meta property=\"og:title\" content=\"Santos vai jogar em grama sint\u00e9tica? Marcelo Teixeira responde\" \/>\n<meta property=\"og:description\" content=\"&#8220;N\u00e3o h\u00e1 nenhuma proibi\u00e7\u00e3o&#8221;, disse presidente A utiliza\u00e7\u00e3o da grama sint\u00e9tica est\u00e1 sendo bastante discutida em 2025. Alguns jogadores como Neymar, Lucas Moura, Thiago Silva e etc, iniciaram uma campanha nas redes sociais contra o uso do gramado artificial. No retorno de Neymar, muitos falaram que o Peixe n\u00e3o iria jogar no Pacaembu justamente por [&hellip;]\" \/>\n<meta property=\"og:url\" content=\"https:\/\/www.gaveanews.com\/index.php\/2025\/03\/12\/santos-vai-jogar-em-grama-sintetica-marcelo-teixeira-responde\/\" \/>\n<meta property=\"og:site_name\" content=\"G\u00e1vea News\" \/>\n<meta property=\"article:publisher\" content=\"https:\/\/facebook.com\/gaveaNews\/\" \/>\n<meta property=\"article:published_time\" content=\"2025-03-12T05:40:00+00:00\" \/>\n<meta property=\"og:image\" content=\"https:\/\/www.gaveanews.com\/wp-content\/uploads\/Marcelo-Teixeira-apos-a-eleicao-do-Santos-em-2023.webp\" \/>\n\t<meta property=\"og:image:width\" content=\"1024\" \/>\n\t<meta property=\"og:image:height\" content=\"683\" \/>\n\t<meta property=\"og:image:type\" content=\"image\/jpeg\" \/>\n<meta name=\"author\" content=\"Andr\u00e9 Serra\" \/>\n<meta name=\"twitter:card\" content=\"summary_large_image\" \/>\n<meta name=\"twitter:label1\" content=\"Escrito por\" \/>\n\t<meta name=\"twitter:data1\" content=\"Andr\u00e9 Serra\" \/>\n\t<meta name=\"twitter:label2\" content=\"Est. tempo de leitura\" \/>\n\t<meta name=\"twitter:data2\" content=\"3 minutos\" \/>\n<script type=\"application\/ld+json\" class=\"yoast-schema-graph\">{\"@context\":\"https:\/\/schema.org\",\"@graph\":[{\"@type\":\"NewsArticle\",\"@id\":\"https:\/\/www.gaveanews.com\/index.php\/2025\/03\/12\/santos-vai-jogar-em-grama-sintetica-marcelo-teixeira-responde\/#article\",\"isPartOf\":{\"@id\":\"https:\/\/www.gaveanews.com\/index.php\/2025\/03\/12\/santos-vai-jogar-em-grama-sintetica-marcelo-teixeira-responde\/\"},\"author\":{\"name\":\"Andr\u00e9 Serra\",\"@id\":\"https:\/\/www.gaveanews.com\/#\/schema\/person\/0277a79a1289c451c281ec0411d84f0c\"},\"headline\":\"Santos vai jogar em grama sint\u00e9tica? Marcelo Teixeira responde\",\"datePublished\":\"2025-03-12T05:40:00+00:00\",\"mainEntityOfPage\":{\"@id\":\"https:\/\/www.gaveanews.com\/index.php\/2025\/03\/12\/santos-vai-jogar-em-grama-sintetica-marcelo-teixeira-responde\/\"},\"wordCount\":436,\"commentCount\":0,\"image\":{\"@id\":\"https:\/\/www.gaveanews.com\/index.php\/2025\/03\/12\/santos-vai-jogar-em-grama-sintetica-marcelo-teixeira-responde\/#primaryimage\"},\"thumbnailUrl\":\"https:\/\/www.gaveanews.com\/wp-content\/uploads\/Marcelo-Teixeira-apos-a-eleicao-do-Santos-em-2023.webp\",\"articleSection\":[\"Santos\"],\"inLanguage\":\"pt-BR\",\"potentialAction\":[{\"@type\":\"CommentAction\",\"name\":\"Comment\",\"target\":[\"https:\/\/www.gaveanews.com\/index.php\/2025\/03\/12\/santos-vai-jogar-em-grama-sintetica-marcelo-teixeira-responde\/#respond\"]}],\"copyrightYear\":\"2025\",\"copyrightHolder\":{\"@id\":\"https:\/\/www.gaveanews.com\/#organization\"}},{\"@type\":\"WebPage\",\"@id\":\"https:\/\/www.gaveanews.com\/index.php\/2025\/03\/12\/santos-vai-jogar-em-grama-sintetica-marcelo-teixeira-responde\/\",\"url\":\"https:\/\/www.gaveanews.com\/index.php\/2025\/03\/12\/santos-vai-jogar-em-grama-sintetica-marcelo-teixeira-responde\/\",\"name\":\"Santos vai jogar em grama sint\u00e9tica? Marcelo Teixeira responde\",\"isPartOf\":{\"@id\":\"https:\/\/www.gaveanews.com\/#website\"},\"primaryImageOfPage\":{\"@id\":\"https:\/\/www.gaveanews.com\/index.php\/2025\/03\/12\/santos-vai-jogar-em-grama-sintetica-marcelo-teixeira-responde\/#primaryimage\"},\"image\":{\"@id\":\"https:\/\/www.gaveanews.com\/index.php\/2025\/03\/12\/santos-vai-jogar-em-grama-sintetica-marcelo-teixeira-responde\/#primaryimage\"},\"thumbnailUrl\":\"https:\/\/www.gaveanews.com\/wp-content\/uploads\/Marcelo-Teixeira-apos-a-eleicao-do-Santos-em-2023.webp\",\"datePublished\":\"2025-03-12T05:40:00+00:00\",\"author\":{\"@id\":\"https:\/\/www.gaveanews.com\/#\/schema\/person\/0277a79a1289c451c281ec0411d84f0c\"},\"breadcrumb\":{\"@id\":\"https:\/\/www.gaveanews.com\/index.php\/2025\/03\/12\/santos-vai-jogar-em-grama-sintetica-marcelo-teixeira-responde\/#breadcrumb\"},\"inLanguage\":\"pt-BR\",\"potentialAction\":[{\"@type\":\"ReadAction\",\"target\":[\"https:\/\/www.gaveanews.com\/index.php\/2025\/03\/12\/santos-vai-jogar-em-grama-sintetica-marcelo-teixeira-responde\/\"]}]},{\"@type\":\"ImageObject\",\"inLanguage\":\"pt-BR\",\"@id\":\"https:\/\/www.gaveanews.com\/index.php\/2025\/03\/12\/santos-vai-jogar-em-grama-sintetica-marcelo-teixeira-responde\/#primaryimage\",\"url\":\"https:\/\/www.gaveanews.com\/wp-content\/uploads\/Marcelo-Teixeira-apos-a-eleicao-do-Santos-em-2023.webp\",\"contentUrl\":\"https:\/\/www.gaveanews.com\/wp-content\/uploads\/Marcelo-Teixeira-apos-a-eleicao-do-Santos-em-2023.webp\",\"width\":1024,\"height\":683,\"caption\":\"Marcelo Teixeira ap\u00f3s a elei\u00e7\u00e3o do Santos em 2023 (Foto: Reprodu\u00e7\u00e3o\/Santos)\"},{\"@type\":\"BreadcrumbList\",\"@id\":\"https:\/\/www.gaveanews.com\/index.php\/2025\/03\/12\/santos-vai-jogar-em-grama-sintetica-marcelo-teixeira-responde\/#breadcrumb\",\"itemListElement\":[{\"@type\":\"ListItem\",\"position\":1,\"name\":\"Home\",\"item\":\"https:\/\/www.gaveanews.com\/\"},{\"@type\":\"ListItem\",\"position\":2,\"name\":\"Santos vai jogar em grama sint\u00e9tica? Marcelo Teixeira responde\"}]},{\"@type\":\"WebSite\",\"@id\":\"https:\/\/www.gaveanews.com\/#website\",\"url\":\"https:\/\/www.gaveanews.com\/\",\"name\":\"G\u00e1vea News\",\"description\":\"Veja todas as not\u00edcias sobre o Flamengo: Contrata\u00e7\u00f5es, categorias de base, resultados das partidas, tabela de classifica\u00e7\u00e3o, pr\u00f3ximos jogos!\",\"potentialAction\":[{\"@type\":\"SearchAction\",\"target\":{\"@type\":\"EntryPoint\",\"urlTemplate\":\"https:\/\/www.gaveanews.com\/?s={search_term_string}\"},\"query-input\":{\"@type\":\"PropertyValueSpecification\",\"valueRequired\":true,\"valueName\":\"search_term_string\"}}],\"inLanguage\":\"pt-BR\"},{\"@type\":\"Person\",\"@id\":\"https:\/\/www.gaveanews.com\/#\/schema\/person\/0277a79a1289c451c281ec0411d84f0c\",\"name\":\"Andr\u00e9 Serra\",\"image\":{\"@type\":\"ImageObject\",\"inLanguage\":\"pt-BR\",\"@id\":\"https:\/\/www.gaveanews.com\/#\/schema\/person\/image\/\",\"url\":\"https:\/\/secure.gravatar.com\/avatar\/d7231369fe48db93292b3e88eb2162dbd9a34a47a8437d9ef3bcaca2a86a83d7?s=96&d=mm&r=g\",\"contentUrl\":\"https:\/\/secure.gravatar.com\/avatar\/d7231369fe48db93292b3e88eb2162dbd9a34a47a8437d9ef3bcaca2a86a83d7?s=96&d=mm&r=g\",\"caption\":\"Andr\u00e9 Serra\"}}]}<\/script>\n<!-- \/ Yoast SEO Premium plugin. -->","yoast_head_json":{"title":"Santos vai jogar em grama sint\u00e9tica? Marcelo Teixeira responde","robots":{"index":"index","follow":"follow","max-snippet":"max-snippet:-1","max-image-preview":"max-image-preview:large","max-video-preview":"max-video-preview:-1"},"canonical":"https:\/\/www.gaveanews.com\/index.php\/2025\/03\/12\/santos-vai-jogar-em-grama-sintetica-marcelo-teixeira-responde\/","og_locale":"pt_BR","og_type":"article","og_title":"Santos vai jogar em grama sint\u00e9tica? Marcelo Teixeira responde","og_description":"&#8220;N\u00e3o h\u00e1 nenhuma proibi\u00e7\u00e3o&#8221;, disse presidente A utiliza\u00e7\u00e3o da grama sint\u00e9tica est\u00e1 sendo bastante discutida em 2025. Alguns jogadores como Neymar, Lucas Moura, Thiago Silva e etc, iniciaram uma campanha nas redes sociais contra o uso do gramado artificial. No retorno de Neymar, muitos falaram que o Peixe n\u00e3o iria jogar no Pacaembu justamente por [&hellip;]","og_url":"https:\/\/www.gaveanews.com\/index.php\/2025\/03\/12\/santos-vai-jogar-em-grama-sintetica-marcelo-teixeira-responde\/","og_site_name":"G\u00e1vea News","article_publisher":"https:\/\/facebook.com\/gaveaNews\/","article_published_time":"2025-03-12T05:40:00+00:00","og_image":[{"width":1024,"height":683,"url":"https:\/\/www.gaveanews.com\/wp-content\/uploads\/Marcelo-Teixeira-apos-a-eleicao-do-Santos-em-2023.webp","type":"image\/jpeg"}],"author":"Andr\u00e9 Serra","twitter_card":"summary_large_image","twitter_misc":{"Escrito por":"Andr\u00e9 Serra","Est. tempo de leitura":"3 minutos"},"schema":{"@context":"https:\/\/schema.org","@graph":[{"@type":"NewsArticle","@id":"https:\/\/www.gaveanews.com\/index.php\/2025\/03\/12\/santos-vai-jogar-em-grama-sintetica-marcelo-teixeira-responde\/#article","isPartOf":{"@id":"https:\/\/www.gaveanews.com\/index.php\/2025\/03\/12\/santos-vai-jogar-em-grama-sintetica-marcelo-teixeira-responde\/"},"author":{"name":"Andr\u00e9 Serra","@id":"https:\/\/www.gaveanews.com\/#\/schema\/person\/0277a79a1289c451c281ec0411d84f0c"},"headline":"Santos vai jogar em grama sint\u00e9tica? Marcelo Teixeira responde","datePublished":"2025-03-12T05:40:00+00:00","mainEntityOfPage":{"@id":"https:\/\/www.gaveanews.com\/index.php\/2025\/03\/12\/santos-vai-jogar-em-grama-sintetica-marcelo-teixeira-responde\/"},"wordCount":436,"commentCount":0,"image":{"@id":"https:\/\/www.gaveanews.com\/index.php\/2025\/03\/12\/santos-vai-jogar-em-grama-sintetica-marcelo-teixeira-responde\/#primaryimage"},"thumbnailUrl":"https:\/\/www.gaveanews.com\/wp-content\/uploads\/Marcelo-Teixeira-apos-a-eleicao-do-Santos-em-2023.webp","articleSection":["Santos"],"inLanguage":"pt-BR","potentialAction":[{"@type":"CommentAction","name":"Comment","target":["https:\/\/www.gaveanews.com\/index.php\/2025\/03\/12\/santos-vai-jogar-em-grama-sintetica-marcelo-teixeira-responde\/#respond"]}],"copyrightYear":"2025","copyrightHolder":{"@id":"https:\/\/www.gaveanews.com\/#organization"}},{"@type":"WebPage","@id":"https:\/\/www.gaveanews.com\/index.php\/2025\/03\/12\/santos-vai-jogar-em-grama-sintetica-marcelo-teixeira-responde\/","url":"https:\/\/www.gaveanews.com\/index.php\/2025\/03\/12\/santos-vai-jogar-em-grama-sintetica-marcelo-teixeira-responde\/","name":"Santos vai jogar em grama sint\u00e9tica? Marcelo Teixeira responde","isPartOf":{"@id":"https:\/\/www.gaveanews.com\/#website"},"primaryImageOfPage":{"@id":"https:\/\/www.gaveanews.com\/index.php\/2025\/03\/12\/santos-vai-jogar-em-grama-sintetica-marcelo-teixeira-responde\/#primaryimage"},"image":{"@id":"https:\/\/www.gaveanews.com\/index.php\/2025\/03\/12\/santos-vai-jogar-em-grama-sintetica-marcelo-teixeira-responde\/#primaryimage"},"thumbnailUrl":"https:\/\/www.gaveanews.com\/wp-content\/uploads\/Marcelo-Teixeira-apos-a-eleicao-do-Santos-em-2023.webp","datePublished":"2025-03-12T05:40:00+00:00","author":{"@id":"https:\/\/www.gaveanews.com\/#\/schema\/person\/0277a79a1289c451c281ec0411d84f0c"},"breadcrumb":{"@id":"https:\/\/www.gaveanews.com\/index.php\/2025\/03\/12\/santos-vai-jogar-em-grama-sintetica-marcelo-teixeira-responde\/#breadcrumb"},"inLanguage":"pt-BR","potentialAction":[{"@type":"ReadAction","target":["https:\/\/www.gaveanews.com\/index.php\/2025\/03\/12\/santos-vai-jogar-em-grama-sintetica-marcelo-teixeira-responde\/"]}]},{"@type":"ImageObject","inLanguage":"pt-BR","@id":"https:\/\/www.gaveanews.com\/index.php\/2025\/03\/12\/santos-vai-jogar-em-grama-sintetica-marcelo-teixeira-responde\/#primaryimage","url":"https:\/\/www.gaveanews.com\/wp-content\/uploads\/Marcelo-Teixeira-apos-a-eleicao-do-Santos-em-2023.webp","contentUrl":"https:\/\/www.gaveanews.com\/wp-content\/uploads\/Marcelo-Teixeira-apos-a-eleicao-do-Santos-em-2023.webp","width":1024,"height":683,"caption":"Marcelo Teixeira ap\u00f3s a elei\u00e7\u00e3o do Santos em 2023 (Foto: Reprodu\u00e7\u00e3o\/Santos)"},{"@type":"BreadcrumbList","@id":"https:\/\/www.gaveanews.com\/index.php\/2025\/03\/12\/santos-vai-jogar-em-grama-sintetica-marcelo-teixeira-responde\/#breadcrumb","itemListElement":[{"@type":"ListItem","position":1,"name":"Home","item":"https:\/\/www.gaveanews.com\/"},{"@type":"ListItem","position":2,"name":"Santos vai jogar em grama sint\u00e9tica? Marcelo Teixeira responde"}]},{"@type":"WebSite","@id":"https:\/\/www.gaveanews.com\/#website","url":"https:\/\/www.gaveanews.com\/","name":"G\u00e1vea News","description":"Veja todas as not\u00edcias sobre o Flamengo: Contrata\u00e7\u00f5es, categorias de base, resultados das partidas, tabela de classifica\u00e7\u00e3o, pr\u00f3ximos jogos!","potentialAction":[{"@type":"SearchAction","target":{"@type":"EntryPoint","urlTemplate":"https:\/\/www.gaveanews.com\/?s={search_term_string}"},"query-input":{"@type":"PropertyValueSpecification","valueRequired":true,"valueName":"search_term_string"}}],"inLanguage":"pt-BR"},{"@type":"Person","@id":"https:\/\/www.gaveanews.com\/#\/schema\/person\/0277a79a1289c451c281ec0411d84f0c","name":"Andr\u00e9 Serra","image":{"@type":"ImageObject","inLanguage":"pt-BR","@id":"https:\/\/www.gaveanews.com\/#\/schema\/person\/image\/","url":"https:\/\/secure.gravatar.com\/avatar\/d7231369fe48db93292b3e88eb2162dbd9a34a47a8437d9ef3bcaca2a86a83d7?s=96&d=mm&r=g","contentUrl":"https:\/\/secure.gravatar.com\/avatar\/d7231369fe48db93292b3e88eb2162dbd9a34a47a8437d9ef3bcaca2a86a83d7?s=96&d=mm&r=g","caption":"Andr\u00e9 Serra"}}]}},"_links":{"self":[{"href":"https:\/\/www.gaveanews.com\/index.php\/wp-json\/wp\/v2\/posts\/238769","targetHints":{"allow":["GET"]}}],"collection":[{"href":"https:\/\/www.gaveanews.com\/index.php\/wp-json\/wp\/v2\/posts"}],"about":[{"href":"https:\/\/www.gaveanews.com\/index.php\/wp-json\/wp\/v2\/types\/post"}],"author":[{"embeddable":true,"href":"https:\/\/www.gaveanews.com\/index.php\/wp-json\/wp\/v2\/users\/21"}],"replies":[{"embeddable":true,"href":"https:\/\/www.gaveanews.com\/index.php\/wp-json\/wp\/v2\/comments?post=238769"}],"version-history":[{"count":1,"href":"https:\/\/www.gaveanews.com\/index.php\/wp-json\/wp\/v2\/posts\/238769\/revisions"}],"predecessor-version":[{"id":238774,"href":"https:\/\/www.gaveanews.com\/index.php\/wp-json\/wp\/v2\/posts\/238769\/revisions\/238774"}],"wp:featuredmedia":[{"embeddable":true,"href":"https:\/\/www.gaveanews.com\/index.php\/wp-json\/wp\/v2\/media\/147635"}],"wp:attachment":[{"href":"https:\/\/www.gaveanews.com\/index.php\/wp-json\/wp\/v2\/media?parent=238769"}],"wp:term":[{"taxonomy":"category","embeddable":true,"href":"https:\/\/www.gaveanews.com\/index.php\/wp-json\/wp\/v2\/categories?post=238769"},{"taxonomy":"post_tag","embeddable":true,"href":"https:\/\/www.gaveanews.com\/index.php\/wp-json\/wp\/v2\/tags?post=238769"}],"curies":[{"name":"wp","href":"https:\/\/api.w.org\/{rel}","templated":true}]}}