{"id":238831,"date":"2025-03-12T08:25:16","date_gmt":"2025-03-12T11:25:16","guid":{"rendered":"https:\/\/www.gaveanews.com\/?p=238831"},"modified":"2025-03-12T08:15:16","modified_gmt":"2025-03-12T11:15:16","slug":"vasco-medalhao-tem-lesao-confirmada-e-vira-problema-para-carille","status":"publish","type":"post","link":"https:\/\/www.gaveanews.com\/index.php\/2025\/03\/12\/vasco-medalhao-tem-lesao-confirmada-e-vira-problema-para-carille\/","title":{"rendered":"Vasco: medalh\u00e3o tem les\u00e3o confirmada e vira problema para Carille"},"content":{"rendered":"\n<p>Nesta ter\u00e7a-feira (11), Philippe Coutinho realizou exames m\u00e9dicos que confirmaram a presen\u00e7a de um edema no m\u00fasculo adutor da coxa direita. O problema surgiu durante o jogo de volta contra o Flamengo, v\u00e1lido pelas semifinais do Campeonato Carioca, realizado no \u00faltimo s\u00e1bado (08). Durante a partida, o jogador precisou ser substitu\u00eddo na etapa final, ap\u00f3s sentir desconforto muscular.<\/p>\n\n\n\n<p>Enquanto isso, o departamento m\u00e9dico do Vasco j\u00e1 iniciou o tratamento espec\u00edfico para o atleta conforme informa\u00e7\u00f5es do &#8216;GE&#8217;.  No entanto, o clube optou por n\u00e3o divulgar um prazo oficial de recupera\u00e7\u00e3o para o meia, mantendo sua pol\u00edtica usual em casos semelhantes. Assim, os profissionais envolvidos seguem avaliando o progresso do atleta.<\/p>\n\n\n\n<h2 class=\"wp-block-heading\" id=\"h-historico-de-lesoes-preocupa\">Hist\u00f3rico de les\u00f5es preocupa<\/h2>\n\n\n\n<p>Aos 32 anos, Philippe Coutinho enfrenta um hist\u00f3rico recorrente de les\u00f5es musculares desde seu retorno ao Vasco, em julho do ano anterior. Issso tem levado o craque a alternar entre per\u00edodos curtos de participa\u00e7\u00e3o efetiva nas atividades e momentos de afastamento para tratamento ou repouso estrat\u00e9gico. Essa situa\u00e7\u00e3o tem sido monitorada de perto pela comiss\u00e3o t\u00e9cnica, que busca maneiras de preservar a sa\u00fade f\u00edsica do jogador.<\/p>\n\n\n\n<p>Por outro lado, a aus\u00eancia de Philippe Coutinho na decis\u00e3o do Campeonato Carioca proporcionar\u00e1 ao elenco vasca\u00edno um intervalo maior para treinamentos. Com quase tr\u00eas semanas livres at\u00e9 o pr\u00f3ximo compromisso oficial, o grupo ter\u00e1 tempo suficiente para ajustar poss\u00edveis falhas identificadas no in\u00edcio deste ano de 2025. Sob a supervis\u00e3o do t\u00e9cnico Carille, o objetivo \u00e9 corrigir erros e fortalecer aspectos t\u00e1ticos e t\u00e9cnicos.<\/p>\n\n\n\n<figure class=\"wp-block-image size-full\"><img loading=\"lazy\" decoding=\"async\" width=\"799\" height=\"533\" src=\"http:\/\/www.gaveanews.com\/wp-content\/uploads\/Philippe-Coutinho-durante-apresentacao-ao-Vasco-da-Gama-em-Sao-Januario.webp\" alt=\"\" class=\"wp-image-153282\" srcset=\"https:\/\/www.gaveanews.com\/wp-content\/uploads\/Philippe-Coutinho-durante-apresentacao-ao-Vasco-da-Gama-em-Sao-Januario.webp 799w, https:\/\/www.gaveanews.com\/wp-content\/uploads\/Philippe-Coutinho-durante-apresentacao-ao-Vasco-da-Gama-em-Sao-Januario-300x200.webp 300w, https:\/\/www.gaveanews.com\/wp-content\/uploads\/Philippe-Coutinho-durante-apresentacao-ao-Vasco-da-Gama-em-Sao-Januario-768x512.webp 768w, https:\/\/www.gaveanews.com\/wp-content\/uploads\/Philippe-Coutinho-durante-apresentacao-ao-Vasco-da-Gama-em-Sao-Januario-630x420.webp 630w, https:\/\/www.gaveanews.com\/wp-content\/uploads\/Philippe-Coutinho-durante-apresentacao-ao-Vasco-da-Gama-em-Sao-Januario-640x427.webp 640w, https:\/\/www.gaveanews.com\/wp-content\/uploads\/Philippe-Coutinho-durante-apresentacao-ao-Vasco-da-Gama-em-Sao-Januario-681x454.webp 681w, https:\/\/www.gaveanews.com\/wp-content\/uploads\/Philippe-Coutinho-durante-apresentacao-ao-Vasco-da-Gama-em-Sao-Januario-100x67.webp 100w\" sizes=\"auto, (max-width: 799px) 100vw, 799px\" \/><figcaption class=\"wp-element-caption\">Philippe Coutinho durante apresenta\u00e7\u00e3o ao Vasco da Gama em S\u00e3o Janu\u00e1rio (Foto: Reprodu\u00e7\u00e3o\/Vasco)<\/figcaption><\/figure>\n\n\n\n<h2 class=\"wp-block-heading\" id=\"h-proxima-partida-marca-retorno-ao-brasileirao\">Pr\u00f3xima partida marca retorno ao Brasileir\u00e3o<\/h2>\n\n\n\n<p>O Vasco retorna aos gramados apenas no dia 30, \u00e0s 18h30 (hor\u00e1rio de Bras\u00edlia), quando enfrentar\u00e1 o Santos em S\u00e3o Janu\u00e1rio, em duelo v\u00e1lido pela estreia do Campeonato Brasileiro. A partida promete chamar a aten\u00e7\u00e3o de torcedores de ambos os lados, especialmente considerando o prest\u00edgio dos jogadores envolvidos.<\/p>\n\n\n\n<p>Dessa forma, o Gigante da Colina utilizar\u00e1 o per\u00edodo de prepara\u00e7\u00e3o para garantir que seus atletas cheguem em \u00f3tima condi\u00e7\u00e3o f\u00edsica e mental. Enquanto Philippe Coutinho segue em tratamento, outros membros do elenco trabalham arduamente para manter o n\u00edvel competitivo elevado. Paralelamente, o staff t\u00e9cnico planeja estrat\u00e9gias que possam explorar melhor as qualidades individuais e coletivas da equipe.<\/p>\n\n\n\n<p>Al\u00e9m disso, o calend\u00e1rio favor\u00e1vel permitir\u00e1 que o Vasco ajuste detalhes fundamentais antes do in\u00edcio dessa nova competi\u00e7\u00e3o nacional. A diretoria e a comiss\u00e3o t\u00e9cnica enxergam essa pausa como uma oportunidade \u00fanica para refor\u00e7ar a estrutura interna e consolidar o time para desafios futuros. <\/p>\n","protected":false},"excerpt":{"rendered":"<p>Nesta ter\u00e7a-feira (11), Philippe Coutinho realizou exames m\u00e9dicos que confirmaram a presen\u00e7a de um edema no m\u00fasculo adutor da coxa direita. O problema surgiu durante o jogo de volta contra o Flamengo, v\u00e1lido pelas semifinais do Campeonato Carioca, realizado no \u00faltimo s\u00e1bado (08). Durante a partida, o jogador precisou ser substitu\u00eddo na etapa final, ap\u00f3s [&hellip;]<\/p>\n","protected":false},"author":28,"featured_media":220355,"comment_status":"open","ping_status":"closed","sticky":false,"template":"","format":"standard","meta":{"footnotes":""},"categories":[152],"tags":[],"class_list":["post-238831","post","type-post","status-publish","format-standard","has-post-thumbnail","hentry","category-vasco"],"yoast_head":"<!-- This site is optimized with the Yoast SEO Premium plugin v24.2 (Yoast SEO v26.9) - https:\/\/yoast.com\/product\/yoast-seo-premium-wordpress\/ -->\n<title>Vasco: medalh\u00e3o tem les\u00e3o confirmada e vira problema para Carille<\/title>\n<meta name=\"robots\" content=\"index, follow, max-snippet:-1, max-image-preview:large, max-video-preview:-1\" \/>\n<link rel=\"canonical\" href=\"https:\/\/www.gaveanews.com\/index.php\/2025\/03\/12\/vasco-medalhao-tem-lesao-confirmada-e-vira-problema-para-carille\/\" \/>\n<meta property=\"og:locale\" content=\"pt_BR\" \/>\n<meta property=\"og:type\" content=\"article\" \/>\n<meta property=\"og:title\" content=\"Vasco: medalh\u00e3o tem les\u00e3o confirmada e vira problema para Carille\" \/>\n<meta property=\"og:description\" content=\"Nesta ter\u00e7a-feira (11), Philippe Coutinho realizou exames m\u00e9dicos que confirmaram a presen\u00e7a de um edema no m\u00fasculo adutor da coxa direita. O problema surgiu durante o jogo de volta contra o Flamengo, v\u00e1lido pelas semifinais do Campeonato Carioca, realizado no \u00faltimo s\u00e1bado (08). Durante a partida, o jogador precisou ser substitu\u00eddo na etapa final, ap\u00f3s [&hellip;]\" \/>\n<meta property=\"og:url\" content=\"https:\/\/www.gaveanews.com\/index.php\/2025\/03\/12\/vasco-medalhao-tem-lesao-confirmada-e-vira-problema-para-carille\/\" \/>\n<meta property=\"og:site_name\" content=\"G\u00e1vea News\" \/>\n<meta property=\"article:publisher\" content=\"https:\/\/facebook.com\/gaveaNews\/\" \/>\n<meta property=\"article:published_time\" content=\"2025-03-12T11:25:16+00:00\" \/>\n<meta property=\"og:image\" content=\"https:\/\/www.gaveanews.com\/wp-content\/uploads\/Carille-pelo-Vasco.webp\" \/>\n\t<meta property=\"og:image:width\" content=\"738\" \/>\n\t<meta property=\"og:image:height\" content=\"469\" \/>\n\t<meta property=\"og:image:type\" content=\"image\/jpeg\" \/>\n<meta name=\"author\" content=\"Hudson Pereira\" \/>\n<meta name=\"twitter:card\" content=\"summary_large_image\" \/>\n<meta name=\"twitter:label1\" content=\"Escrito por\" \/>\n\t<meta name=\"twitter:data1\" content=\"Hudson Pereira\" \/>\n\t<meta name=\"twitter:label2\" content=\"Est. tempo de leitura\" \/>\n\t<meta name=\"twitter:data2\" content=\"3 minutos\" \/>\n<script type=\"application\/ld+json\" class=\"yoast-schema-graph\">{\"@context\":\"https:\/\/schema.org\",\"@graph\":[{\"@type\":\"NewsArticle\",\"@id\":\"https:\/\/www.gaveanews.com\/index.php\/2025\/03\/12\/vasco-medalhao-tem-lesao-confirmada-e-vira-problema-para-carille\/#article\",\"isPartOf\":{\"@id\":\"https:\/\/www.gaveanews.com\/index.php\/2025\/03\/12\/vasco-medalhao-tem-lesao-confirmada-e-vira-problema-para-carille\/\"},\"author\":{\"name\":\"Hudson Pereira\",\"@id\":\"https:\/\/www.gaveanews.com\/#\/schema\/person\/bd08f00534b403119b92741a6d469ef0\"},\"headline\":\"Vasco: medalh\u00e3o tem les\u00e3o confirmada e vira problema para Carille\",\"datePublished\":\"2025-03-12T11:25:16+00:00\",\"mainEntityOfPage\":{\"@id\":\"https:\/\/www.gaveanews.com\/index.php\/2025\/03\/12\/vasco-medalhao-tem-lesao-confirmada-e-vira-problema-para-carille\/\"},\"wordCount\":486,\"commentCount\":0,\"image\":{\"@id\":\"https:\/\/www.gaveanews.com\/index.php\/2025\/03\/12\/vasco-medalhao-tem-lesao-confirmada-e-vira-problema-para-carille\/#primaryimage\"},\"thumbnailUrl\":\"https:\/\/www.gaveanews.com\/wp-content\/uploads\/Carille-pelo-Vasco.webp\",\"articleSection\":[\"Vasco\"],\"inLanguage\":\"pt-BR\",\"potentialAction\":[{\"@type\":\"CommentAction\",\"name\":\"Comment\",\"target\":[\"https:\/\/www.gaveanews.com\/index.php\/2025\/03\/12\/vasco-medalhao-tem-lesao-confirmada-e-vira-problema-para-carille\/#respond\"]}],\"copyrightYear\":\"2025\",\"copyrightHolder\":{\"@id\":\"https:\/\/www.gaveanews.com\/#organization\"}},{\"@type\":\"WebPage\",\"@id\":\"https:\/\/www.gaveanews.com\/index.php\/2025\/03\/12\/vasco-medalhao-tem-lesao-confirmada-e-vira-problema-para-carille\/\",\"url\":\"https:\/\/www.gaveanews.com\/index.php\/2025\/03\/12\/vasco-medalhao-tem-lesao-confirmada-e-vira-problema-para-carille\/\",\"name\":\"Vasco: medalh\u00e3o tem les\u00e3o confirmada e vira problema para Carille\",\"isPartOf\":{\"@id\":\"https:\/\/www.gaveanews.com\/#website\"},\"primaryImageOfPage\":{\"@id\":\"https:\/\/www.gaveanews.com\/index.php\/2025\/03\/12\/vasco-medalhao-tem-lesao-confirmada-e-vira-problema-para-carille\/#primaryimage\"},\"image\":{\"@id\":\"https:\/\/www.gaveanews.com\/index.php\/2025\/03\/12\/vasco-medalhao-tem-lesao-confirmada-e-vira-problema-para-carille\/#primaryimage\"},\"thumbnailUrl\":\"https:\/\/www.gaveanews.com\/wp-content\/uploads\/Carille-pelo-Vasco.webp\",\"datePublished\":\"2025-03-12T11:25:16+00:00\",\"author\":{\"@id\":\"https:\/\/www.gaveanews.com\/#\/schema\/person\/bd08f00534b403119b92741a6d469ef0\"},\"breadcrumb\":{\"@id\":\"https:\/\/www.gaveanews.com\/index.php\/2025\/03\/12\/vasco-medalhao-tem-lesao-confirmada-e-vira-problema-para-carille\/#breadcrumb\"},\"inLanguage\":\"pt-BR\",\"potentialAction\":[{\"@type\":\"ReadAction\",\"target\":[\"https:\/\/www.gaveanews.com\/index.php\/2025\/03\/12\/vasco-medalhao-tem-lesao-confirmada-e-vira-problema-para-carille\/\"]}]},{\"@type\":\"ImageObject\",\"inLanguage\":\"pt-BR\",\"@id\":\"https:\/\/www.gaveanews.com\/index.php\/2025\/03\/12\/vasco-medalhao-tem-lesao-confirmada-e-vira-problema-para-carille\/#primaryimage\",\"url\":\"https:\/\/www.gaveanews.com\/wp-content\/uploads\/Carille-pelo-Vasco.webp\",\"contentUrl\":\"https:\/\/www.gaveanews.com\/wp-content\/uploads\/Carille-pelo-Vasco.webp\",\"width\":738,\"height\":469,\"caption\":\"Carille pelo Vasco (Foto: Reprodu\u00e7\u00e3o)\"},{\"@type\":\"BreadcrumbList\",\"@id\":\"https:\/\/www.gaveanews.com\/index.php\/2025\/03\/12\/vasco-medalhao-tem-lesao-confirmada-e-vira-problema-para-carille\/#breadcrumb\",\"itemListElement\":[{\"@type\":\"ListItem\",\"position\":1,\"name\":\"Home\",\"item\":\"https:\/\/www.gaveanews.com\/\"},{\"@type\":\"ListItem\",\"position\":2,\"name\":\"Vasco: medalh\u00e3o tem les\u00e3o confirmada e vira problema para Carille\"}]},{\"@type\":\"WebSite\",\"@id\":\"https:\/\/www.gaveanews.com\/#website\",\"url\":\"https:\/\/www.gaveanews.com\/\",\"name\":\"G\u00e1vea News\",\"description\":\"Veja todas as not\u00edcias sobre o Flamengo: Contrata\u00e7\u00f5es, categorias de base, resultados das partidas, tabela de classifica\u00e7\u00e3o, pr\u00f3ximos jogos!\",\"potentialAction\":[{\"@type\":\"SearchAction\",\"target\":{\"@type\":\"EntryPoint\",\"urlTemplate\":\"https:\/\/www.gaveanews.com\/?s={search_term_string}\"},\"query-input\":{\"@type\":\"PropertyValueSpecification\",\"valueRequired\":true,\"valueName\":\"search_term_string\"}}],\"inLanguage\":\"pt-BR\"},{\"@type\":\"Person\",\"@id\":\"https:\/\/www.gaveanews.com\/#\/schema\/person\/bd08f00534b403119b92741a6d469ef0\",\"name\":\"Hudson Pereira\",\"image\":{\"@type\":\"ImageObject\",\"inLanguage\":\"pt-BR\",\"@id\":\"https:\/\/www.gaveanews.com\/#\/schema\/person\/image\/\",\"url\":\"https:\/\/secure.gravatar.com\/avatar\/ecc491b489e454e510efffc9b23c1052ce5fb4f2e05555768ba65819cd55f03e?s=96&d=mm&r=g\",\"contentUrl\":\"https:\/\/secure.gravatar.com\/avatar\/ecc491b489e454e510efffc9b23c1052ce5fb4f2e05555768ba65819cd55f03e?s=96&d=mm&r=g\",\"caption\":\"Hudson Pereira\"}}]}<\/script>\n<!-- \/ Yoast SEO Premium plugin. -->","yoast_head_json":{"title":"Vasco: medalh\u00e3o tem les\u00e3o confirmada e vira problema para Carille","robots":{"index":"index","follow":"follow","max-snippet":"max-snippet:-1","max-image-preview":"max-image-preview:large","max-video-preview":"max-video-preview:-1"},"canonical":"https:\/\/www.gaveanews.com\/index.php\/2025\/03\/12\/vasco-medalhao-tem-lesao-confirmada-e-vira-problema-para-carille\/","og_locale":"pt_BR","og_type":"article","og_title":"Vasco: medalh\u00e3o tem les\u00e3o confirmada e vira problema para Carille","og_description":"Nesta ter\u00e7a-feira (11), Philippe Coutinho realizou exames m\u00e9dicos que confirmaram a presen\u00e7a de um edema no m\u00fasculo adutor da coxa direita. O problema surgiu durante o jogo de volta contra o Flamengo, v\u00e1lido pelas semifinais do Campeonato Carioca, realizado no \u00faltimo s\u00e1bado (08). Durante a partida, o jogador precisou ser substitu\u00eddo na etapa final, ap\u00f3s [&hellip;]","og_url":"https:\/\/www.gaveanews.com\/index.php\/2025\/03\/12\/vasco-medalhao-tem-lesao-confirmada-e-vira-problema-para-carille\/","og_site_name":"G\u00e1vea News","article_publisher":"https:\/\/facebook.com\/gaveaNews\/","article_published_time":"2025-03-12T11:25:16+00:00","og_image":[{"width":738,"height":469,"url":"https:\/\/www.gaveanews.com\/wp-content\/uploads\/Carille-pelo-Vasco.webp","type":"image\/jpeg"}],"author":"Hudson Pereira","twitter_card":"summary_large_image","twitter_misc":{"Escrito por":"Hudson Pereira","Est. tempo de leitura":"3 minutos"},"schema":{"@context":"https:\/\/schema.org","@graph":[{"@type":"NewsArticle","@id":"https:\/\/www.gaveanews.com\/index.php\/2025\/03\/12\/vasco-medalhao-tem-lesao-confirmada-e-vira-problema-para-carille\/#article","isPartOf":{"@id":"https:\/\/www.gaveanews.com\/index.php\/2025\/03\/12\/vasco-medalhao-tem-lesao-confirmada-e-vira-problema-para-carille\/"},"author":{"name":"Hudson Pereira","@id":"https:\/\/www.gaveanews.com\/#\/schema\/person\/bd08f00534b403119b92741a6d469ef0"},"headline":"Vasco: medalh\u00e3o tem les\u00e3o confirmada e vira problema para Carille","datePublished":"2025-03-12T11:25:16+00:00","mainEntityOfPage":{"@id":"https:\/\/www.gaveanews.com\/index.php\/2025\/03\/12\/vasco-medalhao-tem-lesao-confirmada-e-vira-problema-para-carille\/"},"wordCount":486,"commentCount":0,"image":{"@id":"https:\/\/www.gaveanews.com\/index.php\/2025\/03\/12\/vasco-medalhao-tem-lesao-confirmada-e-vira-problema-para-carille\/#primaryimage"},"thumbnailUrl":"https:\/\/www.gaveanews.com\/wp-content\/uploads\/Carille-pelo-Vasco.webp","articleSection":["Vasco"],"inLanguage":"pt-BR","potentialAction":[{"@type":"CommentAction","name":"Comment","target":["https:\/\/www.gaveanews.com\/index.php\/2025\/03\/12\/vasco-medalhao-tem-lesao-confirmada-e-vira-problema-para-carille\/#respond"]}],"copyrightYear":"2025","copyrightHolder":{"@id":"https:\/\/www.gaveanews.com\/#organization"}},{"@type":"WebPage","@id":"https:\/\/www.gaveanews.com\/index.php\/2025\/03\/12\/vasco-medalhao-tem-lesao-confirmada-e-vira-problema-para-carille\/","url":"https:\/\/www.gaveanews.com\/index.php\/2025\/03\/12\/vasco-medalhao-tem-lesao-confirmada-e-vira-problema-para-carille\/","name":"Vasco: medalh\u00e3o tem les\u00e3o confirmada e vira problema para Carille","isPartOf":{"@id":"https:\/\/www.gaveanews.com\/#website"},"primaryImageOfPage":{"@id":"https:\/\/www.gaveanews.com\/index.php\/2025\/03\/12\/vasco-medalhao-tem-lesao-confirmada-e-vira-problema-para-carille\/#primaryimage"},"image":{"@id":"https:\/\/www.gaveanews.com\/index.php\/2025\/03\/12\/vasco-medalhao-tem-lesao-confirmada-e-vira-problema-para-carille\/#primaryimage"},"thumbnailUrl":"https:\/\/www.gaveanews.com\/wp-content\/uploads\/Carille-pelo-Vasco.webp","datePublished":"2025-03-12T11:25:16+00:00","author":{"@id":"https:\/\/www.gaveanews.com\/#\/schema\/person\/bd08f00534b403119b92741a6d469ef0"},"breadcrumb":{"@id":"https:\/\/www.gaveanews.com\/index.php\/2025\/03\/12\/vasco-medalhao-tem-lesao-confirmada-e-vira-problema-para-carille\/#breadcrumb"},"inLanguage":"pt-BR","potentialAction":[{"@type":"ReadAction","target":["https:\/\/www.gaveanews.com\/index.php\/2025\/03\/12\/vasco-medalhao-tem-lesao-confirmada-e-vira-problema-para-carille\/"]}]},{"@type":"ImageObject","inLanguage":"pt-BR","@id":"https:\/\/www.gaveanews.com\/index.php\/2025\/03\/12\/vasco-medalhao-tem-lesao-confirmada-e-vira-problema-para-carille\/#primaryimage","url":"https:\/\/www.gaveanews.com\/wp-content\/uploads\/Carille-pelo-Vasco.webp","contentUrl":"https:\/\/www.gaveanews.com\/wp-content\/uploads\/Carille-pelo-Vasco.webp","width":738,"height":469,"caption":"Carille pelo Vasco (Foto: Reprodu\u00e7\u00e3o)"},{"@type":"BreadcrumbList","@id":"https:\/\/www.gaveanews.com\/index.php\/2025\/03\/12\/vasco-medalhao-tem-lesao-confirmada-e-vira-problema-para-carille\/#breadcrumb","itemListElement":[{"@type":"ListItem","position":1,"name":"Home","item":"https:\/\/www.gaveanews.com\/"},{"@type":"ListItem","position":2,"name":"Vasco: medalh\u00e3o tem les\u00e3o confirmada e vira problema para Carille"}]},{"@type":"WebSite","@id":"https:\/\/www.gaveanews.com\/#website","url":"https:\/\/www.gaveanews.com\/","name":"G\u00e1vea News","description":"Veja todas as not\u00edcias sobre o Flamengo: Contrata\u00e7\u00f5es, categorias de base, resultados das partidas, tabela de classifica\u00e7\u00e3o, pr\u00f3ximos jogos!","potentialAction":[{"@type":"SearchAction","target":{"@type":"EntryPoint","urlTemplate":"https:\/\/www.gaveanews.com\/?s={search_term_string}"},"query-input":{"@type":"PropertyValueSpecification","valueRequired":true,"valueName":"search_term_string"}}],"inLanguage":"pt-BR"},{"@type":"Person","@id":"https:\/\/www.gaveanews.com\/#\/schema\/person\/bd08f00534b403119b92741a6d469ef0","name":"Hudson Pereira","image":{"@type":"ImageObject","inLanguage":"pt-BR","@id":"https:\/\/www.gaveanews.com\/#\/schema\/person\/image\/","url":"https:\/\/secure.gravatar.com\/avatar\/ecc491b489e454e510efffc9b23c1052ce5fb4f2e05555768ba65819cd55f03e?s=96&d=mm&r=g","contentUrl":"https:\/\/secure.gravatar.com\/avatar\/ecc491b489e454e510efffc9b23c1052ce5fb4f2e05555768ba65819cd55f03e?s=96&d=mm&r=g","caption":"Hudson Pereira"}}]}},"_links":{"self":[{"href":"https:\/\/www.gaveanews.com\/index.php\/wp-json\/wp\/v2\/posts\/238831","targetHints":{"allow":["GET"]}}],"collection":[{"href":"https:\/\/www.gaveanews.com\/index.php\/wp-json\/wp\/v2\/posts"}],"about":[{"href":"https:\/\/www.gaveanews.com\/index.php\/wp-json\/wp\/v2\/types\/post"}],"author":[{"embeddable":true,"href":"https:\/\/www.gaveanews.com\/index.php\/wp-json\/wp\/v2\/users\/28"}],"replies":[{"embeddable":true,"href":"https:\/\/www.gaveanews.com\/index.php\/wp-json\/wp\/v2\/comments?post=238831"}],"version-history":[{"count":2,"href":"https:\/\/www.gaveanews.com\/index.php\/wp-json\/wp\/v2\/posts\/238831\/revisions"}],"predecessor-version":[{"id":238835,"href":"https:\/\/www.gaveanews.com\/index.php\/wp-json\/wp\/v2\/posts\/238831\/revisions\/238835"}],"wp:featuredmedia":[{"embeddable":true,"href":"https:\/\/www.gaveanews.com\/index.php\/wp-json\/wp\/v2\/media\/220355"}],"wp:attachment":[{"href":"https:\/\/www.gaveanews.com\/index.php\/wp-json\/wp\/v2\/media?parent=238831"}],"wp:term":[{"taxonomy":"category","embeddable":true,"href":"https:\/\/www.gaveanews.com\/index.php\/wp-json\/wp\/v2\/categories?post=238831"},{"taxonomy":"post_tag","embeddable":true,"href":"https:\/\/www.gaveanews.com\/index.php\/wp-json\/wp\/v2\/tags?post=238831"}],"curies":[{"name":"wp","href":"https:\/\/api.w.org\/{rel}","templated":true}]}}