{"id":238838,"date":"2025-03-12T08:20:03","date_gmt":"2025-03-12T11:20:03","guid":{"rendered":"https:\/\/www.gaveanews.com\/?p=238838"},"modified":"2025-03-12T08:15:08","modified_gmt":"2025-03-12T11:15:08","slug":"dirigente-do-palmeiras-manda-recado-para-o-sao-paulo","status":"publish","type":"post","link":"https:\/\/www.gaveanews.com\/index.php\/2025\/03\/12\/dirigente-do-palmeiras-manda-recado-para-o-sao-paulo\/","title":{"rendered":"Dirigente do Palmeiras manda recado para o S\u00e3o Paulo"},"content":{"rendered":"\n<p>Paulo Buosi, vice-presidente do Palmeiras, manifestou sua posi\u00e7\u00e3o sobre o p\u00eanalti sofrido por Vitor Roque na semifinal do Campeonato Paulista. A decis\u00e3o ocorreu na \u00faltima segunda-feira, quando o clube alviverde venceu o S\u00e3o Paulo por 1 a 0. Durante a ocasi\u00e3o, o dirigente refor\u00e7ou que o \u00e1rbitro agiu corretamente ao marcar a penalidade.<\/p>\n\n\n\n<p>Nesta ter\u00e7a-feira (11), Buosi participou do conselho t\u00e9cnico da Federa\u00e7\u00e3o Paulista de Futebol (FPF), respons\u00e1vel pela defini\u00e7\u00e3o das datas e hor\u00e1rios das finais do Paulist\u00e3o. Enquanto tratava desses assuntos, ele tamb\u00e9m destacou a postura dos s\u00e3o-paulinos em rela\u00e7\u00e3o \u00e0 arbitragem. Em contrapartida, classificou as reclama\u00e7\u00f5es como &#8220;exageradas&#8221;.<\/p>\n\n\n\n<h2 class=\"wp-block-heading\" id=\"h-comparacoes-com-casos-anteriores\">Compara\u00e7\u00f5es com casos anteriores<\/h2>\n\n\n\n<p>O dirigente fez refer\u00eancia ao Choque-Rei da Copa do Brasil de 2022. Neste epis\u00f3dio, o S\u00e3o Paulo questionou a aus\u00eancia de uma linha de impedimento no lance do gol marcado pelo clube. Na ocasi\u00e3o, a Confedera\u00e7\u00e3o Brasileira de Futebol (CBF) admitiu falhas no protocolo de checagem. Quando o time pediu revis\u00f5es posteriores, Wilson Luiz Seneme, ent\u00e3o presidente da Comiss\u00e3o de Arbitragem da CBF, explicou que o processo n\u00e3o poderia ser realizado porque a m\u00e1quina havia sido resetada.<\/p>\n\n\n\n<p>Al\u00e9m disso, Buosi enfatizou que o VAR seguiu todos os procedimentos necess\u00e1rios no lance pol\u00eamico da partida contra o S\u00e3o Paulo. \u201cHoje tivemos a divulga\u00e7\u00e3o do VAR, do \u00e1udio, e tem muita clareza. Teve an\u00e1lise do VAR, o VAR fez o protocolo todo\u201d, afirmou o dirigente. Ele ainda sugeriu que, se o mesmo caso ocorresse em outro contexto, as rea\u00e7\u00f5es poderiam ser mais intensas.<\/p>\n\n\n\n<h2 class=\"wp-block-heading\" id=\"h-perspectivas-para-a-final\">Perspectivas para a final<\/h2>\n\n\n\n<p>Diante desse cen\u00e1rio, o vice-presidente do Palmeiras minimizou a possibilidade de interfer\u00eancias na arbitragem da final contra o Corinthians. Os jogos est\u00e3o programados para os dias 16 e 27 de mar\u00e7o. Buosi declarou que n\u00e3o enxerga motivos para preocupa\u00e7\u00f5es relacionadas ao epis\u00f3dio recente envolvendo o S\u00e3o Paulo.<\/p>\n\n\n\n<p>\u201cN\u00e3o acredito que tenha interfer\u00eancia. Porque eu falo com honestidade, que para mim n\u00e3o tem d\u00favida nenhuma que foi p\u00eanalti ontem. Mostra a imagem, ela mostra\u201d, comentou. Essa abordagem demonstra confian\u00e7a no trabalho dos \u00e1rbitros e no cumprimento dos protocolos estabelecidos.<\/p>\n\n\n\n<p>Por fim, Buosi ressaltou que o foco deve permanecer nas partidas decisivas contra o Corinthians. Independentemente das discuss\u00f5es anteriores, o dirigente espera que o campeonato siga sem controv\u00e9rsias desnecess\u00e1rias. Assim, a aten\u00e7\u00e3o deve estar voltada para o desempenho dentro de campo.<\/p>\n","protected":false},"excerpt":{"rendered":"<p>Paulo Buosi, vice-presidente do Palmeiras, manifestou sua posi\u00e7\u00e3o sobre o p\u00eanalti sofrido por Vitor Roque na semifinal do Campeonato Paulista. A decis\u00e3o ocorreu na \u00faltima segunda-feira, quando o clube alviverde venceu o S\u00e3o Paulo por 1 a 0. Durante a ocasi\u00e3o, o dirigente refor\u00e7ou que o \u00e1rbitro agiu corretamente ao marcar a penalidade. Nesta ter\u00e7a-feira [&hellip;]<\/p>\n","protected":false},"author":28,"featured_media":152159,"comment_status":"open","ping_status":"closed","sticky":false,"template":"","format":"standard","meta":{"footnotes":""},"categories":[150],"tags":[],"class_list":["post-238838","post","type-post","status-publish","format-standard","has-post-thumbnail","hentry","category-palmeiras"],"yoast_head":"<!-- This site is optimized with the Yoast SEO Premium plugin v24.2 (Yoast SEO v26.9) - https:\/\/yoast.com\/product\/yoast-seo-premium-wordpress\/ -->\n<title>Dirigente do Palmeiras manda recado para o S\u00e3o Paulo<\/title>\n<meta name=\"robots\" content=\"index, follow, max-snippet:-1, max-image-preview:large, max-video-preview:-1\" \/>\n<link rel=\"canonical\" href=\"https:\/\/www.gaveanews.com\/index.php\/2025\/03\/12\/dirigente-do-palmeiras-manda-recado-para-o-sao-paulo\/\" \/>\n<meta property=\"og:locale\" content=\"pt_BR\" \/>\n<meta property=\"og:type\" content=\"article\" \/>\n<meta property=\"og:title\" content=\"Dirigente do Palmeiras manda recado para o S\u00e3o Paulo\" \/>\n<meta property=\"og:description\" content=\"Paulo Buosi, vice-presidente do Palmeiras, manifestou sua posi\u00e7\u00e3o sobre o p\u00eanalti sofrido por Vitor Roque na semifinal do Campeonato Paulista. A decis\u00e3o ocorreu na \u00faltima segunda-feira, quando o clube alviverde venceu o S\u00e3o Paulo por 1 a 0. Durante a ocasi\u00e3o, o dirigente refor\u00e7ou que o \u00e1rbitro agiu corretamente ao marcar a penalidade. Nesta ter\u00e7a-feira [&hellip;]\" \/>\n<meta property=\"og:url\" content=\"https:\/\/www.gaveanews.com\/index.php\/2025\/03\/12\/dirigente-do-palmeiras-manda-recado-para-o-sao-paulo\/\" \/>\n<meta property=\"og:site_name\" content=\"G\u00e1vea News\" \/>\n<meta property=\"article:publisher\" content=\"https:\/\/facebook.com\/gaveaNews\/\" \/>\n<meta property=\"article:published_time\" content=\"2025-03-12T11:20:03+00:00\" \/>\n<meta property=\"og:image\" content=\"https:\/\/www.gaveanews.com\/wp-content\/uploads\/Escudo-do-Palmeiras.webp\" \/>\n\t<meta property=\"og:image:width\" content=\"1000\" \/>\n\t<meta property=\"og:image:height\" content=\"667\" \/>\n\t<meta property=\"og:image:type\" content=\"image\/webp\" \/>\n<meta name=\"author\" content=\"Hudson Pereira\" \/>\n<meta name=\"twitter:card\" content=\"summary_large_image\" \/>\n<meta name=\"twitter:label1\" content=\"Escrito por\" \/>\n\t<meta name=\"twitter:data1\" content=\"Hudson Pereira\" \/>\n\t<meta name=\"twitter:label2\" content=\"Est. tempo de leitura\" \/>\n\t<meta name=\"twitter:data2\" content=\"3 minutos\" \/>\n<script type=\"application\/ld+json\" class=\"yoast-schema-graph\">{\"@context\":\"https:\/\/schema.org\",\"@graph\":[{\"@type\":\"NewsArticle\",\"@id\":\"https:\/\/www.gaveanews.com\/index.php\/2025\/03\/12\/dirigente-do-palmeiras-manda-recado-para-o-sao-paulo\/#article\",\"isPartOf\":{\"@id\":\"https:\/\/www.gaveanews.com\/index.php\/2025\/03\/12\/dirigente-do-palmeiras-manda-recado-para-o-sao-paulo\/\"},\"author\":{\"name\":\"Hudson Pereira\",\"@id\":\"https:\/\/www.gaveanews.com\/#\/schema\/person\/bd08f00534b403119b92741a6d469ef0\"},\"headline\":\"Dirigente do Palmeiras manda recado para o S\u00e3o Paulo\",\"datePublished\":\"2025-03-12T11:20:03+00:00\",\"mainEntityOfPage\":{\"@id\":\"https:\/\/www.gaveanews.com\/index.php\/2025\/03\/12\/dirigente-do-palmeiras-manda-recado-para-o-sao-paulo\/\"},\"wordCount\":435,\"commentCount\":0,\"image\":{\"@id\":\"https:\/\/www.gaveanews.com\/index.php\/2025\/03\/12\/dirigente-do-palmeiras-manda-recado-para-o-sao-paulo\/#primaryimage\"},\"thumbnailUrl\":\"https:\/\/www.gaveanews.com\/wp-content\/uploads\/Escudo-do-Palmeiras.webp\",\"articleSection\":[\"Palmeiras\"],\"inLanguage\":\"pt-BR\",\"potentialAction\":[{\"@type\":\"CommentAction\",\"name\":\"Comment\",\"target\":[\"https:\/\/www.gaveanews.com\/index.php\/2025\/03\/12\/dirigente-do-palmeiras-manda-recado-para-o-sao-paulo\/#respond\"]}],\"copyrightYear\":\"2025\",\"copyrightHolder\":{\"@id\":\"https:\/\/www.gaveanews.com\/#organization\"}},{\"@type\":\"WebPage\",\"@id\":\"https:\/\/www.gaveanews.com\/index.php\/2025\/03\/12\/dirigente-do-palmeiras-manda-recado-para-o-sao-paulo\/\",\"url\":\"https:\/\/www.gaveanews.com\/index.php\/2025\/03\/12\/dirigente-do-palmeiras-manda-recado-para-o-sao-paulo\/\",\"name\":\"Dirigente do Palmeiras manda recado para o S\u00e3o Paulo\",\"isPartOf\":{\"@id\":\"https:\/\/www.gaveanews.com\/#website\"},\"primaryImageOfPage\":{\"@id\":\"https:\/\/www.gaveanews.com\/index.php\/2025\/03\/12\/dirigente-do-palmeiras-manda-recado-para-o-sao-paulo\/#primaryimage\"},\"image\":{\"@id\":\"https:\/\/www.gaveanews.com\/index.php\/2025\/03\/12\/dirigente-do-palmeiras-manda-recado-para-o-sao-paulo\/#primaryimage\"},\"thumbnailUrl\":\"https:\/\/www.gaveanews.com\/wp-content\/uploads\/Escudo-do-Palmeiras.webp\",\"datePublished\":\"2025-03-12T11:20:03+00:00\",\"author\":{\"@id\":\"https:\/\/www.gaveanews.com\/#\/schema\/person\/bd08f00534b403119b92741a6d469ef0\"},\"breadcrumb\":{\"@id\":\"https:\/\/www.gaveanews.com\/index.php\/2025\/03\/12\/dirigente-do-palmeiras-manda-recado-para-o-sao-paulo\/#breadcrumb\"},\"inLanguage\":\"pt-BR\",\"potentialAction\":[{\"@type\":\"ReadAction\",\"target\":[\"https:\/\/www.gaveanews.com\/index.php\/2025\/03\/12\/dirigente-do-palmeiras-manda-recado-para-o-sao-paulo\/\"]}]},{\"@type\":\"ImageObject\",\"inLanguage\":\"pt-BR\",\"@id\":\"https:\/\/www.gaveanews.com\/index.php\/2025\/03\/12\/dirigente-do-palmeiras-manda-recado-para-o-sao-paulo\/#primaryimage\",\"url\":\"https:\/\/www.gaveanews.com\/wp-content\/uploads\/Escudo-do-Palmeiras.webp\",\"contentUrl\":\"https:\/\/www.gaveanews.com\/wp-content\/uploads\/Escudo-do-Palmeiras.webp\",\"width\":1000,\"height\":667,\"caption\":\"Escudo do Palmeiras (Foto Reprodu\u00e7\u00e3o\/Instagram)\"},{\"@type\":\"BreadcrumbList\",\"@id\":\"https:\/\/www.gaveanews.com\/index.php\/2025\/03\/12\/dirigente-do-palmeiras-manda-recado-para-o-sao-paulo\/#breadcrumb\",\"itemListElement\":[{\"@type\":\"ListItem\",\"position\":1,\"name\":\"Home\",\"item\":\"https:\/\/www.gaveanews.com\/\"},{\"@type\":\"ListItem\",\"position\":2,\"name\":\"Dirigente do Palmeiras manda recado para o S\u00e3o Paulo\"}]},{\"@type\":\"WebSite\",\"@id\":\"https:\/\/www.gaveanews.com\/#website\",\"url\":\"https:\/\/www.gaveanews.com\/\",\"name\":\"G\u00e1vea News\",\"description\":\"Veja todas as not\u00edcias sobre o Flamengo: Contrata\u00e7\u00f5es, categorias de base, resultados das partidas, tabela de classifica\u00e7\u00e3o, pr\u00f3ximos jogos!\",\"potentialAction\":[{\"@type\":\"SearchAction\",\"target\":{\"@type\":\"EntryPoint\",\"urlTemplate\":\"https:\/\/www.gaveanews.com\/?s={search_term_string}\"},\"query-input\":{\"@type\":\"PropertyValueSpecification\",\"valueRequired\":true,\"valueName\":\"search_term_string\"}}],\"inLanguage\":\"pt-BR\"},{\"@type\":\"Person\",\"@id\":\"https:\/\/www.gaveanews.com\/#\/schema\/person\/bd08f00534b403119b92741a6d469ef0\",\"name\":\"Hudson Pereira\",\"image\":{\"@type\":\"ImageObject\",\"inLanguage\":\"pt-BR\",\"@id\":\"https:\/\/www.gaveanews.com\/#\/schema\/person\/image\/\",\"url\":\"https:\/\/secure.gravatar.com\/avatar\/ecc491b489e454e510efffc9b23c1052ce5fb4f2e05555768ba65819cd55f03e?s=96&d=mm&r=g\",\"contentUrl\":\"https:\/\/secure.gravatar.com\/avatar\/ecc491b489e454e510efffc9b23c1052ce5fb4f2e05555768ba65819cd55f03e?s=96&d=mm&r=g\",\"caption\":\"Hudson Pereira\"}}]}<\/script>\n<!-- \/ Yoast SEO Premium plugin. -->","yoast_head_json":{"title":"Dirigente do Palmeiras manda recado para o S\u00e3o Paulo","robots":{"index":"index","follow":"follow","max-snippet":"max-snippet:-1","max-image-preview":"max-image-preview:large","max-video-preview":"max-video-preview:-1"},"canonical":"https:\/\/www.gaveanews.com\/index.php\/2025\/03\/12\/dirigente-do-palmeiras-manda-recado-para-o-sao-paulo\/","og_locale":"pt_BR","og_type":"article","og_title":"Dirigente do Palmeiras manda recado para o S\u00e3o Paulo","og_description":"Paulo Buosi, vice-presidente do Palmeiras, manifestou sua posi\u00e7\u00e3o sobre o p\u00eanalti sofrido por Vitor Roque na semifinal do Campeonato Paulista. A decis\u00e3o ocorreu na \u00faltima segunda-feira, quando o clube alviverde venceu o S\u00e3o Paulo por 1 a 0. Durante a ocasi\u00e3o, o dirigente refor\u00e7ou que o \u00e1rbitro agiu corretamente ao marcar a penalidade. Nesta ter\u00e7a-feira [&hellip;]","og_url":"https:\/\/www.gaveanews.com\/index.php\/2025\/03\/12\/dirigente-do-palmeiras-manda-recado-para-o-sao-paulo\/","og_site_name":"G\u00e1vea News","article_publisher":"https:\/\/facebook.com\/gaveaNews\/","article_published_time":"2025-03-12T11:20:03+00:00","og_image":[{"width":1000,"height":667,"url":"https:\/\/www.gaveanews.com\/wp-content\/uploads\/Escudo-do-Palmeiras.webp","type":"image\/webp"}],"author":"Hudson Pereira","twitter_card":"summary_large_image","twitter_misc":{"Escrito por":"Hudson Pereira","Est. tempo de leitura":"3 minutos"},"schema":{"@context":"https:\/\/schema.org","@graph":[{"@type":"NewsArticle","@id":"https:\/\/www.gaveanews.com\/index.php\/2025\/03\/12\/dirigente-do-palmeiras-manda-recado-para-o-sao-paulo\/#article","isPartOf":{"@id":"https:\/\/www.gaveanews.com\/index.php\/2025\/03\/12\/dirigente-do-palmeiras-manda-recado-para-o-sao-paulo\/"},"author":{"name":"Hudson Pereira","@id":"https:\/\/www.gaveanews.com\/#\/schema\/person\/bd08f00534b403119b92741a6d469ef0"},"headline":"Dirigente do Palmeiras manda recado para o S\u00e3o Paulo","datePublished":"2025-03-12T11:20:03+00:00","mainEntityOfPage":{"@id":"https:\/\/www.gaveanews.com\/index.php\/2025\/03\/12\/dirigente-do-palmeiras-manda-recado-para-o-sao-paulo\/"},"wordCount":435,"commentCount":0,"image":{"@id":"https:\/\/www.gaveanews.com\/index.php\/2025\/03\/12\/dirigente-do-palmeiras-manda-recado-para-o-sao-paulo\/#primaryimage"},"thumbnailUrl":"https:\/\/www.gaveanews.com\/wp-content\/uploads\/Escudo-do-Palmeiras.webp","articleSection":["Palmeiras"],"inLanguage":"pt-BR","potentialAction":[{"@type":"CommentAction","name":"Comment","target":["https:\/\/www.gaveanews.com\/index.php\/2025\/03\/12\/dirigente-do-palmeiras-manda-recado-para-o-sao-paulo\/#respond"]}],"copyrightYear":"2025","copyrightHolder":{"@id":"https:\/\/www.gaveanews.com\/#organization"}},{"@type":"WebPage","@id":"https:\/\/www.gaveanews.com\/index.php\/2025\/03\/12\/dirigente-do-palmeiras-manda-recado-para-o-sao-paulo\/","url":"https:\/\/www.gaveanews.com\/index.php\/2025\/03\/12\/dirigente-do-palmeiras-manda-recado-para-o-sao-paulo\/","name":"Dirigente do Palmeiras manda recado para o S\u00e3o Paulo","isPartOf":{"@id":"https:\/\/www.gaveanews.com\/#website"},"primaryImageOfPage":{"@id":"https:\/\/www.gaveanews.com\/index.php\/2025\/03\/12\/dirigente-do-palmeiras-manda-recado-para-o-sao-paulo\/#primaryimage"},"image":{"@id":"https:\/\/www.gaveanews.com\/index.php\/2025\/03\/12\/dirigente-do-palmeiras-manda-recado-para-o-sao-paulo\/#primaryimage"},"thumbnailUrl":"https:\/\/www.gaveanews.com\/wp-content\/uploads\/Escudo-do-Palmeiras.webp","datePublished":"2025-03-12T11:20:03+00:00","author":{"@id":"https:\/\/www.gaveanews.com\/#\/schema\/person\/bd08f00534b403119b92741a6d469ef0"},"breadcrumb":{"@id":"https:\/\/www.gaveanews.com\/index.php\/2025\/03\/12\/dirigente-do-palmeiras-manda-recado-para-o-sao-paulo\/#breadcrumb"},"inLanguage":"pt-BR","potentialAction":[{"@type":"ReadAction","target":["https:\/\/www.gaveanews.com\/index.php\/2025\/03\/12\/dirigente-do-palmeiras-manda-recado-para-o-sao-paulo\/"]}]},{"@type":"ImageObject","inLanguage":"pt-BR","@id":"https:\/\/www.gaveanews.com\/index.php\/2025\/03\/12\/dirigente-do-palmeiras-manda-recado-para-o-sao-paulo\/#primaryimage","url":"https:\/\/www.gaveanews.com\/wp-content\/uploads\/Escudo-do-Palmeiras.webp","contentUrl":"https:\/\/www.gaveanews.com\/wp-content\/uploads\/Escudo-do-Palmeiras.webp","width":1000,"height":667,"caption":"Escudo do Palmeiras (Foto Reprodu\u00e7\u00e3o\/Instagram)"},{"@type":"BreadcrumbList","@id":"https:\/\/www.gaveanews.com\/index.php\/2025\/03\/12\/dirigente-do-palmeiras-manda-recado-para-o-sao-paulo\/#breadcrumb","itemListElement":[{"@type":"ListItem","position":1,"name":"Home","item":"https:\/\/www.gaveanews.com\/"},{"@type":"ListItem","position":2,"name":"Dirigente do Palmeiras manda recado para o S\u00e3o Paulo"}]},{"@type":"WebSite","@id":"https:\/\/www.gaveanews.com\/#website","url":"https:\/\/www.gaveanews.com\/","name":"G\u00e1vea News","description":"Veja todas as not\u00edcias sobre o Flamengo: Contrata\u00e7\u00f5es, categorias de base, resultados das partidas, tabela de classifica\u00e7\u00e3o, pr\u00f3ximos jogos!","potentialAction":[{"@type":"SearchAction","target":{"@type":"EntryPoint","urlTemplate":"https:\/\/www.gaveanews.com\/?s={search_term_string}"},"query-input":{"@type":"PropertyValueSpecification","valueRequired":true,"valueName":"search_term_string"}}],"inLanguage":"pt-BR"},{"@type":"Person","@id":"https:\/\/www.gaveanews.com\/#\/schema\/person\/bd08f00534b403119b92741a6d469ef0","name":"Hudson Pereira","image":{"@type":"ImageObject","inLanguage":"pt-BR","@id":"https:\/\/www.gaveanews.com\/#\/schema\/person\/image\/","url":"https:\/\/secure.gravatar.com\/avatar\/ecc491b489e454e510efffc9b23c1052ce5fb4f2e05555768ba65819cd55f03e?s=96&d=mm&r=g","contentUrl":"https:\/\/secure.gravatar.com\/avatar\/ecc491b489e454e510efffc9b23c1052ce5fb4f2e05555768ba65819cd55f03e?s=96&d=mm&r=g","caption":"Hudson Pereira"}}]}},"_links":{"self":[{"href":"https:\/\/www.gaveanews.com\/index.php\/wp-json\/wp\/v2\/posts\/238838","targetHints":{"allow":["GET"]}}],"collection":[{"href":"https:\/\/www.gaveanews.com\/index.php\/wp-json\/wp\/v2\/posts"}],"about":[{"href":"https:\/\/www.gaveanews.com\/index.php\/wp-json\/wp\/v2\/types\/post"}],"author":[{"embeddable":true,"href":"https:\/\/www.gaveanews.com\/index.php\/wp-json\/wp\/v2\/users\/28"}],"replies":[{"embeddable":true,"href":"https:\/\/www.gaveanews.com\/index.php\/wp-json\/wp\/v2\/comments?post=238838"}],"version-history":[{"count":2,"href":"https:\/\/www.gaveanews.com\/index.php\/wp-json\/wp\/v2\/posts\/238838\/revisions"}],"predecessor-version":[{"id":238846,"href":"https:\/\/www.gaveanews.com\/index.php\/wp-json\/wp\/v2\/posts\/238838\/revisions\/238846"}],"wp:featuredmedia":[{"embeddable":true,"href":"https:\/\/www.gaveanews.com\/index.php\/wp-json\/wp\/v2\/media\/152159"}],"wp:attachment":[{"href":"https:\/\/www.gaveanews.com\/index.php\/wp-json\/wp\/v2\/media?parent=238838"}],"wp:term":[{"taxonomy":"category","embeddable":true,"href":"https:\/\/www.gaveanews.com\/index.php\/wp-json\/wp\/v2\/categories?post=238838"},{"taxonomy":"post_tag","embeddable":true,"href":"https:\/\/www.gaveanews.com\/index.php\/wp-json\/wp\/v2\/tags?post=238838"}],"curies":[{"name":"wp","href":"https:\/\/api.w.org\/{rel}","templated":true}]}}