{"id":238842,"date":"2025-03-12T07:25:00","date_gmt":"2025-03-12T10:25:00","guid":{"rendered":"https:\/\/www.gaveanews.com\/?p=238842"},"modified":"2025-03-12T00:09:17","modified_gmt":"2025-03-12T03:09:17","slug":"chegada-de-2-reforcos-retorno-de-renato-gaucho-e-tribunal-atende-pedido-da-diretoria-as-ultimas-noticias-do-gremio","status":"publish","type":"post","link":"https:\/\/www.gaveanews.com\/index.php\/2025\/03\/12\/chegada-de-2-reforcos-retorno-de-renato-gaucho-e-tribunal-atende-pedido-da-diretoria-as-ultimas-noticias-do-gremio\/","title":{"rendered":"Chegada de 2 refor\u00e7os, retorno de Renato Ga\u00facho e tribunal atende pedido da diretoria: as \u00faltimas not\u00edcias do Gr\u00eamio"},"content":{"rendered":"\n<p>Nas \u00faltimas horas, o foco das not\u00edcias sobre o Gr\u00eamio se concentram nos bastidores do clube, com destaques do dia a dia do time.<\/p>\n\n\n\n<p>Por conta deste contexto, leia abaixo um resumo preparado pela equipe do portal G\u00e1vea News para lhe manter muito bem informado!<\/p>\n\n\n\n<h2 class=\"wp-block-heading\" id=\"h-tribunal-atende-pedido-da-diretoria\">Tribunal atende pedido da diretoria<\/h2>\n\n\n\n<p>O Tribunal de Justi\u00e7a Desportiva do Rio Grande do Sul (TJD\/RS) atendeu a um pedido do Gr\u00eamio e adiou o julgamento do t\u00e9cnico Gustavo Quinteros, do zagueiro Jemerson e de dirigentes do clube e do Internacional. A sess\u00e3o, inicialmente marcada para o dia 11 de mar\u00e7o, foi remarcada devido \u00e0 viagem do time gremista para Minas Gerais, onde disputar\u00e1 um jogo da Copa do Brasil. Com isso, os envolvidos estar\u00e3o dispon\u00edveis para atuar no cl\u00e1ssico decisivo do Campeonato Ga\u00facho contra o Inter<strong><a href=\"https:\/\/www.gaveanews.com\/index.php\/2025\/03\/11\/tribunal-de-justica-atende-pedido-do-gremio\/\"> (leia a mat\u00e9ria completa).<\/a><\/strong><\/p>\n\n\n\n<figure class=\"wp-block-image size-large\"><img loading=\"lazy\" decoding=\"async\" width=\"1024\" height=\"682\" src=\"http:\/\/www.gaveanews.com\/wp-content\/uploads\/Bandeira-do-Gremio-1024x682.webp\" alt=\"\" class=\"wp-image-165925\" srcset=\"https:\/\/www.gaveanews.com\/wp-content\/uploads\/Bandeira-do-Gremio-1024x682.webp 1024w, https:\/\/www.gaveanews.com\/wp-content\/uploads\/Bandeira-do-Gremio-300x200.webp 300w, https:\/\/www.gaveanews.com\/wp-content\/uploads\/Bandeira-do-Gremio-768x512.webp 768w, https:\/\/www.gaveanews.com\/wp-content\/uploads\/Bandeira-do-Gremio-630x420.webp 630w, https:\/\/www.gaveanews.com\/wp-content\/uploads\/Bandeira-do-Gremio-640x426.webp 640w, https:\/\/www.gaveanews.com\/wp-content\/uploads\/Bandeira-do-Gremio-681x454.webp 681w, https:\/\/www.gaveanews.com\/wp-content\/uploads\/Bandeira-do-Gremio-100x67.webp 100w, https:\/\/www.gaveanews.com\/wp-content\/uploads\/Bandeira-do-Gremio.webp 1043w\" sizes=\"auto, (max-width: 1024px) 100vw, 1024px\" \/><figcaption class=\"wp-element-caption\">Bandeira do Gr\u00eamio (Foto: Reprodu\u00e7\u00e3o\/Gr\u00eamio)<\/figcaption><\/figure>\n\n\n\n<p>As acusa\u00e7\u00f5es contra os gremistas incluem invas\u00e3o de campo por parte de Quinteros durante uma confus\u00e3o na semifinal contra o Juventude e a expuls\u00e3o de Jemerson por conduta desleal. <\/p>\n\n\n\n<p>Al\u00e9m disso, dirigentes do Gr\u00eamio foram denunciados por cr\u00edticas p\u00fablicas \u00e0 arbitragem, enquanto representantes do Internacional responder\u00e3o por declara\u00e7\u00f5es consideradas ofensivas. A nova data do julgamento deve ser definida nos pr\u00f3ximos dias.<\/p>\n\n\n\n<p>O adiamento beneficia o Gr\u00eamio, que precisa reverter a desvantagem de 2 a 0 sofrida no primeiro jogo da final para conquistar o t\u00edtulo estadual. A decis\u00e3o ser\u00e1 no Beira-Rio, e o Tricolor precisa vencer por tr\u00eas gols para levantar a ta\u00e7a no tempo normal ou por dois para levar a disputa para os p\u00eanaltis. Enquanto isso, o Internacional joga com a vantagem, podendo perder por at\u00e9 um gol para ser campe\u00e3o.<\/p>\n\n\n\n<h2 class=\"wp-block-heading\" id=\"h-retorno-de-renato-gaucho\">Retorno de Renato Ga\u00facho<\/h2>\n\n\n\n<p>O t\u00e9cnico Gustavo Quinteros enfrenta um in\u00edcio de trabalho complicado no Gr\u00eamio, especialmente ap\u00f3s a derrota no primeiro jogo da final do Campeonato Ga\u00facho contra o Internacional. O desempenho da equipe gerou insatisfa\u00e7\u00e3o entre torcedores, levando a especula\u00e7\u00f5es sobre um poss\u00edvel retorno de Renato Ga\u00facho, \u00eddolo do clube e atualmente sem clube. No entanto, a diretoria gremista foi categ\u00f3rica ao descartar essa possibilidade no momento, com um dos dirigentes classificando os rumores como &#8220;loucura&#8221; e reafirmando a confian\u00e7a no trabalho de Quinteros <strong><a href=\"https:\/\/www.gaveanews.com\/index.php\/2025\/03\/11\/gremio-dirigente-responde-de-forma-oficial-sobre-retorno-de-renato-gaucho\/\">(leia a mat\u00e9ria completa).<\/a><\/strong><\/p>\n\n\n\n<figure class=\"wp-block-image size-full\"><img loading=\"lazy\" decoding=\"async\" width=\"1000\" height=\"563\" src=\"http:\/\/www.gaveanews.com\/wp-content\/uploads\/renato-gaucho-gremio.webp\" alt=\"\" class=\"wp-image-144188\" srcset=\"https:\/\/www.gaveanews.com\/wp-content\/uploads\/renato-gaucho-gremio.webp 1000w, https:\/\/www.gaveanews.com\/wp-content\/uploads\/renato-gaucho-gremio-300x169.webp 300w, https:\/\/www.gaveanews.com\/wp-content\/uploads\/renato-gaucho-gremio-768x432.webp 768w, https:\/\/www.gaveanews.com\/wp-content\/uploads\/renato-gaucho-gremio-746x420.webp 746w, https:\/\/www.gaveanews.com\/wp-content\/uploads\/renato-gaucho-gremio-640x360.webp 640w, https:\/\/www.gaveanews.com\/wp-content\/uploads\/renato-gaucho-gremio-681x383.webp 681w, https:\/\/www.gaveanews.com\/wp-content\/uploads\/renato-gaucho-gremio-100x56.webp 100w\" sizes=\"auto, (max-width: 1000px) 100vw, 1000px\" \/><figcaption class=\"wp-element-caption\">Renato Ga\u00facho em treino do Gr\u00eamio (Foto: Lucas Uebel\/Gr\u00eamio FBPA)<\/figcaption><\/figure>\n\n\n\n<p>Apesar da press\u00e3o da torcida, a diretoria mant\u00e9m o planejamento para a temporada e seguir\u00e1 avaliando o desempenho da equipe antes de tomar qualquer decis\u00e3o sobre o comando t\u00e9cnico. Renato Ga\u00facho, que tem forte liga\u00e7\u00e3o com o clube, segue sendo um nome sempre cogitado em momentos de instabilidade, mas, por ora, a diretoria n\u00e3o considera sua volta. A expectativa \u00e9 que Quinteros tenha tempo para implementar seu estilo de jogo e buscar melhores resultados nas pr\u00f3ximas competi\u00e7\u00f5es.<\/p>\n\n\n\n<p>Enquanto isso, o Gr\u00eamio segue focado na disputa das competi\u00e7\u00f5es e busca refor\u00e7os para fortalecer o elenco. A continuidade de Quinteros depender\u00e1 do desempenho da equipe nos pr\u00f3ximos jogos, especialmente na final do estadual e na prepara\u00e7\u00e3o para o Campeonato Brasileiro. Caso os resultados n\u00e3o melhorem, a press\u00e3o da torcida pode crescer, reacendendo as discuss\u00f5es sobre mudan\u00e7as no comando t\u00e9cnico.<\/p>\n\n\n\n<h2 class=\"wp-block-heading\" id=\"h-chegada-de-2-reforcos\">Chegada de 2 refor\u00e7os<\/h2>\n\n\n\n<p>O Gr\u00eamio segue ativo no mercado de transfer\u00eancias em busca de refor\u00e7os para fortalecer seu elenco. Al\u00e9m de negociar a contrata\u00e7\u00e3o do zagueiro Lyanco, o clube tamb\u00e9m procura um atacante de velocidade para atuar pelos lados do campo. Essas movimenta\u00e7\u00f5es fazem parte da estrat\u00e9gia do t\u00e9cnico Gustavo Quinteros para encarar desafios como a revers\u00e3o do placar contra o Internacional no Campeonato Ga\u00facho e outras competi\u00e7\u00f5es da temporada <strong><a href=\"https:\/\/www.gaveanews.com\/index.php\/2025\/03\/11\/gremio-nao-para-em-lyanco-e-vai-atras-de-mais-um-atacante\/\">(leia a mat\u00e9ria completa).<\/a><\/strong><\/p>\n\n\n\n<figure class=\"wp-block-image size-full\"><img loading=\"lazy\" decoding=\"async\" width=\"795\" height=\"448\" src=\"http:\/\/www.gaveanews.com\/wp-content\/uploads\/lyanco-1.webp\" alt=\"\" class=\"wp-image-149654\" srcset=\"https:\/\/www.gaveanews.com\/wp-content\/uploads\/lyanco-1.webp 795w, https:\/\/www.gaveanews.com\/wp-content\/uploads\/lyanco-1-300x169.webp 300w, https:\/\/www.gaveanews.com\/wp-content\/uploads\/lyanco-1-768x433.webp 768w, https:\/\/www.gaveanews.com\/wp-content\/uploads\/lyanco-1-745x420.webp 745w, https:\/\/www.gaveanews.com\/wp-content\/uploads\/lyanco-1-640x361.webp 640w, https:\/\/www.gaveanews.com\/wp-content\/uploads\/lyanco-1-681x384.webp 681w, https:\/\/www.gaveanews.com\/wp-content\/uploads\/lyanco-1-100x56.webp 100w\" sizes=\"auto, (max-width: 795px) 100vw, 795px\" \/><figcaption class=\"wp-element-caption\">Foto: Divulga\u00e7\u00e3o\/Al-Gharafa\n<\/figcaption><\/figure>\n\n\n\n<p>A prioridade gremista \u00e9 fortalecer o setor defensivo, e Lyanco, atualmente no Atl\u00e9tico-MG, surge como um dos principais alvos. A diretoria v\u00ea a chegada de um zagueiro experiente como essencial, principalmente diante do aumento da competitividade nas fases decisivas dos torneios. Apesar da contrata\u00e7\u00e3o recente de Wagner Leonardo, a busca por mais um nome de peso na defesa continua, embora a negocia\u00e7\u00e3o com Lyanco exija um investimento significativo.<\/p>\n\n\n\n<p>Al\u00e9m da zaga, o clube quer refor\u00e7ar o ataque e busca uma op\u00e7\u00e3o que se encaixe no or\u00e7amento sem comprometer a sa\u00fade financeira do clube. A expectativa \u00e9 que nos pr\u00f3ximos dias um novo jogador seja anunciado para fortalecer o elenco e aumentar as op\u00e7\u00f5es ofensivas de Quinteros. A diretoria segue atenta \u00e0s oportunidades do mercado, visando consolidar um time competitivo para o restante da temporada.<\/p>\n","protected":false},"excerpt":{"rendered":"<p>Nas \u00faltimas horas, o foco das not\u00edcias sobre o Gr\u00eamio se concentram nos bastidores do clube, com destaques do dia a dia do time. Por conta deste contexto, leia abaixo um resumo preparado pela equipe do portal G\u00e1vea News para lhe manter muito bem informado! Tribunal atende pedido da diretoria O Tribunal de Justi\u00e7a Desportiva [&hellip;]<\/p>\n","protected":false},"author":33,"featured_media":154785,"comment_status":"open","ping_status":"closed","sticky":false,"template":"","format":"standard","meta":{"footnotes":""},"categories":[147],"tags":[],"class_list":["post-238842","post","type-post","status-publish","format-standard","has-post-thumbnail","hentry","category-gremio"],"yoast_head":"<!-- This site is optimized with the Yoast SEO Premium plugin v24.2 (Yoast SEO v26.9) - https:\/\/yoast.com\/product\/yoast-seo-premium-wordpress\/ -->\n<title>Chegada de 2 refor\u00e7os, retorno de Renato Ga\u00facho e tribunal atende pedido da diretoria: as \u00faltimas not\u00edcias do Gr\u00eamio<\/title>\n<meta name=\"robots\" content=\"index, follow, max-snippet:-1, max-image-preview:large, max-video-preview:-1\" \/>\n<link rel=\"canonical\" href=\"https:\/\/www.gaveanews.com\/index.php\/2025\/03\/12\/chegada-de-2-reforcos-retorno-de-renato-gaucho-e-tribunal-atende-pedido-da-diretoria-as-ultimas-noticias-do-gremio\/\" \/>\n<meta property=\"og:locale\" content=\"pt_BR\" \/>\n<meta property=\"og:type\" content=\"article\" \/>\n<meta property=\"og:title\" content=\"Chegada de 2 refor\u00e7os, retorno de Renato Ga\u00facho e tribunal atende pedido da diretoria: as \u00faltimas not\u00edcias do Gr\u00eamio\" \/>\n<meta property=\"og:description\" content=\"Nas \u00faltimas horas, o foco das not\u00edcias sobre o Gr\u00eamio se concentram nos bastidores do clube, com destaques do dia a dia do time. Por conta deste contexto, leia abaixo um resumo preparado pela equipe do portal G\u00e1vea News para lhe manter muito bem informado! Tribunal atende pedido da diretoria O Tribunal de Justi\u00e7a Desportiva [&hellip;]\" \/>\n<meta property=\"og:url\" content=\"https:\/\/www.gaveanews.com\/index.php\/2025\/03\/12\/chegada-de-2-reforcos-retorno-de-renato-gaucho-e-tribunal-atende-pedido-da-diretoria-as-ultimas-noticias-do-gremio\/\" \/>\n<meta property=\"og:site_name\" content=\"G\u00e1vea News\" \/>\n<meta property=\"article:publisher\" content=\"https:\/\/facebook.com\/gaveaNews\/\" \/>\n<meta property=\"article:published_time\" content=\"2025-03-12T10:25:00+00:00\" \/>\n<meta property=\"og:image\" content=\"https:\/\/www.gaveanews.com\/wp-content\/uploads\/Escudo-do-Gremio.webp\" \/>\n\t<meta property=\"og:image:width\" content=\"1163\" \/>\n\t<meta property=\"og:image:height\" content=\"775\" \/>\n\t<meta property=\"og:image:type\" content=\"image\/webp\" \/>\n<meta name=\"author\" content=\"Brenda Cezillo\" \/>\n<meta name=\"twitter:card\" content=\"summary_large_image\" \/>\n<meta name=\"twitter:label1\" content=\"Escrito por\" \/>\n\t<meta name=\"twitter:data1\" content=\"Brenda Cezillo\" \/>\n\t<meta name=\"twitter:label2\" content=\"Est. tempo de leitura\" \/>\n\t<meta name=\"twitter:data2\" content=\"5 minutos\" \/>\n<script type=\"application\/ld+json\" class=\"yoast-schema-graph\">{\"@context\":\"https:\/\/schema.org\",\"@graph\":[{\"@type\":\"NewsArticle\",\"@id\":\"https:\/\/www.gaveanews.com\/index.php\/2025\/03\/12\/chegada-de-2-reforcos-retorno-de-renato-gaucho-e-tribunal-atende-pedido-da-diretoria-as-ultimas-noticias-do-gremio\/#article\",\"isPartOf\":{\"@id\":\"https:\/\/www.gaveanews.com\/index.php\/2025\/03\/12\/chegada-de-2-reforcos-retorno-de-renato-gaucho-e-tribunal-atende-pedido-da-diretoria-as-ultimas-noticias-do-gremio\/\"},\"author\":{\"name\":\"Brenda Cezillo\",\"@id\":\"https:\/\/www.gaveanews.com\/#\/schema\/person\/c79759ca337c40791ae8d08e2923d403\"},\"headline\":\"Chegada de 2 refor\u00e7os, retorno de Renato Ga\u00facho e tribunal atende pedido da diretoria: as \u00faltimas not\u00edcias do Gr\u00eamio\",\"datePublished\":\"2025-03-12T10:25:00+00:00\",\"mainEntityOfPage\":{\"@id\":\"https:\/\/www.gaveanews.com\/index.php\/2025\/03\/12\/chegada-de-2-reforcos-retorno-de-renato-gaucho-e-tribunal-atende-pedido-da-diretoria-as-ultimas-noticias-do-gremio\/\"},\"wordCount\":833,\"commentCount\":0,\"image\":{\"@id\":\"https:\/\/www.gaveanews.com\/index.php\/2025\/03\/12\/chegada-de-2-reforcos-retorno-de-renato-gaucho-e-tribunal-atende-pedido-da-diretoria-as-ultimas-noticias-do-gremio\/#primaryimage\"},\"thumbnailUrl\":\"https:\/\/www.gaveanews.com\/wp-content\/uploads\/Escudo-do-Gremio.webp\",\"articleSection\":[\"Gr\u00eamio\"],\"inLanguage\":\"pt-BR\",\"potentialAction\":[{\"@type\":\"CommentAction\",\"name\":\"Comment\",\"target\":[\"https:\/\/www.gaveanews.com\/index.php\/2025\/03\/12\/chegada-de-2-reforcos-retorno-de-renato-gaucho-e-tribunal-atende-pedido-da-diretoria-as-ultimas-noticias-do-gremio\/#respond\"]}],\"copyrightYear\":\"2025\",\"copyrightHolder\":{\"@id\":\"https:\/\/www.gaveanews.com\/#organization\"}},{\"@type\":\"WebPage\",\"@id\":\"https:\/\/www.gaveanews.com\/index.php\/2025\/03\/12\/chegada-de-2-reforcos-retorno-de-renato-gaucho-e-tribunal-atende-pedido-da-diretoria-as-ultimas-noticias-do-gremio\/\",\"url\":\"https:\/\/www.gaveanews.com\/index.php\/2025\/03\/12\/chegada-de-2-reforcos-retorno-de-renato-gaucho-e-tribunal-atende-pedido-da-diretoria-as-ultimas-noticias-do-gremio\/\",\"name\":\"Chegada de 2 refor\u00e7os, retorno de Renato Ga\u00facho e tribunal atende pedido da diretoria: as \u00faltimas not\u00edcias do Gr\u00eamio\",\"isPartOf\":{\"@id\":\"https:\/\/www.gaveanews.com\/#website\"},\"primaryImageOfPage\":{\"@id\":\"https:\/\/www.gaveanews.com\/index.php\/2025\/03\/12\/chegada-de-2-reforcos-retorno-de-renato-gaucho-e-tribunal-atende-pedido-da-diretoria-as-ultimas-noticias-do-gremio\/#primaryimage\"},\"image\":{\"@id\":\"https:\/\/www.gaveanews.com\/index.php\/2025\/03\/12\/chegada-de-2-reforcos-retorno-de-renato-gaucho-e-tribunal-atende-pedido-da-diretoria-as-ultimas-noticias-do-gremio\/#primaryimage\"},\"thumbnailUrl\":\"https:\/\/www.gaveanews.com\/wp-content\/uploads\/Escudo-do-Gremio.webp\",\"datePublished\":\"2025-03-12T10:25:00+00:00\",\"author\":{\"@id\":\"https:\/\/www.gaveanews.com\/#\/schema\/person\/c79759ca337c40791ae8d08e2923d403\"},\"breadcrumb\":{\"@id\":\"https:\/\/www.gaveanews.com\/index.php\/2025\/03\/12\/chegada-de-2-reforcos-retorno-de-renato-gaucho-e-tribunal-atende-pedido-da-diretoria-as-ultimas-noticias-do-gremio\/#breadcrumb\"},\"inLanguage\":\"pt-BR\",\"potentialAction\":[{\"@type\":\"ReadAction\",\"target\":[\"https:\/\/www.gaveanews.com\/index.php\/2025\/03\/12\/chegada-de-2-reforcos-retorno-de-renato-gaucho-e-tribunal-atende-pedido-da-diretoria-as-ultimas-noticias-do-gremio\/\"]}]},{\"@type\":\"ImageObject\",\"inLanguage\":\"pt-BR\",\"@id\":\"https:\/\/www.gaveanews.com\/index.php\/2025\/03\/12\/chegada-de-2-reforcos-retorno-de-renato-gaucho-e-tribunal-atende-pedido-da-diretoria-as-ultimas-noticias-do-gremio\/#primaryimage\",\"url\":\"https:\/\/www.gaveanews.com\/wp-content\/uploads\/Escudo-do-Gremio.webp\",\"contentUrl\":\"https:\/\/www.gaveanews.com\/wp-content\/uploads\/Escudo-do-Gremio.webp\",\"width\":1163,\"height\":775,\"caption\":\"Escudo do Gr\u00eamio (Foto: Reprodu\u00e7\u00e3o\/Gr\u00eamio)\"},{\"@type\":\"BreadcrumbList\",\"@id\":\"https:\/\/www.gaveanews.com\/index.php\/2025\/03\/12\/chegada-de-2-reforcos-retorno-de-renato-gaucho-e-tribunal-atende-pedido-da-diretoria-as-ultimas-noticias-do-gremio\/#breadcrumb\",\"itemListElement\":[{\"@type\":\"ListItem\",\"position\":1,\"name\":\"Home\",\"item\":\"https:\/\/www.gaveanews.com\/\"},{\"@type\":\"ListItem\",\"position\":2,\"name\":\"Chegada de 2 refor\u00e7os, retorno de Renato Ga\u00facho e tribunal atende pedido da diretoria: as \u00faltimas not\u00edcias do Gr\u00eamio\"}]},{\"@type\":\"WebSite\",\"@id\":\"https:\/\/www.gaveanews.com\/#website\",\"url\":\"https:\/\/www.gaveanews.com\/\",\"name\":\"G\u00e1vea News\",\"description\":\"Veja todas as not\u00edcias sobre o Flamengo: Contrata\u00e7\u00f5es, categorias de base, resultados das partidas, tabela de classifica\u00e7\u00e3o, pr\u00f3ximos jogos!\",\"potentialAction\":[{\"@type\":\"SearchAction\",\"target\":{\"@type\":\"EntryPoint\",\"urlTemplate\":\"https:\/\/www.gaveanews.com\/?s={search_term_string}\"},\"query-input\":{\"@type\":\"PropertyValueSpecification\",\"valueRequired\":true,\"valueName\":\"search_term_string\"}}],\"inLanguage\":\"pt-BR\"},{\"@type\":\"Person\",\"@id\":\"https:\/\/www.gaveanews.com\/#\/schema\/person\/c79759ca337c40791ae8d08e2923d403\",\"name\":\"Brenda Cezillo\",\"image\":{\"@type\":\"ImageObject\",\"inLanguage\":\"pt-BR\",\"@id\":\"https:\/\/www.gaveanews.com\/#\/schema\/person\/image\/\",\"url\":\"https:\/\/secure.gravatar.com\/avatar\/1738d75cee7317f9c29ae61dd67620c5883d80a92e42a6fff88ae5d527af217a?s=96&d=mm&r=g\",\"contentUrl\":\"https:\/\/secure.gravatar.com\/avatar\/1738d75cee7317f9c29ae61dd67620c5883d80a92e42a6fff88ae5d527af217a?s=96&d=mm&r=g\",\"caption\":\"Brenda Cezillo\"}}]}<\/script>\n<!-- \/ Yoast SEO Premium plugin. -->","yoast_head_json":{"title":"Chegada de 2 refor\u00e7os, retorno de Renato Ga\u00facho e tribunal atende pedido da diretoria: as \u00faltimas not\u00edcias do Gr\u00eamio","robots":{"index":"index","follow":"follow","max-snippet":"max-snippet:-1","max-image-preview":"max-image-preview:large","max-video-preview":"max-video-preview:-1"},"canonical":"https:\/\/www.gaveanews.com\/index.php\/2025\/03\/12\/chegada-de-2-reforcos-retorno-de-renato-gaucho-e-tribunal-atende-pedido-da-diretoria-as-ultimas-noticias-do-gremio\/","og_locale":"pt_BR","og_type":"article","og_title":"Chegada de 2 refor\u00e7os, retorno de Renato Ga\u00facho e tribunal atende pedido da diretoria: as \u00faltimas not\u00edcias do Gr\u00eamio","og_description":"Nas \u00faltimas horas, o foco das not\u00edcias sobre o Gr\u00eamio se concentram nos bastidores do clube, com destaques do dia a dia do time. Por conta deste contexto, leia abaixo um resumo preparado pela equipe do portal G\u00e1vea News para lhe manter muito bem informado! Tribunal atende pedido da diretoria O Tribunal de Justi\u00e7a Desportiva [&hellip;]","og_url":"https:\/\/www.gaveanews.com\/index.php\/2025\/03\/12\/chegada-de-2-reforcos-retorno-de-renato-gaucho-e-tribunal-atende-pedido-da-diretoria-as-ultimas-noticias-do-gremio\/","og_site_name":"G\u00e1vea News","article_publisher":"https:\/\/facebook.com\/gaveaNews\/","article_published_time":"2025-03-12T10:25:00+00:00","og_image":[{"width":1163,"height":775,"url":"https:\/\/www.gaveanews.com\/wp-content\/uploads\/Escudo-do-Gremio.webp","type":"image\/webp"}],"author":"Brenda Cezillo","twitter_card":"summary_large_image","twitter_misc":{"Escrito por":"Brenda Cezillo","Est. tempo de leitura":"5 minutos"},"schema":{"@context":"https:\/\/schema.org","@graph":[{"@type":"NewsArticle","@id":"https:\/\/www.gaveanews.com\/index.php\/2025\/03\/12\/chegada-de-2-reforcos-retorno-de-renato-gaucho-e-tribunal-atende-pedido-da-diretoria-as-ultimas-noticias-do-gremio\/#article","isPartOf":{"@id":"https:\/\/www.gaveanews.com\/index.php\/2025\/03\/12\/chegada-de-2-reforcos-retorno-de-renato-gaucho-e-tribunal-atende-pedido-da-diretoria-as-ultimas-noticias-do-gremio\/"},"author":{"name":"Brenda Cezillo","@id":"https:\/\/www.gaveanews.com\/#\/schema\/person\/c79759ca337c40791ae8d08e2923d403"},"headline":"Chegada de 2 refor\u00e7os, retorno de Renato Ga\u00facho e tribunal atende pedido da diretoria: as \u00faltimas not\u00edcias do Gr\u00eamio","datePublished":"2025-03-12T10:25:00+00:00","mainEntityOfPage":{"@id":"https:\/\/www.gaveanews.com\/index.php\/2025\/03\/12\/chegada-de-2-reforcos-retorno-de-renato-gaucho-e-tribunal-atende-pedido-da-diretoria-as-ultimas-noticias-do-gremio\/"},"wordCount":833,"commentCount":0,"image":{"@id":"https:\/\/www.gaveanews.com\/index.php\/2025\/03\/12\/chegada-de-2-reforcos-retorno-de-renato-gaucho-e-tribunal-atende-pedido-da-diretoria-as-ultimas-noticias-do-gremio\/#primaryimage"},"thumbnailUrl":"https:\/\/www.gaveanews.com\/wp-content\/uploads\/Escudo-do-Gremio.webp","articleSection":["Gr\u00eamio"],"inLanguage":"pt-BR","potentialAction":[{"@type":"CommentAction","name":"Comment","target":["https:\/\/www.gaveanews.com\/index.php\/2025\/03\/12\/chegada-de-2-reforcos-retorno-de-renato-gaucho-e-tribunal-atende-pedido-da-diretoria-as-ultimas-noticias-do-gremio\/#respond"]}],"copyrightYear":"2025","copyrightHolder":{"@id":"https:\/\/www.gaveanews.com\/#organization"}},{"@type":"WebPage","@id":"https:\/\/www.gaveanews.com\/index.php\/2025\/03\/12\/chegada-de-2-reforcos-retorno-de-renato-gaucho-e-tribunal-atende-pedido-da-diretoria-as-ultimas-noticias-do-gremio\/","url":"https:\/\/www.gaveanews.com\/index.php\/2025\/03\/12\/chegada-de-2-reforcos-retorno-de-renato-gaucho-e-tribunal-atende-pedido-da-diretoria-as-ultimas-noticias-do-gremio\/","name":"Chegada de 2 refor\u00e7os, retorno de Renato Ga\u00facho e tribunal atende pedido da diretoria: as \u00faltimas not\u00edcias do Gr\u00eamio","isPartOf":{"@id":"https:\/\/www.gaveanews.com\/#website"},"primaryImageOfPage":{"@id":"https:\/\/www.gaveanews.com\/index.php\/2025\/03\/12\/chegada-de-2-reforcos-retorno-de-renato-gaucho-e-tribunal-atende-pedido-da-diretoria-as-ultimas-noticias-do-gremio\/#primaryimage"},"image":{"@id":"https:\/\/www.gaveanews.com\/index.php\/2025\/03\/12\/chegada-de-2-reforcos-retorno-de-renato-gaucho-e-tribunal-atende-pedido-da-diretoria-as-ultimas-noticias-do-gremio\/#primaryimage"},"thumbnailUrl":"https:\/\/www.gaveanews.com\/wp-content\/uploads\/Escudo-do-Gremio.webp","datePublished":"2025-03-12T10:25:00+00:00","author":{"@id":"https:\/\/www.gaveanews.com\/#\/schema\/person\/c79759ca337c40791ae8d08e2923d403"},"breadcrumb":{"@id":"https:\/\/www.gaveanews.com\/index.php\/2025\/03\/12\/chegada-de-2-reforcos-retorno-de-renato-gaucho-e-tribunal-atende-pedido-da-diretoria-as-ultimas-noticias-do-gremio\/#breadcrumb"},"inLanguage":"pt-BR","potentialAction":[{"@type":"ReadAction","target":["https:\/\/www.gaveanews.com\/index.php\/2025\/03\/12\/chegada-de-2-reforcos-retorno-de-renato-gaucho-e-tribunal-atende-pedido-da-diretoria-as-ultimas-noticias-do-gremio\/"]}]},{"@type":"ImageObject","inLanguage":"pt-BR","@id":"https:\/\/www.gaveanews.com\/index.php\/2025\/03\/12\/chegada-de-2-reforcos-retorno-de-renato-gaucho-e-tribunal-atende-pedido-da-diretoria-as-ultimas-noticias-do-gremio\/#primaryimage","url":"https:\/\/www.gaveanews.com\/wp-content\/uploads\/Escudo-do-Gremio.webp","contentUrl":"https:\/\/www.gaveanews.com\/wp-content\/uploads\/Escudo-do-Gremio.webp","width":1163,"height":775,"caption":"Escudo do Gr\u00eamio (Foto: Reprodu\u00e7\u00e3o\/Gr\u00eamio)"},{"@type":"BreadcrumbList","@id":"https:\/\/www.gaveanews.com\/index.php\/2025\/03\/12\/chegada-de-2-reforcos-retorno-de-renato-gaucho-e-tribunal-atende-pedido-da-diretoria-as-ultimas-noticias-do-gremio\/#breadcrumb","itemListElement":[{"@type":"ListItem","position":1,"name":"Home","item":"https:\/\/www.gaveanews.com\/"},{"@type":"ListItem","position":2,"name":"Chegada de 2 refor\u00e7os, retorno de Renato Ga\u00facho e tribunal atende pedido da diretoria: as \u00faltimas not\u00edcias do Gr\u00eamio"}]},{"@type":"WebSite","@id":"https:\/\/www.gaveanews.com\/#website","url":"https:\/\/www.gaveanews.com\/","name":"G\u00e1vea News","description":"Veja todas as not\u00edcias sobre o Flamengo: Contrata\u00e7\u00f5es, categorias de base, resultados das partidas, tabela de classifica\u00e7\u00e3o, pr\u00f3ximos jogos!","potentialAction":[{"@type":"SearchAction","target":{"@type":"EntryPoint","urlTemplate":"https:\/\/www.gaveanews.com\/?s={search_term_string}"},"query-input":{"@type":"PropertyValueSpecification","valueRequired":true,"valueName":"search_term_string"}}],"inLanguage":"pt-BR"},{"@type":"Person","@id":"https:\/\/www.gaveanews.com\/#\/schema\/person\/c79759ca337c40791ae8d08e2923d403","name":"Brenda Cezillo","image":{"@type":"ImageObject","inLanguage":"pt-BR","@id":"https:\/\/www.gaveanews.com\/#\/schema\/person\/image\/","url":"https:\/\/secure.gravatar.com\/avatar\/1738d75cee7317f9c29ae61dd67620c5883d80a92e42a6fff88ae5d527af217a?s=96&d=mm&r=g","contentUrl":"https:\/\/secure.gravatar.com\/avatar\/1738d75cee7317f9c29ae61dd67620c5883d80a92e42a6fff88ae5d527af217a?s=96&d=mm&r=g","caption":"Brenda Cezillo"}}]}},"_links":{"self":[{"href":"https:\/\/www.gaveanews.com\/index.php\/wp-json\/wp\/v2\/posts\/238842","targetHints":{"allow":["GET"]}}],"collection":[{"href":"https:\/\/www.gaveanews.com\/index.php\/wp-json\/wp\/v2\/posts"}],"about":[{"href":"https:\/\/www.gaveanews.com\/index.php\/wp-json\/wp\/v2\/types\/post"}],"author":[{"embeddable":true,"href":"https:\/\/www.gaveanews.com\/index.php\/wp-json\/wp\/v2\/users\/33"}],"replies":[{"embeddable":true,"href":"https:\/\/www.gaveanews.com\/index.php\/wp-json\/wp\/v2\/comments?post=238842"}],"version-history":[{"count":1,"href":"https:\/\/www.gaveanews.com\/index.php\/wp-json\/wp\/v2\/posts\/238842\/revisions"}],"predecessor-version":[{"id":238845,"href":"https:\/\/www.gaveanews.com\/index.php\/wp-json\/wp\/v2\/posts\/238842\/revisions\/238845"}],"wp:featuredmedia":[{"embeddable":true,"href":"https:\/\/www.gaveanews.com\/index.php\/wp-json\/wp\/v2\/media\/154785"}],"wp:attachment":[{"href":"https:\/\/www.gaveanews.com\/index.php\/wp-json\/wp\/v2\/media?parent=238842"}],"wp:term":[{"taxonomy":"category","embeddable":true,"href":"https:\/\/www.gaveanews.com\/index.php\/wp-json\/wp\/v2\/categories?post=238842"},{"taxonomy":"post_tag","embeddable":true,"href":"https:\/\/www.gaveanews.com\/index.php\/wp-json\/wp\/v2\/tags?post=238842"}],"curies":[{"name":"wp","href":"https:\/\/api.w.org\/{rel}","templated":true}]}}