{"id":238844,"date":"2025-03-12T07:30:00","date_gmt":"2025-03-12T10:30:00","guid":{"rendered":"https:\/\/www.gaveanews.com\/?p=238844"},"modified":"2025-03-12T00:16:20","modified_gmt":"2025-03-12T03:16:20","slug":"chegada-de-meia-reacao-de-veiga-viraliza-e-provocacao-ao-sp-as-ultimas-noticias-do-palmeiras","status":"publish","type":"post","link":"https:\/\/www.gaveanews.com\/index.php\/2025\/03\/12\/chegada-de-meia-reacao-de-veiga-viraliza-e-provocacao-ao-sp-as-ultimas-noticias-do-palmeiras\/","title":{"rendered":"Chegada de meia, rea\u00e7\u00e3o de Veiga viraliza e provoca\u00e7\u00e3o ao SP: as \u00faltimas not\u00edcias do Palmeiras"},"content":{"rendered":"\n<p>Nas \u00faltimas horas, o foco das not\u00edcias sobre o Palmeiras se concentram nos bastidores do clube, com destaques do dia a dia do time.<\/p>\n\n\n\n<p>Por conta deste contexto, leia abaixo um resumo preparado pela equipe do portal G\u00e1vea News para lhe manter muito bem informado!<\/p>\n\n\n\n<h2 class=\"wp-block-heading\" id=\"h-provocacao-ao-sp\">Provoca\u00e7\u00e3o ao SP<\/h2>\n\n\n\n<p>O Palmeiras usou suas redes sociais para provocar o S\u00e3o Paulo ap\u00f3s a divulga\u00e7\u00e3o do \u00e1udio do VAR que confirmou o p\u00eanalti a favor da equipe alviverde na semifinal do Campeonato Paulista. Em uma postagem ir\u00f4nica, o clube escreveu: \u201cDesta vez ningu\u00e9m deletou as imagens. Transpar\u00eancia \u00e9 tudo!\u201d, relembrando uma pol\u00eamica de 2022, quando os palmeirenses questionaram um suposto erro do VAR em um confronto com o Tricolor pela Copa do Brasil <strong><a href=\"https:\/\/www.gaveanews.com\/index.php\/2025\/03\/11\/palmeiras-provoca-o-sao-paulo-por-conta-de-vitor-roque\/\">(leia a mat\u00e9ria completa).<\/a><\/strong><\/p>\n\n\n\n<figure class=\"wp-block-image size-full\"><img loading=\"lazy\" decoding=\"async\" width=\"850\" height=\"585\" src=\"http:\/\/www.gaveanews.com\/wp-content\/uploads\/Vitor-Roque-pelo-Palmeiras.webp\" alt=\"\" class=\"wp-image-236329\"\/><figcaption class=\"wp-element-caption\">Vitor Roque pelo Palmeiras (Foto: Cesar Greco\/Palmeiras)<\/figcaption><\/figure>\n\n\n\n<p>O lance em quest\u00e3o envolveu Vitor Roque e o zagueiro Robert Arboleda, com o \u00e1rbitro Fl\u00e1vio Rodrigues de Souza marcando p\u00eanalti ap\u00f3s entender que houve contato na \u00e1rea. <\/p>\n\n\n\n<p>O VAR revisou a jogada e manteve a decis\u00e3o, com o \u00e1udio revelando a justificativa t\u00e9cnica para a penalidade. O Palmeiras venceu a partida por 1 a 0 e garantiu sua vaga na final do Paulist\u00e3o, onde enfrentar\u00e1 o Corinthians.<\/p>\n\n\n\n<p>A provoca\u00e7\u00e3o refor\u00e7a a rivalidade entre Palmeiras e S\u00e3o Paulo, que frequentemente protagonizam duelos marcantes no futebol paulista. Enquanto o Verd\u00e3o se prepara para a decis\u00e3o do estadual, o Tricolor segue buscando respostas sobre a arbitragem e lidando com as consequ\u00eancias da elimina\u00e7\u00e3o.<\/p>\n\n\n\n<h2 class=\"wp-block-heading\" id=\"h-reacao-de-veiga-viraliza\">Rea\u00e7\u00e3o de Veiga viraliza<\/h2>\n\n\n\n<p>A classifica\u00e7\u00e3o do Palmeiras para a final do Campeonato Paulista foi marcada por uma pol\u00eamica de arbitragem no duelo contra o S\u00e3o Paulo. O lance que gerou debate ocorreu quando Vitor Roque caiu na \u00e1rea ap\u00f3s um contato com Arboleda, resultando na marca\u00e7\u00e3o de um p\u00eanalti convertido por Raphael Veiga. No entanto, um detalhe chamou a aten\u00e7\u00e3o: Veiga acreditava que o \u00e1rbitro reverteria a decis\u00e3o e at\u00e9 esperava que Roque fosse punido por simula\u00e7\u00e3o. Sua rea\u00e7\u00e3o de surpresa ap\u00f3s a confirma\u00e7\u00e3o do p\u00eanalti viralizou nas redes sociais, tornando-se um dos momentos mais comentados da partida <strong><a href=\"https:\/\/www.gaveanews.com\/index.php\/2025\/03\/11\/video-reacao-de-raphael-veiga-apos-vitor-roque-sofrer-penalti-viraliza\/\">(leia a mat\u00e9ria completa).<\/a><\/strong><\/p>\n\n\n\n<figure class=\"wp-block-image size-full\"><img loading=\"lazy\" decoding=\"async\" width=\"1008\" height=\"567\" src=\"http:\/\/www.gaveanews.com\/wp-content\/uploads\/Raphael-Veiga-comemora-gol-marcado-pelo-Palmeiras.webp\" alt=\"\" class=\"wp-image-70428\" srcset=\"https:\/\/www.gaveanews.com\/wp-content\/uploads\/Raphael-Veiga-comemora-gol-marcado-pelo-Palmeiras.webp 1008w, https:\/\/www.gaveanews.com\/wp-content\/uploads\/Raphael-Veiga-comemora-gol-marcado-pelo-Palmeiras-300x169.webp 300w, https:\/\/www.gaveanews.com\/wp-content\/uploads\/Raphael-Veiga-comemora-gol-marcado-pelo-Palmeiras-768x432.webp 768w, https:\/\/www.gaveanews.com\/wp-content\/uploads\/Raphael-Veiga-comemora-gol-marcado-pelo-Palmeiras-747x420.webp 747w, https:\/\/www.gaveanews.com\/wp-content\/uploads\/Raphael-Veiga-comemora-gol-marcado-pelo-Palmeiras-640x360.webp 640w, https:\/\/www.gaveanews.com\/wp-content\/uploads\/Raphael-Veiga-comemora-gol-marcado-pelo-Palmeiras-681x383.webp 681w, https:\/\/www.gaveanews.com\/wp-content\/uploads\/Raphael-Veiga-comemora-gol-marcado-pelo-Palmeiras-100x56.webp 100w\" sizes=\"auto, (max-width: 1008px) 100vw, 1008px\" \/><\/figure>\n\n\n\n<p>O S\u00e3o Paulo contestou veementemente a decis\u00e3o da arbitragem, levando o clube a se manifestar oficialmente contra a marca\u00e7\u00e3o da penalidade. Paralelamente, o Palmeiras aproveitou a situa\u00e7\u00e3o para provocar o rival nas redes sociais, publicando uma mensagem ir\u00f4nica sobre a transpar\u00eancia do VAR. A postagem remete a uma pol\u00eamica de 2022, quando o Verd\u00e3o questionou a aus\u00eancia das linhas de impedimento em um gol do S\u00e3o Paulo na Copa do Brasil, epis\u00f3dio que gerou grande repercuss\u00e3o na \u00e9poca.<\/p>\n\n\n\n<p>Com a vit\u00f3ria, o Palmeiras garantiu sua vaga na final do Paulist\u00e3o, onde enfrentar\u00e1 o Corinthians em mais um D\u00e9rbi decisivo. Enquanto a equipe de Abel Ferreira busca o tetracampeonato consecutivo, o Tim\u00e3o chega embalado ap\u00f3s eliminar o Santos. A grande final promete ser hist\u00f3rica, reacendendo a rivalidade entre os clubes e colocando frente a frente duas das maiores for\u00e7as do futebol paulista.<\/p>\n\n\n\n<h2 class=\"wp-block-heading\" id=\"h-chegada-de-meia\">Chegada de meia<\/h2>\n\n\n\n<p>O Palmeiras aguarda a finaliza\u00e7\u00e3o dos exames m\u00e9dicos do meio-campista Lucas Evangelista para oficializar sua contrata\u00e7\u00e3o junto ao Bragantino. O jogador de 29 anos j\u00e1 acertou os termos do acordo, mas uma altera\u00e7\u00e3o detectada na primeira avalia\u00e7\u00e3o cl\u00ednica exigiu novos testes antes da assinatura do contrato. Apesar disso, o clube alviverde mant\u00e9m otimismo de que a negocia\u00e7\u00e3o ser\u00e1 conclu\u00edda nos pr\u00f3ximos dias, sem grandes entraves <strong><a href=\"https:\/\/www.gaveanews.com\/index.php\/2025\/03\/10\/atualizacao-importante-sobre-a-chegada-de-lucas-evangelista-ao-palmeiras\/\">(leia a mat\u00e9ria completa).<\/a><\/strong><\/p>\n\n\n\n<figure class=\"wp-block-image size-full\"><img loading=\"lazy\" decoding=\"async\" width=\"700\" height=\"843\" src=\"http:\/\/www.gaveanews.com\/wp-content\/uploads\/Lucas-Evangelista-pelo-Bragantino.webp\" alt=\"\" class=\"wp-image-169750\" srcset=\"https:\/\/www.gaveanews.com\/wp-content\/uploads\/Lucas-Evangelista-pelo-Bragantino.webp 700w, https:\/\/www.gaveanews.com\/wp-content\/uploads\/Lucas-Evangelista-pelo-Bragantino-249x300.webp 249w, https:\/\/www.gaveanews.com\/wp-content\/uploads\/Lucas-Evangelista-pelo-Bragantino-349x420.webp 349w, https:\/\/www.gaveanews.com\/wp-content\/uploads\/Lucas-Evangelista-pelo-Bragantino-698x840.webp 698w, https:\/\/www.gaveanews.com\/wp-content\/uploads\/Lucas-Evangelista-pelo-Bragantino-640x771.webp 640w, https:\/\/www.gaveanews.com\/wp-content\/uploads\/Lucas-Evangelista-pelo-Bragantino-681x820.webp 681w, https:\/\/www.gaveanews.com\/wp-content\/uploads\/Lucas-Evangelista-pelo-Bragantino-100x120.webp 100w\" sizes=\"auto, (max-width: 700px) 100vw, 700px\" \/><figcaption class=\"wp-element-caption\">Lucas Evangelista pelo Bragantino (Foto: Ari Ferreira\/Bragantino)<\/figcaption><\/figure>\n\n\n\n<p>A transa\u00e7\u00e3o envolve a compra definitiva de Evangelista por quatro milh\u00f5es de euros (cerca de R$ 24 milh\u00f5es). Como parte do acordo, o Palmeiras cedeu o volante Fabinho ao Bragantino por 2,5 milh\u00f5es de euros (R$ 15 milh\u00f5es), ficando com 50% dos direitos econ\u00f4micos do atleta. O neg\u00f3cio segue dentro do regulamento da CBF, que permite a inscri\u00e7\u00e3o de jogadores que participaram dos campeonatos estaduais, mesmo com a janela de transfer\u00eancias fechada.<\/p>\n\n\n\n<p>Se confirmado, Evangelista ser\u00e1 o s\u00e9timo refor\u00e7o do Palmeiras para 2025, juntando-se a nomes como Facundo Torres, Paulinho e Vitor Roque. A diretoria aguarda o resultado final dos exames para definir os pr\u00f3ximos passos e seguir com o planejamento da temporada, refor\u00e7ando o elenco comandado por Abel Ferreira para os desafios futuros.<\/p>\n","protected":false},"excerpt":{"rendered":"<p>Nas \u00faltimas horas, o foco das not\u00edcias sobre o Palmeiras se concentram nos bastidores do clube, com destaques do dia a dia do time. Por conta deste contexto, leia abaixo um resumo preparado pela equipe do portal G\u00e1vea News para lhe manter muito bem informado! Provoca\u00e7\u00e3o ao SP O Palmeiras usou suas redes sociais para [&hellip;]<\/p>\n","protected":false},"author":33,"featured_media":152159,"comment_status":"open","ping_status":"closed","sticky":false,"template":"","format":"standard","meta":{"footnotes":""},"categories":[150],"tags":[],"class_list":["post-238844","post","type-post","status-publish","format-standard","has-post-thumbnail","hentry","category-palmeiras"],"yoast_head":"<!-- This site is optimized with the Yoast SEO Premium plugin v24.2 (Yoast SEO v26.9) - https:\/\/yoast.com\/product\/yoast-seo-premium-wordpress\/ -->\n<title>Chegada de meia, rea\u00e7\u00e3o de Veiga viraliza e provoca\u00e7\u00e3o ao SP: as \u00faltimas not\u00edcias do Palmeiras<\/title>\n<meta name=\"robots\" content=\"index, follow, max-snippet:-1, max-image-preview:large, max-video-preview:-1\" \/>\n<link rel=\"canonical\" href=\"https:\/\/www.gaveanews.com\/index.php\/2025\/03\/12\/chegada-de-meia-reacao-de-veiga-viraliza-e-provocacao-ao-sp-as-ultimas-noticias-do-palmeiras\/\" \/>\n<meta property=\"og:locale\" content=\"pt_BR\" \/>\n<meta property=\"og:type\" content=\"article\" \/>\n<meta property=\"og:title\" content=\"Chegada de meia, rea\u00e7\u00e3o de Veiga viraliza e provoca\u00e7\u00e3o ao SP: as \u00faltimas not\u00edcias do Palmeiras\" \/>\n<meta property=\"og:description\" content=\"Nas \u00faltimas horas, o foco das not\u00edcias sobre o Palmeiras se concentram nos bastidores do clube, com destaques do dia a dia do time. Por conta deste contexto, leia abaixo um resumo preparado pela equipe do portal G\u00e1vea News para lhe manter muito bem informado! Provoca\u00e7\u00e3o ao SP O Palmeiras usou suas redes sociais para [&hellip;]\" \/>\n<meta property=\"og:url\" content=\"https:\/\/www.gaveanews.com\/index.php\/2025\/03\/12\/chegada-de-meia-reacao-de-veiga-viraliza-e-provocacao-ao-sp-as-ultimas-noticias-do-palmeiras\/\" \/>\n<meta property=\"og:site_name\" content=\"G\u00e1vea News\" \/>\n<meta property=\"article:publisher\" content=\"https:\/\/facebook.com\/gaveaNews\/\" \/>\n<meta property=\"article:published_time\" content=\"2025-03-12T10:30:00+00:00\" \/>\n<meta property=\"og:image\" content=\"https:\/\/www.gaveanews.com\/wp-content\/uploads\/Escudo-do-Palmeiras.webp\" \/>\n\t<meta property=\"og:image:width\" content=\"1000\" \/>\n\t<meta property=\"og:image:height\" content=\"667\" \/>\n\t<meta property=\"og:image:type\" content=\"image\/webp\" \/>\n<meta name=\"author\" content=\"Brenda Cezillo\" \/>\n<meta name=\"twitter:card\" content=\"summary_large_image\" \/>\n<meta name=\"twitter:label1\" content=\"Escrito por\" \/>\n\t<meta name=\"twitter:data1\" content=\"Brenda Cezillo\" \/>\n\t<meta name=\"twitter:label2\" content=\"Est. tempo de leitura\" \/>\n\t<meta name=\"twitter:data2\" content=\"5 minutos\" \/>\n<script type=\"application\/ld+json\" class=\"yoast-schema-graph\">{\"@context\":\"https:\/\/schema.org\",\"@graph\":[{\"@type\":\"NewsArticle\",\"@id\":\"https:\/\/www.gaveanews.com\/index.php\/2025\/03\/12\/chegada-de-meia-reacao-de-veiga-viraliza-e-provocacao-ao-sp-as-ultimas-noticias-do-palmeiras\/#article\",\"isPartOf\":{\"@id\":\"https:\/\/www.gaveanews.com\/index.php\/2025\/03\/12\/chegada-de-meia-reacao-de-veiga-viraliza-e-provocacao-ao-sp-as-ultimas-noticias-do-palmeiras\/\"},\"author\":{\"name\":\"Brenda Cezillo\",\"@id\":\"https:\/\/www.gaveanews.com\/#\/schema\/person\/c79759ca337c40791ae8d08e2923d403\"},\"headline\":\"Chegada de meia, rea\u00e7\u00e3o de Veiga viraliza e provoca\u00e7\u00e3o ao SP: as \u00faltimas not\u00edcias do Palmeiras\",\"datePublished\":\"2025-03-12T10:30:00+00:00\",\"mainEntityOfPage\":{\"@id\":\"https:\/\/www.gaveanews.com\/index.php\/2025\/03\/12\/chegada-de-meia-reacao-de-veiga-viraliza-e-provocacao-ao-sp-as-ultimas-noticias-do-palmeiras\/\"},\"wordCount\":783,\"commentCount\":0,\"image\":{\"@id\":\"https:\/\/www.gaveanews.com\/index.php\/2025\/03\/12\/chegada-de-meia-reacao-de-veiga-viraliza-e-provocacao-ao-sp-as-ultimas-noticias-do-palmeiras\/#primaryimage\"},\"thumbnailUrl\":\"https:\/\/www.gaveanews.com\/wp-content\/uploads\/Escudo-do-Palmeiras.webp\",\"articleSection\":[\"Palmeiras\"],\"inLanguage\":\"pt-BR\",\"potentialAction\":[{\"@type\":\"CommentAction\",\"name\":\"Comment\",\"target\":[\"https:\/\/www.gaveanews.com\/index.php\/2025\/03\/12\/chegada-de-meia-reacao-de-veiga-viraliza-e-provocacao-ao-sp-as-ultimas-noticias-do-palmeiras\/#respond\"]}],\"copyrightYear\":\"2025\",\"copyrightHolder\":{\"@id\":\"https:\/\/www.gaveanews.com\/#organization\"}},{\"@type\":\"WebPage\",\"@id\":\"https:\/\/www.gaveanews.com\/index.php\/2025\/03\/12\/chegada-de-meia-reacao-de-veiga-viraliza-e-provocacao-ao-sp-as-ultimas-noticias-do-palmeiras\/\",\"url\":\"https:\/\/www.gaveanews.com\/index.php\/2025\/03\/12\/chegada-de-meia-reacao-de-veiga-viraliza-e-provocacao-ao-sp-as-ultimas-noticias-do-palmeiras\/\",\"name\":\"Chegada de meia, rea\u00e7\u00e3o de Veiga viraliza e provoca\u00e7\u00e3o ao SP: as \u00faltimas not\u00edcias do Palmeiras\",\"isPartOf\":{\"@id\":\"https:\/\/www.gaveanews.com\/#website\"},\"primaryImageOfPage\":{\"@id\":\"https:\/\/www.gaveanews.com\/index.php\/2025\/03\/12\/chegada-de-meia-reacao-de-veiga-viraliza-e-provocacao-ao-sp-as-ultimas-noticias-do-palmeiras\/#primaryimage\"},\"image\":{\"@id\":\"https:\/\/www.gaveanews.com\/index.php\/2025\/03\/12\/chegada-de-meia-reacao-de-veiga-viraliza-e-provocacao-ao-sp-as-ultimas-noticias-do-palmeiras\/#primaryimage\"},\"thumbnailUrl\":\"https:\/\/www.gaveanews.com\/wp-content\/uploads\/Escudo-do-Palmeiras.webp\",\"datePublished\":\"2025-03-12T10:30:00+00:00\",\"author\":{\"@id\":\"https:\/\/www.gaveanews.com\/#\/schema\/person\/c79759ca337c40791ae8d08e2923d403\"},\"breadcrumb\":{\"@id\":\"https:\/\/www.gaveanews.com\/index.php\/2025\/03\/12\/chegada-de-meia-reacao-de-veiga-viraliza-e-provocacao-ao-sp-as-ultimas-noticias-do-palmeiras\/#breadcrumb\"},\"inLanguage\":\"pt-BR\",\"potentialAction\":[{\"@type\":\"ReadAction\",\"target\":[\"https:\/\/www.gaveanews.com\/index.php\/2025\/03\/12\/chegada-de-meia-reacao-de-veiga-viraliza-e-provocacao-ao-sp-as-ultimas-noticias-do-palmeiras\/\"]}]},{\"@type\":\"ImageObject\",\"inLanguage\":\"pt-BR\",\"@id\":\"https:\/\/www.gaveanews.com\/index.php\/2025\/03\/12\/chegada-de-meia-reacao-de-veiga-viraliza-e-provocacao-ao-sp-as-ultimas-noticias-do-palmeiras\/#primaryimage\",\"url\":\"https:\/\/www.gaveanews.com\/wp-content\/uploads\/Escudo-do-Palmeiras.webp\",\"contentUrl\":\"https:\/\/www.gaveanews.com\/wp-content\/uploads\/Escudo-do-Palmeiras.webp\",\"width\":1000,\"height\":667,\"caption\":\"Escudo do Palmeiras (Foto Reprodu\u00e7\u00e3o\/Instagram)\"},{\"@type\":\"BreadcrumbList\",\"@id\":\"https:\/\/www.gaveanews.com\/index.php\/2025\/03\/12\/chegada-de-meia-reacao-de-veiga-viraliza-e-provocacao-ao-sp-as-ultimas-noticias-do-palmeiras\/#breadcrumb\",\"itemListElement\":[{\"@type\":\"ListItem\",\"position\":1,\"name\":\"Home\",\"item\":\"https:\/\/www.gaveanews.com\/\"},{\"@type\":\"ListItem\",\"position\":2,\"name\":\"Chegada de meia, rea\u00e7\u00e3o de Veiga viraliza e provoca\u00e7\u00e3o ao SP: as \u00faltimas not\u00edcias do Palmeiras\"}]},{\"@type\":\"WebSite\",\"@id\":\"https:\/\/www.gaveanews.com\/#website\",\"url\":\"https:\/\/www.gaveanews.com\/\",\"name\":\"G\u00e1vea News\",\"description\":\"Veja todas as not\u00edcias sobre o Flamengo: Contrata\u00e7\u00f5es, categorias de base, resultados das partidas, tabela de classifica\u00e7\u00e3o, pr\u00f3ximos jogos!\",\"potentialAction\":[{\"@type\":\"SearchAction\",\"target\":{\"@type\":\"EntryPoint\",\"urlTemplate\":\"https:\/\/www.gaveanews.com\/?s={search_term_string}\"},\"query-input\":{\"@type\":\"PropertyValueSpecification\",\"valueRequired\":true,\"valueName\":\"search_term_string\"}}],\"inLanguage\":\"pt-BR\"},{\"@type\":\"Person\",\"@id\":\"https:\/\/www.gaveanews.com\/#\/schema\/person\/c79759ca337c40791ae8d08e2923d403\",\"name\":\"Brenda Cezillo\",\"image\":{\"@type\":\"ImageObject\",\"inLanguage\":\"pt-BR\",\"@id\":\"https:\/\/www.gaveanews.com\/#\/schema\/person\/image\/\",\"url\":\"https:\/\/secure.gravatar.com\/avatar\/1738d75cee7317f9c29ae61dd67620c5883d80a92e42a6fff88ae5d527af217a?s=96&d=mm&r=g\",\"contentUrl\":\"https:\/\/secure.gravatar.com\/avatar\/1738d75cee7317f9c29ae61dd67620c5883d80a92e42a6fff88ae5d527af217a?s=96&d=mm&r=g\",\"caption\":\"Brenda Cezillo\"}}]}<\/script>\n<!-- \/ Yoast SEO Premium plugin. -->","yoast_head_json":{"title":"Chegada de meia, rea\u00e7\u00e3o de Veiga viraliza e provoca\u00e7\u00e3o ao SP: as \u00faltimas not\u00edcias do Palmeiras","robots":{"index":"index","follow":"follow","max-snippet":"max-snippet:-1","max-image-preview":"max-image-preview:large","max-video-preview":"max-video-preview:-1"},"canonical":"https:\/\/www.gaveanews.com\/index.php\/2025\/03\/12\/chegada-de-meia-reacao-de-veiga-viraliza-e-provocacao-ao-sp-as-ultimas-noticias-do-palmeiras\/","og_locale":"pt_BR","og_type":"article","og_title":"Chegada de meia, rea\u00e7\u00e3o de Veiga viraliza e provoca\u00e7\u00e3o ao SP: as \u00faltimas not\u00edcias do Palmeiras","og_description":"Nas \u00faltimas horas, o foco das not\u00edcias sobre o Palmeiras se concentram nos bastidores do clube, com destaques do dia a dia do time. Por conta deste contexto, leia abaixo um resumo preparado pela equipe do portal G\u00e1vea News para lhe manter muito bem informado! Provoca\u00e7\u00e3o ao SP O Palmeiras usou suas redes sociais para [&hellip;]","og_url":"https:\/\/www.gaveanews.com\/index.php\/2025\/03\/12\/chegada-de-meia-reacao-de-veiga-viraliza-e-provocacao-ao-sp-as-ultimas-noticias-do-palmeiras\/","og_site_name":"G\u00e1vea News","article_publisher":"https:\/\/facebook.com\/gaveaNews\/","article_published_time":"2025-03-12T10:30:00+00:00","og_image":[{"width":1000,"height":667,"url":"https:\/\/www.gaveanews.com\/wp-content\/uploads\/Escudo-do-Palmeiras.webp","type":"image\/webp"}],"author":"Brenda Cezillo","twitter_card":"summary_large_image","twitter_misc":{"Escrito por":"Brenda Cezillo","Est. tempo de leitura":"5 minutos"},"schema":{"@context":"https:\/\/schema.org","@graph":[{"@type":"NewsArticle","@id":"https:\/\/www.gaveanews.com\/index.php\/2025\/03\/12\/chegada-de-meia-reacao-de-veiga-viraliza-e-provocacao-ao-sp-as-ultimas-noticias-do-palmeiras\/#article","isPartOf":{"@id":"https:\/\/www.gaveanews.com\/index.php\/2025\/03\/12\/chegada-de-meia-reacao-de-veiga-viraliza-e-provocacao-ao-sp-as-ultimas-noticias-do-palmeiras\/"},"author":{"name":"Brenda Cezillo","@id":"https:\/\/www.gaveanews.com\/#\/schema\/person\/c79759ca337c40791ae8d08e2923d403"},"headline":"Chegada de meia, rea\u00e7\u00e3o de Veiga viraliza e provoca\u00e7\u00e3o ao SP: as \u00faltimas not\u00edcias do Palmeiras","datePublished":"2025-03-12T10:30:00+00:00","mainEntityOfPage":{"@id":"https:\/\/www.gaveanews.com\/index.php\/2025\/03\/12\/chegada-de-meia-reacao-de-veiga-viraliza-e-provocacao-ao-sp-as-ultimas-noticias-do-palmeiras\/"},"wordCount":783,"commentCount":0,"image":{"@id":"https:\/\/www.gaveanews.com\/index.php\/2025\/03\/12\/chegada-de-meia-reacao-de-veiga-viraliza-e-provocacao-ao-sp-as-ultimas-noticias-do-palmeiras\/#primaryimage"},"thumbnailUrl":"https:\/\/www.gaveanews.com\/wp-content\/uploads\/Escudo-do-Palmeiras.webp","articleSection":["Palmeiras"],"inLanguage":"pt-BR","potentialAction":[{"@type":"CommentAction","name":"Comment","target":["https:\/\/www.gaveanews.com\/index.php\/2025\/03\/12\/chegada-de-meia-reacao-de-veiga-viraliza-e-provocacao-ao-sp-as-ultimas-noticias-do-palmeiras\/#respond"]}],"copyrightYear":"2025","copyrightHolder":{"@id":"https:\/\/www.gaveanews.com\/#organization"}},{"@type":"WebPage","@id":"https:\/\/www.gaveanews.com\/index.php\/2025\/03\/12\/chegada-de-meia-reacao-de-veiga-viraliza-e-provocacao-ao-sp-as-ultimas-noticias-do-palmeiras\/","url":"https:\/\/www.gaveanews.com\/index.php\/2025\/03\/12\/chegada-de-meia-reacao-de-veiga-viraliza-e-provocacao-ao-sp-as-ultimas-noticias-do-palmeiras\/","name":"Chegada de meia, rea\u00e7\u00e3o de Veiga viraliza e provoca\u00e7\u00e3o ao SP: as \u00faltimas not\u00edcias do Palmeiras","isPartOf":{"@id":"https:\/\/www.gaveanews.com\/#website"},"primaryImageOfPage":{"@id":"https:\/\/www.gaveanews.com\/index.php\/2025\/03\/12\/chegada-de-meia-reacao-de-veiga-viraliza-e-provocacao-ao-sp-as-ultimas-noticias-do-palmeiras\/#primaryimage"},"image":{"@id":"https:\/\/www.gaveanews.com\/index.php\/2025\/03\/12\/chegada-de-meia-reacao-de-veiga-viraliza-e-provocacao-ao-sp-as-ultimas-noticias-do-palmeiras\/#primaryimage"},"thumbnailUrl":"https:\/\/www.gaveanews.com\/wp-content\/uploads\/Escudo-do-Palmeiras.webp","datePublished":"2025-03-12T10:30:00+00:00","author":{"@id":"https:\/\/www.gaveanews.com\/#\/schema\/person\/c79759ca337c40791ae8d08e2923d403"},"breadcrumb":{"@id":"https:\/\/www.gaveanews.com\/index.php\/2025\/03\/12\/chegada-de-meia-reacao-de-veiga-viraliza-e-provocacao-ao-sp-as-ultimas-noticias-do-palmeiras\/#breadcrumb"},"inLanguage":"pt-BR","potentialAction":[{"@type":"ReadAction","target":["https:\/\/www.gaveanews.com\/index.php\/2025\/03\/12\/chegada-de-meia-reacao-de-veiga-viraliza-e-provocacao-ao-sp-as-ultimas-noticias-do-palmeiras\/"]}]},{"@type":"ImageObject","inLanguage":"pt-BR","@id":"https:\/\/www.gaveanews.com\/index.php\/2025\/03\/12\/chegada-de-meia-reacao-de-veiga-viraliza-e-provocacao-ao-sp-as-ultimas-noticias-do-palmeiras\/#primaryimage","url":"https:\/\/www.gaveanews.com\/wp-content\/uploads\/Escudo-do-Palmeiras.webp","contentUrl":"https:\/\/www.gaveanews.com\/wp-content\/uploads\/Escudo-do-Palmeiras.webp","width":1000,"height":667,"caption":"Escudo do Palmeiras (Foto Reprodu\u00e7\u00e3o\/Instagram)"},{"@type":"BreadcrumbList","@id":"https:\/\/www.gaveanews.com\/index.php\/2025\/03\/12\/chegada-de-meia-reacao-de-veiga-viraliza-e-provocacao-ao-sp-as-ultimas-noticias-do-palmeiras\/#breadcrumb","itemListElement":[{"@type":"ListItem","position":1,"name":"Home","item":"https:\/\/www.gaveanews.com\/"},{"@type":"ListItem","position":2,"name":"Chegada de meia, rea\u00e7\u00e3o de Veiga viraliza e provoca\u00e7\u00e3o ao SP: as \u00faltimas not\u00edcias do Palmeiras"}]},{"@type":"WebSite","@id":"https:\/\/www.gaveanews.com\/#website","url":"https:\/\/www.gaveanews.com\/","name":"G\u00e1vea News","description":"Veja todas as not\u00edcias sobre o Flamengo: Contrata\u00e7\u00f5es, categorias de base, resultados das partidas, tabela de classifica\u00e7\u00e3o, pr\u00f3ximos jogos!","potentialAction":[{"@type":"SearchAction","target":{"@type":"EntryPoint","urlTemplate":"https:\/\/www.gaveanews.com\/?s={search_term_string}"},"query-input":{"@type":"PropertyValueSpecification","valueRequired":true,"valueName":"search_term_string"}}],"inLanguage":"pt-BR"},{"@type":"Person","@id":"https:\/\/www.gaveanews.com\/#\/schema\/person\/c79759ca337c40791ae8d08e2923d403","name":"Brenda Cezillo","image":{"@type":"ImageObject","inLanguage":"pt-BR","@id":"https:\/\/www.gaveanews.com\/#\/schema\/person\/image\/","url":"https:\/\/secure.gravatar.com\/avatar\/1738d75cee7317f9c29ae61dd67620c5883d80a92e42a6fff88ae5d527af217a?s=96&d=mm&r=g","contentUrl":"https:\/\/secure.gravatar.com\/avatar\/1738d75cee7317f9c29ae61dd67620c5883d80a92e42a6fff88ae5d527af217a?s=96&d=mm&r=g","caption":"Brenda Cezillo"}}]}},"_links":{"self":[{"href":"https:\/\/www.gaveanews.com\/index.php\/wp-json\/wp\/v2\/posts\/238844","targetHints":{"allow":["GET"]}}],"collection":[{"href":"https:\/\/www.gaveanews.com\/index.php\/wp-json\/wp\/v2\/posts"}],"about":[{"href":"https:\/\/www.gaveanews.com\/index.php\/wp-json\/wp\/v2\/types\/post"}],"author":[{"embeddable":true,"href":"https:\/\/www.gaveanews.com\/index.php\/wp-json\/wp\/v2\/users\/33"}],"replies":[{"embeddable":true,"href":"https:\/\/www.gaveanews.com\/index.php\/wp-json\/wp\/v2\/comments?post=238844"}],"version-history":[{"count":1,"href":"https:\/\/www.gaveanews.com\/index.php\/wp-json\/wp\/v2\/posts\/238844\/revisions"}],"predecessor-version":[{"id":238847,"href":"https:\/\/www.gaveanews.com\/index.php\/wp-json\/wp\/v2\/posts\/238844\/revisions\/238847"}],"wp:featuredmedia":[{"embeddable":true,"href":"https:\/\/www.gaveanews.com\/index.php\/wp-json\/wp\/v2\/media\/152159"}],"wp:attachment":[{"href":"https:\/\/www.gaveanews.com\/index.php\/wp-json\/wp\/v2\/media?parent=238844"}],"wp:term":[{"taxonomy":"category","embeddable":true,"href":"https:\/\/www.gaveanews.com\/index.php\/wp-json\/wp\/v2\/categories?post=238844"},{"taxonomy":"post_tag","embeddable":true,"href":"https:\/\/www.gaveanews.com\/index.php\/wp-json\/wp\/v2\/tags?post=238844"}],"curies":[{"name":"wp","href":"https:\/\/api.w.org\/{rel}","templated":true}]}}