{"id":238848,"date":"2025-03-12T07:35:00","date_gmt":"2025-03-12T10:35:00","guid":{"rendered":"https:\/\/www.gaveanews.com\/?p=238848"},"modified":"2025-03-12T00:24:39","modified_gmt":"2025-03-12T03:24:39","slug":"volante-e-contratado-titular-de-saida-e-queridinho-vai-renovar-as-ultimas-noticias-do-internacional","status":"publish","type":"post","link":"https:\/\/www.gaveanews.com\/index.php\/2025\/03\/12\/volante-e-contratado-titular-de-saida-e-queridinho-vai-renovar-as-ultimas-noticias-do-internacional\/","title":{"rendered":"Volante \u00e9 contratado, titular de sa\u00edda e queridinho vai renovar: as \u00faltimas not\u00edcias do Internacional"},"content":{"rendered":"\n<p>Nas \u00faltimas horas, o foco das not\u00edcias sobre o Internacional se concentram nos bastidores do clube, com destaques do dia a dia do time.<\/p>\n\n\n\n<p>Por conta deste contexto, leia abaixo um resumo preparado pela equipe do portal G\u00e1vea News para lhe manter muito bem informado!<\/p>\n\n\n\n<h2 class=\"wp-block-heading\" id=\"h-queridinho-vai-renovar\">Queridinho vai renovar<\/h2>\n\n\n\n<p>O Internacional vive um grande momento sob o comando de Roger Machado e est\u00e1 perto de conquistar o Campeonato Ga\u00facho de forma invicta. A equipe venceu o Gr\u00eamio por 2 a 0 no jogo de ida da final e precisa apenas de um empate ou uma derrota por um gol para garantir o t\u00edtulo no Beira-Rio. Diante do bom desempenho do time, a diretoria j\u00e1 planeja a renova\u00e7\u00e3o do volante Fernando, pe\u00e7a fundamental no meio-campo colorado, cujo contrato atual vai at\u00e9 dezembro de 2025<strong><a href=\"https:\/\/www.gaveanews.com\/index.php\/2025\/03\/11\/internacional-prepara-renovacao-de-queridinho-de-roger-machado\/\"> (leia a mat\u00e9ria completa).<\/a><\/strong><\/p>\n\n\n\n<figure class=\"wp-block-image size-large\"><img loading=\"lazy\" decoding=\"async\" width=\"1024\" height=\"769\" src=\"http:\/\/www.gaveanews.com\/wp-content\/uploads\/Roger-Machado-durante-coletiva-pelo-Internacional-em-2024-1024x769.webp\" alt=\"\" class=\"wp-image-154272\" srcset=\"https:\/\/www.gaveanews.com\/wp-content\/uploads\/Roger-Machado-durante-coletiva-pelo-Internacional-em-2024-1024x769.webp 1024w, https:\/\/www.gaveanews.com\/wp-content\/uploads\/Roger-Machado-durante-coletiva-pelo-Internacional-em-2024-300x225.webp 300w, https:\/\/www.gaveanews.com\/wp-content\/uploads\/Roger-Machado-durante-coletiva-pelo-Internacional-em-2024-768x576.webp 768w, https:\/\/www.gaveanews.com\/wp-content\/uploads\/Roger-Machado-durante-coletiva-pelo-Internacional-em-2024-560x420.webp 560w, https:\/\/www.gaveanews.com\/wp-content\/uploads\/Roger-Machado-durante-coletiva-pelo-Internacional-em-2024-1119x840.webp 1119w, https:\/\/www.gaveanews.com\/wp-content\/uploads\/Roger-Machado-durante-coletiva-pelo-Internacional-em-2024-80x60.webp 80w, https:\/\/www.gaveanews.com\/wp-content\/uploads\/Roger-Machado-durante-coletiva-pelo-Internacional-em-2024-160x120.webp 160w, https:\/\/www.gaveanews.com\/wp-content\/uploads\/Roger-Machado-durante-coletiva-pelo-Internacional-em-2024-100x75.webp 100w, https:\/\/www.gaveanews.com\/wp-content\/uploads\/Roger-Machado-durante-coletiva-pelo-Internacional-em-2024-200x150.webp 200w, https:\/\/www.gaveanews.com\/wp-content\/uploads\/Roger-Machado-durante-coletiva-pelo-Internacional-em-2024-180x135.webp 180w, https:\/\/www.gaveanews.com\/wp-content\/uploads\/Roger-Machado-durante-coletiva-pelo-Internacional-em-2024-360x270.webp 360w, https:\/\/www.gaveanews.com\/wp-content\/uploads\/Roger-Machado-durante-coletiva-pelo-Internacional-em-2024-238x178.webp 238w, https:\/\/www.gaveanews.com\/wp-content\/uploads\/Roger-Machado-durante-coletiva-pelo-Internacional-em-2024-476x356.webp 476w, https:\/\/www.gaveanews.com\/wp-content\/uploads\/Roger-Machado-durante-coletiva-pelo-Internacional-em-2024-640x480.webp 640w, https:\/\/www.gaveanews.com\/wp-content\/uploads\/Roger-Machado-durante-coletiva-pelo-Internacional-em-2024-1280x961.webp 1280w, https:\/\/www.gaveanews.com\/wp-content\/uploads\/Roger-Machado-durante-coletiva-pelo-Internacional-em-2024-681x511.webp 681w, https:\/\/www.gaveanews.com\/wp-content\/uploads\/Roger-Machado-durante-coletiva-pelo-Internacional-em-2024-1362x1022.webp 1362w, https:\/\/www.gaveanews.com\/wp-content\/uploads\/Roger-Machado-durante-coletiva-pelo-Internacional-em-2024.webp 1419w\" sizes=\"auto, (max-width: 1024px) 100vw, 1024px\" \/><figcaption class=\"wp-element-caption\">Roger Machado durante coletiva pelo Internacional em 2024 (Foto: Reprodu\u00e7\u00e3o\/Internacional)<\/figcaption><\/figure>\n\n\n\n<p>Com 37 anos, Fernando tem sido um dos pilares do Internacional, participando de oito partidas nesta temporada e marcando um gol. <\/p>\n\n\n\n<p>Sua regularidade e experi\u00eancia fazem com que a diretoria avalie uma extens\u00e3o contratual por mais um ano. No entanto, o jogador adota uma postura cautelosa, preferindo aguardar at\u00e9 o fim do ano para decidir seu futuro, j\u00e1 que a aposentadoria tamb\u00e9m est\u00e1 entre suas possibilidades.<\/p>\n\n\n\n<p>Enquanto as negocia\u00e7\u00f5es ocorrem nos bastidores, o Internacional foca no jogo decisivo contra o Gr\u00eamio, marcado para domingo (16). Caso confirme o t\u00edtulo estadual, o clube consolidar\u00e1 o bom trabalho sob Roger Machado e ganhar\u00e1 ainda mais confian\u00e7a para os desafios do restante da temporada.<\/p>\n\n\n\n<h2 class=\"wp-block-heading\" id=\"h-titular-de-saida\">Titular de sa\u00edda<\/h2>\n\n\n\n<p>O Internacional segue atento ao mercado de transfer\u00eancias e pode ter mais uma sa\u00edda em seu elenco. O lateral-direito Nathan, emprestado pelo Santos at\u00e9 junho de 2025, pode deixar o clube ga\u00facho j\u00e1 na pr\u00f3xima semana. Seu contrato prev\u00ea uma cl\u00e1usula de encerramento antecipado ap\u00f3s a final do Campeonato Ga\u00facho contra o Gr\u00eamio, no pr\u00f3ximo domingo (16), o que abre a possibilidade de retorno ao Santos ou negocia\u00e7\u00e3o com outra equipe <strong><a href=\"https:\/\/www.gaveanews.com\/index.php\/2025\/03\/11\/ele-pode-deixar-o-internacional-na-proxima-semana\/\">(leia a mat\u00e9ria completa).<\/a><\/strong><\/p>\n\n\n\n<blockquote class=\"instagram-media\" data-instgrm-permalink=\"https:\/\/www.instagram.com\/p\/DFaUlTzRTxo\/?utm_source=ig_embed&amp;utm_campaign=loading\" data-instgrm-version=\"14\" style=\" background:#FFF; border:0; border-radius:3px; box-shadow:0 0 1px 0 rgba(0,0,0,0.5),0 1px 10px 0 rgba(0,0,0,0.15); margin: 1px; max-width:540px; min-width:326px; padding:0; width:99.375%; width:-webkit-calc(100% - 2px); width:calc(100% - 2px);\"><div style=\"padding:16px;\"> <a href=\"https:\/\/www.instagram.com\/p\/DFaUlTzRTxo\/?utm_source=ig_embed&amp;utm_campaign=loading\" style=\" background:#FFFFFF; line-height:0; padding:0 0; text-align:center; text-decoration:none; width:100%;\" target=\"_blank\"> <div style=\" display: flex; flex-direction: row; align-items: center;\"> <div style=\"background-color: #F4F4F4; border-radius: 50%; flex-grow: 0; height: 40px; margin-right: 14px; width: 40px;\"><\/div> <div style=\"display: flex; flex-direction: column; flex-grow: 1; justify-content: center;\"> <div style=\" background-color: #F4F4F4; border-radius: 4px; flex-grow: 0; height: 14px; margin-bottom: 6px; width: 100px;\"><\/div> <div style=\" background-color: #F4F4F4; border-radius: 4px; flex-grow: 0; height: 14px; width: 60px;\"><\/div><\/div><\/div><div style=\"padding: 19% 0;\"><\/div> <div style=\"display:block; height:50px; margin:0 auto 12px; width:50px;\"><svg width=\"50px\" height=\"50px\" viewBox=\"0 0 60 60\" version=\"1.1\" xmlns=\"https:\/\/www.w3.org\/2000\/svg\" xmlns:xlink=\"https:\/\/www.w3.org\/1999\/xlink\"><g stroke=\"none\" stroke-width=\"1\" fill=\"none\" fill-rule=\"evenodd\"><g transform=\"translate(-511.000000, -20.000000)\" fill=\"#000000\"><g><path d=\"M556.869,30.41 C554.814,30.41 553.148,32.076 553.148,34.131 C553.148,36.186 554.814,37.852 556.869,37.852 C558.924,37.852 560.59,36.186 560.59,34.131 C560.59,32.076 558.924,30.41 556.869,30.41 M541,60.657 C535.114,60.657 530.342,55.887 530.342,50 C530.342,44.114 535.114,39.342 541,39.342 C546.887,39.342 551.658,44.114 551.658,50 C551.658,55.887 546.887,60.657 541,60.657 M541,33.886 C532.1,33.886 524.886,41.1 524.886,50 C524.886,58.899 532.1,66.113 541,66.113 C549.9,66.113 557.115,58.899 557.115,50 C557.115,41.1 549.9,33.886 541,33.886 M565.378,62.101 C565.244,65.022 564.756,66.606 564.346,67.663 C563.803,69.06 563.154,70.057 562.106,71.106 C561.058,72.155 560.06,72.803 558.662,73.347 C557.607,73.757 556.021,74.244 553.102,74.378 C549.944,74.521 548.997,74.552 541,74.552 C533.003,74.552 532.056,74.521 528.898,74.378 C525.979,74.244 524.393,73.757 523.338,73.347 C521.94,72.803 520.942,72.155 519.894,71.106 C518.846,70.057 518.197,69.06 517.654,67.663 C517.244,66.606 516.755,65.022 516.623,62.101 C516.479,58.943 516.448,57.996 516.448,50 C516.448,42.003 516.479,41.056 516.623,37.899 C516.755,34.978 517.244,33.391 517.654,32.338 C518.197,30.938 518.846,29.942 519.894,28.894 C520.942,27.846 521.94,27.196 523.338,26.654 C524.393,26.244 525.979,25.756 528.898,25.623 C532.057,25.479 533.004,25.448 541,25.448 C548.997,25.448 549.943,25.479 553.102,25.623 C556.021,25.756 557.607,26.244 558.662,26.654 C560.06,27.196 561.058,27.846 562.106,28.894 C563.154,29.942 563.803,30.938 564.346,32.338 C564.756,33.391 565.244,34.978 565.378,37.899 C565.522,41.056 565.552,42.003 565.552,50 C565.552,57.996 565.522,58.943 565.378,62.101 M570.82,37.631 C570.674,34.438 570.167,32.258 569.425,30.349 C568.659,28.377 567.633,26.702 565.965,25.035 C564.297,23.368 562.623,22.342 560.652,21.575 C558.743,20.834 556.562,20.326 553.369,20.18 C550.169,20.033 549.148,20 541,20 C532.853,20 531.831,20.033 528.631,20.18 C525.438,20.326 523.257,20.834 521.349,21.575 C519.376,22.342 517.703,23.368 516.035,25.035 C514.368,26.702 513.342,28.377 512.574,30.349 C511.834,32.258 511.326,34.438 511.181,37.631 C511.035,40.831 511,41.851 511,50 C511,58.147 511.035,59.17 511.181,62.369 C511.326,65.562 511.834,67.743 512.574,69.651 C513.342,71.625 514.368,73.296 516.035,74.965 C517.703,76.634 519.376,77.658 521.349,78.425 C523.257,79.167 525.438,79.673 528.631,79.82 C531.831,79.965 532.853,80.001 541,80.001 C549.148,80.001 550.169,79.965 553.369,79.82 C556.562,79.673 558.743,79.167 560.652,78.425 C562.623,77.658 564.297,76.634 565.965,74.965 C567.633,73.296 568.659,71.625 569.425,69.651 C570.167,67.743 570.674,65.562 570.82,62.369 C570.966,59.17 571,58.147 571,50 C571,41.851 570.966,40.831 570.82,37.631\"><\/path><\/g><\/g><\/g><\/svg><\/div><div style=\"padding-top: 8px;\"> <div style=\" color:#3897f0; font-family:Arial,sans-serif; font-size:14px; font-style:normal; font-weight:550; line-height:18px;\">Ver essa foto no Instagram<\/div><\/div><div style=\"padding: 12.5% 0;\"><\/div> <div style=\"display: flex; flex-direction: row; margin-bottom: 14px; align-items: center;\"><div> <div style=\"background-color: #F4F4F4; border-radius: 50%; height: 12.5px; width: 12.5px; transform: translateX(0px) translateY(7px);\"><\/div> <div style=\"background-color: #F4F4F4; height: 12.5px; transform: rotate(-45deg) translateX(3px) translateY(1px); width: 12.5px; flex-grow: 0; margin-right: 14px; margin-left: 2px;\"><\/div> <div style=\"background-color: #F4F4F4; border-radius: 50%; height: 12.5px; width: 12.5px; transform: translateX(9px) translateY(-18px);\"><\/div><\/div><div style=\"margin-left: 8px;\"> <div style=\" background-color: #F4F4F4; border-radius: 50%; flex-grow: 0; height: 20px; width: 20px;\"><\/div> <div style=\" width: 0; height: 0; border-top: 2px solid transparent; border-left: 6px solid #f4f4f4; border-bottom: 2px solid transparent; transform: translateX(16px) translateY(-4px) rotate(30deg)\"><\/div><\/div><div style=\"margin-left: auto;\"> <div style=\" width: 0px; border-top: 8px solid #F4F4F4; border-right: 8px solid transparent; transform: translateY(16px);\"><\/div> <div style=\" background-color: #F4F4F4; flex-grow: 0; height: 12px; width: 16px; transform: translateY(-4px);\"><\/div> <div style=\" width: 0; height: 0; border-top: 8px solid #F4F4F4; border-left: 8px solid transparent; transform: translateY(-4px) translateX(8px);\"><\/div><\/div><\/div> <div style=\"display: flex; flex-direction: column; flex-grow: 1; justify-content: center; margin-bottom: 24px;\"> <div style=\" background-color: #F4F4F4; border-radius: 4px; flex-grow: 0; height: 14px; margin-bottom: 6px; width: 224px;\"><\/div> <div style=\" background-color: #F4F4F4; border-radius: 4px; flex-grow: 0; height: 14px; width: 144px;\"><\/div><\/div><\/a><p style=\" color:#c9c8cd; font-family:Arial,sans-serif; font-size:14px; line-height:17px; margin-bottom:0; margin-top:8px; overflow:hidden; padding:8px 0 7px; text-align:center; text-overflow:ellipsis; white-space:nowrap;\"><a href=\"https:\/\/www.instagram.com\/p\/DFaUlTzRTxo\/?utm_source=ig_embed&amp;utm_campaign=loading\" style=\" color:#c9c8cd; font-family:Arial,sans-serif; font-size:14px; font-style:normal; font-weight:normal; line-height:17px; text-decoration:none;\" target=\"_blank\">Uma publica\u00e7\u00e3o compartilhada por NATHAN SANTOS (@nathansantos_02)<\/a><\/p><\/div><\/blockquote>\n<script async src=\"\/\/www.instagram.com\/embed.js\"><\/script>\n\n\n\n<p>Desde sua chegada ao Internacional, em agosto de 2024, Nathan teve poucas oportunidades, atuando em apenas duas partidas. A concorr\u00eancia na lateral-direita, com Bruno Gomes e Braian Aguirre, dificultou sua afirma\u00e7\u00e3o no time. Mesmo em 2025, quando teve mais tempo em campo na vit\u00f3ria sobre o S\u00e3o Jos\u00e9, ele n\u00e3o conseguiu se firmar como titular e seguiu como suplente.<\/p>\n\n\n\n<p>Com a indefini\u00e7\u00e3o sobre seu futuro, o Internacional avalia refor\u00e7os para o elenco, enquanto Nathan aguarda uma defini\u00e7\u00e3o. Caso deixe o clube, ele pode ser reintegrado ao Santos ou seguir para outro destino. Nos pr\u00f3ximos dias, a diretoria colorada deve oficializar sua decis\u00e3o, mantendo o ritmo acelerado das movimenta\u00e7\u00f5es na janela de transfer\u00eancias.<\/p>\n\n\n\n<h2 class=\"wp-block-heading\" id=\"h-volante-e-contratado\">Volante \u00e9 contratado<\/h2>\n\n\n\n<p>O Internacional segue investindo na capta\u00e7\u00e3o de jovens talentos e confirmou a contrata\u00e7\u00e3o do volante e zagueiro Phenyin Denis Marfo, de 19 anos. O jogador, vindo do MSK Zilina Africa FC, de Gana, chega por empr\u00e9stimo at\u00e9 fevereiro de 2026, com op\u00e7\u00e3o de compra fixada em R$ 3 milh\u00f5es por 50% de seus direitos econ\u00f4micos. A estrat\u00e9gia do clube ga\u00facho visa refor\u00e7ar sua categoria de base, especialmente com atletas promissores do futebol africano, como j\u00e1 ocorreu com Benjamin Arh\u00edn, outro gan\u00eas contratado recentemente<strong><a href=\"https:\/\/www.gaveanews.com\/index.php\/2025\/03\/11\/e-oficial-volante-e-contrato-pelo-internacional\/\"> (leia a mat\u00e9ria completa).<\/a><\/strong><\/p>\n\n\n\n<blockquote class=\"instagram-media\" data-instgrm-permalink=\"https:\/\/www.instagram.com\/p\/DG1YNPdx_Pp\/?utm_source=ig_embed&amp;utm_campaign=loading\" data-instgrm-version=\"14\" style=\" background:#FFF; border:0; border-radius:3px; box-shadow:0 0 1px 0 rgba(0,0,0,0.5),0 1px 10px 0 rgba(0,0,0,0.15); margin: 1px; max-width:540px; min-width:326px; padding:0; width:99.375%; width:-webkit-calc(100% - 2px); width:calc(100% - 2px);\"><div style=\"padding:16px;\"> <a href=\"https:\/\/www.instagram.com\/p\/DG1YNPdx_Pp\/?utm_source=ig_embed&amp;utm_campaign=loading\" style=\" background:#FFFFFF; line-height:0; padding:0 0; text-align:center; text-decoration:none; width:100%;\" target=\"_blank\"> <div style=\" display: flex; flex-direction: row; align-items: center;\"> <div style=\"background-color: #F4F4F4; border-radius: 50%; flex-grow: 0; height: 40px; margin-right: 14px; width: 40px;\"><\/div> <div style=\"display: flex; flex-direction: column; flex-grow: 1; justify-content: center;\"> <div style=\" background-color: #F4F4F4; border-radius: 4px; flex-grow: 0; height: 14px; margin-bottom: 6px; width: 100px;\"><\/div> <div style=\" background-color: #F4F4F4; border-radius: 4px; flex-grow: 0; height: 14px; width: 60px;\"><\/div><\/div><\/div><div style=\"padding: 19% 0;\"><\/div> <div style=\"display:block; height:50px; margin:0 auto 12px; width:50px;\"><svg width=\"50px\" height=\"50px\" viewBox=\"0 0 60 60\" version=\"1.1\" xmlns=\"https:\/\/www.w3.org\/2000\/svg\" xmlns:xlink=\"https:\/\/www.w3.org\/1999\/xlink\"><g stroke=\"none\" stroke-width=\"1\" fill=\"none\" fill-rule=\"evenodd\"><g transform=\"translate(-511.000000, -20.000000)\" fill=\"#000000\"><g><path d=\"M556.869,30.41 C554.814,30.41 553.148,32.076 553.148,34.131 C553.148,36.186 554.814,37.852 556.869,37.852 C558.924,37.852 560.59,36.186 560.59,34.131 C560.59,32.076 558.924,30.41 556.869,30.41 M541,60.657 C535.114,60.657 530.342,55.887 530.342,50 C530.342,44.114 535.114,39.342 541,39.342 C546.887,39.342 551.658,44.114 551.658,50 C551.658,55.887 546.887,60.657 541,60.657 M541,33.886 C532.1,33.886 524.886,41.1 524.886,50 C524.886,58.899 532.1,66.113 541,66.113 C549.9,66.113 557.115,58.899 557.115,50 C557.115,41.1 549.9,33.886 541,33.886 M565.378,62.101 C565.244,65.022 564.756,66.606 564.346,67.663 C563.803,69.06 563.154,70.057 562.106,71.106 C561.058,72.155 560.06,72.803 558.662,73.347 C557.607,73.757 556.021,74.244 553.102,74.378 C549.944,74.521 548.997,74.552 541,74.552 C533.003,74.552 532.056,74.521 528.898,74.378 C525.979,74.244 524.393,73.757 523.338,73.347 C521.94,72.803 520.942,72.155 519.894,71.106 C518.846,70.057 518.197,69.06 517.654,67.663 C517.244,66.606 516.755,65.022 516.623,62.101 C516.479,58.943 516.448,57.996 516.448,50 C516.448,42.003 516.479,41.056 516.623,37.899 C516.755,34.978 517.244,33.391 517.654,32.338 C518.197,30.938 518.846,29.942 519.894,28.894 C520.942,27.846 521.94,27.196 523.338,26.654 C524.393,26.244 525.979,25.756 528.898,25.623 C532.057,25.479 533.004,25.448 541,25.448 C548.997,25.448 549.943,25.479 553.102,25.623 C556.021,25.756 557.607,26.244 558.662,26.654 C560.06,27.196 561.058,27.846 562.106,28.894 C563.154,29.942 563.803,30.938 564.346,32.338 C564.756,33.391 565.244,34.978 565.378,37.899 C565.522,41.056 565.552,42.003 565.552,50 C565.552,57.996 565.522,58.943 565.378,62.101 M570.82,37.631 C570.674,34.438 570.167,32.258 569.425,30.349 C568.659,28.377 567.633,26.702 565.965,25.035 C564.297,23.368 562.623,22.342 560.652,21.575 C558.743,20.834 556.562,20.326 553.369,20.18 C550.169,20.033 549.148,20 541,20 C532.853,20 531.831,20.033 528.631,20.18 C525.438,20.326 523.257,20.834 521.349,21.575 C519.376,22.342 517.703,23.368 516.035,25.035 C514.368,26.702 513.342,28.377 512.574,30.349 C511.834,32.258 511.326,34.438 511.181,37.631 C511.035,40.831 511,41.851 511,50 C511,58.147 511.035,59.17 511.181,62.369 C511.326,65.562 511.834,67.743 512.574,69.651 C513.342,71.625 514.368,73.296 516.035,74.965 C517.703,76.634 519.376,77.658 521.349,78.425 C523.257,79.167 525.438,79.673 528.631,79.82 C531.831,79.965 532.853,80.001 541,80.001 C549.148,80.001 550.169,79.965 553.369,79.82 C556.562,79.673 558.743,79.167 560.652,78.425 C562.623,77.658 564.297,76.634 565.965,74.965 C567.633,73.296 568.659,71.625 569.425,69.651 C570.167,67.743 570.674,65.562 570.82,62.369 C570.966,59.17 571,58.147 571,50 C571,41.851 570.966,40.831 570.82,37.631\"><\/path><\/g><\/g><\/g><\/svg><\/div><div style=\"padding-top: 8px;\"> <div style=\" color:#3897f0; font-family:Arial,sans-serif; font-size:14px; font-style:normal; font-weight:550; line-height:18px;\">Ver essa foto no Instagram<\/div><\/div><div style=\"padding: 12.5% 0;\"><\/div> <div style=\"display: flex; flex-direction: row; margin-bottom: 14px; align-items: center;\"><div> <div style=\"background-color: #F4F4F4; border-radius: 50%; height: 12.5px; width: 12.5px; transform: translateX(0px) translateY(7px);\"><\/div> <div style=\"background-color: #F4F4F4; height: 12.5px; transform: rotate(-45deg) translateX(3px) translateY(1px); width: 12.5px; flex-grow: 0; margin-right: 14px; margin-left: 2px;\"><\/div> <div style=\"background-color: #F4F4F4; border-radius: 50%; height: 12.5px; width: 12.5px; transform: translateX(9px) translateY(-18px);\"><\/div><\/div><div style=\"margin-left: 8px;\"> <div style=\" background-color: #F4F4F4; border-radius: 50%; flex-grow: 0; height: 20px; width: 20px;\"><\/div> <div style=\" width: 0; height: 0; border-top: 2px solid transparent; border-left: 6px solid #f4f4f4; border-bottom: 2px solid transparent; transform: translateX(16px) translateY(-4px) rotate(30deg)\"><\/div><\/div><div style=\"margin-left: auto;\"> <div style=\" width: 0px; border-top: 8px solid #F4F4F4; border-right: 8px solid transparent; transform: translateY(16px);\"><\/div> <div style=\" background-color: #F4F4F4; flex-grow: 0; height: 12px; width: 16px; transform: translateY(-4px);\"><\/div> <div style=\" width: 0; height: 0; border-top: 8px solid #F4F4F4; border-left: 8px solid transparent; transform: translateY(-4px) translateX(8px);\"><\/div><\/div><\/div> <div style=\"display: flex; flex-direction: column; flex-grow: 1; justify-content: center; margin-bottom: 24px;\"> <div style=\" background-color: #F4F4F4; border-radius: 4px; flex-grow: 0; height: 14px; margin-bottom: 6px; width: 224px;\"><\/div> <div style=\" background-color: #F4F4F4; border-radius: 4px; flex-grow: 0; height: 14px; width: 144px;\"><\/div><\/div><\/a><p style=\" color:#c9c8cd; font-family:Arial,sans-serif; font-size:14px; line-height:17px; margin-bottom:0; margin-top:8px; overflow:hidden; padding:8px 0 7px; text-align:center; text-overflow:ellipsis; white-space:nowrap;\"><a href=\"https:\/\/www.instagram.com\/p\/DG1YNPdx_Pp\/?utm_source=ig_embed&amp;utm_campaign=loading\" style=\" color:#c9c8cd; font-family:Arial,sans-serif; font-size:14px; font-style:normal; font-weight:normal; line-height:17px; text-decoration:none;\" target=\"_blank\">Uma publica\u00e7\u00e3o compartilhada por Celeiro De Ases (@celeirodeases)<\/a><\/p><\/div><\/blockquote>\n<script async src=\"\/\/www.instagram.com\/embed.js\"><\/script>\n\n\n\n<p>Marfo se destacou nas categorias de base de seu pa\u00eds, chegando a atuar como capit\u00e3o da sele\u00e7\u00e3o sub-20 de Gana, o que chamou a aten\u00e7\u00e3o de clubes como Gr\u00eamio e Betis, da Espanha. No entanto, o Internacional conseguiu fechar o acordo e garantir o atleta para sua equipe sub-20. A contrata\u00e7\u00e3o do jovem jogador foi resultado de um trabalho de observa\u00e7\u00e3o realizado pelo gerente de futebol da base colorada, Luther Alves, que acompanhou um torneio em Gana no ano passado.<\/p>\n\n\n\n<p>A chegada de Marfo refor\u00e7a a estrat\u00e9gia do Inter de buscar talentos em mercados alternativos, ampliando suas op\u00e7\u00f5es para o futuro. A expectativa \u00e9 que o jogador tenha um per\u00edodo de adapta\u00e7\u00e3o antes de ser testado em competi\u00e7\u00f5es maiores, podendo futuramente integrar o elenco principal. Com isso, o clube mant\u00e9m sua pol\u00edtica de desenvolvimento de jovens atletas, apostando na forma\u00e7\u00e3o de jogadores para fortalecer sua equipe a longo prazo.<\/p>\n","protected":false},"excerpt":{"rendered":"<p>Nas \u00faltimas horas, o foco das not\u00edcias sobre o Internacional se concentram nos bastidores do clube, com destaques do dia a dia do time. Por conta deste contexto, leia abaixo um resumo preparado pela equipe do portal G\u00e1vea News para lhe manter muito bem informado! Queridinho vai renovar O Internacional vive um grande momento sob [&hellip;]<\/p>\n","protected":false},"author":33,"featured_media":181543,"comment_status":"open","ping_status":"closed","sticky":false,"template":"","format":"standard","meta":{"footnotes":""},"categories":[148],"tags":[],"class_list":["post-238848","post","type-post","status-publish","format-standard","has-post-thumbnail","hentry","category-internacional"],"yoast_head":"<!-- This site is optimized with the Yoast SEO Premium plugin v24.2 (Yoast SEO v26.9) - https:\/\/yoast.com\/product\/yoast-seo-premium-wordpress\/ -->\n<title>Volante \u00e9 contratado, titular de sa\u00edda e queridinho vai renovar: as \u00faltimas not\u00edcias do Internacional<\/title>\n<meta name=\"robots\" content=\"index, follow, max-snippet:-1, max-image-preview:large, max-video-preview:-1\" \/>\n<link rel=\"canonical\" href=\"https:\/\/www.gaveanews.com\/index.php\/2025\/03\/12\/volante-e-contratado-titular-de-saida-e-queridinho-vai-renovar-as-ultimas-noticias-do-internacional\/\" \/>\n<meta property=\"og:locale\" content=\"pt_BR\" \/>\n<meta property=\"og:type\" content=\"article\" \/>\n<meta property=\"og:title\" content=\"Volante \u00e9 contratado, titular de sa\u00edda e queridinho vai renovar: as \u00faltimas not\u00edcias do Internacional\" \/>\n<meta property=\"og:description\" content=\"Nas \u00faltimas horas, o foco das not\u00edcias sobre o Internacional se concentram nos bastidores do clube, com destaques do dia a dia do time. Por conta deste contexto, leia abaixo um resumo preparado pela equipe do portal G\u00e1vea News para lhe manter muito bem informado! Queridinho vai renovar O Internacional vive um grande momento sob [&hellip;]\" \/>\n<meta property=\"og:url\" content=\"https:\/\/www.gaveanews.com\/index.php\/2025\/03\/12\/volante-e-contratado-titular-de-saida-e-queridinho-vai-renovar-as-ultimas-noticias-do-internacional\/\" \/>\n<meta property=\"og:site_name\" content=\"G\u00e1vea News\" \/>\n<meta property=\"article:publisher\" content=\"https:\/\/facebook.com\/gaveaNews\/\" \/>\n<meta property=\"article:published_time\" content=\"2025-03-12T10:35:00+00:00\" \/>\n<meta property=\"og:image\" content=\"https:\/\/www.gaveanews.com\/wp-content\/uploads\/Elenco-do-Internacional-em-2024.webp\" \/>\n\t<meta property=\"og:image:width\" content=\"1120\" \/>\n\t<meta property=\"og:image:height\" content=\"747\" \/>\n\t<meta property=\"og:image:type\" content=\"image\/webp\" \/>\n<meta name=\"author\" content=\"Brenda Cezillo\" \/>\n<meta name=\"twitter:card\" content=\"summary_large_image\" \/>\n<meta name=\"twitter:label1\" content=\"Escrito por\" \/>\n\t<meta name=\"twitter:data1\" content=\"Brenda Cezillo\" \/>\n\t<meta name=\"twitter:label2\" content=\"Est. tempo de leitura\" \/>\n\t<meta name=\"twitter:data2\" content=\"5 minutos\" \/>\n<script type=\"application\/ld+json\" class=\"yoast-schema-graph\">{\"@context\":\"https:\/\/schema.org\",\"@graph\":[{\"@type\":\"NewsArticle\",\"@id\":\"https:\/\/www.gaveanews.com\/index.php\/2025\/03\/12\/volante-e-contratado-titular-de-saida-e-queridinho-vai-renovar-as-ultimas-noticias-do-internacional\/#article\",\"isPartOf\":{\"@id\":\"https:\/\/www.gaveanews.com\/index.php\/2025\/03\/12\/volante-e-contratado-titular-de-saida-e-queridinho-vai-renovar-as-ultimas-noticias-do-internacional\/\"},\"author\":{\"name\":\"Brenda Cezillo\",\"@id\":\"https:\/\/www.gaveanews.com\/#\/schema\/person\/c79759ca337c40791ae8d08e2923d403\"},\"headline\":\"Volante \u00e9 contratado, titular de sa\u00edda e queridinho vai renovar: as \u00faltimas not\u00edcias do Internacional\",\"datePublished\":\"2025-03-12T10:35:00+00:00\",\"mainEntityOfPage\":{\"@id\":\"https:\/\/www.gaveanews.com\/index.php\/2025\/03\/12\/volante-e-contratado-titular-de-saida-e-queridinho-vai-renovar-as-ultimas-noticias-do-internacional\/\"},\"wordCount\":782,\"commentCount\":0,\"image\":{\"@id\":\"https:\/\/www.gaveanews.com\/index.php\/2025\/03\/12\/volante-e-contratado-titular-de-saida-e-queridinho-vai-renovar-as-ultimas-noticias-do-internacional\/#primaryimage\"},\"thumbnailUrl\":\"https:\/\/www.gaveanews.com\/wp-content\/uploads\/Elenco-do-Internacional-em-2024.webp\",\"articleSection\":[\"Internacional\"],\"inLanguage\":\"pt-BR\",\"potentialAction\":[{\"@type\":\"CommentAction\",\"name\":\"Comment\",\"target\":[\"https:\/\/www.gaveanews.com\/index.php\/2025\/03\/12\/volante-e-contratado-titular-de-saida-e-queridinho-vai-renovar-as-ultimas-noticias-do-internacional\/#respond\"]}],\"copyrightYear\":\"2025\",\"copyrightHolder\":{\"@id\":\"https:\/\/www.gaveanews.com\/#organization\"}},{\"@type\":\"WebPage\",\"@id\":\"https:\/\/www.gaveanews.com\/index.php\/2025\/03\/12\/volante-e-contratado-titular-de-saida-e-queridinho-vai-renovar-as-ultimas-noticias-do-internacional\/\",\"url\":\"https:\/\/www.gaveanews.com\/index.php\/2025\/03\/12\/volante-e-contratado-titular-de-saida-e-queridinho-vai-renovar-as-ultimas-noticias-do-internacional\/\",\"name\":\"Volante \u00e9 contratado, titular de sa\u00edda e queridinho vai renovar: as \u00faltimas not\u00edcias do Internacional\",\"isPartOf\":{\"@id\":\"https:\/\/www.gaveanews.com\/#website\"},\"primaryImageOfPage\":{\"@id\":\"https:\/\/www.gaveanews.com\/index.php\/2025\/03\/12\/volante-e-contratado-titular-de-saida-e-queridinho-vai-renovar-as-ultimas-noticias-do-internacional\/#primaryimage\"},\"image\":{\"@id\":\"https:\/\/www.gaveanews.com\/index.php\/2025\/03\/12\/volante-e-contratado-titular-de-saida-e-queridinho-vai-renovar-as-ultimas-noticias-do-internacional\/#primaryimage\"},\"thumbnailUrl\":\"https:\/\/www.gaveanews.com\/wp-content\/uploads\/Elenco-do-Internacional-em-2024.webp\",\"datePublished\":\"2025-03-12T10:35:00+00:00\",\"author\":{\"@id\":\"https:\/\/www.gaveanews.com\/#\/schema\/person\/c79759ca337c40791ae8d08e2923d403\"},\"breadcrumb\":{\"@id\":\"https:\/\/www.gaveanews.com\/index.php\/2025\/03\/12\/volante-e-contratado-titular-de-saida-e-queridinho-vai-renovar-as-ultimas-noticias-do-internacional\/#breadcrumb\"},\"inLanguage\":\"pt-BR\",\"potentialAction\":[{\"@type\":\"ReadAction\",\"target\":[\"https:\/\/www.gaveanews.com\/index.php\/2025\/03\/12\/volante-e-contratado-titular-de-saida-e-queridinho-vai-renovar-as-ultimas-noticias-do-internacional\/\"]}]},{\"@type\":\"ImageObject\",\"inLanguage\":\"pt-BR\",\"@id\":\"https:\/\/www.gaveanews.com\/index.php\/2025\/03\/12\/volante-e-contratado-titular-de-saida-e-queridinho-vai-renovar-as-ultimas-noticias-do-internacional\/#primaryimage\",\"url\":\"https:\/\/www.gaveanews.com\/wp-content\/uploads\/Elenco-do-Internacional-em-2024.webp\",\"contentUrl\":\"https:\/\/www.gaveanews.com\/wp-content\/uploads\/Elenco-do-Internacional-em-2024.webp\",\"width\":1120,\"height\":747,\"caption\":\"Elenco do Internacional em 2024 (Foto: Reprodu\u00e7\u00e3o\/R Duarte)\"},{\"@type\":\"BreadcrumbList\",\"@id\":\"https:\/\/www.gaveanews.com\/index.php\/2025\/03\/12\/volante-e-contratado-titular-de-saida-e-queridinho-vai-renovar-as-ultimas-noticias-do-internacional\/#breadcrumb\",\"itemListElement\":[{\"@type\":\"ListItem\",\"position\":1,\"name\":\"Home\",\"item\":\"https:\/\/www.gaveanews.com\/\"},{\"@type\":\"ListItem\",\"position\":2,\"name\":\"Volante \u00e9 contratado, titular de sa\u00edda e queridinho vai renovar: as \u00faltimas not\u00edcias do Internacional\"}]},{\"@type\":\"WebSite\",\"@id\":\"https:\/\/www.gaveanews.com\/#website\",\"url\":\"https:\/\/www.gaveanews.com\/\",\"name\":\"G\u00e1vea News\",\"description\":\"Veja todas as not\u00edcias sobre o Flamengo: Contrata\u00e7\u00f5es, categorias de base, resultados das partidas, tabela de classifica\u00e7\u00e3o, pr\u00f3ximos jogos!\",\"potentialAction\":[{\"@type\":\"SearchAction\",\"target\":{\"@type\":\"EntryPoint\",\"urlTemplate\":\"https:\/\/www.gaveanews.com\/?s={search_term_string}\"},\"query-input\":{\"@type\":\"PropertyValueSpecification\",\"valueRequired\":true,\"valueName\":\"search_term_string\"}}],\"inLanguage\":\"pt-BR\"},{\"@type\":\"Person\",\"@id\":\"https:\/\/www.gaveanews.com\/#\/schema\/person\/c79759ca337c40791ae8d08e2923d403\",\"name\":\"Brenda Cezillo\",\"image\":{\"@type\":\"ImageObject\",\"inLanguage\":\"pt-BR\",\"@id\":\"https:\/\/www.gaveanews.com\/#\/schema\/person\/image\/\",\"url\":\"https:\/\/secure.gravatar.com\/avatar\/1738d75cee7317f9c29ae61dd67620c5883d80a92e42a6fff88ae5d527af217a?s=96&d=mm&r=g\",\"contentUrl\":\"https:\/\/secure.gravatar.com\/avatar\/1738d75cee7317f9c29ae61dd67620c5883d80a92e42a6fff88ae5d527af217a?s=96&d=mm&r=g\",\"caption\":\"Brenda Cezillo\"}}]}<\/script>\n<!-- \/ Yoast SEO Premium plugin. -->","yoast_head_json":{"title":"Volante \u00e9 contratado, titular de sa\u00edda e queridinho vai renovar: as \u00faltimas not\u00edcias do Internacional","robots":{"index":"index","follow":"follow","max-snippet":"max-snippet:-1","max-image-preview":"max-image-preview:large","max-video-preview":"max-video-preview:-1"},"canonical":"https:\/\/www.gaveanews.com\/index.php\/2025\/03\/12\/volante-e-contratado-titular-de-saida-e-queridinho-vai-renovar-as-ultimas-noticias-do-internacional\/","og_locale":"pt_BR","og_type":"article","og_title":"Volante \u00e9 contratado, titular de sa\u00edda e queridinho vai renovar: as \u00faltimas not\u00edcias do Internacional","og_description":"Nas \u00faltimas horas, o foco das not\u00edcias sobre o Internacional se concentram nos bastidores do clube, com destaques do dia a dia do time. Por conta deste contexto, leia abaixo um resumo preparado pela equipe do portal G\u00e1vea News para lhe manter muito bem informado! Queridinho vai renovar O Internacional vive um grande momento sob [&hellip;]","og_url":"https:\/\/www.gaveanews.com\/index.php\/2025\/03\/12\/volante-e-contratado-titular-de-saida-e-queridinho-vai-renovar-as-ultimas-noticias-do-internacional\/","og_site_name":"G\u00e1vea News","article_publisher":"https:\/\/facebook.com\/gaveaNews\/","article_published_time":"2025-03-12T10:35:00+00:00","og_image":[{"width":1120,"height":747,"url":"https:\/\/www.gaveanews.com\/wp-content\/uploads\/Elenco-do-Internacional-em-2024.webp","type":"image\/webp"}],"author":"Brenda Cezillo","twitter_card":"summary_large_image","twitter_misc":{"Escrito por":"Brenda Cezillo","Est. tempo de leitura":"5 minutos"},"schema":{"@context":"https:\/\/schema.org","@graph":[{"@type":"NewsArticle","@id":"https:\/\/www.gaveanews.com\/index.php\/2025\/03\/12\/volante-e-contratado-titular-de-saida-e-queridinho-vai-renovar-as-ultimas-noticias-do-internacional\/#article","isPartOf":{"@id":"https:\/\/www.gaveanews.com\/index.php\/2025\/03\/12\/volante-e-contratado-titular-de-saida-e-queridinho-vai-renovar-as-ultimas-noticias-do-internacional\/"},"author":{"name":"Brenda Cezillo","@id":"https:\/\/www.gaveanews.com\/#\/schema\/person\/c79759ca337c40791ae8d08e2923d403"},"headline":"Volante \u00e9 contratado, titular de sa\u00edda e queridinho vai renovar: as \u00faltimas not\u00edcias do Internacional","datePublished":"2025-03-12T10:35:00+00:00","mainEntityOfPage":{"@id":"https:\/\/www.gaveanews.com\/index.php\/2025\/03\/12\/volante-e-contratado-titular-de-saida-e-queridinho-vai-renovar-as-ultimas-noticias-do-internacional\/"},"wordCount":782,"commentCount":0,"image":{"@id":"https:\/\/www.gaveanews.com\/index.php\/2025\/03\/12\/volante-e-contratado-titular-de-saida-e-queridinho-vai-renovar-as-ultimas-noticias-do-internacional\/#primaryimage"},"thumbnailUrl":"https:\/\/www.gaveanews.com\/wp-content\/uploads\/Elenco-do-Internacional-em-2024.webp","articleSection":["Internacional"],"inLanguage":"pt-BR","potentialAction":[{"@type":"CommentAction","name":"Comment","target":["https:\/\/www.gaveanews.com\/index.php\/2025\/03\/12\/volante-e-contratado-titular-de-saida-e-queridinho-vai-renovar-as-ultimas-noticias-do-internacional\/#respond"]}],"copyrightYear":"2025","copyrightHolder":{"@id":"https:\/\/www.gaveanews.com\/#organization"}},{"@type":"WebPage","@id":"https:\/\/www.gaveanews.com\/index.php\/2025\/03\/12\/volante-e-contratado-titular-de-saida-e-queridinho-vai-renovar-as-ultimas-noticias-do-internacional\/","url":"https:\/\/www.gaveanews.com\/index.php\/2025\/03\/12\/volante-e-contratado-titular-de-saida-e-queridinho-vai-renovar-as-ultimas-noticias-do-internacional\/","name":"Volante \u00e9 contratado, titular de sa\u00edda e queridinho vai renovar: as \u00faltimas not\u00edcias do Internacional","isPartOf":{"@id":"https:\/\/www.gaveanews.com\/#website"},"primaryImageOfPage":{"@id":"https:\/\/www.gaveanews.com\/index.php\/2025\/03\/12\/volante-e-contratado-titular-de-saida-e-queridinho-vai-renovar-as-ultimas-noticias-do-internacional\/#primaryimage"},"image":{"@id":"https:\/\/www.gaveanews.com\/index.php\/2025\/03\/12\/volante-e-contratado-titular-de-saida-e-queridinho-vai-renovar-as-ultimas-noticias-do-internacional\/#primaryimage"},"thumbnailUrl":"https:\/\/www.gaveanews.com\/wp-content\/uploads\/Elenco-do-Internacional-em-2024.webp","datePublished":"2025-03-12T10:35:00+00:00","author":{"@id":"https:\/\/www.gaveanews.com\/#\/schema\/person\/c79759ca337c40791ae8d08e2923d403"},"breadcrumb":{"@id":"https:\/\/www.gaveanews.com\/index.php\/2025\/03\/12\/volante-e-contratado-titular-de-saida-e-queridinho-vai-renovar-as-ultimas-noticias-do-internacional\/#breadcrumb"},"inLanguage":"pt-BR","potentialAction":[{"@type":"ReadAction","target":["https:\/\/www.gaveanews.com\/index.php\/2025\/03\/12\/volante-e-contratado-titular-de-saida-e-queridinho-vai-renovar-as-ultimas-noticias-do-internacional\/"]}]},{"@type":"ImageObject","inLanguage":"pt-BR","@id":"https:\/\/www.gaveanews.com\/index.php\/2025\/03\/12\/volante-e-contratado-titular-de-saida-e-queridinho-vai-renovar-as-ultimas-noticias-do-internacional\/#primaryimage","url":"https:\/\/www.gaveanews.com\/wp-content\/uploads\/Elenco-do-Internacional-em-2024.webp","contentUrl":"https:\/\/www.gaveanews.com\/wp-content\/uploads\/Elenco-do-Internacional-em-2024.webp","width":1120,"height":747,"caption":"Elenco do Internacional em 2024 (Foto: Reprodu\u00e7\u00e3o\/R Duarte)"},{"@type":"BreadcrumbList","@id":"https:\/\/www.gaveanews.com\/index.php\/2025\/03\/12\/volante-e-contratado-titular-de-saida-e-queridinho-vai-renovar-as-ultimas-noticias-do-internacional\/#breadcrumb","itemListElement":[{"@type":"ListItem","position":1,"name":"Home","item":"https:\/\/www.gaveanews.com\/"},{"@type":"ListItem","position":2,"name":"Volante \u00e9 contratado, titular de sa\u00edda e queridinho vai renovar: as \u00faltimas not\u00edcias do Internacional"}]},{"@type":"WebSite","@id":"https:\/\/www.gaveanews.com\/#website","url":"https:\/\/www.gaveanews.com\/","name":"G\u00e1vea News","description":"Veja todas as not\u00edcias sobre o Flamengo: Contrata\u00e7\u00f5es, categorias de base, resultados das partidas, tabela de classifica\u00e7\u00e3o, pr\u00f3ximos jogos!","potentialAction":[{"@type":"SearchAction","target":{"@type":"EntryPoint","urlTemplate":"https:\/\/www.gaveanews.com\/?s={search_term_string}"},"query-input":{"@type":"PropertyValueSpecification","valueRequired":true,"valueName":"search_term_string"}}],"inLanguage":"pt-BR"},{"@type":"Person","@id":"https:\/\/www.gaveanews.com\/#\/schema\/person\/c79759ca337c40791ae8d08e2923d403","name":"Brenda Cezillo","image":{"@type":"ImageObject","inLanguage":"pt-BR","@id":"https:\/\/www.gaveanews.com\/#\/schema\/person\/image\/","url":"https:\/\/secure.gravatar.com\/avatar\/1738d75cee7317f9c29ae61dd67620c5883d80a92e42a6fff88ae5d527af217a?s=96&d=mm&r=g","contentUrl":"https:\/\/secure.gravatar.com\/avatar\/1738d75cee7317f9c29ae61dd67620c5883d80a92e42a6fff88ae5d527af217a?s=96&d=mm&r=g","caption":"Brenda Cezillo"}}]}},"_links":{"self":[{"href":"https:\/\/www.gaveanews.com\/index.php\/wp-json\/wp\/v2\/posts\/238848","targetHints":{"allow":["GET"]}}],"collection":[{"href":"https:\/\/www.gaveanews.com\/index.php\/wp-json\/wp\/v2\/posts"}],"about":[{"href":"https:\/\/www.gaveanews.com\/index.php\/wp-json\/wp\/v2\/types\/post"}],"author":[{"embeddable":true,"href":"https:\/\/www.gaveanews.com\/index.php\/wp-json\/wp\/v2\/users\/33"}],"replies":[{"embeddable":true,"href":"https:\/\/www.gaveanews.com\/index.php\/wp-json\/wp\/v2\/comments?post=238848"}],"version-history":[{"count":1,"href":"https:\/\/www.gaveanews.com\/index.php\/wp-json\/wp\/v2\/posts\/238848\/revisions"}],"predecessor-version":[{"id":238850,"href":"https:\/\/www.gaveanews.com\/index.php\/wp-json\/wp\/v2\/posts\/238848\/revisions\/238850"}],"wp:featuredmedia":[{"embeddable":true,"href":"https:\/\/www.gaveanews.com\/index.php\/wp-json\/wp\/v2\/media\/181543"}],"wp:attachment":[{"href":"https:\/\/www.gaveanews.com\/index.php\/wp-json\/wp\/v2\/media?parent=238848"}],"wp:term":[{"taxonomy":"category","embeddable":true,"href":"https:\/\/www.gaveanews.com\/index.php\/wp-json\/wp\/v2\/categories?post=238848"},{"taxonomy":"post_tag","embeddable":true,"href":"https:\/\/www.gaveanews.com\/index.php\/wp-json\/wp\/v2\/tags?post=238848"}],"curies":[{"name":"wp","href":"https:\/\/api.w.org\/{rel}","templated":true}]}}