{"id":238851,"date":"2025-03-12T07:45:00","date_gmt":"2025-03-12T10:45:00","guid":{"rendered":"https:\/\/www.gaveanews.com\/?p=238851"},"modified":"2025-03-12T00:33:56","modified_gmt":"2025-03-12T03:33:56","slug":"duas-saidas-revelacao-sendo-vendida-por-381-milhoes-e-atualizacao-sobre-carlos-alcaraz-as-ultimas-noticias-do-flamengo","status":"publish","type":"post","link":"https:\/\/www.gaveanews.com\/index.php\/2025\/03\/12\/duas-saidas-revelacao-sendo-vendida-por-381-milhoes-e-atualizacao-sobre-carlos-alcaraz-as-ultimas-noticias-do-flamengo\/","title":{"rendered":"Duas sa\u00eddas, revela\u00e7\u00e3o sendo vendida por 381 milh\u00f5es e atualiza\u00e7\u00e3o sobre Carlos Alcaraz: as \u00faltimas not\u00edcias do Flamengo"},"content":{"rendered":"\n<p>Nas \u00faltimas horas, o foco das not\u00edcias sobre o Flamengo se concentram nos bastidores do clube, com destaques do dia a dia do time.<\/p>\n\n\n\n<p>Por conta deste contexto, leia abaixo um resumo preparado pela equipe do portal G\u00e1vea News para lhe manter muito bem informado!<\/p>\n\n\n\n<h2 class=\"wp-block-heading\" id=\"h-atualizacao-sobre-carlos-alcaraz\">Atualiza\u00e7\u00e3o sobre Carlos Alcaraz<\/h2>\n\n\n\n<p>A situa\u00e7\u00e3o financeira do Flamengo em 2025 tem exigido ajustes no or\u00e7amento e maior cautela no mercado de transfer\u00eancias. At\u00e9 agora, o clube contratou apenas dois refor\u00e7os, Danilo e Juninho, e busca alternativas para equilibrar suas contas. Um dos casos que pode impactar os cofres rubro-negros \u00e9 o do meia argentino Carlos Alcaraz, atualmente emprestado ao Everton, da Inglaterra. Seu contrato prev\u00ea que, se ele for titular em pelo menos seis jogos, o clube ingl\u00eas ser\u00e1 obrigado a compr\u00e1-lo por cerca de R$ 130 milh\u00f5es. No entanto, at\u00e9 o momento, ele foi titular apenas duas vezes<strong><a href=\"https:\/\/www.gaveanews.com\/index.php\/2025\/03\/11\/flamengo-atualizacao-sobre-a-situacao-de-carlos-alcaraz-na-europa\/\"> (leia a mat\u00e9ria completa).<\/a><\/strong><\/p>\n\n\n\n<figure class=\"wp-block-image size-full\"><img loading=\"lazy\" decoding=\"async\" width=\"517\" height=\"456\" src=\"http:\/\/www.gaveanews.com\/wp-content\/uploads\/Apresentacao-de-Alcaraz-no-CT-Ninho-do-Urubu.webp\" alt=\"\" class=\"wp-image-164676\" srcset=\"https:\/\/www.gaveanews.com\/wp-content\/uploads\/Apresentacao-de-Alcaraz-no-CT-Ninho-do-Urubu.webp 517w, https:\/\/www.gaveanews.com\/wp-content\/uploads\/Apresentacao-de-Alcaraz-no-CT-Ninho-do-Urubu-300x265.webp 300w, https:\/\/www.gaveanews.com\/wp-content\/uploads\/Apresentacao-de-Alcaraz-no-CT-Ninho-do-Urubu-476x420.webp 476w, https:\/\/www.gaveanews.com\/wp-content\/uploads\/Apresentacao-de-Alcaraz-no-CT-Ninho-do-Urubu-100x88.webp 100w\" sizes=\"auto, (max-width: 517px) 100vw, 517px\" \/><figcaption class=\"wp-element-caption\">Apresenta\u00e7\u00e3o de Alcaraz, no CT Ninho do Urubu (Foto: Marcelo Cortes\/CRF)<\/figcaption><\/figure>\n\n\n\n<p>O Flamengo acompanha a situa\u00e7\u00e3o com aten\u00e7\u00e3o, pois caso o jogador n\u00e3o atinja a meta estipulada, o neg\u00f3cio pode n\u00e3o se concretizar, deixando o futuro de Alcaraz indefinido. A diretoria torce para que o meia receba mais oportunidades no time titular, garantindo a ativa\u00e7\u00e3o da cl\u00e1usula de compra e aliviando as finan\u00e7as do clube carioca.<\/p>\n\n\n\n<p>Enquanto isso, o Flamengo segue focado nos desafios da temporada, que incluem o Super Mundial de Clubes, a Libertadores, a Copa do Brasil e o Campeonato Brasileiro. Com um planejamento mais ajustado, a venda de Alcaraz pode representar um refor\u00e7o significativo para os cofres rubro-negros, ajudando a manter o time competitivo para as competi\u00e7\u00f5es que vir\u00e3o.<\/p>\n\n\n\n<h2 class=\"wp-block-heading\" id=\"h-revelacao-sendo-vendida-por-381-milhoes\">Revela\u00e7\u00e3o sendo vendida por 381 milh\u00f5es<\/h2>\n\n\n\n<p>O Liverpool demonstrou forte interesse na contrata\u00e7\u00e3o do volante Jo\u00e3o Gomes, atualmente no Wolverhampton. Revelado pelo Flamengo, o jogador tem se destacado na Premier League, despertando aten\u00e7\u00e3o de gigantes europeus, incluindo o Manchester United e clubes da It\u00e1lia. O Wolverhampton estipulou o valor de 60 milh\u00f5es de euros (aproximadamente R$ 381,7 milh\u00f5es) para negociar o atleta, o que pode gerar um impacto positivo tamb\u00e9m para o Flamengo, que ainda det\u00e9m uma porcentagem dos direitos econ\u00f4micos do jogador <strong><a href=\"https:\/\/www.gaveanews.com\/index.php\/2025\/03\/11\/liverpool-quer-pagar-381-milhoes-por-revelacao-do-flamengo\/\">(leia a mat\u00e9ria completa).<\/a><\/strong><\/p>\n\n\n\n<figure class=\"wp-block-image size-large\"><img loading=\"lazy\" decoding=\"async\" width=\"1024\" height=\"576\" src=\"http:\/\/www.gaveanews.com\/wp-content\/uploads\/Futebol-e-dinheiro-1-1024x576.webp\" alt=\"\" class=\"wp-image-167418\" srcset=\"https:\/\/www.gaveanews.com\/wp-content\/uploads\/Futebol-e-dinheiro-1-1024x576.webp 1024w, https:\/\/www.gaveanews.com\/wp-content\/uploads\/Futebol-e-dinheiro-1-300x169.webp 300w, https:\/\/www.gaveanews.com\/wp-content\/uploads\/Futebol-e-dinheiro-1-768x432.webp 768w, https:\/\/www.gaveanews.com\/wp-content\/uploads\/Futebol-e-dinheiro-1-747x420.webp 747w, https:\/\/www.gaveanews.com\/wp-content\/uploads\/Futebol-e-dinheiro-1-640x360.webp 640w, https:\/\/www.gaveanews.com\/wp-content\/uploads\/Futebol-e-dinheiro-1-681x383.webp 681w, https:\/\/www.gaveanews.com\/wp-content\/uploads\/Futebol-e-dinheiro-1-100x56.webp 100w, https:\/\/www.gaveanews.com\/wp-content\/uploads\/Futebol-e-dinheiro-1.webp 1280w\" sizes=\"auto, (max-width: 1024px) 100vw, 1024px\" \/><figcaption class=\"wp-element-caption\">Futebol e dinheiro (Imagem: Editoria de arte\/G\u00e1vea News\/Henrique Machado)<\/figcaption><\/figure>\n\n\n\n<p>Caso a transfer\u00eancia seja concretizada, o Flamengo pode receber cerca de R$ 53,4 milh\u00f5es devido ao percentual de venda e ao Mecanismo de Solidariedade da FIFA. <\/p>\n\n\n\n<p>Esse montante representaria uma importante inje\u00e7\u00e3o financeira para o clube carioca, que segue atento \u00e0s movimenta\u00e7\u00f5es do mercado. Jo\u00e3o Gomes, que brilhou no Meng\u00e3o com t\u00edtulos como a Libertadores e a Copa do Brasil em 2022, continua sendo motivo de orgulho para os torcedores rubro-negros, que acompanham sua evolu\u00e7\u00e3o na Europa.<\/p>\n\n\n\n<p>O Liverpool busca refor\u00e7ar seu meio-campo para a pr\u00f3xima temporada e v\u00ea em Jo\u00e3o Gomes um jogador promissor, com intensidade e boa capacidade de marca\u00e7\u00e3o. Enquanto as negocia\u00e7\u00f5es seguem em andamento, o jogador mant\u00e9m o foco no Wolverhampton, onde se consolidou como pe\u00e7a importante. O desfecho dessa poss\u00edvel transfer\u00eancia ser\u00e1 acompanhado de perto tanto pelos torcedores ingleses quanto pelos flamenguistas, que podem se beneficiar financeiramente com a venda.<\/p>\n\n\n\n<h2 class=\"wp-block-heading\" id=\"h-duas-saidas\">Duas sa\u00eddas<\/h2>\n\n\n\n<p>O Flamengo segue ajustando seu elenco e pode negociar dois jogadores que v\u00eam sendo contestados pela torcida. Sob a gest\u00e3o de Jos\u00e9 Boto, diretor executivo de futebol, o clube busca aliviar a folha salarial e abrir espa\u00e7o para novas contrata\u00e7\u00f5es. Entre os poss\u00edveis negociados est\u00e3o Allan e Pablo, que n\u00e3o est\u00e3o nos planos da comiss\u00e3o t\u00e9cnica e despertam o interesse do Gr\u00eamio para a sequ\u00eancia da temporada <strong><a href=\"https:\/\/www.gaveanews.com\/index.php\/2025\/03\/11\/jose-boto-pode-negociar-dois-jogadores-contestados-pela-torcida-do-flamengo\/\">(leia a mat\u00e9ria completa).<\/a><\/strong><\/p>\n\n\n\n<figure class=\"wp-block-image size-large\"><img loading=\"lazy\" decoding=\"async\" width=\"1024\" height=\"683\" src=\"http:\/\/www.gaveanews.com\/wp-content\/uploads\/GgyxYg8WwAEB4mn-1024x683.webp\" alt=\"\" class=\"wp-image-209662\" srcset=\"https:\/\/www.gaveanews.com\/wp-content\/uploads\/GgyxYg8WwAEB4mn-1024x683.webp 1024w, https:\/\/www.gaveanews.com\/wp-content\/uploads\/GgyxYg8WwAEB4mn-300x200.webp 300w, https:\/\/www.gaveanews.com\/wp-content\/uploads\/GgyxYg8WwAEB4mn-768x512.webp 768w, https:\/\/www.gaveanews.com\/wp-content\/uploads\/GgyxYg8WwAEB4mn-1536x1024.webp 1536w, https:\/\/www.gaveanews.com\/wp-content\/uploads\/GgyxYg8WwAEB4mn-2048x1365.webp 2048w, https:\/\/www.gaveanews.com\/wp-content\/uploads\/GgyxYg8WwAEB4mn-630x420.webp 630w, https:\/\/www.gaveanews.com\/wp-content\/uploads\/GgyxYg8WwAEB4mn-1260x840.webp 1260w, https:\/\/www.gaveanews.com\/wp-content\/uploads\/GgyxYg8WwAEB4mn-640x427.webp 640w, https:\/\/www.gaveanews.com\/wp-content\/uploads\/GgyxYg8WwAEB4mn-1280x853.webp 1280w, https:\/\/www.gaveanews.com\/wp-content\/uploads\/GgyxYg8WwAEB4mn-681x454.webp 681w, https:\/\/www.gaveanews.com\/wp-content\/uploads\/GgyxYg8WwAEB4mn-1362x908.webp 1362w, https:\/\/www.gaveanews.com\/wp-content\/uploads\/GgyxYg8WwAEB4mn-100x67.webp 100w\" sizes=\"auto, (max-width: 1024px) 100vw, 1024px\" \/><figcaption class=\"wp-element-caption\">Jos\u00e9 Boto em coletiva pelo Flamengo (Gilvan de Souza \/CRF)<\/figcaption><\/figure>\n\n\n\n<p>O volante Allan, contratado em 2023 por 8,2 milh\u00f5es de euros junto ao Atl\u00e9tico-MG, pode ser emprestado ao time ga\u00facho com op\u00e7\u00e3o de compra. O t\u00e9cnico do Gr\u00eamio, Gustavo Quinteros, aprovou a chegada do jogador, mas as negocia\u00e7\u00f5es s\u00f3 devem avan\u00e7ar ap\u00f3s o t\u00e9rmino do Campeonato Carioca. J\u00e1 o zagueiro Pablo, que retornou de empr\u00e9stimo do Botafogo e est\u00e1 fora dos planos de Filipe Lu\u00eds, tamb\u00e9m foi oferecido ao clube tricolor. Com um sal\u00e1rio elevado, sua sa\u00edda representaria um al\u00edvio financeiro para o Flamengo.<\/p>\n\n\n\n<p>Embora as tratativas ainda estejam em andamento, a expectativa \u00e9 que ambos os jogadores tenham seus futuros definidos nos pr\u00f3ximos meses. Enquanto isso, o Flamengo segue atento ao mercado, avaliando refor\u00e7os que possam fortalecer a equipe para as competi\u00e7\u00f5es da temporada.<\/p>\n","protected":false},"excerpt":{"rendered":"<p>Nas \u00faltimas horas, o foco das not\u00edcias sobre o Flamengo se concentram nos bastidores do clube, com destaques do dia a dia do time. Por conta deste contexto, leia abaixo um resumo preparado pela equipe do portal G\u00e1vea News para lhe manter muito bem informado! Atualiza\u00e7\u00e3o sobre Carlos Alcaraz A situa\u00e7\u00e3o financeira do Flamengo em [&hellip;]<\/p>\n","protected":false},"author":33,"featured_media":101250,"comment_status":"open","ping_status":"closed","sticky":false,"template":"","format":"standard","meta":{"footnotes":""},"categories":[1],"tags":[],"class_list":["post-238851","post","type-post","status-publish","format-standard","has-post-thumbnail","hentry","category-flamengo"],"yoast_head":"<!-- This site is optimized with the Yoast SEO Premium plugin v24.2 (Yoast SEO v26.9) - https:\/\/yoast.com\/product\/yoast-seo-premium-wordpress\/ -->\n<title>Duas sa\u00eddas, revela\u00e7\u00e3o sendo vendida por 381 milh\u00f5es e atualiza\u00e7\u00e3o sobre Carlos Alcaraz: as \u00faltimas not\u00edcias do Flamengo<\/title>\n<meta name=\"robots\" content=\"index, follow, max-snippet:-1, max-image-preview:large, max-video-preview:-1\" \/>\n<link rel=\"canonical\" href=\"https:\/\/www.gaveanews.com\/index.php\/2025\/03\/12\/duas-saidas-revelacao-sendo-vendida-por-381-milhoes-e-atualizacao-sobre-carlos-alcaraz-as-ultimas-noticias-do-flamengo\/\" \/>\n<meta property=\"og:locale\" content=\"pt_BR\" \/>\n<meta property=\"og:type\" content=\"article\" \/>\n<meta property=\"og:title\" content=\"Duas sa\u00eddas, revela\u00e7\u00e3o sendo vendida por 381 milh\u00f5es e atualiza\u00e7\u00e3o sobre Carlos Alcaraz: as \u00faltimas not\u00edcias do Flamengo\" \/>\n<meta property=\"og:description\" content=\"Nas \u00faltimas horas, o foco das not\u00edcias sobre o Flamengo se concentram nos bastidores do clube, com destaques do dia a dia do time. Por conta deste contexto, leia abaixo um resumo preparado pela equipe do portal G\u00e1vea News para lhe manter muito bem informado! Atualiza\u00e7\u00e3o sobre Carlos Alcaraz A situa\u00e7\u00e3o financeira do Flamengo em [&hellip;]\" \/>\n<meta property=\"og:url\" content=\"https:\/\/www.gaveanews.com\/index.php\/2025\/03\/12\/duas-saidas-revelacao-sendo-vendida-por-381-milhoes-e-atualizacao-sobre-carlos-alcaraz-as-ultimas-noticias-do-flamengo\/\" \/>\n<meta property=\"og:site_name\" content=\"G\u00e1vea News\" \/>\n<meta property=\"article:publisher\" content=\"https:\/\/facebook.com\/gaveaNews\/\" \/>\n<meta property=\"article:published_time\" content=\"2025-03-12T10:45:00+00:00\" \/>\n<meta property=\"og:image\" content=\"https:\/\/www.gaveanews.com\/wp-content\/uploads\/Maracanao-escudo-Flamengo.webp\" \/>\n\t<meta property=\"og:image:width\" content=\"640\" \/>\n\t<meta property=\"og:image:height\" content=\"427\" \/>\n\t<meta property=\"og:image:type\" content=\"image\/jpeg\" \/>\n<meta name=\"author\" content=\"Brenda Cezillo\" \/>\n<meta name=\"twitter:card\" content=\"summary_large_image\" \/>\n<meta name=\"twitter:label1\" content=\"Escrito por\" \/>\n\t<meta name=\"twitter:data1\" content=\"Brenda Cezillo\" \/>\n\t<meta name=\"twitter:label2\" content=\"Est. tempo de leitura\" \/>\n\t<meta name=\"twitter:data2\" content=\"5 minutos\" \/>\n<script type=\"application\/ld+json\" class=\"yoast-schema-graph\">{\"@context\":\"https:\/\/schema.org\",\"@graph\":[{\"@type\":\"NewsArticle\",\"@id\":\"https:\/\/www.gaveanews.com\/index.php\/2025\/03\/12\/duas-saidas-revelacao-sendo-vendida-por-381-milhoes-e-atualizacao-sobre-carlos-alcaraz-as-ultimas-noticias-do-flamengo\/#article\",\"isPartOf\":{\"@id\":\"https:\/\/www.gaveanews.com\/index.php\/2025\/03\/12\/duas-saidas-revelacao-sendo-vendida-por-381-milhoes-e-atualizacao-sobre-carlos-alcaraz-as-ultimas-noticias-do-flamengo\/\"},\"author\":{\"name\":\"Brenda Cezillo\",\"@id\":\"https:\/\/www.gaveanews.com\/#\/schema\/person\/c79759ca337c40791ae8d08e2923d403\"},\"headline\":\"Duas sa\u00eddas, revela\u00e7\u00e3o sendo vendida por 381 milh\u00f5es e atualiza\u00e7\u00e3o sobre Carlos Alcaraz: as \u00faltimas not\u00edcias do Flamengo\",\"datePublished\":\"2025-03-12T10:45:00+00:00\",\"mainEntityOfPage\":{\"@id\":\"https:\/\/www.gaveanews.com\/index.php\/2025\/03\/12\/duas-saidas-revelacao-sendo-vendida-por-381-milhoes-e-atualizacao-sobre-carlos-alcaraz-as-ultimas-noticias-do-flamengo\/\"},\"wordCount\":820,\"commentCount\":0,\"image\":{\"@id\":\"https:\/\/www.gaveanews.com\/index.php\/2025\/03\/12\/duas-saidas-revelacao-sendo-vendida-por-381-milhoes-e-atualizacao-sobre-carlos-alcaraz-as-ultimas-noticias-do-flamengo\/#primaryimage\"},\"thumbnailUrl\":\"https:\/\/www.gaveanews.com\/wp-content\/uploads\/Maracanao-escudo-Flamengo.webp\",\"articleSection\":[\"Flamengo\"],\"inLanguage\":\"pt-BR\",\"potentialAction\":[{\"@type\":\"CommentAction\",\"name\":\"Comment\",\"target\":[\"https:\/\/www.gaveanews.com\/index.php\/2025\/03\/12\/duas-saidas-revelacao-sendo-vendida-por-381-milhoes-e-atualizacao-sobre-carlos-alcaraz-as-ultimas-noticias-do-flamengo\/#respond\"]}],\"copyrightYear\":\"2025\",\"copyrightHolder\":{\"@id\":\"https:\/\/www.gaveanews.com\/#organization\"}},{\"@type\":\"WebPage\",\"@id\":\"https:\/\/www.gaveanews.com\/index.php\/2025\/03\/12\/duas-saidas-revelacao-sendo-vendida-por-381-milhoes-e-atualizacao-sobre-carlos-alcaraz-as-ultimas-noticias-do-flamengo\/\",\"url\":\"https:\/\/www.gaveanews.com\/index.php\/2025\/03\/12\/duas-saidas-revelacao-sendo-vendida-por-381-milhoes-e-atualizacao-sobre-carlos-alcaraz-as-ultimas-noticias-do-flamengo\/\",\"name\":\"Duas sa\u00eddas, revela\u00e7\u00e3o sendo vendida por 381 milh\u00f5es e atualiza\u00e7\u00e3o sobre Carlos Alcaraz: as \u00faltimas not\u00edcias do Flamengo\",\"isPartOf\":{\"@id\":\"https:\/\/www.gaveanews.com\/#website\"},\"primaryImageOfPage\":{\"@id\":\"https:\/\/www.gaveanews.com\/index.php\/2025\/03\/12\/duas-saidas-revelacao-sendo-vendida-por-381-milhoes-e-atualizacao-sobre-carlos-alcaraz-as-ultimas-noticias-do-flamengo\/#primaryimage\"},\"image\":{\"@id\":\"https:\/\/www.gaveanews.com\/index.php\/2025\/03\/12\/duas-saidas-revelacao-sendo-vendida-por-381-milhoes-e-atualizacao-sobre-carlos-alcaraz-as-ultimas-noticias-do-flamengo\/#primaryimage\"},\"thumbnailUrl\":\"https:\/\/www.gaveanews.com\/wp-content\/uploads\/Maracanao-escudo-Flamengo.webp\",\"datePublished\":\"2025-03-12T10:45:00+00:00\",\"author\":{\"@id\":\"https:\/\/www.gaveanews.com\/#\/schema\/person\/c79759ca337c40791ae8d08e2923d403\"},\"breadcrumb\":{\"@id\":\"https:\/\/www.gaveanews.com\/index.php\/2025\/03\/12\/duas-saidas-revelacao-sendo-vendida-por-381-milhoes-e-atualizacao-sobre-carlos-alcaraz-as-ultimas-noticias-do-flamengo\/#breadcrumb\"},\"inLanguage\":\"pt-BR\",\"potentialAction\":[{\"@type\":\"ReadAction\",\"target\":[\"https:\/\/www.gaveanews.com\/index.php\/2025\/03\/12\/duas-saidas-revelacao-sendo-vendida-por-381-milhoes-e-atualizacao-sobre-carlos-alcaraz-as-ultimas-noticias-do-flamengo\/\"]}]},{\"@type\":\"ImageObject\",\"inLanguage\":\"pt-BR\",\"@id\":\"https:\/\/www.gaveanews.com\/index.php\/2025\/03\/12\/duas-saidas-revelacao-sendo-vendida-por-381-milhoes-e-atualizacao-sobre-carlos-alcaraz-as-ultimas-noticias-do-flamengo\/#primaryimage\",\"url\":\"https:\/\/www.gaveanews.com\/wp-content\/uploads\/Maracanao-escudo-Flamengo.webp\",\"contentUrl\":\"https:\/\/www.gaveanews.com\/wp-content\/uploads\/Maracanao-escudo-Flamengo.webp\",\"width\":640,\"height\":427,\"caption\":\"Escudo do Flamengo no gramado do Maracan\u00e3 (Foto: Reprodu\u00e7\u00e3o)\"},{\"@type\":\"BreadcrumbList\",\"@id\":\"https:\/\/www.gaveanews.com\/index.php\/2025\/03\/12\/duas-saidas-revelacao-sendo-vendida-por-381-milhoes-e-atualizacao-sobre-carlos-alcaraz-as-ultimas-noticias-do-flamengo\/#breadcrumb\",\"itemListElement\":[{\"@type\":\"ListItem\",\"position\":1,\"name\":\"Home\",\"item\":\"https:\/\/www.gaveanews.com\/\"},{\"@type\":\"ListItem\",\"position\":2,\"name\":\"Duas sa\u00eddas, revela\u00e7\u00e3o sendo vendida por 381 milh\u00f5es e atualiza\u00e7\u00e3o sobre Carlos Alcaraz: as \u00faltimas not\u00edcias do Flamengo\"}]},{\"@type\":\"WebSite\",\"@id\":\"https:\/\/www.gaveanews.com\/#website\",\"url\":\"https:\/\/www.gaveanews.com\/\",\"name\":\"G\u00e1vea News\",\"description\":\"Veja todas as not\u00edcias sobre o Flamengo: Contrata\u00e7\u00f5es, categorias de base, resultados das partidas, tabela de classifica\u00e7\u00e3o, pr\u00f3ximos jogos!\",\"potentialAction\":[{\"@type\":\"SearchAction\",\"target\":{\"@type\":\"EntryPoint\",\"urlTemplate\":\"https:\/\/www.gaveanews.com\/?s={search_term_string}\"},\"query-input\":{\"@type\":\"PropertyValueSpecification\",\"valueRequired\":true,\"valueName\":\"search_term_string\"}}],\"inLanguage\":\"pt-BR\"},{\"@type\":\"Person\",\"@id\":\"https:\/\/www.gaveanews.com\/#\/schema\/person\/c79759ca337c40791ae8d08e2923d403\",\"name\":\"Brenda Cezillo\",\"image\":{\"@type\":\"ImageObject\",\"inLanguage\":\"pt-BR\",\"@id\":\"https:\/\/www.gaveanews.com\/#\/schema\/person\/image\/\",\"url\":\"https:\/\/secure.gravatar.com\/avatar\/1738d75cee7317f9c29ae61dd67620c5883d80a92e42a6fff88ae5d527af217a?s=96&d=mm&r=g\",\"contentUrl\":\"https:\/\/secure.gravatar.com\/avatar\/1738d75cee7317f9c29ae61dd67620c5883d80a92e42a6fff88ae5d527af217a?s=96&d=mm&r=g\",\"caption\":\"Brenda Cezillo\"}}]}<\/script>\n<!-- \/ Yoast SEO Premium plugin. -->","yoast_head_json":{"title":"Duas sa\u00eddas, revela\u00e7\u00e3o sendo vendida por 381 milh\u00f5es e atualiza\u00e7\u00e3o sobre Carlos Alcaraz: as \u00faltimas not\u00edcias do Flamengo","robots":{"index":"index","follow":"follow","max-snippet":"max-snippet:-1","max-image-preview":"max-image-preview:large","max-video-preview":"max-video-preview:-1"},"canonical":"https:\/\/www.gaveanews.com\/index.php\/2025\/03\/12\/duas-saidas-revelacao-sendo-vendida-por-381-milhoes-e-atualizacao-sobre-carlos-alcaraz-as-ultimas-noticias-do-flamengo\/","og_locale":"pt_BR","og_type":"article","og_title":"Duas sa\u00eddas, revela\u00e7\u00e3o sendo vendida por 381 milh\u00f5es e atualiza\u00e7\u00e3o sobre Carlos Alcaraz: as \u00faltimas not\u00edcias do Flamengo","og_description":"Nas \u00faltimas horas, o foco das not\u00edcias sobre o Flamengo se concentram nos bastidores do clube, com destaques do dia a dia do time. Por conta deste contexto, leia abaixo um resumo preparado pela equipe do portal G\u00e1vea News para lhe manter muito bem informado! Atualiza\u00e7\u00e3o sobre Carlos Alcaraz A situa\u00e7\u00e3o financeira do Flamengo em [&hellip;]","og_url":"https:\/\/www.gaveanews.com\/index.php\/2025\/03\/12\/duas-saidas-revelacao-sendo-vendida-por-381-milhoes-e-atualizacao-sobre-carlos-alcaraz-as-ultimas-noticias-do-flamengo\/","og_site_name":"G\u00e1vea News","article_publisher":"https:\/\/facebook.com\/gaveaNews\/","article_published_time":"2025-03-12T10:45:00+00:00","og_image":[{"width":640,"height":427,"url":"https:\/\/www.gaveanews.com\/wp-content\/uploads\/Maracanao-escudo-Flamengo.webp","type":"image\/jpeg"}],"author":"Brenda Cezillo","twitter_card":"summary_large_image","twitter_misc":{"Escrito por":"Brenda Cezillo","Est. tempo de leitura":"5 minutos"},"schema":{"@context":"https:\/\/schema.org","@graph":[{"@type":"NewsArticle","@id":"https:\/\/www.gaveanews.com\/index.php\/2025\/03\/12\/duas-saidas-revelacao-sendo-vendida-por-381-milhoes-e-atualizacao-sobre-carlos-alcaraz-as-ultimas-noticias-do-flamengo\/#article","isPartOf":{"@id":"https:\/\/www.gaveanews.com\/index.php\/2025\/03\/12\/duas-saidas-revelacao-sendo-vendida-por-381-milhoes-e-atualizacao-sobre-carlos-alcaraz-as-ultimas-noticias-do-flamengo\/"},"author":{"name":"Brenda Cezillo","@id":"https:\/\/www.gaveanews.com\/#\/schema\/person\/c79759ca337c40791ae8d08e2923d403"},"headline":"Duas sa\u00eddas, revela\u00e7\u00e3o sendo vendida por 381 milh\u00f5es e atualiza\u00e7\u00e3o sobre Carlos Alcaraz: as \u00faltimas not\u00edcias do Flamengo","datePublished":"2025-03-12T10:45:00+00:00","mainEntityOfPage":{"@id":"https:\/\/www.gaveanews.com\/index.php\/2025\/03\/12\/duas-saidas-revelacao-sendo-vendida-por-381-milhoes-e-atualizacao-sobre-carlos-alcaraz-as-ultimas-noticias-do-flamengo\/"},"wordCount":820,"commentCount":0,"image":{"@id":"https:\/\/www.gaveanews.com\/index.php\/2025\/03\/12\/duas-saidas-revelacao-sendo-vendida-por-381-milhoes-e-atualizacao-sobre-carlos-alcaraz-as-ultimas-noticias-do-flamengo\/#primaryimage"},"thumbnailUrl":"https:\/\/www.gaveanews.com\/wp-content\/uploads\/Maracanao-escudo-Flamengo.webp","articleSection":["Flamengo"],"inLanguage":"pt-BR","potentialAction":[{"@type":"CommentAction","name":"Comment","target":["https:\/\/www.gaveanews.com\/index.php\/2025\/03\/12\/duas-saidas-revelacao-sendo-vendida-por-381-milhoes-e-atualizacao-sobre-carlos-alcaraz-as-ultimas-noticias-do-flamengo\/#respond"]}],"copyrightYear":"2025","copyrightHolder":{"@id":"https:\/\/www.gaveanews.com\/#organization"}},{"@type":"WebPage","@id":"https:\/\/www.gaveanews.com\/index.php\/2025\/03\/12\/duas-saidas-revelacao-sendo-vendida-por-381-milhoes-e-atualizacao-sobre-carlos-alcaraz-as-ultimas-noticias-do-flamengo\/","url":"https:\/\/www.gaveanews.com\/index.php\/2025\/03\/12\/duas-saidas-revelacao-sendo-vendida-por-381-milhoes-e-atualizacao-sobre-carlos-alcaraz-as-ultimas-noticias-do-flamengo\/","name":"Duas sa\u00eddas, revela\u00e7\u00e3o sendo vendida por 381 milh\u00f5es e atualiza\u00e7\u00e3o sobre Carlos Alcaraz: as \u00faltimas not\u00edcias do Flamengo","isPartOf":{"@id":"https:\/\/www.gaveanews.com\/#website"},"primaryImageOfPage":{"@id":"https:\/\/www.gaveanews.com\/index.php\/2025\/03\/12\/duas-saidas-revelacao-sendo-vendida-por-381-milhoes-e-atualizacao-sobre-carlos-alcaraz-as-ultimas-noticias-do-flamengo\/#primaryimage"},"image":{"@id":"https:\/\/www.gaveanews.com\/index.php\/2025\/03\/12\/duas-saidas-revelacao-sendo-vendida-por-381-milhoes-e-atualizacao-sobre-carlos-alcaraz-as-ultimas-noticias-do-flamengo\/#primaryimage"},"thumbnailUrl":"https:\/\/www.gaveanews.com\/wp-content\/uploads\/Maracanao-escudo-Flamengo.webp","datePublished":"2025-03-12T10:45:00+00:00","author":{"@id":"https:\/\/www.gaveanews.com\/#\/schema\/person\/c79759ca337c40791ae8d08e2923d403"},"breadcrumb":{"@id":"https:\/\/www.gaveanews.com\/index.php\/2025\/03\/12\/duas-saidas-revelacao-sendo-vendida-por-381-milhoes-e-atualizacao-sobre-carlos-alcaraz-as-ultimas-noticias-do-flamengo\/#breadcrumb"},"inLanguage":"pt-BR","potentialAction":[{"@type":"ReadAction","target":["https:\/\/www.gaveanews.com\/index.php\/2025\/03\/12\/duas-saidas-revelacao-sendo-vendida-por-381-milhoes-e-atualizacao-sobre-carlos-alcaraz-as-ultimas-noticias-do-flamengo\/"]}]},{"@type":"ImageObject","inLanguage":"pt-BR","@id":"https:\/\/www.gaveanews.com\/index.php\/2025\/03\/12\/duas-saidas-revelacao-sendo-vendida-por-381-milhoes-e-atualizacao-sobre-carlos-alcaraz-as-ultimas-noticias-do-flamengo\/#primaryimage","url":"https:\/\/www.gaveanews.com\/wp-content\/uploads\/Maracanao-escudo-Flamengo.webp","contentUrl":"https:\/\/www.gaveanews.com\/wp-content\/uploads\/Maracanao-escudo-Flamengo.webp","width":640,"height":427,"caption":"Escudo do Flamengo no gramado do Maracan\u00e3 (Foto: Reprodu\u00e7\u00e3o)"},{"@type":"BreadcrumbList","@id":"https:\/\/www.gaveanews.com\/index.php\/2025\/03\/12\/duas-saidas-revelacao-sendo-vendida-por-381-milhoes-e-atualizacao-sobre-carlos-alcaraz-as-ultimas-noticias-do-flamengo\/#breadcrumb","itemListElement":[{"@type":"ListItem","position":1,"name":"Home","item":"https:\/\/www.gaveanews.com\/"},{"@type":"ListItem","position":2,"name":"Duas sa\u00eddas, revela\u00e7\u00e3o sendo vendida por 381 milh\u00f5es e atualiza\u00e7\u00e3o sobre Carlos Alcaraz: as \u00faltimas not\u00edcias do Flamengo"}]},{"@type":"WebSite","@id":"https:\/\/www.gaveanews.com\/#website","url":"https:\/\/www.gaveanews.com\/","name":"G\u00e1vea News","description":"Veja todas as not\u00edcias sobre o Flamengo: Contrata\u00e7\u00f5es, categorias de base, resultados das partidas, tabela de classifica\u00e7\u00e3o, pr\u00f3ximos jogos!","potentialAction":[{"@type":"SearchAction","target":{"@type":"EntryPoint","urlTemplate":"https:\/\/www.gaveanews.com\/?s={search_term_string}"},"query-input":{"@type":"PropertyValueSpecification","valueRequired":true,"valueName":"search_term_string"}}],"inLanguage":"pt-BR"},{"@type":"Person","@id":"https:\/\/www.gaveanews.com\/#\/schema\/person\/c79759ca337c40791ae8d08e2923d403","name":"Brenda Cezillo","image":{"@type":"ImageObject","inLanguage":"pt-BR","@id":"https:\/\/www.gaveanews.com\/#\/schema\/person\/image\/","url":"https:\/\/secure.gravatar.com\/avatar\/1738d75cee7317f9c29ae61dd67620c5883d80a92e42a6fff88ae5d527af217a?s=96&d=mm&r=g","contentUrl":"https:\/\/secure.gravatar.com\/avatar\/1738d75cee7317f9c29ae61dd67620c5883d80a92e42a6fff88ae5d527af217a?s=96&d=mm&r=g","caption":"Brenda Cezillo"}}]}},"_links":{"self":[{"href":"https:\/\/www.gaveanews.com\/index.php\/wp-json\/wp\/v2\/posts\/238851","targetHints":{"allow":["GET"]}}],"collection":[{"href":"https:\/\/www.gaveanews.com\/index.php\/wp-json\/wp\/v2\/posts"}],"about":[{"href":"https:\/\/www.gaveanews.com\/index.php\/wp-json\/wp\/v2\/types\/post"}],"author":[{"embeddable":true,"href":"https:\/\/www.gaveanews.com\/index.php\/wp-json\/wp\/v2\/users\/33"}],"replies":[{"embeddable":true,"href":"https:\/\/www.gaveanews.com\/index.php\/wp-json\/wp\/v2\/comments?post=238851"}],"version-history":[{"count":1,"href":"https:\/\/www.gaveanews.com\/index.php\/wp-json\/wp\/v2\/posts\/238851\/revisions"}],"predecessor-version":[{"id":238854,"href":"https:\/\/www.gaveanews.com\/index.php\/wp-json\/wp\/v2\/posts\/238851\/revisions\/238854"}],"wp:featuredmedia":[{"embeddable":true,"href":"https:\/\/www.gaveanews.com\/index.php\/wp-json\/wp\/v2\/media\/101250"}],"wp:attachment":[{"href":"https:\/\/www.gaveanews.com\/index.php\/wp-json\/wp\/v2\/media?parent=238851"}],"wp:term":[{"taxonomy":"category","embeddable":true,"href":"https:\/\/www.gaveanews.com\/index.php\/wp-json\/wp\/v2\/categories?post=238851"},{"taxonomy":"post_tag","embeddable":true,"href":"https:\/\/www.gaveanews.com\/index.php\/wp-json\/wp\/v2\/tags?post=238851"}],"curies":[{"name":"wp","href":"https:\/\/api.w.org\/{rel}","templated":true}]}}