{"id":238853,"date":"2025-03-12T07:50:00","date_gmt":"2025-03-12T10:50:00","guid":{"rendered":"https:\/\/www.gaveanews.com\/?p=238853"},"modified":"2025-03-12T00:38:36","modified_gmt":"2025-03-12T03:38:36","slug":"saida-para-o-gremio-punicao-da-conmebol-julgamento-de-alexander-barboza-as-ultimas-noticias-do-botafogo","status":"publish","type":"post","link":"https:\/\/www.gaveanews.com\/index.php\/2025\/03\/12\/saida-para-o-gremio-punicao-da-conmebol-julgamento-de-alexander-barboza-as-ultimas-noticias-do-botafogo\/","title":{"rendered":"Sa\u00edda para o Gr\u00eamio, puni\u00e7\u00e3o da Conmebol, julgamento de Alexander Barboza: as \u00faltimas not\u00edcias do Botafogo"},"content":{"rendered":"\n<p>Nas \u00faltimas horas, o foco das not\u00edcias sobre o Botafogo se concentram nos bastidores do clube, com destaques do dia a dia do time.<\/p>\n\n\n\n<p>Por conta deste contexto, leia abaixo um resumo preparado pela equipe do portal G\u00e1vea News para lhe manter muito bem informado!<\/p>\n\n\n\n<h2 class=\"wp-block-heading\" id=\"h-julgamento-de-alexander-barboza\">Julgamento de Alexander Barboza<\/h2>\n\n\n\n<p>O julgamento referente \u00e0 confus\u00e3o entre Botafogo e Atl\u00e9tico-MG, na 35\u00aa rodada do Brasileir\u00e3o de 2024, foi conclu\u00eddo com um desfecho positivo para os clubes. A 1\u00aa Comiss\u00e3o Disciplinar do STJD decidiu absolver as equipes das acusa\u00e7\u00f5es de tumulto em campo, evitando multas que poderiam chegar a R$ 20 mil. Com isso, o Alvinegro pode seguir focado na prepara\u00e7\u00e3o para a temporada sem preocupa\u00e7\u00f5es com san\u00e7\u00f5es financeiras ou esportivas <strong><a href=\"https:\/\/www.gaveanews.com\/index.php\/2025\/03\/11\/botafogo-veja-o-resultado-do-julgamento-de-alexander-barboza\/\">(leia a mat\u00e9ria completa).<\/a><\/strong><\/p>\n\n\n\n<figure class=\"wp-block-image size-full\"><img loading=\"lazy\" decoding=\"async\" width=\"541\" height=\"448\" src=\"http:\/\/www.gaveanews.com\/wp-content\/uploads\/Alexander-Barboza-em-acao-pelo-Botafogo.webp\" alt=\"\" class=\"wp-image-170337\" srcset=\"https:\/\/www.gaveanews.com\/wp-content\/uploads\/Alexander-Barboza-em-acao-pelo-Botafogo.webp 541w, https:\/\/www.gaveanews.com\/wp-content\/uploads\/Alexander-Barboza-em-acao-pelo-Botafogo-300x248.webp 300w, https:\/\/www.gaveanews.com\/wp-content\/uploads\/Alexander-Barboza-em-acao-pelo-Botafogo-507x420.webp 507w, https:\/\/www.gaveanews.com\/wp-content\/uploads\/Alexander-Barboza-em-acao-pelo-Botafogo-100x83.webp 100w\" sizes=\"auto, (max-width: 541px) 100vw, 541px\" \/><figcaption class=\"wp-element-caption\">Alexander Barboza em a\u00e7\u00e3o pelo Botafogo (Foto: Vitor Silva\/Botafogo)<\/figcaption><\/figure>\n\n\n\n<p>No julgamento individual dos jogadores, o zagueiro Alexander Barboza, do Botafogo, e o meio-campista Rubens, do Atl\u00e9tico-MG, tamb\u00e9m foram absolvidos, j\u00e1 que suas expuls\u00f5es ocorreram por ac\u00famulo de cart\u00f5es amarelos. <\/p>\n\n\n\n<p>Por outro lado, Luiz Henrique, que atualmente joga pelo Zenit, recebeu um jogo de suspens\u00e3o por atirar uma garrafa em dire\u00e7\u00e3o aos seguran\u00e7as do est\u00e1dio. A \u00fanica puni\u00e7\u00e3o foi para o seguran\u00e7a do Botafogo, Daniel Cruz da Silva, suspenso por 30 dias por envolvimento na confus\u00e3o.<\/p>\n\n\n\n<p>Com o caso encerrado, o Botafogo agora volta suas aten\u00e7\u00f5es para o Campeonato Brasileiro. Eliminado precocemente do Carioca, o clube intensifica os treinos visando a estreia contra o Palmeiras, no Allianz Parque, no dia 29. O time busca um in\u00edcio forte na competi\u00e7\u00e3o para esquecer os trope\u00e7os recentes e manter-se competitivo na temporada.<\/p>\n\n\n\n<h2 class=\"wp-block-heading\" id=\"h-punicao-da-conmebol\">Puni\u00e7\u00e3o da Conmebol<\/h2>\n\n\n\n<p>O lateral-esquerdo Cuiabano, do Botafogo, foi suspenso pela Conmebol e desfalcar\u00e1 a equipe na estreia da Libertadores de 2025. A puni\u00e7\u00e3o ocorreu devido \u00e0 sua expuls\u00e3o na primeira partida da Recopa Sul-Americana contra o Racing, quando acertou um chute no rosto de um advers\u00e1rio ap\u00f3s a interrup\u00e7\u00e3o da jogada. Como resultado, o jogador recebeu uma suspens\u00e3o de dois jogos, tendo cumprido o primeiro na volta da Recopa e agora ficar\u00e1 de fora da estreia na fase de grupos da Libertadores<strong><a href=\"https:\/\/www.gaveanews.com\/index.php\/2025\/03\/11\/jogador-do-botafogo-recebe-suspensao-da-conmebol\/\"> (leia a mat\u00e9ria completa).<\/a><\/strong><\/p>\n\n\n\n<figure class=\"wp-block-image size-large\"><img loading=\"lazy\" decoding=\"async\" width=\"1024\" height=\"662\" src=\"http:\/\/www.gaveanews.com\/wp-content\/uploads\/Logomarca-da-Conmebol-1024x662.webp\" alt=\"\" class=\"wp-image-35738\" srcset=\"https:\/\/www.gaveanews.com\/wp-content\/uploads\/Logomarca-da-Conmebol-1024x662.webp 1024w, https:\/\/www.gaveanews.com\/wp-content\/uploads\/Logomarca-da-Conmebol-300x194.webp 300w, https:\/\/www.gaveanews.com\/wp-content\/uploads\/Logomarca-da-Conmebol-768x496.webp 768w, https:\/\/www.gaveanews.com\/wp-content\/uploads\/Logomarca-da-Conmebol-650x420.webp 650w, https:\/\/www.gaveanews.com\/wp-content\/uploads\/Logomarca-da-Conmebol-600x388.webp 600w, https:\/\/www.gaveanews.com\/wp-content\/uploads\/Logomarca-da-Conmebol-341x220.webp 341w, https:\/\/www.gaveanews.com\/wp-content\/uploads\/Logomarca-da-Conmebol-682x440.webp 682w, https:\/\/www.gaveanews.com\/wp-content\/uploads\/Logomarca-da-Conmebol-640x414.webp 640w, https:\/\/www.gaveanews.com\/wp-content\/uploads\/Logomarca-da-Conmebol-681x440.webp 681w, https:\/\/www.gaveanews.com\/wp-content\/uploads\/Logomarca-da-Conmebol-100x65.webp 100w, https:\/\/www.gaveanews.com\/wp-content\/uploads\/Logomarca-da-Conmebol.webp 1162w\" sizes=\"auto, (max-width: 1024px) 100vw, 1024px\" \/><\/figure>\n\n\n\n<p>Al\u00e9m da aus\u00eancia do lateral, o Botafogo tamb\u00e9m foi penalizado financeiramente, com uma multa que ser\u00e1 descontada da premia\u00e7\u00e3o do clube na competi\u00e7\u00e3o. A incerteza inicial sobre a puni\u00e7\u00e3o gerou d\u00favidas, mas a Conmebol esclareceu que a suspens\u00e3o s\u00f3 foi confirmada ap\u00f3s publica\u00e7\u00e3o oficial no sistema da Comiss\u00e3o Disciplinar. O clube agora busca solu\u00e7\u00f5es para suprir a aus\u00eancia do jogador na estreia do torneio continental.<\/p>\n\n\n\n<p>Atual campe\u00e3o da Libertadores, o Botafogo ser\u00e1 um dos cabe\u00e7as de chave na edi\u00e7\u00e3o de 2025 e aguarda o sorteio dos grupos, que acontecer\u00e1 em 17 de mar\u00e7o. Enquanto isso, Cuiabano segue treinando com o elenco, esperando o fim da suspens\u00e3o para retornar ao time na segunda rodada da competi\u00e7\u00e3o.<\/p>\n\n\n\n<h2 class=\"wp-block-heading\" id=\"h-saida-para-o-gremio\">Sa\u00edda para o Gr\u00eamio<\/h2>\n\n\n\n<p>O Botafogo segue reformulando seu elenco e pode negociar a sa\u00edda do goleiro Raul nos pr\u00f3ximos dias. Atualmente terceira op\u00e7\u00e3o no elenco, o jogador despertou o interesse do Gr\u00eamio, que busca um substituto para Adriel, caso o arqueiro deixe o clube. As negocia\u00e7\u00f5es j\u00e1 come\u00e7aram, e o Alvinegro estipulou um valor de US$ 350 mil (cerca de R$ 2 milh\u00f5es) para liberar o atleta, al\u00e9m do abatimento de uma d\u00edvida do Gr\u00eamio referente \u00e0 compra do lateral Cuiabano <strong><a href=\"https:\/\/www.gaveanews.com\/index.php\/2025\/03\/11\/negociacao-avanca-e-jogador-do-botafogo-fica-mais-perto-do-gremio\/\">(leia a mat\u00e9ria completa).<\/a><\/strong><\/p>\n\n\n\n<figure class=\"wp-block-image size-large\"><img loading=\"lazy\" decoding=\"async\" width=\"1024\" height=\"682\" src=\"http:\/\/www.gaveanews.com\/wp-content\/uploads\/Escudo-do-Gremio-1024x682.webp\" alt=\"\" class=\"wp-image-154785\" srcset=\"https:\/\/www.gaveanews.com\/wp-content\/uploads\/Escudo-do-Gremio-1024x682.webp 1024w, https:\/\/www.gaveanews.com\/wp-content\/uploads\/Escudo-do-Gremio-300x200.webp 300w, https:\/\/www.gaveanews.com\/wp-content\/uploads\/Escudo-do-Gremio-768x512.webp 768w, https:\/\/www.gaveanews.com\/wp-content\/uploads\/Escudo-do-Gremio-630x420.webp 630w, https:\/\/www.gaveanews.com\/wp-content\/uploads\/Escudo-do-Gremio-640x426.webp 640w, https:\/\/www.gaveanews.com\/wp-content\/uploads\/Escudo-do-Gremio-681x454.webp 681w, https:\/\/www.gaveanews.com\/wp-content\/uploads\/Escudo-do-Gremio-100x67.webp 100w, https:\/\/www.gaveanews.com\/wp-content\/uploads\/Escudo-do-Gremio.webp 1163w\" sizes=\"auto, (max-width: 1024px) 100vw, 1024px\" \/><figcaption class=\"wp-element-caption\">Escudo do Gr\u00eamio (Foto: Reprodu\u00e7\u00e3o\/Gr\u00eamio)<\/figcaption><\/figure>\n\n\n\n<p>O clube ga\u00facho, por sua vez, demonstrou interesse e ofereceu um contrato de dois anos a Raul, mas sem incluir o abatimento da d\u00edvida na negocia\u00e7\u00e3o, o que pode dificultar o acerto. Como o v\u00ednculo do goleiro com o Botafogo vai at\u00e9 dezembro, ele poder\u00e1 assinar um pr\u00e9-contrato com outra equipe a partir do meio do ano, caso n\u00e3o seja transferido agora. Diante desse cen\u00e1rio, as partes seguem discutindo os termos da poss\u00edvel transfer\u00eancia.<\/p>\n\n\n\n<p>Enquanto negocia sa\u00eddas, o Botafogo mant\u00e9m o foco na temporada, buscando refor\u00e7ar seu elenco para a disputa da Libertadores e do Brasileir\u00e3o. Mesmo ap\u00f3s a elimina\u00e7\u00e3o no Campeonato Carioca, o clube aposta em novas contrata\u00e7\u00f5es e na chegada do t\u00e9cnico Renato Paiva para garantir um ano competitivo, sem descartar outras movimenta\u00e7\u00f5es no mercado nos pr\u00f3ximos dias.<\/p>\n","protected":false},"excerpt":{"rendered":"<p>Nas \u00faltimas horas, o foco das not\u00edcias sobre o Botafogo se concentram nos bastidores do clube, com destaques do dia a dia do time. Por conta deste contexto, leia abaixo um resumo preparado pela equipe do portal G\u00e1vea News para lhe manter muito bem informado! Julgamento de Alexander Barboza O julgamento referente \u00e0 confus\u00e3o entre [&hellip;]<\/p>\n","protected":false},"author":33,"featured_media":156132,"comment_status":"open","ping_status":"closed","sticky":false,"template":"","format":"standard","meta":{"footnotes":""},"categories":[138],"tags":[],"class_list":["post-238853","post","type-post","status-publish","format-standard","has-post-thumbnail","hentry","category-botafogo"],"yoast_head":"<!-- This site is optimized with the Yoast SEO Premium plugin v24.2 (Yoast SEO v26.9) - https:\/\/yoast.com\/product\/yoast-seo-premium-wordpress\/ -->\n<title>Sa\u00edda para o Gr\u00eamio, puni\u00e7\u00e3o da Conmebol, julgamento de Alexander Barboza: as \u00faltimas not\u00edcias do Botafogo<\/title>\n<meta name=\"robots\" content=\"index, follow, max-snippet:-1, max-image-preview:large, max-video-preview:-1\" \/>\n<link rel=\"canonical\" href=\"https:\/\/www.gaveanews.com\/index.php\/2025\/03\/12\/saida-para-o-gremio-punicao-da-conmebol-julgamento-de-alexander-barboza-as-ultimas-noticias-do-botafogo\/\" \/>\n<meta property=\"og:locale\" content=\"pt_BR\" \/>\n<meta property=\"og:type\" content=\"article\" \/>\n<meta property=\"og:title\" content=\"Sa\u00edda para o Gr\u00eamio, puni\u00e7\u00e3o da Conmebol, julgamento de Alexander Barboza: as \u00faltimas not\u00edcias do Botafogo\" \/>\n<meta property=\"og:description\" content=\"Nas \u00faltimas horas, o foco das not\u00edcias sobre o Botafogo se concentram nos bastidores do clube, com destaques do dia a dia do time. Por conta deste contexto, leia abaixo um resumo preparado pela equipe do portal G\u00e1vea News para lhe manter muito bem informado! Julgamento de Alexander Barboza O julgamento referente \u00e0 confus\u00e3o entre [&hellip;]\" \/>\n<meta property=\"og:url\" content=\"https:\/\/www.gaveanews.com\/index.php\/2025\/03\/12\/saida-para-o-gremio-punicao-da-conmebol-julgamento-de-alexander-barboza-as-ultimas-noticias-do-botafogo\/\" \/>\n<meta property=\"og:site_name\" content=\"G\u00e1vea News\" \/>\n<meta property=\"article:publisher\" content=\"https:\/\/facebook.com\/gaveaNews\/\" \/>\n<meta property=\"article:published_time\" content=\"2025-03-12T10:50:00+00:00\" \/>\n<meta property=\"og:image\" content=\"https:\/\/www.gaveanews.com\/wp-content\/uploads\/Escudo-do-Botafogo.webp\" \/>\n\t<meta property=\"og:image:width\" content=\"1053\" \/>\n\t<meta property=\"og:image:height\" content=\"702\" \/>\n\t<meta property=\"og:image:type\" content=\"image\/webp\" \/>\n<meta name=\"author\" content=\"Brenda Cezillo\" \/>\n<meta name=\"twitter:card\" content=\"summary_large_image\" \/>\n<meta name=\"twitter:label1\" content=\"Escrito por\" \/>\n\t<meta name=\"twitter:data1\" content=\"Brenda Cezillo\" \/>\n\t<meta name=\"twitter:label2\" content=\"Est. tempo de leitura\" \/>\n\t<meta name=\"twitter:data2\" content=\"5 minutos\" \/>\n<script type=\"application\/ld+json\" class=\"yoast-schema-graph\">{\"@context\":\"https:\/\/schema.org\",\"@graph\":[{\"@type\":\"NewsArticle\",\"@id\":\"https:\/\/www.gaveanews.com\/index.php\/2025\/03\/12\/saida-para-o-gremio-punicao-da-conmebol-julgamento-de-alexander-barboza-as-ultimas-noticias-do-botafogo\/#article\",\"isPartOf\":{\"@id\":\"https:\/\/www.gaveanews.com\/index.php\/2025\/03\/12\/saida-para-o-gremio-punicao-da-conmebol-julgamento-de-alexander-barboza-as-ultimas-noticias-do-botafogo\/\"},\"author\":{\"name\":\"Brenda Cezillo\",\"@id\":\"https:\/\/www.gaveanews.com\/#\/schema\/person\/c79759ca337c40791ae8d08e2923d403\"},\"headline\":\"Sa\u00edda para o Gr\u00eamio, puni\u00e7\u00e3o da Conmebol, julgamento de Alexander Barboza: as \u00faltimas not\u00edcias do Botafogo\",\"datePublished\":\"2025-03-12T10:50:00+00:00\",\"mainEntityOfPage\":{\"@id\":\"https:\/\/www.gaveanews.com\/index.php\/2025\/03\/12\/saida-para-o-gremio-punicao-da-conmebol-julgamento-de-alexander-barboza-as-ultimas-noticias-do-botafogo\/\"},\"wordCount\":782,\"commentCount\":0,\"image\":{\"@id\":\"https:\/\/www.gaveanews.com\/index.php\/2025\/03\/12\/saida-para-o-gremio-punicao-da-conmebol-julgamento-de-alexander-barboza-as-ultimas-noticias-do-botafogo\/#primaryimage\"},\"thumbnailUrl\":\"https:\/\/www.gaveanews.com\/wp-content\/uploads\/Escudo-do-Botafogo.webp\",\"articleSection\":[\"Botafogo\"],\"inLanguage\":\"pt-BR\",\"potentialAction\":[{\"@type\":\"CommentAction\",\"name\":\"Comment\",\"target\":[\"https:\/\/www.gaveanews.com\/index.php\/2025\/03\/12\/saida-para-o-gremio-punicao-da-conmebol-julgamento-de-alexander-barboza-as-ultimas-noticias-do-botafogo\/#respond\"]}],\"copyrightYear\":\"2025\",\"copyrightHolder\":{\"@id\":\"https:\/\/www.gaveanews.com\/#organization\"}},{\"@type\":\"WebPage\",\"@id\":\"https:\/\/www.gaveanews.com\/index.php\/2025\/03\/12\/saida-para-o-gremio-punicao-da-conmebol-julgamento-de-alexander-barboza-as-ultimas-noticias-do-botafogo\/\",\"url\":\"https:\/\/www.gaveanews.com\/index.php\/2025\/03\/12\/saida-para-o-gremio-punicao-da-conmebol-julgamento-de-alexander-barboza-as-ultimas-noticias-do-botafogo\/\",\"name\":\"Sa\u00edda para o Gr\u00eamio, puni\u00e7\u00e3o da Conmebol, julgamento de Alexander Barboza: as \u00faltimas not\u00edcias do Botafogo\",\"isPartOf\":{\"@id\":\"https:\/\/www.gaveanews.com\/#website\"},\"primaryImageOfPage\":{\"@id\":\"https:\/\/www.gaveanews.com\/index.php\/2025\/03\/12\/saida-para-o-gremio-punicao-da-conmebol-julgamento-de-alexander-barboza-as-ultimas-noticias-do-botafogo\/#primaryimage\"},\"image\":{\"@id\":\"https:\/\/www.gaveanews.com\/index.php\/2025\/03\/12\/saida-para-o-gremio-punicao-da-conmebol-julgamento-de-alexander-barboza-as-ultimas-noticias-do-botafogo\/#primaryimage\"},\"thumbnailUrl\":\"https:\/\/www.gaveanews.com\/wp-content\/uploads\/Escudo-do-Botafogo.webp\",\"datePublished\":\"2025-03-12T10:50:00+00:00\",\"author\":{\"@id\":\"https:\/\/www.gaveanews.com\/#\/schema\/person\/c79759ca337c40791ae8d08e2923d403\"},\"breadcrumb\":{\"@id\":\"https:\/\/www.gaveanews.com\/index.php\/2025\/03\/12\/saida-para-o-gremio-punicao-da-conmebol-julgamento-de-alexander-barboza-as-ultimas-noticias-do-botafogo\/#breadcrumb\"},\"inLanguage\":\"pt-BR\",\"potentialAction\":[{\"@type\":\"ReadAction\",\"target\":[\"https:\/\/www.gaveanews.com\/index.php\/2025\/03\/12\/saida-para-o-gremio-punicao-da-conmebol-julgamento-de-alexander-barboza-as-ultimas-noticias-do-botafogo\/\"]}]},{\"@type\":\"ImageObject\",\"inLanguage\":\"pt-BR\",\"@id\":\"https:\/\/www.gaveanews.com\/index.php\/2025\/03\/12\/saida-para-o-gremio-punicao-da-conmebol-julgamento-de-alexander-barboza-as-ultimas-noticias-do-botafogo\/#primaryimage\",\"url\":\"https:\/\/www.gaveanews.com\/wp-content\/uploads\/Escudo-do-Botafogo.webp\",\"contentUrl\":\"https:\/\/www.gaveanews.com\/wp-content\/uploads\/Escudo-do-Botafogo.webp\",\"width\":1053,\"height\":702,\"caption\":\"Escudo do Botafogo (Foto: Reprodu\u00e7\u00e3o\/Botafogo)\"},{\"@type\":\"BreadcrumbList\",\"@id\":\"https:\/\/www.gaveanews.com\/index.php\/2025\/03\/12\/saida-para-o-gremio-punicao-da-conmebol-julgamento-de-alexander-barboza-as-ultimas-noticias-do-botafogo\/#breadcrumb\",\"itemListElement\":[{\"@type\":\"ListItem\",\"position\":1,\"name\":\"Home\",\"item\":\"https:\/\/www.gaveanews.com\/\"},{\"@type\":\"ListItem\",\"position\":2,\"name\":\"Sa\u00edda para o Gr\u00eamio, puni\u00e7\u00e3o da Conmebol, julgamento de Alexander Barboza: as \u00faltimas not\u00edcias do Botafogo\"}]},{\"@type\":\"WebSite\",\"@id\":\"https:\/\/www.gaveanews.com\/#website\",\"url\":\"https:\/\/www.gaveanews.com\/\",\"name\":\"G\u00e1vea News\",\"description\":\"Veja todas as not\u00edcias sobre o Flamengo: Contrata\u00e7\u00f5es, categorias de base, resultados das partidas, tabela de classifica\u00e7\u00e3o, pr\u00f3ximos jogos!\",\"potentialAction\":[{\"@type\":\"SearchAction\",\"target\":{\"@type\":\"EntryPoint\",\"urlTemplate\":\"https:\/\/www.gaveanews.com\/?s={search_term_string}\"},\"query-input\":{\"@type\":\"PropertyValueSpecification\",\"valueRequired\":true,\"valueName\":\"search_term_string\"}}],\"inLanguage\":\"pt-BR\"},{\"@type\":\"Person\",\"@id\":\"https:\/\/www.gaveanews.com\/#\/schema\/person\/c79759ca337c40791ae8d08e2923d403\",\"name\":\"Brenda Cezillo\",\"image\":{\"@type\":\"ImageObject\",\"inLanguage\":\"pt-BR\",\"@id\":\"https:\/\/www.gaveanews.com\/#\/schema\/person\/image\/\",\"url\":\"https:\/\/secure.gravatar.com\/avatar\/1738d75cee7317f9c29ae61dd67620c5883d80a92e42a6fff88ae5d527af217a?s=96&d=mm&r=g\",\"contentUrl\":\"https:\/\/secure.gravatar.com\/avatar\/1738d75cee7317f9c29ae61dd67620c5883d80a92e42a6fff88ae5d527af217a?s=96&d=mm&r=g\",\"caption\":\"Brenda Cezillo\"}}]}<\/script>\n<!-- \/ Yoast SEO Premium plugin. -->","yoast_head_json":{"title":"Sa\u00edda para o Gr\u00eamio, puni\u00e7\u00e3o da Conmebol, julgamento de Alexander Barboza: as \u00faltimas not\u00edcias do Botafogo","robots":{"index":"index","follow":"follow","max-snippet":"max-snippet:-1","max-image-preview":"max-image-preview:large","max-video-preview":"max-video-preview:-1"},"canonical":"https:\/\/www.gaveanews.com\/index.php\/2025\/03\/12\/saida-para-o-gremio-punicao-da-conmebol-julgamento-de-alexander-barboza-as-ultimas-noticias-do-botafogo\/","og_locale":"pt_BR","og_type":"article","og_title":"Sa\u00edda para o Gr\u00eamio, puni\u00e7\u00e3o da Conmebol, julgamento de Alexander Barboza: as \u00faltimas not\u00edcias do Botafogo","og_description":"Nas \u00faltimas horas, o foco das not\u00edcias sobre o Botafogo se concentram nos bastidores do clube, com destaques do dia a dia do time. Por conta deste contexto, leia abaixo um resumo preparado pela equipe do portal G\u00e1vea News para lhe manter muito bem informado! Julgamento de Alexander Barboza O julgamento referente \u00e0 confus\u00e3o entre [&hellip;]","og_url":"https:\/\/www.gaveanews.com\/index.php\/2025\/03\/12\/saida-para-o-gremio-punicao-da-conmebol-julgamento-de-alexander-barboza-as-ultimas-noticias-do-botafogo\/","og_site_name":"G\u00e1vea News","article_publisher":"https:\/\/facebook.com\/gaveaNews\/","article_published_time":"2025-03-12T10:50:00+00:00","og_image":[{"width":1053,"height":702,"url":"https:\/\/www.gaveanews.com\/wp-content\/uploads\/Escudo-do-Botafogo.webp","type":"image\/webp"}],"author":"Brenda Cezillo","twitter_card":"summary_large_image","twitter_misc":{"Escrito por":"Brenda Cezillo","Est. tempo de leitura":"5 minutos"},"schema":{"@context":"https:\/\/schema.org","@graph":[{"@type":"NewsArticle","@id":"https:\/\/www.gaveanews.com\/index.php\/2025\/03\/12\/saida-para-o-gremio-punicao-da-conmebol-julgamento-de-alexander-barboza-as-ultimas-noticias-do-botafogo\/#article","isPartOf":{"@id":"https:\/\/www.gaveanews.com\/index.php\/2025\/03\/12\/saida-para-o-gremio-punicao-da-conmebol-julgamento-de-alexander-barboza-as-ultimas-noticias-do-botafogo\/"},"author":{"name":"Brenda Cezillo","@id":"https:\/\/www.gaveanews.com\/#\/schema\/person\/c79759ca337c40791ae8d08e2923d403"},"headline":"Sa\u00edda para o Gr\u00eamio, puni\u00e7\u00e3o da Conmebol, julgamento de Alexander Barboza: as \u00faltimas not\u00edcias do Botafogo","datePublished":"2025-03-12T10:50:00+00:00","mainEntityOfPage":{"@id":"https:\/\/www.gaveanews.com\/index.php\/2025\/03\/12\/saida-para-o-gremio-punicao-da-conmebol-julgamento-de-alexander-barboza-as-ultimas-noticias-do-botafogo\/"},"wordCount":782,"commentCount":0,"image":{"@id":"https:\/\/www.gaveanews.com\/index.php\/2025\/03\/12\/saida-para-o-gremio-punicao-da-conmebol-julgamento-de-alexander-barboza-as-ultimas-noticias-do-botafogo\/#primaryimage"},"thumbnailUrl":"https:\/\/www.gaveanews.com\/wp-content\/uploads\/Escudo-do-Botafogo.webp","articleSection":["Botafogo"],"inLanguage":"pt-BR","potentialAction":[{"@type":"CommentAction","name":"Comment","target":["https:\/\/www.gaveanews.com\/index.php\/2025\/03\/12\/saida-para-o-gremio-punicao-da-conmebol-julgamento-de-alexander-barboza-as-ultimas-noticias-do-botafogo\/#respond"]}],"copyrightYear":"2025","copyrightHolder":{"@id":"https:\/\/www.gaveanews.com\/#organization"}},{"@type":"WebPage","@id":"https:\/\/www.gaveanews.com\/index.php\/2025\/03\/12\/saida-para-o-gremio-punicao-da-conmebol-julgamento-de-alexander-barboza-as-ultimas-noticias-do-botafogo\/","url":"https:\/\/www.gaveanews.com\/index.php\/2025\/03\/12\/saida-para-o-gremio-punicao-da-conmebol-julgamento-de-alexander-barboza-as-ultimas-noticias-do-botafogo\/","name":"Sa\u00edda para o Gr\u00eamio, puni\u00e7\u00e3o da Conmebol, julgamento de Alexander Barboza: as \u00faltimas not\u00edcias do Botafogo","isPartOf":{"@id":"https:\/\/www.gaveanews.com\/#website"},"primaryImageOfPage":{"@id":"https:\/\/www.gaveanews.com\/index.php\/2025\/03\/12\/saida-para-o-gremio-punicao-da-conmebol-julgamento-de-alexander-barboza-as-ultimas-noticias-do-botafogo\/#primaryimage"},"image":{"@id":"https:\/\/www.gaveanews.com\/index.php\/2025\/03\/12\/saida-para-o-gremio-punicao-da-conmebol-julgamento-de-alexander-barboza-as-ultimas-noticias-do-botafogo\/#primaryimage"},"thumbnailUrl":"https:\/\/www.gaveanews.com\/wp-content\/uploads\/Escudo-do-Botafogo.webp","datePublished":"2025-03-12T10:50:00+00:00","author":{"@id":"https:\/\/www.gaveanews.com\/#\/schema\/person\/c79759ca337c40791ae8d08e2923d403"},"breadcrumb":{"@id":"https:\/\/www.gaveanews.com\/index.php\/2025\/03\/12\/saida-para-o-gremio-punicao-da-conmebol-julgamento-de-alexander-barboza-as-ultimas-noticias-do-botafogo\/#breadcrumb"},"inLanguage":"pt-BR","potentialAction":[{"@type":"ReadAction","target":["https:\/\/www.gaveanews.com\/index.php\/2025\/03\/12\/saida-para-o-gremio-punicao-da-conmebol-julgamento-de-alexander-barboza-as-ultimas-noticias-do-botafogo\/"]}]},{"@type":"ImageObject","inLanguage":"pt-BR","@id":"https:\/\/www.gaveanews.com\/index.php\/2025\/03\/12\/saida-para-o-gremio-punicao-da-conmebol-julgamento-de-alexander-barboza-as-ultimas-noticias-do-botafogo\/#primaryimage","url":"https:\/\/www.gaveanews.com\/wp-content\/uploads\/Escudo-do-Botafogo.webp","contentUrl":"https:\/\/www.gaveanews.com\/wp-content\/uploads\/Escudo-do-Botafogo.webp","width":1053,"height":702,"caption":"Escudo do Botafogo (Foto: Reprodu\u00e7\u00e3o\/Botafogo)"},{"@type":"BreadcrumbList","@id":"https:\/\/www.gaveanews.com\/index.php\/2025\/03\/12\/saida-para-o-gremio-punicao-da-conmebol-julgamento-de-alexander-barboza-as-ultimas-noticias-do-botafogo\/#breadcrumb","itemListElement":[{"@type":"ListItem","position":1,"name":"Home","item":"https:\/\/www.gaveanews.com\/"},{"@type":"ListItem","position":2,"name":"Sa\u00edda para o Gr\u00eamio, puni\u00e7\u00e3o da Conmebol, julgamento de Alexander Barboza: as \u00faltimas not\u00edcias do Botafogo"}]},{"@type":"WebSite","@id":"https:\/\/www.gaveanews.com\/#website","url":"https:\/\/www.gaveanews.com\/","name":"G\u00e1vea News","description":"Veja todas as not\u00edcias sobre o Flamengo: Contrata\u00e7\u00f5es, categorias de base, resultados das partidas, tabela de classifica\u00e7\u00e3o, pr\u00f3ximos jogos!","potentialAction":[{"@type":"SearchAction","target":{"@type":"EntryPoint","urlTemplate":"https:\/\/www.gaveanews.com\/?s={search_term_string}"},"query-input":{"@type":"PropertyValueSpecification","valueRequired":true,"valueName":"search_term_string"}}],"inLanguage":"pt-BR"},{"@type":"Person","@id":"https:\/\/www.gaveanews.com\/#\/schema\/person\/c79759ca337c40791ae8d08e2923d403","name":"Brenda Cezillo","image":{"@type":"ImageObject","inLanguage":"pt-BR","@id":"https:\/\/www.gaveanews.com\/#\/schema\/person\/image\/","url":"https:\/\/secure.gravatar.com\/avatar\/1738d75cee7317f9c29ae61dd67620c5883d80a92e42a6fff88ae5d527af217a?s=96&d=mm&r=g","contentUrl":"https:\/\/secure.gravatar.com\/avatar\/1738d75cee7317f9c29ae61dd67620c5883d80a92e42a6fff88ae5d527af217a?s=96&d=mm&r=g","caption":"Brenda Cezillo"}}]}},"_links":{"self":[{"href":"https:\/\/www.gaveanews.com\/index.php\/wp-json\/wp\/v2\/posts\/238853","targetHints":{"allow":["GET"]}}],"collection":[{"href":"https:\/\/www.gaveanews.com\/index.php\/wp-json\/wp\/v2\/posts"}],"about":[{"href":"https:\/\/www.gaveanews.com\/index.php\/wp-json\/wp\/v2\/types\/post"}],"author":[{"embeddable":true,"href":"https:\/\/www.gaveanews.com\/index.php\/wp-json\/wp\/v2\/users\/33"}],"replies":[{"embeddable":true,"href":"https:\/\/www.gaveanews.com\/index.php\/wp-json\/wp\/v2\/comments?post=238853"}],"version-history":[{"count":1,"href":"https:\/\/www.gaveanews.com\/index.php\/wp-json\/wp\/v2\/posts\/238853\/revisions"}],"predecessor-version":[{"id":238856,"href":"https:\/\/www.gaveanews.com\/index.php\/wp-json\/wp\/v2\/posts\/238853\/revisions\/238856"}],"wp:featuredmedia":[{"embeddable":true,"href":"https:\/\/www.gaveanews.com\/index.php\/wp-json\/wp\/v2\/media\/156132"}],"wp:attachment":[{"href":"https:\/\/www.gaveanews.com\/index.php\/wp-json\/wp\/v2\/media?parent=238853"}],"wp:term":[{"taxonomy":"category","embeddable":true,"href":"https:\/\/www.gaveanews.com\/index.php\/wp-json\/wp\/v2\/categories?post=238853"},{"taxonomy":"post_tag","embeddable":true,"href":"https:\/\/www.gaveanews.com\/index.php\/wp-json\/wp\/v2\/tags?post=238853"}],"curies":[{"name":"wp","href":"https:\/\/api.w.org\/{rel}","templated":true}]}}