{"id":238868,"date":"2025-03-12T10:15:00","date_gmt":"2025-03-12T13:15:00","guid":{"rendered":"https:\/\/www.gaveanews.com\/?p=238868"},"modified":"2025-03-12T10:09:13","modified_gmt":"2025-03-12T13:09:13","slug":"dono-do-atletico-mg-e-sincero-ao-falar-sobre-saf-no-flamengo","status":"publish","type":"post","link":"https:\/\/www.gaveanews.com\/index.php\/2025\/03\/12\/dono-do-atletico-mg-e-sincero-ao-falar-sobre-saf-no-flamengo\/","title":{"rendered":"Dono do Atl\u00e9tico-MG \u00e9 sincero ao falar sobre SAF no Flamengo"},"content":{"rendered":"\n<p>A transforma\u00e7\u00e3o dos clubes brasileiros em Sociedade An\u00f4nima do Futebol (SAF) \u00e9 um tema cada vez mais debatido no cen\u00e1rio esportivo. Para Rubens Menin, empres\u00e1rio e investidor do Atl\u00e9tico-MG, essa mudan\u00e7a ser\u00e1 inevit\u00e1vel at\u00e9 mesmo para gigantes como Flamengo, Corinthians, Palmeiras e S\u00e3o Paulo.<\/p>\n\n\n\n<p>Durante entrevista ao programa \u201cBenja Me Mucho\u201d, Menin deixou claro que acredita na ado\u00e7\u00e3o do modelo SAF por todos os grandes times do pa\u00eds no futuro. Isso porque, segundo ele, a profissionaliza\u00e7\u00e3o da gest\u00e3o e a capta\u00e7\u00e3o de investimentos externos s\u00e3o fatores essenciais para manter a competitividade no futebol moderno.<\/p>\n\n\n\n<h2 class=\"wp-block-heading\" id=\"h-o-impacto-financeiro-e-a-comparacao-com-o-manchester-city\">O impacto financeiro e a compara\u00e7\u00e3o com o Manchester City<\/h2>\n\n\n\n<p>O crescimento do Manchester City, que saiu de um clube mediano para uma pot\u00eancia global ap\u00f3s ser adquirido pelo Abu Dhabi United Group, foi citado por Menin como um exemplo claro de como o investimento externo pode mudar a realidade de um time.&nbsp;<\/p>\n\n\n\n<p>Sendo assim, ele destacou que, mesmo com a for\u00e7a econ\u00f4mica de clubes como Flamengo e Palmeiras, o modelo SAF pode ser um caminho inevit\u00e1vel.<\/p>\n\n\n\n<p>\u201cQuem n\u00e3o for, ter\u00e1 desvantagem competitiva\u201d, afirmou o empres\u00e1rio, explicando que o mercado de capitais deve se tornar cada vez mais presente no futebol brasileiro. Dessa maneira, times que optarem por continuar com um modelo associativo tradicional podem enfrentar dificuldades para acompanhar os concorrentes.<\/p>\n\n\n\n<h2 class=\"wp-block-heading\" id=\"h-o-futuro-do-flamengo-e-a-tendencia-da-saf\">O futuro do Flamengo e a tend\u00eancia da SAF<\/h2>\n\n\n\n<p>Vale destacar que o Flamengo tem um dos maiores faturamentos do futebol sul-americano e, por isso, ainda n\u00e3o v\u00ea necessidade de aderir ao modelo SAF.&nbsp;<\/p>\n\n\n\n<p>No entanto, caso a tend\u00eancia global continue, a busca por investidores pode se tornar uma alternativa para garantir que o clube siga no topo.<\/p>\n\n\n\n<p>Al\u00e9m disso, a possibilidade de captar recursos e expandir o poder financeiro faz com que a SAF seja vista como um movimento estrat\u00e9gico a longo prazo. Cabe ressaltar que essa mudan\u00e7a n\u00e3o acontece de uma hora para outra, mas o mercado pode for\u00e7ar os clubes a reavaliar suas estruturas nos pr\u00f3ximos anos.<\/p>\n","protected":false},"excerpt":{"rendered":"<p>A transforma\u00e7\u00e3o dos clubes brasileiros em Sociedade An\u00f4nima do Futebol (SAF) \u00e9 um tema cada vez mais debatido no cen\u00e1rio esportivo. Para Rubens Menin, empres\u00e1rio e investidor do Atl\u00e9tico-MG, essa mudan\u00e7a ser\u00e1 inevit\u00e1vel at\u00e9 mesmo para gigantes como Flamengo, Corinthians, Palmeiras e S\u00e3o Paulo. Durante entrevista ao programa \u201cBenja Me Mucho\u201d, Menin deixou claro que [&hellip;]<\/p>\n","protected":false},"author":25,"featured_media":153999,"comment_status":"open","ping_status":"closed","sticky":false,"template":"","format":"standard","meta":{"footnotes":""},"categories":[136],"tags":[],"class_list":["post-238868","post","type-post","status-publish","format-standard","has-post-thumbnail","hentry","category-atletico-mg"],"yoast_head":"<!-- This site is optimized with the Yoast SEO Premium plugin v24.2 (Yoast SEO v26.9) - https:\/\/yoast.com\/product\/yoast-seo-premium-wordpress\/ -->\n<title>Dono do Atl\u00e9tico-MG \u00e9 sincero ao falar sobre SAF no Flamengo<\/title>\n<meta name=\"robots\" content=\"index, follow, max-snippet:-1, max-image-preview:large, max-video-preview:-1\" \/>\n<link rel=\"canonical\" href=\"https:\/\/www.gaveanews.com\/index.php\/2025\/03\/12\/dono-do-atletico-mg-e-sincero-ao-falar-sobre-saf-no-flamengo\/\" \/>\n<meta property=\"og:locale\" content=\"pt_BR\" \/>\n<meta property=\"og:type\" content=\"article\" \/>\n<meta property=\"og:title\" content=\"Dono do Atl\u00e9tico-MG \u00e9 sincero ao falar sobre SAF no Flamengo\" \/>\n<meta property=\"og:description\" content=\"A transforma\u00e7\u00e3o dos clubes brasileiros em Sociedade An\u00f4nima do Futebol (SAF) \u00e9 um tema cada vez mais debatido no cen\u00e1rio esportivo. Para Rubens Menin, empres\u00e1rio e investidor do Atl\u00e9tico-MG, essa mudan\u00e7a ser\u00e1 inevit\u00e1vel at\u00e9 mesmo para gigantes como Flamengo, Corinthians, Palmeiras e S\u00e3o Paulo. Durante entrevista ao programa \u201cBenja Me Mucho\u201d, Menin deixou claro que [&hellip;]\" \/>\n<meta property=\"og:url\" content=\"https:\/\/www.gaveanews.com\/index.php\/2025\/03\/12\/dono-do-atletico-mg-e-sincero-ao-falar-sobre-saf-no-flamengo\/\" \/>\n<meta property=\"og:site_name\" content=\"G\u00e1vea News\" \/>\n<meta property=\"article:publisher\" content=\"https:\/\/facebook.com\/gaveaNews\/\" \/>\n<meta property=\"article:published_time\" content=\"2025-03-12T13:15:00+00:00\" \/>\n<meta property=\"og:image\" content=\"https:\/\/www.gaveanews.com\/wp-content\/uploads\/Estadio-do-Atletico-MG.webp\" \/>\n\t<meta property=\"og:image:width\" content=\"900\" \/>\n\t<meta property=\"og:image:height\" content=\"600\" \/>\n\t<meta property=\"og:image:type\" content=\"image\/webp\" \/>\n<meta name=\"author\" content=\"Rafaela Ladeira\" \/>\n<meta name=\"twitter:card\" content=\"summary_large_image\" \/>\n<meta name=\"twitter:label1\" content=\"Escrito por\" \/>\n\t<meta name=\"twitter:data1\" content=\"Rafaela Ladeira\" \/>\n\t<meta name=\"twitter:label2\" content=\"Est. tempo de leitura\" \/>\n\t<meta name=\"twitter:data2\" content=\"2 minutos\" \/>\n<script type=\"application\/ld+json\" class=\"yoast-schema-graph\">{\"@context\":\"https:\/\/schema.org\",\"@graph\":[{\"@type\":\"NewsArticle\",\"@id\":\"https:\/\/www.gaveanews.com\/index.php\/2025\/03\/12\/dono-do-atletico-mg-e-sincero-ao-falar-sobre-saf-no-flamengo\/#article\",\"isPartOf\":{\"@id\":\"https:\/\/www.gaveanews.com\/index.php\/2025\/03\/12\/dono-do-atletico-mg-e-sincero-ao-falar-sobre-saf-no-flamengo\/\"},\"author\":{\"name\":\"Rafaela Ladeira\",\"@id\":\"https:\/\/www.gaveanews.com\/#\/schema\/person\/0eb3e3fe1754f0205218538adbe8f5ed\"},\"headline\":\"Dono do Atl\u00e9tico-MG \u00e9 sincero ao falar sobre SAF no Flamengo\",\"datePublished\":\"2025-03-12T13:15:00+00:00\",\"mainEntityOfPage\":{\"@id\":\"https:\/\/www.gaveanews.com\/index.php\/2025\/03\/12\/dono-do-atletico-mg-e-sincero-ao-falar-sobre-saf-no-flamengo\/\"},\"wordCount\":368,\"commentCount\":0,\"image\":{\"@id\":\"https:\/\/www.gaveanews.com\/index.php\/2025\/03\/12\/dono-do-atletico-mg-e-sincero-ao-falar-sobre-saf-no-flamengo\/#primaryimage\"},\"thumbnailUrl\":\"https:\/\/www.gaveanews.com\/wp-content\/uploads\/Estadio-do-Atletico-MG.webp\",\"articleSection\":[\"Atl\u00e9tico-MG\"],\"inLanguage\":\"pt-BR\",\"potentialAction\":[{\"@type\":\"CommentAction\",\"name\":\"Comment\",\"target\":[\"https:\/\/www.gaveanews.com\/index.php\/2025\/03\/12\/dono-do-atletico-mg-e-sincero-ao-falar-sobre-saf-no-flamengo\/#respond\"]}],\"copyrightYear\":\"2025\",\"copyrightHolder\":{\"@id\":\"https:\/\/www.gaveanews.com\/#organization\"}},{\"@type\":\"WebPage\",\"@id\":\"https:\/\/www.gaveanews.com\/index.php\/2025\/03\/12\/dono-do-atletico-mg-e-sincero-ao-falar-sobre-saf-no-flamengo\/\",\"url\":\"https:\/\/www.gaveanews.com\/index.php\/2025\/03\/12\/dono-do-atletico-mg-e-sincero-ao-falar-sobre-saf-no-flamengo\/\",\"name\":\"Dono do Atl\u00e9tico-MG \u00e9 sincero ao falar sobre SAF no Flamengo\",\"isPartOf\":{\"@id\":\"https:\/\/www.gaveanews.com\/#website\"},\"primaryImageOfPage\":{\"@id\":\"https:\/\/www.gaveanews.com\/index.php\/2025\/03\/12\/dono-do-atletico-mg-e-sincero-ao-falar-sobre-saf-no-flamengo\/#primaryimage\"},\"image\":{\"@id\":\"https:\/\/www.gaveanews.com\/index.php\/2025\/03\/12\/dono-do-atletico-mg-e-sincero-ao-falar-sobre-saf-no-flamengo\/#primaryimage\"},\"thumbnailUrl\":\"https:\/\/www.gaveanews.com\/wp-content\/uploads\/Estadio-do-Atletico-MG.webp\",\"datePublished\":\"2025-03-12T13:15:00+00:00\",\"author\":{\"@id\":\"https:\/\/www.gaveanews.com\/#\/schema\/person\/0eb3e3fe1754f0205218538adbe8f5ed\"},\"breadcrumb\":{\"@id\":\"https:\/\/www.gaveanews.com\/index.php\/2025\/03\/12\/dono-do-atletico-mg-e-sincero-ao-falar-sobre-saf-no-flamengo\/#breadcrumb\"},\"inLanguage\":\"pt-BR\",\"potentialAction\":[{\"@type\":\"ReadAction\",\"target\":[\"https:\/\/www.gaveanews.com\/index.php\/2025\/03\/12\/dono-do-atletico-mg-e-sincero-ao-falar-sobre-saf-no-flamengo\/\"]}]},{\"@type\":\"ImageObject\",\"inLanguage\":\"pt-BR\",\"@id\":\"https:\/\/www.gaveanews.com\/index.php\/2025\/03\/12\/dono-do-atletico-mg-e-sincero-ao-falar-sobre-saf-no-flamengo\/#primaryimage\",\"url\":\"https:\/\/www.gaveanews.com\/wp-content\/uploads\/Estadio-do-Atletico-MG.webp\",\"contentUrl\":\"https:\/\/www.gaveanews.com\/wp-content\/uploads\/Estadio-do-Atletico-MG.webp\",\"width\":900,\"height\":600,\"caption\":\"Arena MRV, est\u00e1dio do Atl\u00e9tico-MG (Foto: Reprodu\u00e7\u00e3o\/Atl\u00e9tico)\"},{\"@type\":\"BreadcrumbList\",\"@id\":\"https:\/\/www.gaveanews.com\/index.php\/2025\/03\/12\/dono-do-atletico-mg-e-sincero-ao-falar-sobre-saf-no-flamengo\/#breadcrumb\",\"itemListElement\":[{\"@type\":\"ListItem\",\"position\":1,\"name\":\"Home\",\"item\":\"https:\/\/www.gaveanews.com\/\"},{\"@type\":\"ListItem\",\"position\":2,\"name\":\"Dono do Atl\u00e9tico-MG \u00e9 sincero ao falar sobre SAF no Flamengo\"}]},{\"@type\":\"WebSite\",\"@id\":\"https:\/\/www.gaveanews.com\/#website\",\"url\":\"https:\/\/www.gaveanews.com\/\",\"name\":\"G\u00e1vea News\",\"description\":\"Veja todas as not\u00edcias sobre o Flamengo: Contrata\u00e7\u00f5es, categorias de base, resultados das partidas, tabela de classifica\u00e7\u00e3o, pr\u00f3ximos jogos!\",\"potentialAction\":[{\"@type\":\"SearchAction\",\"target\":{\"@type\":\"EntryPoint\",\"urlTemplate\":\"https:\/\/www.gaveanews.com\/?s={search_term_string}\"},\"query-input\":{\"@type\":\"PropertyValueSpecification\",\"valueRequired\":true,\"valueName\":\"search_term_string\"}}],\"inLanguage\":\"pt-BR\"},{\"@type\":\"Person\",\"@id\":\"https:\/\/www.gaveanews.com\/#\/schema\/person\/0eb3e3fe1754f0205218538adbe8f5ed\",\"name\":\"Rafaela Ladeira\",\"image\":{\"@type\":\"ImageObject\",\"inLanguage\":\"pt-BR\",\"@id\":\"https:\/\/www.gaveanews.com\/#\/schema\/person\/image\/\",\"url\":\"https:\/\/secure.gravatar.com\/avatar\/c31f513acffd85eacab5730cbdfdbbf59f21ba5aeada8cd890acea879fbb2455?s=96&d=mm&r=g\",\"contentUrl\":\"https:\/\/secure.gravatar.com\/avatar\/c31f513acffd85eacab5730cbdfdbbf59f21ba5aeada8cd890acea879fbb2455?s=96&d=mm&r=g\",\"caption\":\"Rafaela Ladeira\"}}]}<\/script>\n<!-- \/ Yoast SEO Premium plugin. -->","yoast_head_json":{"title":"Dono do Atl\u00e9tico-MG \u00e9 sincero ao falar sobre SAF no Flamengo","robots":{"index":"index","follow":"follow","max-snippet":"max-snippet:-1","max-image-preview":"max-image-preview:large","max-video-preview":"max-video-preview:-1"},"canonical":"https:\/\/www.gaveanews.com\/index.php\/2025\/03\/12\/dono-do-atletico-mg-e-sincero-ao-falar-sobre-saf-no-flamengo\/","og_locale":"pt_BR","og_type":"article","og_title":"Dono do Atl\u00e9tico-MG \u00e9 sincero ao falar sobre SAF no Flamengo","og_description":"A transforma\u00e7\u00e3o dos clubes brasileiros em Sociedade An\u00f4nima do Futebol (SAF) \u00e9 um tema cada vez mais debatido no cen\u00e1rio esportivo. Para Rubens Menin, empres\u00e1rio e investidor do Atl\u00e9tico-MG, essa mudan\u00e7a ser\u00e1 inevit\u00e1vel at\u00e9 mesmo para gigantes como Flamengo, Corinthians, Palmeiras e S\u00e3o Paulo. Durante entrevista ao programa \u201cBenja Me Mucho\u201d, Menin deixou claro que [&hellip;]","og_url":"https:\/\/www.gaveanews.com\/index.php\/2025\/03\/12\/dono-do-atletico-mg-e-sincero-ao-falar-sobre-saf-no-flamengo\/","og_site_name":"G\u00e1vea News","article_publisher":"https:\/\/facebook.com\/gaveaNews\/","article_published_time":"2025-03-12T13:15:00+00:00","og_image":[{"width":900,"height":600,"url":"https:\/\/www.gaveanews.com\/wp-content\/uploads\/Estadio-do-Atletico-MG.webp","type":"image\/webp"}],"author":"Rafaela Ladeira","twitter_card":"summary_large_image","twitter_misc":{"Escrito por":"Rafaela Ladeira","Est. tempo de leitura":"2 minutos"},"schema":{"@context":"https:\/\/schema.org","@graph":[{"@type":"NewsArticle","@id":"https:\/\/www.gaveanews.com\/index.php\/2025\/03\/12\/dono-do-atletico-mg-e-sincero-ao-falar-sobre-saf-no-flamengo\/#article","isPartOf":{"@id":"https:\/\/www.gaveanews.com\/index.php\/2025\/03\/12\/dono-do-atletico-mg-e-sincero-ao-falar-sobre-saf-no-flamengo\/"},"author":{"name":"Rafaela Ladeira","@id":"https:\/\/www.gaveanews.com\/#\/schema\/person\/0eb3e3fe1754f0205218538adbe8f5ed"},"headline":"Dono do Atl\u00e9tico-MG \u00e9 sincero ao falar sobre SAF no Flamengo","datePublished":"2025-03-12T13:15:00+00:00","mainEntityOfPage":{"@id":"https:\/\/www.gaveanews.com\/index.php\/2025\/03\/12\/dono-do-atletico-mg-e-sincero-ao-falar-sobre-saf-no-flamengo\/"},"wordCount":368,"commentCount":0,"image":{"@id":"https:\/\/www.gaveanews.com\/index.php\/2025\/03\/12\/dono-do-atletico-mg-e-sincero-ao-falar-sobre-saf-no-flamengo\/#primaryimage"},"thumbnailUrl":"https:\/\/www.gaveanews.com\/wp-content\/uploads\/Estadio-do-Atletico-MG.webp","articleSection":["Atl\u00e9tico-MG"],"inLanguage":"pt-BR","potentialAction":[{"@type":"CommentAction","name":"Comment","target":["https:\/\/www.gaveanews.com\/index.php\/2025\/03\/12\/dono-do-atletico-mg-e-sincero-ao-falar-sobre-saf-no-flamengo\/#respond"]}],"copyrightYear":"2025","copyrightHolder":{"@id":"https:\/\/www.gaveanews.com\/#organization"}},{"@type":"WebPage","@id":"https:\/\/www.gaveanews.com\/index.php\/2025\/03\/12\/dono-do-atletico-mg-e-sincero-ao-falar-sobre-saf-no-flamengo\/","url":"https:\/\/www.gaveanews.com\/index.php\/2025\/03\/12\/dono-do-atletico-mg-e-sincero-ao-falar-sobre-saf-no-flamengo\/","name":"Dono do Atl\u00e9tico-MG \u00e9 sincero ao falar sobre SAF no Flamengo","isPartOf":{"@id":"https:\/\/www.gaveanews.com\/#website"},"primaryImageOfPage":{"@id":"https:\/\/www.gaveanews.com\/index.php\/2025\/03\/12\/dono-do-atletico-mg-e-sincero-ao-falar-sobre-saf-no-flamengo\/#primaryimage"},"image":{"@id":"https:\/\/www.gaveanews.com\/index.php\/2025\/03\/12\/dono-do-atletico-mg-e-sincero-ao-falar-sobre-saf-no-flamengo\/#primaryimage"},"thumbnailUrl":"https:\/\/www.gaveanews.com\/wp-content\/uploads\/Estadio-do-Atletico-MG.webp","datePublished":"2025-03-12T13:15:00+00:00","author":{"@id":"https:\/\/www.gaveanews.com\/#\/schema\/person\/0eb3e3fe1754f0205218538adbe8f5ed"},"breadcrumb":{"@id":"https:\/\/www.gaveanews.com\/index.php\/2025\/03\/12\/dono-do-atletico-mg-e-sincero-ao-falar-sobre-saf-no-flamengo\/#breadcrumb"},"inLanguage":"pt-BR","potentialAction":[{"@type":"ReadAction","target":["https:\/\/www.gaveanews.com\/index.php\/2025\/03\/12\/dono-do-atletico-mg-e-sincero-ao-falar-sobre-saf-no-flamengo\/"]}]},{"@type":"ImageObject","inLanguage":"pt-BR","@id":"https:\/\/www.gaveanews.com\/index.php\/2025\/03\/12\/dono-do-atletico-mg-e-sincero-ao-falar-sobre-saf-no-flamengo\/#primaryimage","url":"https:\/\/www.gaveanews.com\/wp-content\/uploads\/Estadio-do-Atletico-MG.webp","contentUrl":"https:\/\/www.gaveanews.com\/wp-content\/uploads\/Estadio-do-Atletico-MG.webp","width":900,"height":600,"caption":"Arena MRV, est\u00e1dio do Atl\u00e9tico-MG (Foto: Reprodu\u00e7\u00e3o\/Atl\u00e9tico)"},{"@type":"BreadcrumbList","@id":"https:\/\/www.gaveanews.com\/index.php\/2025\/03\/12\/dono-do-atletico-mg-e-sincero-ao-falar-sobre-saf-no-flamengo\/#breadcrumb","itemListElement":[{"@type":"ListItem","position":1,"name":"Home","item":"https:\/\/www.gaveanews.com\/"},{"@type":"ListItem","position":2,"name":"Dono do Atl\u00e9tico-MG \u00e9 sincero ao falar sobre SAF no Flamengo"}]},{"@type":"WebSite","@id":"https:\/\/www.gaveanews.com\/#website","url":"https:\/\/www.gaveanews.com\/","name":"G\u00e1vea News","description":"Veja todas as not\u00edcias sobre o Flamengo: Contrata\u00e7\u00f5es, categorias de base, resultados das partidas, tabela de classifica\u00e7\u00e3o, pr\u00f3ximos jogos!","potentialAction":[{"@type":"SearchAction","target":{"@type":"EntryPoint","urlTemplate":"https:\/\/www.gaveanews.com\/?s={search_term_string}"},"query-input":{"@type":"PropertyValueSpecification","valueRequired":true,"valueName":"search_term_string"}}],"inLanguage":"pt-BR"},{"@type":"Person","@id":"https:\/\/www.gaveanews.com\/#\/schema\/person\/0eb3e3fe1754f0205218538adbe8f5ed","name":"Rafaela Ladeira","image":{"@type":"ImageObject","inLanguage":"pt-BR","@id":"https:\/\/www.gaveanews.com\/#\/schema\/person\/image\/","url":"https:\/\/secure.gravatar.com\/avatar\/c31f513acffd85eacab5730cbdfdbbf59f21ba5aeada8cd890acea879fbb2455?s=96&d=mm&r=g","contentUrl":"https:\/\/secure.gravatar.com\/avatar\/c31f513acffd85eacab5730cbdfdbbf59f21ba5aeada8cd890acea879fbb2455?s=96&d=mm&r=g","caption":"Rafaela Ladeira"}}]}},"_links":{"self":[{"href":"https:\/\/www.gaveanews.com\/index.php\/wp-json\/wp\/v2\/posts\/238868","targetHints":{"allow":["GET"]}}],"collection":[{"href":"https:\/\/www.gaveanews.com\/index.php\/wp-json\/wp\/v2\/posts"}],"about":[{"href":"https:\/\/www.gaveanews.com\/index.php\/wp-json\/wp\/v2\/types\/post"}],"author":[{"embeddable":true,"href":"https:\/\/www.gaveanews.com\/index.php\/wp-json\/wp\/v2\/users\/25"}],"replies":[{"embeddable":true,"href":"https:\/\/www.gaveanews.com\/index.php\/wp-json\/wp\/v2\/comments?post=238868"}],"version-history":[{"count":1,"href":"https:\/\/www.gaveanews.com\/index.php\/wp-json\/wp\/v2\/posts\/238868\/revisions"}],"predecessor-version":[{"id":238869,"href":"https:\/\/www.gaveanews.com\/index.php\/wp-json\/wp\/v2\/posts\/238868\/revisions\/238869"}],"wp:featuredmedia":[{"embeddable":true,"href":"https:\/\/www.gaveanews.com\/index.php\/wp-json\/wp\/v2\/media\/153999"}],"wp:attachment":[{"href":"https:\/\/www.gaveanews.com\/index.php\/wp-json\/wp\/v2\/media?parent=238868"}],"wp:term":[{"taxonomy":"category","embeddable":true,"href":"https:\/\/www.gaveanews.com\/index.php\/wp-json\/wp\/v2\/categories?post=238868"},{"taxonomy":"post_tag","embeddable":true,"href":"https:\/\/www.gaveanews.com\/index.php\/wp-json\/wp\/v2\/tags?post=238868"}],"curies":[{"name":"wp","href":"https:\/\/api.w.org\/{rel}","templated":true}]}}