{"id":238873,"date":"2025-03-12T10:30:00","date_gmt":"2025-03-12T13:30:00","guid":{"rendered":"https:\/\/www.gaveanews.com\/?p=238873"},"modified":"2025-03-12T10:20:20","modified_gmt":"2025-03-12T13:20:20","slug":"sao-paulo-pode-tomar-atitude-severa-apos-polemica-no-paulistao","status":"publish","type":"post","link":"https:\/\/www.gaveanews.com\/index.php\/2025\/03\/12\/sao-paulo-pode-tomar-atitude-severa-apos-polemica-no-paulistao\/","title":{"rendered":"S\u00e3o Paulo pode tomar atitude severa ap\u00f3s pol\u00eamica no Paulist\u00e3o"},"content":{"rendered":"\n<p>O S\u00e3o Paulo n\u00e3o ficou calado diante da pol\u00eamica arbitragem na semifinal do Campeonato Paulista de 2025 contra o Palmeiras. O clube enviou um of\u00edcio \u00e0 Federa\u00e7\u00e3o Paulista de Futebol (FPF) com cr\u00edticas contundentes ao \u00e1rbitro Fl\u00e1vio Rodrigues de Souza e uma amea\u00e7a que pode impactar diretamente a competi\u00e7\u00e3o de 2026. A revolta foi tamanha que o Tricolor cogita n\u00e3o utilizar sua equipe principal no torneio estadual do pr\u00f3ximo ano.<\/p>\n\n\n\n<h2 class=\"wp-block-heading\" id=\"h-clube-exige-providencias-e-critica-a-fpf\">Clube exige provid\u00eancias e critica a FPF<\/h2>\n\n\n\n<p>No documento assinado pelo presidente Julio Casares e outros dirigentes, o S\u00e3o Paulo exige a exclus\u00e3o de Fl\u00e1vio Rodrigues de Souza do quadro de \u00e1rbitros da FPF. Al\u00e9m disso, a diretoria s\u00e3o-paulina n\u00e3o poupou cr\u00edticas ao presidente da entidade, Reinaldo Carneiro Bastos, que se desculpou com o goleiro Rafael, mas considerou a decis\u00e3o dos \u00e1rbitros \u201cplaus\u00edvel\u201d.<\/p>\n\n\n\n<p>\u201cN\u00e3o h\u00e1 plausibilidade em marcar um p\u00eanalti inexistente! Plaus\u00edvel seria a FPF imediatamente se desculpar pelo ocorrido, reconhecer suas falhas e se comprometer em melhorar a arbitragem paulista, o que, para espanto do SPFC, n\u00e3o ocorreu!\u201d, afirmou o clube no of\u00edcio.<\/p>\n\n\n\n<h2 class=\"wp-block-heading\" id=\"h-erro-de-arbitragem-e-questionamentos-sobre-o-var\">Erro de arbitragem e questionamentos sobre o VAR<\/h2>\n\n\n\n<p>O S\u00e3o Paulo destacou que o erro de arbitragem foi determinante para o resultado e que a equipe do VAR, liderada por Rodrigo Guarizo do Amaral, falhou ao n\u00e3o recomendar a revis\u00e3o do lance. \u201cVamos deixar de lado as quest\u00f5es t\u00e9cnicas da atua\u00e7\u00e3o dos \u00e1rbitros, j\u00e1 que esse elemento (o uso da t\u00e9cnica) \u00e9 quase sempre flexibilizado na an\u00e1lise da arbitragem. Por uma quest\u00e3o de bom senso, n\u00e3o seria EXIG\u00cdVEL (e n\u00e3o meramente recomend\u00e1vel) rever o lance pelo monitor do VAR, evitando gerar uma grande e injusta vantagem para uma das equipes?\u201d, questionou o clube.<\/p>\n\n\n\n<p>Dessa maneira, o S\u00e3o Paulo refor\u00e7a que o erro comprometeu n\u00e3o apenas a partida, mas todo o planejamento esportivo e financeiro do clube para a temporada.<\/p>\n\n\n\n<h2 class=\"wp-block-heading\" id=\"h-sao-paulo-ameaca-repensar-sua-participacao-no-paulistao\">S\u00e3o Paulo amea\u00e7a repensar sua participa\u00e7\u00e3o no Paulist\u00e3o<\/h2>\n\n\n\n<p>A insatisfa\u00e7\u00e3o do S\u00e3o Paulo pode levar a uma medida dr\u00e1stica: a equipe principal pode ser poupada no Paulist\u00e3o de 2026. Isso porque a diretoria v\u00ea a postura da FPF como omissa e sem comprometimento com a melhora da arbitragem. \u201cTalvez n\u00e3o seja mais o caso de priorizar a disputa do Campeonato Paulista\u201d, declarou o clube.<\/p>\n\n\n\n<p>Vale destacar que o Tricolor sempre foi um defensor do estadual, mas os acontecimentos recentes colocam essa posi\u00e7\u00e3o em xeque. Sendo assim, o impasse com a FPF pode trazer consequ\u00eancias significativas para o torneio nos pr\u00f3ximos anos. Agora, resta saber qual ser\u00e1 a resposta da Federa\u00e7\u00e3o diante da forte press\u00e3o imposta pelo S\u00e3o Paulo.<\/p>\n","protected":false},"excerpt":{"rendered":"<p>O S\u00e3o Paulo n\u00e3o ficou calado diante da pol\u00eamica arbitragem na semifinal do Campeonato Paulista de 2025 contra o Palmeiras. O clube enviou um of\u00edcio \u00e0 Federa\u00e7\u00e3o Paulista de Futebol (FPF) com cr\u00edticas contundentes ao \u00e1rbitro Fl\u00e1vio Rodrigues de Souza e uma amea\u00e7a que pode impactar diretamente a competi\u00e7\u00e3o de 2026. A revolta foi tamanha [&hellip;]<\/p>\n","protected":false},"author":24,"featured_media":154249,"comment_status":"open","ping_status":"closed","sticky":false,"template":"","format":"standard","meta":{"footnotes":""},"categories":[151],"tags":[],"class_list":["post-238873","post","type-post","status-publish","format-standard","has-post-thumbnail","hentry","category-sao-paulo"],"yoast_head":"<!-- This site is optimized with the Yoast SEO Premium plugin v24.2 (Yoast SEO v26.9) - https:\/\/yoast.com\/product\/yoast-seo-premium-wordpress\/ -->\n<title>S\u00e3o Paulo pode tomar atitude severa ap\u00f3s pol\u00eamica no Paulist\u00e3o<\/title>\n<meta name=\"robots\" content=\"index, follow, max-snippet:-1, max-image-preview:large, max-video-preview:-1\" \/>\n<link rel=\"canonical\" href=\"https:\/\/www.gaveanews.com\/index.php\/2025\/03\/12\/sao-paulo-pode-tomar-atitude-severa-apos-polemica-no-paulistao\/\" \/>\n<meta property=\"og:locale\" content=\"pt_BR\" \/>\n<meta property=\"og:type\" content=\"article\" \/>\n<meta property=\"og:title\" content=\"S\u00e3o Paulo pode tomar atitude severa ap\u00f3s pol\u00eamica no Paulist\u00e3o\" \/>\n<meta property=\"og:description\" content=\"O S\u00e3o Paulo n\u00e3o ficou calado diante da pol\u00eamica arbitragem na semifinal do Campeonato Paulista de 2025 contra o Palmeiras. O clube enviou um of\u00edcio \u00e0 Federa\u00e7\u00e3o Paulista de Futebol (FPF) com cr\u00edticas contundentes ao \u00e1rbitro Fl\u00e1vio Rodrigues de Souza e uma amea\u00e7a que pode impactar diretamente a competi\u00e7\u00e3o de 2026. A revolta foi tamanha [&hellip;]\" \/>\n<meta property=\"og:url\" content=\"https:\/\/www.gaveanews.com\/index.php\/2025\/03\/12\/sao-paulo-pode-tomar-atitude-severa-apos-polemica-no-paulistao\/\" \/>\n<meta property=\"og:site_name\" content=\"G\u00e1vea News\" \/>\n<meta property=\"article:publisher\" content=\"https:\/\/facebook.com\/gaveaNews\/\" \/>\n<meta property=\"article:published_time\" content=\"2025-03-12T13:30:00+00:00\" \/>\n<meta property=\"og:image\" content=\"https:\/\/www.gaveanews.com\/wp-content\/uploads\/Bandeira-do-Sao-Paulo-no-Morumbis-em-2024.webp\" \/>\n\t<meta property=\"og:image:width\" content=\"1000\" \/>\n\t<meta property=\"og:image:height\" content=\"667\" \/>\n\t<meta property=\"og:image:type\" content=\"image\/webp\" \/>\n<meta name=\"author\" content=\"Leandro Cardoso\" \/>\n<meta name=\"twitter:card\" content=\"summary_large_image\" \/>\n<meta name=\"twitter:label1\" content=\"Escrito por\" \/>\n\t<meta name=\"twitter:data1\" content=\"Leandro Cardoso\" \/>\n\t<meta name=\"twitter:label2\" content=\"Est. tempo de leitura\" \/>\n\t<meta name=\"twitter:data2\" content=\"3 minutos\" \/>\n<script type=\"application\/ld+json\" class=\"yoast-schema-graph\">{\"@context\":\"https:\/\/schema.org\",\"@graph\":[{\"@type\":\"NewsArticle\",\"@id\":\"https:\/\/www.gaveanews.com\/index.php\/2025\/03\/12\/sao-paulo-pode-tomar-atitude-severa-apos-polemica-no-paulistao\/#article\",\"isPartOf\":{\"@id\":\"https:\/\/www.gaveanews.com\/index.php\/2025\/03\/12\/sao-paulo-pode-tomar-atitude-severa-apos-polemica-no-paulistao\/\"},\"author\":{\"name\":\"Leandro Cardoso\",\"@id\":\"https:\/\/www.gaveanews.com\/#\/schema\/person\/2424ec6409bc3f068411fc5e4e9b6168\"},\"headline\":\"S\u00e3o Paulo pode tomar atitude severa ap\u00f3s pol\u00eamica no Paulist\u00e3o\",\"datePublished\":\"2025-03-12T13:30:00+00:00\",\"mainEntityOfPage\":{\"@id\":\"https:\/\/www.gaveanews.com\/index.php\/2025\/03\/12\/sao-paulo-pode-tomar-atitude-severa-apos-polemica-no-paulistao\/\"},\"wordCount\":487,\"commentCount\":0,\"image\":{\"@id\":\"https:\/\/www.gaveanews.com\/index.php\/2025\/03\/12\/sao-paulo-pode-tomar-atitude-severa-apos-polemica-no-paulistao\/#primaryimage\"},\"thumbnailUrl\":\"https:\/\/www.gaveanews.com\/wp-content\/uploads\/Bandeira-do-Sao-Paulo-no-Morumbis-em-2024.webp\",\"articleSection\":[\"S\u00e3o Paulo\"],\"inLanguage\":\"pt-BR\",\"potentialAction\":[{\"@type\":\"CommentAction\",\"name\":\"Comment\",\"target\":[\"https:\/\/www.gaveanews.com\/index.php\/2025\/03\/12\/sao-paulo-pode-tomar-atitude-severa-apos-polemica-no-paulistao\/#respond\"]}],\"copyrightYear\":\"2025\",\"copyrightHolder\":{\"@id\":\"https:\/\/www.gaveanews.com\/#organization\"}},{\"@type\":\"WebPage\",\"@id\":\"https:\/\/www.gaveanews.com\/index.php\/2025\/03\/12\/sao-paulo-pode-tomar-atitude-severa-apos-polemica-no-paulistao\/\",\"url\":\"https:\/\/www.gaveanews.com\/index.php\/2025\/03\/12\/sao-paulo-pode-tomar-atitude-severa-apos-polemica-no-paulistao\/\",\"name\":\"S\u00e3o Paulo pode tomar atitude severa ap\u00f3s pol\u00eamica no Paulist\u00e3o\",\"isPartOf\":{\"@id\":\"https:\/\/www.gaveanews.com\/#website\"},\"primaryImageOfPage\":{\"@id\":\"https:\/\/www.gaveanews.com\/index.php\/2025\/03\/12\/sao-paulo-pode-tomar-atitude-severa-apos-polemica-no-paulistao\/#primaryimage\"},\"image\":{\"@id\":\"https:\/\/www.gaveanews.com\/index.php\/2025\/03\/12\/sao-paulo-pode-tomar-atitude-severa-apos-polemica-no-paulistao\/#primaryimage\"},\"thumbnailUrl\":\"https:\/\/www.gaveanews.com\/wp-content\/uploads\/Bandeira-do-Sao-Paulo-no-Morumbis-em-2024.webp\",\"datePublished\":\"2025-03-12T13:30:00+00:00\",\"author\":{\"@id\":\"https:\/\/www.gaveanews.com\/#\/schema\/person\/2424ec6409bc3f068411fc5e4e9b6168\"},\"breadcrumb\":{\"@id\":\"https:\/\/www.gaveanews.com\/index.php\/2025\/03\/12\/sao-paulo-pode-tomar-atitude-severa-apos-polemica-no-paulistao\/#breadcrumb\"},\"inLanguage\":\"pt-BR\",\"potentialAction\":[{\"@type\":\"ReadAction\",\"target\":[\"https:\/\/www.gaveanews.com\/index.php\/2025\/03\/12\/sao-paulo-pode-tomar-atitude-severa-apos-polemica-no-paulistao\/\"]}]},{\"@type\":\"ImageObject\",\"inLanguage\":\"pt-BR\",\"@id\":\"https:\/\/www.gaveanews.com\/index.php\/2025\/03\/12\/sao-paulo-pode-tomar-atitude-severa-apos-polemica-no-paulistao\/#primaryimage\",\"url\":\"https:\/\/www.gaveanews.com\/wp-content\/uploads\/Bandeira-do-Sao-Paulo-no-Morumbis-em-2024.webp\",\"contentUrl\":\"https:\/\/www.gaveanews.com\/wp-content\/uploads\/Bandeira-do-Sao-Paulo-no-Morumbis-em-2024.webp\",\"width\":1000,\"height\":667,\"caption\":\"Bandeira do S\u00e3o Paulo no Morumbis em 2024 (Foto: Reprodu\u00e7\u00e3o\/S\u00e3o Paulo)\"},{\"@type\":\"BreadcrumbList\",\"@id\":\"https:\/\/www.gaveanews.com\/index.php\/2025\/03\/12\/sao-paulo-pode-tomar-atitude-severa-apos-polemica-no-paulistao\/#breadcrumb\",\"itemListElement\":[{\"@type\":\"ListItem\",\"position\":1,\"name\":\"Home\",\"item\":\"https:\/\/www.gaveanews.com\/\"},{\"@type\":\"ListItem\",\"position\":2,\"name\":\"S\u00e3o Paulo pode tomar atitude severa ap\u00f3s pol\u00eamica no Paulist\u00e3o\"}]},{\"@type\":\"WebSite\",\"@id\":\"https:\/\/www.gaveanews.com\/#website\",\"url\":\"https:\/\/www.gaveanews.com\/\",\"name\":\"G\u00e1vea News\",\"description\":\"Veja todas as not\u00edcias sobre o Flamengo: Contrata\u00e7\u00f5es, categorias de base, resultados das partidas, tabela de classifica\u00e7\u00e3o, pr\u00f3ximos jogos!\",\"potentialAction\":[{\"@type\":\"SearchAction\",\"target\":{\"@type\":\"EntryPoint\",\"urlTemplate\":\"https:\/\/www.gaveanews.com\/?s={search_term_string}\"},\"query-input\":{\"@type\":\"PropertyValueSpecification\",\"valueRequired\":true,\"valueName\":\"search_term_string\"}}],\"inLanguage\":\"pt-BR\"},{\"@type\":\"Person\",\"@id\":\"https:\/\/www.gaveanews.com\/#\/schema\/person\/2424ec6409bc3f068411fc5e4e9b6168\",\"name\":\"Leandro Cardoso\",\"image\":{\"@type\":\"ImageObject\",\"inLanguage\":\"pt-BR\",\"@id\":\"https:\/\/www.gaveanews.com\/#\/schema\/person\/image\/\",\"url\":\"https:\/\/secure.gravatar.com\/avatar\/8ca179f9b55eefe9f376f5493ef25475bfa59fbc28ce937f6076ce20e523098f?s=96&d=mm&r=g\",\"contentUrl\":\"https:\/\/secure.gravatar.com\/avatar\/8ca179f9b55eefe9f376f5493ef25475bfa59fbc28ce937f6076ce20e523098f?s=96&d=mm&r=g\",\"caption\":\"Leandro Cardoso\"}}]}<\/script>\n<!-- \/ Yoast SEO Premium plugin. -->","yoast_head_json":{"title":"S\u00e3o Paulo pode tomar atitude severa ap\u00f3s pol\u00eamica no Paulist\u00e3o","robots":{"index":"index","follow":"follow","max-snippet":"max-snippet:-1","max-image-preview":"max-image-preview:large","max-video-preview":"max-video-preview:-1"},"canonical":"https:\/\/www.gaveanews.com\/index.php\/2025\/03\/12\/sao-paulo-pode-tomar-atitude-severa-apos-polemica-no-paulistao\/","og_locale":"pt_BR","og_type":"article","og_title":"S\u00e3o Paulo pode tomar atitude severa ap\u00f3s pol\u00eamica no Paulist\u00e3o","og_description":"O S\u00e3o Paulo n\u00e3o ficou calado diante da pol\u00eamica arbitragem na semifinal do Campeonato Paulista de 2025 contra o Palmeiras. O clube enviou um of\u00edcio \u00e0 Federa\u00e7\u00e3o Paulista de Futebol (FPF) com cr\u00edticas contundentes ao \u00e1rbitro Fl\u00e1vio Rodrigues de Souza e uma amea\u00e7a que pode impactar diretamente a competi\u00e7\u00e3o de 2026. A revolta foi tamanha [&hellip;]","og_url":"https:\/\/www.gaveanews.com\/index.php\/2025\/03\/12\/sao-paulo-pode-tomar-atitude-severa-apos-polemica-no-paulistao\/","og_site_name":"G\u00e1vea News","article_publisher":"https:\/\/facebook.com\/gaveaNews\/","article_published_time":"2025-03-12T13:30:00+00:00","og_image":[{"width":1000,"height":667,"url":"https:\/\/www.gaveanews.com\/wp-content\/uploads\/Bandeira-do-Sao-Paulo-no-Morumbis-em-2024.webp","type":"image\/webp"}],"author":"Leandro Cardoso","twitter_card":"summary_large_image","twitter_misc":{"Escrito por":"Leandro Cardoso","Est. tempo de leitura":"3 minutos"},"schema":{"@context":"https:\/\/schema.org","@graph":[{"@type":"NewsArticle","@id":"https:\/\/www.gaveanews.com\/index.php\/2025\/03\/12\/sao-paulo-pode-tomar-atitude-severa-apos-polemica-no-paulistao\/#article","isPartOf":{"@id":"https:\/\/www.gaveanews.com\/index.php\/2025\/03\/12\/sao-paulo-pode-tomar-atitude-severa-apos-polemica-no-paulistao\/"},"author":{"name":"Leandro Cardoso","@id":"https:\/\/www.gaveanews.com\/#\/schema\/person\/2424ec6409bc3f068411fc5e4e9b6168"},"headline":"S\u00e3o Paulo pode tomar atitude severa ap\u00f3s pol\u00eamica no Paulist\u00e3o","datePublished":"2025-03-12T13:30:00+00:00","mainEntityOfPage":{"@id":"https:\/\/www.gaveanews.com\/index.php\/2025\/03\/12\/sao-paulo-pode-tomar-atitude-severa-apos-polemica-no-paulistao\/"},"wordCount":487,"commentCount":0,"image":{"@id":"https:\/\/www.gaveanews.com\/index.php\/2025\/03\/12\/sao-paulo-pode-tomar-atitude-severa-apos-polemica-no-paulistao\/#primaryimage"},"thumbnailUrl":"https:\/\/www.gaveanews.com\/wp-content\/uploads\/Bandeira-do-Sao-Paulo-no-Morumbis-em-2024.webp","articleSection":["S\u00e3o Paulo"],"inLanguage":"pt-BR","potentialAction":[{"@type":"CommentAction","name":"Comment","target":["https:\/\/www.gaveanews.com\/index.php\/2025\/03\/12\/sao-paulo-pode-tomar-atitude-severa-apos-polemica-no-paulistao\/#respond"]}],"copyrightYear":"2025","copyrightHolder":{"@id":"https:\/\/www.gaveanews.com\/#organization"}},{"@type":"WebPage","@id":"https:\/\/www.gaveanews.com\/index.php\/2025\/03\/12\/sao-paulo-pode-tomar-atitude-severa-apos-polemica-no-paulistao\/","url":"https:\/\/www.gaveanews.com\/index.php\/2025\/03\/12\/sao-paulo-pode-tomar-atitude-severa-apos-polemica-no-paulistao\/","name":"S\u00e3o Paulo pode tomar atitude severa ap\u00f3s pol\u00eamica no Paulist\u00e3o","isPartOf":{"@id":"https:\/\/www.gaveanews.com\/#website"},"primaryImageOfPage":{"@id":"https:\/\/www.gaveanews.com\/index.php\/2025\/03\/12\/sao-paulo-pode-tomar-atitude-severa-apos-polemica-no-paulistao\/#primaryimage"},"image":{"@id":"https:\/\/www.gaveanews.com\/index.php\/2025\/03\/12\/sao-paulo-pode-tomar-atitude-severa-apos-polemica-no-paulistao\/#primaryimage"},"thumbnailUrl":"https:\/\/www.gaveanews.com\/wp-content\/uploads\/Bandeira-do-Sao-Paulo-no-Morumbis-em-2024.webp","datePublished":"2025-03-12T13:30:00+00:00","author":{"@id":"https:\/\/www.gaveanews.com\/#\/schema\/person\/2424ec6409bc3f068411fc5e4e9b6168"},"breadcrumb":{"@id":"https:\/\/www.gaveanews.com\/index.php\/2025\/03\/12\/sao-paulo-pode-tomar-atitude-severa-apos-polemica-no-paulistao\/#breadcrumb"},"inLanguage":"pt-BR","potentialAction":[{"@type":"ReadAction","target":["https:\/\/www.gaveanews.com\/index.php\/2025\/03\/12\/sao-paulo-pode-tomar-atitude-severa-apos-polemica-no-paulistao\/"]}]},{"@type":"ImageObject","inLanguage":"pt-BR","@id":"https:\/\/www.gaveanews.com\/index.php\/2025\/03\/12\/sao-paulo-pode-tomar-atitude-severa-apos-polemica-no-paulistao\/#primaryimage","url":"https:\/\/www.gaveanews.com\/wp-content\/uploads\/Bandeira-do-Sao-Paulo-no-Morumbis-em-2024.webp","contentUrl":"https:\/\/www.gaveanews.com\/wp-content\/uploads\/Bandeira-do-Sao-Paulo-no-Morumbis-em-2024.webp","width":1000,"height":667,"caption":"Bandeira do S\u00e3o Paulo no Morumbis em 2024 (Foto: Reprodu\u00e7\u00e3o\/S\u00e3o Paulo)"},{"@type":"BreadcrumbList","@id":"https:\/\/www.gaveanews.com\/index.php\/2025\/03\/12\/sao-paulo-pode-tomar-atitude-severa-apos-polemica-no-paulistao\/#breadcrumb","itemListElement":[{"@type":"ListItem","position":1,"name":"Home","item":"https:\/\/www.gaveanews.com\/"},{"@type":"ListItem","position":2,"name":"S\u00e3o Paulo pode tomar atitude severa ap\u00f3s pol\u00eamica no Paulist\u00e3o"}]},{"@type":"WebSite","@id":"https:\/\/www.gaveanews.com\/#website","url":"https:\/\/www.gaveanews.com\/","name":"G\u00e1vea News","description":"Veja todas as not\u00edcias sobre o Flamengo: Contrata\u00e7\u00f5es, categorias de base, resultados das partidas, tabela de classifica\u00e7\u00e3o, pr\u00f3ximos jogos!","potentialAction":[{"@type":"SearchAction","target":{"@type":"EntryPoint","urlTemplate":"https:\/\/www.gaveanews.com\/?s={search_term_string}"},"query-input":{"@type":"PropertyValueSpecification","valueRequired":true,"valueName":"search_term_string"}}],"inLanguage":"pt-BR"},{"@type":"Person","@id":"https:\/\/www.gaveanews.com\/#\/schema\/person\/2424ec6409bc3f068411fc5e4e9b6168","name":"Leandro Cardoso","image":{"@type":"ImageObject","inLanguage":"pt-BR","@id":"https:\/\/www.gaveanews.com\/#\/schema\/person\/image\/","url":"https:\/\/secure.gravatar.com\/avatar\/8ca179f9b55eefe9f376f5493ef25475bfa59fbc28ce937f6076ce20e523098f?s=96&d=mm&r=g","contentUrl":"https:\/\/secure.gravatar.com\/avatar\/8ca179f9b55eefe9f376f5493ef25475bfa59fbc28ce937f6076ce20e523098f?s=96&d=mm&r=g","caption":"Leandro Cardoso"}}]}},"_links":{"self":[{"href":"https:\/\/www.gaveanews.com\/index.php\/wp-json\/wp\/v2\/posts\/238873","targetHints":{"allow":["GET"]}}],"collection":[{"href":"https:\/\/www.gaveanews.com\/index.php\/wp-json\/wp\/v2\/posts"}],"about":[{"href":"https:\/\/www.gaveanews.com\/index.php\/wp-json\/wp\/v2\/types\/post"}],"author":[{"embeddable":true,"href":"https:\/\/www.gaveanews.com\/index.php\/wp-json\/wp\/v2\/users\/24"}],"replies":[{"embeddable":true,"href":"https:\/\/www.gaveanews.com\/index.php\/wp-json\/wp\/v2\/comments?post=238873"}],"version-history":[{"count":1,"href":"https:\/\/www.gaveanews.com\/index.php\/wp-json\/wp\/v2\/posts\/238873\/revisions"}],"predecessor-version":[{"id":238874,"href":"https:\/\/www.gaveanews.com\/index.php\/wp-json\/wp\/v2\/posts\/238873\/revisions\/238874"}],"wp:featuredmedia":[{"embeddable":true,"href":"https:\/\/www.gaveanews.com\/index.php\/wp-json\/wp\/v2\/media\/154249"}],"wp:attachment":[{"href":"https:\/\/www.gaveanews.com\/index.php\/wp-json\/wp\/v2\/media?parent=238873"}],"wp:term":[{"taxonomy":"category","embeddable":true,"href":"https:\/\/www.gaveanews.com\/index.php\/wp-json\/wp\/v2\/categories?post=238873"},{"taxonomy":"post_tag","embeddable":true,"href":"https:\/\/www.gaveanews.com\/index.php\/wp-json\/wp\/v2\/tags?post=238873"}],"curies":[{"name":"wp","href":"https:\/\/api.w.org\/{rel}","templated":true}]}}