{"id":238875,"date":"2025-03-12T10:35:00","date_gmt":"2025-03-12T13:35:00","guid":{"rendered":"https:\/\/www.gaveanews.com\/?p=238875"},"modified":"2025-03-12T10:23:27","modified_gmt":"2025-03-12T13:23:27","slug":"a-declaracao-de-rubens-menin-sobre-a-venda-de-paulinho","status":"publish","type":"post","link":"https:\/\/www.gaveanews.com\/index.php\/2025\/03\/12\/a-declaracao-de-rubens-menin-sobre-a-venda-de-paulinho\/","title":{"rendered":"A declara\u00e7\u00e3o de Rubens Menin sobre a venda de Paulinho"},"content":{"rendered":"\n<p>A negocia\u00e7\u00e3o de Paulinho com o Palmeiras gerou muitas rea\u00e7\u00f5es entre os torcedores do Atl\u00e9tico-MG, e o empres\u00e1rio Rubens Menin, investidor do clube, comentou sobre a transa\u00e7\u00e3o.&nbsp;<\/p>\n\n\n\n<p>Durante sua participa\u00e7\u00e3o no programa Benja Me Mucho, apresentado por Benjamin Back, Menin explicou os bastidores da venda do atacante, que pode chegar a 27 milh\u00f5es de euros (cerca de R$ 172 milh\u00f5es).<\/p>\n\n\n\n<p>\u201cAs decis\u00f5es (no Atl\u00e9tico-MG) s\u00e3o tomadas em conjunto. Tem decis\u00f5es dif\u00edceis, como vender ou n\u00e3o vender um jogador. P\u00f4, foi uma decis\u00e3o dif\u00edcil, mas a gente precisava vender. Agora, o Paulinho para o Palmeiras\u201d, revelou Menin.<\/p>\n\n\n\n<h2 class=\"wp-block-heading\" id=\"h-paulinho-recebe-elogios-e-torcedores-ficam-divididos\">Paulinho recebe elogios e torcedores ficam divididos<\/h2>\n\n\n\n<p>O atacante, que defendeu o Galo entre 2023 e 2024, foi pe\u00e7a importante na equipe. Sendo assim, sua sa\u00edda deixou uma sensa\u00e7\u00e3o mista entre a torcida.&nbsp;<\/p>\n\n\n\n<p>\u201cO Paulinho \u00e9 um cara sensacional, um profissional que encanta pela seriedade. Teve um azar, machucou um pouquinho no final, mas vai dar certo. Tor\u00e7o para ele dar certo no Palmeiras. Ao mesmo tempo, a gente quer vender o Paulinho, mas n\u00e3o quer\u201d, disse Menin, demonstrando a complexidade da decis\u00e3o.<\/p>\n\n\n\n<h2 class=\"wp-block-heading\" id=\"h-novo-modelo-de-gestao\">Novo modelo de gest\u00e3o<\/h2>\n\n\n\n<p>Al\u00e9m disso, Menin destacou a import\u00e2ncia da gest\u00e3o profissionalizada no futebol. O empres\u00e1rio citou o CIGA (Centro de Informa\u00e7\u00e3o do Galo), um departamento respons\u00e1vel por intelig\u00eancia no futebol do clube.&nbsp;<\/p>\n\n\n\n<p>\u201cFutebol hoje tem que ter gest\u00e3o. Ent\u00e3o, n\u00f3s temos no Atl\u00e9tico o CIGA, n\u00e9, que \u00e9 o nosso departamento de gest\u00e3o de intelig\u00eancia do futebol\u201d, explicou.<\/p>\n\n\n\n<p>Dessa maneira, o clube busca evitar contrata\u00e7\u00f5es baseadas apenas em opini\u00f5es de dirigentes, focando em dados e estudos detalhados.&nbsp;<\/p>\n\n\n\n<p>\u201cAcabou aquela coisa do \u2018cartol\u00e3o\u2019 esperto, que ouviu falar de um\u2026 A gente est\u00e1 trazendo um beque novinho, de 18 anos, do Chile (Ivan Roman), que o CIGA falou\u201d, completou.<\/p>\n\n\n\n<h2 class=\"wp-block-heading\" id=\"h-gestao-profissional-como-caminho-para-o-sucesso\">Gest\u00e3o profissional como caminho para o sucesso<\/h2>\n\n\n\n<p>Por isso, Menin refor\u00e7ou que o Atl\u00e9tico-MG aposta cada vez mais na tecnologia e na an\u00e1lise de desempenho para refor\u00e7ar o elenco. Com isso, o clube se estrutura para fazer contrata\u00e7\u00f5es mais seguras e minimizar riscos.<\/p>\n\n\n\n<p>Portanto, enquanto Paulinho inicia sua trajet\u00f3ria no Palmeiras, o Galo segue focado em sua estrat\u00e9gia de mercado, buscando manter a competitividade e a solidez financeira.<\/p>\n","protected":false},"excerpt":{"rendered":"<p>A negocia\u00e7\u00e3o de Paulinho com o Palmeiras gerou muitas rea\u00e7\u00f5es entre os torcedores do Atl\u00e9tico-MG, e o empres\u00e1rio Rubens Menin, investidor do clube, comentou sobre a transa\u00e7\u00e3o.&nbsp; Durante sua participa\u00e7\u00e3o no programa Benja Me Mucho, apresentado por Benjamin Back, Menin explicou os bastidores da venda do atacante, que pode chegar a 27 milh\u00f5es de euros [&hellip;]<\/p>\n","protected":false},"author":25,"featured_media":153999,"comment_status":"open","ping_status":"closed","sticky":false,"template":"","format":"standard","meta":{"footnotes":""},"categories":[136],"tags":[],"class_list":["post-238875","post","type-post","status-publish","format-standard","has-post-thumbnail","hentry","category-atletico-mg"],"yoast_head":"<!-- This site is optimized with the Yoast SEO Premium plugin v24.2 (Yoast SEO v26.9) - https:\/\/yoast.com\/product\/yoast-seo-premium-wordpress\/ -->\n<title>A declara\u00e7\u00e3o de Rubens Menin sobre a venda de Paulinho<\/title>\n<meta name=\"robots\" content=\"index, follow, max-snippet:-1, max-image-preview:large, max-video-preview:-1\" \/>\n<link rel=\"canonical\" href=\"https:\/\/www.gaveanews.com\/index.php\/2025\/03\/12\/a-declaracao-de-rubens-menin-sobre-a-venda-de-paulinho\/\" \/>\n<meta property=\"og:locale\" content=\"pt_BR\" \/>\n<meta property=\"og:type\" content=\"article\" \/>\n<meta property=\"og:title\" content=\"A declara\u00e7\u00e3o de Rubens Menin sobre a venda de Paulinho\" \/>\n<meta property=\"og:description\" content=\"A negocia\u00e7\u00e3o de Paulinho com o Palmeiras gerou muitas rea\u00e7\u00f5es entre os torcedores do Atl\u00e9tico-MG, e o empres\u00e1rio Rubens Menin, investidor do clube, comentou sobre a transa\u00e7\u00e3o.&nbsp; Durante sua participa\u00e7\u00e3o no programa Benja Me Mucho, apresentado por Benjamin Back, Menin explicou os bastidores da venda do atacante, que pode chegar a 27 milh\u00f5es de euros [&hellip;]\" \/>\n<meta property=\"og:url\" content=\"https:\/\/www.gaveanews.com\/index.php\/2025\/03\/12\/a-declaracao-de-rubens-menin-sobre-a-venda-de-paulinho\/\" \/>\n<meta property=\"og:site_name\" content=\"G\u00e1vea News\" \/>\n<meta property=\"article:publisher\" content=\"https:\/\/facebook.com\/gaveaNews\/\" \/>\n<meta property=\"article:published_time\" content=\"2025-03-12T13:35:00+00:00\" \/>\n<meta property=\"og:image\" content=\"https:\/\/www.gaveanews.com\/wp-content\/uploads\/Estadio-do-Atletico-MG.webp\" \/>\n\t<meta property=\"og:image:width\" content=\"900\" \/>\n\t<meta property=\"og:image:height\" content=\"600\" \/>\n\t<meta property=\"og:image:type\" content=\"image\/webp\" \/>\n<meta name=\"author\" content=\"Rafaela Ladeira\" \/>\n<meta name=\"twitter:card\" content=\"summary_large_image\" \/>\n<meta name=\"twitter:label1\" content=\"Escrito por\" \/>\n\t<meta name=\"twitter:data1\" content=\"Rafaela Ladeira\" \/>\n\t<meta name=\"twitter:label2\" content=\"Est. tempo de leitura\" \/>\n\t<meta name=\"twitter:data2\" content=\"3 minutos\" \/>\n<script type=\"application\/ld+json\" class=\"yoast-schema-graph\">{\"@context\":\"https:\/\/schema.org\",\"@graph\":[{\"@type\":\"NewsArticle\",\"@id\":\"https:\/\/www.gaveanews.com\/index.php\/2025\/03\/12\/a-declaracao-de-rubens-menin-sobre-a-venda-de-paulinho\/#article\",\"isPartOf\":{\"@id\":\"https:\/\/www.gaveanews.com\/index.php\/2025\/03\/12\/a-declaracao-de-rubens-menin-sobre-a-venda-de-paulinho\/\"},\"author\":{\"name\":\"Rafaela Ladeira\",\"@id\":\"https:\/\/www.gaveanews.com\/#\/schema\/person\/0eb3e3fe1754f0205218538adbe8f5ed\"},\"headline\":\"A declara\u00e7\u00e3o de Rubens Menin sobre a venda de Paulinho\",\"datePublished\":\"2025-03-12T13:35:00+00:00\",\"mainEntityOfPage\":{\"@id\":\"https:\/\/www.gaveanews.com\/index.php\/2025\/03\/12\/a-declaracao-de-rubens-menin-sobre-a-venda-de-paulinho\/\"},\"wordCount\":411,\"commentCount\":0,\"image\":{\"@id\":\"https:\/\/www.gaveanews.com\/index.php\/2025\/03\/12\/a-declaracao-de-rubens-menin-sobre-a-venda-de-paulinho\/#primaryimage\"},\"thumbnailUrl\":\"https:\/\/www.gaveanews.com\/wp-content\/uploads\/Estadio-do-Atletico-MG.webp\",\"articleSection\":[\"Atl\u00e9tico-MG\"],\"inLanguage\":\"pt-BR\",\"potentialAction\":[{\"@type\":\"CommentAction\",\"name\":\"Comment\",\"target\":[\"https:\/\/www.gaveanews.com\/index.php\/2025\/03\/12\/a-declaracao-de-rubens-menin-sobre-a-venda-de-paulinho\/#respond\"]}],\"copyrightYear\":\"2025\",\"copyrightHolder\":{\"@id\":\"https:\/\/www.gaveanews.com\/#organization\"}},{\"@type\":\"WebPage\",\"@id\":\"https:\/\/www.gaveanews.com\/index.php\/2025\/03\/12\/a-declaracao-de-rubens-menin-sobre-a-venda-de-paulinho\/\",\"url\":\"https:\/\/www.gaveanews.com\/index.php\/2025\/03\/12\/a-declaracao-de-rubens-menin-sobre-a-venda-de-paulinho\/\",\"name\":\"A declara\u00e7\u00e3o de Rubens Menin sobre a venda de Paulinho\",\"isPartOf\":{\"@id\":\"https:\/\/www.gaveanews.com\/#website\"},\"primaryImageOfPage\":{\"@id\":\"https:\/\/www.gaveanews.com\/index.php\/2025\/03\/12\/a-declaracao-de-rubens-menin-sobre-a-venda-de-paulinho\/#primaryimage\"},\"image\":{\"@id\":\"https:\/\/www.gaveanews.com\/index.php\/2025\/03\/12\/a-declaracao-de-rubens-menin-sobre-a-venda-de-paulinho\/#primaryimage\"},\"thumbnailUrl\":\"https:\/\/www.gaveanews.com\/wp-content\/uploads\/Estadio-do-Atletico-MG.webp\",\"datePublished\":\"2025-03-12T13:35:00+00:00\",\"author\":{\"@id\":\"https:\/\/www.gaveanews.com\/#\/schema\/person\/0eb3e3fe1754f0205218538adbe8f5ed\"},\"breadcrumb\":{\"@id\":\"https:\/\/www.gaveanews.com\/index.php\/2025\/03\/12\/a-declaracao-de-rubens-menin-sobre-a-venda-de-paulinho\/#breadcrumb\"},\"inLanguage\":\"pt-BR\",\"potentialAction\":[{\"@type\":\"ReadAction\",\"target\":[\"https:\/\/www.gaveanews.com\/index.php\/2025\/03\/12\/a-declaracao-de-rubens-menin-sobre-a-venda-de-paulinho\/\"]}]},{\"@type\":\"ImageObject\",\"inLanguage\":\"pt-BR\",\"@id\":\"https:\/\/www.gaveanews.com\/index.php\/2025\/03\/12\/a-declaracao-de-rubens-menin-sobre-a-venda-de-paulinho\/#primaryimage\",\"url\":\"https:\/\/www.gaveanews.com\/wp-content\/uploads\/Estadio-do-Atletico-MG.webp\",\"contentUrl\":\"https:\/\/www.gaveanews.com\/wp-content\/uploads\/Estadio-do-Atletico-MG.webp\",\"width\":900,\"height\":600,\"caption\":\"Arena MRV, est\u00e1dio do Atl\u00e9tico-MG (Foto: Reprodu\u00e7\u00e3o\/Atl\u00e9tico)\"},{\"@type\":\"BreadcrumbList\",\"@id\":\"https:\/\/www.gaveanews.com\/index.php\/2025\/03\/12\/a-declaracao-de-rubens-menin-sobre-a-venda-de-paulinho\/#breadcrumb\",\"itemListElement\":[{\"@type\":\"ListItem\",\"position\":1,\"name\":\"Home\",\"item\":\"https:\/\/www.gaveanews.com\/\"},{\"@type\":\"ListItem\",\"position\":2,\"name\":\"A declara\u00e7\u00e3o de Rubens Menin sobre a venda de Paulinho\"}]},{\"@type\":\"WebSite\",\"@id\":\"https:\/\/www.gaveanews.com\/#website\",\"url\":\"https:\/\/www.gaveanews.com\/\",\"name\":\"G\u00e1vea News\",\"description\":\"Veja todas as not\u00edcias sobre o Flamengo: Contrata\u00e7\u00f5es, categorias de base, resultados das partidas, tabela de classifica\u00e7\u00e3o, pr\u00f3ximos jogos!\",\"potentialAction\":[{\"@type\":\"SearchAction\",\"target\":{\"@type\":\"EntryPoint\",\"urlTemplate\":\"https:\/\/www.gaveanews.com\/?s={search_term_string}\"},\"query-input\":{\"@type\":\"PropertyValueSpecification\",\"valueRequired\":true,\"valueName\":\"search_term_string\"}}],\"inLanguage\":\"pt-BR\"},{\"@type\":\"Person\",\"@id\":\"https:\/\/www.gaveanews.com\/#\/schema\/person\/0eb3e3fe1754f0205218538adbe8f5ed\",\"name\":\"Rafaela Ladeira\",\"image\":{\"@type\":\"ImageObject\",\"inLanguage\":\"pt-BR\",\"@id\":\"https:\/\/www.gaveanews.com\/#\/schema\/person\/image\/\",\"url\":\"https:\/\/secure.gravatar.com\/avatar\/c31f513acffd85eacab5730cbdfdbbf59f21ba5aeada8cd890acea879fbb2455?s=96&d=mm&r=g\",\"contentUrl\":\"https:\/\/secure.gravatar.com\/avatar\/c31f513acffd85eacab5730cbdfdbbf59f21ba5aeada8cd890acea879fbb2455?s=96&d=mm&r=g\",\"caption\":\"Rafaela Ladeira\"}}]}<\/script>\n<!-- \/ Yoast SEO Premium plugin. -->","yoast_head_json":{"title":"A declara\u00e7\u00e3o de Rubens Menin sobre a venda de Paulinho","robots":{"index":"index","follow":"follow","max-snippet":"max-snippet:-1","max-image-preview":"max-image-preview:large","max-video-preview":"max-video-preview:-1"},"canonical":"https:\/\/www.gaveanews.com\/index.php\/2025\/03\/12\/a-declaracao-de-rubens-menin-sobre-a-venda-de-paulinho\/","og_locale":"pt_BR","og_type":"article","og_title":"A declara\u00e7\u00e3o de Rubens Menin sobre a venda de Paulinho","og_description":"A negocia\u00e7\u00e3o de Paulinho com o Palmeiras gerou muitas rea\u00e7\u00f5es entre os torcedores do Atl\u00e9tico-MG, e o empres\u00e1rio Rubens Menin, investidor do clube, comentou sobre a transa\u00e7\u00e3o.&nbsp; Durante sua participa\u00e7\u00e3o no programa Benja Me Mucho, apresentado por Benjamin Back, Menin explicou os bastidores da venda do atacante, que pode chegar a 27 milh\u00f5es de euros [&hellip;]","og_url":"https:\/\/www.gaveanews.com\/index.php\/2025\/03\/12\/a-declaracao-de-rubens-menin-sobre-a-venda-de-paulinho\/","og_site_name":"G\u00e1vea News","article_publisher":"https:\/\/facebook.com\/gaveaNews\/","article_published_time":"2025-03-12T13:35:00+00:00","og_image":[{"width":900,"height":600,"url":"https:\/\/www.gaveanews.com\/wp-content\/uploads\/Estadio-do-Atletico-MG.webp","type":"image\/webp"}],"author":"Rafaela Ladeira","twitter_card":"summary_large_image","twitter_misc":{"Escrito por":"Rafaela Ladeira","Est. tempo de leitura":"3 minutos"},"schema":{"@context":"https:\/\/schema.org","@graph":[{"@type":"NewsArticle","@id":"https:\/\/www.gaveanews.com\/index.php\/2025\/03\/12\/a-declaracao-de-rubens-menin-sobre-a-venda-de-paulinho\/#article","isPartOf":{"@id":"https:\/\/www.gaveanews.com\/index.php\/2025\/03\/12\/a-declaracao-de-rubens-menin-sobre-a-venda-de-paulinho\/"},"author":{"name":"Rafaela Ladeira","@id":"https:\/\/www.gaveanews.com\/#\/schema\/person\/0eb3e3fe1754f0205218538adbe8f5ed"},"headline":"A declara\u00e7\u00e3o de Rubens Menin sobre a venda de Paulinho","datePublished":"2025-03-12T13:35:00+00:00","mainEntityOfPage":{"@id":"https:\/\/www.gaveanews.com\/index.php\/2025\/03\/12\/a-declaracao-de-rubens-menin-sobre-a-venda-de-paulinho\/"},"wordCount":411,"commentCount":0,"image":{"@id":"https:\/\/www.gaveanews.com\/index.php\/2025\/03\/12\/a-declaracao-de-rubens-menin-sobre-a-venda-de-paulinho\/#primaryimage"},"thumbnailUrl":"https:\/\/www.gaveanews.com\/wp-content\/uploads\/Estadio-do-Atletico-MG.webp","articleSection":["Atl\u00e9tico-MG"],"inLanguage":"pt-BR","potentialAction":[{"@type":"CommentAction","name":"Comment","target":["https:\/\/www.gaveanews.com\/index.php\/2025\/03\/12\/a-declaracao-de-rubens-menin-sobre-a-venda-de-paulinho\/#respond"]}],"copyrightYear":"2025","copyrightHolder":{"@id":"https:\/\/www.gaveanews.com\/#organization"}},{"@type":"WebPage","@id":"https:\/\/www.gaveanews.com\/index.php\/2025\/03\/12\/a-declaracao-de-rubens-menin-sobre-a-venda-de-paulinho\/","url":"https:\/\/www.gaveanews.com\/index.php\/2025\/03\/12\/a-declaracao-de-rubens-menin-sobre-a-venda-de-paulinho\/","name":"A declara\u00e7\u00e3o de Rubens Menin sobre a venda de Paulinho","isPartOf":{"@id":"https:\/\/www.gaveanews.com\/#website"},"primaryImageOfPage":{"@id":"https:\/\/www.gaveanews.com\/index.php\/2025\/03\/12\/a-declaracao-de-rubens-menin-sobre-a-venda-de-paulinho\/#primaryimage"},"image":{"@id":"https:\/\/www.gaveanews.com\/index.php\/2025\/03\/12\/a-declaracao-de-rubens-menin-sobre-a-venda-de-paulinho\/#primaryimage"},"thumbnailUrl":"https:\/\/www.gaveanews.com\/wp-content\/uploads\/Estadio-do-Atletico-MG.webp","datePublished":"2025-03-12T13:35:00+00:00","author":{"@id":"https:\/\/www.gaveanews.com\/#\/schema\/person\/0eb3e3fe1754f0205218538adbe8f5ed"},"breadcrumb":{"@id":"https:\/\/www.gaveanews.com\/index.php\/2025\/03\/12\/a-declaracao-de-rubens-menin-sobre-a-venda-de-paulinho\/#breadcrumb"},"inLanguage":"pt-BR","potentialAction":[{"@type":"ReadAction","target":["https:\/\/www.gaveanews.com\/index.php\/2025\/03\/12\/a-declaracao-de-rubens-menin-sobre-a-venda-de-paulinho\/"]}]},{"@type":"ImageObject","inLanguage":"pt-BR","@id":"https:\/\/www.gaveanews.com\/index.php\/2025\/03\/12\/a-declaracao-de-rubens-menin-sobre-a-venda-de-paulinho\/#primaryimage","url":"https:\/\/www.gaveanews.com\/wp-content\/uploads\/Estadio-do-Atletico-MG.webp","contentUrl":"https:\/\/www.gaveanews.com\/wp-content\/uploads\/Estadio-do-Atletico-MG.webp","width":900,"height":600,"caption":"Arena MRV, est\u00e1dio do Atl\u00e9tico-MG (Foto: Reprodu\u00e7\u00e3o\/Atl\u00e9tico)"},{"@type":"BreadcrumbList","@id":"https:\/\/www.gaveanews.com\/index.php\/2025\/03\/12\/a-declaracao-de-rubens-menin-sobre-a-venda-de-paulinho\/#breadcrumb","itemListElement":[{"@type":"ListItem","position":1,"name":"Home","item":"https:\/\/www.gaveanews.com\/"},{"@type":"ListItem","position":2,"name":"A declara\u00e7\u00e3o de Rubens Menin sobre a venda de Paulinho"}]},{"@type":"WebSite","@id":"https:\/\/www.gaveanews.com\/#website","url":"https:\/\/www.gaveanews.com\/","name":"G\u00e1vea News","description":"Veja todas as not\u00edcias sobre o Flamengo: Contrata\u00e7\u00f5es, categorias de base, resultados das partidas, tabela de classifica\u00e7\u00e3o, pr\u00f3ximos jogos!","potentialAction":[{"@type":"SearchAction","target":{"@type":"EntryPoint","urlTemplate":"https:\/\/www.gaveanews.com\/?s={search_term_string}"},"query-input":{"@type":"PropertyValueSpecification","valueRequired":true,"valueName":"search_term_string"}}],"inLanguage":"pt-BR"},{"@type":"Person","@id":"https:\/\/www.gaveanews.com\/#\/schema\/person\/0eb3e3fe1754f0205218538adbe8f5ed","name":"Rafaela Ladeira","image":{"@type":"ImageObject","inLanguage":"pt-BR","@id":"https:\/\/www.gaveanews.com\/#\/schema\/person\/image\/","url":"https:\/\/secure.gravatar.com\/avatar\/c31f513acffd85eacab5730cbdfdbbf59f21ba5aeada8cd890acea879fbb2455?s=96&d=mm&r=g","contentUrl":"https:\/\/secure.gravatar.com\/avatar\/c31f513acffd85eacab5730cbdfdbbf59f21ba5aeada8cd890acea879fbb2455?s=96&d=mm&r=g","caption":"Rafaela Ladeira"}}]}},"_links":{"self":[{"href":"https:\/\/www.gaveanews.com\/index.php\/wp-json\/wp\/v2\/posts\/238875","targetHints":{"allow":["GET"]}}],"collection":[{"href":"https:\/\/www.gaveanews.com\/index.php\/wp-json\/wp\/v2\/posts"}],"about":[{"href":"https:\/\/www.gaveanews.com\/index.php\/wp-json\/wp\/v2\/types\/post"}],"author":[{"embeddable":true,"href":"https:\/\/www.gaveanews.com\/index.php\/wp-json\/wp\/v2\/users\/25"}],"replies":[{"embeddable":true,"href":"https:\/\/www.gaveanews.com\/index.php\/wp-json\/wp\/v2\/comments?post=238875"}],"version-history":[{"count":1,"href":"https:\/\/www.gaveanews.com\/index.php\/wp-json\/wp\/v2\/posts\/238875\/revisions"}],"predecessor-version":[{"id":238878,"href":"https:\/\/www.gaveanews.com\/index.php\/wp-json\/wp\/v2\/posts\/238875\/revisions\/238878"}],"wp:featuredmedia":[{"embeddable":true,"href":"https:\/\/www.gaveanews.com\/index.php\/wp-json\/wp\/v2\/media\/153999"}],"wp:attachment":[{"href":"https:\/\/www.gaveanews.com\/index.php\/wp-json\/wp\/v2\/media?parent=238875"}],"wp:term":[{"taxonomy":"category","embeddable":true,"href":"https:\/\/www.gaveanews.com\/index.php\/wp-json\/wp\/v2\/categories?post=238875"},{"taxonomy":"post_tag","embeddable":true,"href":"https:\/\/www.gaveanews.com\/index.php\/wp-json\/wp\/v2\/tags?post=238875"}],"curies":[{"name":"wp","href":"https:\/\/api.w.org\/{rel}","templated":true}]}}